{"id":118287,"date":"2026-04-27T10:31:57","date_gmt":"2026-04-27T13:31:57","guid":{"rendered":"https:\/\/aldiachaco.com.ar\/?p=118287"},"modified":"2026-04-27T10:31:57","modified_gmt":"2026-04-27T13:31:57","slug":"una-broma-de-redes-sociales-movilizo-a-la-policia-por-una-falsa-amenaza-de-tiroteo-escolar-en-la-tigra","status":"publish","type":"post","link":"https:\/\/aldiachaco.com.ar\/index.php\/2026\/04\/27\/una-broma-de-redes-sociales-movilizo-a-la-policia-por-una-falsa-amenaza-de-tiroteo-escolar-en-la-tigra\/","title":{"rendered":"Una broma de redes sociales moviliz\u00f3 a la Polic\u00eda por una falsa amenaza de tiroteo escolar en La Tigra"},"content":{"rendered":"<p class=\"ds-markdown-paragraph\">Lo que comenz\u00f3 como una serie de mensajes intimidatorios en redes sociales y grafitis en un colegio de La Tigra, termin\u00f3 esclarecido luego de que se confirmara que el &#8220;arma&#8221; utilizada para las amenazas era de juguete. La alerta se encendi\u00f3 el pasado mi\u00e9rcoles, cuando se viraliz\u00f3 en WhatsApp la foto de una adolescente de 17 a\u00f1os portando lo que parec\u00eda ser una pistola 9mm, acompa\u00f1ada por la frase: &#8220;Arranquen entonces, ma\u00f1ana corta&#8221;.<\/p>\n<p class=\"ds-markdown-paragraph\">Casi en paralelo, en los ba\u00f1os de la Escuela Secundaria N\u00b0 34 se hall\u00f3 un escrito que advert\u00eda sobre un presunto tiroteo, alegando que la autora ten\u00eda acceso a armas porque su padre era polic\u00eda. Ante la gravedad de la situaci\u00f3n, la Fiscal\u00eda de Investigaci\u00f3n N\u00b0 4 de S\u00e1enz Pe\u00f1a, a cargo del doctor Gustavo Valero, inici\u00f3 actuaciones de oficio por &#8220;Supuesta Intimidaci\u00f3n P\u00fablica&#8221;.<\/p>\n<p class=\"ds-markdown-paragraph\">Las primeras investigaciones descartaron que la joven tuviera familiares en la fuerza, confirmando que su familia, recientemente llegada desde Rosario, se dedica a tareas jornaleras. Este viernes al mediod\u00eda, un vecino de la localidad se present\u00f3 voluntariamente en la comisar\u00eda junto a su hijo de 17 a\u00f1os. El menor explic\u00f3 que \u00e9l era el due\u00f1o del objeto de la fotograf\u00eda: una r\u00e9plica de juguete, marca Lishang, que su prima hab\u00eda utilizado para posar en la imagen viralizada.<\/p>\n<p class=\"ds-markdown-paragraph\">El padre del joven hizo entrega voluntaria del juguete, el cual fue secuestrado por las autoridades. Por disposici\u00f3n del magistrado interviniente, se recepcion\u00f3 la declaraci\u00f3n correspondiente al menor en presencia de su progenitor, mientras se mantienen los dispositivos de seguridad preventivos en la zona escolar para llevar tranquilidad a la comunidad educativa.<\/p>\n","protected":false},"excerpt":{"rendered":"<p>Lo que comenz\u00f3 como una serie de mensajes intimidatorios en redes sociales y grafitis en un colegio de La Tigra, termin\u00f3 esclarecido luego de que se confirmara que el &#8220;arma&#8221; utilizada para las amenazas era de juguete. La alerta se encendi\u00f3 el pasado mi\u00e9rcoles, cuando se viraliz\u00f3 en WhatsApp la foto de una adolescente de &hellip;<\/p>\n","protected":false},"author":9,"featured_media":118288,"comment_status":"open","ping_status":"open","sticky":false,"template":"","format":"standard","meta":{"content-type":"","_monsterinsights_skip_tracking":false,"_monsterinsights_sitenote_active":false,"_monsterinsights_sitenote_note":"","_monsterinsights_sitenote_category":0,"_jetpack_memberships_contains_paid_content":false,"footnotes":"","jetpack_publicize_message":"","jetpack_publicize_feature_enabled":true,"jetpack_social_post_already_shared":true,"jetpack_social_options":{"image_generator_settings":{"template":"highway","default_image_id":0,"font":"","enabled":false},"version":2}},"categories":[67,86],"tags":[],"class_list":["post-118287","post","type-post","status-publish","format-standard","has-post-thumbnail","hentry","category-chaco","category-policiales"],"yoast_head":"<!-- This site is optimized with the Yoast SEO plugin v27.4 - https:\/\/yoast.com\/product\/yoast-seo-wordpress\/ -->\n<title>Una broma de redes sociales moviliz\u00f3 a la Polic\u00eda por una falsa amenaza de tiroteo escolar en La Tigra | Al Dia Chaco<\/title>\n<meta name=\"robots\" content=\"index, follow, max-snippet:-1, max-image-preview:large, max-video-preview:-1\" \/>\n<link rel=\"canonical\" href=\"https:\/\/aldiachaco.com.ar\/index.php\/2026\/04\/27\/una-broma-de-redes-sociales-movilizo-a-la-policia-por-una-falsa-amenaza-de-tiroteo-escolar-en-la-tigra\/\" \/>\n<meta property=\"og:locale\" content=\"es_ES\" \/>\n<meta property=\"og:type\" content=\"article\" \/>\n<meta property=\"og:title\" content=\"Una broma de redes sociales moviliz\u00f3 a la Polic\u00eda por una falsa amenaza de tiroteo escolar en La Tigra | Al Dia Chaco\" \/>\n<meta property=\"og:description\" content=\"Lo que comenz\u00f3 como una serie de mensajes intimidatorios en redes sociales y grafitis en un colegio de La Tigra, termin\u00f3 esclarecido luego de que se confirmara que el &#8220;arma&#8221; utilizada para las amenazas era de juguete. La alerta se encendi\u00f3 el pasado mi\u00e9rcoles, cuando se viraliz\u00f3 en WhatsApp la foto de una adolescente de &hellip;\" \/>\n<meta property=\"og:url\" content=\"https:\/\/aldiachaco.com.ar\/index.php\/2026\/04\/27\/una-broma-de-redes-sociales-movilizo-a-la-policia-por-una-falsa-amenaza-de-tiroteo-escolar-en-la-tigra\/\" \/>\n<meta property=\"og:site_name\" content=\"Al Dia Chaco\" \/>\n<meta property=\"article:published_time\" content=\"2026-04-27T13:31:57+00:00\" \/>\n<meta property=\"og:image\" content=\"https:\/\/aldiachaco.com.ar\/wp-content\/uploads\/2026\/04\/2704TIGRA.jpeg\" \/>\n\t<meta property=\"og:image:width\" content=\"1599\" \/>\n\t<meta property=\"og:image:height\" content=\"1154\" \/>\n\t<meta property=\"og:image:type\" content=\"image\/jpeg\" \/>\n<meta name=\"author\" content=\"RedaccionRM\" \/>\n<meta name=\"twitter:card\" content=\"summary_large_image\" \/>\n<meta name=\"twitter:label1\" content=\"Escrito por\" \/>\n\t<meta name=\"twitter:data1\" content=\"RedaccionRM\" \/>\n\t<meta name=\"twitter:label2\" content=\"Tiempo de lectura\" \/>\n\t<meta name=\"twitter:data2\" content=\"2 minutos\" \/>\n<script type=\"application\/ld+json\" class=\"yoast-schema-graph\">{\"@context\":\"https:\\\/\\\/schema.org\",\"@graph\":[{\"@type\":\"Article\",\"@id\":\"https:\\\/\\\/aldiachaco.com.ar\\\/index.php\\\/2026\\\/04\\\/27\\\/una-broma-de-redes-sociales-movilizo-a-la-policia-por-una-falsa-amenaza-de-tiroteo-escolar-en-la-tigra\\\/#article\",\"isPartOf\":{\"@id\":\"https:\\\/\\\/aldiachaco.com.ar\\\/index.php\\\/2026\\\/04\\\/27\\\/una-broma-de-redes-sociales-movilizo-a-la-policia-por-una-falsa-amenaza-de-tiroteo-escolar-en-la-tigra\\\/\"},\"author\":{\"name\":\"RedaccionRM\",\"@id\":\"https:\\\/\\\/aldiachaco.com.ar\\\/#\\\/schema\\\/person\\\/b24e975af8022082f5889a7a7299e962\"},\"headline\":\"Una broma de redes sociales moviliz\u00f3 a la Polic\u00eda por una falsa amenaza de tiroteo escolar en La Tigra\",\"datePublished\":\"2026-04-27T13:31:57+00:00\",\"mainEntityOfPage\":{\"@id\":\"https:\\\/\\\/aldiachaco.com.ar\\\/index.php\\\/2026\\\/04\\\/27\\\/una-broma-de-redes-sociales-movilizo-a-la-policia-por-una-falsa-amenaza-de-tiroteo-escolar-en-la-tigra\\\/\"},\"wordCount\":307,\"commentCount\":0,\"publisher\":{\"@id\":\"https:\\\/\\\/aldiachaco.com.ar\\\/#organization\"},\"image\":{\"@id\":\"https:\\\/\\\/aldiachaco.com.ar\\\/index.php\\\/2026\\\/04\\\/27\\\/una-broma-de-redes-sociales-movilizo-a-la-policia-por-una-falsa-amenaza-de-tiroteo-escolar-en-la-tigra\\\/#primaryimage\"},\"thumbnailUrl\":\"https:\\\/\\\/aldiachaco.com.ar\\\/wp-content\\\/uploads\\\/2026\\\/04\\\/2704TIGRA.jpeg\",\"articleSection\":[\"Chaco\",\"Policiales\"],\"inLanguage\":\"es-AR\",\"potentialAction\":[{\"@type\":\"CommentAction\",\"name\":\"Comment\",\"target\":[\"https:\\\/\\\/aldiachaco.com.ar\\\/index.php\\\/2026\\\/04\\\/27\\\/una-broma-de-redes-sociales-movilizo-a-la-policia-por-una-falsa-amenaza-de-tiroteo-escolar-en-la-tigra\\\/#respond\"]}]},{\"@type\":\"WebPage\",\"@id\":\"https:\\\/\\\/aldiachaco.com.ar\\\/index.php\\\/2026\\\/04\\\/27\\\/una-broma-de-redes-sociales-movilizo-a-la-policia-por-una-falsa-amenaza-de-tiroteo-escolar-en-la-tigra\\\/\",\"url\":\"https:\\\/\\\/aldiachaco.com.ar\\\/index.php\\\/2026\\\/04\\\/27\\\/una-broma-de-redes-sociales-movilizo-a-la-policia-por-una-falsa-amenaza-de-tiroteo-escolar-en-la-tigra\\\/\",\"name\":\"Una broma de redes sociales moviliz\u00f3 a la Polic\u00eda por una falsa amenaza de tiroteo escolar en La Tigra | Al Dia Chaco\",\"isPartOf\":{\"@id\":\"https:\\\/\\\/aldiachaco.com.ar\\\/#website\"},\"primaryImageOfPage\":{\"@id\":\"https:\\\/\\\/aldiachaco.com.ar\\\/index.php\\\/2026\\\/04\\\/27\\\/una-broma-de-redes-sociales-movilizo-a-la-policia-por-una-falsa-amenaza-de-tiroteo-escolar-en-la-tigra\\\/#primaryimage\"},\"image\":{\"@id\":\"https:\\\/\\\/aldiachaco.com.ar\\\/index.php\\\/2026\\\/04\\\/27\\\/una-broma-de-redes-sociales-movilizo-a-la-policia-por-una-falsa-amenaza-de-tiroteo-escolar-en-la-tigra\\\/#primaryimage\"},\"thumbnailUrl\":\"https:\\\/\\\/aldiachaco.com.ar\\\/wp-content\\\/uploads\\\/2026\\\/04\\\/2704TIGRA.jpeg\",\"datePublished\":\"2026-04-27T13:31:57+00:00\",\"breadcrumb\":{\"@id\":\"https:\\\/\\\/aldiachaco.com.ar\\\/index.php\\\/2026\\\/04\\\/27\\\/una-broma-de-redes-sociales-movilizo-a-la-policia-por-una-falsa-amenaza-de-tiroteo-escolar-en-la-tigra\\\/#breadcrumb\"},\"inLanguage\":\"es-AR\",\"potentialAction\":[{\"@type\":\"ReadAction\",\"target\":[\"https:\\\/\\\/aldiachaco.com.ar\\\/index.php\\\/2026\\\/04\\\/27\\\/una-broma-de-redes-sociales-movilizo-a-la-policia-por-una-falsa-amenaza-de-tiroteo-escolar-en-la-tigra\\\/\"]}]},{\"@type\":\"ImageObject\",\"inLanguage\":\"es-AR\",\"@id\":\"https:\\\/\\\/aldiachaco.com.ar\\\/index.php\\\/2026\\\/04\\\/27\\\/una-broma-de-redes-sociales-movilizo-a-la-policia-por-una-falsa-amenaza-de-tiroteo-escolar-en-la-tigra\\\/#primaryimage\",\"url\":\"https:\\\/\\\/aldiachaco.com.ar\\\/wp-content\\\/uploads\\\/2026\\\/04\\\/2704TIGRA.jpeg\",\"contentUrl\":\"https:\\\/\\\/aldiachaco.com.ar\\\/wp-content\\\/uploads\\\/2026\\\/04\\\/2704TIGRA.jpeg\",\"width\":1599,\"height\":1154},{\"@type\":\"BreadcrumbList\",\"@id\":\"https:\\\/\\\/aldiachaco.com.ar\\\/index.php\\\/2026\\\/04\\\/27\\\/una-broma-de-redes-sociales-movilizo-a-la-policia-por-una-falsa-amenaza-de-tiroteo-escolar-en-la-tigra\\\/#breadcrumb\",\"itemListElement\":[{\"@type\":\"ListItem\",\"position\":1,\"name\":\"Home\",\"item\":\"https:\\\/\\\/aldiachaco.com.ar\\\/\"},{\"@type\":\"ListItem\",\"position\":2,\"name\":\"Una broma de redes sociales moviliz\u00f3 a la Polic\u00eda por una falsa amenaza de tiroteo escolar en La Tigra\"}]},{\"@type\":\"WebSite\",\"@id\":\"https:\\\/\\\/aldiachaco.com.ar\\\/#website\",\"url\":\"https:\\\/\\\/aldiachaco.com.ar\\\/\",\"name\":\"Al Dia Chaco\",\"description\":\"Noticias del Chaco y el mundo\",\"publisher\":{\"@id\":\"https:\\\/\\\/aldiachaco.com.ar\\\/#organization\"},\"alternateName\":\"Al D\u00eda Chaco\",\"potentialAction\":[{\"@type\":\"SearchAction\",\"target\":{\"@type\":\"EntryPoint\",\"urlTemplate\":\"https:\\\/\\\/aldiachaco.com.ar\\\/?s={search_term_string}\"},\"query-input\":{\"@type\":\"PropertyValueSpecification\",\"valueRequired\":true,\"valueName\":\"search_term_string\"}}],\"inLanguage\":\"es-AR\"},{\"@type\":\"Organization\",\"@id\":\"https:\\\/\\\/aldiachaco.com.ar\\\/#organization\",\"name\":\"Al Dia Chaco\",\"url\":\"https:\\\/\\\/aldiachaco.com.ar\\\/\",\"logo\":{\"@type\":\"ImageObject\",\"inLanguage\":\"es-AR\",\"@id\":\"https:\\\/\\\/aldiachaco.com.ar\\\/#\\\/schema\\\/logo\\\/image\\\/\",\"url\":\"https:\\\/\\\/aldiachaco.com.ar\\\/wp-content\\\/uploads\\\/2017\\\/11\\\/AL-DIA-CHACO-L@2x.png\",\"contentUrl\":\"https:\\\/\\\/aldiachaco.com.ar\\\/wp-content\\\/uploads\\\/2017\\\/11\\\/AL-DIA-CHACO-L@2x.png\",\"width\":232,\"height\":60,\"caption\":\"Al Dia Chaco\"},\"image\":{\"@id\":\"https:\\\/\\\/aldiachaco.com.ar\\\/#\\\/schema\\\/logo\\\/image\\\/\"}},{\"@type\":\"Person\",\"@id\":\"https:\\\/\\\/aldiachaco.com.ar\\\/#\\\/schema\\\/person\\\/b24e975af8022082f5889a7a7299e962\",\"name\":\"RedaccionRM\",\"image\":{\"@type\":\"ImageObject\",\"inLanguage\":\"es-AR\",\"@id\":\"https:\\\/\\\/aldiachaco.com.ar\\\/wp-content\\\/litespeed\\\/avatar\\\/a30118fcb7a6295303f1c91164c6aba1.jpg?ver=1776734264\",\"url\":\"https:\\\/\\\/aldiachaco.com.ar\\\/wp-content\\\/litespeed\\\/avatar\\\/a30118fcb7a6295303f1c91164c6aba1.jpg?ver=1776734264\",\"contentUrl\":\"https:\\\/\\\/aldiachaco.com.ar\\\/wp-content\\\/litespeed\\\/avatar\\\/a30118fcb7a6295303f1c91164c6aba1.jpg?ver=1776734264\",\"caption\":\"RedaccionRM\"},\"url\":\"https:\\\/\\\/aldiachaco.com.ar\\\/index.php\\\/author\\\/redaccionrm\\\/\"}]}<\/script>\n<!-- \/ Yoast SEO plugin. -->","yoast_head_json":{"title":"Una broma de redes sociales moviliz\u00f3 a la Polic\u00eda por una falsa amenaza de tiroteo escolar en La Tigra | Al Dia Chaco","robots":{"index":"index","follow":"follow","max-snippet":"max-snippet:-1","max-image-preview":"max-image-preview:large","max-video-preview":"max-video-preview:-1"},"canonical":"https:\/\/aldiachaco.com.ar\/index.php\/2026\/04\/27\/una-broma-de-redes-sociales-movilizo-a-la-policia-por-una-falsa-amenaza-de-tiroteo-escolar-en-la-tigra\/","og_locale":"es_ES","og_type":"article","og_title":"Una broma de redes sociales moviliz\u00f3 a la Polic\u00eda por una falsa amenaza de tiroteo escolar en La Tigra | Al Dia Chaco","og_description":"Lo que comenz\u00f3 como una serie de mensajes intimidatorios en redes sociales y grafitis en un colegio de La Tigra, termin\u00f3 esclarecido luego de que se confirmara que el &#8220;arma&#8221; utilizada para las amenazas era de juguete. La alerta se encendi\u00f3 el pasado mi\u00e9rcoles, cuando se viraliz\u00f3 en WhatsApp la foto de una adolescente de &hellip;","og_url":"https:\/\/aldiachaco.com.ar\/index.php\/2026\/04\/27\/una-broma-de-redes-sociales-movilizo-a-la-policia-por-una-falsa-amenaza-de-tiroteo-escolar-en-la-tigra\/","og_site_name":"Al Dia Chaco","article_published_time":"2026-04-27T13:31:57+00:00","og_image":[{"width":1599,"height":1154,"url":"https:\/\/aldiachaco.com.ar\/wp-content\/uploads\/2026\/04\/2704TIGRA.jpeg","type":"image\/jpeg"}],"author":"RedaccionRM","twitter_card":"summary_large_image","twitter_misc":{"Escrito por":"RedaccionRM","Tiempo de lectura":"2 minutos"},"schema":{"@context":"https:\/\/schema.org","@graph":[{"@type":"Article","@id":"https:\/\/aldiachaco.com.ar\/index.php\/2026\/04\/27\/una-broma-de-redes-sociales-movilizo-a-la-policia-por-una-falsa-amenaza-de-tiroteo-escolar-en-la-tigra\/#article","isPartOf":{"@id":"https:\/\/aldiachaco.com.ar\/index.php\/2026\/04\/27\/una-broma-de-redes-sociales-movilizo-a-la-policia-por-una-falsa-amenaza-de-tiroteo-escolar-en-la-tigra\/"},"author":{"name":"RedaccionRM","@id":"https:\/\/aldiachaco.com.ar\/#\/schema\/person\/b24e975af8022082f5889a7a7299e962"},"headline":"Una broma de redes sociales moviliz\u00f3 a la Polic\u00eda por una falsa amenaza de tiroteo escolar en La Tigra","datePublished":"2026-04-27T13:31:57+00:00","mainEntityOfPage":{"@id":"https:\/\/aldiachaco.com.ar\/index.php\/2026\/04\/27\/una-broma-de-redes-sociales-movilizo-a-la-policia-por-una-falsa-amenaza-de-tiroteo-escolar-en-la-tigra\/"},"wordCount":307,"commentCount":0,"publisher":{"@id":"https:\/\/aldiachaco.com.ar\/#organization"},"image":{"@id":"https:\/\/aldiachaco.com.ar\/index.php\/2026\/04\/27\/una-broma-de-redes-sociales-movilizo-a-la-policia-por-una-falsa-amenaza-de-tiroteo-escolar-en-la-tigra\/#primaryimage"},"thumbnailUrl":"https:\/\/aldiachaco.com.ar\/wp-content\/uploads\/2026\/04\/2704TIGRA.jpeg","articleSection":["Chaco","Policiales"],"inLanguage":"es-AR","potentialAction":[{"@type":"CommentAction","name":"Comment","target":["https:\/\/aldiachaco.com.ar\/index.php\/2026\/04\/27\/una-broma-de-redes-sociales-movilizo-a-la-policia-por-una-falsa-amenaza-de-tiroteo-escolar-en-la-tigra\/#respond"]}]},{"@type":"WebPage","@id":"https:\/\/aldiachaco.com.ar\/index.php\/2026\/04\/27\/una-broma-de-redes-sociales-movilizo-a-la-policia-por-una-falsa-amenaza-de-tiroteo-escolar-en-la-tigra\/","url":"https:\/\/aldiachaco.com.ar\/index.php\/2026\/04\/27\/una-broma-de-redes-sociales-movilizo-a-la-policia-por-una-falsa-amenaza-de-tiroteo-escolar-en-la-tigra\/","name":"Una broma de redes sociales moviliz\u00f3 a la Polic\u00eda por una falsa amenaza de tiroteo escolar en La Tigra | Al Dia Chaco","isPartOf":{"@id":"https:\/\/aldiachaco.com.ar\/#website"},"primaryImageOfPage":{"@id":"https:\/\/aldiachaco.com.ar\/index.php\/2026\/04\/27\/una-broma-de-redes-sociales-movilizo-a-la-policia-por-una-falsa-amenaza-de-tiroteo-escolar-en-la-tigra\/#primaryimage"},"image":{"@id":"https:\/\/aldiachaco.com.ar\/index.php\/2026\/04\/27\/una-broma-de-redes-sociales-movilizo-a-la-policia-por-una-falsa-amenaza-de-tiroteo-escolar-en-la-tigra\/#primaryimage"},"thumbnailUrl":"https:\/\/aldiachaco.com.ar\/wp-content\/uploads\/2026\/04\/2704TIGRA.jpeg","datePublished":"2026-04-27T13:31:57+00:00","breadcrumb":{"@id":"https:\/\/aldiachaco.com.ar\/index.php\/2026\/04\/27\/una-broma-de-redes-sociales-movilizo-a-la-policia-por-una-falsa-amenaza-de-tiroteo-escolar-en-la-tigra\/#breadcrumb"},"inLanguage":"es-AR","potentialAction":[{"@type":"ReadAction","target":["https:\/\/aldiachaco.com.ar\/index.php\/2026\/04\/27\/una-broma-de-redes-sociales-movilizo-a-la-policia-por-una-falsa-amenaza-de-tiroteo-escolar-en-la-tigra\/"]}]},{"@type":"ImageObject","inLanguage":"es-AR","@id":"https:\/\/aldiachaco.com.ar\/index.php\/2026\/04\/27\/una-broma-de-redes-sociales-movilizo-a-la-policia-por-una-falsa-amenaza-de-tiroteo-escolar-en-la-tigra\/#primaryimage","url":"https:\/\/aldiachaco.com.ar\/wp-content\/uploads\/2026\/04\/2704TIGRA.jpeg","contentUrl":"https:\/\/aldiachaco.com.ar\/wp-content\/uploads\/2026\/04\/2704TIGRA.jpeg","width":1599,"height":1154},{"@type":"BreadcrumbList","@id":"https:\/\/aldiachaco.com.ar\/index.php\/2026\/04\/27\/una-broma-de-redes-sociales-movilizo-a-la-policia-por-una-falsa-amenaza-de-tiroteo-escolar-en-la-tigra\/#breadcrumb","itemListElement":[{"@type":"ListItem","position":1,"name":"Home","item":"https:\/\/aldiachaco.com.ar\/"},{"@type":"ListItem","position":2,"name":"Una broma de redes sociales moviliz\u00f3 a la Polic\u00eda por una falsa amenaza de tiroteo escolar en La Tigra"}]},{"@type":"WebSite","@id":"https:\/\/aldiachaco.com.ar\/#website","url":"https:\/\/aldiachaco.com.ar\/","name":"Al Dia Chaco","description":"Noticias del Chaco y el mundo","publisher":{"@id":"https:\/\/aldiachaco.com.ar\/#organization"},"alternateName":"Al D\u00eda Chaco","potentialAction":[{"@type":"SearchAction","target":{"@type":"EntryPoint","urlTemplate":"https:\/\/aldiachaco.com.ar\/?s={search_term_string}"},"query-input":{"@type":"PropertyValueSpecification","valueRequired":true,"valueName":"search_term_string"}}],"inLanguage":"es-AR"},{"@type":"Organization","@id":"https:\/\/aldiachaco.com.ar\/#organization","name":"Al Dia Chaco","url":"https:\/\/aldiachaco.com.ar\/","logo":{"@type":"ImageObject","inLanguage":"es-AR","@id":"https:\/\/aldiachaco.com.ar\/#\/schema\/logo\/image\/","url":"https:\/\/aldiachaco.com.ar\/wp-content\/uploads\/2017\/11\/AL-DIA-CHACO-L@2x.png","contentUrl":"https:\/\/aldiachaco.com.ar\/wp-content\/uploads\/2017\/11\/AL-DIA-CHACO-L@2x.png","width":232,"height":60,"caption":"Al Dia Chaco"},"image":{"@id":"https:\/\/aldiachaco.com.ar\/#\/schema\/logo\/image\/"}},{"@type":"Person","@id":"https:\/\/aldiachaco.com.ar\/#\/schema\/person\/b24e975af8022082f5889a7a7299e962","name":"RedaccionRM","image":{"@type":"ImageObject","inLanguage":"es-AR","@id":"https:\/\/aldiachaco.com.ar\/wp-content\/litespeed\/avatar\/a30118fcb7a6295303f1c91164c6aba1.jpg?ver=1776734264","url":"https:\/\/aldiachaco.com.ar\/wp-content\/litespeed\/avatar\/a30118fcb7a6295303f1c91164c6aba1.jpg?ver=1776734264","contentUrl":"https:\/\/aldiachaco.com.ar\/wp-content\/litespeed\/avatar\/a30118fcb7a6295303f1c91164c6aba1.jpg?ver=1776734264","caption":"RedaccionRM"},"url":"https:\/\/aldiachaco.com.ar\/index.php\/author\/redaccionrm\/"}]}},"jetpack_publicize_connections":[],"jetpack_featured_media_url":"https:\/\/aldiachaco.com.ar\/wp-content\/uploads\/2026\/04\/2704TIGRA.jpeg","jetpack_sharing_enabled":true,"amp_enabled":true,"_links":{"self":[{"href":"https:\/\/aldiachaco.com.ar\/index.php\/wp-json\/wp\/v2\/posts\/118287","targetHints":{"allow":["GET"]}}],"collection":[{"href":"https:\/\/aldiachaco.com.ar\/index.php\/wp-json\/wp\/v2\/posts"}],"about":[{"href":"https:\/\/aldiachaco.com.ar\/index.php\/wp-json\/wp\/v2\/types\/post"}],"author":[{"embeddable":true,"href":"https:\/\/aldiachaco.com.ar\/index.php\/wp-json\/wp\/v2\/users\/9"}],"replies":[{"embeddable":true,"href":"https:\/\/aldiachaco.com.ar\/index.php\/wp-json\/wp\/v2\/comments?post=118287"}],"version-history":[{"count":1,"href":"https:\/\/aldiachaco.com.ar\/index.php\/wp-json\/wp\/v2\/posts\/118287\/revisions"}],"predecessor-version":[{"id":118289,"href":"https:\/\/aldiachaco.com.ar\/index.php\/wp-json\/wp\/v2\/posts\/118287\/revisions\/118289"}],"wp:featuredmedia":[{"embeddable":true,"href":"https:\/\/aldiachaco.com.ar\/index.php\/wp-json\/wp\/v2\/media\/118288"}],"wp:attachment":[{"href":"https:\/\/aldiachaco.com.ar\/index.php\/wp-json\/wp\/v2\/media?parent=118287"}],"wp:term":[{"taxonomy":"category","embeddable":true,"href":"https:\/\/aldiachaco.com.ar\/index.php\/wp-json\/wp\/v2\/categories?post=118287"},{"taxonomy":"post_tag","embeddable":true,"href":"https:\/\/aldiachaco.com.ar\/index.php\/wp-json\/wp\/v2\/tags?post=118287"}],"curies":[{"name":"wp","href":"https:\/\/api.w.org\/{rel}","templated":true}]}}