{"id":118284,"date":"2026-04-27T10:26:18","date_gmt":"2026-04-27T13:26:18","guid":{"rendered":"https:\/\/aldiachaco.com.ar\/?p=118284"},"modified":"2026-04-27T10:26:18","modified_gmt":"2026-04-27T13:26:18","slug":"el-gobernador-zdero-fortalece-vinculos-con-la-union-europea","status":"publish","type":"post","link":"https:\/\/aldiachaco.com.ar\/index.php\/2026\/04\/27\/el-gobernador-zdero-fortalece-vinculos-con-la-union-europea\/","title":{"rendered":"El gobernador Zdero fortalece v\u00ednculos con la Uni\u00f3n Europea"},"content":{"rendered":"<p class=\"ds-markdown-paragraph\">En Buenos Aires, el gobernador Leandro Zdero, acompa\u00f1ado por el presidente de la Agencia de Inversiones Chaco, Mart\u00edn Poccard, mantuvieron un encuentro con Erik H\u00f8eg, embajador de la Uni\u00f3n Europea, lo que implica especial importancia ante la inminente entrada en vigencia, a partir del 1\u00b0 de mayo, del Acuerdo entre la Uni\u00f3n Europea y el Mercosur.<\/p>\n<p class=\"ds-markdown-paragraph\">La reuni\u00f3n dio continuidad a la agenda internacional iniciada durante la visita institucional del mandatario provincial a la sede en Bruselas, reafirmando el compromiso del Chaco de consolidar su inserci\u00f3n en los mercados globales. Este tratado abre un escenario de oportunidades para potenciar las exportaciones chaque\u00f1as y fortalecer los v\u00ednculos comerciales con uno de los principales bloques econ\u00f3micos del mundo.<\/p>\n<p class=\"ds-markdown-paragraph\">Durante la jornada del pasado mi\u00e9rcoles se abordaron ejes estrat\u00e9gicos claves para el desarrollo provincial:<\/p>\n<ul>\n<li>\n<p class=\"ds-markdown-paragraph\"><strong>Infraestructura<\/strong>: se plante\u00f3 posicionar al Chaco como nodo log\u00edstico regional del Norte Grande y del Cono Sur, aprovechando su ubicaci\u00f3n estrat\u00e9gica y capacidad para el flujo comercial hacia Europa.<\/p>\n<\/li>\n<li>\n<p class=\"ds-markdown-paragraph\"><strong>Exportaciones con valor agregado<\/strong>: se analiz\u00f3 el impulso a las industrias locales y la eliminaci\u00f3n de barreras para los productos chaque\u00f1os.<\/p>\n<\/li>\n<li>\n<p class=\"ds-markdown-paragraph\"><strong>Cooperaci\u00f3n internacional<\/strong>: se avanz\u00f3 en la generaci\u00f3n de instancias orientadas a promover asistencia t\u00e9cnica y financiamientos en sectores productivos claves para la provincia.<\/p>\n<\/li>\n<\/ul>\n<p class=\"ds-markdown-paragraph\">En este marco, el gobernador extendi\u00f3 una invitaci\u00f3n formal al embajador Erik H\u00f8eg para visitar la provincia del Chaco, con el objetivo de profundizar estas l\u00edneas de trabajo, propiciar encuentros con el sector empresarial local y dar a conocer el potencial productivo y la identidad cultural chaque\u00f1a.<\/p>\n","protected":false},"excerpt":{"rendered":"<p>En Buenos Aires, el gobernador Leandro Zdero, acompa\u00f1ado por el presidente de la Agencia de Inversiones Chaco, Mart\u00edn Poccard, mantuvieron un encuentro con Erik H\u00f8eg, embajador de la Uni\u00f3n Europea, lo que implica especial importancia ante la inminente entrada en vigencia, a partir del 1\u00b0 de mayo, del Acuerdo entre la Uni\u00f3n Europea y el &hellip;<\/p>\n","protected":false},"author":9,"featured_media":118285,"comment_status":"open","ping_status":"open","sticky":false,"template":"","format":"standard","meta":{"content-type":"","_monsterinsights_skip_tracking":false,"_monsterinsights_sitenote_active":false,"_monsterinsights_sitenote_note":"","_monsterinsights_sitenote_category":0,"_jetpack_memberships_contains_paid_content":false,"footnotes":"","jetpack_publicize_message":"","jetpack_publicize_feature_enabled":true,"jetpack_social_post_already_shared":true,"jetpack_social_options":{"image_generator_settings":{"template":"highway","default_image_id":0,"font":"","enabled":false},"version":2}},"categories":[153],"tags":[],"class_list":["post-118284","post","type-post","status-publish","format-standard","has-post-thumbnail","hentry","category-politica"],"yoast_head":"<!-- This site is optimized with the Yoast SEO plugin v27.4 - https:\/\/yoast.com\/product\/yoast-seo-wordpress\/ -->\n<title>El gobernador Zdero fortalece v\u00ednculos con la Uni\u00f3n Europea | Al Dia Chaco<\/title>\n<meta name=\"robots\" content=\"index, follow, max-snippet:-1, max-image-preview:large, max-video-preview:-1\" \/>\n<link rel=\"canonical\" href=\"https:\/\/aldiachaco.com.ar\/index.php\/2026\/04\/27\/el-gobernador-zdero-fortalece-vinculos-con-la-union-europea\/\" \/>\n<meta property=\"og:locale\" content=\"es_ES\" \/>\n<meta property=\"og:type\" content=\"article\" \/>\n<meta property=\"og:title\" content=\"El gobernador Zdero fortalece v\u00ednculos con la Uni\u00f3n Europea | Al Dia Chaco\" \/>\n<meta property=\"og:description\" content=\"En Buenos Aires, el gobernador Leandro Zdero, acompa\u00f1ado por el presidente de la Agencia de Inversiones Chaco, Mart\u00edn Poccard, mantuvieron un encuentro con Erik H\u00f8eg, embajador de la Uni\u00f3n Europea, lo que implica especial importancia ante la inminente entrada en vigencia, a partir del 1\u00b0 de mayo, del Acuerdo entre la Uni\u00f3n Europea y el &hellip;\" \/>\n<meta property=\"og:url\" content=\"https:\/\/aldiachaco.com.ar\/index.php\/2026\/04\/27\/el-gobernador-zdero-fortalece-vinculos-con-la-union-europea\/\" \/>\n<meta property=\"og:site_name\" content=\"Al Dia Chaco\" \/>\n<meta property=\"article:published_time\" content=\"2026-04-27T13:26:18+00:00\" \/>\n<meta property=\"og:image\" content=\"https:\/\/aldiachaco.com.ar\/wp-content\/uploads\/2026\/04\/2704zdero-scaled.jpg\" \/>\n\t<meta property=\"og:image:width\" content=\"2560\" \/>\n\t<meta property=\"og:image:height\" content=\"1995\" \/>\n\t<meta property=\"og:image:type\" content=\"image\/jpeg\" \/>\n<meta name=\"author\" content=\"RedaccionRM\" \/>\n<meta name=\"twitter:card\" content=\"summary_large_image\" \/>\n<meta name=\"twitter:label1\" content=\"Escrito por\" \/>\n\t<meta name=\"twitter:data1\" content=\"RedaccionRM\" \/>\n\t<meta name=\"twitter:label2\" content=\"Tiempo de lectura\" \/>\n\t<meta name=\"twitter:data2\" content=\"2 minutos\" \/>\n<script type=\"application\/ld+json\" class=\"yoast-schema-graph\">{\"@context\":\"https:\\\/\\\/schema.org\",\"@graph\":[{\"@type\":\"Article\",\"@id\":\"https:\\\/\\\/aldiachaco.com.ar\\\/index.php\\\/2026\\\/04\\\/27\\\/el-gobernador-zdero-fortalece-vinculos-con-la-union-europea\\\/#article\",\"isPartOf\":{\"@id\":\"https:\\\/\\\/aldiachaco.com.ar\\\/index.php\\\/2026\\\/04\\\/27\\\/el-gobernador-zdero-fortalece-vinculos-con-la-union-europea\\\/\"},\"author\":{\"name\":\"RedaccionRM\",\"@id\":\"https:\\\/\\\/aldiachaco.com.ar\\\/#\\\/schema\\\/person\\\/b24e975af8022082f5889a7a7299e962\"},\"headline\":\"El gobernador Zdero fortalece v\u00ednculos con la Uni\u00f3n Europea\",\"datePublished\":\"2026-04-27T13:26:18+00:00\",\"mainEntityOfPage\":{\"@id\":\"https:\\\/\\\/aldiachaco.com.ar\\\/index.php\\\/2026\\\/04\\\/27\\\/el-gobernador-zdero-fortalece-vinculos-con-la-union-europea\\\/\"},\"wordCount\":285,\"commentCount\":0,\"publisher\":{\"@id\":\"https:\\\/\\\/aldiachaco.com.ar\\\/#organization\"},\"image\":{\"@id\":\"https:\\\/\\\/aldiachaco.com.ar\\\/index.php\\\/2026\\\/04\\\/27\\\/el-gobernador-zdero-fortalece-vinculos-con-la-union-europea\\\/#primaryimage\"},\"thumbnailUrl\":\"https:\\\/\\\/aldiachaco.com.ar\\\/wp-content\\\/uploads\\\/2026\\\/04\\\/2704zdero-scaled.jpg\",\"articleSection\":[\"Pol\u00edtica\"],\"inLanguage\":\"es-AR\",\"potentialAction\":[{\"@type\":\"CommentAction\",\"name\":\"Comment\",\"target\":[\"https:\\\/\\\/aldiachaco.com.ar\\\/index.php\\\/2026\\\/04\\\/27\\\/el-gobernador-zdero-fortalece-vinculos-con-la-union-europea\\\/#respond\"]}]},{\"@type\":\"WebPage\",\"@id\":\"https:\\\/\\\/aldiachaco.com.ar\\\/index.php\\\/2026\\\/04\\\/27\\\/el-gobernador-zdero-fortalece-vinculos-con-la-union-europea\\\/\",\"url\":\"https:\\\/\\\/aldiachaco.com.ar\\\/index.php\\\/2026\\\/04\\\/27\\\/el-gobernador-zdero-fortalece-vinculos-con-la-union-europea\\\/\",\"name\":\"El gobernador Zdero fortalece v\u00ednculos con la Uni\u00f3n Europea | Al Dia Chaco\",\"isPartOf\":{\"@id\":\"https:\\\/\\\/aldiachaco.com.ar\\\/#website\"},\"primaryImageOfPage\":{\"@id\":\"https:\\\/\\\/aldiachaco.com.ar\\\/index.php\\\/2026\\\/04\\\/27\\\/el-gobernador-zdero-fortalece-vinculos-con-la-union-europea\\\/#primaryimage\"},\"image\":{\"@id\":\"https:\\\/\\\/aldiachaco.com.ar\\\/index.php\\\/2026\\\/04\\\/27\\\/el-gobernador-zdero-fortalece-vinculos-con-la-union-europea\\\/#primaryimage\"},\"thumbnailUrl\":\"https:\\\/\\\/aldiachaco.com.ar\\\/wp-content\\\/uploads\\\/2026\\\/04\\\/2704zdero-scaled.jpg\",\"datePublished\":\"2026-04-27T13:26:18+00:00\",\"breadcrumb\":{\"@id\":\"https:\\\/\\\/aldiachaco.com.ar\\\/index.php\\\/2026\\\/04\\\/27\\\/el-gobernador-zdero-fortalece-vinculos-con-la-union-europea\\\/#breadcrumb\"},\"inLanguage\":\"es-AR\",\"potentialAction\":[{\"@type\":\"ReadAction\",\"target\":[\"https:\\\/\\\/aldiachaco.com.ar\\\/index.php\\\/2026\\\/04\\\/27\\\/el-gobernador-zdero-fortalece-vinculos-con-la-union-europea\\\/\"]}]},{\"@type\":\"ImageObject\",\"inLanguage\":\"es-AR\",\"@id\":\"https:\\\/\\\/aldiachaco.com.ar\\\/index.php\\\/2026\\\/04\\\/27\\\/el-gobernador-zdero-fortalece-vinculos-con-la-union-europea\\\/#primaryimage\",\"url\":\"https:\\\/\\\/aldiachaco.com.ar\\\/wp-content\\\/uploads\\\/2026\\\/04\\\/2704zdero-scaled.jpg\",\"contentUrl\":\"https:\\\/\\\/aldiachaco.com.ar\\\/wp-content\\\/uploads\\\/2026\\\/04\\\/2704zdero-scaled.jpg\",\"width\":2560,\"height\":1995},{\"@type\":\"BreadcrumbList\",\"@id\":\"https:\\\/\\\/aldiachaco.com.ar\\\/index.php\\\/2026\\\/04\\\/27\\\/el-gobernador-zdero-fortalece-vinculos-con-la-union-europea\\\/#breadcrumb\",\"itemListElement\":[{\"@type\":\"ListItem\",\"position\":1,\"name\":\"Home\",\"item\":\"https:\\\/\\\/aldiachaco.com.ar\\\/\"},{\"@type\":\"ListItem\",\"position\":2,\"name\":\"El gobernador Zdero fortalece v\u00ednculos con la Uni\u00f3n Europea\"}]},{\"@type\":\"WebSite\",\"@id\":\"https:\\\/\\\/aldiachaco.com.ar\\\/#website\",\"url\":\"https:\\\/\\\/aldiachaco.com.ar\\\/\",\"name\":\"Al Dia Chaco\",\"description\":\"Noticias del Chaco y el mundo\",\"publisher\":{\"@id\":\"https:\\\/\\\/aldiachaco.com.ar\\\/#organization\"},\"alternateName\":\"Al D\u00eda Chaco\",\"potentialAction\":[{\"@type\":\"SearchAction\",\"target\":{\"@type\":\"EntryPoint\",\"urlTemplate\":\"https:\\\/\\\/aldiachaco.com.ar\\\/?s={search_term_string}\"},\"query-input\":{\"@type\":\"PropertyValueSpecification\",\"valueRequired\":true,\"valueName\":\"search_term_string\"}}],\"inLanguage\":\"es-AR\"},{\"@type\":\"Organization\",\"@id\":\"https:\\\/\\\/aldiachaco.com.ar\\\/#organization\",\"name\":\"Al Dia Chaco\",\"url\":\"https:\\\/\\\/aldiachaco.com.ar\\\/\",\"logo\":{\"@type\":\"ImageObject\",\"inLanguage\":\"es-AR\",\"@id\":\"https:\\\/\\\/aldiachaco.com.ar\\\/#\\\/schema\\\/logo\\\/image\\\/\",\"url\":\"https:\\\/\\\/aldiachaco.com.ar\\\/wp-content\\\/uploads\\\/2017\\\/11\\\/AL-DIA-CHACO-L@2x.png\",\"contentUrl\":\"https:\\\/\\\/aldiachaco.com.ar\\\/wp-content\\\/uploads\\\/2017\\\/11\\\/AL-DIA-CHACO-L@2x.png\",\"width\":232,\"height\":60,\"caption\":\"Al Dia Chaco\"},\"image\":{\"@id\":\"https:\\\/\\\/aldiachaco.com.ar\\\/#\\\/schema\\\/logo\\\/image\\\/\"}},{\"@type\":\"Person\",\"@id\":\"https:\\\/\\\/aldiachaco.com.ar\\\/#\\\/schema\\\/person\\\/b24e975af8022082f5889a7a7299e962\",\"name\":\"RedaccionRM\",\"image\":{\"@type\":\"ImageObject\",\"inLanguage\":\"es-AR\",\"@id\":\"https:\\\/\\\/aldiachaco.com.ar\\\/wp-content\\\/litespeed\\\/avatar\\\/a30118fcb7a6295303f1c91164c6aba1.jpg?ver=1776734264\",\"url\":\"https:\\\/\\\/aldiachaco.com.ar\\\/wp-content\\\/litespeed\\\/avatar\\\/a30118fcb7a6295303f1c91164c6aba1.jpg?ver=1776734264\",\"contentUrl\":\"https:\\\/\\\/aldiachaco.com.ar\\\/wp-content\\\/litespeed\\\/avatar\\\/a30118fcb7a6295303f1c91164c6aba1.jpg?ver=1776734264\",\"caption\":\"RedaccionRM\"},\"url\":\"https:\\\/\\\/aldiachaco.com.ar\\\/index.php\\\/author\\\/redaccionrm\\\/\"}]}<\/script>\n<!-- \/ Yoast SEO plugin. -->","yoast_head_json":{"title":"El gobernador Zdero fortalece v\u00ednculos con la Uni\u00f3n Europea | Al Dia Chaco","robots":{"index":"index","follow":"follow","max-snippet":"max-snippet:-1","max-image-preview":"max-image-preview:large","max-video-preview":"max-video-preview:-1"},"canonical":"https:\/\/aldiachaco.com.ar\/index.php\/2026\/04\/27\/el-gobernador-zdero-fortalece-vinculos-con-la-union-europea\/","og_locale":"es_ES","og_type":"article","og_title":"El gobernador Zdero fortalece v\u00ednculos con la Uni\u00f3n Europea | Al Dia Chaco","og_description":"En Buenos Aires, el gobernador Leandro Zdero, acompa\u00f1ado por el presidente de la Agencia de Inversiones Chaco, Mart\u00edn Poccard, mantuvieron un encuentro con Erik H\u00f8eg, embajador de la Uni\u00f3n Europea, lo que implica especial importancia ante la inminente entrada en vigencia, a partir del 1\u00b0 de mayo, del Acuerdo entre la Uni\u00f3n Europea y el &hellip;","og_url":"https:\/\/aldiachaco.com.ar\/index.php\/2026\/04\/27\/el-gobernador-zdero-fortalece-vinculos-con-la-union-europea\/","og_site_name":"Al Dia Chaco","article_published_time":"2026-04-27T13:26:18+00:00","og_image":[{"width":2560,"height":1995,"url":"https:\/\/aldiachaco.com.ar\/wp-content\/uploads\/2026\/04\/2704zdero-scaled.jpg","type":"image\/jpeg"}],"author":"RedaccionRM","twitter_card":"summary_large_image","twitter_misc":{"Escrito por":"RedaccionRM","Tiempo de lectura":"2 minutos"},"schema":{"@context":"https:\/\/schema.org","@graph":[{"@type":"Article","@id":"https:\/\/aldiachaco.com.ar\/index.php\/2026\/04\/27\/el-gobernador-zdero-fortalece-vinculos-con-la-union-europea\/#article","isPartOf":{"@id":"https:\/\/aldiachaco.com.ar\/index.php\/2026\/04\/27\/el-gobernador-zdero-fortalece-vinculos-con-la-union-europea\/"},"author":{"name":"RedaccionRM","@id":"https:\/\/aldiachaco.com.ar\/#\/schema\/person\/b24e975af8022082f5889a7a7299e962"},"headline":"El gobernador Zdero fortalece v\u00ednculos con la Uni\u00f3n Europea","datePublished":"2026-04-27T13:26:18+00:00","mainEntityOfPage":{"@id":"https:\/\/aldiachaco.com.ar\/index.php\/2026\/04\/27\/el-gobernador-zdero-fortalece-vinculos-con-la-union-europea\/"},"wordCount":285,"commentCount":0,"publisher":{"@id":"https:\/\/aldiachaco.com.ar\/#organization"},"image":{"@id":"https:\/\/aldiachaco.com.ar\/index.php\/2026\/04\/27\/el-gobernador-zdero-fortalece-vinculos-con-la-union-europea\/#primaryimage"},"thumbnailUrl":"https:\/\/aldiachaco.com.ar\/wp-content\/uploads\/2026\/04\/2704zdero-scaled.jpg","articleSection":["Pol\u00edtica"],"inLanguage":"es-AR","potentialAction":[{"@type":"CommentAction","name":"Comment","target":["https:\/\/aldiachaco.com.ar\/index.php\/2026\/04\/27\/el-gobernador-zdero-fortalece-vinculos-con-la-union-europea\/#respond"]}]},{"@type":"WebPage","@id":"https:\/\/aldiachaco.com.ar\/index.php\/2026\/04\/27\/el-gobernador-zdero-fortalece-vinculos-con-la-union-europea\/","url":"https:\/\/aldiachaco.com.ar\/index.php\/2026\/04\/27\/el-gobernador-zdero-fortalece-vinculos-con-la-union-europea\/","name":"El gobernador Zdero fortalece v\u00ednculos con la Uni\u00f3n Europea | Al Dia Chaco","isPartOf":{"@id":"https:\/\/aldiachaco.com.ar\/#website"},"primaryImageOfPage":{"@id":"https:\/\/aldiachaco.com.ar\/index.php\/2026\/04\/27\/el-gobernador-zdero-fortalece-vinculos-con-la-union-europea\/#primaryimage"},"image":{"@id":"https:\/\/aldiachaco.com.ar\/index.php\/2026\/04\/27\/el-gobernador-zdero-fortalece-vinculos-con-la-union-europea\/#primaryimage"},"thumbnailUrl":"https:\/\/aldiachaco.com.ar\/wp-content\/uploads\/2026\/04\/2704zdero-scaled.jpg","datePublished":"2026-04-27T13:26:18+00:00","breadcrumb":{"@id":"https:\/\/aldiachaco.com.ar\/index.php\/2026\/04\/27\/el-gobernador-zdero-fortalece-vinculos-con-la-union-europea\/#breadcrumb"},"inLanguage":"es-AR","potentialAction":[{"@type":"ReadAction","target":["https:\/\/aldiachaco.com.ar\/index.php\/2026\/04\/27\/el-gobernador-zdero-fortalece-vinculos-con-la-union-europea\/"]}]},{"@type":"ImageObject","inLanguage":"es-AR","@id":"https:\/\/aldiachaco.com.ar\/index.php\/2026\/04\/27\/el-gobernador-zdero-fortalece-vinculos-con-la-union-europea\/#primaryimage","url":"https:\/\/aldiachaco.com.ar\/wp-content\/uploads\/2026\/04\/2704zdero-scaled.jpg","contentUrl":"https:\/\/aldiachaco.com.ar\/wp-content\/uploads\/2026\/04\/2704zdero-scaled.jpg","width":2560,"height":1995},{"@type":"BreadcrumbList","@id":"https:\/\/aldiachaco.com.ar\/index.php\/2026\/04\/27\/el-gobernador-zdero-fortalece-vinculos-con-la-union-europea\/#breadcrumb","itemListElement":[{"@type":"ListItem","position":1,"name":"Home","item":"https:\/\/aldiachaco.com.ar\/"},{"@type":"ListItem","position":2,"name":"El gobernador Zdero fortalece v\u00ednculos con la Uni\u00f3n Europea"}]},{"@type":"WebSite","@id":"https:\/\/aldiachaco.com.ar\/#website","url":"https:\/\/aldiachaco.com.ar\/","name":"Al Dia Chaco","description":"Noticias del Chaco y el mundo","publisher":{"@id":"https:\/\/aldiachaco.com.ar\/#organization"},"alternateName":"Al D\u00eda Chaco","potentialAction":[{"@type":"SearchAction","target":{"@type":"EntryPoint","urlTemplate":"https:\/\/aldiachaco.com.ar\/?s={search_term_string}"},"query-input":{"@type":"PropertyValueSpecification","valueRequired":true,"valueName":"search_term_string"}}],"inLanguage":"es-AR"},{"@type":"Organization","@id":"https:\/\/aldiachaco.com.ar\/#organization","name":"Al Dia Chaco","url":"https:\/\/aldiachaco.com.ar\/","logo":{"@type":"ImageObject","inLanguage":"es-AR","@id":"https:\/\/aldiachaco.com.ar\/#\/schema\/logo\/image\/","url":"https:\/\/aldiachaco.com.ar\/wp-content\/uploads\/2017\/11\/AL-DIA-CHACO-L@2x.png","contentUrl":"https:\/\/aldiachaco.com.ar\/wp-content\/uploads\/2017\/11\/AL-DIA-CHACO-L@2x.png","width":232,"height":60,"caption":"Al Dia Chaco"},"image":{"@id":"https:\/\/aldiachaco.com.ar\/#\/schema\/logo\/image\/"}},{"@type":"Person","@id":"https:\/\/aldiachaco.com.ar\/#\/schema\/person\/b24e975af8022082f5889a7a7299e962","name":"RedaccionRM","image":{"@type":"ImageObject","inLanguage":"es-AR","@id":"https:\/\/aldiachaco.com.ar\/wp-content\/litespeed\/avatar\/a30118fcb7a6295303f1c91164c6aba1.jpg?ver=1776734264","url":"https:\/\/aldiachaco.com.ar\/wp-content\/litespeed\/avatar\/a30118fcb7a6295303f1c91164c6aba1.jpg?ver=1776734264","contentUrl":"https:\/\/aldiachaco.com.ar\/wp-content\/litespeed\/avatar\/a30118fcb7a6295303f1c91164c6aba1.jpg?ver=1776734264","caption":"RedaccionRM"},"url":"https:\/\/aldiachaco.com.ar\/index.php\/author\/redaccionrm\/"}]}},"jetpack_publicize_connections":[],"jetpack_featured_media_url":"https:\/\/aldiachaco.com.ar\/wp-content\/uploads\/2026\/04\/2704zdero-scaled.jpg","jetpack_sharing_enabled":true,"amp_enabled":true,"_links":{"self":[{"href":"https:\/\/aldiachaco.com.ar\/index.php\/wp-json\/wp\/v2\/posts\/118284","targetHints":{"allow":["GET"]}}],"collection":[{"href":"https:\/\/aldiachaco.com.ar\/index.php\/wp-json\/wp\/v2\/posts"}],"about":[{"href":"https:\/\/aldiachaco.com.ar\/index.php\/wp-json\/wp\/v2\/types\/post"}],"author":[{"embeddable":true,"href":"https:\/\/aldiachaco.com.ar\/index.php\/wp-json\/wp\/v2\/users\/9"}],"replies":[{"embeddable":true,"href":"https:\/\/aldiachaco.com.ar\/index.php\/wp-json\/wp\/v2\/comments?post=118284"}],"version-history":[{"count":1,"href":"https:\/\/aldiachaco.com.ar\/index.php\/wp-json\/wp\/v2\/posts\/118284\/revisions"}],"predecessor-version":[{"id":118286,"href":"https:\/\/aldiachaco.com.ar\/index.php\/wp-json\/wp\/v2\/posts\/118284\/revisions\/118286"}],"wp:featuredmedia":[{"embeddable":true,"href":"https:\/\/aldiachaco.com.ar\/index.php\/wp-json\/wp\/v2\/media\/118285"}],"wp:attachment":[{"href":"https:\/\/aldiachaco.com.ar\/index.php\/wp-json\/wp\/v2\/media?parent=118284"}],"wp:term":[{"taxonomy":"category","embeddable":true,"href":"https:\/\/aldiachaco.com.ar\/index.php\/wp-json\/wp\/v2\/categories?post=118284"},{"taxonomy":"post_tag","embeddable":true,"href":"https:\/\/aldiachaco.com.ar\/index.php\/wp-json\/wp\/v2\/tags?post=118284"}],"curies":[{"name":"wp","href":"https:\/\/api.w.org\/{rel}","templated":true}]}}