{"id":118281,"date":"2026-04-27T10:20:34","date_gmt":"2026-04-27T13:20:34","guid":{"rendered":"https:\/\/aldiachaco.com.ar\/?p=118281"},"modified":"2026-04-27T10:20:34","modified_gmt":"2026-04-27T13:20:34","slug":"el-ministro-hugo-dominguez-denunciara-penalmente-al-concejal-bolatti-por-sus-mentiras-delirantes","status":"publish","type":"post","link":"https:\/\/aldiachaco.com.ar\/index.php\/2026\/04\/27\/el-ministro-hugo-dominguez-denunciara-penalmente-al-concejal-bolatti-por-sus-mentiras-delirantes\/","title":{"rendered":"El ministro Hugo Dom\u00ednguez denunciar\u00e1 penalmente al concejal Bolatti por &#8220;sus mentiras delirantes&#8221;"},"content":{"rendered":"<p class=\"ds-markdown-paragraph\">El ministro de Infraestructura, Hugo Dom\u00ednguez, denunciar\u00e1 penalmente al concejal de Resistencia, Fabricio Bolatti, a ra\u00edz de la difusi\u00f3n de publicaciones en redes sociales que contienen &#8220;acusaciones mentirosas, infundadas y delirantes&#8221;, las cuales lesionan gravemente su honor y reputaci\u00f3n.<\/p>\n<p class=\"ds-markdown-paragraph\">&#8220;Las afirmaciones mentirosas del concejal tendr\u00e1n consecuencias y va a tener que pagar por lo que dijo&#8221;, afirm\u00f3 Dom\u00ednguez y agreg\u00f3 que &#8220;todo lo que pague el concejal lo voy a destinar a instituciones ben\u00e9ficas&#8221;.<\/p>\n<p class=\"ds-markdown-paragraph\">Dom\u00ednguez desminti\u00f3 de manera categ\u00f3rica cualquier tipo de vinculaci\u00f3n de su gesti\u00f3n, ya sea personal o en car\u00e1cter de supuesto &#8220;administrador judicial&#8221;, con empresas del sector de la construcci\u00f3n, calificando tales afirmaciones como &#8220;f\u00e1cilmente comprobables&#8221; mediante simples verificaciones registrales y administrativas. Asimismo, precis\u00f3 que, en el marco de su gesti\u00f3n, el Ministerio a su cargo no mantiene ni ha mantenido relaci\u00f3n contractual alguna ni ha efectuado pagos a la firma mencionada por el edil.<\/p>\n<p class=\"ds-markdown-paragraph\">El ministro sostiene que las expresiones no constituyen una cr\u00edtica pol\u00edtica leg\u00edtima, sino imputaciones personales deshonrosas, por lo que existir\u00edan elementos suficientes para encuadrarlas como delito de injurias, sujeto a lo que determine la Justicia. Plantea que las declaraciones del concejal Bolatti son injurias, seg\u00fan el art\u00edculo 110 del C\u00f3digo Penal, ya que implican expresiones que afectar\u00edan el honor y la reputaci\u00f3n del ministro.<\/p>\n<p class=\"ds-markdown-paragraph\">Indica adem\u00e1s que lo expresado por Bolatti da\u00f1a su honor personal e imagen p\u00fablica, donde cabr\u00eda la doctrina de la &#8220;real malicia&#8221;, establecida por la Corte Suprema, seg\u00fan la cual la libertad de expresi\u00f3n no protege afirmaciones falsas cuando se conoce su falsedad o se difunden con despreocupaci\u00f3n por verificar su veracidad.<\/p>\n<p class=\"ds-markdown-paragraph\">Dom\u00ednguez se\u00f1ala que los textos del concejal no tienen fuentes verificables, no est\u00e1n respaldadas por investigaci\u00f3n o documentaci\u00f3n, y podr\u00edan haberse comprobado f\u00e1cilmente, lo que fue con &#8220;real malicia&#8221;, quedando fuera de la protecci\u00f3n constitucional.<\/p>\n<p class=\"ds-markdown-paragraph\">En ese marco, atribuy\u00f3 las manifestaciones del concejal a una intencionalidad pol\u00edtica, se\u00f1alando que &#8220;como vocero de su jefe y socio pol\u00edtico kirchnerista, Capitanich, lanza falacias con declaraciones absolutamente alejadas de la realidad&#8221;.<\/p>\n<p class=\"ds-markdown-paragraph\">&#8220;Lo que afirma este vocero del kirchnerismo chaque\u00f1o son mentiras, cuyo objetivo es ponernos en el mismo barro que transit\u00f3 \u00e9l, y todos sus amigos kirchneristas, de la mano de piqueteros corruptos y abusadores, que hoy est\u00e1n presos&#8221;, expres\u00f3 el ministro.<\/p>\n","protected":false},"excerpt":{"rendered":"<p>El ministro de Infraestructura, Hugo Dom\u00ednguez, denunciar\u00e1 penalmente al concejal de Resistencia, Fabricio Bolatti, a ra\u00edz de la difusi\u00f3n de publicaciones en redes sociales que contienen &#8220;acusaciones mentirosas, infundadas y delirantes&#8221;, las cuales lesionan gravemente su honor y reputaci\u00f3n. &#8220;Las afirmaciones mentirosas del concejal tendr\u00e1n consecuencias y va a tener que pagar por lo que &hellip;<\/p>\n","protected":false},"author":9,"featured_media":118282,"comment_status":"open","ping_status":"open","sticky":false,"template":"","format":"standard","meta":{"content-type":"","_monsterinsights_skip_tracking":false,"_monsterinsights_sitenote_active":false,"_monsterinsights_sitenote_note":"","_monsterinsights_sitenote_category":0,"_jetpack_memberships_contains_paid_content":false,"footnotes":"","jetpack_publicize_message":"","jetpack_publicize_feature_enabled":true,"jetpack_social_post_already_shared":true,"jetpack_social_options":{"image_generator_settings":{"template":"highway","default_image_id":0,"font":"","enabled":false},"version":2}},"categories":[153],"tags":[],"class_list":["post-118281","post","type-post","status-publish","format-standard","has-post-thumbnail","hentry","category-politica"],"yoast_head":"<!-- This site is optimized with the Yoast SEO plugin v27.4 - https:\/\/yoast.com\/product\/yoast-seo-wordpress\/ -->\n<title>El ministro Hugo Dom\u00ednguez denunciar\u00e1 penalmente al concejal Bolatti por &quot;sus mentiras delirantes&quot; | Al Dia Chaco<\/title>\n<meta name=\"robots\" content=\"index, follow, max-snippet:-1, max-image-preview:large, max-video-preview:-1\" \/>\n<link rel=\"canonical\" href=\"https:\/\/aldiachaco.com.ar\/index.php\/2026\/04\/27\/el-ministro-hugo-dominguez-denunciara-penalmente-al-concejal-bolatti-por-sus-mentiras-delirantes\/\" \/>\n<meta property=\"og:locale\" content=\"es_ES\" \/>\n<meta property=\"og:type\" content=\"article\" \/>\n<meta property=\"og:title\" content=\"El ministro Hugo Dom\u00ednguez denunciar\u00e1 penalmente al concejal Bolatti por &quot;sus mentiras delirantes&quot; | Al Dia Chaco\" \/>\n<meta property=\"og:description\" content=\"El ministro de Infraestructura, Hugo Dom\u00ednguez, denunciar\u00e1 penalmente al concejal de Resistencia, Fabricio Bolatti, a ra\u00edz de la difusi\u00f3n de publicaciones en redes sociales que contienen &#8220;acusaciones mentirosas, infundadas y delirantes&#8221;, las cuales lesionan gravemente su honor y reputaci\u00f3n. &#8220;Las afirmaciones mentirosas del concejal tendr\u00e1n consecuencias y va a tener que pagar por lo que &hellip;\" \/>\n<meta property=\"og:url\" content=\"https:\/\/aldiachaco.com.ar\/index.php\/2026\/04\/27\/el-ministro-hugo-dominguez-denunciara-penalmente-al-concejal-bolatti-por-sus-mentiras-delirantes\/\" \/>\n<meta property=\"og:site_name\" content=\"Al Dia Chaco\" \/>\n<meta property=\"article:published_time\" content=\"2026-04-27T13:20:34+00:00\" \/>\n<meta property=\"og:image\" content=\"https:\/\/aldiachaco.com.ar\/wp-content\/uploads\/2026\/04\/2704DENUNCIA.jpg\" \/>\n\t<meta property=\"og:image:width\" content=\"1600\" \/>\n\t<meta property=\"og:image:height\" content=\"1390\" \/>\n\t<meta property=\"og:image:type\" content=\"image\/jpeg\" \/>\n<meta name=\"author\" content=\"RedaccionRM\" \/>\n<meta name=\"twitter:card\" content=\"summary_large_image\" \/>\n<meta name=\"twitter:label1\" content=\"Escrito por\" \/>\n\t<meta name=\"twitter:data1\" content=\"RedaccionRM\" \/>\n\t<meta name=\"twitter:label2\" content=\"Tiempo de lectura\" \/>\n\t<meta name=\"twitter:data2\" content=\"2 minutos\" \/>\n<script type=\"application\/ld+json\" class=\"yoast-schema-graph\">{\"@context\":\"https:\\\/\\\/schema.org\",\"@graph\":[{\"@type\":\"Article\",\"@id\":\"https:\\\/\\\/aldiachaco.com.ar\\\/index.php\\\/2026\\\/04\\\/27\\\/el-ministro-hugo-dominguez-denunciara-penalmente-al-concejal-bolatti-por-sus-mentiras-delirantes\\\/#article\",\"isPartOf\":{\"@id\":\"https:\\\/\\\/aldiachaco.com.ar\\\/index.php\\\/2026\\\/04\\\/27\\\/el-ministro-hugo-dominguez-denunciara-penalmente-al-concejal-bolatti-por-sus-mentiras-delirantes\\\/\"},\"author\":{\"name\":\"RedaccionRM\",\"@id\":\"https:\\\/\\\/aldiachaco.com.ar\\\/#\\\/schema\\\/person\\\/b24e975af8022082f5889a7a7299e962\"},\"headline\":\"El ministro Hugo Dom\u00ednguez denunciar\u00e1 penalmente al concejal Bolatti por &#8220;sus mentiras delirantes&#8221;\",\"datePublished\":\"2026-04-27T13:20:34+00:00\",\"mainEntityOfPage\":{\"@id\":\"https:\\\/\\\/aldiachaco.com.ar\\\/index.php\\\/2026\\\/04\\\/27\\\/el-ministro-hugo-dominguez-denunciara-penalmente-al-concejal-bolatti-por-sus-mentiras-delirantes\\\/\"},\"wordCount\":431,\"commentCount\":0,\"publisher\":{\"@id\":\"https:\\\/\\\/aldiachaco.com.ar\\\/#organization\"},\"image\":{\"@id\":\"https:\\\/\\\/aldiachaco.com.ar\\\/index.php\\\/2026\\\/04\\\/27\\\/el-ministro-hugo-dominguez-denunciara-penalmente-al-concejal-bolatti-por-sus-mentiras-delirantes\\\/#primaryimage\"},\"thumbnailUrl\":\"https:\\\/\\\/aldiachaco.com.ar\\\/wp-content\\\/uploads\\\/2026\\\/04\\\/2704DENUNCIA.jpg\",\"articleSection\":[\"Pol\u00edtica\"],\"inLanguage\":\"es-AR\",\"potentialAction\":[{\"@type\":\"CommentAction\",\"name\":\"Comment\",\"target\":[\"https:\\\/\\\/aldiachaco.com.ar\\\/index.php\\\/2026\\\/04\\\/27\\\/el-ministro-hugo-dominguez-denunciara-penalmente-al-concejal-bolatti-por-sus-mentiras-delirantes\\\/#respond\"]}]},{\"@type\":\"WebPage\",\"@id\":\"https:\\\/\\\/aldiachaco.com.ar\\\/index.php\\\/2026\\\/04\\\/27\\\/el-ministro-hugo-dominguez-denunciara-penalmente-al-concejal-bolatti-por-sus-mentiras-delirantes\\\/\",\"url\":\"https:\\\/\\\/aldiachaco.com.ar\\\/index.php\\\/2026\\\/04\\\/27\\\/el-ministro-hugo-dominguez-denunciara-penalmente-al-concejal-bolatti-por-sus-mentiras-delirantes\\\/\",\"name\":\"El ministro Hugo Dom\u00ednguez denunciar\u00e1 penalmente al concejal Bolatti por \\\"sus mentiras delirantes\\\" | Al Dia Chaco\",\"isPartOf\":{\"@id\":\"https:\\\/\\\/aldiachaco.com.ar\\\/#website\"},\"primaryImageOfPage\":{\"@id\":\"https:\\\/\\\/aldiachaco.com.ar\\\/index.php\\\/2026\\\/04\\\/27\\\/el-ministro-hugo-dominguez-denunciara-penalmente-al-concejal-bolatti-por-sus-mentiras-delirantes\\\/#primaryimage\"},\"image\":{\"@id\":\"https:\\\/\\\/aldiachaco.com.ar\\\/index.php\\\/2026\\\/04\\\/27\\\/el-ministro-hugo-dominguez-denunciara-penalmente-al-concejal-bolatti-por-sus-mentiras-delirantes\\\/#primaryimage\"},\"thumbnailUrl\":\"https:\\\/\\\/aldiachaco.com.ar\\\/wp-content\\\/uploads\\\/2026\\\/04\\\/2704DENUNCIA.jpg\",\"datePublished\":\"2026-04-27T13:20:34+00:00\",\"breadcrumb\":{\"@id\":\"https:\\\/\\\/aldiachaco.com.ar\\\/index.php\\\/2026\\\/04\\\/27\\\/el-ministro-hugo-dominguez-denunciara-penalmente-al-concejal-bolatti-por-sus-mentiras-delirantes\\\/#breadcrumb\"},\"inLanguage\":\"es-AR\",\"potentialAction\":[{\"@type\":\"ReadAction\",\"target\":[\"https:\\\/\\\/aldiachaco.com.ar\\\/index.php\\\/2026\\\/04\\\/27\\\/el-ministro-hugo-dominguez-denunciara-penalmente-al-concejal-bolatti-por-sus-mentiras-delirantes\\\/\"]}]},{\"@type\":\"ImageObject\",\"inLanguage\":\"es-AR\",\"@id\":\"https:\\\/\\\/aldiachaco.com.ar\\\/index.php\\\/2026\\\/04\\\/27\\\/el-ministro-hugo-dominguez-denunciara-penalmente-al-concejal-bolatti-por-sus-mentiras-delirantes\\\/#primaryimage\",\"url\":\"https:\\\/\\\/aldiachaco.com.ar\\\/wp-content\\\/uploads\\\/2026\\\/04\\\/2704DENUNCIA.jpg\",\"contentUrl\":\"https:\\\/\\\/aldiachaco.com.ar\\\/wp-content\\\/uploads\\\/2026\\\/04\\\/2704DENUNCIA.jpg\",\"width\":1600,\"height\":1390},{\"@type\":\"BreadcrumbList\",\"@id\":\"https:\\\/\\\/aldiachaco.com.ar\\\/index.php\\\/2026\\\/04\\\/27\\\/el-ministro-hugo-dominguez-denunciara-penalmente-al-concejal-bolatti-por-sus-mentiras-delirantes\\\/#breadcrumb\",\"itemListElement\":[{\"@type\":\"ListItem\",\"position\":1,\"name\":\"Home\",\"item\":\"https:\\\/\\\/aldiachaco.com.ar\\\/\"},{\"@type\":\"ListItem\",\"position\":2,\"name\":\"El ministro Hugo Dom\u00ednguez denunciar\u00e1 penalmente al concejal Bolatti por &#8220;sus mentiras delirantes&#8221;\"}]},{\"@type\":\"WebSite\",\"@id\":\"https:\\\/\\\/aldiachaco.com.ar\\\/#website\",\"url\":\"https:\\\/\\\/aldiachaco.com.ar\\\/\",\"name\":\"Al Dia Chaco\",\"description\":\"Noticias del Chaco y el mundo\",\"publisher\":{\"@id\":\"https:\\\/\\\/aldiachaco.com.ar\\\/#organization\"},\"alternateName\":\"Al D\u00eda Chaco\",\"potentialAction\":[{\"@type\":\"SearchAction\",\"target\":{\"@type\":\"EntryPoint\",\"urlTemplate\":\"https:\\\/\\\/aldiachaco.com.ar\\\/?s={search_term_string}\"},\"query-input\":{\"@type\":\"PropertyValueSpecification\",\"valueRequired\":true,\"valueName\":\"search_term_string\"}}],\"inLanguage\":\"es-AR\"},{\"@type\":\"Organization\",\"@id\":\"https:\\\/\\\/aldiachaco.com.ar\\\/#organization\",\"name\":\"Al Dia Chaco\",\"url\":\"https:\\\/\\\/aldiachaco.com.ar\\\/\",\"logo\":{\"@type\":\"ImageObject\",\"inLanguage\":\"es-AR\",\"@id\":\"https:\\\/\\\/aldiachaco.com.ar\\\/#\\\/schema\\\/logo\\\/image\\\/\",\"url\":\"https:\\\/\\\/aldiachaco.com.ar\\\/wp-content\\\/uploads\\\/2017\\\/11\\\/AL-DIA-CHACO-L@2x.png\",\"contentUrl\":\"https:\\\/\\\/aldiachaco.com.ar\\\/wp-content\\\/uploads\\\/2017\\\/11\\\/AL-DIA-CHACO-L@2x.png\",\"width\":232,\"height\":60,\"caption\":\"Al Dia Chaco\"},\"image\":{\"@id\":\"https:\\\/\\\/aldiachaco.com.ar\\\/#\\\/schema\\\/logo\\\/image\\\/\"}},{\"@type\":\"Person\",\"@id\":\"https:\\\/\\\/aldiachaco.com.ar\\\/#\\\/schema\\\/person\\\/b24e975af8022082f5889a7a7299e962\",\"name\":\"RedaccionRM\",\"image\":{\"@type\":\"ImageObject\",\"inLanguage\":\"es-AR\",\"@id\":\"https:\\\/\\\/aldiachaco.com.ar\\\/wp-content\\\/litespeed\\\/avatar\\\/a30118fcb7a6295303f1c91164c6aba1.jpg?ver=1776734264\",\"url\":\"https:\\\/\\\/aldiachaco.com.ar\\\/wp-content\\\/litespeed\\\/avatar\\\/a30118fcb7a6295303f1c91164c6aba1.jpg?ver=1776734264\",\"contentUrl\":\"https:\\\/\\\/aldiachaco.com.ar\\\/wp-content\\\/litespeed\\\/avatar\\\/a30118fcb7a6295303f1c91164c6aba1.jpg?ver=1776734264\",\"caption\":\"RedaccionRM\"},\"url\":\"https:\\\/\\\/aldiachaco.com.ar\\\/index.php\\\/author\\\/redaccionrm\\\/\"}]}<\/script>\n<!-- \/ Yoast SEO plugin. -->","yoast_head_json":{"title":"El ministro Hugo Dom\u00ednguez denunciar\u00e1 penalmente al concejal Bolatti por \"sus mentiras delirantes\" | Al Dia Chaco","robots":{"index":"index","follow":"follow","max-snippet":"max-snippet:-1","max-image-preview":"max-image-preview:large","max-video-preview":"max-video-preview:-1"},"canonical":"https:\/\/aldiachaco.com.ar\/index.php\/2026\/04\/27\/el-ministro-hugo-dominguez-denunciara-penalmente-al-concejal-bolatti-por-sus-mentiras-delirantes\/","og_locale":"es_ES","og_type":"article","og_title":"El ministro Hugo Dom\u00ednguez denunciar\u00e1 penalmente al concejal Bolatti por \"sus mentiras delirantes\" | Al Dia Chaco","og_description":"El ministro de Infraestructura, Hugo Dom\u00ednguez, denunciar\u00e1 penalmente al concejal de Resistencia, Fabricio Bolatti, a ra\u00edz de la difusi\u00f3n de publicaciones en redes sociales que contienen &#8220;acusaciones mentirosas, infundadas y delirantes&#8221;, las cuales lesionan gravemente su honor y reputaci\u00f3n. &#8220;Las afirmaciones mentirosas del concejal tendr\u00e1n consecuencias y va a tener que pagar por lo que &hellip;","og_url":"https:\/\/aldiachaco.com.ar\/index.php\/2026\/04\/27\/el-ministro-hugo-dominguez-denunciara-penalmente-al-concejal-bolatti-por-sus-mentiras-delirantes\/","og_site_name":"Al Dia Chaco","article_published_time":"2026-04-27T13:20:34+00:00","og_image":[{"width":1600,"height":1390,"url":"https:\/\/aldiachaco.com.ar\/wp-content\/uploads\/2026\/04\/2704DENUNCIA.jpg","type":"image\/jpeg"}],"author":"RedaccionRM","twitter_card":"summary_large_image","twitter_misc":{"Escrito por":"RedaccionRM","Tiempo de lectura":"2 minutos"},"schema":{"@context":"https:\/\/schema.org","@graph":[{"@type":"Article","@id":"https:\/\/aldiachaco.com.ar\/index.php\/2026\/04\/27\/el-ministro-hugo-dominguez-denunciara-penalmente-al-concejal-bolatti-por-sus-mentiras-delirantes\/#article","isPartOf":{"@id":"https:\/\/aldiachaco.com.ar\/index.php\/2026\/04\/27\/el-ministro-hugo-dominguez-denunciara-penalmente-al-concejal-bolatti-por-sus-mentiras-delirantes\/"},"author":{"name":"RedaccionRM","@id":"https:\/\/aldiachaco.com.ar\/#\/schema\/person\/b24e975af8022082f5889a7a7299e962"},"headline":"El ministro Hugo Dom\u00ednguez denunciar\u00e1 penalmente al concejal Bolatti por &#8220;sus mentiras delirantes&#8221;","datePublished":"2026-04-27T13:20:34+00:00","mainEntityOfPage":{"@id":"https:\/\/aldiachaco.com.ar\/index.php\/2026\/04\/27\/el-ministro-hugo-dominguez-denunciara-penalmente-al-concejal-bolatti-por-sus-mentiras-delirantes\/"},"wordCount":431,"commentCount":0,"publisher":{"@id":"https:\/\/aldiachaco.com.ar\/#organization"},"image":{"@id":"https:\/\/aldiachaco.com.ar\/index.php\/2026\/04\/27\/el-ministro-hugo-dominguez-denunciara-penalmente-al-concejal-bolatti-por-sus-mentiras-delirantes\/#primaryimage"},"thumbnailUrl":"https:\/\/aldiachaco.com.ar\/wp-content\/uploads\/2026\/04\/2704DENUNCIA.jpg","articleSection":["Pol\u00edtica"],"inLanguage":"es-AR","potentialAction":[{"@type":"CommentAction","name":"Comment","target":["https:\/\/aldiachaco.com.ar\/index.php\/2026\/04\/27\/el-ministro-hugo-dominguez-denunciara-penalmente-al-concejal-bolatti-por-sus-mentiras-delirantes\/#respond"]}]},{"@type":"WebPage","@id":"https:\/\/aldiachaco.com.ar\/index.php\/2026\/04\/27\/el-ministro-hugo-dominguez-denunciara-penalmente-al-concejal-bolatti-por-sus-mentiras-delirantes\/","url":"https:\/\/aldiachaco.com.ar\/index.php\/2026\/04\/27\/el-ministro-hugo-dominguez-denunciara-penalmente-al-concejal-bolatti-por-sus-mentiras-delirantes\/","name":"El ministro Hugo Dom\u00ednguez denunciar\u00e1 penalmente al concejal Bolatti por \"sus mentiras delirantes\" | Al Dia Chaco","isPartOf":{"@id":"https:\/\/aldiachaco.com.ar\/#website"},"primaryImageOfPage":{"@id":"https:\/\/aldiachaco.com.ar\/index.php\/2026\/04\/27\/el-ministro-hugo-dominguez-denunciara-penalmente-al-concejal-bolatti-por-sus-mentiras-delirantes\/#primaryimage"},"image":{"@id":"https:\/\/aldiachaco.com.ar\/index.php\/2026\/04\/27\/el-ministro-hugo-dominguez-denunciara-penalmente-al-concejal-bolatti-por-sus-mentiras-delirantes\/#primaryimage"},"thumbnailUrl":"https:\/\/aldiachaco.com.ar\/wp-content\/uploads\/2026\/04\/2704DENUNCIA.jpg","datePublished":"2026-04-27T13:20:34+00:00","breadcrumb":{"@id":"https:\/\/aldiachaco.com.ar\/index.php\/2026\/04\/27\/el-ministro-hugo-dominguez-denunciara-penalmente-al-concejal-bolatti-por-sus-mentiras-delirantes\/#breadcrumb"},"inLanguage":"es-AR","potentialAction":[{"@type":"ReadAction","target":["https:\/\/aldiachaco.com.ar\/index.php\/2026\/04\/27\/el-ministro-hugo-dominguez-denunciara-penalmente-al-concejal-bolatti-por-sus-mentiras-delirantes\/"]}]},{"@type":"ImageObject","inLanguage":"es-AR","@id":"https:\/\/aldiachaco.com.ar\/index.php\/2026\/04\/27\/el-ministro-hugo-dominguez-denunciara-penalmente-al-concejal-bolatti-por-sus-mentiras-delirantes\/#primaryimage","url":"https:\/\/aldiachaco.com.ar\/wp-content\/uploads\/2026\/04\/2704DENUNCIA.jpg","contentUrl":"https:\/\/aldiachaco.com.ar\/wp-content\/uploads\/2026\/04\/2704DENUNCIA.jpg","width":1600,"height":1390},{"@type":"BreadcrumbList","@id":"https:\/\/aldiachaco.com.ar\/index.php\/2026\/04\/27\/el-ministro-hugo-dominguez-denunciara-penalmente-al-concejal-bolatti-por-sus-mentiras-delirantes\/#breadcrumb","itemListElement":[{"@type":"ListItem","position":1,"name":"Home","item":"https:\/\/aldiachaco.com.ar\/"},{"@type":"ListItem","position":2,"name":"El ministro Hugo Dom\u00ednguez denunciar\u00e1 penalmente al concejal Bolatti por &#8220;sus mentiras delirantes&#8221;"}]},{"@type":"WebSite","@id":"https:\/\/aldiachaco.com.ar\/#website","url":"https:\/\/aldiachaco.com.ar\/","name":"Al Dia Chaco","description":"Noticias del Chaco y el mundo","publisher":{"@id":"https:\/\/aldiachaco.com.ar\/#organization"},"alternateName":"Al D\u00eda Chaco","potentialAction":[{"@type":"SearchAction","target":{"@type":"EntryPoint","urlTemplate":"https:\/\/aldiachaco.com.ar\/?s={search_term_string}"},"query-input":{"@type":"PropertyValueSpecification","valueRequired":true,"valueName":"search_term_string"}}],"inLanguage":"es-AR"},{"@type":"Organization","@id":"https:\/\/aldiachaco.com.ar\/#organization","name":"Al Dia Chaco","url":"https:\/\/aldiachaco.com.ar\/","logo":{"@type":"ImageObject","inLanguage":"es-AR","@id":"https:\/\/aldiachaco.com.ar\/#\/schema\/logo\/image\/","url":"https:\/\/aldiachaco.com.ar\/wp-content\/uploads\/2017\/11\/AL-DIA-CHACO-L@2x.png","contentUrl":"https:\/\/aldiachaco.com.ar\/wp-content\/uploads\/2017\/11\/AL-DIA-CHACO-L@2x.png","width":232,"height":60,"caption":"Al Dia Chaco"},"image":{"@id":"https:\/\/aldiachaco.com.ar\/#\/schema\/logo\/image\/"}},{"@type":"Person","@id":"https:\/\/aldiachaco.com.ar\/#\/schema\/person\/b24e975af8022082f5889a7a7299e962","name":"RedaccionRM","image":{"@type":"ImageObject","inLanguage":"es-AR","@id":"https:\/\/aldiachaco.com.ar\/wp-content\/litespeed\/avatar\/a30118fcb7a6295303f1c91164c6aba1.jpg?ver=1776734264","url":"https:\/\/aldiachaco.com.ar\/wp-content\/litespeed\/avatar\/a30118fcb7a6295303f1c91164c6aba1.jpg?ver=1776734264","contentUrl":"https:\/\/aldiachaco.com.ar\/wp-content\/litespeed\/avatar\/a30118fcb7a6295303f1c91164c6aba1.jpg?ver=1776734264","caption":"RedaccionRM"},"url":"https:\/\/aldiachaco.com.ar\/index.php\/author\/redaccionrm\/"}]}},"jetpack_publicize_connections":[],"jetpack_featured_media_url":"https:\/\/aldiachaco.com.ar\/wp-content\/uploads\/2026\/04\/2704DENUNCIA.jpg","jetpack_sharing_enabled":true,"amp_enabled":true,"_links":{"self":[{"href":"https:\/\/aldiachaco.com.ar\/index.php\/wp-json\/wp\/v2\/posts\/118281","targetHints":{"allow":["GET"]}}],"collection":[{"href":"https:\/\/aldiachaco.com.ar\/index.php\/wp-json\/wp\/v2\/posts"}],"about":[{"href":"https:\/\/aldiachaco.com.ar\/index.php\/wp-json\/wp\/v2\/types\/post"}],"author":[{"embeddable":true,"href":"https:\/\/aldiachaco.com.ar\/index.php\/wp-json\/wp\/v2\/users\/9"}],"replies":[{"embeddable":true,"href":"https:\/\/aldiachaco.com.ar\/index.php\/wp-json\/wp\/v2\/comments?post=118281"}],"version-history":[{"count":1,"href":"https:\/\/aldiachaco.com.ar\/index.php\/wp-json\/wp\/v2\/posts\/118281\/revisions"}],"predecessor-version":[{"id":118283,"href":"https:\/\/aldiachaco.com.ar\/index.php\/wp-json\/wp\/v2\/posts\/118281\/revisions\/118283"}],"wp:featuredmedia":[{"embeddable":true,"href":"https:\/\/aldiachaco.com.ar\/index.php\/wp-json\/wp\/v2\/media\/118282"}],"wp:attachment":[{"href":"https:\/\/aldiachaco.com.ar\/index.php\/wp-json\/wp\/v2\/media?parent=118281"}],"wp:term":[{"taxonomy":"category","embeddable":true,"href":"https:\/\/aldiachaco.com.ar\/index.php\/wp-json\/wp\/v2\/categories?post=118281"},{"taxonomy":"post_tag","embeddable":true,"href":"https:\/\/aldiachaco.com.ar\/index.php\/wp-json\/wp\/v2\/tags?post=118281"}],"curies":[{"name":"wp","href":"https:\/\/api.w.org\/{rel}","templated":true}]}}