{"id":118278,"date":"2026-04-27T10:01:31","date_gmt":"2026-04-27T13:01:31","guid":{"rendered":"https:\/\/aldiachaco.com.ar\/?p=118278"},"modified":"2026-04-27T10:01:31","modified_gmt":"2026-04-27T13:01:31","slug":"desplazaron-a-carlos-frugoni-el-funcionario-que-reconocio-tener-propiedades-sin-declarar-en-miami","status":"publish","type":"post","link":"https:\/\/aldiachaco.com.ar\/index.php\/2026\/04\/27\/desplazaron-a-carlos-frugoni-el-funcionario-que-reconocio-tener-propiedades-sin-declarar-en-miami\/","title":{"rendered":"Desplazaron a Carlos Frugoni, el funcionario que reconoci\u00f3 tener propiedades sin declarar en Miami"},"content":{"rendered":"<p class=\"ds-markdown-paragraph\">El secretario de Coordinaci\u00f3n de Infraestructura del Ministerio de Econom\u00eda, Carlos Frugoni, renunci\u00f3 a su cargo a pocos d\u00edas de conocerse que hab\u00eda omitido en su declaraci\u00f3n jurada una serie de propiedades en Estados Unidos, informaron fuentes gubernamentales a Infobae. Voceros del Ministerio de Econom\u00eda se\u00f1alaron que el titular de la cartera, Luis &#8220;Toto&#8221; Caputo, le acept\u00f3 la dimisi\u00f3n.<\/p>\n<p class=\"ds-markdown-paragraph\">El funcionario present\u00f3 su renuncia tras hacerse p\u00fablico que no declar\u00f3 siete propiedades inmobiliarias en Miami y Palm Beach adquiridas entre 2020 y 2022 mediante sociedades de responsabilidad limitada constituidas en Delaware, Estados Unidos. Esta situaci\u00f3n, sumada a un crecimiento significativo de su patrimonio y a denuncias radicadas tanto en la justicia federal como en la Oficina Anticorrupci\u00f3n, desencaden\u00f3 su salida ante una crisis de confianza sobre la transparencia y la integridad en la funci\u00f3n p\u00fablica.<\/p>\n<p class=\"ds-markdown-paragraph\">En los \u00faltimos d\u00edas, Frugoni admiti\u00f3 ante el periodista Nicol\u00e1s Wi\u00f1aski su error al omitir las propiedades adquiridas en Estados Unidos de su declaraci\u00f3n jurada. &#8220;Comet\u00ed un error. Estaba rectificando esta situaci\u00f3n porque ahora soy funcionario nacional. Me equivoqu\u00e9. Tambi\u00e9n voy a incluir a los departamentos en ARCA&#8221;, reconoci\u00f3.<\/p>\n<p class=\"ds-markdown-paragraph\">Al menos cinco inmuebles fueron identificados en registros oficiales del condado de Palm Beach, con valores entre USD 215.000 y USD 216.000. Entre ellos se encuentran el apartamento 626 de 5187 Oak Hill Lane en Delray Beach; el departamento 309 de 300 Waterway Drive South en Lantana; una unidad en 13212 Glenmoor Drive en West Palm Beach; el departamento 203 de 3516 Whitehall Drive en West Palm Beach; y el apartamento 125 de 3605 South Ocean Boulevard en South Palm Beach.<\/p>\n<p class=\"ds-markdown-paragraph\">Especialistas destacan que las adquisiciones inmobiliarias se realizaron a trav\u00e9s de sociedades de responsabilidad limitada como Genova y Waki, constituidas en Delaware en 2021 y 2025, respectivamente. Ninguna fue informada ante las autoridades argentinas. Frugoni justific\u00f3 sus omisiones afirmando que hasta ese momento solo tributaba en Estados Unidos, pero asegur\u00f3 que regularizar\u00eda la situaci\u00f3n al asumir su cargo nacional.<\/p>\n<p class=\"ds-markdown-paragraph\">Seg\u00fan la misma investigaci\u00f3n, en 2019, Frugoni declar\u00f3 USD 98.000 en caja y tres millones de pesos en acciones. Luego de las compras en Miami, sus acciones superaron los 40 millones de pesos en 2023 y declar\u00f3 inversiones en 16 empresas junto a dep\u00f3sitos de 400.000 d\u00f3lares en el exterior.<\/p>\n<p class=\"ds-markdown-paragraph\">Las revelaciones impulsaron denuncias judiciales lideradas por el abogado Alejandro D\u00edaz Pascual y el legislador Facundo Del Gaiso. Las causas recayeron en el juzgado federal a cargo del juez Daniel Rafecas e implican presuntos delitos por ocultar un patrimonio superior a 1,5 millones de d\u00f3lares. La Oficina de Integridad P\u00fablica porte\u00f1a (OIP) sancion\u00f3 a Frugoni en reiteradas oportunidades por incumplimiento en la presentaci\u00f3n de declaraciones juradas.<\/p>\n<p class=\"ds-markdown-paragraph\">En el Gobierno marcaron diferencias entre el caso de Frugoni y el de Manuel Adorni, al considerar que la situaci\u00f3n del jefe de Gabinete no involucr\u00f3 omisiones ni hechos de corrupci\u00f3n. &#8220;Nos llama la atenci\u00f3n que los medios sean tan diferentes con el que es un esc\u00e1ndalo en serio que con lo que fueron con Manuel, que todos saben que es una pelotudez sin corrupci\u00f3n ni omisi\u00f3n&#8221;, coment\u00f3 una fuente cercana al despacho presidencial. Otro funcionario compar\u00f3 la magnitud de los bienes involucrados: &#8220;Est\u00e1s comparando siete casas en Miami con dos propiedades en Argentina. Tiene que aclarar el tema&#8221;.<\/p>\n","protected":false},"excerpt":{"rendered":"<p>El secretario de Coordinaci\u00f3n de Infraestructura del Ministerio de Econom\u00eda, Carlos Frugoni, renunci\u00f3 a su cargo a pocos d\u00edas de conocerse que hab\u00eda omitido en su declaraci\u00f3n jurada una serie de propiedades en Estados Unidos, informaron fuentes gubernamentales a Infobae. Voceros del Ministerio de Econom\u00eda se\u00f1alaron que el titular de la cartera, Luis &#8220;Toto&#8221; Caputo, &hellip;<\/p>\n","protected":false},"author":9,"featured_media":118279,"comment_status":"open","ping_status":"open","sticky":false,"template":"","format":"standard","meta":{"content-type":"","_monsterinsights_skip_tracking":false,"_monsterinsights_sitenote_active":false,"_monsterinsights_sitenote_note":"","_monsterinsights_sitenote_category":0,"_jetpack_memberships_contains_paid_content":false,"footnotes":"","jetpack_publicize_message":"","jetpack_publicize_feature_enabled":true,"jetpack_social_post_already_shared":true,"jetpack_social_options":{"image_generator_settings":{"template":"highway","default_image_id":0,"font":"","enabled":false},"version":2}},"categories":[153],"tags":[],"class_list":["post-118278","post","type-post","status-publish","format-standard","has-post-thumbnail","hentry","category-politica"],"yoast_head":"<!-- This site is optimized with the Yoast SEO plugin v27.4 - https:\/\/yoast.com\/product\/yoast-seo-wordpress\/ -->\n<title>Desplazaron a Carlos Frugoni, el funcionario que reconoci\u00f3 tener propiedades sin declarar en Miami | Al Dia Chaco<\/title>\n<meta name=\"robots\" content=\"index, follow, max-snippet:-1, max-image-preview:large, max-video-preview:-1\" \/>\n<link rel=\"canonical\" href=\"https:\/\/aldiachaco.com.ar\/index.php\/2026\/04\/27\/desplazaron-a-carlos-frugoni-el-funcionario-que-reconocio-tener-propiedades-sin-declarar-en-miami\/\" \/>\n<meta property=\"og:locale\" content=\"es_ES\" \/>\n<meta property=\"og:type\" content=\"article\" \/>\n<meta property=\"og:title\" content=\"Desplazaron a Carlos Frugoni, el funcionario que reconoci\u00f3 tener propiedades sin declarar en Miami | Al Dia Chaco\" \/>\n<meta property=\"og:description\" content=\"El secretario de Coordinaci\u00f3n de Infraestructura del Ministerio de Econom\u00eda, Carlos Frugoni, renunci\u00f3 a su cargo a pocos d\u00edas de conocerse que hab\u00eda omitido en su declaraci\u00f3n jurada una serie de propiedades en Estados Unidos, informaron fuentes gubernamentales a Infobae. Voceros del Ministerio de Econom\u00eda se\u00f1alaron que el titular de la cartera, Luis &#8220;Toto&#8221; Caputo, &hellip;\" \/>\n<meta property=\"og:url\" content=\"https:\/\/aldiachaco.com.ar\/index.php\/2026\/04\/27\/desplazaron-a-carlos-frugoni-el-funcionario-que-reconocio-tener-propiedades-sin-declarar-en-miami\/\" \/>\n<meta property=\"og:site_name\" content=\"Al Dia Chaco\" \/>\n<meta property=\"article:published_time\" content=\"2026-04-27T13:01:31+00:00\" \/>\n<meta property=\"og:image\" content=\"https:\/\/aldiachaco.com.ar\/wp-content\/uploads\/2026\/04\/Captura-de-pantalla-2026-04-27-095753.png\" \/>\n\t<meta property=\"og:image:width\" content=\"995\" \/>\n\t<meta property=\"og:image:height\" content=\"581\" \/>\n\t<meta property=\"og:image:type\" content=\"image\/png\" \/>\n<meta name=\"author\" content=\"RedaccionRM\" \/>\n<meta name=\"twitter:card\" content=\"summary_large_image\" \/>\n<meta name=\"twitter:label1\" content=\"Escrito por\" \/>\n\t<meta name=\"twitter:data1\" content=\"RedaccionRM\" \/>\n\t<meta name=\"twitter:label2\" content=\"Tiempo de lectura\" \/>\n\t<meta name=\"twitter:data2\" content=\"3 minutos\" \/>\n<script type=\"application\/ld+json\" class=\"yoast-schema-graph\">{\"@context\":\"https:\\\/\\\/schema.org\",\"@graph\":[{\"@type\":\"Article\",\"@id\":\"https:\\\/\\\/aldiachaco.com.ar\\\/index.php\\\/2026\\\/04\\\/27\\\/desplazaron-a-carlos-frugoni-el-funcionario-que-reconocio-tener-propiedades-sin-declarar-en-miami\\\/#article\",\"isPartOf\":{\"@id\":\"https:\\\/\\\/aldiachaco.com.ar\\\/index.php\\\/2026\\\/04\\\/27\\\/desplazaron-a-carlos-frugoni-el-funcionario-que-reconocio-tener-propiedades-sin-declarar-en-miami\\\/\"},\"author\":{\"name\":\"RedaccionRM\",\"@id\":\"https:\\\/\\\/aldiachaco.com.ar\\\/#\\\/schema\\\/person\\\/b24e975af8022082f5889a7a7299e962\"},\"headline\":\"Desplazaron a Carlos Frugoni, el funcionario que reconoci\u00f3 tener propiedades sin declarar en Miami\",\"datePublished\":\"2026-04-27T13:01:31+00:00\",\"mainEntityOfPage\":{\"@id\":\"https:\\\/\\\/aldiachaco.com.ar\\\/index.php\\\/2026\\\/04\\\/27\\\/desplazaron-a-carlos-frugoni-el-funcionario-que-reconocio-tener-propiedades-sin-declarar-en-miami\\\/\"},\"wordCount\":569,\"commentCount\":0,\"publisher\":{\"@id\":\"https:\\\/\\\/aldiachaco.com.ar\\\/#organization\"},\"image\":{\"@id\":\"https:\\\/\\\/aldiachaco.com.ar\\\/index.php\\\/2026\\\/04\\\/27\\\/desplazaron-a-carlos-frugoni-el-funcionario-que-reconocio-tener-propiedades-sin-declarar-en-miami\\\/#primaryimage\"},\"thumbnailUrl\":\"https:\\\/\\\/aldiachaco.com.ar\\\/wp-content\\\/uploads\\\/2026\\\/04\\\/Captura-de-pantalla-2026-04-27-095753.png\",\"articleSection\":[\"Pol\u00edtica\"],\"inLanguage\":\"es-AR\",\"potentialAction\":[{\"@type\":\"CommentAction\",\"name\":\"Comment\",\"target\":[\"https:\\\/\\\/aldiachaco.com.ar\\\/index.php\\\/2026\\\/04\\\/27\\\/desplazaron-a-carlos-frugoni-el-funcionario-que-reconocio-tener-propiedades-sin-declarar-en-miami\\\/#respond\"]}]},{\"@type\":\"WebPage\",\"@id\":\"https:\\\/\\\/aldiachaco.com.ar\\\/index.php\\\/2026\\\/04\\\/27\\\/desplazaron-a-carlos-frugoni-el-funcionario-que-reconocio-tener-propiedades-sin-declarar-en-miami\\\/\",\"url\":\"https:\\\/\\\/aldiachaco.com.ar\\\/index.php\\\/2026\\\/04\\\/27\\\/desplazaron-a-carlos-frugoni-el-funcionario-que-reconocio-tener-propiedades-sin-declarar-en-miami\\\/\",\"name\":\"Desplazaron a Carlos Frugoni, el funcionario que reconoci\u00f3 tener propiedades sin declarar en Miami | Al Dia Chaco\",\"isPartOf\":{\"@id\":\"https:\\\/\\\/aldiachaco.com.ar\\\/#website\"},\"primaryImageOfPage\":{\"@id\":\"https:\\\/\\\/aldiachaco.com.ar\\\/index.php\\\/2026\\\/04\\\/27\\\/desplazaron-a-carlos-frugoni-el-funcionario-que-reconocio-tener-propiedades-sin-declarar-en-miami\\\/#primaryimage\"},\"image\":{\"@id\":\"https:\\\/\\\/aldiachaco.com.ar\\\/index.php\\\/2026\\\/04\\\/27\\\/desplazaron-a-carlos-frugoni-el-funcionario-que-reconocio-tener-propiedades-sin-declarar-en-miami\\\/#primaryimage\"},\"thumbnailUrl\":\"https:\\\/\\\/aldiachaco.com.ar\\\/wp-content\\\/uploads\\\/2026\\\/04\\\/Captura-de-pantalla-2026-04-27-095753.png\",\"datePublished\":\"2026-04-27T13:01:31+00:00\",\"breadcrumb\":{\"@id\":\"https:\\\/\\\/aldiachaco.com.ar\\\/index.php\\\/2026\\\/04\\\/27\\\/desplazaron-a-carlos-frugoni-el-funcionario-que-reconocio-tener-propiedades-sin-declarar-en-miami\\\/#breadcrumb\"},\"inLanguage\":\"es-AR\",\"potentialAction\":[{\"@type\":\"ReadAction\",\"target\":[\"https:\\\/\\\/aldiachaco.com.ar\\\/index.php\\\/2026\\\/04\\\/27\\\/desplazaron-a-carlos-frugoni-el-funcionario-que-reconocio-tener-propiedades-sin-declarar-en-miami\\\/\"]}]},{\"@type\":\"ImageObject\",\"inLanguage\":\"es-AR\",\"@id\":\"https:\\\/\\\/aldiachaco.com.ar\\\/index.php\\\/2026\\\/04\\\/27\\\/desplazaron-a-carlos-frugoni-el-funcionario-que-reconocio-tener-propiedades-sin-declarar-en-miami\\\/#primaryimage\",\"url\":\"https:\\\/\\\/aldiachaco.com.ar\\\/wp-content\\\/uploads\\\/2026\\\/04\\\/Captura-de-pantalla-2026-04-27-095753.png\",\"contentUrl\":\"https:\\\/\\\/aldiachaco.com.ar\\\/wp-content\\\/uploads\\\/2026\\\/04\\\/Captura-de-pantalla-2026-04-27-095753.png\",\"width\":995,\"height\":581},{\"@type\":\"BreadcrumbList\",\"@id\":\"https:\\\/\\\/aldiachaco.com.ar\\\/index.php\\\/2026\\\/04\\\/27\\\/desplazaron-a-carlos-frugoni-el-funcionario-que-reconocio-tener-propiedades-sin-declarar-en-miami\\\/#breadcrumb\",\"itemListElement\":[{\"@type\":\"ListItem\",\"position\":1,\"name\":\"Home\",\"item\":\"https:\\\/\\\/aldiachaco.com.ar\\\/\"},{\"@type\":\"ListItem\",\"position\":2,\"name\":\"Desplazaron a Carlos Frugoni, el funcionario que reconoci\u00f3 tener propiedades sin declarar en Miami\"}]},{\"@type\":\"WebSite\",\"@id\":\"https:\\\/\\\/aldiachaco.com.ar\\\/#website\",\"url\":\"https:\\\/\\\/aldiachaco.com.ar\\\/\",\"name\":\"Al Dia Chaco\",\"description\":\"Noticias del Chaco y el mundo\",\"publisher\":{\"@id\":\"https:\\\/\\\/aldiachaco.com.ar\\\/#organization\"},\"alternateName\":\"Al D\u00eda Chaco\",\"potentialAction\":[{\"@type\":\"SearchAction\",\"target\":{\"@type\":\"EntryPoint\",\"urlTemplate\":\"https:\\\/\\\/aldiachaco.com.ar\\\/?s={search_term_string}\"},\"query-input\":{\"@type\":\"PropertyValueSpecification\",\"valueRequired\":true,\"valueName\":\"search_term_string\"}}],\"inLanguage\":\"es-AR\"},{\"@type\":\"Organization\",\"@id\":\"https:\\\/\\\/aldiachaco.com.ar\\\/#organization\",\"name\":\"Al Dia Chaco\",\"url\":\"https:\\\/\\\/aldiachaco.com.ar\\\/\",\"logo\":{\"@type\":\"ImageObject\",\"inLanguage\":\"es-AR\",\"@id\":\"https:\\\/\\\/aldiachaco.com.ar\\\/#\\\/schema\\\/logo\\\/image\\\/\",\"url\":\"https:\\\/\\\/aldiachaco.com.ar\\\/wp-content\\\/uploads\\\/2017\\\/11\\\/AL-DIA-CHACO-L@2x.png\",\"contentUrl\":\"https:\\\/\\\/aldiachaco.com.ar\\\/wp-content\\\/uploads\\\/2017\\\/11\\\/AL-DIA-CHACO-L@2x.png\",\"width\":232,\"height\":60,\"caption\":\"Al Dia Chaco\"},\"image\":{\"@id\":\"https:\\\/\\\/aldiachaco.com.ar\\\/#\\\/schema\\\/logo\\\/image\\\/\"}},{\"@type\":\"Person\",\"@id\":\"https:\\\/\\\/aldiachaco.com.ar\\\/#\\\/schema\\\/person\\\/b24e975af8022082f5889a7a7299e962\",\"name\":\"RedaccionRM\",\"image\":{\"@type\":\"ImageObject\",\"inLanguage\":\"es-AR\",\"@id\":\"https:\\\/\\\/aldiachaco.com.ar\\\/wp-content\\\/litespeed\\\/avatar\\\/a30118fcb7a6295303f1c91164c6aba1.jpg?ver=1776734264\",\"url\":\"https:\\\/\\\/aldiachaco.com.ar\\\/wp-content\\\/litespeed\\\/avatar\\\/a30118fcb7a6295303f1c91164c6aba1.jpg?ver=1776734264\",\"contentUrl\":\"https:\\\/\\\/aldiachaco.com.ar\\\/wp-content\\\/litespeed\\\/avatar\\\/a30118fcb7a6295303f1c91164c6aba1.jpg?ver=1776734264\",\"caption\":\"RedaccionRM\"},\"url\":\"https:\\\/\\\/aldiachaco.com.ar\\\/index.php\\\/author\\\/redaccionrm\\\/\"}]}<\/script>\n<!-- \/ Yoast SEO plugin. -->","yoast_head_json":{"title":"Desplazaron a Carlos Frugoni, el funcionario que reconoci\u00f3 tener propiedades sin declarar en Miami | Al Dia Chaco","robots":{"index":"index","follow":"follow","max-snippet":"max-snippet:-1","max-image-preview":"max-image-preview:large","max-video-preview":"max-video-preview:-1"},"canonical":"https:\/\/aldiachaco.com.ar\/index.php\/2026\/04\/27\/desplazaron-a-carlos-frugoni-el-funcionario-que-reconocio-tener-propiedades-sin-declarar-en-miami\/","og_locale":"es_ES","og_type":"article","og_title":"Desplazaron a Carlos Frugoni, el funcionario que reconoci\u00f3 tener propiedades sin declarar en Miami | Al Dia Chaco","og_description":"El secretario de Coordinaci\u00f3n de Infraestructura del Ministerio de Econom\u00eda, Carlos Frugoni, renunci\u00f3 a su cargo a pocos d\u00edas de conocerse que hab\u00eda omitido en su declaraci\u00f3n jurada una serie de propiedades en Estados Unidos, informaron fuentes gubernamentales a Infobae. Voceros del Ministerio de Econom\u00eda se\u00f1alaron que el titular de la cartera, Luis &#8220;Toto&#8221; Caputo, &hellip;","og_url":"https:\/\/aldiachaco.com.ar\/index.php\/2026\/04\/27\/desplazaron-a-carlos-frugoni-el-funcionario-que-reconocio-tener-propiedades-sin-declarar-en-miami\/","og_site_name":"Al Dia Chaco","article_published_time":"2026-04-27T13:01:31+00:00","og_image":[{"width":995,"height":581,"url":"https:\/\/aldiachaco.com.ar\/wp-content\/uploads\/2026\/04\/Captura-de-pantalla-2026-04-27-095753.png","type":"image\/png"}],"author":"RedaccionRM","twitter_card":"summary_large_image","twitter_misc":{"Escrito por":"RedaccionRM","Tiempo de lectura":"3 minutos"},"schema":{"@context":"https:\/\/schema.org","@graph":[{"@type":"Article","@id":"https:\/\/aldiachaco.com.ar\/index.php\/2026\/04\/27\/desplazaron-a-carlos-frugoni-el-funcionario-que-reconocio-tener-propiedades-sin-declarar-en-miami\/#article","isPartOf":{"@id":"https:\/\/aldiachaco.com.ar\/index.php\/2026\/04\/27\/desplazaron-a-carlos-frugoni-el-funcionario-que-reconocio-tener-propiedades-sin-declarar-en-miami\/"},"author":{"name":"RedaccionRM","@id":"https:\/\/aldiachaco.com.ar\/#\/schema\/person\/b24e975af8022082f5889a7a7299e962"},"headline":"Desplazaron a Carlos Frugoni, el funcionario que reconoci\u00f3 tener propiedades sin declarar en Miami","datePublished":"2026-04-27T13:01:31+00:00","mainEntityOfPage":{"@id":"https:\/\/aldiachaco.com.ar\/index.php\/2026\/04\/27\/desplazaron-a-carlos-frugoni-el-funcionario-que-reconocio-tener-propiedades-sin-declarar-en-miami\/"},"wordCount":569,"commentCount":0,"publisher":{"@id":"https:\/\/aldiachaco.com.ar\/#organization"},"image":{"@id":"https:\/\/aldiachaco.com.ar\/index.php\/2026\/04\/27\/desplazaron-a-carlos-frugoni-el-funcionario-que-reconocio-tener-propiedades-sin-declarar-en-miami\/#primaryimage"},"thumbnailUrl":"https:\/\/aldiachaco.com.ar\/wp-content\/uploads\/2026\/04\/Captura-de-pantalla-2026-04-27-095753.png","articleSection":["Pol\u00edtica"],"inLanguage":"es-AR","potentialAction":[{"@type":"CommentAction","name":"Comment","target":["https:\/\/aldiachaco.com.ar\/index.php\/2026\/04\/27\/desplazaron-a-carlos-frugoni-el-funcionario-que-reconocio-tener-propiedades-sin-declarar-en-miami\/#respond"]}]},{"@type":"WebPage","@id":"https:\/\/aldiachaco.com.ar\/index.php\/2026\/04\/27\/desplazaron-a-carlos-frugoni-el-funcionario-que-reconocio-tener-propiedades-sin-declarar-en-miami\/","url":"https:\/\/aldiachaco.com.ar\/index.php\/2026\/04\/27\/desplazaron-a-carlos-frugoni-el-funcionario-que-reconocio-tener-propiedades-sin-declarar-en-miami\/","name":"Desplazaron a Carlos Frugoni, el funcionario que reconoci\u00f3 tener propiedades sin declarar en Miami | Al Dia Chaco","isPartOf":{"@id":"https:\/\/aldiachaco.com.ar\/#website"},"primaryImageOfPage":{"@id":"https:\/\/aldiachaco.com.ar\/index.php\/2026\/04\/27\/desplazaron-a-carlos-frugoni-el-funcionario-que-reconocio-tener-propiedades-sin-declarar-en-miami\/#primaryimage"},"image":{"@id":"https:\/\/aldiachaco.com.ar\/index.php\/2026\/04\/27\/desplazaron-a-carlos-frugoni-el-funcionario-que-reconocio-tener-propiedades-sin-declarar-en-miami\/#primaryimage"},"thumbnailUrl":"https:\/\/aldiachaco.com.ar\/wp-content\/uploads\/2026\/04\/Captura-de-pantalla-2026-04-27-095753.png","datePublished":"2026-04-27T13:01:31+00:00","breadcrumb":{"@id":"https:\/\/aldiachaco.com.ar\/index.php\/2026\/04\/27\/desplazaron-a-carlos-frugoni-el-funcionario-que-reconocio-tener-propiedades-sin-declarar-en-miami\/#breadcrumb"},"inLanguage":"es-AR","potentialAction":[{"@type":"ReadAction","target":["https:\/\/aldiachaco.com.ar\/index.php\/2026\/04\/27\/desplazaron-a-carlos-frugoni-el-funcionario-que-reconocio-tener-propiedades-sin-declarar-en-miami\/"]}]},{"@type":"ImageObject","inLanguage":"es-AR","@id":"https:\/\/aldiachaco.com.ar\/index.php\/2026\/04\/27\/desplazaron-a-carlos-frugoni-el-funcionario-que-reconocio-tener-propiedades-sin-declarar-en-miami\/#primaryimage","url":"https:\/\/aldiachaco.com.ar\/wp-content\/uploads\/2026\/04\/Captura-de-pantalla-2026-04-27-095753.png","contentUrl":"https:\/\/aldiachaco.com.ar\/wp-content\/uploads\/2026\/04\/Captura-de-pantalla-2026-04-27-095753.png","width":995,"height":581},{"@type":"BreadcrumbList","@id":"https:\/\/aldiachaco.com.ar\/index.php\/2026\/04\/27\/desplazaron-a-carlos-frugoni-el-funcionario-que-reconocio-tener-propiedades-sin-declarar-en-miami\/#breadcrumb","itemListElement":[{"@type":"ListItem","position":1,"name":"Home","item":"https:\/\/aldiachaco.com.ar\/"},{"@type":"ListItem","position":2,"name":"Desplazaron a Carlos Frugoni, el funcionario que reconoci\u00f3 tener propiedades sin declarar en Miami"}]},{"@type":"WebSite","@id":"https:\/\/aldiachaco.com.ar\/#website","url":"https:\/\/aldiachaco.com.ar\/","name":"Al Dia Chaco","description":"Noticias del Chaco y el mundo","publisher":{"@id":"https:\/\/aldiachaco.com.ar\/#organization"},"alternateName":"Al D\u00eda Chaco","potentialAction":[{"@type":"SearchAction","target":{"@type":"EntryPoint","urlTemplate":"https:\/\/aldiachaco.com.ar\/?s={search_term_string}"},"query-input":{"@type":"PropertyValueSpecification","valueRequired":true,"valueName":"search_term_string"}}],"inLanguage":"es-AR"},{"@type":"Organization","@id":"https:\/\/aldiachaco.com.ar\/#organization","name":"Al Dia Chaco","url":"https:\/\/aldiachaco.com.ar\/","logo":{"@type":"ImageObject","inLanguage":"es-AR","@id":"https:\/\/aldiachaco.com.ar\/#\/schema\/logo\/image\/","url":"https:\/\/aldiachaco.com.ar\/wp-content\/uploads\/2017\/11\/AL-DIA-CHACO-L@2x.png","contentUrl":"https:\/\/aldiachaco.com.ar\/wp-content\/uploads\/2017\/11\/AL-DIA-CHACO-L@2x.png","width":232,"height":60,"caption":"Al Dia Chaco"},"image":{"@id":"https:\/\/aldiachaco.com.ar\/#\/schema\/logo\/image\/"}},{"@type":"Person","@id":"https:\/\/aldiachaco.com.ar\/#\/schema\/person\/b24e975af8022082f5889a7a7299e962","name":"RedaccionRM","image":{"@type":"ImageObject","inLanguage":"es-AR","@id":"https:\/\/aldiachaco.com.ar\/wp-content\/litespeed\/avatar\/a30118fcb7a6295303f1c91164c6aba1.jpg?ver=1776734264","url":"https:\/\/aldiachaco.com.ar\/wp-content\/litespeed\/avatar\/a30118fcb7a6295303f1c91164c6aba1.jpg?ver=1776734264","contentUrl":"https:\/\/aldiachaco.com.ar\/wp-content\/litespeed\/avatar\/a30118fcb7a6295303f1c91164c6aba1.jpg?ver=1776734264","caption":"RedaccionRM"},"url":"https:\/\/aldiachaco.com.ar\/index.php\/author\/redaccionrm\/"}]}},"jetpack_publicize_connections":[],"jetpack_featured_media_url":"https:\/\/aldiachaco.com.ar\/wp-content\/uploads\/2026\/04\/Captura-de-pantalla-2026-04-27-095753.png","jetpack_sharing_enabled":true,"amp_enabled":true,"_links":{"self":[{"href":"https:\/\/aldiachaco.com.ar\/index.php\/wp-json\/wp\/v2\/posts\/118278","targetHints":{"allow":["GET"]}}],"collection":[{"href":"https:\/\/aldiachaco.com.ar\/index.php\/wp-json\/wp\/v2\/posts"}],"about":[{"href":"https:\/\/aldiachaco.com.ar\/index.php\/wp-json\/wp\/v2\/types\/post"}],"author":[{"embeddable":true,"href":"https:\/\/aldiachaco.com.ar\/index.php\/wp-json\/wp\/v2\/users\/9"}],"replies":[{"embeddable":true,"href":"https:\/\/aldiachaco.com.ar\/index.php\/wp-json\/wp\/v2\/comments?post=118278"}],"version-history":[{"count":1,"href":"https:\/\/aldiachaco.com.ar\/index.php\/wp-json\/wp\/v2\/posts\/118278\/revisions"}],"predecessor-version":[{"id":118280,"href":"https:\/\/aldiachaco.com.ar\/index.php\/wp-json\/wp\/v2\/posts\/118278\/revisions\/118280"}],"wp:featuredmedia":[{"embeddable":true,"href":"https:\/\/aldiachaco.com.ar\/index.php\/wp-json\/wp\/v2\/media\/118279"}],"wp:attachment":[{"href":"https:\/\/aldiachaco.com.ar\/index.php\/wp-json\/wp\/v2\/media?parent=118278"}],"wp:term":[{"taxonomy":"category","embeddable":true,"href":"https:\/\/aldiachaco.com.ar\/index.php\/wp-json\/wp\/v2\/categories?post=118278"},{"taxonomy":"post_tag","embeddable":true,"href":"https:\/\/aldiachaco.com.ar\/index.php\/wp-json\/wp\/v2\/tags?post=118278"}],"curies":[{"name":"wp","href":"https:\/\/api.w.org\/{rel}","templated":true}]}}