{"id":118196,"date":"2026-04-23T12:22:48","date_gmt":"2026-04-23T15:22:48","guid":{"rendered":"https:\/\/aldiachaco.com.ar\/?p=118196"},"modified":"2026-04-23T12:22:48","modified_gmt":"2026-04-23T15:22:48","slug":"efectivos-policiales-frustran-la-venta-de-un-rodado","status":"publish","type":"post","link":"https:\/\/aldiachaco.com.ar\/index.php\/2026\/04\/23\/efectivos-policiales-frustran-la-venta-de-un-rodado\/","title":{"rendered":"Efectivos policiales frustran la venta de un rodado"},"content":{"rendered":"<p class=\"ds-markdown-paragraph\">En el marco de los operativos preventivos desplegados por la polic\u00eda, efectivos lograron recuperar dos motocicletas en distintos procedimientos realizados durante la madrugada y ma\u00f1ana de hoy en el Barrio Gin\u00e9s Ben\u00edtez. En ambos casos, los sospechosos lograron darse a la fuga tras abandonar los veh\u00edculos.<\/p>\n<p class=\"ds-markdown-paragraph\">El primer procedimiento tuvo lugar cerca de las 7. Tras recibir informaci\u00f3n de inteligencia sobre un sujeto que circulaba en un rodado presuntamente sustra\u00eddo, el personal de la Divisi\u00f3n C.O.M. y la Patrulla Preventiva diagram\u00f3 un &#8220;operativo cerrojo&#8221;. En la intersecci\u00f3n de calle 9 y 46, interceptaron a un joven quien, al verse acorralado, abandon\u00f3 una motocicleta Kymco Agility de 125 cc y huy\u00f3 a pie hacia una zona de dif\u00edcil acceso.<\/p>\n<p class=\"ds-markdown-paragraph\">Posteriormente, se confirm\u00f3 que el rodado hab\u00eda sido denunciado como robado horas antes en la zona c\u00e9ntrica (calle 5 entre 14 y 16). La unidad fue secuestrada y trasladada a la Comisar\u00eda Primera para ser restituida a su propietario.<\/p>\n<p class=\"ds-markdown-paragraph\">Previamente, a las 00:50 de hoy, el Servicio Externo realizaba tareas investigativas bajo el &#8220;Operativo Lince&#8221; cuando un vecino alert\u00f3 sobre un hombre que intentaba vender una motocicleta a muy bajo costo en las inmediaciones de calle 42 y 15. Al notar la aproximaci\u00f3n del patrullero, el individuo dej\u00f3 el veh\u00edculo en la v\u00eda p\u00fablica y escap\u00f3.<\/p>\n<p class=\"ds-markdown-paragraph\">Se trata de una motocicleta Corven, la cual se encontraba sin carenado. Al realizar las consultas en las plataformas digitales policiales no se registraron pedidos de secuestro activos hasta el momento, por lo que el rodado fue entregado a la Comisar\u00eda Cuarta para establecer su propiedad y procedencia.<\/p>\n","protected":false},"excerpt":{"rendered":"<p>En el marco de los operativos preventivos desplegados por la polic\u00eda, efectivos lograron recuperar dos motocicletas en distintos procedimientos realizados durante la madrugada y ma\u00f1ana de hoy en el Barrio Gin\u00e9s Ben\u00edtez. En ambos casos, los sospechosos lograron darse a la fuga tras abandonar los veh\u00edculos. El primer procedimiento tuvo lugar cerca de las 7. &hellip;<\/p>\n","protected":false},"author":9,"featured_media":118197,"comment_status":"open","ping_status":"open","sticky":false,"template":"","format":"standard","meta":{"content-type":"","_monsterinsights_skip_tracking":false,"_monsterinsights_sitenote_active":false,"_monsterinsights_sitenote_note":"","_monsterinsights_sitenote_category":0,"_jetpack_memberships_contains_paid_content":false,"footnotes":"","jetpack_publicize_message":"","jetpack_publicize_feature_enabled":true,"jetpack_social_post_already_shared":true,"jetpack_social_options":{"image_generator_settings":{"template":"highway","default_image_id":0,"font":"","enabled":false},"version":2}},"categories":[86],"tags":[],"class_list":["post-118196","post","type-post","status-publish","format-standard","has-post-thumbnail","hentry","category-policiales"],"yoast_head":"<!-- This site is optimized with the Yoast SEO plugin v27.4 - https:\/\/yoast.com\/product\/yoast-seo-wordpress\/ -->\n<title>Efectivos policiales frustran la venta de un rodado | Al Dia Chaco<\/title>\n<meta name=\"robots\" content=\"index, follow, max-snippet:-1, max-image-preview:large, max-video-preview:-1\" \/>\n<link rel=\"canonical\" href=\"https:\/\/aldiachaco.com.ar\/index.php\/2026\/04\/23\/efectivos-policiales-frustran-la-venta-de-un-rodado\/\" \/>\n<meta property=\"og:locale\" content=\"es_ES\" \/>\n<meta property=\"og:type\" content=\"article\" \/>\n<meta property=\"og:title\" content=\"Efectivos policiales frustran la venta de un rodado | Al Dia Chaco\" \/>\n<meta property=\"og:description\" content=\"En el marco de los operativos preventivos desplegados por la polic\u00eda, efectivos lograron recuperar dos motocicletas en distintos procedimientos realizados durante la madrugada y ma\u00f1ana de hoy en el Barrio Gin\u00e9s Ben\u00edtez. En ambos casos, los sospechosos lograron darse a la fuga tras abandonar los veh\u00edculos. El primer procedimiento tuvo lugar cerca de las 7. &hellip;\" \/>\n<meta property=\"og:url\" content=\"https:\/\/aldiachaco.com.ar\/index.php\/2026\/04\/23\/efectivos-policiales-frustran-la-venta-de-un-rodado\/\" \/>\n<meta property=\"og:site_name\" content=\"Al Dia Chaco\" \/>\n<meta property=\"article:published_time\" content=\"2026-04-23T15:22:48+00:00\" \/>\n<meta property=\"og:image\" content=\"https:\/\/aldiachaco.com.ar\/wp-content\/uploads\/2026\/04\/2304robo.jpeg\" \/>\n\t<meta property=\"og:image:width\" content=\"1600\" \/>\n\t<meta property=\"og:image:height\" content=\"1200\" \/>\n\t<meta property=\"og:image:type\" content=\"image\/jpeg\" \/>\n<meta name=\"author\" content=\"RedaccionRM\" \/>\n<meta name=\"twitter:card\" content=\"summary_large_image\" \/>\n<meta name=\"twitter:label1\" content=\"Escrito por\" \/>\n\t<meta name=\"twitter:data1\" content=\"RedaccionRM\" \/>\n\t<meta name=\"twitter:label2\" content=\"Tiempo de lectura\" \/>\n\t<meta name=\"twitter:data2\" content=\"2 minutos\" \/>\n<script type=\"application\/ld+json\" class=\"yoast-schema-graph\">{\"@context\":\"https:\\\/\\\/schema.org\",\"@graph\":[{\"@type\":\"Article\",\"@id\":\"https:\\\/\\\/aldiachaco.com.ar\\\/index.php\\\/2026\\\/04\\\/23\\\/efectivos-policiales-frustran-la-venta-de-un-rodado\\\/#article\",\"isPartOf\":{\"@id\":\"https:\\\/\\\/aldiachaco.com.ar\\\/index.php\\\/2026\\\/04\\\/23\\\/efectivos-policiales-frustran-la-venta-de-un-rodado\\\/\"},\"author\":{\"name\":\"RedaccionRM\",\"@id\":\"https:\\\/\\\/aldiachaco.com.ar\\\/#\\\/schema\\\/person\\\/b24e975af8022082f5889a7a7299e962\"},\"headline\":\"Efectivos policiales frustran la venta de un rodado\",\"datePublished\":\"2026-04-23T15:22:48+00:00\",\"mainEntityOfPage\":{\"@id\":\"https:\\\/\\\/aldiachaco.com.ar\\\/index.php\\\/2026\\\/04\\\/23\\\/efectivos-policiales-frustran-la-venta-de-un-rodado\\\/\"},\"wordCount\":280,\"commentCount\":0,\"publisher\":{\"@id\":\"https:\\\/\\\/aldiachaco.com.ar\\\/#organization\"},\"image\":{\"@id\":\"https:\\\/\\\/aldiachaco.com.ar\\\/index.php\\\/2026\\\/04\\\/23\\\/efectivos-policiales-frustran-la-venta-de-un-rodado\\\/#primaryimage\"},\"thumbnailUrl\":\"https:\\\/\\\/aldiachaco.com.ar\\\/wp-content\\\/uploads\\\/2026\\\/04\\\/2304robo.jpeg\",\"articleSection\":[\"Policiales\"],\"inLanguage\":\"es-AR\",\"potentialAction\":[{\"@type\":\"CommentAction\",\"name\":\"Comment\",\"target\":[\"https:\\\/\\\/aldiachaco.com.ar\\\/index.php\\\/2026\\\/04\\\/23\\\/efectivos-policiales-frustran-la-venta-de-un-rodado\\\/#respond\"]}]},{\"@type\":\"WebPage\",\"@id\":\"https:\\\/\\\/aldiachaco.com.ar\\\/index.php\\\/2026\\\/04\\\/23\\\/efectivos-policiales-frustran-la-venta-de-un-rodado\\\/\",\"url\":\"https:\\\/\\\/aldiachaco.com.ar\\\/index.php\\\/2026\\\/04\\\/23\\\/efectivos-policiales-frustran-la-venta-de-un-rodado\\\/\",\"name\":\"Efectivos policiales frustran la venta de un rodado | Al Dia Chaco\",\"isPartOf\":{\"@id\":\"https:\\\/\\\/aldiachaco.com.ar\\\/#website\"},\"primaryImageOfPage\":{\"@id\":\"https:\\\/\\\/aldiachaco.com.ar\\\/index.php\\\/2026\\\/04\\\/23\\\/efectivos-policiales-frustran-la-venta-de-un-rodado\\\/#primaryimage\"},\"image\":{\"@id\":\"https:\\\/\\\/aldiachaco.com.ar\\\/index.php\\\/2026\\\/04\\\/23\\\/efectivos-policiales-frustran-la-venta-de-un-rodado\\\/#primaryimage\"},\"thumbnailUrl\":\"https:\\\/\\\/aldiachaco.com.ar\\\/wp-content\\\/uploads\\\/2026\\\/04\\\/2304robo.jpeg\",\"datePublished\":\"2026-04-23T15:22:48+00:00\",\"breadcrumb\":{\"@id\":\"https:\\\/\\\/aldiachaco.com.ar\\\/index.php\\\/2026\\\/04\\\/23\\\/efectivos-policiales-frustran-la-venta-de-un-rodado\\\/#breadcrumb\"},\"inLanguage\":\"es-AR\",\"potentialAction\":[{\"@type\":\"ReadAction\",\"target\":[\"https:\\\/\\\/aldiachaco.com.ar\\\/index.php\\\/2026\\\/04\\\/23\\\/efectivos-policiales-frustran-la-venta-de-un-rodado\\\/\"]}]},{\"@type\":\"ImageObject\",\"inLanguage\":\"es-AR\",\"@id\":\"https:\\\/\\\/aldiachaco.com.ar\\\/index.php\\\/2026\\\/04\\\/23\\\/efectivos-policiales-frustran-la-venta-de-un-rodado\\\/#primaryimage\",\"url\":\"https:\\\/\\\/aldiachaco.com.ar\\\/wp-content\\\/uploads\\\/2026\\\/04\\\/2304robo.jpeg\",\"contentUrl\":\"https:\\\/\\\/aldiachaco.com.ar\\\/wp-content\\\/uploads\\\/2026\\\/04\\\/2304robo.jpeg\",\"width\":1600,\"height\":1200},{\"@type\":\"BreadcrumbList\",\"@id\":\"https:\\\/\\\/aldiachaco.com.ar\\\/index.php\\\/2026\\\/04\\\/23\\\/efectivos-policiales-frustran-la-venta-de-un-rodado\\\/#breadcrumb\",\"itemListElement\":[{\"@type\":\"ListItem\",\"position\":1,\"name\":\"Home\",\"item\":\"https:\\\/\\\/aldiachaco.com.ar\\\/\"},{\"@type\":\"ListItem\",\"position\":2,\"name\":\"Efectivos policiales frustran la venta de un rodado\"}]},{\"@type\":\"WebSite\",\"@id\":\"https:\\\/\\\/aldiachaco.com.ar\\\/#website\",\"url\":\"https:\\\/\\\/aldiachaco.com.ar\\\/\",\"name\":\"Al Dia Chaco\",\"description\":\"Noticias del Chaco y el mundo\",\"publisher\":{\"@id\":\"https:\\\/\\\/aldiachaco.com.ar\\\/#organization\"},\"alternateName\":\"Al D\u00eda Chaco\",\"potentialAction\":[{\"@type\":\"SearchAction\",\"target\":{\"@type\":\"EntryPoint\",\"urlTemplate\":\"https:\\\/\\\/aldiachaco.com.ar\\\/?s={search_term_string}\"},\"query-input\":{\"@type\":\"PropertyValueSpecification\",\"valueRequired\":true,\"valueName\":\"search_term_string\"}}],\"inLanguage\":\"es-AR\"},{\"@type\":\"Organization\",\"@id\":\"https:\\\/\\\/aldiachaco.com.ar\\\/#organization\",\"name\":\"Al Dia Chaco\",\"url\":\"https:\\\/\\\/aldiachaco.com.ar\\\/\",\"logo\":{\"@type\":\"ImageObject\",\"inLanguage\":\"es-AR\",\"@id\":\"https:\\\/\\\/aldiachaco.com.ar\\\/#\\\/schema\\\/logo\\\/image\\\/\",\"url\":\"https:\\\/\\\/aldiachaco.com.ar\\\/wp-content\\\/uploads\\\/2017\\\/11\\\/AL-DIA-CHACO-L@2x.png\",\"contentUrl\":\"https:\\\/\\\/aldiachaco.com.ar\\\/wp-content\\\/uploads\\\/2017\\\/11\\\/AL-DIA-CHACO-L@2x.png\",\"width\":232,\"height\":60,\"caption\":\"Al Dia Chaco\"},\"image\":{\"@id\":\"https:\\\/\\\/aldiachaco.com.ar\\\/#\\\/schema\\\/logo\\\/image\\\/\"}},{\"@type\":\"Person\",\"@id\":\"https:\\\/\\\/aldiachaco.com.ar\\\/#\\\/schema\\\/person\\\/b24e975af8022082f5889a7a7299e962\",\"name\":\"RedaccionRM\",\"image\":{\"@type\":\"ImageObject\",\"inLanguage\":\"es-AR\",\"@id\":\"https:\\\/\\\/aldiachaco.com.ar\\\/wp-content\\\/litespeed\\\/avatar\\\/a30118fcb7a6295303f1c91164c6aba1.jpg?ver=1776734264\",\"url\":\"https:\\\/\\\/aldiachaco.com.ar\\\/wp-content\\\/litespeed\\\/avatar\\\/a30118fcb7a6295303f1c91164c6aba1.jpg?ver=1776734264\",\"contentUrl\":\"https:\\\/\\\/aldiachaco.com.ar\\\/wp-content\\\/litespeed\\\/avatar\\\/a30118fcb7a6295303f1c91164c6aba1.jpg?ver=1776734264\",\"caption\":\"RedaccionRM\"},\"url\":\"https:\\\/\\\/aldiachaco.com.ar\\\/index.php\\\/author\\\/redaccionrm\\\/\"}]}<\/script>\n<!-- \/ Yoast SEO plugin. -->","yoast_head_json":{"title":"Efectivos policiales frustran la venta de un rodado | Al Dia Chaco","robots":{"index":"index","follow":"follow","max-snippet":"max-snippet:-1","max-image-preview":"max-image-preview:large","max-video-preview":"max-video-preview:-1"},"canonical":"https:\/\/aldiachaco.com.ar\/index.php\/2026\/04\/23\/efectivos-policiales-frustran-la-venta-de-un-rodado\/","og_locale":"es_ES","og_type":"article","og_title":"Efectivos policiales frustran la venta de un rodado | Al Dia Chaco","og_description":"En el marco de los operativos preventivos desplegados por la polic\u00eda, efectivos lograron recuperar dos motocicletas en distintos procedimientos realizados durante la madrugada y ma\u00f1ana de hoy en el Barrio Gin\u00e9s Ben\u00edtez. En ambos casos, los sospechosos lograron darse a la fuga tras abandonar los veh\u00edculos. El primer procedimiento tuvo lugar cerca de las 7. &hellip;","og_url":"https:\/\/aldiachaco.com.ar\/index.php\/2026\/04\/23\/efectivos-policiales-frustran-la-venta-de-un-rodado\/","og_site_name":"Al Dia Chaco","article_published_time":"2026-04-23T15:22:48+00:00","og_image":[{"width":1600,"height":1200,"url":"https:\/\/aldiachaco.com.ar\/wp-content\/uploads\/2026\/04\/2304robo.jpeg","type":"image\/jpeg"}],"author":"RedaccionRM","twitter_card":"summary_large_image","twitter_misc":{"Escrito por":"RedaccionRM","Tiempo de lectura":"2 minutos"},"schema":{"@context":"https:\/\/schema.org","@graph":[{"@type":"Article","@id":"https:\/\/aldiachaco.com.ar\/index.php\/2026\/04\/23\/efectivos-policiales-frustran-la-venta-de-un-rodado\/#article","isPartOf":{"@id":"https:\/\/aldiachaco.com.ar\/index.php\/2026\/04\/23\/efectivos-policiales-frustran-la-venta-de-un-rodado\/"},"author":{"name":"RedaccionRM","@id":"https:\/\/aldiachaco.com.ar\/#\/schema\/person\/b24e975af8022082f5889a7a7299e962"},"headline":"Efectivos policiales frustran la venta de un rodado","datePublished":"2026-04-23T15:22:48+00:00","mainEntityOfPage":{"@id":"https:\/\/aldiachaco.com.ar\/index.php\/2026\/04\/23\/efectivos-policiales-frustran-la-venta-de-un-rodado\/"},"wordCount":280,"commentCount":0,"publisher":{"@id":"https:\/\/aldiachaco.com.ar\/#organization"},"image":{"@id":"https:\/\/aldiachaco.com.ar\/index.php\/2026\/04\/23\/efectivos-policiales-frustran-la-venta-de-un-rodado\/#primaryimage"},"thumbnailUrl":"https:\/\/aldiachaco.com.ar\/wp-content\/uploads\/2026\/04\/2304robo.jpeg","articleSection":["Policiales"],"inLanguage":"es-AR","potentialAction":[{"@type":"CommentAction","name":"Comment","target":["https:\/\/aldiachaco.com.ar\/index.php\/2026\/04\/23\/efectivos-policiales-frustran-la-venta-de-un-rodado\/#respond"]}]},{"@type":"WebPage","@id":"https:\/\/aldiachaco.com.ar\/index.php\/2026\/04\/23\/efectivos-policiales-frustran-la-venta-de-un-rodado\/","url":"https:\/\/aldiachaco.com.ar\/index.php\/2026\/04\/23\/efectivos-policiales-frustran-la-venta-de-un-rodado\/","name":"Efectivos policiales frustran la venta de un rodado | Al Dia Chaco","isPartOf":{"@id":"https:\/\/aldiachaco.com.ar\/#website"},"primaryImageOfPage":{"@id":"https:\/\/aldiachaco.com.ar\/index.php\/2026\/04\/23\/efectivos-policiales-frustran-la-venta-de-un-rodado\/#primaryimage"},"image":{"@id":"https:\/\/aldiachaco.com.ar\/index.php\/2026\/04\/23\/efectivos-policiales-frustran-la-venta-de-un-rodado\/#primaryimage"},"thumbnailUrl":"https:\/\/aldiachaco.com.ar\/wp-content\/uploads\/2026\/04\/2304robo.jpeg","datePublished":"2026-04-23T15:22:48+00:00","breadcrumb":{"@id":"https:\/\/aldiachaco.com.ar\/index.php\/2026\/04\/23\/efectivos-policiales-frustran-la-venta-de-un-rodado\/#breadcrumb"},"inLanguage":"es-AR","potentialAction":[{"@type":"ReadAction","target":["https:\/\/aldiachaco.com.ar\/index.php\/2026\/04\/23\/efectivos-policiales-frustran-la-venta-de-un-rodado\/"]}]},{"@type":"ImageObject","inLanguage":"es-AR","@id":"https:\/\/aldiachaco.com.ar\/index.php\/2026\/04\/23\/efectivos-policiales-frustran-la-venta-de-un-rodado\/#primaryimage","url":"https:\/\/aldiachaco.com.ar\/wp-content\/uploads\/2026\/04\/2304robo.jpeg","contentUrl":"https:\/\/aldiachaco.com.ar\/wp-content\/uploads\/2026\/04\/2304robo.jpeg","width":1600,"height":1200},{"@type":"BreadcrumbList","@id":"https:\/\/aldiachaco.com.ar\/index.php\/2026\/04\/23\/efectivos-policiales-frustran-la-venta-de-un-rodado\/#breadcrumb","itemListElement":[{"@type":"ListItem","position":1,"name":"Home","item":"https:\/\/aldiachaco.com.ar\/"},{"@type":"ListItem","position":2,"name":"Efectivos policiales frustran la venta de un rodado"}]},{"@type":"WebSite","@id":"https:\/\/aldiachaco.com.ar\/#website","url":"https:\/\/aldiachaco.com.ar\/","name":"Al Dia Chaco","description":"Noticias del Chaco y el mundo","publisher":{"@id":"https:\/\/aldiachaco.com.ar\/#organization"},"alternateName":"Al D\u00eda Chaco","potentialAction":[{"@type":"SearchAction","target":{"@type":"EntryPoint","urlTemplate":"https:\/\/aldiachaco.com.ar\/?s={search_term_string}"},"query-input":{"@type":"PropertyValueSpecification","valueRequired":true,"valueName":"search_term_string"}}],"inLanguage":"es-AR"},{"@type":"Organization","@id":"https:\/\/aldiachaco.com.ar\/#organization","name":"Al Dia Chaco","url":"https:\/\/aldiachaco.com.ar\/","logo":{"@type":"ImageObject","inLanguage":"es-AR","@id":"https:\/\/aldiachaco.com.ar\/#\/schema\/logo\/image\/","url":"https:\/\/aldiachaco.com.ar\/wp-content\/uploads\/2017\/11\/AL-DIA-CHACO-L@2x.png","contentUrl":"https:\/\/aldiachaco.com.ar\/wp-content\/uploads\/2017\/11\/AL-DIA-CHACO-L@2x.png","width":232,"height":60,"caption":"Al Dia Chaco"},"image":{"@id":"https:\/\/aldiachaco.com.ar\/#\/schema\/logo\/image\/"}},{"@type":"Person","@id":"https:\/\/aldiachaco.com.ar\/#\/schema\/person\/b24e975af8022082f5889a7a7299e962","name":"RedaccionRM","image":{"@type":"ImageObject","inLanguage":"es-AR","@id":"https:\/\/aldiachaco.com.ar\/wp-content\/litespeed\/avatar\/a30118fcb7a6295303f1c91164c6aba1.jpg?ver=1776734264","url":"https:\/\/aldiachaco.com.ar\/wp-content\/litespeed\/avatar\/a30118fcb7a6295303f1c91164c6aba1.jpg?ver=1776734264","contentUrl":"https:\/\/aldiachaco.com.ar\/wp-content\/litespeed\/avatar\/a30118fcb7a6295303f1c91164c6aba1.jpg?ver=1776734264","caption":"RedaccionRM"},"url":"https:\/\/aldiachaco.com.ar\/index.php\/author\/redaccionrm\/"}]}},"jetpack_publicize_connections":[],"jetpack_featured_media_url":"https:\/\/aldiachaco.com.ar\/wp-content\/uploads\/2026\/04\/2304robo.jpeg","jetpack_sharing_enabled":true,"amp_enabled":true,"_links":{"self":[{"href":"https:\/\/aldiachaco.com.ar\/index.php\/wp-json\/wp\/v2\/posts\/118196","targetHints":{"allow":["GET"]}}],"collection":[{"href":"https:\/\/aldiachaco.com.ar\/index.php\/wp-json\/wp\/v2\/posts"}],"about":[{"href":"https:\/\/aldiachaco.com.ar\/index.php\/wp-json\/wp\/v2\/types\/post"}],"author":[{"embeddable":true,"href":"https:\/\/aldiachaco.com.ar\/index.php\/wp-json\/wp\/v2\/users\/9"}],"replies":[{"embeddable":true,"href":"https:\/\/aldiachaco.com.ar\/index.php\/wp-json\/wp\/v2\/comments?post=118196"}],"version-history":[{"count":1,"href":"https:\/\/aldiachaco.com.ar\/index.php\/wp-json\/wp\/v2\/posts\/118196\/revisions"}],"predecessor-version":[{"id":118198,"href":"https:\/\/aldiachaco.com.ar\/index.php\/wp-json\/wp\/v2\/posts\/118196\/revisions\/118198"}],"wp:featuredmedia":[{"embeddable":true,"href":"https:\/\/aldiachaco.com.ar\/index.php\/wp-json\/wp\/v2\/media\/118197"}],"wp:attachment":[{"href":"https:\/\/aldiachaco.com.ar\/index.php\/wp-json\/wp\/v2\/media?parent=118196"}],"wp:term":[{"taxonomy":"category","embeddable":true,"href":"https:\/\/aldiachaco.com.ar\/index.php\/wp-json\/wp\/v2\/categories?post=118196"},{"taxonomy":"post_tag","embeddable":true,"href":"https:\/\/aldiachaco.com.ar\/index.php\/wp-json\/wp\/v2\/tags?post=118196"}],"curies":[{"name":"wp","href":"https:\/\/api.w.org\/{rel}","templated":true}]}}