{"id":118187,"date":"2026-04-23T10:38:32","date_gmt":"2026-04-23T13:38:32","guid":{"rendered":"https:\/\/aldiachaco.com.ar\/?p=118187"},"modified":"2026-04-23T10:38:32","modified_gmt":"2026-04-23T13:38:32","slug":"manaos-tiene-un-plazo-de-tres-dias-para-pagar-mas-de-800-millones-de-indemnizacion","status":"publish","type":"post","link":"https:\/\/aldiachaco.com.ar\/index.php\/2026\/04\/23\/manaos-tiene-un-plazo-de-tres-dias-para-pagar-mas-de-800-millones-de-indemnizacion\/","title":{"rendered":"Manaos tiene un plazo de tres d\u00edas para pagar m\u00e1s de $800 millones de indemnizaci\u00f3n"},"content":{"rendered":"<p class=\"ds-markdown-paragraph\">M\u00e1s de $800 millones es lo que debe pagar en un plazo de cuatro d\u00edas la empresa de gaseosas Manaos a un ex empleado mendocino, luego de que la Corte de Justicia de esa provincia rechazara el \u00faltimo recurso que present\u00f3. De esa manera, a Refres Now, la compa\u00f1\u00eda que comercializa la marca, se le agotaron todas las instancias tras el cierre de un proceso judicial que se extendi\u00f3 por mucho tiempo.<\/p>\n<p class=\"ds-markdown-paragraph\">Precisamente, el tribunal desestim\u00f3 un recurso extraordinario federal que present\u00f3 ante la Corte Suprema de la Naci\u00f3n, con el objetivo de llevar la causa a la justicia nacional, pero no tuvo efecto. Para los magistrados mendocinos, el reclamo de la empresa result\u00f3 &#8220;improcedente&#8221; porque consideraron que se trata de &#8220;una cuesti\u00f3n de hecho regida por el derecho com\u00fan y ajena a la v\u00eda extraordinaria federal, lo que impide su tratamiento en la Corte nacional&#8221;.<\/p>\n<p class=\"ds-markdown-paragraph\">Adem\u00e1s, puntualizaron que la firma repiti\u00f3 argumentos que fueron revisados en instancias anteriores, al tiempo que determinaron que no existe &#8220;cuesti\u00f3n federal para habilitar la presentaci\u00f3n ante el m\u00e1ximo tribunal del pa\u00eds&#8221;. Bajo esos argumentos, el fallo qued\u00f3 firme y obliga a Manaos a abonar $807.676.293,72, tal como se fij\u00f3 en la \u00faltima sentencia de febrero pasado.<\/p>\n<p class=\"ds-markdown-paragraph\">Igualmente, la cifra est\u00e1 sujeta a la acumulaci\u00f3n de intereses hasta que se concrete el pago total, por lo que el monto final podr\u00eda ser superior si la empresa no cumple en el plazo estipulado de cuatro d\u00edas h\u00e1biles.<\/p>\n<p class=\"ds-markdown-paragraph\">Todo comenz\u00f3 con un conflicto que tuvo como protagonista a un ex empleado que se desempe\u00f1\u00f3 como distribuidor de Manaos en Mendoza, San Juan y La Pampa, entre 2013 y 2022. En esa fecha, inici\u00f3 una demanda por despido indirecto, as\u00ed como denunci\u00f3 irregularidades en la registraci\u00f3n laboral, descuentos indebidos y maniobras de evasi\u00f3n previsional. Asimismo, revel\u00f3 la existencia de contratos informales que ocultaban su verdadera condici\u00f3n de empleado, la que le trajo aparejados perjuicios econ\u00f3micos y previsionales durante a\u00f1os.<\/p>\n<p class=\"ds-markdown-paragraph\">Cabe recordar que la C\u00e1mara Segunda del Trabajo de San Rafael, integrada por Gonzalo Rivero, Mariana Carayol y Javier Castrillejo, fij\u00f3 inicialmente la indemnizaci\u00f3n en cerca de $1.500 millones, que se compon\u00eda de $227 millones de capital y m\u00e1s de $1.200 millones en intereses y costas. Al apelar, Refres Now consigui\u00f3 que la Suprema Corte provincial redujera considerablemente los intereses con la tasa de pr\u00e9stamos personales del Banco Naci\u00f3n como referencia.<\/p>\n<p class=\"ds-markdown-paragraph\">En ese marco, el empresario y fundador de Manaos, Orlando Canido, cuestion\u00f3 p\u00fablicamente el fallo en ese entonces. Declar\u00f3 que todo estaba en manos de un estudio jur\u00eddico y consider\u00f3 que la sentencia &#8220;era ins\u00f3lita y absolutamente fuera de contexto&#8221;, al tiempo que puso en duda los criterios utilizados para calcular la indemnizaci\u00f3n.<\/p>\n","protected":false},"excerpt":{"rendered":"<p>M\u00e1s de $800 millones es lo que debe pagar en un plazo de cuatro d\u00edas la empresa de gaseosas Manaos a un ex empleado mendocino, luego de que la Corte de Justicia de esa provincia rechazara el \u00faltimo recurso que present\u00f3. De esa manera, a Refres Now, la compa\u00f1\u00eda que comercializa la marca, se le &hellip;<\/p>\n","protected":false},"author":9,"featured_media":118188,"comment_status":"open","ping_status":"open","sticky":false,"template":"","format":"standard","meta":{"content-type":"","_monsterinsights_skip_tracking":false,"_monsterinsights_sitenote_active":false,"_monsterinsights_sitenote_note":"","_monsterinsights_sitenote_category":0,"_jetpack_memberships_contains_paid_content":false,"footnotes":"","jetpack_publicize_message":"","jetpack_publicize_feature_enabled":true,"jetpack_social_post_already_shared":true,"jetpack_social_options":{"image_generator_settings":{"template":"highway","default_image_id":0,"font":"","enabled":false},"version":2}},"categories":[94],"tags":[],"class_list":["post-118187","post","type-post","status-publish","format-standard","has-post-thumbnail","hentry","category-nacionales"],"yoast_head":"<!-- This site is optimized with the Yoast SEO plugin v27.4 - https:\/\/yoast.com\/product\/yoast-seo-wordpress\/ -->\n<title>Manaos tiene un plazo de tres d\u00edas para pagar m\u00e1s de $800 millones de indemnizaci\u00f3n | Al Dia Chaco<\/title>\n<meta name=\"robots\" content=\"index, follow, max-snippet:-1, max-image-preview:large, max-video-preview:-1\" \/>\n<link rel=\"canonical\" href=\"https:\/\/aldiachaco.com.ar\/index.php\/2026\/04\/23\/manaos-tiene-un-plazo-de-tres-dias-para-pagar-mas-de-800-millones-de-indemnizacion\/\" \/>\n<meta property=\"og:locale\" content=\"es_ES\" \/>\n<meta property=\"og:type\" content=\"article\" \/>\n<meta property=\"og:title\" content=\"Manaos tiene un plazo de tres d\u00edas para pagar m\u00e1s de $800 millones de indemnizaci\u00f3n | Al Dia Chaco\" \/>\n<meta property=\"og:description\" content=\"M\u00e1s de $800 millones es lo que debe pagar en un plazo de cuatro d\u00edas la empresa de gaseosas Manaos a un ex empleado mendocino, luego de que la Corte de Justicia de esa provincia rechazara el \u00faltimo recurso que present\u00f3. De esa manera, a Refres Now, la compa\u00f1\u00eda que comercializa la marca, se le &hellip;\" \/>\n<meta property=\"og:url\" content=\"https:\/\/aldiachaco.com.ar\/index.php\/2026\/04\/23\/manaos-tiene-un-plazo-de-tres-dias-para-pagar-mas-de-800-millones-de-indemnizacion\/\" \/>\n<meta property=\"og:site_name\" content=\"Al Dia Chaco\" \/>\n<meta property=\"article:published_time\" content=\"2026-04-23T13:38:32+00:00\" \/>\n<meta property=\"og:image\" content=\"https:\/\/aldiachaco.com.ar\/wp-content\/uploads\/2026\/04\/2304manaos.webp\" \/>\n\t<meta property=\"og:image:width\" content=\"800\" \/>\n\t<meta property=\"og:image:height\" content=\"449\" \/>\n\t<meta property=\"og:image:type\" content=\"image\/webp\" \/>\n<meta name=\"author\" content=\"RedaccionRM\" \/>\n<meta name=\"twitter:card\" content=\"summary_large_image\" \/>\n<meta name=\"twitter:label1\" content=\"Escrito por\" \/>\n\t<meta name=\"twitter:data1\" content=\"RedaccionRM\" \/>\n\t<meta name=\"twitter:label2\" content=\"Tiempo de lectura\" \/>\n\t<meta name=\"twitter:data2\" content=\"3 minutos\" \/>\n<script type=\"application\/ld+json\" class=\"yoast-schema-graph\">{\"@context\":\"https:\\\/\\\/schema.org\",\"@graph\":[{\"@type\":\"Article\",\"@id\":\"https:\\\/\\\/aldiachaco.com.ar\\\/index.php\\\/2026\\\/04\\\/23\\\/manaos-tiene-un-plazo-de-tres-dias-para-pagar-mas-de-800-millones-de-indemnizacion\\\/#article\",\"isPartOf\":{\"@id\":\"https:\\\/\\\/aldiachaco.com.ar\\\/index.php\\\/2026\\\/04\\\/23\\\/manaos-tiene-un-plazo-de-tres-dias-para-pagar-mas-de-800-millones-de-indemnizacion\\\/\"},\"author\":{\"name\":\"RedaccionRM\",\"@id\":\"https:\\\/\\\/aldiachaco.com.ar\\\/#\\\/schema\\\/person\\\/b24e975af8022082f5889a7a7299e962\"},\"headline\":\"Manaos tiene un plazo de tres d\u00edas para pagar m\u00e1s de $800 millones de indemnizaci\u00f3n\",\"datePublished\":\"2026-04-23T13:38:32+00:00\",\"mainEntityOfPage\":{\"@id\":\"https:\\\/\\\/aldiachaco.com.ar\\\/index.php\\\/2026\\\/04\\\/23\\\/manaos-tiene-un-plazo-de-tres-dias-para-pagar-mas-de-800-millones-de-indemnizacion\\\/\"},\"wordCount\":487,\"commentCount\":0,\"publisher\":{\"@id\":\"https:\\\/\\\/aldiachaco.com.ar\\\/#organization\"},\"image\":{\"@id\":\"https:\\\/\\\/aldiachaco.com.ar\\\/index.php\\\/2026\\\/04\\\/23\\\/manaos-tiene-un-plazo-de-tres-dias-para-pagar-mas-de-800-millones-de-indemnizacion\\\/#primaryimage\"},\"thumbnailUrl\":\"https:\\\/\\\/aldiachaco.com.ar\\\/wp-content\\\/uploads\\\/2026\\\/04\\\/2304manaos.webp\",\"articleSection\":[\"Nacionales\"],\"inLanguage\":\"es-AR\",\"potentialAction\":[{\"@type\":\"CommentAction\",\"name\":\"Comment\",\"target\":[\"https:\\\/\\\/aldiachaco.com.ar\\\/index.php\\\/2026\\\/04\\\/23\\\/manaos-tiene-un-plazo-de-tres-dias-para-pagar-mas-de-800-millones-de-indemnizacion\\\/#respond\"]}]},{\"@type\":\"WebPage\",\"@id\":\"https:\\\/\\\/aldiachaco.com.ar\\\/index.php\\\/2026\\\/04\\\/23\\\/manaos-tiene-un-plazo-de-tres-dias-para-pagar-mas-de-800-millones-de-indemnizacion\\\/\",\"url\":\"https:\\\/\\\/aldiachaco.com.ar\\\/index.php\\\/2026\\\/04\\\/23\\\/manaos-tiene-un-plazo-de-tres-dias-para-pagar-mas-de-800-millones-de-indemnizacion\\\/\",\"name\":\"Manaos tiene un plazo de tres d\u00edas para pagar m\u00e1s de $800 millones de indemnizaci\u00f3n | Al Dia Chaco\",\"isPartOf\":{\"@id\":\"https:\\\/\\\/aldiachaco.com.ar\\\/#website\"},\"primaryImageOfPage\":{\"@id\":\"https:\\\/\\\/aldiachaco.com.ar\\\/index.php\\\/2026\\\/04\\\/23\\\/manaos-tiene-un-plazo-de-tres-dias-para-pagar-mas-de-800-millones-de-indemnizacion\\\/#primaryimage\"},\"image\":{\"@id\":\"https:\\\/\\\/aldiachaco.com.ar\\\/index.php\\\/2026\\\/04\\\/23\\\/manaos-tiene-un-plazo-de-tres-dias-para-pagar-mas-de-800-millones-de-indemnizacion\\\/#primaryimage\"},\"thumbnailUrl\":\"https:\\\/\\\/aldiachaco.com.ar\\\/wp-content\\\/uploads\\\/2026\\\/04\\\/2304manaos.webp\",\"datePublished\":\"2026-04-23T13:38:32+00:00\",\"breadcrumb\":{\"@id\":\"https:\\\/\\\/aldiachaco.com.ar\\\/index.php\\\/2026\\\/04\\\/23\\\/manaos-tiene-un-plazo-de-tres-dias-para-pagar-mas-de-800-millones-de-indemnizacion\\\/#breadcrumb\"},\"inLanguage\":\"es-AR\",\"potentialAction\":[{\"@type\":\"ReadAction\",\"target\":[\"https:\\\/\\\/aldiachaco.com.ar\\\/index.php\\\/2026\\\/04\\\/23\\\/manaos-tiene-un-plazo-de-tres-dias-para-pagar-mas-de-800-millones-de-indemnizacion\\\/\"]}]},{\"@type\":\"ImageObject\",\"inLanguage\":\"es-AR\",\"@id\":\"https:\\\/\\\/aldiachaco.com.ar\\\/index.php\\\/2026\\\/04\\\/23\\\/manaos-tiene-un-plazo-de-tres-dias-para-pagar-mas-de-800-millones-de-indemnizacion\\\/#primaryimage\",\"url\":\"https:\\\/\\\/aldiachaco.com.ar\\\/wp-content\\\/uploads\\\/2026\\\/04\\\/2304manaos.webp\",\"contentUrl\":\"https:\\\/\\\/aldiachaco.com.ar\\\/wp-content\\\/uploads\\\/2026\\\/04\\\/2304manaos.webp\",\"width\":800,\"height\":449},{\"@type\":\"BreadcrumbList\",\"@id\":\"https:\\\/\\\/aldiachaco.com.ar\\\/index.php\\\/2026\\\/04\\\/23\\\/manaos-tiene-un-plazo-de-tres-dias-para-pagar-mas-de-800-millones-de-indemnizacion\\\/#breadcrumb\",\"itemListElement\":[{\"@type\":\"ListItem\",\"position\":1,\"name\":\"Home\",\"item\":\"https:\\\/\\\/aldiachaco.com.ar\\\/\"},{\"@type\":\"ListItem\",\"position\":2,\"name\":\"Manaos tiene un plazo de tres d\u00edas para pagar m\u00e1s de $800 millones de indemnizaci\u00f3n\"}]},{\"@type\":\"WebSite\",\"@id\":\"https:\\\/\\\/aldiachaco.com.ar\\\/#website\",\"url\":\"https:\\\/\\\/aldiachaco.com.ar\\\/\",\"name\":\"Al Dia Chaco\",\"description\":\"Noticias del Chaco y el mundo\",\"publisher\":{\"@id\":\"https:\\\/\\\/aldiachaco.com.ar\\\/#organization\"},\"alternateName\":\"Al D\u00eda Chaco\",\"potentialAction\":[{\"@type\":\"SearchAction\",\"target\":{\"@type\":\"EntryPoint\",\"urlTemplate\":\"https:\\\/\\\/aldiachaco.com.ar\\\/?s={search_term_string}\"},\"query-input\":{\"@type\":\"PropertyValueSpecification\",\"valueRequired\":true,\"valueName\":\"search_term_string\"}}],\"inLanguage\":\"es-AR\"},{\"@type\":\"Organization\",\"@id\":\"https:\\\/\\\/aldiachaco.com.ar\\\/#organization\",\"name\":\"Al Dia Chaco\",\"url\":\"https:\\\/\\\/aldiachaco.com.ar\\\/\",\"logo\":{\"@type\":\"ImageObject\",\"inLanguage\":\"es-AR\",\"@id\":\"https:\\\/\\\/aldiachaco.com.ar\\\/#\\\/schema\\\/logo\\\/image\\\/\",\"url\":\"https:\\\/\\\/aldiachaco.com.ar\\\/wp-content\\\/uploads\\\/2017\\\/11\\\/AL-DIA-CHACO-L@2x.png\",\"contentUrl\":\"https:\\\/\\\/aldiachaco.com.ar\\\/wp-content\\\/uploads\\\/2017\\\/11\\\/AL-DIA-CHACO-L@2x.png\",\"width\":232,\"height\":60,\"caption\":\"Al Dia Chaco\"},\"image\":{\"@id\":\"https:\\\/\\\/aldiachaco.com.ar\\\/#\\\/schema\\\/logo\\\/image\\\/\"}},{\"@type\":\"Person\",\"@id\":\"https:\\\/\\\/aldiachaco.com.ar\\\/#\\\/schema\\\/person\\\/b24e975af8022082f5889a7a7299e962\",\"name\":\"RedaccionRM\",\"image\":{\"@type\":\"ImageObject\",\"inLanguage\":\"es-AR\",\"@id\":\"https:\\\/\\\/aldiachaco.com.ar\\\/wp-content\\\/litespeed\\\/avatar\\\/a30118fcb7a6295303f1c91164c6aba1.jpg?ver=1777339088\",\"url\":\"https:\\\/\\\/aldiachaco.com.ar\\\/wp-content\\\/litespeed\\\/avatar\\\/a30118fcb7a6295303f1c91164c6aba1.jpg?ver=1777339088\",\"contentUrl\":\"https:\\\/\\\/aldiachaco.com.ar\\\/wp-content\\\/litespeed\\\/avatar\\\/a30118fcb7a6295303f1c91164c6aba1.jpg?ver=1777339088\",\"caption\":\"RedaccionRM\"},\"url\":\"https:\\\/\\\/aldiachaco.com.ar\\\/index.php\\\/author\\\/redaccionrm\\\/\"}]}<\/script>\n<!-- \/ Yoast SEO plugin. -->","yoast_head_json":{"title":"Manaos tiene un plazo de tres d\u00edas para pagar m\u00e1s de $800 millones de indemnizaci\u00f3n | Al Dia Chaco","robots":{"index":"index","follow":"follow","max-snippet":"max-snippet:-1","max-image-preview":"max-image-preview:large","max-video-preview":"max-video-preview:-1"},"canonical":"https:\/\/aldiachaco.com.ar\/index.php\/2026\/04\/23\/manaos-tiene-un-plazo-de-tres-dias-para-pagar-mas-de-800-millones-de-indemnizacion\/","og_locale":"es_ES","og_type":"article","og_title":"Manaos tiene un plazo de tres d\u00edas para pagar m\u00e1s de $800 millones de indemnizaci\u00f3n | Al Dia Chaco","og_description":"M\u00e1s de $800 millones es lo que debe pagar en un plazo de cuatro d\u00edas la empresa de gaseosas Manaos a un ex empleado mendocino, luego de que la Corte de Justicia de esa provincia rechazara el \u00faltimo recurso que present\u00f3. De esa manera, a Refres Now, la compa\u00f1\u00eda que comercializa la marca, se le &hellip;","og_url":"https:\/\/aldiachaco.com.ar\/index.php\/2026\/04\/23\/manaos-tiene-un-plazo-de-tres-dias-para-pagar-mas-de-800-millones-de-indemnizacion\/","og_site_name":"Al Dia Chaco","article_published_time":"2026-04-23T13:38:32+00:00","og_image":[{"width":800,"height":449,"url":"https:\/\/aldiachaco.com.ar\/wp-content\/uploads\/2026\/04\/2304manaos.webp","type":"image\/webp"}],"author":"RedaccionRM","twitter_card":"summary_large_image","twitter_misc":{"Escrito por":"RedaccionRM","Tiempo de lectura":"3 minutos"},"schema":{"@context":"https:\/\/schema.org","@graph":[{"@type":"Article","@id":"https:\/\/aldiachaco.com.ar\/index.php\/2026\/04\/23\/manaos-tiene-un-plazo-de-tres-dias-para-pagar-mas-de-800-millones-de-indemnizacion\/#article","isPartOf":{"@id":"https:\/\/aldiachaco.com.ar\/index.php\/2026\/04\/23\/manaos-tiene-un-plazo-de-tres-dias-para-pagar-mas-de-800-millones-de-indemnizacion\/"},"author":{"name":"RedaccionRM","@id":"https:\/\/aldiachaco.com.ar\/#\/schema\/person\/b24e975af8022082f5889a7a7299e962"},"headline":"Manaos tiene un plazo de tres d\u00edas para pagar m\u00e1s de $800 millones de indemnizaci\u00f3n","datePublished":"2026-04-23T13:38:32+00:00","mainEntityOfPage":{"@id":"https:\/\/aldiachaco.com.ar\/index.php\/2026\/04\/23\/manaos-tiene-un-plazo-de-tres-dias-para-pagar-mas-de-800-millones-de-indemnizacion\/"},"wordCount":487,"commentCount":0,"publisher":{"@id":"https:\/\/aldiachaco.com.ar\/#organization"},"image":{"@id":"https:\/\/aldiachaco.com.ar\/index.php\/2026\/04\/23\/manaos-tiene-un-plazo-de-tres-dias-para-pagar-mas-de-800-millones-de-indemnizacion\/#primaryimage"},"thumbnailUrl":"https:\/\/aldiachaco.com.ar\/wp-content\/uploads\/2026\/04\/2304manaos.webp","articleSection":["Nacionales"],"inLanguage":"es-AR","potentialAction":[{"@type":"CommentAction","name":"Comment","target":["https:\/\/aldiachaco.com.ar\/index.php\/2026\/04\/23\/manaos-tiene-un-plazo-de-tres-dias-para-pagar-mas-de-800-millones-de-indemnizacion\/#respond"]}]},{"@type":"WebPage","@id":"https:\/\/aldiachaco.com.ar\/index.php\/2026\/04\/23\/manaos-tiene-un-plazo-de-tres-dias-para-pagar-mas-de-800-millones-de-indemnizacion\/","url":"https:\/\/aldiachaco.com.ar\/index.php\/2026\/04\/23\/manaos-tiene-un-plazo-de-tres-dias-para-pagar-mas-de-800-millones-de-indemnizacion\/","name":"Manaos tiene un plazo de tres d\u00edas para pagar m\u00e1s de $800 millones de indemnizaci\u00f3n | Al Dia Chaco","isPartOf":{"@id":"https:\/\/aldiachaco.com.ar\/#website"},"primaryImageOfPage":{"@id":"https:\/\/aldiachaco.com.ar\/index.php\/2026\/04\/23\/manaos-tiene-un-plazo-de-tres-dias-para-pagar-mas-de-800-millones-de-indemnizacion\/#primaryimage"},"image":{"@id":"https:\/\/aldiachaco.com.ar\/index.php\/2026\/04\/23\/manaos-tiene-un-plazo-de-tres-dias-para-pagar-mas-de-800-millones-de-indemnizacion\/#primaryimage"},"thumbnailUrl":"https:\/\/aldiachaco.com.ar\/wp-content\/uploads\/2026\/04\/2304manaos.webp","datePublished":"2026-04-23T13:38:32+00:00","breadcrumb":{"@id":"https:\/\/aldiachaco.com.ar\/index.php\/2026\/04\/23\/manaos-tiene-un-plazo-de-tres-dias-para-pagar-mas-de-800-millones-de-indemnizacion\/#breadcrumb"},"inLanguage":"es-AR","potentialAction":[{"@type":"ReadAction","target":["https:\/\/aldiachaco.com.ar\/index.php\/2026\/04\/23\/manaos-tiene-un-plazo-de-tres-dias-para-pagar-mas-de-800-millones-de-indemnizacion\/"]}]},{"@type":"ImageObject","inLanguage":"es-AR","@id":"https:\/\/aldiachaco.com.ar\/index.php\/2026\/04\/23\/manaos-tiene-un-plazo-de-tres-dias-para-pagar-mas-de-800-millones-de-indemnizacion\/#primaryimage","url":"https:\/\/aldiachaco.com.ar\/wp-content\/uploads\/2026\/04\/2304manaos.webp","contentUrl":"https:\/\/aldiachaco.com.ar\/wp-content\/uploads\/2026\/04\/2304manaos.webp","width":800,"height":449},{"@type":"BreadcrumbList","@id":"https:\/\/aldiachaco.com.ar\/index.php\/2026\/04\/23\/manaos-tiene-un-plazo-de-tres-dias-para-pagar-mas-de-800-millones-de-indemnizacion\/#breadcrumb","itemListElement":[{"@type":"ListItem","position":1,"name":"Home","item":"https:\/\/aldiachaco.com.ar\/"},{"@type":"ListItem","position":2,"name":"Manaos tiene un plazo de tres d\u00edas para pagar m\u00e1s de $800 millones de indemnizaci\u00f3n"}]},{"@type":"WebSite","@id":"https:\/\/aldiachaco.com.ar\/#website","url":"https:\/\/aldiachaco.com.ar\/","name":"Al Dia Chaco","description":"Noticias del Chaco y el mundo","publisher":{"@id":"https:\/\/aldiachaco.com.ar\/#organization"},"alternateName":"Al D\u00eda Chaco","potentialAction":[{"@type":"SearchAction","target":{"@type":"EntryPoint","urlTemplate":"https:\/\/aldiachaco.com.ar\/?s={search_term_string}"},"query-input":{"@type":"PropertyValueSpecification","valueRequired":true,"valueName":"search_term_string"}}],"inLanguage":"es-AR"},{"@type":"Organization","@id":"https:\/\/aldiachaco.com.ar\/#organization","name":"Al Dia Chaco","url":"https:\/\/aldiachaco.com.ar\/","logo":{"@type":"ImageObject","inLanguage":"es-AR","@id":"https:\/\/aldiachaco.com.ar\/#\/schema\/logo\/image\/","url":"https:\/\/aldiachaco.com.ar\/wp-content\/uploads\/2017\/11\/AL-DIA-CHACO-L@2x.png","contentUrl":"https:\/\/aldiachaco.com.ar\/wp-content\/uploads\/2017\/11\/AL-DIA-CHACO-L@2x.png","width":232,"height":60,"caption":"Al Dia Chaco"},"image":{"@id":"https:\/\/aldiachaco.com.ar\/#\/schema\/logo\/image\/"}},{"@type":"Person","@id":"https:\/\/aldiachaco.com.ar\/#\/schema\/person\/b24e975af8022082f5889a7a7299e962","name":"RedaccionRM","image":{"@type":"ImageObject","inLanguage":"es-AR","@id":"https:\/\/aldiachaco.com.ar\/wp-content\/litespeed\/avatar\/a30118fcb7a6295303f1c91164c6aba1.jpg?ver=1777339088","url":"https:\/\/aldiachaco.com.ar\/wp-content\/litespeed\/avatar\/a30118fcb7a6295303f1c91164c6aba1.jpg?ver=1777339088","contentUrl":"https:\/\/aldiachaco.com.ar\/wp-content\/litespeed\/avatar\/a30118fcb7a6295303f1c91164c6aba1.jpg?ver=1777339088","caption":"RedaccionRM"},"url":"https:\/\/aldiachaco.com.ar\/index.php\/author\/redaccionrm\/"}]}},"jetpack_publicize_connections":[],"jetpack_featured_media_url":"https:\/\/aldiachaco.com.ar\/wp-content\/uploads\/2026\/04\/2304manaos.webp","jetpack_sharing_enabled":true,"amp_enabled":true,"_links":{"self":[{"href":"https:\/\/aldiachaco.com.ar\/index.php\/wp-json\/wp\/v2\/posts\/118187","targetHints":{"allow":["GET"]}}],"collection":[{"href":"https:\/\/aldiachaco.com.ar\/index.php\/wp-json\/wp\/v2\/posts"}],"about":[{"href":"https:\/\/aldiachaco.com.ar\/index.php\/wp-json\/wp\/v2\/types\/post"}],"author":[{"embeddable":true,"href":"https:\/\/aldiachaco.com.ar\/index.php\/wp-json\/wp\/v2\/users\/9"}],"replies":[{"embeddable":true,"href":"https:\/\/aldiachaco.com.ar\/index.php\/wp-json\/wp\/v2\/comments?post=118187"}],"version-history":[{"count":1,"href":"https:\/\/aldiachaco.com.ar\/index.php\/wp-json\/wp\/v2\/posts\/118187\/revisions"}],"predecessor-version":[{"id":118189,"href":"https:\/\/aldiachaco.com.ar\/index.php\/wp-json\/wp\/v2\/posts\/118187\/revisions\/118189"}],"wp:featuredmedia":[{"embeddable":true,"href":"https:\/\/aldiachaco.com.ar\/index.php\/wp-json\/wp\/v2\/media\/118188"}],"wp:attachment":[{"href":"https:\/\/aldiachaco.com.ar\/index.php\/wp-json\/wp\/v2\/media?parent=118187"}],"wp:term":[{"taxonomy":"category","embeddable":true,"href":"https:\/\/aldiachaco.com.ar\/index.php\/wp-json\/wp\/v2\/categories?post=118187"},{"taxonomy":"post_tag","embeddable":true,"href":"https:\/\/aldiachaco.com.ar\/index.php\/wp-json\/wp\/v2\/tags?post=118187"}],"curies":[{"name":"wp","href":"https:\/\/api.w.org\/{rel}","templated":true}]}}