{"id":118183,"date":"2026-04-23T09:54:57","date_gmt":"2026-04-23T12:54:57","guid":{"rendered":"https:\/\/aldiachaco.com.ar\/?p=118183"},"modified":"2026-04-23T09:54:57","modified_gmt":"2026-04-23T12:54:57","slug":"medidas-excepcionales-para-la-ganaderia-ante-contingencias-climaticas","status":"publish","type":"post","link":"https:\/\/aldiachaco.com.ar\/index.php\/2026\/04\/23\/medidas-excepcionales-para-la-ganaderia-ante-contingencias-climaticas\/","title":{"rendered":"Medidas excepcionales para la ganader\u00eda ante contingencias clim\u00e1ticas"},"content":{"rendered":"<p class=\"ds-markdown-paragraph\">El Servicio Nacional de Sanidad y Calidad Agroalimentaria (SENASA) dispondr\u00e1 medidas excepcionales para cooperar con el sector ganadero y favorecer las gestiones sanitarias y documentales en establecimientos afectados por las inundaciones en las provincias de Santa Fe, Tucum\u00e1n, Santiago del Estero, Chaco y Formosa.<\/p>\n<p class=\"ds-markdown-paragraph\">La decisi\u00f3n busca atenuar las dificultades que afrontan productores, transportistas y vacunadores para cumplir con el calendario anual de vacunaci\u00f3n contra la fiebre aftosa, as\u00ed como tambi\u00e9n otras tareas sanitarias habituales, debido a las fuertes lluvias que afectan a la regi\u00f3n.<\/p>\n<p class=\"ds-markdown-paragraph\">En este contexto, los establecimientos afectados podr\u00e1n solicitar en la oficina del SENASA de su jurisdicci\u00f3n la postergaci\u00f3n del calendario vacunal, a fin de priorizar el traslado de los animales en situaciones de emergencia. La medida tiene como objetivo resguardar la sanidad y el bienestar de los animales, mitigar los efectos adversos de las inundaciones y reducir los riesgos log\u00edsticos y\/u operativos, garantizando el cumplimiento de las acciones sanitarias en forma diferida.<\/p>\n<p class=\"ds-markdown-paragraph\">Cabe destacar que en los casos en que se autorice el movimiento de animales sin la vacunaci\u00f3n previa obligatoria, la misma deber\u00e1 completarse una vez que la hacienda arribe al establecimiento de destino.<\/p>\n<p class=\"ds-markdown-paragraph\">Estas disposiciones estar\u00e1n vigentes mientras persistan las contingencias clim\u00e1ticas y se aplicar\u00e1n con estricta observancia para asegurar las garant\u00edas sanitarias establecidas a nivel nacional. Adem\u00e1s, ser\u00e1n contempladas para otras provincias y\/o regiones que reporten problem\u00e1ticas similares.<\/p>\n<p class=\"ds-markdown-paragraph\">Las oficinas del SENASA se encuentran a disposici\u00f3n de productores y transportistas para evaluar y resolver situaciones excepcionales vinculadas al movimiento de bovinos, bubalinos y otras especies.<\/p>\n","protected":false},"excerpt":{"rendered":"<p>El Servicio Nacional de Sanidad y Calidad Agroalimentaria (SENASA) dispondr\u00e1 medidas excepcionales para cooperar con el sector ganadero y favorecer las gestiones sanitarias y documentales en establecimientos afectados por las inundaciones en las provincias de Santa Fe, Tucum\u00e1n, Santiago del Estero, Chaco y Formosa. La decisi\u00f3n busca atenuar las dificultades que afrontan productores, transportistas y &hellip;<\/p>\n","protected":false},"author":9,"featured_media":118184,"comment_status":"open","ping_status":"open","sticky":false,"template":"","format":"standard","meta":{"content-type":"","_monsterinsights_skip_tracking":false,"_monsterinsights_sitenote_active":false,"_monsterinsights_sitenote_note":"","_monsterinsights_sitenote_category":0,"_jetpack_memberships_contains_paid_content":false,"footnotes":"","jetpack_publicize_message":"","jetpack_publicize_feature_enabled":true,"jetpack_social_post_already_shared":true,"jetpack_social_options":{"image_generator_settings":{"template":"highway","default_image_id":0,"font":"","enabled":false},"version":2}},"categories":[94],"tags":[],"class_list":["post-118183","post","type-post","status-publish","format-standard","has-post-thumbnail","hentry","category-nacionales"],"yoast_head":"<!-- This site is optimized with the Yoast SEO plugin v27.4 - https:\/\/yoast.com\/product\/yoast-seo-wordpress\/ -->\n<title>Medidas excepcionales para la ganader\u00eda ante contingencias clim\u00e1ticas | Al Dia Chaco<\/title>\n<meta name=\"robots\" content=\"index, follow, max-snippet:-1, max-image-preview:large, max-video-preview:-1\" \/>\n<link rel=\"canonical\" href=\"https:\/\/aldiachaco.com.ar\/index.php\/2026\/04\/23\/medidas-excepcionales-para-la-ganaderia-ante-contingencias-climaticas\/\" \/>\n<meta property=\"og:locale\" content=\"es_ES\" \/>\n<meta property=\"og:type\" content=\"article\" \/>\n<meta property=\"og:title\" content=\"Medidas excepcionales para la ganader\u00eda ante contingencias clim\u00e1ticas | Al Dia Chaco\" \/>\n<meta property=\"og:description\" content=\"El Servicio Nacional de Sanidad y Calidad Agroalimentaria (SENASA) dispondr\u00e1 medidas excepcionales para cooperar con el sector ganadero y favorecer las gestiones sanitarias y documentales en establecimientos afectados por las inundaciones en las provincias de Santa Fe, Tucum\u00e1n, Santiago del Estero, Chaco y Formosa. La decisi\u00f3n busca atenuar las dificultades que afrontan productores, transportistas y &hellip;\" \/>\n<meta property=\"og:url\" content=\"https:\/\/aldiachaco.com.ar\/index.php\/2026\/04\/23\/medidas-excepcionales-para-la-ganaderia-ante-contingencias-climaticas\/\" \/>\n<meta property=\"og:site_name\" content=\"Al Dia Chaco\" \/>\n<meta property=\"article:published_time\" content=\"2026-04-23T12:54:57+00:00\" \/>\n<meta property=\"og:image\" content=\"https:\/\/aldiachaco.com.ar\/wp-content\/uploads\/2026\/04\/2304ganado.jpg\" \/>\n\t<meta property=\"og:image:width\" content=\"1200\" \/>\n\t<meta property=\"og:image:height\" content=\"600\" \/>\n\t<meta property=\"og:image:type\" content=\"image\/jpeg\" \/>\n<meta name=\"author\" content=\"RedaccionRM\" \/>\n<meta name=\"twitter:card\" content=\"summary_large_image\" \/>\n<meta name=\"twitter:label1\" content=\"Escrito por\" \/>\n\t<meta name=\"twitter:data1\" content=\"RedaccionRM\" \/>\n\t<meta name=\"twitter:label2\" content=\"Tiempo de lectura\" \/>\n\t<meta name=\"twitter:data2\" content=\"2 minutos\" \/>\n<script type=\"application\/ld+json\" class=\"yoast-schema-graph\">{\"@context\":\"https:\\\/\\\/schema.org\",\"@graph\":[{\"@type\":\"Article\",\"@id\":\"https:\\\/\\\/aldiachaco.com.ar\\\/index.php\\\/2026\\\/04\\\/23\\\/medidas-excepcionales-para-la-ganaderia-ante-contingencias-climaticas\\\/#article\",\"isPartOf\":{\"@id\":\"https:\\\/\\\/aldiachaco.com.ar\\\/index.php\\\/2026\\\/04\\\/23\\\/medidas-excepcionales-para-la-ganaderia-ante-contingencias-climaticas\\\/\"},\"author\":{\"name\":\"RedaccionRM\",\"@id\":\"https:\\\/\\\/aldiachaco.com.ar\\\/#\\\/schema\\\/person\\\/b24e975af8022082f5889a7a7299e962\"},\"headline\":\"Medidas excepcionales para la ganader\u00eda ante contingencias clim\u00e1ticas\",\"datePublished\":\"2026-04-23T12:54:57+00:00\",\"mainEntityOfPage\":{\"@id\":\"https:\\\/\\\/aldiachaco.com.ar\\\/index.php\\\/2026\\\/04\\\/23\\\/medidas-excepcionales-para-la-ganaderia-ante-contingencias-climaticas\\\/\"},\"wordCount\":283,\"commentCount\":0,\"publisher\":{\"@id\":\"https:\\\/\\\/aldiachaco.com.ar\\\/#organization\"},\"image\":{\"@id\":\"https:\\\/\\\/aldiachaco.com.ar\\\/index.php\\\/2026\\\/04\\\/23\\\/medidas-excepcionales-para-la-ganaderia-ante-contingencias-climaticas\\\/#primaryimage\"},\"thumbnailUrl\":\"https:\\\/\\\/aldiachaco.com.ar\\\/wp-content\\\/uploads\\\/2026\\\/04\\\/2304ganado.jpg\",\"articleSection\":[\"Nacionales\"],\"inLanguage\":\"es-AR\",\"potentialAction\":[{\"@type\":\"CommentAction\",\"name\":\"Comment\",\"target\":[\"https:\\\/\\\/aldiachaco.com.ar\\\/index.php\\\/2026\\\/04\\\/23\\\/medidas-excepcionales-para-la-ganaderia-ante-contingencias-climaticas\\\/#respond\"]}]},{\"@type\":\"WebPage\",\"@id\":\"https:\\\/\\\/aldiachaco.com.ar\\\/index.php\\\/2026\\\/04\\\/23\\\/medidas-excepcionales-para-la-ganaderia-ante-contingencias-climaticas\\\/\",\"url\":\"https:\\\/\\\/aldiachaco.com.ar\\\/index.php\\\/2026\\\/04\\\/23\\\/medidas-excepcionales-para-la-ganaderia-ante-contingencias-climaticas\\\/\",\"name\":\"Medidas excepcionales para la ganader\u00eda ante contingencias clim\u00e1ticas | Al Dia Chaco\",\"isPartOf\":{\"@id\":\"https:\\\/\\\/aldiachaco.com.ar\\\/#website\"},\"primaryImageOfPage\":{\"@id\":\"https:\\\/\\\/aldiachaco.com.ar\\\/index.php\\\/2026\\\/04\\\/23\\\/medidas-excepcionales-para-la-ganaderia-ante-contingencias-climaticas\\\/#primaryimage\"},\"image\":{\"@id\":\"https:\\\/\\\/aldiachaco.com.ar\\\/index.php\\\/2026\\\/04\\\/23\\\/medidas-excepcionales-para-la-ganaderia-ante-contingencias-climaticas\\\/#primaryimage\"},\"thumbnailUrl\":\"https:\\\/\\\/aldiachaco.com.ar\\\/wp-content\\\/uploads\\\/2026\\\/04\\\/2304ganado.jpg\",\"datePublished\":\"2026-04-23T12:54:57+00:00\",\"breadcrumb\":{\"@id\":\"https:\\\/\\\/aldiachaco.com.ar\\\/index.php\\\/2026\\\/04\\\/23\\\/medidas-excepcionales-para-la-ganaderia-ante-contingencias-climaticas\\\/#breadcrumb\"},\"inLanguage\":\"es-AR\",\"potentialAction\":[{\"@type\":\"ReadAction\",\"target\":[\"https:\\\/\\\/aldiachaco.com.ar\\\/index.php\\\/2026\\\/04\\\/23\\\/medidas-excepcionales-para-la-ganaderia-ante-contingencias-climaticas\\\/\"]}]},{\"@type\":\"ImageObject\",\"inLanguage\":\"es-AR\",\"@id\":\"https:\\\/\\\/aldiachaco.com.ar\\\/index.php\\\/2026\\\/04\\\/23\\\/medidas-excepcionales-para-la-ganaderia-ante-contingencias-climaticas\\\/#primaryimage\",\"url\":\"https:\\\/\\\/aldiachaco.com.ar\\\/wp-content\\\/uploads\\\/2026\\\/04\\\/2304ganado.jpg\",\"contentUrl\":\"https:\\\/\\\/aldiachaco.com.ar\\\/wp-content\\\/uploads\\\/2026\\\/04\\\/2304ganado.jpg\",\"width\":1200,\"height\":600,\"caption\":\"xr:d:DAE4WbzHNak:25,j:33629119070,t:22082417\"},{\"@type\":\"BreadcrumbList\",\"@id\":\"https:\\\/\\\/aldiachaco.com.ar\\\/index.php\\\/2026\\\/04\\\/23\\\/medidas-excepcionales-para-la-ganaderia-ante-contingencias-climaticas\\\/#breadcrumb\",\"itemListElement\":[{\"@type\":\"ListItem\",\"position\":1,\"name\":\"Home\",\"item\":\"https:\\\/\\\/aldiachaco.com.ar\\\/\"},{\"@type\":\"ListItem\",\"position\":2,\"name\":\"Medidas excepcionales para la ganader\u00eda ante contingencias clim\u00e1ticas\"}]},{\"@type\":\"WebSite\",\"@id\":\"https:\\\/\\\/aldiachaco.com.ar\\\/#website\",\"url\":\"https:\\\/\\\/aldiachaco.com.ar\\\/\",\"name\":\"Al Dia Chaco\",\"description\":\"Noticias del Chaco y el mundo\",\"publisher\":{\"@id\":\"https:\\\/\\\/aldiachaco.com.ar\\\/#organization\"},\"alternateName\":\"Al D\u00eda Chaco\",\"potentialAction\":[{\"@type\":\"SearchAction\",\"target\":{\"@type\":\"EntryPoint\",\"urlTemplate\":\"https:\\\/\\\/aldiachaco.com.ar\\\/?s={search_term_string}\"},\"query-input\":{\"@type\":\"PropertyValueSpecification\",\"valueRequired\":true,\"valueName\":\"search_term_string\"}}],\"inLanguage\":\"es-AR\"},{\"@type\":\"Organization\",\"@id\":\"https:\\\/\\\/aldiachaco.com.ar\\\/#organization\",\"name\":\"Al Dia Chaco\",\"url\":\"https:\\\/\\\/aldiachaco.com.ar\\\/\",\"logo\":{\"@type\":\"ImageObject\",\"inLanguage\":\"es-AR\",\"@id\":\"https:\\\/\\\/aldiachaco.com.ar\\\/#\\\/schema\\\/logo\\\/image\\\/\",\"url\":\"https:\\\/\\\/aldiachaco.com.ar\\\/wp-content\\\/uploads\\\/2017\\\/11\\\/AL-DIA-CHACO-L@2x.png\",\"contentUrl\":\"https:\\\/\\\/aldiachaco.com.ar\\\/wp-content\\\/uploads\\\/2017\\\/11\\\/AL-DIA-CHACO-L@2x.png\",\"width\":232,\"height\":60,\"caption\":\"Al Dia Chaco\"},\"image\":{\"@id\":\"https:\\\/\\\/aldiachaco.com.ar\\\/#\\\/schema\\\/logo\\\/image\\\/\"}},{\"@type\":\"Person\",\"@id\":\"https:\\\/\\\/aldiachaco.com.ar\\\/#\\\/schema\\\/person\\\/b24e975af8022082f5889a7a7299e962\",\"name\":\"RedaccionRM\",\"image\":{\"@type\":\"ImageObject\",\"inLanguage\":\"es-AR\",\"@id\":\"https:\\\/\\\/aldiachaco.com.ar\\\/wp-content\\\/litespeed\\\/avatar\\\/a30118fcb7a6295303f1c91164c6aba1.jpg?ver=1777339088\",\"url\":\"https:\\\/\\\/aldiachaco.com.ar\\\/wp-content\\\/litespeed\\\/avatar\\\/a30118fcb7a6295303f1c91164c6aba1.jpg?ver=1777339088\",\"contentUrl\":\"https:\\\/\\\/aldiachaco.com.ar\\\/wp-content\\\/litespeed\\\/avatar\\\/a30118fcb7a6295303f1c91164c6aba1.jpg?ver=1777339088\",\"caption\":\"RedaccionRM\"},\"url\":\"https:\\\/\\\/aldiachaco.com.ar\\\/index.php\\\/author\\\/redaccionrm\\\/\"}]}<\/script>\n<!-- \/ Yoast SEO plugin. -->","yoast_head_json":{"title":"Medidas excepcionales para la ganader\u00eda ante contingencias clim\u00e1ticas | Al Dia Chaco","robots":{"index":"index","follow":"follow","max-snippet":"max-snippet:-1","max-image-preview":"max-image-preview:large","max-video-preview":"max-video-preview:-1"},"canonical":"https:\/\/aldiachaco.com.ar\/index.php\/2026\/04\/23\/medidas-excepcionales-para-la-ganaderia-ante-contingencias-climaticas\/","og_locale":"es_ES","og_type":"article","og_title":"Medidas excepcionales para la ganader\u00eda ante contingencias clim\u00e1ticas | Al Dia Chaco","og_description":"El Servicio Nacional de Sanidad y Calidad Agroalimentaria (SENASA) dispondr\u00e1 medidas excepcionales para cooperar con el sector ganadero y favorecer las gestiones sanitarias y documentales en establecimientos afectados por las inundaciones en las provincias de Santa Fe, Tucum\u00e1n, Santiago del Estero, Chaco y Formosa. La decisi\u00f3n busca atenuar las dificultades que afrontan productores, transportistas y &hellip;","og_url":"https:\/\/aldiachaco.com.ar\/index.php\/2026\/04\/23\/medidas-excepcionales-para-la-ganaderia-ante-contingencias-climaticas\/","og_site_name":"Al Dia Chaco","article_published_time":"2026-04-23T12:54:57+00:00","og_image":[{"width":1200,"height":600,"url":"https:\/\/aldiachaco.com.ar\/wp-content\/uploads\/2026\/04\/2304ganado.jpg","type":"image\/jpeg"}],"author":"RedaccionRM","twitter_card":"summary_large_image","twitter_misc":{"Escrito por":"RedaccionRM","Tiempo de lectura":"2 minutos"},"schema":{"@context":"https:\/\/schema.org","@graph":[{"@type":"Article","@id":"https:\/\/aldiachaco.com.ar\/index.php\/2026\/04\/23\/medidas-excepcionales-para-la-ganaderia-ante-contingencias-climaticas\/#article","isPartOf":{"@id":"https:\/\/aldiachaco.com.ar\/index.php\/2026\/04\/23\/medidas-excepcionales-para-la-ganaderia-ante-contingencias-climaticas\/"},"author":{"name":"RedaccionRM","@id":"https:\/\/aldiachaco.com.ar\/#\/schema\/person\/b24e975af8022082f5889a7a7299e962"},"headline":"Medidas excepcionales para la ganader\u00eda ante contingencias clim\u00e1ticas","datePublished":"2026-04-23T12:54:57+00:00","mainEntityOfPage":{"@id":"https:\/\/aldiachaco.com.ar\/index.php\/2026\/04\/23\/medidas-excepcionales-para-la-ganaderia-ante-contingencias-climaticas\/"},"wordCount":283,"commentCount":0,"publisher":{"@id":"https:\/\/aldiachaco.com.ar\/#organization"},"image":{"@id":"https:\/\/aldiachaco.com.ar\/index.php\/2026\/04\/23\/medidas-excepcionales-para-la-ganaderia-ante-contingencias-climaticas\/#primaryimage"},"thumbnailUrl":"https:\/\/aldiachaco.com.ar\/wp-content\/uploads\/2026\/04\/2304ganado.jpg","articleSection":["Nacionales"],"inLanguage":"es-AR","potentialAction":[{"@type":"CommentAction","name":"Comment","target":["https:\/\/aldiachaco.com.ar\/index.php\/2026\/04\/23\/medidas-excepcionales-para-la-ganaderia-ante-contingencias-climaticas\/#respond"]}]},{"@type":"WebPage","@id":"https:\/\/aldiachaco.com.ar\/index.php\/2026\/04\/23\/medidas-excepcionales-para-la-ganaderia-ante-contingencias-climaticas\/","url":"https:\/\/aldiachaco.com.ar\/index.php\/2026\/04\/23\/medidas-excepcionales-para-la-ganaderia-ante-contingencias-climaticas\/","name":"Medidas excepcionales para la ganader\u00eda ante contingencias clim\u00e1ticas | Al Dia Chaco","isPartOf":{"@id":"https:\/\/aldiachaco.com.ar\/#website"},"primaryImageOfPage":{"@id":"https:\/\/aldiachaco.com.ar\/index.php\/2026\/04\/23\/medidas-excepcionales-para-la-ganaderia-ante-contingencias-climaticas\/#primaryimage"},"image":{"@id":"https:\/\/aldiachaco.com.ar\/index.php\/2026\/04\/23\/medidas-excepcionales-para-la-ganaderia-ante-contingencias-climaticas\/#primaryimage"},"thumbnailUrl":"https:\/\/aldiachaco.com.ar\/wp-content\/uploads\/2026\/04\/2304ganado.jpg","datePublished":"2026-04-23T12:54:57+00:00","breadcrumb":{"@id":"https:\/\/aldiachaco.com.ar\/index.php\/2026\/04\/23\/medidas-excepcionales-para-la-ganaderia-ante-contingencias-climaticas\/#breadcrumb"},"inLanguage":"es-AR","potentialAction":[{"@type":"ReadAction","target":["https:\/\/aldiachaco.com.ar\/index.php\/2026\/04\/23\/medidas-excepcionales-para-la-ganaderia-ante-contingencias-climaticas\/"]}]},{"@type":"ImageObject","inLanguage":"es-AR","@id":"https:\/\/aldiachaco.com.ar\/index.php\/2026\/04\/23\/medidas-excepcionales-para-la-ganaderia-ante-contingencias-climaticas\/#primaryimage","url":"https:\/\/aldiachaco.com.ar\/wp-content\/uploads\/2026\/04\/2304ganado.jpg","contentUrl":"https:\/\/aldiachaco.com.ar\/wp-content\/uploads\/2026\/04\/2304ganado.jpg","width":1200,"height":600,"caption":"xr:d:DAE4WbzHNak:25,j:33629119070,t:22082417"},{"@type":"BreadcrumbList","@id":"https:\/\/aldiachaco.com.ar\/index.php\/2026\/04\/23\/medidas-excepcionales-para-la-ganaderia-ante-contingencias-climaticas\/#breadcrumb","itemListElement":[{"@type":"ListItem","position":1,"name":"Home","item":"https:\/\/aldiachaco.com.ar\/"},{"@type":"ListItem","position":2,"name":"Medidas excepcionales para la ganader\u00eda ante contingencias clim\u00e1ticas"}]},{"@type":"WebSite","@id":"https:\/\/aldiachaco.com.ar\/#website","url":"https:\/\/aldiachaco.com.ar\/","name":"Al Dia Chaco","description":"Noticias del Chaco y el mundo","publisher":{"@id":"https:\/\/aldiachaco.com.ar\/#organization"},"alternateName":"Al D\u00eda Chaco","potentialAction":[{"@type":"SearchAction","target":{"@type":"EntryPoint","urlTemplate":"https:\/\/aldiachaco.com.ar\/?s={search_term_string}"},"query-input":{"@type":"PropertyValueSpecification","valueRequired":true,"valueName":"search_term_string"}}],"inLanguage":"es-AR"},{"@type":"Organization","@id":"https:\/\/aldiachaco.com.ar\/#organization","name":"Al Dia Chaco","url":"https:\/\/aldiachaco.com.ar\/","logo":{"@type":"ImageObject","inLanguage":"es-AR","@id":"https:\/\/aldiachaco.com.ar\/#\/schema\/logo\/image\/","url":"https:\/\/aldiachaco.com.ar\/wp-content\/uploads\/2017\/11\/AL-DIA-CHACO-L@2x.png","contentUrl":"https:\/\/aldiachaco.com.ar\/wp-content\/uploads\/2017\/11\/AL-DIA-CHACO-L@2x.png","width":232,"height":60,"caption":"Al Dia Chaco"},"image":{"@id":"https:\/\/aldiachaco.com.ar\/#\/schema\/logo\/image\/"}},{"@type":"Person","@id":"https:\/\/aldiachaco.com.ar\/#\/schema\/person\/b24e975af8022082f5889a7a7299e962","name":"RedaccionRM","image":{"@type":"ImageObject","inLanguage":"es-AR","@id":"https:\/\/aldiachaco.com.ar\/wp-content\/litespeed\/avatar\/a30118fcb7a6295303f1c91164c6aba1.jpg?ver=1777339088","url":"https:\/\/aldiachaco.com.ar\/wp-content\/litespeed\/avatar\/a30118fcb7a6295303f1c91164c6aba1.jpg?ver=1777339088","contentUrl":"https:\/\/aldiachaco.com.ar\/wp-content\/litespeed\/avatar\/a30118fcb7a6295303f1c91164c6aba1.jpg?ver=1777339088","caption":"RedaccionRM"},"url":"https:\/\/aldiachaco.com.ar\/index.php\/author\/redaccionrm\/"}]}},"jetpack_publicize_connections":[],"jetpack_featured_media_url":"https:\/\/aldiachaco.com.ar\/wp-content\/uploads\/2026\/04\/2304ganado.jpg","jetpack_sharing_enabled":true,"amp_enabled":true,"_links":{"self":[{"href":"https:\/\/aldiachaco.com.ar\/index.php\/wp-json\/wp\/v2\/posts\/118183","targetHints":{"allow":["GET"]}}],"collection":[{"href":"https:\/\/aldiachaco.com.ar\/index.php\/wp-json\/wp\/v2\/posts"}],"about":[{"href":"https:\/\/aldiachaco.com.ar\/index.php\/wp-json\/wp\/v2\/types\/post"}],"author":[{"embeddable":true,"href":"https:\/\/aldiachaco.com.ar\/index.php\/wp-json\/wp\/v2\/users\/9"}],"replies":[{"embeddable":true,"href":"https:\/\/aldiachaco.com.ar\/index.php\/wp-json\/wp\/v2\/comments?post=118183"}],"version-history":[{"count":1,"href":"https:\/\/aldiachaco.com.ar\/index.php\/wp-json\/wp\/v2\/posts\/118183\/revisions"}],"predecessor-version":[{"id":118185,"href":"https:\/\/aldiachaco.com.ar\/index.php\/wp-json\/wp\/v2\/posts\/118183\/revisions\/118185"}],"wp:featuredmedia":[{"embeddable":true,"href":"https:\/\/aldiachaco.com.ar\/index.php\/wp-json\/wp\/v2\/media\/118184"}],"wp:attachment":[{"href":"https:\/\/aldiachaco.com.ar\/index.php\/wp-json\/wp\/v2\/media?parent=118183"}],"wp:term":[{"taxonomy":"category","embeddable":true,"href":"https:\/\/aldiachaco.com.ar\/index.php\/wp-json\/wp\/v2\/categories?post=118183"},{"taxonomy":"post_tag","embeddable":true,"href":"https:\/\/aldiachaco.com.ar\/index.php\/wp-json\/wp\/v2\/tags?post=118183"}],"curies":[{"name":"wp","href":"https:\/\/api.w.org\/{rel}","templated":true}]}}