{"id":11815,"date":"2025-09-29T18:16:27","date_gmt":"2025-09-29T21:16:27","guid":{"rendered":"https:\/\/aldiachaco.com.ar\/?p=11815"},"modified":"2025-09-29T18:16:27","modified_gmt":"2025-09-29T21:16:27","slug":"el-chaco-despliega-su-oferta-turistica-en-la-feria-internacional-de-turismo-2025","status":"publish","type":"post","link":"https:\/\/aldiachaco.com.ar\/index.php\/2025\/09\/29\/el-chaco-despliega-su-oferta-turistica-en-la-feria-internacional-de-turismo-2025\/","title":{"rendered":"El Chaco despliega su oferta tur\u00edstica en la Feria Internacional de Turismo 2025"},"content":{"rendered":"<p class=\"ds-markdown-paragraph\">La provincia del Chaco participa en la edici\u00f3n 2025 de la Feria Internacional de Turismo (FIT), el evento m\u00e1s relevante del sector en Am\u00e9rica Latina, que se desarrolla en el predio de La Rural, en la Ciudad de Buenos Aires. El objetivo de la participaci\u00f3n es promover el destino, impulsar su desarrollo y consolidar al turismo como un motor para la econom\u00eda y la sociedad.<\/p>\n<p class=\"ds-markdown-paragraph\">Durante el evento, la presidenta del Instituto de Turismo del Chaco, Ver\u00f3nica Mazzaroli, mantuvo reuniones estrat\u00e9gicas con actores clave del sector. Adem\u00e1s, particip\u00f3 como expositora en FEMTUR 2025 junto a referentes nacionales e internacionales, como Yanina Mart\u00ednez y Shaikha Al Nowais, secretaria general de ONU Turismo, donde comparti\u00f3 la experiencia de las mujeres de El Impenetrable. Tambi\u00e9n encabez\u00f3 el lanzamiento de la nueva marca de El Impenetrable en el auditorio del Consejo Federal de Turismo.<\/p>\n<p class=\"ds-markdown-paragraph\">La feria fue inaugurada por el presidente de la Naci\u00f3n, Javier Milei, quien resalt\u00f3 el papel estrat\u00e9gico del turismo en la generaci\u00f3n de divisas, la creaci\u00f3n de empleo y la proyecci\u00f3n cultural del pa\u00eds. Este hecho reforz\u00f3 el car\u00e1cter de la FIT como una plataforma clave para la integraci\u00f3n a nivel nacional e internacional.<\/p>\n<p class=\"ds-markdown-paragraph\">La participaci\u00f3n chaque\u00f1a en la feria incluye un stand dise\u00f1ado como un espacio inmersivo que busca mostrar la naturaleza, la cultura, la astronom\u00eda y la pesca deportiva de la provincia. A trav\u00e9s de shows en vivo, talleres de danza, desfiles perform\u00e1ticos, degustaciones gastron\u00f3micas y experiencias sensoriales, el stand acerca al p\u00fablico nacional e internacional la riqueza identitaria de la regi\u00f3n.<\/p>\n<p class=\"ds-markdown-paragraph\">De esta forma, el Chaco se posiciona en la FIT 2025 como un destino que ofrece naturaleza, cultura y experiencias \u00fanicas, reafirmando su identidad, su potencial tur\u00edstico y su compromiso con el desarrollo sostenible. Esta participaci\u00f3n se enmarca en la visi\u00f3n estrat\u00e9gica del gobernador Leandro Zdero de fortalecer el sector y posicionar a la provincia en la agenda tur\u00edstica nacional e internacional.<\/p>\n","protected":false},"excerpt":{"rendered":"<p>La provincia del Chaco participa en la edici\u00f3n 2025 de la Feria Internacional de Turismo (FIT), el evento m\u00e1s relevante del sector en Am\u00e9rica Latina, que se desarrolla en el predio de La Rural, en la Ciudad de Buenos Aires. El objetivo de la participaci\u00f3n es promover el destino, impulsar su desarrollo y consolidar al &hellip;<\/p>\n","protected":false},"author":1,"featured_media":11816,"comment_status":"open","ping_status":"open","sticky":false,"template":"","format":"standard","meta":{"content-type":"","_monsterinsights_skip_tracking":false,"_monsterinsights_sitenote_active":false,"_monsterinsights_sitenote_note":"","_monsterinsights_sitenote_category":0,"_jetpack_memberships_contains_paid_content":false,"footnotes":"","jetpack_publicize_message":"","jetpack_publicize_feature_enabled":true,"jetpack_social_post_already_shared":true,"jetpack_social_options":{"image_generator_settings":{"template":"highway","default_image_id":0,"font":"","enabled":false},"version":2}},"categories":[66,156],"tags":[],"class_list":["post-11815","post","type-post","status-publish","format-standard","has-post-thumbnail","hentry","category-cultura","category-turismo"],"yoast_head":"<!-- This site is optimized with the Yoast SEO plugin v27.4 - https:\/\/yoast.com\/product\/yoast-seo-wordpress\/ -->\n<title>El Chaco despliega su oferta tur\u00edstica en la Feria Internacional de Turismo 2025 | Al Dia Chaco<\/title>\n<meta name=\"robots\" content=\"index, follow, max-snippet:-1, max-image-preview:large, max-video-preview:-1\" \/>\n<link rel=\"canonical\" href=\"https:\/\/aldiachaco.com.ar\/index.php\/2025\/09\/29\/el-chaco-despliega-su-oferta-turistica-en-la-feria-internacional-de-turismo-2025\/\" \/>\n<meta property=\"og:locale\" content=\"es_ES\" \/>\n<meta property=\"og:type\" content=\"article\" \/>\n<meta property=\"og:title\" content=\"El Chaco despliega su oferta tur\u00edstica en la Feria Internacional de Turismo 2025 | Al Dia Chaco\" \/>\n<meta property=\"og:description\" content=\"La provincia del Chaco participa en la edici\u00f3n 2025 de la Feria Internacional de Turismo (FIT), el evento m\u00e1s relevante del sector en Am\u00e9rica Latina, que se desarrolla en el predio de La Rural, en la Ciudad de Buenos Aires. El objetivo de la participaci\u00f3n es promover el destino, impulsar su desarrollo y consolidar al &hellip;\" \/>\n<meta property=\"og:url\" content=\"https:\/\/aldiachaco.com.ar\/index.php\/2025\/09\/29\/el-chaco-despliega-su-oferta-turistica-en-la-feria-internacional-de-turismo-2025\/\" \/>\n<meta property=\"og:site_name\" content=\"Al Dia Chaco\" \/>\n<meta property=\"article:published_time\" content=\"2025-09-29T21:16:27+00:00\" \/>\n<meta property=\"og:image\" content=\"https:\/\/aldiachaco.com.ar\/wp-content\/uploads\/2025\/09\/WhatsApp-Image-2025-09-29-at-17.59.11-scaled.jpeg\" \/>\n\t<meta property=\"og:image:width\" content=\"2560\" \/>\n\t<meta property=\"og:image:height\" content=\"1410\" \/>\n\t<meta property=\"og:image:type\" content=\"image\/jpeg\" \/>\n<meta name=\"author\" content=\"aldiachaco.com.ar\" \/>\n<meta name=\"twitter:card\" content=\"summary_large_image\" \/>\n<meta name=\"twitter:label1\" content=\"Escrito por\" \/>\n\t<meta name=\"twitter:data1\" content=\"aldiachaco.com.ar\" \/>\n\t<meta name=\"twitter:label2\" content=\"Tiempo de lectura\" \/>\n\t<meta name=\"twitter:data2\" content=\"2 minutos\" \/>\n<script type=\"application\/ld+json\" class=\"yoast-schema-graph\">{\"@context\":\"https:\\\/\\\/schema.org\",\"@graph\":[{\"@type\":\"Article\",\"@id\":\"https:\\\/\\\/aldiachaco.com.ar\\\/index.php\\\/2025\\\/09\\\/29\\\/el-chaco-despliega-su-oferta-turistica-en-la-feria-internacional-de-turismo-2025\\\/#article\",\"isPartOf\":{\"@id\":\"https:\\\/\\\/aldiachaco.com.ar\\\/index.php\\\/2025\\\/09\\\/29\\\/el-chaco-despliega-su-oferta-turistica-en-la-feria-internacional-de-turismo-2025\\\/\"},\"author\":{\"name\":\"aldiachaco.com.ar\",\"@id\":\"https:\\\/\\\/aldiachaco.com.ar\\\/#\\\/schema\\\/person\\\/80113835e512ba580e79a945932487f5\"},\"headline\":\"El Chaco despliega su oferta tur\u00edstica en la Feria Internacional de Turismo 2025\",\"datePublished\":\"2025-09-29T21:16:27+00:00\",\"mainEntityOfPage\":{\"@id\":\"https:\\\/\\\/aldiachaco.com.ar\\\/index.php\\\/2025\\\/09\\\/29\\\/el-chaco-despliega-su-oferta-turistica-en-la-feria-internacional-de-turismo-2025\\\/\"},\"wordCount\":358,\"commentCount\":0,\"publisher\":{\"@id\":\"https:\\\/\\\/aldiachaco.com.ar\\\/#organization\"},\"image\":{\"@id\":\"https:\\\/\\\/aldiachaco.com.ar\\\/index.php\\\/2025\\\/09\\\/29\\\/el-chaco-despliega-su-oferta-turistica-en-la-feria-internacional-de-turismo-2025\\\/#primaryimage\"},\"thumbnailUrl\":\"https:\\\/\\\/aldiachaco.com.ar\\\/wp-content\\\/uploads\\\/2025\\\/09\\\/WhatsApp-Image-2025-09-29-at-17.59.11-scaled.jpeg\",\"articleSection\":[\"Cultura\",\"Turismo\"],\"inLanguage\":\"es-AR\",\"potentialAction\":[{\"@type\":\"CommentAction\",\"name\":\"Comment\",\"target\":[\"https:\\\/\\\/aldiachaco.com.ar\\\/index.php\\\/2025\\\/09\\\/29\\\/el-chaco-despliega-su-oferta-turistica-en-la-feria-internacional-de-turismo-2025\\\/#respond\"]}]},{\"@type\":\"WebPage\",\"@id\":\"https:\\\/\\\/aldiachaco.com.ar\\\/index.php\\\/2025\\\/09\\\/29\\\/el-chaco-despliega-su-oferta-turistica-en-la-feria-internacional-de-turismo-2025\\\/\",\"url\":\"https:\\\/\\\/aldiachaco.com.ar\\\/index.php\\\/2025\\\/09\\\/29\\\/el-chaco-despliega-su-oferta-turistica-en-la-feria-internacional-de-turismo-2025\\\/\",\"name\":\"El Chaco despliega su oferta tur\u00edstica en la Feria Internacional de Turismo 2025 | Al Dia Chaco\",\"isPartOf\":{\"@id\":\"https:\\\/\\\/aldiachaco.com.ar\\\/#website\"},\"primaryImageOfPage\":{\"@id\":\"https:\\\/\\\/aldiachaco.com.ar\\\/index.php\\\/2025\\\/09\\\/29\\\/el-chaco-despliega-su-oferta-turistica-en-la-feria-internacional-de-turismo-2025\\\/#primaryimage\"},\"image\":{\"@id\":\"https:\\\/\\\/aldiachaco.com.ar\\\/index.php\\\/2025\\\/09\\\/29\\\/el-chaco-despliega-su-oferta-turistica-en-la-feria-internacional-de-turismo-2025\\\/#primaryimage\"},\"thumbnailUrl\":\"https:\\\/\\\/aldiachaco.com.ar\\\/wp-content\\\/uploads\\\/2025\\\/09\\\/WhatsApp-Image-2025-09-29-at-17.59.11-scaled.jpeg\",\"datePublished\":\"2025-09-29T21:16:27+00:00\",\"breadcrumb\":{\"@id\":\"https:\\\/\\\/aldiachaco.com.ar\\\/index.php\\\/2025\\\/09\\\/29\\\/el-chaco-despliega-su-oferta-turistica-en-la-feria-internacional-de-turismo-2025\\\/#breadcrumb\"},\"inLanguage\":\"es-AR\",\"potentialAction\":[{\"@type\":\"ReadAction\",\"target\":[\"https:\\\/\\\/aldiachaco.com.ar\\\/index.php\\\/2025\\\/09\\\/29\\\/el-chaco-despliega-su-oferta-turistica-en-la-feria-internacional-de-turismo-2025\\\/\"]}]},{\"@type\":\"ImageObject\",\"inLanguage\":\"es-AR\",\"@id\":\"https:\\\/\\\/aldiachaco.com.ar\\\/index.php\\\/2025\\\/09\\\/29\\\/el-chaco-despliega-su-oferta-turistica-en-la-feria-internacional-de-turismo-2025\\\/#primaryimage\",\"url\":\"https:\\\/\\\/aldiachaco.com.ar\\\/wp-content\\\/uploads\\\/2025\\\/09\\\/WhatsApp-Image-2025-09-29-at-17.59.11-scaled.jpeg\",\"contentUrl\":\"https:\\\/\\\/aldiachaco.com.ar\\\/wp-content\\\/uploads\\\/2025\\\/09\\\/WhatsApp-Image-2025-09-29-at-17.59.11-scaled.jpeg\",\"width\":2560,\"height\":1410},{\"@type\":\"BreadcrumbList\",\"@id\":\"https:\\\/\\\/aldiachaco.com.ar\\\/index.php\\\/2025\\\/09\\\/29\\\/el-chaco-despliega-su-oferta-turistica-en-la-feria-internacional-de-turismo-2025\\\/#breadcrumb\",\"itemListElement\":[{\"@type\":\"ListItem\",\"position\":1,\"name\":\"Home\",\"item\":\"https:\\\/\\\/aldiachaco.com.ar\\\/\"},{\"@type\":\"ListItem\",\"position\":2,\"name\":\"El Chaco despliega su oferta tur\u00edstica en la Feria Internacional de Turismo 2025\"}]},{\"@type\":\"WebSite\",\"@id\":\"https:\\\/\\\/aldiachaco.com.ar\\\/#website\",\"url\":\"https:\\\/\\\/aldiachaco.com.ar\\\/\",\"name\":\"Al Dia Chaco\",\"description\":\"Noticias del Chaco y el mundo\",\"publisher\":{\"@id\":\"https:\\\/\\\/aldiachaco.com.ar\\\/#organization\"},\"alternateName\":\"Al D\u00eda Chaco\",\"potentialAction\":[{\"@type\":\"SearchAction\",\"target\":{\"@type\":\"EntryPoint\",\"urlTemplate\":\"https:\\\/\\\/aldiachaco.com.ar\\\/?s={search_term_string}\"},\"query-input\":{\"@type\":\"PropertyValueSpecification\",\"valueRequired\":true,\"valueName\":\"search_term_string\"}}],\"inLanguage\":\"es-AR\"},{\"@type\":\"Organization\",\"@id\":\"https:\\\/\\\/aldiachaco.com.ar\\\/#organization\",\"name\":\"Al Dia Chaco\",\"url\":\"https:\\\/\\\/aldiachaco.com.ar\\\/\",\"logo\":{\"@type\":\"ImageObject\",\"inLanguage\":\"es-AR\",\"@id\":\"https:\\\/\\\/aldiachaco.com.ar\\\/#\\\/schema\\\/logo\\\/image\\\/\",\"url\":\"https:\\\/\\\/aldiachaco.com.ar\\\/wp-content\\\/uploads\\\/2017\\\/11\\\/AL-DIA-CHACO-L@2x.png\",\"contentUrl\":\"https:\\\/\\\/aldiachaco.com.ar\\\/wp-content\\\/uploads\\\/2017\\\/11\\\/AL-DIA-CHACO-L@2x.png\",\"width\":232,\"height\":60,\"caption\":\"Al Dia Chaco\"},\"image\":{\"@id\":\"https:\\\/\\\/aldiachaco.com.ar\\\/#\\\/schema\\\/logo\\\/image\\\/\"}},{\"@type\":\"Person\",\"@id\":\"https:\\\/\\\/aldiachaco.com.ar\\\/#\\\/schema\\\/person\\\/80113835e512ba580e79a945932487f5\",\"name\":\"aldiachaco.com.ar\",\"image\":{\"@type\":\"ImageObject\",\"inLanguage\":\"es-AR\",\"@id\":\"https:\\\/\\\/aldiachaco.com.ar\\\/wp-content\\\/litespeed\\\/avatar\\\/a7c4ebc5454089d3fd4ef6b87fdd073a.jpg?ver=1777471945\",\"url\":\"https:\\\/\\\/aldiachaco.com.ar\\\/wp-content\\\/litespeed\\\/avatar\\\/a7c4ebc5454089d3fd4ef6b87fdd073a.jpg?ver=1777471945\",\"contentUrl\":\"https:\\\/\\\/aldiachaco.com.ar\\\/wp-content\\\/litespeed\\\/avatar\\\/a7c4ebc5454089d3fd4ef6b87fdd073a.jpg?ver=1777471945\",\"caption\":\"aldiachaco.com.ar\"},\"sameAs\":[\"https:\\\/\\\/aldiachaco.com.ar\"],\"url\":\"https:\\\/\\\/aldiachaco.com.ar\\\/index.php\\\/author\\\/lime-camel-884546-hostingersite-com\\\/\"}]}<\/script>\n<!-- \/ Yoast SEO plugin. -->","yoast_head_json":{"title":"El Chaco despliega su oferta tur\u00edstica en la Feria Internacional de Turismo 2025 | Al Dia Chaco","robots":{"index":"index","follow":"follow","max-snippet":"max-snippet:-1","max-image-preview":"max-image-preview:large","max-video-preview":"max-video-preview:-1"},"canonical":"https:\/\/aldiachaco.com.ar\/index.php\/2025\/09\/29\/el-chaco-despliega-su-oferta-turistica-en-la-feria-internacional-de-turismo-2025\/","og_locale":"es_ES","og_type":"article","og_title":"El Chaco despliega su oferta tur\u00edstica en la Feria Internacional de Turismo 2025 | Al Dia Chaco","og_description":"La provincia del Chaco participa en la edici\u00f3n 2025 de la Feria Internacional de Turismo (FIT), el evento m\u00e1s relevante del sector en Am\u00e9rica Latina, que se desarrolla en el predio de La Rural, en la Ciudad de Buenos Aires. El objetivo de la participaci\u00f3n es promover el destino, impulsar su desarrollo y consolidar al &hellip;","og_url":"https:\/\/aldiachaco.com.ar\/index.php\/2025\/09\/29\/el-chaco-despliega-su-oferta-turistica-en-la-feria-internacional-de-turismo-2025\/","og_site_name":"Al Dia Chaco","article_published_time":"2025-09-29T21:16:27+00:00","og_image":[{"width":2560,"height":1410,"url":"https:\/\/aldiachaco.com.ar\/wp-content\/uploads\/2025\/09\/WhatsApp-Image-2025-09-29-at-17.59.11-scaled.jpeg","type":"image\/jpeg"}],"author":"aldiachaco.com.ar","twitter_card":"summary_large_image","twitter_misc":{"Escrito por":"aldiachaco.com.ar","Tiempo de lectura":"2 minutos"},"schema":{"@context":"https:\/\/schema.org","@graph":[{"@type":"Article","@id":"https:\/\/aldiachaco.com.ar\/index.php\/2025\/09\/29\/el-chaco-despliega-su-oferta-turistica-en-la-feria-internacional-de-turismo-2025\/#article","isPartOf":{"@id":"https:\/\/aldiachaco.com.ar\/index.php\/2025\/09\/29\/el-chaco-despliega-su-oferta-turistica-en-la-feria-internacional-de-turismo-2025\/"},"author":{"name":"aldiachaco.com.ar","@id":"https:\/\/aldiachaco.com.ar\/#\/schema\/person\/80113835e512ba580e79a945932487f5"},"headline":"El Chaco despliega su oferta tur\u00edstica en la Feria Internacional de Turismo 2025","datePublished":"2025-09-29T21:16:27+00:00","mainEntityOfPage":{"@id":"https:\/\/aldiachaco.com.ar\/index.php\/2025\/09\/29\/el-chaco-despliega-su-oferta-turistica-en-la-feria-internacional-de-turismo-2025\/"},"wordCount":358,"commentCount":0,"publisher":{"@id":"https:\/\/aldiachaco.com.ar\/#organization"},"image":{"@id":"https:\/\/aldiachaco.com.ar\/index.php\/2025\/09\/29\/el-chaco-despliega-su-oferta-turistica-en-la-feria-internacional-de-turismo-2025\/#primaryimage"},"thumbnailUrl":"https:\/\/aldiachaco.com.ar\/wp-content\/uploads\/2025\/09\/WhatsApp-Image-2025-09-29-at-17.59.11-scaled.jpeg","articleSection":["Cultura","Turismo"],"inLanguage":"es-AR","potentialAction":[{"@type":"CommentAction","name":"Comment","target":["https:\/\/aldiachaco.com.ar\/index.php\/2025\/09\/29\/el-chaco-despliega-su-oferta-turistica-en-la-feria-internacional-de-turismo-2025\/#respond"]}]},{"@type":"WebPage","@id":"https:\/\/aldiachaco.com.ar\/index.php\/2025\/09\/29\/el-chaco-despliega-su-oferta-turistica-en-la-feria-internacional-de-turismo-2025\/","url":"https:\/\/aldiachaco.com.ar\/index.php\/2025\/09\/29\/el-chaco-despliega-su-oferta-turistica-en-la-feria-internacional-de-turismo-2025\/","name":"El Chaco despliega su oferta tur\u00edstica en la Feria Internacional de Turismo 2025 | Al Dia Chaco","isPartOf":{"@id":"https:\/\/aldiachaco.com.ar\/#website"},"primaryImageOfPage":{"@id":"https:\/\/aldiachaco.com.ar\/index.php\/2025\/09\/29\/el-chaco-despliega-su-oferta-turistica-en-la-feria-internacional-de-turismo-2025\/#primaryimage"},"image":{"@id":"https:\/\/aldiachaco.com.ar\/index.php\/2025\/09\/29\/el-chaco-despliega-su-oferta-turistica-en-la-feria-internacional-de-turismo-2025\/#primaryimage"},"thumbnailUrl":"https:\/\/aldiachaco.com.ar\/wp-content\/uploads\/2025\/09\/WhatsApp-Image-2025-09-29-at-17.59.11-scaled.jpeg","datePublished":"2025-09-29T21:16:27+00:00","breadcrumb":{"@id":"https:\/\/aldiachaco.com.ar\/index.php\/2025\/09\/29\/el-chaco-despliega-su-oferta-turistica-en-la-feria-internacional-de-turismo-2025\/#breadcrumb"},"inLanguage":"es-AR","potentialAction":[{"@type":"ReadAction","target":["https:\/\/aldiachaco.com.ar\/index.php\/2025\/09\/29\/el-chaco-despliega-su-oferta-turistica-en-la-feria-internacional-de-turismo-2025\/"]}]},{"@type":"ImageObject","inLanguage":"es-AR","@id":"https:\/\/aldiachaco.com.ar\/index.php\/2025\/09\/29\/el-chaco-despliega-su-oferta-turistica-en-la-feria-internacional-de-turismo-2025\/#primaryimage","url":"https:\/\/aldiachaco.com.ar\/wp-content\/uploads\/2025\/09\/WhatsApp-Image-2025-09-29-at-17.59.11-scaled.jpeg","contentUrl":"https:\/\/aldiachaco.com.ar\/wp-content\/uploads\/2025\/09\/WhatsApp-Image-2025-09-29-at-17.59.11-scaled.jpeg","width":2560,"height":1410},{"@type":"BreadcrumbList","@id":"https:\/\/aldiachaco.com.ar\/index.php\/2025\/09\/29\/el-chaco-despliega-su-oferta-turistica-en-la-feria-internacional-de-turismo-2025\/#breadcrumb","itemListElement":[{"@type":"ListItem","position":1,"name":"Home","item":"https:\/\/aldiachaco.com.ar\/"},{"@type":"ListItem","position":2,"name":"El Chaco despliega su oferta tur\u00edstica en la Feria Internacional de Turismo 2025"}]},{"@type":"WebSite","@id":"https:\/\/aldiachaco.com.ar\/#website","url":"https:\/\/aldiachaco.com.ar\/","name":"Al Dia Chaco","description":"Noticias del Chaco y el mundo","publisher":{"@id":"https:\/\/aldiachaco.com.ar\/#organization"},"alternateName":"Al D\u00eda Chaco","potentialAction":[{"@type":"SearchAction","target":{"@type":"EntryPoint","urlTemplate":"https:\/\/aldiachaco.com.ar\/?s={search_term_string}"},"query-input":{"@type":"PropertyValueSpecification","valueRequired":true,"valueName":"search_term_string"}}],"inLanguage":"es-AR"},{"@type":"Organization","@id":"https:\/\/aldiachaco.com.ar\/#organization","name":"Al Dia Chaco","url":"https:\/\/aldiachaco.com.ar\/","logo":{"@type":"ImageObject","inLanguage":"es-AR","@id":"https:\/\/aldiachaco.com.ar\/#\/schema\/logo\/image\/","url":"https:\/\/aldiachaco.com.ar\/wp-content\/uploads\/2017\/11\/AL-DIA-CHACO-L@2x.png","contentUrl":"https:\/\/aldiachaco.com.ar\/wp-content\/uploads\/2017\/11\/AL-DIA-CHACO-L@2x.png","width":232,"height":60,"caption":"Al Dia Chaco"},"image":{"@id":"https:\/\/aldiachaco.com.ar\/#\/schema\/logo\/image\/"}},{"@type":"Person","@id":"https:\/\/aldiachaco.com.ar\/#\/schema\/person\/80113835e512ba580e79a945932487f5","name":"aldiachaco.com.ar","image":{"@type":"ImageObject","inLanguage":"es-AR","@id":"https:\/\/aldiachaco.com.ar\/wp-content\/litespeed\/avatar\/a7c4ebc5454089d3fd4ef6b87fdd073a.jpg?ver=1777471945","url":"https:\/\/aldiachaco.com.ar\/wp-content\/litespeed\/avatar\/a7c4ebc5454089d3fd4ef6b87fdd073a.jpg?ver=1777471945","contentUrl":"https:\/\/aldiachaco.com.ar\/wp-content\/litespeed\/avatar\/a7c4ebc5454089d3fd4ef6b87fdd073a.jpg?ver=1777471945","caption":"aldiachaco.com.ar"},"sameAs":["https:\/\/aldiachaco.com.ar"],"url":"https:\/\/aldiachaco.com.ar\/index.php\/author\/lime-camel-884546-hostingersite-com\/"}]}},"jetpack_publicize_connections":[],"jetpack_featured_media_url":"https:\/\/aldiachaco.com.ar\/wp-content\/uploads\/2025\/09\/WhatsApp-Image-2025-09-29-at-17.59.11-scaled.jpeg","jetpack_sharing_enabled":true,"amp_enabled":true,"_links":{"self":[{"href":"https:\/\/aldiachaco.com.ar\/index.php\/wp-json\/wp\/v2\/posts\/11815","targetHints":{"allow":["GET"]}}],"collection":[{"href":"https:\/\/aldiachaco.com.ar\/index.php\/wp-json\/wp\/v2\/posts"}],"about":[{"href":"https:\/\/aldiachaco.com.ar\/index.php\/wp-json\/wp\/v2\/types\/post"}],"author":[{"embeddable":true,"href":"https:\/\/aldiachaco.com.ar\/index.php\/wp-json\/wp\/v2\/users\/1"}],"replies":[{"embeddable":true,"href":"https:\/\/aldiachaco.com.ar\/index.php\/wp-json\/wp\/v2\/comments?post=11815"}],"version-history":[{"count":1,"href":"https:\/\/aldiachaco.com.ar\/index.php\/wp-json\/wp\/v2\/posts\/11815\/revisions"}],"predecessor-version":[{"id":11817,"href":"https:\/\/aldiachaco.com.ar\/index.php\/wp-json\/wp\/v2\/posts\/11815\/revisions\/11817"}],"wp:featuredmedia":[{"embeddable":true,"href":"https:\/\/aldiachaco.com.ar\/index.php\/wp-json\/wp\/v2\/media\/11816"}],"wp:attachment":[{"href":"https:\/\/aldiachaco.com.ar\/index.php\/wp-json\/wp\/v2\/media?parent=11815"}],"wp:term":[{"taxonomy":"category","embeddable":true,"href":"https:\/\/aldiachaco.com.ar\/index.php\/wp-json\/wp\/v2\/categories?post=11815"},{"taxonomy":"post_tag","embeddable":true,"href":"https:\/\/aldiachaco.com.ar\/index.php\/wp-json\/wp\/v2\/tags?post=11815"}],"curies":[{"name":"wp","href":"https:\/\/api.w.org\/{rel}","templated":true}]}}