{"id":117918,"date":"2026-04-11T12:58:44","date_gmt":"2026-04-11T15:58:44","guid":{"rendered":"https:\/\/aldiachaco.com.ar\/?p=117918"},"modified":"2026-04-11T12:58:44","modified_gmt":"2026-04-11T15:58:44","slug":"patricia-bullrich-se-despego-de-manuel-adorni","status":"publish","type":"post","link":"https:\/\/aldiachaco.com.ar\/index.php\/2026\/04\/11\/patricia-bullrich-se-despego-de-manuel-adorni\/","title":{"rendered":"Patricia Bullrich se despeg\u00f3 de Manuel Adorni"},"content":{"rendered":"<p>La senadora de La Libertad Avanza (LLA) Patricia Bullrich eligi\u00f3 C\u00f3rdoba para romper el silencio y hablar de la crisis del Gobierno, evitando respaldar al jefe de Gabinete, Manuel Adorni, en medio de los esc\u00e1ndalos por los viajes a Punta del Este y Nueva York. Sin nombrar a Javier Milei, repas\u00f3 sus propios logros en Seguridad y en el Congreso.<\/p>\n<p>&nbsp;<\/p>\n<p>&#8220;Es imposible que yo le diga qu\u00e9 hubiera hecho en su lugar. Manuel Adorni reci\u00e9n arranca en pol\u00edtica, viene de otro \u00e1mbito, trabaj\u00f3 muchos a\u00f1os en lo privado. Quiz\u00e1s no tiene el cuero tan duro como lo tengo yo. Las cosas lo pueden afectar&#8221;, dispar\u00f3 la exministra de Seguridad, en conferencia de prensa en la oficina de la Bolsa de Comercio de C\u00f3rdoba, que dirige el empresario liberal Manuel Tagle.<\/p>\n<p>Bullrich, escoltada por su mano derecha en la provincia, Laura Rodr\u00edguez Machado, y el presidente de la bancada libertaria en Diputados, Gabriel Bornoroni, evit\u00f3 defender a Adorni y encomend\u00f3 su suerte a la Justicia. &#8220;Nosotros tenemos confianza en que las cosas van a salir bien, pero en definitiva hay un fiscal y un juez que son quienes van a decidir&#8221;, sostuvo.<\/p>\n<p>&nbsp;<\/p>\n<p>La senadora eligi\u00f3 levantar el perfil en el peor momento del gobierno nacional. Sab\u00eda que deber\u00eda extenderse en las acusaciones inmobiliarias del jefe de Gabinete, sobre las que tuvo que volver una y otra vez en la rueda con los medios locales. No se le movi\u00f3 un m\u00fasculo y repiti\u00f3, con frialdad, que es la Justicia la que debe determinar su responsabilidad.<\/p>\n<p>&nbsp;<\/p>\n<p>Pese a que en algunas encuestas Bullrich ya supera a Milei en niveles de aprobaci\u00f3n, la senadora desarm\u00f3 las teor\u00edas sobre una posible candidatura propia. &#8220;Uno toma las encuestas 15 d\u00edas antes de la elecci\u00f3n. Por supuesto que todo el mundo las lee. La figura del Presidente est\u00e1 s\u00f3lida. Es nuestro candidato a una reelecci\u00f3n para que el proyecto quede muy firme en el pa\u00eds&#8221;, dijo sin disimular la sonrisa.<\/p>\n<p>&nbsp;<\/p>\n<p>Bullrich estuvo reunida con Karina Milei la semana pasada y su entorno asegura que &#8220;est\u00e1 todo bien&#8221;, pese a la ventaja estad\u00edstica. Atribuyen el ruido a las segundas l\u00edneas del Ejecutivo.<\/p>\n<p>&nbsp;<\/p>\n<p>Bullrich sigue engordando su armado. Apenas termin\u00f3 la ronda de prensa mantuvo una reuni\u00f3n con la dirigencia del PRO de C\u00f3rdoba, al que le arrebat\u00f3 el control de la filial local a Mauricio Macri en una elecci\u00f3n interna. En ese encuentro le dijo a Bornoroni que la nueva conducci\u00f3n partidaria trabajar\u00e1 en sinton\u00eda con LLA. Donde ella mande, no llegar\u00e1 Macri.<\/p>\n<p>&nbsp;<\/p>\n<p>Aprovech\u00f3 la atenci\u00f3n para facturarle a Macri algunas pol\u00edticas de su gesti\u00f3n \u2014el fallido blanqueo, por ejemplo\u2014 y defendi\u00f3 los logros del gobierno libertario sin nombrar a Milei en ning\u00fan tramo de su discurso. Hizo su juego en las casi cinco horas que estuvo en el edificio donde opera la Bolsa.<\/p>\n<p>&nbsp;<\/p>\n<div style=\"width: 1080px;\" class=\"wp-video\"><video class=\"wp-video-shortcode\" id=\"video-117918-1\" width=\"1080\" height=\"1920\" preload=\"metadata\" controls=\"controls\"><source type=\"video\/mp4\" src=\"https:\/\/aldiachaco.com.ar\/wp-content\/uploads\/2026\/04\/Reels-al-dia_20260411_124659_0000.mp4?_=1\" \/><a href=\"https:\/\/aldiachaco.com.ar\/wp-content\/uploads\/2026\/04\/Reels-al-dia_20260411_124659_0000.mp4\">https:\/\/aldiachaco.com.ar\/wp-content\/uploads\/2026\/04\/Reels-al-dia_20260411_124659_0000.mp4<\/a><\/video><\/div>\n","protected":false},"excerpt":{"rendered":"<p>La senadora de La Libertad Avanza (LLA) Patricia Bullrich eligi\u00f3 C\u00f3rdoba para romper el silencio y hablar de la crisis del Gobierno, evitando respaldar al jefe de Gabinete, Manuel Adorni, en medio de los esc\u00e1ndalos por los viajes a Punta del Este y Nueva York. Sin nombrar a Javier Milei, repas\u00f3 sus propios logros en &hellip;<\/p>\n","protected":false},"author":9,"featured_media":117919,"comment_status":"open","ping_status":"open","sticky":false,"template":"","format":"standard","meta":{"content-type":"","_monsterinsights_skip_tracking":false,"_monsterinsights_sitenote_active":false,"_monsterinsights_sitenote_note":"","_monsterinsights_sitenote_category":0,"_jetpack_memberships_contains_paid_content":false,"footnotes":"","jetpack_publicize_message":"","jetpack_publicize_feature_enabled":true,"jetpack_social_post_already_shared":true,"jetpack_social_options":{"image_generator_settings":{"template":"highway","default_image_id":0,"font":"","enabled":false},"version":2}},"categories":[153],"tags":[],"class_list":["post-117918","post","type-post","status-publish","format-standard","has-post-thumbnail","hentry","category-politica"],"yoast_head":"<!-- This site is optimized with the Yoast SEO plugin v27.4 - https:\/\/yoast.com\/product\/yoast-seo-wordpress\/ -->\n<title>Patricia Bullrich se despeg\u00f3 de Manuel Adorni | Al Dia Chaco<\/title>\n<meta name=\"robots\" content=\"index, follow, max-snippet:-1, max-image-preview:large, max-video-preview:-1\" \/>\n<link rel=\"canonical\" href=\"https:\/\/aldiachaco.com.ar\/index.php\/2026\/04\/11\/patricia-bullrich-se-despego-de-manuel-adorni\/\" \/>\n<meta property=\"og:locale\" content=\"es_ES\" \/>\n<meta property=\"og:type\" content=\"article\" \/>\n<meta property=\"og:title\" content=\"Patricia Bullrich se despeg\u00f3 de Manuel Adorni | Al Dia Chaco\" \/>\n<meta property=\"og:description\" content=\"La senadora de La Libertad Avanza (LLA) Patricia Bullrich eligi\u00f3 C\u00f3rdoba para romper el silencio y hablar de la crisis del Gobierno, evitando respaldar al jefe de Gabinete, Manuel Adorni, en medio de los esc\u00e1ndalos por los viajes a Punta del Este y Nueva York. Sin nombrar a Javier Milei, repas\u00f3 sus propios logros en &hellip;\" \/>\n<meta property=\"og:url\" content=\"https:\/\/aldiachaco.com.ar\/index.php\/2026\/04\/11\/patricia-bullrich-se-despego-de-manuel-adorni\/\" \/>\n<meta property=\"og:site_name\" content=\"Al Dia Chaco\" \/>\n<meta property=\"article:published_time\" content=\"2026-04-11T15:58:44+00:00\" \/>\n<meta property=\"og:image\" content=\"https:\/\/aldiachaco.com.ar\/wp-content\/uploads\/2026\/04\/bullrich-adorni.jpg\" \/>\n\t<meta property=\"og:image:width\" content=\"1200\" \/>\n\t<meta property=\"og:image:height\" content=\"675\" \/>\n\t<meta property=\"og:image:type\" content=\"image\/jpeg\" \/>\n<meta name=\"author\" content=\"RedaccionRM\" \/>\n<meta name=\"twitter:card\" content=\"summary_large_image\" \/>\n<meta name=\"twitter:label1\" content=\"Escrito por\" \/>\n\t<meta name=\"twitter:data1\" content=\"RedaccionRM\" \/>\n\t<meta name=\"twitter:label2\" content=\"Tiempo de lectura\" \/>\n\t<meta name=\"twitter:data2\" content=\"3 minutos\" \/>\n<script type=\"application\/ld+json\" class=\"yoast-schema-graph\">{\"@context\":\"https:\\\/\\\/schema.org\",\"@graph\":[{\"@type\":\"Article\",\"@id\":\"https:\\\/\\\/aldiachaco.com.ar\\\/index.php\\\/2026\\\/04\\\/11\\\/patricia-bullrich-se-despego-de-manuel-adorni\\\/#article\",\"isPartOf\":{\"@id\":\"https:\\\/\\\/aldiachaco.com.ar\\\/index.php\\\/2026\\\/04\\\/11\\\/patricia-bullrich-se-despego-de-manuel-adorni\\\/\"},\"author\":{\"name\":\"RedaccionRM\",\"@id\":\"https:\\\/\\\/aldiachaco.com.ar\\\/#\\\/schema\\\/person\\\/b24e975af8022082f5889a7a7299e962\"},\"headline\":\"Patricia Bullrich se despeg\u00f3 de Manuel Adorni\",\"datePublished\":\"2026-04-11T15:58:44+00:00\",\"mainEntityOfPage\":{\"@id\":\"https:\\\/\\\/aldiachaco.com.ar\\\/index.php\\\/2026\\\/04\\\/11\\\/patricia-bullrich-se-despego-de-manuel-adorni\\\/\"},\"wordCount\":521,\"commentCount\":0,\"publisher\":{\"@id\":\"https:\\\/\\\/aldiachaco.com.ar\\\/#organization\"},\"image\":{\"@id\":\"https:\\\/\\\/aldiachaco.com.ar\\\/index.php\\\/2026\\\/04\\\/11\\\/patricia-bullrich-se-despego-de-manuel-adorni\\\/#primaryimage\"},\"thumbnailUrl\":\"https:\\\/\\\/aldiachaco.com.ar\\\/wp-content\\\/uploads\\\/2026\\\/04\\\/bullrich-adorni.jpg\",\"articleSection\":[\"Pol\u00edtica\"],\"inLanguage\":\"es-AR\",\"potentialAction\":[{\"@type\":\"CommentAction\",\"name\":\"Comment\",\"target\":[\"https:\\\/\\\/aldiachaco.com.ar\\\/index.php\\\/2026\\\/04\\\/11\\\/patricia-bullrich-se-despego-de-manuel-adorni\\\/#respond\"]}]},{\"@type\":\"WebPage\",\"@id\":\"https:\\\/\\\/aldiachaco.com.ar\\\/index.php\\\/2026\\\/04\\\/11\\\/patricia-bullrich-se-despego-de-manuel-adorni\\\/\",\"url\":\"https:\\\/\\\/aldiachaco.com.ar\\\/index.php\\\/2026\\\/04\\\/11\\\/patricia-bullrich-se-despego-de-manuel-adorni\\\/\",\"name\":\"Patricia Bullrich se despeg\u00f3 de Manuel Adorni | Al Dia Chaco\",\"isPartOf\":{\"@id\":\"https:\\\/\\\/aldiachaco.com.ar\\\/#website\"},\"primaryImageOfPage\":{\"@id\":\"https:\\\/\\\/aldiachaco.com.ar\\\/index.php\\\/2026\\\/04\\\/11\\\/patricia-bullrich-se-despego-de-manuel-adorni\\\/#primaryimage\"},\"image\":{\"@id\":\"https:\\\/\\\/aldiachaco.com.ar\\\/index.php\\\/2026\\\/04\\\/11\\\/patricia-bullrich-se-despego-de-manuel-adorni\\\/#primaryimage\"},\"thumbnailUrl\":\"https:\\\/\\\/aldiachaco.com.ar\\\/wp-content\\\/uploads\\\/2026\\\/04\\\/bullrich-adorni.jpg\",\"datePublished\":\"2026-04-11T15:58:44+00:00\",\"breadcrumb\":{\"@id\":\"https:\\\/\\\/aldiachaco.com.ar\\\/index.php\\\/2026\\\/04\\\/11\\\/patricia-bullrich-se-despego-de-manuel-adorni\\\/#breadcrumb\"},\"inLanguage\":\"es-AR\",\"potentialAction\":[{\"@type\":\"ReadAction\",\"target\":[\"https:\\\/\\\/aldiachaco.com.ar\\\/index.php\\\/2026\\\/04\\\/11\\\/patricia-bullrich-se-despego-de-manuel-adorni\\\/\"]}]},{\"@type\":\"ImageObject\",\"inLanguage\":\"es-AR\",\"@id\":\"https:\\\/\\\/aldiachaco.com.ar\\\/index.php\\\/2026\\\/04\\\/11\\\/patricia-bullrich-se-despego-de-manuel-adorni\\\/#primaryimage\",\"url\":\"https:\\\/\\\/aldiachaco.com.ar\\\/wp-content\\\/uploads\\\/2026\\\/04\\\/bullrich-adorni.jpg\",\"contentUrl\":\"https:\\\/\\\/aldiachaco.com.ar\\\/wp-content\\\/uploads\\\/2026\\\/04\\\/bullrich-adorni.jpg\",\"width\":1200,\"height\":675},{\"@type\":\"BreadcrumbList\",\"@id\":\"https:\\\/\\\/aldiachaco.com.ar\\\/index.php\\\/2026\\\/04\\\/11\\\/patricia-bullrich-se-despego-de-manuel-adorni\\\/#breadcrumb\",\"itemListElement\":[{\"@type\":\"ListItem\",\"position\":1,\"name\":\"Home\",\"item\":\"https:\\\/\\\/aldiachaco.com.ar\\\/\"},{\"@type\":\"ListItem\",\"position\":2,\"name\":\"Patricia Bullrich se despeg\u00f3 de Manuel Adorni\"}]},{\"@type\":\"WebSite\",\"@id\":\"https:\\\/\\\/aldiachaco.com.ar\\\/#website\",\"url\":\"https:\\\/\\\/aldiachaco.com.ar\\\/\",\"name\":\"Al Dia Chaco\",\"description\":\"Noticias del Chaco y el mundo\",\"publisher\":{\"@id\":\"https:\\\/\\\/aldiachaco.com.ar\\\/#organization\"},\"alternateName\":\"Al D\u00eda Chaco\",\"potentialAction\":[{\"@type\":\"SearchAction\",\"target\":{\"@type\":\"EntryPoint\",\"urlTemplate\":\"https:\\\/\\\/aldiachaco.com.ar\\\/?s={search_term_string}\"},\"query-input\":{\"@type\":\"PropertyValueSpecification\",\"valueRequired\":true,\"valueName\":\"search_term_string\"}}],\"inLanguage\":\"es-AR\"},{\"@type\":\"Organization\",\"@id\":\"https:\\\/\\\/aldiachaco.com.ar\\\/#organization\",\"name\":\"Al Dia Chaco\",\"url\":\"https:\\\/\\\/aldiachaco.com.ar\\\/\",\"logo\":{\"@type\":\"ImageObject\",\"inLanguage\":\"es-AR\",\"@id\":\"https:\\\/\\\/aldiachaco.com.ar\\\/#\\\/schema\\\/logo\\\/image\\\/\",\"url\":\"https:\\\/\\\/aldiachaco.com.ar\\\/wp-content\\\/uploads\\\/2017\\\/11\\\/AL-DIA-CHACO-L@2x.png\",\"contentUrl\":\"https:\\\/\\\/aldiachaco.com.ar\\\/wp-content\\\/uploads\\\/2017\\\/11\\\/AL-DIA-CHACO-L@2x.png\",\"width\":232,\"height\":60,\"caption\":\"Al Dia Chaco\"},\"image\":{\"@id\":\"https:\\\/\\\/aldiachaco.com.ar\\\/#\\\/schema\\\/logo\\\/image\\\/\"}},{\"@type\":\"Person\",\"@id\":\"https:\\\/\\\/aldiachaco.com.ar\\\/#\\\/schema\\\/person\\\/b24e975af8022082f5889a7a7299e962\",\"name\":\"RedaccionRM\",\"image\":{\"@type\":\"ImageObject\",\"inLanguage\":\"es-AR\",\"@id\":\"https:\\\/\\\/aldiachaco.com.ar\\\/wp-content\\\/litespeed\\\/avatar\\\/a30118fcb7a6295303f1c91164c6aba1.jpg?ver=1776734264\",\"url\":\"https:\\\/\\\/aldiachaco.com.ar\\\/wp-content\\\/litespeed\\\/avatar\\\/a30118fcb7a6295303f1c91164c6aba1.jpg?ver=1776734264\",\"contentUrl\":\"https:\\\/\\\/aldiachaco.com.ar\\\/wp-content\\\/litespeed\\\/avatar\\\/a30118fcb7a6295303f1c91164c6aba1.jpg?ver=1776734264\",\"caption\":\"RedaccionRM\"},\"url\":\"https:\\\/\\\/aldiachaco.com.ar\\\/index.php\\\/author\\\/redaccionrm\\\/\"}]}<\/script>\n<!-- \/ Yoast SEO plugin. -->","yoast_head_json":{"title":"Patricia Bullrich se despeg\u00f3 de Manuel Adorni | Al Dia Chaco","robots":{"index":"index","follow":"follow","max-snippet":"max-snippet:-1","max-image-preview":"max-image-preview:large","max-video-preview":"max-video-preview:-1"},"canonical":"https:\/\/aldiachaco.com.ar\/index.php\/2026\/04\/11\/patricia-bullrich-se-despego-de-manuel-adorni\/","og_locale":"es_ES","og_type":"article","og_title":"Patricia Bullrich se despeg\u00f3 de Manuel Adorni | Al Dia Chaco","og_description":"La senadora de La Libertad Avanza (LLA) Patricia Bullrich eligi\u00f3 C\u00f3rdoba para romper el silencio y hablar de la crisis del Gobierno, evitando respaldar al jefe de Gabinete, Manuel Adorni, en medio de los esc\u00e1ndalos por los viajes a Punta del Este y Nueva York. Sin nombrar a Javier Milei, repas\u00f3 sus propios logros en &hellip;","og_url":"https:\/\/aldiachaco.com.ar\/index.php\/2026\/04\/11\/patricia-bullrich-se-despego-de-manuel-adorni\/","og_site_name":"Al Dia Chaco","article_published_time":"2026-04-11T15:58:44+00:00","og_image":[{"width":1200,"height":675,"url":"https:\/\/aldiachaco.com.ar\/wp-content\/uploads\/2026\/04\/bullrich-adorni.jpg","type":"image\/jpeg"}],"author":"RedaccionRM","twitter_card":"summary_large_image","twitter_misc":{"Escrito por":"RedaccionRM","Tiempo de lectura":"3 minutos"},"schema":{"@context":"https:\/\/schema.org","@graph":[{"@type":"Article","@id":"https:\/\/aldiachaco.com.ar\/index.php\/2026\/04\/11\/patricia-bullrich-se-despego-de-manuel-adorni\/#article","isPartOf":{"@id":"https:\/\/aldiachaco.com.ar\/index.php\/2026\/04\/11\/patricia-bullrich-se-despego-de-manuel-adorni\/"},"author":{"name":"RedaccionRM","@id":"https:\/\/aldiachaco.com.ar\/#\/schema\/person\/b24e975af8022082f5889a7a7299e962"},"headline":"Patricia Bullrich se despeg\u00f3 de Manuel Adorni","datePublished":"2026-04-11T15:58:44+00:00","mainEntityOfPage":{"@id":"https:\/\/aldiachaco.com.ar\/index.php\/2026\/04\/11\/patricia-bullrich-se-despego-de-manuel-adorni\/"},"wordCount":521,"commentCount":0,"publisher":{"@id":"https:\/\/aldiachaco.com.ar\/#organization"},"image":{"@id":"https:\/\/aldiachaco.com.ar\/index.php\/2026\/04\/11\/patricia-bullrich-se-despego-de-manuel-adorni\/#primaryimage"},"thumbnailUrl":"https:\/\/aldiachaco.com.ar\/wp-content\/uploads\/2026\/04\/bullrich-adorni.jpg","articleSection":["Pol\u00edtica"],"inLanguage":"es-AR","potentialAction":[{"@type":"CommentAction","name":"Comment","target":["https:\/\/aldiachaco.com.ar\/index.php\/2026\/04\/11\/patricia-bullrich-se-despego-de-manuel-adorni\/#respond"]}]},{"@type":"WebPage","@id":"https:\/\/aldiachaco.com.ar\/index.php\/2026\/04\/11\/patricia-bullrich-se-despego-de-manuel-adorni\/","url":"https:\/\/aldiachaco.com.ar\/index.php\/2026\/04\/11\/patricia-bullrich-se-despego-de-manuel-adorni\/","name":"Patricia Bullrich se despeg\u00f3 de Manuel Adorni | Al Dia Chaco","isPartOf":{"@id":"https:\/\/aldiachaco.com.ar\/#website"},"primaryImageOfPage":{"@id":"https:\/\/aldiachaco.com.ar\/index.php\/2026\/04\/11\/patricia-bullrich-se-despego-de-manuel-adorni\/#primaryimage"},"image":{"@id":"https:\/\/aldiachaco.com.ar\/index.php\/2026\/04\/11\/patricia-bullrich-se-despego-de-manuel-adorni\/#primaryimage"},"thumbnailUrl":"https:\/\/aldiachaco.com.ar\/wp-content\/uploads\/2026\/04\/bullrich-adorni.jpg","datePublished":"2026-04-11T15:58:44+00:00","breadcrumb":{"@id":"https:\/\/aldiachaco.com.ar\/index.php\/2026\/04\/11\/patricia-bullrich-se-despego-de-manuel-adorni\/#breadcrumb"},"inLanguage":"es-AR","potentialAction":[{"@type":"ReadAction","target":["https:\/\/aldiachaco.com.ar\/index.php\/2026\/04\/11\/patricia-bullrich-se-despego-de-manuel-adorni\/"]}]},{"@type":"ImageObject","inLanguage":"es-AR","@id":"https:\/\/aldiachaco.com.ar\/index.php\/2026\/04\/11\/patricia-bullrich-se-despego-de-manuel-adorni\/#primaryimage","url":"https:\/\/aldiachaco.com.ar\/wp-content\/uploads\/2026\/04\/bullrich-adorni.jpg","contentUrl":"https:\/\/aldiachaco.com.ar\/wp-content\/uploads\/2026\/04\/bullrich-adorni.jpg","width":1200,"height":675},{"@type":"BreadcrumbList","@id":"https:\/\/aldiachaco.com.ar\/index.php\/2026\/04\/11\/patricia-bullrich-se-despego-de-manuel-adorni\/#breadcrumb","itemListElement":[{"@type":"ListItem","position":1,"name":"Home","item":"https:\/\/aldiachaco.com.ar\/"},{"@type":"ListItem","position":2,"name":"Patricia Bullrich se despeg\u00f3 de Manuel Adorni"}]},{"@type":"WebSite","@id":"https:\/\/aldiachaco.com.ar\/#website","url":"https:\/\/aldiachaco.com.ar\/","name":"Al Dia Chaco","description":"Noticias del Chaco y el mundo","publisher":{"@id":"https:\/\/aldiachaco.com.ar\/#organization"},"alternateName":"Al D\u00eda Chaco","potentialAction":[{"@type":"SearchAction","target":{"@type":"EntryPoint","urlTemplate":"https:\/\/aldiachaco.com.ar\/?s={search_term_string}"},"query-input":{"@type":"PropertyValueSpecification","valueRequired":true,"valueName":"search_term_string"}}],"inLanguage":"es-AR"},{"@type":"Organization","@id":"https:\/\/aldiachaco.com.ar\/#organization","name":"Al Dia Chaco","url":"https:\/\/aldiachaco.com.ar\/","logo":{"@type":"ImageObject","inLanguage":"es-AR","@id":"https:\/\/aldiachaco.com.ar\/#\/schema\/logo\/image\/","url":"https:\/\/aldiachaco.com.ar\/wp-content\/uploads\/2017\/11\/AL-DIA-CHACO-L@2x.png","contentUrl":"https:\/\/aldiachaco.com.ar\/wp-content\/uploads\/2017\/11\/AL-DIA-CHACO-L@2x.png","width":232,"height":60,"caption":"Al Dia Chaco"},"image":{"@id":"https:\/\/aldiachaco.com.ar\/#\/schema\/logo\/image\/"}},{"@type":"Person","@id":"https:\/\/aldiachaco.com.ar\/#\/schema\/person\/b24e975af8022082f5889a7a7299e962","name":"RedaccionRM","image":{"@type":"ImageObject","inLanguage":"es-AR","@id":"https:\/\/aldiachaco.com.ar\/wp-content\/litespeed\/avatar\/a30118fcb7a6295303f1c91164c6aba1.jpg?ver=1776734264","url":"https:\/\/aldiachaco.com.ar\/wp-content\/litespeed\/avatar\/a30118fcb7a6295303f1c91164c6aba1.jpg?ver=1776734264","contentUrl":"https:\/\/aldiachaco.com.ar\/wp-content\/litespeed\/avatar\/a30118fcb7a6295303f1c91164c6aba1.jpg?ver=1776734264","caption":"RedaccionRM"},"url":"https:\/\/aldiachaco.com.ar\/index.php\/author\/redaccionrm\/"}]}},"jetpack_publicize_connections":[],"jetpack_featured_media_url":"https:\/\/aldiachaco.com.ar\/wp-content\/uploads\/2026\/04\/bullrich-adorni.jpg","jetpack_sharing_enabled":true,"amp_enabled":true,"_links":{"self":[{"href":"https:\/\/aldiachaco.com.ar\/index.php\/wp-json\/wp\/v2\/posts\/117918","targetHints":{"allow":["GET"]}}],"collection":[{"href":"https:\/\/aldiachaco.com.ar\/index.php\/wp-json\/wp\/v2\/posts"}],"about":[{"href":"https:\/\/aldiachaco.com.ar\/index.php\/wp-json\/wp\/v2\/types\/post"}],"author":[{"embeddable":true,"href":"https:\/\/aldiachaco.com.ar\/index.php\/wp-json\/wp\/v2\/users\/9"}],"replies":[{"embeddable":true,"href":"https:\/\/aldiachaco.com.ar\/index.php\/wp-json\/wp\/v2\/comments?post=117918"}],"version-history":[{"count":1,"href":"https:\/\/aldiachaco.com.ar\/index.php\/wp-json\/wp\/v2\/posts\/117918\/revisions"}],"predecessor-version":[{"id":117921,"href":"https:\/\/aldiachaco.com.ar\/index.php\/wp-json\/wp\/v2\/posts\/117918\/revisions\/117921"}],"wp:featuredmedia":[{"embeddable":true,"href":"https:\/\/aldiachaco.com.ar\/index.php\/wp-json\/wp\/v2\/media\/117919"}],"wp:attachment":[{"href":"https:\/\/aldiachaco.com.ar\/index.php\/wp-json\/wp\/v2\/media?parent=117918"}],"wp:term":[{"taxonomy":"category","embeddable":true,"href":"https:\/\/aldiachaco.com.ar\/index.php\/wp-json\/wp\/v2\/categories?post=117918"},{"taxonomy":"post_tag","embeddable":true,"href":"https:\/\/aldiachaco.com.ar\/index.php\/wp-json\/wp\/v2\/tags?post=117918"}],"curies":[{"name":"wp","href":"https:\/\/api.w.org\/{rel}","templated":true}]}}