{"id":117915,"date":"2026-04-11T12:35:02","date_gmt":"2026-04-11T15:35:02","guid":{"rendered":"https:\/\/aldiachaco.com.ar\/?p=117915"},"modified":"2026-04-11T12:35:02","modified_gmt":"2026-04-11T15:35:02","slug":"el-juicio-por-la-desaparicion-de-loan-comenzara-el-16-de-junio","status":"publish","type":"post","link":"https:\/\/aldiachaco.com.ar\/index.php\/2026\/04\/11\/el-juicio-por-la-desaparicion-de-loan-comenzara-el-16-de-junio\/","title":{"rendered":"El juicio por la desaparici\u00f3n de Loan comenzar\u00e1 el 16 de junio"},"content":{"rendered":"<p>La Justicia Federal de Corrientes confirm\u00f3 la fecha de inicio del juicio por el caso de Loan Danilo Pe\u00f1a, el nene de 6 a\u00f1os que fue visto por \u00faltima vez el 13 de junio de 2024 en un almuerzo en casa de su abuela, en la ciudad de 9 de Julio. El debate oral comenzar\u00e1 el 16 de junio, apenas d\u00edas despu\u00e9s de que se cumpla el segundo aniversario de la desaparici\u00f3n del menor.<\/p>\n<p>&nbsp;<\/p>\n<p>En el caso hay 17 acusados, de los cuales siete pertenecen a la investigaci\u00f3n principal y los otros diez a la pesquisa paralela.<\/p>\n<p>&nbsp;<\/p>\n<p>En el primer grupo, acusados por sustracci\u00f3n y ocultamiento del menor, se encuentran: Laudelina Pe\u00f1a, el excomisario Walter Maciel, Victoria Caillava, Carlos P\u00e9rez, M\u00f3nica Millapi, Antonio Ben\u00edtez y Daniel Ram\u00edrez. Todos ellos, salvo Maciel, compartieron el almuerzo el 13 de junio de 2024 en la casa de la abuela Catalina, el d\u00eda en que desapareci\u00f3 el ni\u00f1o.<\/p>\n<p>&nbsp;<\/p>\n<p>En el segundo grupo de acusados se encuentran Federico Rossi Colombo, Nicol\u00e1s Soria, Elizabeth Cutaia, Alan Ca\u00f1ete, Delfina Taborda, Pablo Noguera, Pablo N\u00fa\u00f1ez, Valeria L\u00f3pez, Ver\u00f3nica Machuca Yuni y Leonardo Rubio. Las acusaciones corresponden a delitos de privaci\u00f3n ileg\u00edtima de la libertad, defraudaci\u00f3n a la administraci\u00f3n p\u00fablica y encubrimiento, falso testimonio, violaci\u00f3n de secreto profesional, suministro de estupefacientes a t\u00edtulo gratuito, resistencia a la autoridad, usurpaci\u00f3n de insignias y de t\u00edtulos profesionales.<\/p>\n<p>&nbsp;<\/p>\n<p>Loan Danilo Pe\u00f1a desapareci\u00f3 el 13 de junio de 2024 en 9 de Julio, Corrientes, tras salir a buscar naranjas con otros ni\u00f1os. Desde entonces, su paradero sigue siendo desconocido y el caso conmocion\u00f3 al pa\u00eds, con una investigaci\u00f3n que deriv\u00f3 en m\u00faltiples detenciones, acusaciones cruzadas y una causa paralela por presunto encubrimiento.<\/p>\n","protected":false},"excerpt":{"rendered":"<p>La Justicia Federal de Corrientes confirm\u00f3 la fecha de inicio del juicio por el caso de Loan Danilo Pe\u00f1a, el nene de 6 a\u00f1os que fue visto por \u00faltima vez el 13 de junio de 2024 en un almuerzo en casa de su abuela, en la ciudad de 9 de Julio. El debate oral comenzar\u00e1 &hellip;<\/p>\n","protected":false},"author":9,"featured_media":117916,"comment_status":"open","ping_status":"open","sticky":false,"template":"","format":"standard","meta":{"content-type":"","_monsterinsights_skip_tracking":false,"_monsterinsights_sitenote_active":false,"_monsterinsights_sitenote_note":"","_monsterinsights_sitenote_category":0,"_jetpack_memberships_contains_paid_content":false,"footnotes":"","jetpack_publicize_message":"","jetpack_publicize_feature_enabled":true,"jetpack_social_post_already_shared":true,"jetpack_social_options":{"image_generator_settings":{"template":"highway","default_image_id":0,"font":"","enabled":false},"version":2}},"categories":[199,94],"tags":[],"class_list":["post-117915","post","type-post","status-publish","format-standard","has-post-thumbnail","hentry","category-corrientes","category-nacionales"],"yoast_head":"<!-- This site is optimized with the Yoast SEO plugin v27.4 - https:\/\/yoast.com\/product\/yoast-seo-wordpress\/ -->\n<title>El juicio por la desaparici\u00f3n de Loan comenzar\u00e1 el 16 de junio | Al Dia Chaco<\/title>\n<meta name=\"robots\" content=\"index, follow, max-snippet:-1, max-image-preview:large, max-video-preview:-1\" \/>\n<link rel=\"canonical\" href=\"https:\/\/aldiachaco.com.ar\/index.php\/2026\/04\/11\/el-juicio-por-la-desaparicion-de-loan-comenzara-el-16-de-junio\/\" \/>\n<meta property=\"og:locale\" content=\"es_ES\" \/>\n<meta property=\"og:type\" content=\"article\" \/>\n<meta property=\"og:title\" content=\"El juicio por la desaparici\u00f3n de Loan comenzar\u00e1 el 16 de junio | Al Dia Chaco\" \/>\n<meta property=\"og:description\" content=\"La Justicia Federal de Corrientes confirm\u00f3 la fecha de inicio del juicio por el caso de Loan Danilo Pe\u00f1a, el nene de 6 a\u00f1os que fue visto por \u00faltima vez el 13 de junio de 2024 en un almuerzo en casa de su abuela, en la ciudad de 9 de Julio. El debate oral comenzar\u00e1 &hellip;\" \/>\n<meta property=\"og:url\" content=\"https:\/\/aldiachaco.com.ar\/index.php\/2026\/04\/11\/el-juicio-por-la-desaparicion-de-loan-comenzara-el-16-de-junio\/\" \/>\n<meta property=\"og:site_name\" content=\"Al Dia Chaco\" \/>\n<meta property=\"article:published_time\" content=\"2026-04-11T15:35:02+00:00\" \/>\n<meta property=\"og:image\" content=\"https:\/\/aldiachaco.com.ar\/wp-content\/uploads\/2026\/04\/trasladan-a-los-detenidos-a-carceles-federales-imagen-subida-a-internet-por-tn-L3YFDIQZAREAVC2PAKI5BZ7LZA.jpg\" \/>\n\t<meta property=\"og:image:width\" content=\"767\" \/>\n\t<meta property=\"og:image:height\" content=\"431\" \/>\n\t<meta property=\"og:image:type\" content=\"image\/jpeg\" \/>\n<meta name=\"author\" content=\"RedaccionRM\" \/>\n<meta name=\"twitter:card\" content=\"summary_large_image\" \/>\n<meta name=\"twitter:label1\" content=\"Escrito por\" \/>\n\t<meta name=\"twitter:data1\" content=\"RedaccionRM\" \/>\n\t<meta name=\"twitter:label2\" content=\"Tiempo de lectura\" \/>\n\t<meta name=\"twitter:data2\" content=\"2 minutos\" \/>\n<script type=\"application\/ld+json\" class=\"yoast-schema-graph\">{\"@context\":\"https:\\\/\\\/schema.org\",\"@graph\":[{\"@type\":\"Article\",\"@id\":\"https:\\\/\\\/aldiachaco.com.ar\\\/index.php\\\/2026\\\/04\\\/11\\\/el-juicio-por-la-desaparicion-de-loan-comenzara-el-16-de-junio\\\/#article\",\"isPartOf\":{\"@id\":\"https:\\\/\\\/aldiachaco.com.ar\\\/index.php\\\/2026\\\/04\\\/11\\\/el-juicio-por-la-desaparicion-de-loan-comenzara-el-16-de-junio\\\/\"},\"author\":{\"name\":\"RedaccionRM\",\"@id\":\"https:\\\/\\\/aldiachaco.com.ar\\\/#\\\/schema\\\/person\\\/b24e975af8022082f5889a7a7299e962\"},\"headline\":\"El juicio por la desaparici\u00f3n de Loan comenzar\u00e1 el 16 de junio\",\"datePublished\":\"2026-04-11T15:35:02+00:00\",\"mainEntityOfPage\":{\"@id\":\"https:\\\/\\\/aldiachaco.com.ar\\\/index.php\\\/2026\\\/04\\\/11\\\/el-juicio-por-la-desaparicion-de-loan-comenzara-el-16-de-junio\\\/\"},\"wordCount\":317,\"commentCount\":0,\"publisher\":{\"@id\":\"https:\\\/\\\/aldiachaco.com.ar\\\/#organization\"},\"image\":{\"@id\":\"https:\\\/\\\/aldiachaco.com.ar\\\/index.php\\\/2026\\\/04\\\/11\\\/el-juicio-por-la-desaparicion-de-loan-comenzara-el-16-de-junio\\\/#primaryimage\"},\"thumbnailUrl\":\"https:\\\/\\\/aldiachaco.com.ar\\\/wp-content\\\/uploads\\\/2026\\\/04\\\/trasladan-a-los-detenidos-a-carceles-federales-imagen-subida-a-internet-por-tn-L3YFDIQZAREAVC2PAKI5BZ7LZA.jpg\",\"articleSection\":[\"Corrientes\",\"Nacionales\"],\"inLanguage\":\"es-AR\",\"potentialAction\":[{\"@type\":\"CommentAction\",\"name\":\"Comment\",\"target\":[\"https:\\\/\\\/aldiachaco.com.ar\\\/index.php\\\/2026\\\/04\\\/11\\\/el-juicio-por-la-desaparicion-de-loan-comenzara-el-16-de-junio\\\/#respond\"]}]},{\"@type\":\"WebPage\",\"@id\":\"https:\\\/\\\/aldiachaco.com.ar\\\/index.php\\\/2026\\\/04\\\/11\\\/el-juicio-por-la-desaparicion-de-loan-comenzara-el-16-de-junio\\\/\",\"url\":\"https:\\\/\\\/aldiachaco.com.ar\\\/index.php\\\/2026\\\/04\\\/11\\\/el-juicio-por-la-desaparicion-de-loan-comenzara-el-16-de-junio\\\/\",\"name\":\"El juicio por la desaparici\u00f3n de Loan comenzar\u00e1 el 16 de junio | Al Dia Chaco\",\"isPartOf\":{\"@id\":\"https:\\\/\\\/aldiachaco.com.ar\\\/#website\"},\"primaryImageOfPage\":{\"@id\":\"https:\\\/\\\/aldiachaco.com.ar\\\/index.php\\\/2026\\\/04\\\/11\\\/el-juicio-por-la-desaparicion-de-loan-comenzara-el-16-de-junio\\\/#primaryimage\"},\"image\":{\"@id\":\"https:\\\/\\\/aldiachaco.com.ar\\\/index.php\\\/2026\\\/04\\\/11\\\/el-juicio-por-la-desaparicion-de-loan-comenzara-el-16-de-junio\\\/#primaryimage\"},\"thumbnailUrl\":\"https:\\\/\\\/aldiachaco.com.ar\\\/wp-content\\\/uploads\\\/2026\\\/04\\\/trasladan-a-los-detenidos-a-carceles-federales-imagen-subida-a-internet-por-tn-L3YFDIQZAREAVC2PAKI5BZ7LZA.jpg\",\"datePublished\":\"2026-04-11T15:35:02+00:00\",\"breadcrumb\":{\"@id\":\"https:\\\/\\\/aldiachaco.com.ar\\\/index.php\\\/2026\\\/04\\\/11\\\/el-juicio-por-la-desaparicion-de-loan-comenzara-el-16-de-junio\\\/#breadcrumb\"},\"inLanguage\":\"es-AR\",\"potentialAction\":[{\"@type\":\"ReadAction\",\"target\":[\"https:\\\/\\\/aldiachaco.com.ar\\\/index.php\\\/2026\\\/04\\\/11\\\/el-juicio-por-la-desaparicion-de-loan-comenzara-el-16-de-junio\\\/\"]}]},{\"@type\":\"ImageObject\",\"inLanguage\":\"es-AR\",\"@id\":\"https:\\\/\\\/aldiachaco.com.ar\\\/index.php\\\/2026\\\/04\\\/11\\\/el-juicio-por-la-desaparicion-de-loan-comenzara-el-16-de-junio\\\/#primaryimage\",\"url\":\"https:\\\/\\\/aldiachaco.com.ar\\\/wp-content\\\/uploads\\\/2026\\\/04\\\/trasladan-a-los-detenidos-a-carceles-federales-imagen-subida-a-internet-por-tn-L3YFDIQZAREAVC2PAKI5BZ7LZA.jpg\",\"contentUrl\":\"https:\\\/\\\/aldiachaco.com.ar\\\/wp-content\\\/uploads\\\/2026\\\/04\\\/trasladan-a-los-detenidos-a-carceles-federales-imagen-subida-a-internet-por-tn-L3YFDIQZAREAVC2PAKI5BZ7LZA.jpg\",\"width\":767,\"height\":431},{\"@type\":\"BreadcrumbList\",\"@id\":\"https:\\\/\\\/aldiachaco.com.ar\\\/index.php\\\/2026\\\/04\\\/11\\\/el-juicio-por-la-desaparicion-de-loan-comenzara-el-16-de-junio\\\/#breadcrumb\",\"itemListElement\":[{\"@type\":\"ListItem\",\"position\":1,\"name\":\"Home\",\"item\":\"https:\\\/\\\/aldiachaco.com.ar\\\/\"},{\"@type\":\"ListItem\",\"position\":2,\"name\":\"El juicio por la desaparici\u00f3n de Loan comenzar\u00e1 el 16 de junio\"}]},{\"@type\":\"WebSite\",\"@id\":\"https:\\\/\\\/aldiachaco.com.ar\\\/#website\",\"url\":\"https:\\\/\\\/aldiachaco.com.ar\\\/\",\"name\":\"Al Dia Chaco\",\"description\":\"Noticias del Chaco y el mundo\",\"publisher\":{\"@id\":\"https:\\\/\\\/aldiachaco.com.ar\\\/#organization\"},\"alternateName\":\"Al D\u00eda Chaco\",\"potentialAction\":[{\"@type\":\"SearchAction\",\"target\":{\"@type\":\"EntryPoint\",\"urlTemplate\":\"https:\\\/\\\/aldiachaco.com.ar\\\/?s={search_term_string}\"},\"query-input\":{\"@type\":\"PropertyValueSpecification\",\"valueRequired\":true,\"valueName\":\"search_term_string\"}}],\"inLanguage\":\"es-AR\"},{\"@type\":\"Organization\",\"@id\":\"https:\\\/\\\/aldiachaco.com.ar\\\/#organization\",\"name\":\"Al Dia Chaco\",\"url\":\"https:\\\/\\\/aldiachaco.com.ar\\\/\",\"logo\":{\"@type\":\"ImageObject\",\"inLanguage\":\"es-AR\",\"@id\":\"https:\\\/\\\/aldiachaco.com.ar\\\/#\\\/schema\\\/logo\\\/image\\\/\",\"url\":\"https:\\\/\\\/aldiachaco.com.ar\\\/wp-content\\\/uploads\\\/2017\\\/11\\\/AL-DIA-CHACO-L@2x.png\",\"contentUrl\":\"https:\\\/\\\/aldiachaco.com.ar\\\/wp-content\\\/uploads\\\/2017\\\/11\\\/AL-DIA-CHACO-L@2x.png\",\"width\":232,\"height\":60,\"caption\":\"Al Dia Chaco\"},\"image\":{\"@id\":\"https:\\\/\\\/aldiachaco.com.ar\\\/#\\\/schema\\\/logo\\\/image\\\/\"}},{\"@type\":\"Person\",\"@id\":\"https:\\\/\\\/aldiachaco.com.ar\\\/#\\\/schema\\\/person\\\/b24e975af8022082f5889a7a7299e962\",\"name\":\"RedaccionRM\",\"image\":{\"@type\":\"ImageObject\",\"inLanguage\":\"es-AR\",\"@id\":\"https:\\\/\\\/aldiachaco.com.ar\\\/wp-content\\\/litespeed\\\/avatar\\\/a30118fcb7a6295303f1c91164c6aba1.jpg?ver=1777339088\",\"url\":\"https:\\\/\\\/aldiachaco.com.ar\\\/wp-content\\\/litespeed\\\/avatar\\\/a30118fcb7a6295303f1c91164c6aba1.jpg?ver=1777339088\",\"contentUrl\":\"https:\\\/\\\/aldiachaco.com.ar\\\/wp-content\\\/litespeed\\\/avatar\\\/a30118fcb7a6295303f1c91164c6aba1.jpg?ver=1777339088\",\"caption\":\"RedaccionRM\"},\"url\":\"https:\\\/\\\/aldiachaco.com.ar\\\/index.php\\\/author\\\/redaccionrm\\\/\"}]}<\/script>\n<!-- \/ Yoast SEO plugin. -->","yoast_head_json":{"title":"El juicio por la desaparici\u00f3n de Loan comenzar\u00e1 el 16 de junio | Al Dia Chaco","robots":{"index":"index","follow":"follow","max-snippet":"max-snippet:-1","max-image-preview":"max-image-preview:large","max-video-preview":"max-video-preview:-1"},"canonical":"https:\/\/aldiachaco.com.ar\/index.php\/2026\/04\/11\/el-juicio-por-la-desaparicion-de-loan-comenzara-el-16-de-junio\/","og_locale":"es_ES","og_type":"article","og_title":"El juicio por la desaparici\u00f3n de Loan comenzar\u00e1 el 16 de junio | Al Dia Chaco","og_description":"La Justicia Federal de Corrientes confirm\u00f3 la fecha de inicio del juicio por el caso de Loan Danilo Pe\u00f1a, el nene de 6 a\u00f1os que fue visto por \u00faltima vez el 13 de junio de 2024 en un almuerzo en casa de su abuela, en la ciudad de 9 de Julio. El debate oral comenzar\u00e1 &hellip;","og_url":"https:\/\/aldiachaco.com.ar\/index.php\/2026\/04\/11\/el-juicio-por-la-desaparicion-de-loan-comenzara-el-16-de-junio\/","og_site_name":"Al Dia Chaco","article_published_time":"2026-04-11T15:35:02+00:00","og_image":[{"width":767,"height":431,"url":"https:\/\/aldiachaco.com.ar\/wp-content\/uploads\/2026\/04\/trasladan-a-los-detenidos-a-carceles-federales-imagen-subida-a-internet-por-tn-L3YFDIQZAREAVC2PAKI5BZ7LZA.jpg","type":"image\/jpeg"}],"author":"RedaccionRM","twitter_card":"summary_large_image","twitter_misc":{"Escrito por":"RedaccionRM","Tiempo de lectura":"2 minutos"},"schema":{"@context":"https:\/\/schema.org","@graph":[{"@type":"Article","@id":"https:\/\/aldiachaco.com.ar\/index.php\/2026\/04\/11\/el-juicio-por-la-desaparicion-de-loan-comenzara-el-16-de-junio\/#article","isPartOf":{"@id":"https:\/\/aldiachaco.com.ar\/index.php\/2026\/04\/11\/el-juicio-por-la-desaparicion-de-loan-comenzara-el-16-de-junio\/"},"author":{"name":"RedaccionRM","@id":"https:\/\/aldiachaco.com.ar\/#\/schema\/person\/b24e975af8022082f5889a7a7299e962"},"headline":"El juicio por la desaparici\u00f3n de Loan comenzar\u00e1 el 16 de junio","datePublished":"2026-04-11T15:35:02+00:00","mainEntityOfPage":{"@id":"https:\/\/aldiachaco.com.ar\/index.php\/2026\/04\/11\/el-juicio-por-la-desaparicion-de-loan-comenzara-el-16-de-junio\/"},"wordCount":317,"commentCount":0,"publisher":{"@id":"https:\/\/aldiachaco.com.ar\/#organization"},"image":{"@id":"https:\/\/aldiachaco.com.ar\/index.php\/2026\/04\/11\/el-juicio-por-la-desaparicion-de-loan-comenzara-el-16-de-junio\/#primaryimage"},"thumbnailUrl":"https:\/\/aldiachaco.com.ar\/wp-content\/uploads\/2026\/04\/trasladan-a-los-detenidos-a-carceles-federales-imagen-subida-a-internet-por-tn-L3YFDIQZAREAVC2PAKI5BZ7LZA.jpg","articleSection":["Corrientes","Nacionales"],"inLanguage":"es-AR","potentialAction":[{"@type":"CommentAction","name":"Comment","target":["https:\/\/aldiachaco.com.ar\/index.php\/2026\/04\/11\/el-juicio-por-la-desaparicion-de-loan-comenzara-el-16-de-junio\/#respond"]}]},{"@type":"WebPage","@id":"https:\/\/aldiachaco.com.ar\/index.php\/2026\/04\/11\/el-juicio-por-la-desaparicion-de-loan-comenzara-el-16-de-junio\/","url":"https:\/\/aldiachaco.com.ar\/index.php\/2026\/04\/11\/el-juicio-por-la-desaparicion-de-loan-comenzara-el-16-de-junio\/","name":"El juicio por la desaparici\u00f3n de Loan comenzar\u00e1 el 16 de junio | Al Dia Chaco","isPartOf":{"@id":"https:\/\/aldiachaco.com.ar\/#website"},"primaryImageOfPage":{"@id":"https:\/\/aldiachaco.com.ar\/index.php\/2026\/04\/11\/el-juicio-por-la-desaparicion-de-loan-comenzara-el-16-de-junio\/#primaryimage"},"image":{"@id":"https:\/\/aldiachaco.com.ar\/index.php\/2026\/04\/11\/el-juicio-por-la-desaparicion-de-loan-comenzara-el-16-de-junio\/#primaryimage"},"thumbnailUrl":"https:\/\/aldiachaco.com.ar\/wp-content\/uploads\/2026\/04\/trasladan-a-los-detenidos-a-carceles-federales-imagen-subida-a-internet-por-tn-L3YFDIQZAREAVC2PAKI5BZ7LZA.jpg","datePublished":"2026-04-11T15:35:02+00:00","breadcrumb":{"@id":"https:\/\/aldiachaco.com.ar\/index.php\/2026\/04\/11\/el-juicio-por-la-desaparicion-de-loan-comenzara-el-16-de-junio\/#breadcrumb"},"inLanguage":"es-AR","potentialAction":[{"@type":"ReadAction","target":["https:\/\/aldiachaco.com.ar\/index.php\/2026\/04\/11\/el-juicio-por-la-desaparicion-de-loan-comenzara-el-16-de-junio\/"]}]},{"@type":"ImageObject","inLanguage":"es-AR","@id":"https:\/\/aldiachaco.com.ar\/index.php\/2026\/04\/11\/el-juicio-por-la-desaparicion-de-loan-comenzara-el-16-de-junio\/#primaryimage","url":"https:\/\/aldiachaco.com.ar\/wp-content\/uploads\/2026\/04\/trasladan-a-los-detenidos-a-carceles-federales-imagen-subida-a-internet-por-tn-L3YFDIQZAREAVC2PAKI5BZ7LZA.jpg","contentUrl":"https:\/\/aldiachaco.com.ar\/wp-content\/uploads\/2026\/04\/trasladan-a-los-detenidos-a-carceles-federales-imagen-subida-a-internet-por-tn-L3YFDIQZAREAVC2PAKI5BZ7LZA.jpg","width":767,"height":431},{"@type":"BreadcrumbList","@id":"https:\/\/aldiachaco.com.ar\/index.php\/2026\/04\/11\/el-juicio-por-la-desaparicion-de-loan-comenzara-el-16-de-junio\/#breadcrumb","itemListElement":[{"@type":"ListItem","position":1,"name":"Home","item":"https:\/\/aldiachaco.com.ar\/"},{"@type":"ListItem","position":2,"name":"El juicio por la desaparici\u00f3n de Loan comenzar\u00e1 el 16 de junio"}]},{"@type":"WebSite","@id":"https:\/\/aldiachaco.com.ar\/#website","url":"https:\/\/aldiachaco.com.ar\/","name":"Al Dia Chaco","description":"Noticias del Chaco y el mundo","publisher":{"@id":"https:\/\/aldiachaco.com.ar\/#organization"},"alternateName":"Al D\u00eda Chaco","potentialAction":[{"@type":"SearchAction","target":{"@type":"EntryPoint","urlTemplate":"https:\/\/aldiachaco.com.ar\/?s={search_term_string}"},"query-input":{"@type":"PropertyValueSpecification","valueRequired":true,"valueName":"search_term_string"}}],"inLanguage":"es-AR"},{"@type":"Organization","@id":"https:\/\/aldiachaco.com.ar\/#organization","name":"Al Dia Chaco","url":"https:\/\/aldiachaco.com.ar\/","logo":{"@type":"ImageObject","inLanguage":"es-AR","@id":"https:\/\/aldiachaco.com.ar\/#\/schema\/logo\/image\/","url":"https:\/\/aldiachaco.com.ar\/wp-content\/uploads\/2017\/11\/AL-DIA-CHACO-L@2x.png","contentUrl":"https:\/\/aldiachaco.com.ar\/wp-content\/uploads\/2017\/11\/AL-DIA-CHACO-L@2x.png","width":232,"height":60,"caption":"Al Dia Chaco"},"image":{"@id":"https:\/\/aldiachaco.com.ar\/#\/schema\/logo\/image\/"}},{"@type":"Person","@id":"https:\/\/aldiachaco.com.ar\/#\/schema\/person\/b24e975af8022082f5889a7a7299e962","name":"RedaccionRM","image":{"@type":"ImageObject","inLanguage":"es-AR","@id":"https:\/\/aldiachaco.com.ar\/wp-content\/litespeed\/avatar\/a30118fcb7a6295303f1c91164c6aba1.jpg?ver=1777339088","url":"https:\/\/aldiachaco.com.ar\/wp-content\/litespeed\/avatar\/a30118fcb7a6295303f1c91164c6aba1.jpg?ver=1777339088","contentUrl":"https:\/\/aldiachaco.com.ar\/wp-content\/litespeed\/avatar\/a30118fcb7a6295303f1c91164c6aba1.jpg?ver=1777339088","caption":"RedaccionRM"},"url":"https:\/\/aldiachaco.com.ar\/index.php\/author\/redaccionrm\/"}]}},"jetpack_publicize_connections":[],"jetpack_featured_media_url":"https:\/\/aldiachaco.com.ar\/wp-content\/uploads\/2026\/04\/trasladan-a-los-detenidos-a-carceles-federales-imagen-subida-a-internet-por-tn-L3YFDIQZAREAVC2PAKI5BZ7LZA.jpg","jetpack_sharing_enabled":true,"amp_enabled":true,"_links":{"self":[{"href":"https:\/\/aldiachaco.com.ar\/index.php\/wp-json\/wp\/v2\/posts\/117915","targetHints":{"allow":["GET"]}}],"collection":[{"href":"https:\/\/aldiachaco.com.ar\/index.php\/wp-json\/wp\/v2\/posts"}],"about":[{"href":"https:\/\/aldiachaco.com.ar\/index.php\/wp-json\/wp\/v2\/types\/post"}],"author":[{"embeddable":true,"href":"https:\/\/aldiachaco.com.ar\/index.php\/wp-json\/wp\/v2\/users\/9"}],"replies":[{"embeddable":true,"href":"https:\/\/aldiachaco.com.ar\/index.php\/wp-json\/wp\/v2\/comments?post=117915"}],"version-history":[{"count":1,"href":"https:\/\/aldiachaco.com.ar\/index.php\/wp-json\/wp\/v2\/posts\/117915\/revisions"}],"predecessor-version":[{"id":117917,"href":"https:\/\/aldiachaco.com.ar\/index.php\/wp-json\/wp\/v2\/posts\/117915\/revisions\/117917"}],"wp:featuredmedia":[{"embeddable":true,"href":"https:\/\/aldiachaco.com.ar\/index.php\/wp-json\/wp\/v2\/media\/117916"}],"wp:attachment":[{"href":"https:\/\/aldiachaco.com.ar\/index.php\/wp-json\/wp\/v2\/media?parent=117915"}],"wp:term":[{"taxonomy":"category","embeddable":true,"href":"https:\/\/aldiachaco.com.ar\/index.php\/wp-json\/wp\/v2\/categories?post=117915"},{"taxonomy":"post_tag","embeddable":true,"href":"https:\/\/aldiachaco.com.ar\/index.php\/wp-json\/wp\/v2\/tags?post=117915"}],"curies":[{"name":"wp","href":"https:\/\/api.w.org\/{rel}","templated":true}]}}