{"id":117660,"date":"2026-03-17T17:02:41","date_gmt":"2026-03-17T20:02:41","guid":{"rendered":"https:\/\/aldiachaco.com.ar\/?p=117660"},"modified":"2026-03-17T17:02:41","modified_gmt":"2026-03-17T20:02:41","slug":"intensos-ataques-con-drones-contra-la-embajada-de-ee-uu","status":"publish","type":"post","link":"https:\/\/aldiachaco.com.ar\/index.php\/2026\/03\/17\/intensos-ataques-con-drones-contra-la-embajada-de-ee-uu\/","title":{"rendered":"Intensos ataques con drones contra la embajada de EE.UU."},"content":{"rendered":"<p class=\"ds-markdown-paragraph\">Una oleada de ataques con drones y cohetes tuvo como objetivo la embajada de Estados Unidos en Bagdad a primera hora del martes, seg\u00fan informaron fuentes de seguridad iraqu\u00edes citadas por Reuters. Los testigos describieron el ataque como el m\u00e1s intenso desde el inicio de la escalada, con el uso de al menos cinco drones, y se\u00f1alaron que se escucharon m\u00faltiples explosiones dentro del per\u00edmetro de la misi\u00f3n diplom\u00e1tica. Hasta el momento no se reportaron v\u00edctimas ni se precis\u00f3 el alcance de los da\u00f1os materiales.<\/p>\n<p class=\"ds-markdown-paragraph\">En paralelo, Israel lanz\u00f3 una &#8220;ola masiva&#8221; de ataques contra objetivos en Teher\u00e1n y Beirut. El ej\u00e9rcito israel\u00ed indic\u00f3 que inici\u00f3 &#8220;una amplia ola de ataques&#8221; contra infraestructura del r\u00e9gimen iran\u00ed en la capital, y agreg\u00f3 que tambi\u00e9n comenz\u00f3 &#8220;una ola adicional de ataques contra infraestructura terrorista de Hezbollah en Beirut&#8221;. Los bombardeos representan una escalada significativa en el conflicto, que hasta ahora se hab\u00eda mantenido mayormente en ataques de baja intensidad y hostigamientos en la regi\u00f3n.<\/p>\n<p class=\"ds-markdown-paragraph\">Por su parte, el presidente de Estados Unidos, Donald Trump, anunci\u00f3 que pronto dar\u00e1 a conocer los pa\u00edses que accedieron a ayudar a reabrir el estrecho de Ormuz, una de las v\u00edas navegables m\u00e1s estrat\u00e9gicas para el comercio mundial de petr\u00f3leo. Trump critic\u00f3 a aliados como la OTAN y el Reino Unido por negarse a participar en la operaci\u00f3n, mientras que estos respondieron que &#8220;esta no es una guerra de la OTAN&#8221;. La Uni\u00f3n Europea, por su parte, sostuvo que &#8220;no tiene ning\u00fan inter\u00e9s&#8221; en ampliar su misi\u00f3n naval en la zona.<\/p>\n<p class=\"ds-markdown-paragraph\">En un mensaje posterior, Trump afirm\u00f3 que la guerra &#8220;terminar\u00eda&#8221; pronto y que, aunque no ser\u00eda esta semana, &#8220;no tardar\u00eda mucho&#8221;. Sus declaraciones generaron expectativas sobre posibles negociaciones o una intervenci\u00f3n m\u00e1s directa de Estados Unidos en el conflicto.<\/p>\n<div style=\"width: 274px;\" class=\"wp-video\"><video class=\"wp-video-shortcode\" id=\"video-117660-1\" width=\"274\" height=\"480\" preload=\"metadata\" controls=\"controls\"><source type=\"video\/mp4\" src=\"https:\/\/aldiachaco.com.ar\/wp-content\/uploads\/2026\/03\/EN-VIVO-Iran-amenazo-con-impedir-la-normalizacion-del-estrecho-d.mp4?_=1\" \/><a href=\"https:\/\/aldiachaco.com.ar\/wp-content\/uploads\/2026\/03\/EN-VIVO-Iran-amenazo-con-impedir-la-normalizacion-del-estrecho-d.mp4\">https:\/\/aldiachaco.com.ar\/wp-content\/uploads\/2026\/03\/EN-VIVO-Iran-amenazo-con-impedir-la-normalizacion-del-estrecho-d.mp4<\/a><\/video><\/div>\n","protected":false},"excerpt":{"rendered":"<p>Una oleada de ataques con drones y cohetes tuvo como objetivo la embajada de Estados Unidos en Bagdad a primera hora del martes, seg\u00fan informaron fuentes de seguridad iraqu\u00edes citadas por Reuters. Los testigos describieron el ataque como el m\u00e1s intenso desde el inicio de la escalada, con el uso de al menos cinco drones, &hellip;<\/p>\n","protected":false},"author":9,"featured_media":117661,"comment_status":"open","ping_status":"open","sticky":false,"template":"","format":"standard","meta":{"content-type":"","_monsterinsights_skip_tracking":false,"_monsterinsights_sitenote_active":false,"_monsterinsights_sitenote_note":"","_monsterinsights_sitenote_category":0,"_jetpack_memberships_contains_paid_content":false,"footnotes":"","jetpack_publicize_message":"","jetpack_publicize_feature_enabled":true,"jetpack_social_post_already_shared":true,"jetpack_social_options":{"image_generator_settings":{"template":"highway","default_image_id":0,"font":"","enabled":false},"version":2}},"categories":[73],"tags":[],"class_list":["post-117660","post","type-post","status-publish","format-standard","has-post-thumbnail","hentry","category-internacionales"],"yoast_head":"<!-- This site is optimized with the Yoast SEO plugin v27.4 - https:\/\/yoast.com\/product\/yoast-seo-wordpress\/ -->\n<title>Intensos ataques con drones contra la embajada de EE.UU. | Al Dia Chaco<\/title>\n<meta name=\"robots\" content=\"index, follow, max-snippet:-1, max-image-preview:large, max-video-preview:-1\" \/>\n<link rel=\"canonical\" href=\"https:\/\/aldiachaco.com.ar\/index.php\/2026\/03\/17\/intensos-ataques-con-drones-contra-la-embajada-de-ee-uu\/\" \/>\n<meta property=\"og:locale\" content=\"es_ES\" \/>\n<meta property=\"og:type\" content=\"article\" \/>\n<meta property=\"og:title\" content=\"Intensos ataques con drones contra la embajada de EE.UU. | Al Dia Chaco\" \/>\n<meta property=\"og:description\" content=\"Una oleada de ataques con drones y cohetes tuvo como objetivo la embajada de Estados Unidos en Bagdad a primera hora del martes, seg\u00fan informaron fuentes de seguridad iraqu\u00edes citadas por Reuters. Los testigos describieron el ataque como el m\u00e1s intenso desde el inicio de la escalada, con el uso de al menos cinco drones, &hellip;\" \/>\n<meta property=\"og:url\" content=\"https:\/\/aldiachaco.com.ar\/index.php\/2026\/03\/17\/intensos-ataques-con-drones-contra-la-embajada-de-ee-uu\/\" \/>\n<meta property=\"og:site_name\" content=\"Al Dia Chaco\" \/>\n<meta property=\"article:published_time\" content=\"2026-03-17T20:02:41+00:00\" \/>\n<meta property=\"og:image\" content=\"https:\/\/aldiachaco.com.ar\/wp-content\/uploads\/2026\/03\/Captura-de-pantalla-2026-03-17-170049.png\" \/>\n\t<meta property=\"og:image:width\" content=\"901\" \/>\n\t<meta property=\"og:image:height\" content=\"605\" \/>\n\t<meta property=\"og:image:type\" content=\"image\/png\" \/>\n<meta name=\"author\" content=\"RedaccionRM\" \/>\n<meta name=\"twitter:card\" content=\"summary_large_image\" \/>\n<meta name=\"twitter:label1\" content=\"Escrito por\" \/>\n\t<meta name=\"twitter:data1\" content=\"RedaccionRM\" \/>\n\t<meta name=\"twitter:label2\" content=\"Tiempo de lectura\" \/>\n\t<meta name=\"twitter:data2\" content=\"2 minutos\" \/>\n<script type=\"application\/ld+json\" class=\"yoast-schema-graph\">{\"@context\":\"https:\\\/\\\/schema.org\",\"@graph\":[{\"@type\":\"Article\",\"@id\":\"https:\\\/\\\/aldiachaco.com.ar\\\/index.php\\\/2026\\\/03\\\/17\\\/intensos-ataques-con-drones-contra-la-embajada-de-ee-uu\\\/#article\",\"isPartOf\":{\"@id\":\"https:\\\/\\\/aldiachaco.com.ar\\\/index.php\\\/2026\\\/03\\\/17\\\/intensos-ataques-con-drones-contra-la-embajada-de-ee-uu\\\/\"},\"author\":{\"name\":\"RedaccionRM\",\"@id\":\"https:\\\/\\\/aldiachaco.com.ar\\\/#\\\/schema\\\/person\\\/b24e975af8022082f5889a7a7299e962\"},\"headline\":\"Intensos ataques con drones contra la embajada de EE.UU.\",\"datePublished\":\"2026-03-17T20:02:41+00:00\",\"mainEntityOfPage\":{\"@id\":\"https:\\\/\\\/aldiachaco.com.ar\\\/index.php\\\/2026\\\/03\\\/17\\\/intensos-ataques-con-drones-contra-la-embajada-de-ee-uu\\\/\"},\"wordCount\":347,\"commentCount\":0,\"publisher\":{\"@id\":\"https:\\\/\\\/aldiachaco.com.ar\\\/#organization\"},\"image\":{\"@id\":\"https:\\\/\\\/aldiachaco.com.ar\\\/index.php\\\/2026\\\/03\\\/17\\\/intensos-ataques-con-drones-contra-la-embajada-de-ee-uu\\\/#primaryimage\"},\"thumbnailUrl\":\"https:\\\/\\\/aldiachaco.com.ar\\\/wp-content\\\/uploads\\\/2026\\\/03\\\/Captura-de-pantalla-2026-03-17-170049.png\",\"articleSection\":[\"Internacionales\"],\"inLanguage\":\"es-AR\",\"potentialAction\":[{\"@type\":\"CommentAction\",\"name\":\"Comment\",\"target\":[\"https:\\\/\\\/aldiachaco.com.ar\\\/index.php\\\/2026\\\/03\\\/17\\\/intensos-ataques-con-drones-contra-la-embajada-de-ee-uu\\\/#respond\"]}]},{\"@type\":\"WebPage\",\"@id\":\"https:\\\/\\\/aldiachaco.com.ar\\\/index.php\\\/2026\\\/03\\\/17\\\/intensos-ataques-con-drones-contra-la-embajada-de-ee-uu\\\/\",\"url\":\"https:\\\/\\\/aldiachaco.com.ar\\\/index.php\\\/2026\\\/03\\\/17\\\/intensos-ataques-con-drones-contra-la-embajada-de-ee-uu\\\/\",\"name\":\"Intensos ataques con drones contra la embajada de EE.UU. | Al Dia Chaco\",\"isPartOf\":{\"@id\":\"https:\\\/\\\/aldiachaco.com.ar\\\/#website\"},\"primaryImageOfPage\":{\"@id\":\"https:\\\/\\\/aldiachaco.com.ar\\\/index.php\\\/2026\\\/03\\\/17\\\/intensos-ataques-con-drones-contra-la-embajada-de-ee-uu\\\/#primaryimage\"},\"image\":{\"@id\":\"https:\\\/\\\/aldiachaco.com.ar\\\/index.php\\\/2026\\\/03\\\/17\\\/intensos-ataques-con-drones-contra-la-embajada-de-ee-uu\\\/#primaryimage\"},\"thumbnailUrl\":\"https:\\\/\\\/aldiachaco.com.ar\\\/wp-content\\\/uploads\\\/2026\\\/03\\\/Captura-de-pantalla-2026-03-17-170049.png\",\"datePublished\":\"2026-03-17T20:02:41+00:00\",\"breadcrumb\":{\"@id\":\"https:\\\/\\\/aldiachaco.com.ar\\\/index.php\\\/2026\\\/03\\\/17\\\/intensos-ataques-con-drones-contra-la-embajada-de-ee-uu\\\/#breadcrumb\"},\"inLanguage\":\"es-AR\",\"potentialAction\":[{\"@type\":\"ReadAction\",\"target\":[\"https:\\\/\\\/aldiachaco.com.ar\\\/index.php\\\/2026\\\/03\\\/17\\\/intensos-ataques-con-drones-contra-la-embajada-de-ee-uu\\\/\"]}]},{\"@type\":\"ImageObject\",\"inLanguage\":\"es-AR\",\"@id\":\"https:\\\/\\\/aldiachaco.com.ar\\\/index.php\\\/2026\\\/03\\\/17\\\/intensos-ataques-con-drones-contra-la-embajada-de-ee-uu\\\/#primaryimage\",\"url\":\"https:\\\/\\\/aldiachaco.com.ar\\\/wp-content\\\/uploads\\\/2026\\\/03\\\/Captura-de-pantalla-2026-03-17-170049.png\",\"contentUrl\":\"https:\\\/\\\/aldiachaco.com.ar\\\/wp-content\\\/uploads\\\/2026\\\/03\\\/Captura-de-pantalla-2026-03-17-170049.png\",\"width\":901,\"height\":605},{\"@type\":\"BreadcrumbList\",\"@id\":\"https:\\\/\\\/aldiachaco.com.ar\\\/index.php\\\/2026\\\/03\\\/17\\\/intensos-ataques-con-drones-contra-la-embajada-de-ee-uu\\\/#breadcrumb\",\"itemListElement\":[{\"@type\":\"ListItem\",\"position\":1,\"name\":\"Home\",\"item\":\"https:\\\/\\\/aldiachaco.com.ar\\\/\"},{\"@type\":\"ListItem\",\"position\":2,\"name\":\"Intensos ataques con drones contra la embajada de EE.UU.\"}]},{\"@type\":\"WebSite\",\"@id\":\"https:\\\/\\\/aldiachaco.com.ar\\\/#website\",\"url\":\"https:\\\/\\\/aldiachaco.com.ar\\\/\",\"name\":\"Al Dia Chaco\",\"description\":\"Noticias del Chaco y el mundo\",\"publisher\":{\"@id\":\"https:\\\/\\\/aldiachaco.com.ar\\\/#organization\"},\"alternateName\":\"Al D\u00eda Chaco\",\"potentialAction\":[{\"@type\":\"SearchAction\",\"target\":{\"@type\":\"EntryPoint\",\"urlTemplate\":\"https:\\\/\\\/aldiachaco.com.ar\\\/?s={search_term_string}\"},\"query-input\":{\"@type\":\"PropertyValueSpecification\",\"valueRequired\":true,\"valueName\":\"search_term_string\"}}],\"inLanguage\":\"es-AR\"},{\"@type\":\"Organization\",\"@id\":\"https:\\\/\\\/aldiachaco.com.ar\\\/#organization\",\"name\":\"Al Dia Chaco\",\"url\":\"https:\\\/\\\/aldiachaco.com.ar\\\/\",\"logo\":{\"@type\":\"ImageObject\",\"inLanguage\":\"es-AR\",\"@id\":\"https:\\\/\\\/aldiachaco.com.ar\\\/#\\\/schema\\\/logo\\\/image\\\/\",\"url\":\"https:\\\/\\\/aldiachaco.com.ar\\\/wp-content\\\/uploads\\\/2017\\\/11\\\/AL-DIA-CHACO-L@2x.png\",\"contentUrl\":\"https:\\\/\\\/aldiachaco.com.ar\\\/wp-content\\\/uploads\\\/2017\\\/11\\\/AL-DIA-CHACO-L@2x.png\",\"width\":232,\"height\":60,\"caption\":\"Al Dia Chaco\"},\"image\":{\"@id\":\"https:\\\/\\\/aldiachaco.com.ar\\\/#\\\/schema\\\/logo\\\/image\\\/\"}},{\"@type\":\"Person\",\"@id\":\"https:\\\/\\\/aldiachaco.com.ar\\\/#\\\/schema\\\/person\\\/b24e975af8022082f5889a7a7299e962\",\"name\":\"RedaccionRM\",\"image\":{\"@type\":\"ImageObject\",\"inLanguage\":\"es-AR\",\"@id\":\"https:\\\/\\\/aldiachaco.com.ar\\\/wp-content\\\/litespeed\\\/avatar\\\/a30118fcb7a6295303f1c91164c6aba1.jpg?ver=1777339088\",\"url\":\"https:\\\/\\\/aldiachaco.com.ar\\\/wp-content\\\/litespeed\\\/avatar\\\/a30118fcb7a6295303f1c91164c6aba1.jpg?ver=1777339088\",\"contentUrl\":\"https:\\\/\\\/aldiachaco.com.ar\\\/wp-content\\\/litespeed\\\/avatar\\\/a30118fcb7a6295303f1c91164c6aba1.jpg?ver=1777339088\",\"caption\":\"RedaccionRM\"},\"url\":\"https:\\\/\\\/aldiachaco.com.ar\\\/index.php\\\/author\\\/redaccionrm\\\/\"}]}<\/script>\n<!-- \/ Yoast SEO plugin. -->","yoast_head_json":{"title":"Intensos ataques con drones contra la embajada de EE.UU. | Al Dia Chaco","robots":{"index":"index","follow":"follow","max-snippet":"max-snippet:-1","max-image-preview":"max-image-preview:large","max-video-preview":"max-video-preview:-1"},"canonical":"https:\/\/aldiachaco.com.ar\/index.php\/2026\/03\/17\/intensos-ataques-con-drones-contra-la-embajada-de-ee-uu\/","og_locale":"es_ES","og_type":"article","og_title":"Intensos ataques con drones contra la embajada de EE.UU. | Al Dia Chaco","og_description":"Una oleada de ataques con drones y cohetes tuvo como objetivo la embajada de Estados Unidos en Bagdad a primera hora del martes, seg\u00fan informaron fuentes de seguridad iraqu\u00edes citadas por Reuters. Los testigos describieron el ataque como el m\u00e1s intenso desde el inicio de la escalada, con el uso de al menos cinco drones, &hellip;","og_url":"https:\/\/aldiachaco.com.ar\/index.php\/2026\/03\/17\/intensos-ataques-con-drones-contra-la-embajada-de-ee-uu\/","og_site_name":"Al Dia Chaco","article_published_time":"2026-03-17T20:02:41+00:00","og_image":[{"width":901,"height":605,"url":"https:\/\/aldiachaco.com.ar\/wp-content\/uploads\/2026\/03\/Captura-de-pantalla-2026-03-17-170049.png","type":"image\/png"}],"author":"RedaccionRM","twitter_card":"summary_large_image","twitter_misc":{"Escrito por":"RedaccionRM","Tiempo de lectura":"2 minutos"},"schema":{"@context":"https:\/\/schema.org","@graph":[{"@type":"Article","@id":"https:\/\/aldiachaco.com.ar\/index.php\/2026\/03\/17\/intensos-ataques-con-drones-contra-la-embajada-de-ee-uu\/#article","isPartOf":{"@id":"https:\/\/aldiachaco.com.ar\/index.php\/2026\/03\/17\/intensos-ataques-con-drones-contra-la-embajada-de-ee-uu\/"},"author":{"name":"RedaccionRM","@id":"https:\/\/aldiachaco.com.ar\/#\/schema\/person\/b24e975af8022082f5889a7a7299e962"},"headline":"Intensos ataques con drones contra la embajada de EE.UU.","datePublished":"2026-03-17T20:02:41+00:00","mainEntityOfPage":{"@id":"https:\/\/aldiachaco.com.ar\/index.php\/2026\/03\/17\/intensos-ataques-con-drones-contra-la-embajada-de-ee-uu\/"},"wordCount":347,"commentCount":0,"publisher":{"@id":"https:\/\/aldiachaco.com.ar\/#organization"},"image":{"@id":"https:\/\/aldiachaco.com.ar\/index.php\/2026\/03\/17\/intensos-ataques-con-drones-contra-la-embajada-de-ee-uu\/#primaryimage"},"thumbnailUrl":"https:\/\/aldiachaco.com.ar\/wp-content\/uploads\/2026\/03\/Captura-de-pantalla-2026-03-17-170049.png","articleSection":["Internacionales"],"inLanguage":"es-AR","potentialAction":[{"@type":"CommentAction","name":"Comment","target":["https:\/\/aldiachaco.com.ar\/index.php\/2026\/03\/17\/intensos-ataques-con-drones-contra-la-embajada-de-ee-uu\/#respond"]}]},{"@type":"WebPage","@id":"https:\/\/aldiachaco.com.ar\/index.php\/2026\/03\/17\/intensos-ataques-con-drones-contra-la-embajada-de-ee-uu\/","url":"https:\/\/aldiachaco.com.ar\/index.php\/2026\/03\/17\/intensos-ataques-con-drones-contra-la-embajada-de-ee-uu\/","name":"Intensos ataques con drones contra la embajada de EE.UU. | Al Dia Chaco","isPartOf":{"@id":"https:\/\/aldiachaco.com.ar\/#website"},"primaryImageOfPage":{"@id":"https:\/\/aldiachaco.com.ar\/index.php\/2026\/03\/17\/intensos-ataques-con-drones-contra-la-embajada-de-ee-uu\/#primaryimage"},"image":{"@id":"https:\/\/aldiachaco.com.ar\/index.php\/2026\/03\/17\/intensos-ataques-con-drones-contra-la-embajada-de-ee-uu\/#primaryimage"},"thumbnailUrl":"https:\/\/aldiachaco.com.ar\/wp-content\/uploads\/2026\/03\/Captura-de-pantalla-2026-03-17-170049.png","datePublished":"2026-03-17T20:02:41+00:00","breadcrumb":{"@id":"https:\/\/aldiachaco.com.ar\/index.php\/2026\/03\/17\/intensos-ataques-con-drones-contra-la-embajada-de-ee-uu\/#breadcrumb"},"inLanguage":"es-AR","potentialAction":[{"@type":"ReadAction","target":["https:\/\/aldiachaco.com.ar\/index.php\/2026\/03\/17\/intensos-ataques-con-drones-contra-la-embajada-de-ee-uu\/"]}]},{"@type":"ImageObject","inLanguage":"es-AR","@id":"https:\/\/aldiachaco.com.ar\/index.php\/2026\/03\/17\/intensos-ataques-con-drones-contra-la-embajada-de-ee-uu\/#primaryimage","url":"https:\/\/aldiachaco.com.ar\/wp-content\/uploads\/2026\/03\/Captura-de-pantalla-2026-03-17-170049.png","contentUrl":"https:\/\/aldiachaco.com.ar\/wp-content\/uploads\/2026\/03\/Captura-de-pantalla-2026-03-17-170049.png","width":901,"height":605},{"@type":"BreadcrumbList","@id":"https:\/\/aldiachaco.com.ar\/index.php\/2026\/03\/17\/intensos-ataques-con-drones-contra-la-embajada-de-ee-uu\/#breadcrumb","itemListElement":[{"@type":"ListItem","position":1,"name":"Home","item":"https:\/\/aldiachaco.com.ar\/"},{"@type":"ListItem","position":2,"name":"Intensos ataques con drones contra la embajada de EE.UU."}]},{"@type":"WebSite","@id":"https:\/\/aldiachaco.com.ar\/#website","url":"https:\/\/aldiachaco.com.ar\/","name":"Al Dia Chaco","description":"Noticias del Chaco y el mundo","publisher":{"@id":"https:\/\/aldiachaco.com.ar\/#organization"},"alternateName":"Al D\u00eda Chaco","potentialAction":[{"@type":"SearchAction","target":{"@type":"EntryPoint","urlTemplate":"https:\/\/aldiachaco.com.ar\/?s={search_term_string}"},"query-input":{"@type":"PropertyValueSpecification","valueRequired":true,"valueName":"search_term_string"}}],"inLanguage":"es-AR"},{"@type":"Organization","@id":"https:\/\/aldiachaco.com.ar\/#organization","name":"Al Dia Chaco","url":"https:\/\/aldiachaco.com.ar\/","logo":{"@type":"ImageObject","inLanguage":"es-AR","@id":"https:\/\/aldiachaco.com.ar\/#\/schema\/logo\/image\/","url":"https:\/\/aldiachaco.com.ar\/wp-content\/uploads\/2017\/11\/AL-DIA-CHACO-L@2x.png","contentUrl":"https:\/\/aldiachaco.com.ar\/wp-content\/uploads\/2017\/11\/AL-DIA-CHACO-L@2x.png","width":232,"height":60,"caption":"Al Dia Chaco"},"image":{"@id":"https:\/\/aldiachaco.com.ar\/#\/schema\/logo\/image\/"}},{"@type":"Person","@id":"https:\/\/aldiachaco.com.ar\/#\/schema\/person\/b24e975af8022082f5889a7a7299e962","name":"RedaccionRM","image":{"@type":"ImageObject","inLanguage":"es-AR","@id":"https:\/\/aldiachaco.com.ar\/wp-content\/litespeed\/avatar\/a30118fcb7a6295303f1c91164c6aba1.jpg?ver=1777339088","url":"https:\/\/aldiachaco.com.ar\/wp-content\/litespeed\/avatar\/a30118fcb7a6295303f1c91164c6aba1.jpg?ver=1777339088","contentUrl":"https:\/\/aldiachaco.com.ar\/wp-content\/litespeed\/avatar\/a30118fcb7a6295303f1c91164c6aba1.jpg?ver=1777339088","caption":"RedaccionRM"},"url":"https:\/\/aldiachaco.com.ar\/index.php\/author\/redaccionrm\/"}]}},"jetpack_publicize_connections":[],"jetpack_featured_media_url":"https:\/\/aldiachaco.com.ar\/wp-content\/uploads\/2026\/03\/Captura-de-pantalla-2026-03-17-170049.png","jetpack_sharing_enabled":true,"amp_enabled":true,"_links":{"self":[{"href":"https:\/\/aldiachaco.com.ar\/index.php\/wp-json\/wp\/v2\/posts\/117660","targetHints":{"allow":["GET"]}}],"collection":[{"href":"https:\/\/aldiachaco.com.ar\/index.php\/wp-json\/wp\/v2\/posts"}],"about":[{"href":"https:\/\/aldiachaco.com.ar\/index.php\/wp-json\/wp\/v2\/types\/post"}],"author":[{"embeddable":true,"href":"https:\/\/aldiachaco.com.ar\/index.php\/wp-json\/wp\/v2\/users\/9"}],"replies":[{"embeddable":true,"href":"https:\/\/aldiachaco.com.ar\/index.php\/wp-json\/wp\/v2\/comments?post=117660"}],"version-history":[{"count":1,"href":"https:\/\/aldiachaco.com.ar\/index.php\/wp-json\/wp\/v2\/posts\/117660\/revisions"}],"predecessor-version":[{"id":117663,"href":"https:\/\/aldiachaco.com.ar\/index.php\/wp-json\/wp\/v2\/posts\/117660\/revisions\/117663"}],"wp:featuredmedia":[{"embeddable":true,"href":"https:\/\/aldiachaco.com.ar\/index.php\/wp-json\/wp\/v2\/media\/117661"}],"wp:attachment":[{"href":"https:\/\/aldiachaco.com.ar\/index.php\/wp-json\/wp\/v2\/media?parent=117660"}],"wp:term":[{"taxonomy":"category","embeddable":true,"href":"https:\/\/aldiachaco.com.ar\/index.php\/wp-json\/wp\/v2\/categories?post=117660"},{"taxonomy":"post_tag","embeddable":true,"href":"https:\/\/aldiachaco.com.ar\/index.php\/wp-json\/wp\/v2\/tags?post=117660"}],"curies":[{"name":"wp","href":"https:\/\/api.w.org\/{rel}","templated":true}]}}