{"id":117655,"date":"2026-03-16T14:09:26","date_gmt":"2026-03-16T17:09:26","guid":{"rendered":"https:\/\/aldiachaco.com.ar\/?p=117655"},"modified":"2026-03-16T14:09:26","modified_gmt":"2026-03-16T17:09:26","slug":"entrevista-exclusiva-intendente-de-colonia-aborigen-denuncia-falta-de-dialogo-con-el-gobierno-provincial","status":"publish","type":"post","link":"https:\/\/aldiachaco.com.ar\/index.php\/2026\/03\/16\/entrevista-exclusiva-intendente-de-colonia-aborigen-denuncia-falta-de-dialogo-con-el-gobierno-provincial\/","title":{"rendered":"Entrevista exclusiva: Intendente de Colonia Aborigen denuncia falta de di\u00e1logo con el gobierno provincial"},"content":{"rendered":"<p class=\"ds-markdown-paragraph\">El intendente de Colonia Aborigen, Mateo Vucko, dialog\u00f3 con Sin Vuelta y expuso la cr\u00edtica situaci\u00f3n que atraviesa su comunidad por la demora en la conexi\u00f3n el\u00e9ctrica de 48 viviendas construidas, la falta de respuesta del gobierno provincial y la angustiante espera de familias que incluyen ni\u00f1os con leucemia y madres en tratamiento de quimioterapia, que necesitan con urgencia esas casas por estar ubicadas en un lugar de f\u00e1cil acceso para emergencias.<\/p>\n<p class=\"ds-markdown-paragraph\">&#8220;El tema de las viviendas comenz\u00f3 con un reclamo que hab\u00edamos hecho primeramente a Secheep. Hicimos p\u00fablicos conocimientos porque ya hab\u00eda pasado bastante tiempo y segu\u00edan estando sin la conexi\u00f3n el\u00e9ctrica&#8221;, relat\u00f3 Vucko. Seg\u00fan el intendente, Bistoletti hab\u00eda declarado que la obra no estaba paralizada, sino que esperaban insumos , pero pasaron los meses sin novedades.<\/p>\n<p class=\"ds-markdown-paragraph\">&#8220;Ya estamos desde el 2024, 2025 y seguimos esperando insumos. Sabemos que hubo tres proyectos, los otros dos se terminaron, uno qued\u00f3 con un tendido de cinco viviendas conectadas, despu\u00e9s las otras quedaron todas sin conexi\u00f3n&#8221;, detall\u00f3.<\/p>\n<p class=\"ds-markdown-paragraph\">Uno de los puntos m\u00e1s desgarradores de la entrevista fue cuando Vucko revel\u00f3 que entre los destinatarios de esas viviendas hay familias con ni\u00f1os que padecen leucemia y madres que realizan tratamientos de quimioterapia. El barrio, seg\u00fan explic\u00f3, fue planificado como un lugar de contenci\u00f3n por estar &#8220;ripiado, tener alumbrado y una plazoleta&#8221;, lo que facilita el acceso de ambulancias y la r\u00e1pida salida hacia centros de salud.<\/p>\n<p class=\"ds-markdown-paragraph\">&#8220;Tenemos algunos chicos con leucemia, algunas mam\u00e1s tambi\u00e9n. Algunas mam\u00e1s que hacen quimio. Para eso se hizo ese barrio, justamente para esa clase de gente&#8221;, sostuvo con visible angustia.<\/p>\n<p class=\"ds-markdown-paragraph\">Actualmente, esas familias viven &#8220;en casas de familiares o en algunos ranchitos&#8221;, lugares que no son aptos para personas con enfermedades graves. &#8220;El lugar no es apto para una criatura. Por eso el apuro, m\u00e1s que nada, de nosotros en entregar esas viviendas&#8221;, enfatiz\u00f3.<\/p>\n<p class=\"ds-markdown-paragraph\">Vucko denunci\u00f3 que el gobierno provincial no le brinda audiencias ni responde sus pedidos de di\u00e1logo, pese a las m\u00faltiples notas presentadas desde 2024. &#8220;Nosotros necesitamos como m\u00ednimo que nos atiendan y nos digan &#8216;mira, no podemos ahora, pero dentro de tres meses, dentro de dos, dentro de seis se va a poder&#8217;. Pero es muy dif\u00edcil la comunicaci\u00f3n cuando no te atienden y cuando no te dan una respuesta&#8221;, reclam\u00f3.<\/p>\n<p class=\"ds-markdown-paragraph\">En contraste, se\u00f1al\u00f3 que funcionarios provinciales se re\u00fanen con concejales de la oposici\u00f3n, como Hugo Acevedo, que particip\u00f3 de un encuentro con el presidente de Secheep, junto al referente de \u00d1iachec y Ra\u00fal Saravia, de Machagai. &#8220;Para qu\u00e9 van a mentir algo que est\u00e1 a la vista, que todo ven, que la gente espera. Defiendan su partido, pero no mientan. Tienen que decir la verdad por el bien de todos&#8221;, dispar\u00f3.<\/p>\n<p class=\"ds-markdown-paragraph\">El intendente tambi\u00e9n apunt\u00f3 contra la falta de gesti\u00f3n en otras \u00e1reas. Cuestion\u00f3 que el gobierno no avance con la terminaci\u00f3n de una escuela que est\u00e1 al 80% y que prometi\u00f3 10 viviendas que nunca comenzaron, mientras su municipio construy\u00f3 50 con fondos propios.<\/p>\n<p class=\"ds-markdown-paragraph\">&#8220;Las 10 de la provincia ten\u00edan que comenzar y no comenzaron nunca. Despu\u00e9s de la campa\u00f1a se tranc\u00f3 todo, no nos atendieron m\u00e1s ni el tel\u00e9fono. Le llam\u00e1bamos, mand\u00e1bamos mensajes, ped\u00edamos audiencia y nunca m\u00e1s nos atendi\u00f3&#8221;, record\u00f3. Y sentenci\u00f3: &#8220;Ya es muy dif\u00edcil que Berecoechea vuelva a reiniciar porque tiene en otros lugares que tampoco empezaron&#8221;.<\/p>\n<p class=\"ds-markdown-paragraph\">En medio de las cr\u00edticas, Vucko reconoci\u00f3 el trabajo del presidente de APA, Dami\u00e1n Diez, en la provisi\u00f3n de agua potable. &#8220;Quiero resaltar que las instituciones reciben agua potable cada vez que nos piden, nosotros cada vez que nos solicitan mandamos los camiones con agua. &#8220;Si, se trabaja, los edificios pueden estar deteriorados, pero el agua es potable 100%, sacado del acueducto y controlado, hasta el cloro se controla&#8221;, aclar\u00f3.<\/p>\n","protected":false},"excerpt":{"rendered":"<p>El intendente de Colonia Aborigen, Mateo Vucko, dialog\u00f3 con Sin Vuelta y expuso la cr\u00edtica situaci\u00f3n que atraviesa su comunidad por la demora en la conexi\u00f3n el\u00e9ctrica de 48 viviendas construidas, la falta de respuesta del gobierno provincial y la angustiante espera de familias que incluyen ni\u00f1os con leucemia y madres en tratamiento de quimioterapia, &hellip;<\/p>\n","protected":false},"author":9,"featured_media":117604,"comment_status":"open","ping_status":"open","sticky":false,"template":"","format":"standard","meta":{"content-type":"","_monsterinsights_skip_tracking":false,"_monsterinsights_sitenote_active":false,"_monsterinsights_sitenote_note":"","_monsterinsights_sitenote_category":0,"_jetpack_memberships_contains_paid_content":false,"footnotes":"","jetpack_publicize_message":"","jetpack_publicize_feature_enabled":true,"jetpack_social_post_already_shared":true,"jetpack_social_options":{"image_generator_settings":{"template":"highway","default_image_id":0,"font":"","enabled":false},"version":2}},"categories":[153],"tags":[],"class_list":["post-117655","post","type-post","status-publish","format-standard","has-post-thumbnail","hentry","category-politica"],"yoast_head":"<!-- This site is optimized with the Yoast SEO plugin v27.4 - https:\/\/yoast.com\/product\/yoast-seo-wordpress\/ -->\n<title>Entrevista exclusiva: Intendente de Colonia Aborigen denuncia falta de di\u00e1logo con el gobierno provincial | Al Dia Chaco<\/title>\n<meta name=\"robots\" content=\"index, follow, max-snippet:-1, max-image-preview:large, max-video-preview:-1\" \/>\n<link rel=\"canonical\" href=\"https:\/\/aldiachaco.com.ar\/index.php\/2026\/03\/16\/entrevista-exclusiva-intendente-de-colonia-aborigen-denuncia-falta-de-dialogo-con-el-gobierno-provincial\/\" \/>\n<meta property=\"og:locale\" content=\"es_ES\" \/>\n<meta property=\"og:type\" content=\"article\" \/>\n<meta property=\"og:title\" content=\"Entrevista exclusiva: Intendente de Colonia Aborigen denuncia falta de di\u00e1logo con el gobierno provincial | Al Dia Chaco\" \/>\n<meta property=\"og:description\" content=\"El intendente de Colonia Aborigen, Mateo Vucko, dialog\u00f3 con Sin Vuelta y expuso la cr\u00edtica situaci\u00f3n que atraviesa su comunidad por la demora en la conexi\u00f3n el\u00e9ctrica de 48 viviendas construidas, la falta de respuesta del gobierno provincial y la angustiante espera de familias que incluyen ni\u00f1os con leucemia y madres en tratamiento de quimioterapia, &hellip;\" \/>\n<meta property=\"og:url\" content=\"https:\/\/aldiachaco.com.ar\/index.php\/2026\/03\/16\/entrevista-exclusiva-intendente-de-colonia-aborigen-denuncia-falta-de-dialogo-con-el-gobierno-provincial\/\" \/>\n<meta property=\"og:site_name\" content=\"Al Dia Chaco\" \/>\n<meta property=\"article:published_time\" content=\"2026-03-16T17:09:26+00:00\" \/>\n<meta property=\"og:image\" content=\"https:\/\/aldiachaco.com.ar\/wp-content\/uploads\/2026\/03\/255294w850h539c.jpg.webp\" \/>\n\t<meta property=\"og:image:width\" content=\"850\" \/>\n\t<meta property=\"og:image:height\" content=\"539\" \/>\n\t<meta property=\"og:image:type\" content=\"image\/webp\" \/>\n<meta name=\"author\" content=\"RedaccionRM\" \/>\n<meta name=\"twitter:card\" content=\"summary_large_image\" \/>\n<meta name=\"twitter:label1\" content=\"Escrito por\" \/>\n\t<meta name=\"twitter:data1\" content=\"RedaccionRM\" \/>\n\t<meta name=\"twitter:label2\" content=\"Tiempo de lectura\" \/>\n\t<meta name=\"twitter:data2\" content=\"4 minutos\" \/>\n<script type=\"application\/ld+json\" class=\"yoast-schema-graph\">{\"@context\":\"https:\\\/\\\/schema.org\",\"@graph\":[{\"@type\":\"Article\",\"@id\":\"https:\\\/\\\/aldiachaco.com.ar\\\/index.php\\\/2026\\\/03\\\/16\\\/entrevista-exclusiva-intendente-de-colonia-aborigen-denuncia-falta-de-dialogo-con-el-gobierno-provincial\\\/#article\",\"isPartOf\":{\"@id\":\"https:\\\/\\\/aldiachaco.com.ar\\\/index.php\\\/2026\\\/03\\\/16\\\/entrevista-exclusiva-intendente-de-colonia-aborigen-denuncia-falta-de-dialogo-con-el-gobierno-provincial\\\/\"},\"author\":{\"name\":\"RedaccionRM\",\"@id\":\"https:\\\/\\\/aldiachaco.com.ar\\\/#\\\/schema\\\/person\\\/b24e975af8022082f5889a7a7299e962\"},\"headline\":\"Entrevista exclusiva: Intendente de Colonia Aborigen denuncia falta de di\u00e1logo con el gobierno provincial\",\"datePublished\":\"2026-03-16T17:09:26+00:00\",\"mainEntityOfPage\":{\"@id\":\"https:\\\/\\\/aldiachaco.com.ar\\\/index.php\\\/2026\\\/03\\\/16\\\/entrevista-exclusiva-intendente-de-colonia-aborigen-denuncia-falta-de-dialogo-con-el-gobierno-provincial\\\/\"},\"wordCount\":674,\"commentCount\":0,\"publisher\":{\"@id\":\"https:\\\/\\\/aldiachaco.com.ar\\\/#organization\"},\"image\":{\"@id\":\"https:\\\/\\\/aldiachaco.com.ar\\\/index.php\\\/2026\\\/03\\\/16\\\/entrevista-exclusiva-intendente-de-colonia-aborigen-denuncia-falta-de-dialogo-con-el-gobierno-provincial\\\/#primaryimage\"},\"thumbnailUrl\":\"https:\\\/\\\/aldiachaco.com.ar\\\/wp-content\\\/uploads\\\/2026\\\/03\\\/255294w850h539c.jpg.webp\",\"articleSection\":[\"Pol\u00edtica\"],\"inLanguage\":\"es-AR\",\"potentialAction\":[{\"@type\":\"CommentAction\",\"name\":\"Comment\",\"target\":[\"https:\\\/\\\/aldiachaco.com.ar\\\/index.php\\\/2026\\\/03\\\/16\\\/entrevista-exclusiva-intendente-de-colonia-aborigen-denuncia-falta-de-dialogo-con-el-gobierno-provincial\\\/#respond\"]}]},{\"@type\":\"WebPage\",\"@id\":\"https:\\\/\\\/aldiachaco.com.ar\\\/index.php\\\/2026\\\/03\\\/16\\\/entrevista-exclusiva-intendente-de-colonia-aborigen-denuncia-falta-de-dialogo-con-el-gobierno-provincial\\\/\",\"url\":\"https:\\\/\\\/aldiachaco.com.ar\\\/index.php\\\/2026\\\/03\\\/16\\\/entrevista-exclusiva-intendente-de-colonia-aborigen-denuncia-falta-de-dialogo-con-el-gobierno-provincial\\\/\",\"name\":\"Entrevista exclusiva: Intendente de Colonia Aborigen denuncia falta de di\u00e1logo con el gobierno provincial | Al Dia Chaco\",\"isPartOf\":{\"@id\":\"https:\\\/\\\/aldiachaco.com.ar\\\/#website\"},\"primaryImageOfPage\":{\"@id\":\"https:\\\/\\\/aldiachaco.com.ar\\\/index.php\\\/2026\\\/03\\\/16\\\/entrevista-exclusiva-intendente-de-colonia-aborigen-denuncia-falta-de-dialogo-con-el-gobierno-provincial\\\/#primaryimage\"},\"image\":{\"@id\":\"https:\\\/\\\/aldiachaco.com.ar\\\/index.php\\\/2026\\\/03\\\/16\\\/entrevista-exclusiva-intendente-de-colonia-aborigen-denuncia-falta-de-dialogo-con-el-gobierno-provincial\\\/#primaryimage\"},\"thumbnailUrl\":\"https:\\\/\\\/aldiachaco.com.ar\\\/wp-content\\\/uploads\\\/2026\\\/03\\\/255294w850h539c.jpg.webp\",\"datePublished\":\"2026-03-16T17:09:26+00:00\",\"breadcrumb\":{\"@id\":\"https:\\\/\\\/aldiachaco.com.ar\\\/index.php\\\/2026\\\/03\\\/16\\\/entrevista-exclusiva-intendente-de-colonia-aborigen-denuncia-falta-de-dialogo-con-el-gobierno-provincial\\\/#breadcrumb\"},\"inLanguage\":\"es-AR\",\"potentialAction\":[{\"@type\":\"ReadAction\",\"target\":[\"https:\\\/\\\/aldiachaco.com.ar\\\/index.php\\\/2026\\\/03\\\/16\\\/entrevista-exclusiva-intendente-de-colonia-aborigen-denuncia-falta-de-dialogo-con-el-gobierno-provincial\\\/\"]}]},{\"@type\":\"ImageObject\",\"inLanguage\":\"es-AR\",\"@id\":\"https:\\\/\\\/aldiachaco.com.ar\\\/index.php\\\/2026\\\/03\\\/16\\\/entrevista-exclusiva-intendente-de-colonia-aborigen-denuncia-falta-de-dialogo-con-el-gobierno-provincial\\\/#primaryimage\",\"url\":\"https:\\\/\\\/aldiachaco.com.ar\\\/wp-content\\\/uploads\\\/2026\\\/03\\\/255294w850h539c.jpg.webp\",\"contentUrl\":\"https:\\\/\\\/aldiachaco.com.ar\\\/wp-content\\\/uploads\\\/2026\\\/03\\\/255294w850h539c.jpg.webp\",\"width\":850,\"height\":539},{\"@type\":\"BreadcrumbList\",\"@id\":\"https:\\\/\\\/aldiachaco.com.ar\\\/index.php\\\/2026\\\/03\\\/16\\\/entrevista-exclusiva-intendente-de-colonia-aborigen-denuncia-falta-de-dialogo-con-el-gobierno-provincial\\\/#breadcrumb\",\"itemListElement\":[{\"@type\":\"ListItem\",\"position\":1,\"name\":\"Home\",\"item\":\"https:\\\/\\\/aldiachaco.com.ar\\\/\"},{\"@type\":\"ListItem\",\"position\":2,\"name\":\"Entrevista exclusiva: Intendente de Colonia Aborigen denuncia falta de di\u00e1logo con el gobierno provincial\"}]},{\"@type\":\"WebSite\",\"@id\":\"https:\\\/\\\/aldiachaco.com.ar\\\/#website\",\"url\":\"https:\\\/\\\/aldiachaco.com.ar\\\/\",\"name\":\"Al Dia Chaco\",\"description\":\"Noticias del Chaco y el mundo\",\"publisher\":{\"@id\":\"https:\\\/\\\/aldiachaco.com.ar\\\/#organization\"},\"alternateName\":\"Al D\u00eda Chaco\",\"potentialAction\":[{\"@type\":\"SearchAction\",\"target\":{\"@type\":\"EntryPoint\",\"urlTemplate\":\"https:\\\/\\\/aldiachaco.com.ar\\\/?s={search_term_string}\"},\"query-input\":{\"@type\":\"PropertyValueSpecification\",\"valueRequired\":true,\"valueName\":\"search_term_string\"}}],\"inLanguage\":\"es-AR\"},{\"@type\":\"Organization\",\"@id\":\"https:\\\/\\\/aldiachaco.com.ar\\\/#organization\",\"name\":\"Al Dia Chaco\",\"url\":\"https:\\\/\\\/aldiachaco.com.ar\\\/\",\"logo\":{\"@type\":\"ImageObject\",\"inLanguage\":\"es-AR\",\"@id\":\"https:\\\/\\\/aldiachaco.com.ar\\\/#\\\/schema\\\/logo\\\/image\\\/\",\"url\":\"https:\\\/\\\/aldiachaco.com.ar\\\/wp-content\\\/uploads\\\/2017\\\/11\\\/AL-DIA-CHACO-L@2x.png\",\"contentUrl\":\"https:\\\/\\\/aldiachaco.com.ar\\\/wp-content\\\/uploads\\\/2017\\\/11\\\/AL-DIA-CHACO-L@2x.png\",\"width\":232,\"height\":60,\"caption\":\"Al Dia Chaco\"},\"image\":{\"@id\":\"https:\\\/\\\/aldiachaco.com.ar\\\/#\\\/schema\\\/logo\\\/image\\\/\"}},{\"@type\":\"Person\",\"@id\":\"https:\\\/\\\/aldiachaco.com.ar\\\/#\\\/schema\\\/person\\\/b24e975af8022082f5889a7a7299e962\",\"name\":\"RedaccionRM\",\"image\":{\"@type\":\"ImageObject\",\"inLanguage\":\"es-AR\",\"@id\":\"https:\\\/\\\/aldiachaco.com.ar\\\/wp-content\\\/litespeed\\\/avatar\\\/a30118fcb7a6295303f1c91164c6aba1.jpg?ver=1777339088\",\"url\":\"https:\\\/\\\/aldiachaco.com.ar\\\/wp-content\\\/litespeed\\\/avatar\\\/a30118fcb7a6295303f1c91164c6aba1.jpg?ver=1777339088\",\"contentUrl\":\"https:\\\/\\\/aldiachaco.com.ar\\\/wp-content\\\/litespeed\\\/avatar\\\/a30118fcb7a6295303f1c91164c6aba1.jpg?ver=1777339088\",\"caption\":\"RedaccionRM\"},\"url\":\"https:\\\/\\\/aldiachaco.com.ar\\\/index.php\\\/author\\\/redaccionrm\\\/\"}]}<\/script>\n<!-- \/ Yoast SEO plugin. -->","yoast_head_json":{"title":"Entrevista exclusiva: Intendente de Colonia Aborigen denuncia falta de di\u00e1logo con el gobierno provincial | Al Dia Chaco","robots":{"index":"index","follow":"follow","max-snippet":"max-snippet:-1","max-image-preview":"max-image-preview:large","max-video-preview":"max-video-preview:-1"},"canonical":"https:\/\/aldiachaco.com.ar\/index.php\/2026\/03\/16\/entrevista-exclusiva-intendente-de-colonia-aborigen-denuncia-falta-de-dialogo-con-el-gobierno-provincial\/","og_locale":"es_ES","og_type":"article","og_title":"Entrevista exclusiva: Intendente de Colonia Aborigen denuncia falta de di\u00e1logo con el gobierno provincial | Al Dia Chaco","og_description":"El intendente de Colonia Aborigen, Mateo Vucko, dialog\u00f3 con Sin Vuelta y expuso la cr\u00edtica situaci\u00f3n que atraviesa su comunidad por la demora en la conexi\u00f3n el\u00e9ctrica de 48 viviendas construidas, la falta de respuesta del gobierno provincial y la angustiante espera de familias que incluyen ni\u00f1os con leucemia y madres en tratamiento de quimioterapia, &hellip;","og_url":"https:\/\/aldiachaco.com.ar\/index.php\/2026\/03\/16\/entrevista-exclusiva-intendente-de-colonia-aborigen-denuncia-falta-de-dialogo-con-el-gobierno-provincial\/","og_site_name":"Al Dia Chaco","article_published_time":"2026-03-16T17:09:26+00:00","og_image":[{"width":850,"height":539,"url":"https:\/\/aldiachaco.com.ar\/wp-content\/uploads\/2026\/03\/255294w850h539c.jpg.webp","type":"image\/webp"}],"author":"RedaccionRM","twitter_card":"summary_large_image","twitter_misc":{"Escrito por":"RedaccionRM","Tiempo de lectura":"4 minutos"},"schema":{"@context":"https:\/\/schema.org","@graph":[{"@type":"Article","@id":"https:\/\/aldiachaco.com.ar\/index.php\/2026\/03\/16\/entrevista-exclusiva-intendente-de-colonia-aborigen-denuncia-falta-de-dialogo-con-el-gobierno-provincial\/#article","isPartOf":{"@id":"https:\/\/aldiachaco.com.ar\/index.php\/2026\/03\/16\/entrevista-exclusiva-intendente-de-colonia-aborigen-denuncia-falta-de-dialogo-con-el-gobierno-provincial\/"},"author":{"name":"RedaccionRM","@id":"https:\/\/aldiachaco.com.ar\/#\/schema\/person\/b24e975af8022082f5889a7a7299e962"},"headline":"Entrevista exclusiva: Intendente de Colonia Aborigen denuncia falta de di\u00e1logo con el gobierno provincial","datePublished":"2026-03-16T17:09:26+00:00","mainEntityOfPage":{"@id":"https:\/\/aldiachaco.com.ar\/index.php\/2026\/03\/16\/entrevista-exclusiva-intendente-de-colonia-aborigen-denuncia-falta-de-dialogo-con-el-gobierno-provincial\/"},"wordCount":674,"commentCount":0,"publisher":{"@id":"https:\/\/aldiachaco.com.ar\/#organization"},"image":{"@id":"https:\/\/aldiachaco.com.ar\/index.php\/2026\/03\/16\/entrevista-exclusiva-intendente-de-colonia-aborigen-denuncia-falta-de-dialogo-con-el-gobierno-provincial\/#primaryimage"},"thumbnailUrl":"https:\/\/aldiachaco.com.ar\/wp-content\/uploads\/2026\/03\/255294w850h539c.jpg.webp","articleSection":["Pol\u00edtica"],"inLanguage":"es-AR","potentialAction":[{"@type":"CommentAction","name":"Comment","target":["https:\/\/aldiachaco.com.ar\/index.php\/2026\/03\/16\/entrevista-exclusiva-intendente-de-colonia-aborigen-denuncia-falta-de-dialogo-con-el-gobierno-provincial\/#respond"]}]},{"@type":"WebPage","@id":"https:\/\/aldiachaco.com.ar\/index.php\/2026\/03\/16\/entrevista-exclusiva-intendente-de-colonia-aborigen-denuncia-falta-de-dialogo-con-el-gobierno-provincial\/","url":"https:\/\/aldiachaco.com.ar\/index.php\/2026\/03\/16\/entrevista-exclusiva-intendente-de-colonia-aborigen-denuncia-falta-de-dialogo-con-el-gobierno-provincial\/","name":"Entrevista exclusiva: Intendente de Colonia Aborigen denuncia falta de di\u00e1logo con el gobierno provincial | Al Dia Chaco","isPartOf":{"@id":"https:\/\/aldiachaco.com.ar\/#website"},"primaryImageOfPage":{"@id":"https:\/\/aldiachaco.com.ar\/index.php\/2026\/03\/16\/entrevista-exclusiva-intendente-de-colonia-aborigen-denuncia-falta-de-dialogo-con-el-gobierno-provincial\/#primaryimage"},"image":{"@id":"https:\/\/aldiachaco.com.ar\/index.php\/2026\/03\/16\/entrevista-exclusiva-intendente-de-colonia-aborigen-denuncia-falta-de-dialogo-con-el-gobierno-provincial\/#primaryimage"},"thumbnailUrl":"https:\/\/aldiachaco.com.ar\/wp-content\/uploads\/2026\/03\/255294w850h539c.jpg.webp","datePublished":"2026-03-16T17:09:26+00:00","breadcrumb":{"@id":"https:\/\/aldiachaco.com.ar\/index.php\/2026\/03\/16\/entrevista-exclusiva-intendente-de-colonia-aborigen-denuncia-falta-de-dialogo-con-el-gobierno-provincial\/#breadcrumb"},"inLanguage":"es-AR","potentialAction":[{"@type":"ReadAction","target":["https:\/\/aldiachaco.com.ar\/index.php\/2026\/03\/16\/entrevista-exclusiva-intendente-de-colonia-aborigen-denuncia-falta-de-dialogo-con-el-gobierno-provincial\/"]}]},{"@type":"ImageObject","inLanguage":"es-AR","@id":"https:\/\/aldiachaco.com.ar\/index.php\/2026\/03\/16\/entrevista-exclusiva-intendente-de-colonia-aborigen-denuncia-falta-de-dialogo-con-el-gobierno-provincial\/#primaryimage","url":"https:\/\/aldiachaco.com.ar\/wp-content\/uploads\/2026\/03\/255294w850h539c.jpg.webp","contentUrl":"https:\/\/aldiachaco.com.ar\/wp-content\/uploads\/2026\/03\/255294w850h539c.jpg.webp","width":850,"height":539},{"@type":"BreadcrumbList","@id":"https:\/\/aldiachaco.com.ar\/index.php\/2026\/03\/16\/entrevista-exclusiva-intendente-de-colonia-aborigen-denuncia-falta-de-dialogo-con-el-gobierno-provincial\/#breadcrumb","itemListElement":[{"@type":"ListItem","position":1,"name":"Home","item":"https:\/\/aldiachaco.com.ar\/"},{"@type":"ListItem","position":2,"name":"Entrevista exclusiva: Intendente de Colonia Aborigen denuncia falta de di\u00e1logo con el gobierno provincial"}]},{"@type":"WebSite","@id":"https:\/\/aldiachaco.com.ar\/#website","url":"https:\/\/aldiachaco.com.ar\/","name":"Al Dia Chaco","description":"Noticias del Chaco y el mundo","publisher":{"@id":"https:\/\/aldiachaco.com.ar\/#organization"},"alternateName":"Al D\u00eda Chaco","potentialAction":[{"@type":"SearchAction","target":{"@type":"EntryPoint","urlTemplate":"https:\/\/aldiachaco.com.ar\/?s={search_term_string}"},"query-input":{"@type":"PropertyValueSpecification","valueRequired":true,"valueName":"search_term_string"}}],"inLanguage":"es-AR"},{"@type":"Organization","@id":"https:\/\/aldiachaco.com.ar\/#organization","name":"Al Dia Chaco","url":"https:\/\/aldiachaco.com.ar\/","logo":{"@type":"ImageObject","inLanguage":"es-AR","@id":"https:\/\/aldiachaco.com.ar\/#\/schema\/logo\/image\/","url":"https:\/\/aldiachaco.com.ar\/wp-content\/uploads\/2017\/11\/AL-DIA-CHACO-L@2x.png","contentUrl":"https:\/\/aldiachaco.com.ar\/wp-content\/uploads\/2017\/11\/AL-DIA-CHACO-L@2x.png","width":232,"height":60,"caption":"Al Dia Chaco"},"image":{"@id":"https:\/\/aldiachaco.com.ar\/#\/schema\/logo\/image\/"}},{"@type":"Person","@id":"https:\/\/aldiachaco.com.ar\/#\/schema\/person\/b24e975af8022082f5889a7a7299e962","name":"RedaccionRM","image":{"@type":"ImageObject","inLanguage":"es-AR","@id":"https:\/\/aldiachaco.com.ar\/wp-content\/litespeed\/avatar\/a30118fcb7a6295303f1c91164c6aba1.jpg?ver=1777339088","url":"https:\/\/aldiachaco.com.ar\/wp-content\/litespeed\/avatar\/a30118fcb7a6295303f1c91164c6aba1.jpg?ver=1777339088","contentUrl":"https:\/\/aldiachaco.com.ar\/wp-content\/litespeed\/avatar\/a30118fcb7a6295303f1c91164c6aba1.jpg?ver=1777339088","caption":"RedaccionRM"},"url":"https:\/\/aldiachaco.com.ar\/index.php\/author\/redaccionrm\/"}]}},"jetpack_publicize_connections":[],"jetpack_featured_media_url":"https:\/\/aldiachaco.com.ar\/wp-content\/uploads\/2026\/03\/255294w850h539c.jpg.webp","jetpack_sharing_enabled":true,"amp_enabled":true,"_links":{"self":[{"href":"https:\/\/aldiachaco.com.ar\/index.php\/wp-json\/wp\/v2\/posts\/117655","targetHints":{"allow":["GET"]}}],"collection":[{"href":"https:\/\/aldiachaco.com.ar\/index.php\/wp-json\/wp\/v2\/posts"}],"about":[{"href":"https:\/\/aldiachaco.com.ar\/index.php\/wp-json\/wp\/v2\/types\/post"}],"author":[{"embeddable":true,"href":"https:\/\/aldiachaco.com.ar\/index.php\/wp-json\/wp\/v2\/users\/9"}],"replies":[{"embeddable":true,"href":"https:\/\/aldiachaco.com.ar\/index.php\/wp-json\/wp\/v2\/comments?post=117655"}],"version-history":[{"count":1,"href":"https:\/\/aldiachaco.com.ar\/index.php\/wp-json\/wp\/v2\/posts\/117655\/revisions"}],"predecessor-version":[{"id":117656,"href":"https:\/\/aldiachaco.com.ar\/index.php\/wp-json\/wp\/v2\/posts\/117655\/revisions\/117656"}],"wp:featuredmedia":[{"embeddable":true,"href":"https:\/\/aldiachaco.com.ar\/index.php\/wp-json\/wp\/v2\/media\/117604"}],"wp:attachment":[{"href":"https:\/\/aldiachaco.com.ar\/index.php\/wp-json\/wp\/v2\/media?parent=117655"}],"wp:term":[{"taxonomy":"category","embeddable":true,"href":"https:\/\/aldiachaco.com.ar\/index.php\/wp-json\/wp\/v2\/categories?post=117655"},{"taxonomy":"post_tag","embeddable":true,"href":"https:\/\/aldiachaco.com.ar\/index.php\/wp-json\/wp\/v2\/tags?post=117655"}],"curies":[{"name":"wp","href":"https:\/\/api.w.org\/{rel}","templated":true}]}}