{"id":117644,"date":"2026-03-16T09:22:26","date_gmt":"2026-03-16T12:22:26","guid":{"rendered":"https:\/\/aldiachaco.com.ar\/?p=117644"},"modified":"2026-03-16T09:22:26","modified_gmt":"2026-03-16T12:22:26","slug":"hindu-acelero-en-los-momentos-justos-y-festejo-ante-don-bosco-en-la-liga-federal","status":"publish","type":"post","link":"https:\/\/aldiachaco.com.ar\/index.php\/2026\/03\/16\/hindu-acelero-en-los-momentos-justos-y-festejo-ante-don-bosco-en-la-liga-federal\/","title":{"rendered":"Hind\u00fa aceler\u00f3 en los momentos justos y festej\u00f3 ante Don Bosco en la Liga Federal"},"content":{"rendered":"<p>El &#8220;B\u00f3lido Verde&#8221; super\u00f3 como local a Don Bosco por 93 a 83 en un partido muy intenso y parejo, por una nueva jornada de la zona NEA de La Liga Federal. En el elenco ganador, el goleador de su equipo y del partido fue Lautaro Moreau con 22 puntos, mientras que por el lado de Don Bosco Facundo G\u00f3mez Brocal anot\u00f3 21 unidades.<\/p>\n<p>&nbsp;<\/p>\n<p>El juego arranc\u00f3 con un Don Bosco que aprovech\u00f3 la efectividad de Facundo G\u00f3mez Brocal y la intensidad en la zona pintada de Valentino Colman para r\u00e1pidamente tomar una ventaja de 0-6. Sin embargo, con el correr de los minutos Hind\u00fa comenz\u00f3 a encontrar a sus principales figuras. \u00c1lvaro Ghidini y Juan Del\u00f3n empezaron a tomar protagonismo en ataque y eso no solo le permiti\u00f3 equilibrar el juego, sino tambi\u00e9n revertir el score (11-8). En el cierre del per\u00edodo, Hind\u00fa encontr\u00f3 en Santiago Barreto en la zona pintada las diferencias necesarias para llevarse los primeros diez minutos por 15 a 11, ante un Don Bosco que siempre tuvo en G\u00f3mez Brocal sus mejores opciones ofensivas dentro de un partido muy parejo.<\/p>\n<p>&nbsp;<\/p>\n<p>En el segundo cuarto, el que ingres\u00f3 mejor fue Don Bosco, aprovechando la explosi\u00f3n ofensiva de Iv\u00e1n Lugo y los aportes de Yazid P\u00e9rez Barrios para tomar la ventaja (20-22). Con el correr de los minutos el partido se jug\u00f3 por momentos al l\u00edmite, generando nerviosismo tanto dentro de la cancha como en el buen marco de p\u00fablico presente. Dentro de ese contexto, Don Bosco se sostuvo con Luciano C\u00e1rdenas y su presencia en la zona pintada para sacar una peque\u00f1a diferencia (28-32). Sin embargo, a falta de 1:39 Hind\u00fa mejor\u00f3 con Lucas Coronel, \u00c1lvaro Ghidini y Santiago Masdeu, quienes tomaron protagonismo y efectividad para dar vuelta la historia (35-32). En l\u00edneas generales el juego fue siempre muy cerrado, aunque Hind\u00fa logr\u00f3 irse al descanso largo con ventaja de 37 a 35.<\/p>\n<p>&nbsp;<\/p>\n<p>En el tercer cuarto, el que arranc\u00f3 mejor fue Hind\u00fa, aprovechando la potencia de Santiago Barreto en la zona pintada para tomar una r\u00e1pida ventaja (43-37). Luego de ese buen inicio local, Don Bosco ajust\u00f3 la defensa y volvi\u00f3 a equilibrar el tanteador con acciones de Facundo G\u00f3mez Brocal y Luciano Lemos (47-44). Con el correr de los minutos, Hind\u00fa fue creciendo y encontr\u00f3 en Lautaro Moreau y Juan Del\u00f3n la claridad necesaria para estirar la diferencia (58-49). Finalmente, el tercer per\u00edodo se cerr\u00f3 con el &#8220;B\u00f3lido Verde&#8221; arriba por 68 a 54.<\/p>\n<p>&nbsp;<\/p>\n<p>En el \u00faltimo cuarto, el juego continu\u00f3 siendo intenso, aunque Hind\u00fa siempre se mantuvo al frente en el marcador. Con la efectividad de Juan Del\u00f3n y Lautaro Moreau, el local sostuvo una diferencia importante (73-63). Don Bosco, pese a no tener su mejor noche colectiva, se mantuvo en partido con los aportes de Luciano C\u00e1rdenas, Facundo G\u00f3mez Brocal y Joaqu\u00edn Fern\u00e1ndez. Con el correr de los minutos, Hind\u00fa administr\u00f3 la ventaja y termin\u00f3 sellando una victoria muy importante, la primera como local en esta temporada, por 93 a 83.<\/p>\n<p>&nbsp;<\/p>\n<p>S\u00edntesis<\/p>\n<p>&nbsp;<\/p>\n<p>Hind\u00fa (93): Ghidini 11; Lucas Coronel 14; Moreau 22; Barreto 16; Del\u00f3n 22; Lange 0; Far\u00eda S\u00e1nchez; Rosales 0; Masdeu 8. DT: Luis Cequeira.<\/p>\n<p>&nbsp;<\/p>\n<p>Don Bosco (83): Lugo 8; G\u00f3mez Brocal 21; C\u00e1rdenas 10; C\u00f3rdoba 4; Joaqu\u00edn Fern\u00e1ndez 20; Lemos 13; Camnasio; C\u00e9spedes; Colman 7; P\u00e9rez Barrios 0. DT: Juan Ferraris y Fernando Rosso.<\/p>\n<p>&nbsp;<\/p>\n<p>El pr\u00f3ximo compromiso de Hind\u00fa ser\u00e1 como visitante frente a C\u00f3rdoba (Corrientes), mientras que Don Bosco viajar\u00e1 a Charata para enfrentar a H\u00e9rcules.<\/p>\n","protected":false},"excerpt":{"rendered":"<p>El &#8220;B\u00f3lido Verde&#8221; super\u00f3 como local a Don Bosco por 93 a 83 en un partido muy intenso y parejo, por una nueva jornada de la zona NEA de La Liga Federal. En el elenco ganador, el goleador de su equipo y del partido fue Lautaro Moreau con 22 puntos, mientras que por el lado &hellip;<\/p>\n","protected":false},"author":9,"featured_media":117646,"comment_status":"open","ping_status":"open","sticky":false,"template":"","format":"standard","meta":{"content-type":"","_monsterinsights_skip_tracking":false,"_monsterinsights_sitenote_active":false,"_monsterinsights_sitenote_note":"","_monsterinsights_sitenote_category":0,"_jetpack_memberships_contains_paid_content":false,"footnotes":"","jetpack_publicize_message":"","jetpack_publicize_feature_enabled":true,"jetpack_social_post_already_shared":true,"jetpack_social_options":{"image_generator_settings":{"template":"highway","default_image_id":0,"font":"","enabled":false},"version":2}},"categories":[72],"tags":[],"class_list":["post-117644","post","type-post","status-publish","format-standard","has-post-thumbnail","hentry","category-deportes"],"yoast_head":"<!-- This site is optimized with the Yoast SEO plugin v27.4 - https:\/\/yoast.com\/product\/yoast-seo-wordpress\/ -->\n<title>Hind\u00fa aceler\u00f3 en los momentos justos y festej\u00f3 ante Don Bosco en la Liga Federal | Al Dia Chaco<\/title>\n<meta name=\"robots\" content=\"index, follow, max-snippet:-1, max-image-preview:large, max-video-preview:-1\" \/>\n<link rel=\"canonical\" href=\"https:\/\/aldiachaco.com.ar\/index.php\/2026\/03\/16\/hindu-acelero-en-los-momentos-justos-y-festejo-ante-don-bosco-en-la-liga-federal\/\" \/>\n<meta property=\"og:locale\" content=\"es_ES\" \/>\n<meta property=\"og:type\" content=\"article\" \/>\n<meta property=\"og:title\" content=\"Hind\u00fa aceler\u00f3 en los momentos justos y festej\u00f3 ante Don Bosco en la Liga Federal | Al Dia Chaco\" \/>\n<meta property=\"og:description\" content=\"El &#8220;B\u00f3lido Verde&#8221; super\u00f3 como local a Don Bosco por 93 a 83 en un partido muy intenso y parejo, por una nueva jornada de la zona NEA de La Liga Federal. En el elenco ganador, el goleador de su equipo y del partido fue Lautaro Moreau con 22 puntos, mientras que por el lado &hellip;\" \/>\n<meta property=\"og:url\" content=\"https:\/\/aldiachaco.com.ar\/index.php\/2026\/03\/16\/hindu-acelero-en-los-momentos-justos-y-festejo-ante-don-bosco-en-la-liga-federal\/\" \/>\n<meta property=\"og:site_name\" content=\"Al Dia Chaco\" \/>\n<meta property=\"article:published_time\" content=\"2026-03-16T12:22:26+00:00\" \/>\n<meta property=\"og:image\" content=\"https:\/\/aldiachaco.com.ar\/wp-content\/uploads\/2026\/03\/hinduclubrcia_1773663182633-1.jpg\" \/>\n\t<meta property=\"og:image:width\" content=\"1206\" \/>\n\t<meta property=\"og:image:height\" content=\"2029\" \/>\n\t<meta property=\"og:image:type\" content=\"image\/jpeg\" \/>\n<meta name=\"author\" content=\"RedaccionRM\" \/>\n<meta name=\"twitter:card\" content=\"summary_large_image\" \/>\n<meta name=\"twitter:label1\" content=\"Escrito por\" \/>\n\t<meta name=\"twitter:data1\" content=\"RedaccionRM\" \/>\n\t<meta name=\"twitter:label2\" content=\"Tiempo de lectura\" \/>\n\t<meta name=\"twitter:data2\" content=\"3 minutos\" \/>\n<script type=\"application\/ld+json\" class=\"yoast-schema-graph\">{\"@context\":\"https:\\\/\\\/schema.org\",\"@graph\":[{\"@type\":\"Article\",\"@id\":\"https:\\\/\\\/aldiachaco.com.ar\\\/index.php\\\/2026\\\/03\\\/16\\\/hindu-acelero-en-los-momentos-justos-y-festejo-ante-don-bosco-en-la-liga-federal\\\/#article\",\"isPartOf\":{\"@id\":\"https:\\\/\\\/aldiachaco.com.ar\\\/index.php\\\/2026\\\/03\\\/16\\\/hindu-acelero-en-los-momentos-justos-y-festejo-ante-don-bosco-en-la-liga-federal\\\/\"},\"author\":{\"name\":\"RedaccionRM\",\"@id\":\"https:\\\/\\\/aldiachaco.com.ar\\\/#\\\/schema\\\/person\\\/b24e975af8022082f5889a7a7299e962\"},\"headline\":\"Hind\u00fa aceler\u00f3 en los momentos justos y festej\u00f3 ante Don Bosco en la Liga Federal\",\"datePublished\":\"2026-03-16T12:22:26+00:00\",\"mainEntityOfPage\":{\"@id\":\"https:\\\/\\\/aldiachaco.com.ar\\\/index.php\\\/2026\\\/03\\\/16\\\/hindu-acelero-en-los-momentos-justos-y-festejo-ante-don-bosco-en-la-liga-federal\\\/\"},\"wordCount\":609,\"commentCount\":0,\"publisher\":{\"@id\":\"https:\\\/\\\/aldiachaco.com.ar\\\/#organization\"},\"image\":{\"@id\":\"https:\\\/\\\/aldiachaco.com.ar\\\/index.php\\\/2026\\\/03\\\/16\\\/hindu-acelero-en-los-momentos-justos-y-festejo-ante-don-bosco-en-la-liga-federal\\\/#primaryimage\"},\"thumbnailUrl\":\"https:\\\/\\\/aldiachaco.com.ar\\\/wp-content\\\/uploads\\\/2026\\\/03\\\/hinduclubrcia_1773663182633-1.jpg\",\"articleSection\":[\"Deportes\"],\"inLanguage\":\"es-AR\",\"potentialAction\":[{\"@type\":\"CommentAction\",\"name\":\"Comment\",\"target\":[\"https:\\\/\\\/aldiachaco.com.ar\\\/index.php\\\/2026\\\/03\\\/16\\\/hindu-acelero-en-los-momentos-justos-y-festejo-ante-don-bosco-en-la-liga-federal\\\/#respond\"]}]},{\"@type\":\"WebPage\",\"@id\":\"https:\\\/\\\/aldiachaco.com.ar\\\/index.php\\\/2026\\\/03\\\/16\\\/hindu-acelero-en-los-momentos-justos-y-festejo-ante-don-bosco-en-la-liga-federal\\\/\",\"url\":\"https:\\\/\\\/aldiachaco.com.ar\\\/index.php\\\/2026\\\/03\\\/16\\\/hindu-acelero-en-los-momentos-justos-y-festejo-ante-don-bosco-en-la-liga-federal\\\/\",\"name\":\"Hind\u00fa aceler\u00f3 en los momentos justos y festej\u00f3 ante Don Bosco en la Liga Federal | Al Dia Chaco\",\"isPartOf\":{\"@id\":\"https:\\\/\\\/aldiachaco.com.ar\\\/#website\"},\"primaryImageOfPage\":{\"@id\":\"https:\\\/\\\/aldiachaco.com.ar\\\/index.php\\\/2026\\\/03\\\/16\\\/hindu-acelero-en-los-momentos-justos-y-festejo-ante-don-bosco-en-la-liga-federal\\\/#primaryimage\"},\"image\":{\"@id\":\"https:\\\/\\\/aldiachaco.com.ar\\\/index.php\\\/2026\\\/03\\\/16\\\/hindu-acelero-en-los-momentos-justos-y-festejo-ante-don-bosco-en-la-liga-federal\\\/#primaryimage\"},\"thumbnailUrl\":\"https:\\\/\\\/aldiachaco.com.ar\\\/wp-content\\\/uploads\\\/2026\\\/03\\\/hinduclubrcia_1773663182633-1.jpg\",\"datePublished\":\"2026-03-16T12:22:26+00:00\",\"breadcrumb\":{\"@id\":\"https:\\\/\\\/aldiachaco.com.ar\\\/index.php\\\/2026\\\/03\\\/16\\\/hindu-acelero-en-los-momentos-justos-y-festejo-ante-don-bosco-en-la-liga-federal\\\/#breadcrumb\"},\"inLanguage\":\"es-AR\",\"potentialAction\":[{\"@type\":\"ReadAction\",\"target\":[\"https:\\\/\\\/aldiachaco.com.ar\\\/index.php\\\/2026\\\/03\\\/16\\\/hindu-acelero-en-los-momentos-justos-y-festejo-ante-don-bosco-en-la-liga-federal\\\/\"]}]},{\"@type\":\"ImageObject\",\"inLanguage\":\"es-AR\",\"@id\":\"https:\\\/\\\/aldiachaco.com.ar\\\/index.php\\\/2026\\\/03\\\/16\\\/hindu-acelero-en-los-momentos-justos-y-festejo-ante-don-bosco-en-la-liga-federal\\\/#primaryimage\",\"url\":\"https:\\\/\\\/aldiachaco.com.ar\\\/wp-content\\\/uploads\\\/2026\\\/03\\\/hinduclubrcia_1773663182633-1.jpg\",\"contentUrl\":\"https:\\\/\\\/aldiachaco.com.ar\\\/wp-content\\\/uploads\\\/2026\\\/03\\\/hinduclubrcia_1773663182633-1.jpg\",\"width\":1206,\"height\":2029},{\"@type\":\"BreadcrumbList\",\"@id\":\"https:\\\/\\\/aldiachaco.com.ar\\\/index.php\\\/2026\\\/03\\\/16\\\/hindu-acelero-en-los-momentos-justos-y-festejo-ante-don-bosco-en-la-liga-federal\\\/#breadcrumb\",\"itemListElement\":[{\"@type\":\"ListItem\",\"position\":1,\"name\":\"Home\",\"item\":\"https:\\\/\\\/aldiachaco.com.ar\\\/\"},{\"@type\":\"ListItem\",\"position\":2,\"name\":\"Hind\u00fa aceler\u00f3 en los momentos justos y festej\u00f3 ante Don Bosco en la Liga Federal\"}]},{\"@type\":\"WebSite\",\"@id\":\"https:\\\/\\\/aldiachaco.com.ar\\\/#website\",\"url\":\"https:\\\/\\\/aldiachaco.com.ar\\\/\",\"name\":\"Al Dia Chaco\",\"description\":\"Noticias del Chaco y el mundo\",\"publisher\":{\"@id\":\"https:\\\/\\\/aldiachaco.com.ar\\\/#organization\"},\"alternateName\":\"Al D\u00eda Chaco\",\"potentialAction\":[{\"@type\":\"SearchAction\",\"target\":{\"@type\":\"EntryPoint\",\"urlTemplate\":\"https:\\\/\\\/aldiachaco.com.ar\\\/?s={search_term_string}\"},\"query-input\":{\"@type\":\"PropertyValueSpecification\",\"valueRequired\":true,\"valueName\":\"search_term_string\"}}],\"inLanguage\":\"es-AR\"},{\"@type\":\"Organization\",\"@id\":\"https:\\\/\\\/aldiachaco.com.ar\\\/#organization\",\"name\":\"Al Dia Chaco\",\"url\":\"https:\\\/\\\/aldiachaco.com.ar\\\/\",\"logo\":{\"@type\":\"ImageObject\",\"inLanguage\":\"es-AR\",\"@id\":\"https:\\\/\\\/aldiachaco.com.ar\\\/#\\\/schema\\\/logo\\\/image\\\/\",\"url\":\"https:\\\/\\\/aldiachaco.com.ar\\\/wp-content\\\/uploads\\\/2017\\\/11\\\/AL-DIA-CHACO-L@2x.png\",\"contentUrl\":\"https:\\\/\\\/aldiachaco.com.ar\\\/wp-content\\\/uploads\\\/2017\\\/11\\\/AL-DIA-CHACO-L@2x.png\",\"width\":232,\"height\":60,\"caption\":\"Al Dia Chaco\"},\"image\":{\"@id\":\"https:\\\/\\\/aldiachaco.com.ar\\\/#\\\/schema\\\/logo\\\/image\\\/\"}},{\"@type\":\"Person\",\"@id\":\"https:\\\/\\\/aldiachaco.com.ar\\\/#\\\/schema\\\/person\\\/b24e975af8022082f5889a7a7299e962\",\"name\":\"RedaccionRM\",\"image\":{\"@type\":\"ImageObject\",\"inLanguage\":\"es-AR\",\"@id\":\"https:\\\/\\\/aldiachaco.com.ar\\\/wp-content\\\/litespeed\\\/avatar\\\/a30118fcb7a6295303f1c91164c6aba1.jpg?ver=1777339088\",\"url\":\"https:\\\/\\\/aldiachaco.com.ar\\\/wp-content\\\/litespeed\\\/avatar\\\/a30118fcb7a6295303f1c91164c6aba1.jpg?ver=1777339088\",\"contentUrl\":\"https:\\\/\\\/aldiachaco.com.ar\\\/wp-content\\\/litespeed\\\/avatar\\\/a30118fcb7a6295303f1c91164c6aba1.jpg?ver=1777339088\",\"caption\":\"RedaccionRM\"},\"url\":\"https:\\\/\\\/aldiachaco.com.ar\\\/index.php\\\/author\\\/redaccionrm\\\/\"}]}<\/script>\n<!-- \/ Yoast SEO plugin. -->","yoast_head_json":{"title":"Hind\u00fa aceler\u00f3 en los momentos justos y festej\u00f3 ante Don Bosco en la Liga Federal | Al Dia Chaco","robots":{"index":"index","follow":"follow","max-snippet":"max-snippet:-1","max-image-preview":"max-image-preview:large","max-video-preview":"max-video-preview:-1"},"canonical":"https:\/\/aldiachaco.com.ar\/index.php\/2026\/03\/16\/hindu-acelero-en-los-momentos-justos-y-festejo-ante-don-bosco-en-la-liga-federal\/","og_locale":"es_ES","og_type":"article","og_title":"Hind\u00fa aceler\u00f3 en los momentos justos y festej\u00f3 ante Don Bosco en la Liga Federal | Al Dia Chaco","og_description":"El &#8220;B\u00f3lido Verde&#8221; super\u00f3 como local a Don Bosco por 93 a 83 en un partido muy intenso y parejo, por una nueva jornada de la zona NEA de La Liga Federal. En el elenco ganador, el goleador de su equipo y del partido fue Lautaro Moreau con 22 puntos, mientras que por el lado &hellip;","og_url":"https:\/\/aldiachaco.com.ar\/index.php\/2026\/03\/16\/hindu-acelero-en-los-momentos-justos-y-festejo-ante-don-bosco-en-la-liga-federal\/","og_site_name":"Al Dia Chaco","article_published_time":"2026-03-16T12:22:26+00:00","og_image":[{"width":1206,"height":2029,"url":"https:\/\/aldiachaco.com.ar\/wp-content\/uploads\/2026\/03\/hinduclubrcia_1773663182633-1.jpg","type":"image\/jpeg"}],"author":"RedaccionRM","twitter_card":"summary_large_image","twitter_misc":{"Escrito por":"RedaccionRM","Tiempo de lectura":"3 minutos"},"schema":{"@context":"https:\/\/schema.org","@graph":[{"@type":"Article","@id":"https:\/\/aldiachaco.com.ar\/index.php\/2026\/03\/16\/hindu-acelero-en-los-momentos-justos-y-festejo-ante-don-bosco-en-la-liga-federal\/#article","isPartOf":{"@id":"https:\/\/aldiachaco.com.ar\/index.php\/2026\/03\/16\/hindu-acelero-en-los-momentos-justos-y-festejo-ante-don-bosco-en-la-liga-federal\/"},"author":{"name":"RedaccionRM","@id":"https:\/\/aldiachaco.com.ar\/#\/schema\/person\/b24e975af8022082f5889a7a7299e962"},"headline":"Hind\u00fa aceler\u00f3 en los momentos justos y festej\u00f3 ante Don Bosco en la Liga Federal","datePublished":"2026-03-16T12:22:26+00:00","mainEntityOfPage":{"@id":"https:\/\/aldiachaco.com.ar\/index.php\/2026\/03\/16\/hindu-acelero-en-los-momentos-justos-y-festejo-ante-don-bosco-en-la-liga-federal\/"},"wordCount":609,"commentCount":0,"publisher":{"@id":"https:\/\/aldiachaco.com.ar\/#organization"},"image":{"@id":"https:\/\/aldiachaco.com.ar\/index.php\/2026\/03\/16\/hindu-acelero-en-los-momentos-justos-y-festejo-ante-don-bosco-en-la-liga-federal\/#primaryimage"},"thumbnailUrl":"https:\/\/aldiachaco.com.ar\/wp-content\/uploads\/2026\/03\/hinduclubrcia_1773663182633-1.jpg","articleSection":["Deportes"],"inLanguage":"es-AR","potentialAction":[{"@type":"CommentAction","name":"Comment","target":["https:\/\/aldiachaco.com.ar\/index.php\/2026\/03\/16\/hindu-acelero-en-los-momentos-justos-y-festejo-ante-don-bosco-en-la-liga-federal\/#respond"]}]},{"@type":"WebPage","@id":"https:\/\/aldiachaco.com.ar\/index.php\/2026\/03\/16\/hindu-acelero-en-los-momentos-justos-y-festejo-ante-don-bosco-en-la-liga-federal\/","url":"https:\/\/aldiachaco.com.ar\/index.php\/2026\/03\/16\/hindu-acelero-en-los-momentos-justos-y-festejo-ante-don-bosco-en-la-liga-federal\/","name":"Hind\u00fa aceler\u00f3 en los momentos justos y festej\u00f3 ante Don Bosco en la Liga Federal | Al Dia Chaco","isPartOf":{"@id":"https:\/\/aldiachaco.com.ar\/#website"},"primaryImageOfPage":{"@id":"https:\/\/aldiachaco.com.ar\/index.php\/2026\/03\/16\/hindu-acelero-en-los-momentos-justos-y-festejo-ante-don-bosco-en-la-liga-federal\/#primaryimage"},"image":{"@id":"https:\/\/aldiachaco.com.ar\/index.php\/2026\/03\/16\/hindu-acelero-en-los-momentos-justos-y-festejo-ante-don-bosco-en-la-liga-federal\/#primaryimage"},"thumbnailUrl":"https:\/\/aldiachaco.com.ar\/wp-content\/uploads\/2026\/03\/hinduclubrcia_1773663182633-1.jpg","datePublished":"2026-03-16T12:22:26+00:00","breadcrumb":{"@id":"https:\/\/aldiachaco.com.ar\/index.php\/2026\/03\/16\/hindu-acelero-en-los-momentos-justos-y-festejo-ante-don-bosco-en-la-liga-federal\/#breadcrumb"},"inLanguage":"es-AR","potentialAction":[{"@type":"ReadAction","target":["https:\/\/aldiachaco.com.ar\/index.php\/2026\/03\/16\/hindu-acelero-en-los-momentos-justos-y-festejo-ante-don-bosco-en-la-liga-federal\/"]}]},{"@type":"ImageObject","inLanguage":"es-AR","@id":"https:\/\/aldiachaco.com.ar\/index.php\/2026\/03\/16\/hindu-acelero-en-los-momentos-justos-y-festejo-ante-don-bosco-en-la-liga-federal\/#primaryimage","url":"https:\/\/aldiachaco.com.ar\/wp-content\/uploads\/2026\/03\/hinduclubrcia_1773663182633-1.jpg","contentUrl":"https:\/\/aldiachaco.com.ar\/wp-content\/uploads\/2026\/03\/hinduclubrcia_1773663182633-1.jpg","width":1206,"height":2029},{"@type":"BreadcrumbList","@id":"https:\/\/aldiachaco.com.ar\/index.php\/2026\/03\/16\/hindu-acelero-en-los-momentos-justos-y-festejo-ante-don-bosco-en-la-liga-federal\/#breadcrumb","itemListElement":[{"@type":"ListItem","position":1,"name":"Home","item":"https:\/\/aldiachaco.com.ar\/"},{"@type":"ListItem","position":2,"name":"Hind\u00fa aceler\u00f3 en los momentos justos y festej\u00f3 ante Don Bosco en la Liga Federal"}]},{"@type":"WebSite","@id":"https:\/\/aldiachaco.com.ar\/#website","url":"https:\/\/aldiachaco.com.ar\/","name":"Al Dia Chaco","description":"Noticias del Chaco y el mundo","publisher":{"@id":"https:\/\/aldiachaco.com.ar\/#organization"},"alternateName":"Al D\u00eda Chaco","potentialAction":[{"@type":"SearchAction","target":{"@type":"EntryPoint","urlTemplate":"https:\/\/aldiachaco.com.ar\/?s={search_term_string}"},"query-input":{"@type":"PropertyValueSpecification","valueRequired":true,"valueName":"search_term_string"}}],"inLanguage":"es-AR"},{"@type":"Organization","@id":"https:\/\/aldiachaco.com.ar\/#organization","name":"Al Dia Chaco","url":"https:\/\/aldiachaco.com.ar\/","logo":{"@type":"ImageObject","inLanguage":"es-AR","@id":"https:\/\/aldiachaco.com.ar\/#\/schema\/logo\/image\/","url":"https:\/\/aldiachaco.com.ar\/wp-content\/uploads\/2017\/11\/AL-DIA-CHACO-L@2x.png","contentUrl":"https:\/\/aldiachaco.com.ar\/wp-content\/uploads\/2017\/11\/AL-DIA-CHACO-L@2x.png","width":232,"height":60,"caption":"Al Dia Chaco"},"image":{"@id":"https:\/\/aldiachaco.com.ar\/#\/schema\/logo\/image\/"}},{"@type":"Person","@id":"https:\/\/aldiachaco.com.ar\/#\/schema\/person\/b24e975af8022082f5889a7a7299e962","name":"RedaccionRM","image":{"@type":"ImageObject","inLanguage":"es-AR","@id":"https:\/\/aldiachaco.com.ar\/wp-content\/litespeed\/avatar\/a30118fcb7a6295303f1c91164c6aba1.jpg?ver=1777339088","url":"https:\/\/aldiachaco.com.ar\/wp-content\/litespeed\/avatar\/a30118fcb7a6295303f1c91164c6aba1.jpg?ver=1777339088","contentUrl":"https:\/\/aldiachaco.com.ar\/wp-content\/litespeed\/avatar\/a30118fcb7a6295303f1c91164c6aba1.jpg?ver=1777339088","caption":"RedaccionRM"},"url":"https:\/\/aldiachaco.com.ar\/index.php\/author\/redaccionrm\/"}]}},"jetpack_publicize_connections":[],"jetpack_featured_media_url":"https:\/\/aldiachaco.com.ar\/wp-content\/uploads\/2026\/03\/hinduclubrcia_1773663182633-1.jpg","jetpack_sharing_enabled":true,"amp_enabled":true,"_links":{"self":[{"href":"https:\/\/aldiachaco.com.ar\/index.php\/wp-json\/wp\/v2\/posts\/117644","targetHints":{"allow":["GET"]}}],"collection":[{"href":"https:\/\/aldiachaco.com.ar\/index.php\/wp-json\/wp\/v2\/posts"}],"about":[{"href":"https:\/\/aldiachaco.com.ar\/index.php\/wp-json\/wp\/v2\/types\/post"}],"author":[{"embeddable":true,"href":"https:\/\/aldiachaco.com.ar\/index.php\/wp-json\/wp\/v2\/users\/9"}],"replies":[{"embeddable":true,"href":"https:\/\/aldiachaco.com.ar\/index.php\/wp-json\/wp\/v2\/comments?post=117644"}],"version-history":[{"count":1,"href":"https:\/\/aldiachaco.com.ar\/index.php\/wp-json\/wp\/v2\/posts\/117644\/revisions"}],"predecessor-version":[{"id":117647,"href":"https:\/\/aldiachaco.com.ar\/index.php\/wp-json\/wp\/v2\/posts\/117644\/revisions\/117647"}],"wp:featuredmedia":[{"embeddable":true,"href":"https:\/\/aldiachaco.com.ar\/index.php\/wp-json\/wp\/v2\/media\/117646"}],"wp:attachment":[{"href":"https:\/\/aldiachaco.com.ar\/index.php\/wp-json\/wp\/v2\/media?parent=117644"}],"wp:term":[{"taxonomy":"category","embeddable":true,"href":"https:\/\/aldiachaco.com.ar\/index.php\/wp-json\/wp\/v2\/categories?post=117644"},{"taxonomy":"post_tag","embeddable":true,"href":"https:\/\/aldiachaco.com.ar\/index.php\/wp-json\/wp\/v2\/tags?post=117644"}],"curies":[{"name":"wp","href":"https:\/\/api.w.org\/{rel}","templated":true}]}}