{"id":117639,"date":"2026-03-16T08:56:46","date_gmt":"2026-03-16T11:56:46","guid":{"rendered":"https:\/\/aldiachaco.com.ar\/?p=117639"},"modified":"2026-03-16T08:56:46","modified_gmt":"2026-03-16T11:56:46","slug":"el-dia-que-un-padre-desesperado-mato-de-un-balazo-frente-a-las-camaras-de-tv-al-hombre-que-habia-violado-a-su-hijo","status":"publish","type":"post","link":"https:\/\/aldiachaco.com.ar\/index.php\/2026\/03\/16\/el-dia-que-un-padre-desesperado-mato-de-un-balazo-frente-a-las-camaras-de-tv-al-hombre-que-habia-violado-a-su-hijo\/","title":{"rendered":"El d\u00eda que un padre desesperado mat\u00f3 de un balazo frente a las c\u00e1maras de TV al hombre que hab\u00eda violado a su hijo"},"content":{"rendered":"<div class=\"ds-message _63c77b1\">\n<div class=\"ds-markdown\">\n<p class=\"ds-markdown-paragraph\">Gary Plauch\u00e9 confiaba ciegamente en Jeffrey Doucet, el profesor de karate de su hijo de 10 a\u00f1os. El 16 de marzo de 1984, cuando la polic\u00eda tra\u00eda al violador en un vuelo para que se lo juzgara, Plauch\u00e9 lo esper\u00f3 en el hall de la estaci\u00f3n a\u00e9rea y lo mat\u00f3. Todo qued\u00f3 registrado por las c\u00e1maras del canal.<\/p>\n<p class=\"ds-markdown-paragraph\">&#8220;\u00bfPor qu\u00e9, Gary, por qu\u00e9 lo hiciste?&#8221;, le pregunt\u00f3 el polic\u00eda de Baton Rouge que lo redujo, cuando el hombre ten\u00eda todav\u00eda la pistola en la mano. &#8220;Si alguien se lo hiciera a tu hijo, vos tambi\u00e9n lo har\u00edas&#8221;, respondi\u00f3 Gary Plauch\u00e9 sin ofrecer resistencia. A sus pies yac\u00eda el cuerpo agonizante de Jeffrey Doucet con un balazo en la cabeza.<\/p>\n<p class=\"ds-markdown-paragraph\">El secuestrador Jeff Doucet no era un desconocido para los padres de Jody. Todo lo contrario, era una persona de su confianza, a la que quer\u00edan y respetaban. El chico ten\u00eda diez a\u00f1os cuando lo inscribieron, junto con sus tres hermanos, en las clases de karate que daba ese exmarine afable en su dojo de la ciudad. Los padres de Jody estaban separados y esa actividad le hac\u00eda bien a su hijo, que lleg\u00f3 incluso a ganar un trofeo en el torneo Fort Worth Pro-Am. Entrevistado por un diario local, Gary Plauch\u00e9 dijo entonces de Doucet: &#8220;\u00c9l es nuestro mejor amigo&#8221;.<\/p>\n<p class=\"ds-markdown-paragraph\">Corr\u00eda 1983 y las artes marciales eran furor en Estados Unidos, cuando Jody comenz\u00f3 a tomar clases en el dojo de Doucet con sus hermanos. El instructor tom\u00f3 al chico, que estaba en crisis por el divorcio de sus padres, bajo su protecci\u00f3n. Gary no sospech\u00f3 nada cuando Doucet se ofreci\u00f3 a pasar m\u00e1s tiempo con Jody en actividades por fuera del karate. Incluso le ense\u00f1\u00f3 a manejar su propio auto.<\/p>\n<p class=\"ds-markdown-paragraph\">A\u00f1os despu\u00e9s, ya adulto, Jody record\u00f3 esas clases de conducci\u00f3n, durante las cuales el conductor lo sentaba sobre sus piernas con la excusa de que as\u00ed alcanzar\u00eda m\u00e1s f\u00e1cilmente el volante. Le llam\u00f3 la atenci\u00f3n, eso s\u00ed, que el bueno de Jeff le pusiera una mano entre sus piernas y le rozara el miembro, pero no entend\u00eda muy bien qu\u00e9 estaba sucediendo. &#8220;Pens\u00e9: \u00bfQu\u00e9 est\u00e1 pasando? \u00bfPor qu\u00e9 me toca? Y cre\u00ed que era un accidente, algo casual. En ese momento no dije nada. Pero ahora s\u00e9 que Doucet estaba poniendo a prueba los l\u00edmites. Un ped\u00f3filo de manual&#8221;, cont\u00f3.<\/p>\n<p class=\"ds-markdown-paragraph\">Poco despu\u00e9s, los abusos se hicieron m\u00e1s manifiestos, pero Jody sigui\u00f3 guardando silencio, sometido a los argumentos de Doucet. &#8220;Esto tiene que ser un secreto entre nosotros. Si le cont\u00e1s a alguien voy a sufrir yo y vos tambi\u00e9n&#8221;, le dec\u00eda.<\/p>\n<p class=\"ds-markdown-paragraph\">Todo eso a Jeffrey Doucet no le bastaba. Quer\u00eda m\u00e1s y en su mente pens\u00f3 que lo conseguir\u00eda secuestrando al chico. En febrero de 1984 lo &#8220;convenci\u00f3&#8221; para que viajara con \u00e9l a California. Antes de viajar, cambi\u00f3 su aspecto y el de Jody: \u00e9l se afeit\u00f3 la barba, al ni\u00f1o le ti\u00f1\u00f3 el pelo de negro para hacerlo irreconocible si se publicaban fotograf\u00edas para localizarlo. Despu\u00e9s lo subi\u00f3 con \u00e9l a un \u00f3mnibus de larga distancia con destino a Los \u00c1ngeles.<\/p>\n<p class=\"ds-markdown-paragraph\">Lo registr\u00f3 con \u00e9l en un hotel rutero de Anaheim, donde lo retuvo durante diez d\u00edas durante los cuales lo viol\u00f3 una y otra vez. Mientras tanto, los padres de Jody lo buscaban desesperadamente. Nunca se sabr\u00e1 qu\u00e9 pas\u00f3 por la enfermiza cabeza de Jeffrey Doucet cuando, pasados diez d\u00edas, le permiti\u00f3 a Jody que llamara por tel\u00e9fono a su madre. Esa llamada signific\u00f3 la salvaci\u00f3n del chico y tambi\u00e9n su propia perdici\u00f3n, porque la polic\u00eda ten\u00eda intervenidos los tel\u00e9fonos de la familia y pudo rastrear la comunicaci\u00f3n. Minutos despu\u00e9s de que Jody dejara el tel\u00e9fono, la polic\u00eda de Anaheim lleg\u00f3 al hotel y lo encontr\u00f3 en la habitaci\u00f3n con Doucet.<\/p>\n<p class=\"ds-markdown-paragraph\">Pese a que la polic\u00eda de Anaheim sospech\u00f3 desde un primer momento de Doucet, Gary se negaba a creer que ese amable profesor fuera el secuestrador de su hijo. Por eso, cuando todo qued\u00f3 claro, el golpe fue terrible para \u00e9l. No solo estaba angustiado por los abusos a los que hab\u00eda sido sometido Jody, tambi\u00e9n se sinti\u00f3 traicionado. A partir de ese momento supo que la c\u00e1rcel no era suficiente para el abusador y decidi\u00f3 borrarlo de la faz de la tierra con sus propias manos.<\/p>\n<p class=\"ds-markdown-paragraph\">Gary Plauch\u00e9 no era un criminal sino un simple ciudadano y padre de familia golpeado por los abusos a los que hab\u00eda sometido su hijo y por la traici\u00f3n de un hombre en el que hab\u00eda confiado. La ma\u00f1ana del 16 de marzo de 1984, un reportero del canal local WBRZ-TV lo llam\u00f3 por tel\u00e9fono para avisarle que Doucet llegar\u00eda al aeropuerto de Baton Rouge esa misma tarde, trasladado por la polic\u00eda desde California para ser procesado. El reportero le avis\u00f3 por puro inter\u00e9s period\u00edstico, jam\u00e1s imagin\u00f3 que esa nota se convertir\u00eda en un asesinato televisado.<\/p>\n<p class=\"ds-markdown-paragraph\">A la hora se\u00f1alada, Gary ya estaba en el hall del aeropuerto armado con una pistola que escond\u00eda entre sus ropas. Se ubic\u00f3 cerca de un tel\u00e9fono p\u00fablico y poco despu\u00e9s de que el avi\u00f3n se detuviera en la pista llam\u00f3 a un amigo. &#8220;Voy a matar a Doucet&#8221;, le dijo y despu\u00e9s de una pausa agreg\u00f3: &#8220;Ac\u00e1 viene, vas a escuchar un disparo&#8221;.<\/p>\n<p class=\"ds-markdown-paragraph\">Segundos despu\u00e9s, mientras el camar\u00f3grafo grababa la llegada de Doucet custodiado por los polic\u00edas, Plauch\u00e9 dej\u00f3 el tel\u00e9fono colgando, se acerc\u00f3 al violador de su hijo y le dispar\u00f3 en la cabeza. No se resisti\u00f3 cuando lo inmovilizaron contra la pared.<\/p>\n<p class=\"ds-markdown-paragraph\">Durante el juicio contra Gary Plauch\u00e9 por el asesinato de Jeffrey Doucet, la presi\u00f3n p\u00fablica se hizo sentir. Fue acusado inicialmente de asesinato en segundo grado, pero acept\u00f3 un acuerdo que le permiti\u00f3 declararse culpable de homicidio involuntario. Fue sentenciado a siete a\u00f1os, con cinco a\u00f1os de libertad condicional y 300 horas de servicio comunitario.<\/p>\n<p class=\"ds-markdown-paragraph\">En un primer momento, Jody culp\u00f3 a su padre por la decisi\u00f3n de matar a su abusador. &#8220;Despu\u00e9s de que ocurriera el tiroteo, estaba muy molesto con lo que hizo mi padre. No lo quer\u00eda a Jeff muerto. Solo quer\u00eda que se pudriera en la c\u00e1rcel. Con el tiempo pude superarlo y finalmente acept\u00e9 a mi padre de nuevo en mi vida&#8221;, record\u00f3 muchos a\u00f1os despu\u00e9s.<\/p>\n<p class=\"ds-markdown-paragraph\">Cuando Gary muri\u00f3 en 2014, a los 69 a\u00f1os, como consecuencia de un derrame cerebral, Jody lo llor\u00f3 sin reparos. Los abusos a los que lo someti\u00f3 Doucet y el asesinato por venganza cometido por Gary marcaron para siempre la vida de Jody Plauch\u00e9, que se convirti\u00f3 en un notorio activista contra la violencia y comenz\u00f3 a recorrer el pa\u00eds dando charlas para padres sobre las formas en que pueden proteger a sus hijos de los abusadores sexuales. Termina esas conferencias siempre con la misma frase: &#8220;Pase lo que pase, nunca tomen la justicia por mano propia&#8221;.<\/p>\n<div style=\"width: 1920px;\" class=\"wp-video\"><video class=\"wp-video-shortcode\" id=\"video-117639-1\" width=\"1920\" height=\"1080\" preload=\"metadata\" controls=\"controls\"><source type=\"video\/mp4\" src=\"https:\/\/aldiachaco.com.ar\/wp-content\/uploads\/2026\/03\/El-dia-que-un-padre-desesperado-mato-de-un-balazo-frente-a-las-c.mp4?_=1\" \/><a href=\"https:\/\/aldiachaco.com.ar\/wp-content\/uploads\/2026\/03\/El-dia-que-un-padre-desesperado-mato-de-un-balazo-frente-a-las-c.mp4\">https:\/\/aldiachaco.com.ar\/wp-content\/uploads\/2026\/03\/El-dia-que-un-padre-desesperado-mato-de-un-balazo-frente-a-las-c.mp4<\/a><\/video><\/div>\n<\/div>\n<\/div>\n","protected":false},"excerpt":{"rendered":"<p>Gary Plauch\u00e9 confiaba ciegamente en Jeffrey Doucet, el profesor de karate de su hijo de 10 a\u00f1os. El 16 de marzo de 1984, cuando la polic\u00eda tra\u00eda al violador en un vuelo para que se lo juzgara, Plauch\u00e9 lo esper\u00f3 en el hall de la estaci\u00f3n a\u00e9rea y lo mat\u00f3. Todo qued\u00f3 registrado por las &hellip;<\/p>\n","protected":false},"author":9,"featured_media":117641,"comment_status":"open","ping_status":"open","sticky":false,"template":"","format":"standard","meta":{"content-type":"","_monsterinsights_skip_tracking":false,"_monsterinsights_sitenote_active":false,"_monsterinsights_sitenote_note":"","_monsterinsights_sitenote_category":0,"_jetpack_memberships_contains_paid_content":false,"footnotes":"","jetpack_publicize_message":"","jetpack_publicize_feature_enabled":true,"jetpack_social_post_already_shared":true,"jetpack_social_options":{"image_generator_settings":{"template":"highway","default_image_id":0,"font":"","enabled":false},"version":2}},"categories":[1],"tags":[],"class_list":["post-117639","post","type-post","status-publish","format-standard","has-post-thumbnail","hentry","category-aplicaciones"],"yoast_head":"<!-- This site is optimized with the Yoast SEO plugin v27.4 - https:\/\/yoast.com\/product\/yoast-seo-wordpress\/ -->\n<title>El d\u00eda que un padre desesperado mat\u00f3 de un balazo frente a las c\u00e1maras de TV al hombre que hab\u00eda violado a su hijo | Al Dia Chaco<\/title>\n<meta name=\"robots\" content=\"index, follow, max-snippet:-1, max-image-preview:large, max-video-preview:-1\" \/>\n<link rel=\"canonical\" href=\"https:\/\/aldiachaco.com.ar\/index.php\/2026\/03\/16\/el-dia-que-un-padre-desesperado-mato-de-un-balazo-frente-a-las-camaras-de-tv-al-hombre-que-habia-violado-a-su-hijo\/\" \/>\n<meta property=\"og:locale\" content=\"es_ES\" \/>\n<meta property=\"og:type\" content=\"article\" \/>\n<meta property=\"og:title\" content=\"El d\u00eda que un padre desesperado mat\u00f3 de un balazo frente a las c\u00e1maras de TV al hombre que hab\u00eda violado a su hijo | Al Dia Chaco\" \/>\n<meta property=\"og:description\" content=\"Gary Plauch\u00e9 confiaba ciegamente en Jeffrey Doucet, el profesor de karate de su hijo de 10 a\u00f1os. El 16 de marzo de 1984, cuando la polic\u00eda tra\u00eda al violador en un vuelo para que se lo juzgara, Plauch\u00e9 lo esper\u00f3 en el hall de la estaci\u00f3n a\u00e9rea y lo mat\u00f3. Todo qued\u00f3 registrado por las &hellip;\" \/>\n<meta property=\"og:url\" content=\"https:\/\/aldiachaco.com.ar\/index.php\/2026\/03\/16\/el-dia-que-un-padre-desesperado-mato-de-un-balazo-frente-a-las-camaras-de-tv-al-hombre-que-habia-violado-a-su-hijo\/\" \/>\n<meta property=\"og:site_name\" content=\"Al Dia Chaco\" \/>\n<meta property=\"article:published_time\" content=\"2026-03-16T11:56:46+00:00\" \/>\n<meta property=\"og:image\" content=\"https:\/\/aldiachaco.com.ar\/wp-content\/uploads\/2026\/03\/Captura-de-pantalla-2026-03-16-084955.png\" \/>\n\t<meta property=\"og:image:width\" content=\"995\" \/>\n\t<meta property=\"og:image:height\" content=\"562\" \/>\n\t<meta property=\"og:image:type\" content=\"image\/png\" \/>\n<meta name=\"author\" content=\"RedaccionRM\" \/>\n<meta name=\"twitter:card\" content=\"summary_large_image\" \/>\n<meta name=\"twitter:label1\" content=\"Escrito por\" \/>\n\t<meta name=\"twitter:data1\" content=\"RedaccionRM\" \/>\n\t<meta name=\"twitter:label2\" content=\"Tiempo de lectura\" \/>\n\t<meta name=\"twitter:data2\" content=\"6 minutos\" \/>\n<script type=\"application\/ld+json\" class=\"yoast-schema-graph\">{\"@context\":\"https:\\\/\\\/schema.org\",\"@graph\":[{\"@type\":\"Article\",\"@id\":\"https:\\\/\\\/aldiachaco.com.ar\\\/index.php\\\/2026\\\/03\\\/16\\\/el-dia-que-un-padre-desesperado-mato-de-un-balazo-frente-a-las-camaras-de-tv-al-hombre-que-habia-violado-a-su-hijo\\\/#article\",\"isPartOf\":{\"@id\":\"https:\\\/\\\/aldiachaco.com.ar\\\/index.php\\\/2026\\\/03\\\/16\\\/el-dia-que-un-padre-desesperado-mato-de-un-balazo-frente-a-las-camaras-de-tv-al-hombre-que-habia-violado-a-su-hijo\\\/\"},\"author\":{\"name\":\"RedaccionRM\",\"@id\":\"https:\\\/\\\/aldiachaco.com.ar\\\/#\\\/schema\\\/person\\\/b24e975af8022082f5889a7a7299e962\"},\"headline\":\"El d\u00eda que un padre desesperado mat\u00f3 de un balazo frente a las c\u00e1maras de TV al hombre que hab\u00eda violado a su hijo\",\"datePublished\":\"2026-03-16T11:56:46+00:00\",\"mainEntityOfPage\":{\"@id\":\"https:\\\/\\\/aldiachaco.com.ar\\\/index.php\\\/2026\\\/03\\\/16\\\/el-dia-que-un-padre-desesperado-mato-de-un-balazo-frente-a-las-camaras-de-tv-al-hombre-que-habia-violado-a-su-hijo\\\/\"},\"wordCount\":1254,\"commentCount\":0,\"publisher\":{\"@id\":\"https:\\\/\\\/aldiachaco.com.ar\\\/#organization\"},\"image\":{\"@id\":\"https:\\\/\\\/aldiachaco.com.ar\\\/index.php\\\/2026\\\/03\\\/16\\\/el-dia-que-un-padre-desesperado-mato-de-un-balazo-frente-a-las-camaras-de-tv-al-hombre-que-habia-violado-a-su-hijo\\\/#primaryimage\"},\"thumbnailUrl\":\"https:\\\/\\\/aldiachaco.com.ar\\\/wp-content\\\/uploads\\\/2026\\\/03\\\/Captura-de-pantalla-2026-03-16-084955.png\",\"articleSection\":[\"Aplicaciones\"],\"inLanguage\":\"es-AR\",\"potentialAction\":[{\"@type\":\"CommentAction\",\"name\":\"Comment\",\"target\":[\"https:\\\/\\\/aldiachaco.com.ar\\\/index.php\\\/2026\\\/03\\\/16\\\/el-dia-que-un-padre-desesperado-mato-de-un-balazo-frente-a-las-camaras-de-tv-al-hombre-que-habia-violado-a-su-hijo\\\/#respond\"]}]},{\"@type\":\"WebPage\",\"@id\":\"https:\\\/\\\/aldiachaco.com.ar\\\/index.php\\\/2026\\\/03\\\/16\\\/el-dia-que-un-padre-desesperado-mato-de-un-balazo-frente-a-las-camaras-de-tv-al-hombre-que-habia-violado-a-su-hijo\\\/\",\"url\":\"https:\\\/\\\/aldiachaco.com.ar\\\/index.php\\\/2026\\\/03\\\/16\\\/el-dia-que-un-padre-desesperado-mato-de-un-balazo-frente-a-las-camaras-de-tv-al-hombre-que-habia-violado-a-su-hijo\\\/\",\"name\":\"El d\u00eda que un padre desesperado mat\u00f3 de un balazo frente a las c\u00e1maras de TV al hombre que hab\u00eda violado a su hijo | Al Dia Chaco\",\"isPartOf\":{\"@id\":\"https:\\\/\\\/aldiachaco.com.ar\\\/#website\"},\"primaryImageOfPage\":{\"@id\":\"https:\\\/\\\/aldiachaco.com.ar\\\/index.php\\\/2026\\\/03\\\/16\\\/el-dia-que-un-padre-desesperado-mato-de-un-balazo-frente-a-las-camaras-de-tv-al-hombre-que-habia-violado-a-su-hijo\\\/#primaryimage\"},\"image\":{\"@id\":\"https:\\\/\\\/aldiachaco.com.ar\\\/index.php\\\/2026\\\/03\\\/16\\\/el-dia-que-un-padre-desesperado-mato-de-un-balazo-frente-a-las-camaras-de-tv-al-hombre-que-habia-violado-a-su-hijo\\\/#primaryimage\"},\"thumbnailUrl\":\"https:\\\/\\\/aldiachaco.com.ar\\\/wp-content\\\/uploads\\\/2026\\\/03\\\/Captura-de-pantalla-2026-03-16-084955.png\",\"datePublished\":\"2026-03-16T11:56:46+00:00\",\"breadcrumb\":{\"@id\":\"https:\\\/\\\/aldiachaco.com.ar\\\/index.php\\\/2026\\\/03\\\/16\\\/el-dia-que-un-padre-desesperado-mato-de-un-balazo-frente-a-las-camaras-de-tv-al-hombre-que-habia-violado-a-su-hijo\\\/#breadcrumb\"},\"inLanguage\":\"es-AR\",\"potentialAction\":[{\"@type\":\"ReadAction\",\"target\":[\"https:\\\/\\\/aldiachaco.com.ar\\\/index.php\\\/2026\\\/03\\\/16\\\/el-dia-que-un-padre-desesperado-mato-de-un-balazo-frente-a-las-camaras-de-tv-al-hombre-que-habia-violado-a-su-hijo\\\/\"]}]},{\"@type\":\"ImageObject\",\"inLanguage\":\"es-AR\",\"@id\":\"https:\\\/\\\/aldiachaco.com.ar\\\/index.php\\\/2026\\\/03\\\/16\\\/el-dia-que-un-padre-desesperado-mato-de-un-balazo-frente-a-las-camaras-de-tv-al-hombre-que-habia-violado-a-su-hijo\\\/#primaryimage\",\"url\":\"https:\\\/\\\/aldiachaco.com.ar\\\/wp-content\\\/uploads\\\/2026\\\/03\\\/Captura-de-pantalla-2026-03-16-084955.png\",\"contentUrl\":\"https:\\\/\\\/aldiachaco.com.ar\\\/wp-content\\\/uploads\\\/2026\\\/03\\\/Captura-de-pantalla-2026-03-16-084955.png\",\"width\":995,\"height\":562,\"caption\":\"Jody Plauch\u00e9 junto a su padre Gary en una foto familiar\"},{\"@type\":\"BreadcrumbList\",\"@id\":\"https:\\\/\\\/aldiachaco.com.ar\\\/index.php\\\/2026\\\/03\\\/16\\\/el-dia-que-un-padre-desesperado-mato-de-un-balazo-frente-a-las-camaras-de-tv-al-hombre-que-habia-violado-a-su-hijo\\\/#breadcrumb\",\"itemListElement\":[{\"@type\":\"ListItem\",\"position\":1,\"name\":\"Home\",\"item\":\"https:\\\/\\\/aldiachaco.com.ar\\\/\"},{\"@type\":\"ListItem\",\"position\":2,\"name\":\"El d\u00eda que un padre desesperado mat\u00f3 de un balazo frente a las c\u00e1maras de TV al hombre que hab\u00eda violado a su hijo\"}]},{\"@type\":\"WebSite\",\"@id\":\"https:\\\/\\\/aldiachaco.com.ar\\\/#website\",\"url\":\"https:\\\/\\\/aldiachaco.com.ar\\\/\",\"name\":\"Al Dia Chaco\",\"description\":\"Noticias del Chaco y el mundo\",\"publisher\":{\"@id\":\"https:\\\/\\\/aldiachaco.com.ar\\\/#organization\"},\"alternateName\":\"Al D\u00eda Chaco\",\"potentialAction\":[{\"@type\":\"SearchAction\",\"target\":{\"@type\":\"EntryPoint\",\"urlTemplate\":\"https:\\\/\\\/aldiachaco.com.ar\\\/?s={search_term_string}\"},\"query-input\":{\"@type\":\"PropertyValueSpecification\",\"valueRequired\":true,\"valueName\":\"search_term_string\"}}],\"inLanguage\":\"es-AR\"},{\"@type\":\"Organization\",\"@id\":\"https:\\\/\\\/aldiachaco.com.ar\\\/#organization\",\"name\":\"Al Dia Chaco\",\"url\":\"https:\\\/\\\/aldiachaco.com.ar\\\/\",\"logo\":{\"@type\":\"ImageObject\",\"inLanguage\":\"es-AR\",\"@id\":\"https:\\\/\\\/aldiachaco.com.ar\\\/#\\\/schema\\\/logo\\\/image\\\/\",\"url\":\"https:\\\/\\\/aldiachaco.com.ar\\\/wp-content\\\/uploads\\\/2017\\\/11\\\/AL-DIA-CHACO-L@2x.png\",\"contentUrl\":\"https:\\\/\\\/aldiachaco.com.ar\\\/wp-content\\\/uploads\\\/2017\\\/11\\\/AL-DIA-CHACO-L@2x.png\",\"width\":232,\"height\":60,\"caption\":\"Al Dia Chaco\"},\"image\":{\"@id\":\"https:\\\/\\\/aldiachaco.com.ar\\\/#\\\/schema\\\/logo\\\/image\\\/\"}},{\"@type\":\"Person\",\"@id\":\"https:\\\/\\\/aldiachaco.com.ar\\\/#\\\/schema\\\/person\\\/b24e975af8022082f5889a7a7299e962\",\"name\":\"RedaccionRM\",\"image\":{\"@type\":\"ImageObject\",\"inLanguage\":\"es-AR\",\"@id\":\"https:\\\/\\\/aldiachaco.com.ar\\\/wp-content\\\/litespeed\\\/avatar\\\/a30118fcb7a6295303f1c91164c6aba1.jpg?ver=1777339088\",\"url\":\"https:\\\/\\\/aldiachaco.com.ar\\\/wp-content\\\/litespeed\\\/avatar\\\/a30118fcb7a6295303f1c91164c6aba1.jpg?ver=1777339088\",\"contentUrl\":\"https:\\\/\\\/aldiachaco.com.ar\\\/wp-content\\\/litespeed\\\/avatar\\\/a30118fcb7a6295303f1c91164c6aba1.jpg?ver=1777339088\",\"caption\":\"RedaccionRM\"},\"url\":\"https:\\\/\\\/aldiachaco.com.ar\\\/index.php\\\/author\\\/redaccionrm\\\/\"}]}<\/script>\n<!-- \/ Yoast SEO plugin. -->","yoast_head_json":{"title":"El d\u00eda que un padre desesperado mat\u00f3 de un balazo frente a las c\u00e1maras de TV al hombre que hab\u00eda violado a su hijo | Al Dia Chaco","robots":{"index":"index","follow":"follow","max-snippet":"max-snippet:-1","max-image-preview":"max-image-preview:large","max-video-preview":"max-video-preview:-1"},"canonical":"https:\/\/aldiachaco.com.ar\/index.php\/2026\/03\/16\/el-dia-que-un-padre-desesperado-mato-de-un-balazo-frente-a-las-camaras-de-tv-al-hombre-que-habia-violado-a-su-hijo\/","og_locale":"es_ES","og_type":"article","og_title":"El d\u00eda que un padre desesperado mat\u00f3 de un balazo frente a las c\u00e1maras de TV al hombre que hab\u00eda violado a su hijo | Al Dia Chaco","og_description":"Gary Plauch\u00e9 confiaba ciegamente en Jeffrey Doucet, el profesor de karate de su hijo de 10 a\u00f1os. El 16 de marzo de 1984, cuando la polic\u00eda tra\u00eda al violador en un vuelo para que se lo juzgara, Plauch\u00e9 lo esper\u00f3 en el hall de la estaci\u00f3n a\u00e9rea y lo mat\u00f3. Todo qued\u00f3 registrado por las &hellip;","og_url":"https:\/\/aldiachaco.com.ar\/index.php\/2026\/03\/16\/el-dia-que-un-padre-desesperado-mato-de-un-balazo-frente-a-las-camaras-de-tv-al-hombre-que-habia-violado-a-su-hijo\/","og_site_name":"Al Dia Chaco","article_published_time":"2026-03-16T11:56:46+00:00","og_image":[{"width":995,"height":562,"url":"https:\/\/aldiachaco.com.ar\/wp-content\/uploads\/2026\/03\/Captura-de-pantalla-2026-03-16-084955.png","type":"image\/png"}],"author":"RedaccionRM","twitter_card":"summary_large_image","twitter_misc":{"Escrito por":"RedaccionRM","Tiempo de lectura":"6 minutos"},"schema":{"@context":"https:\/\/schema.org","@graph":[{"@type":"Article","@id":"https:\/\/aldiachaco.com.ar\/index.php\/2026\/03\/16\/el-dia-que-un-padre-desesperado-mato-de-un-balazo-frente-a-las-camaras-de-tv-al-hombre-que-habia-violado-a-su-hijo\/#article","isPartOf":{"@id":"https:\/\/aldiachaco.com.ar\/index.php\/2026\/03\/16\/el-dia-que-un-padre-desesperado-mato-de-un-balazo-frente-a-las-camaras-de-tv-al-hombre-que-habia-violado-a-su-hijo\/"},"author":{"name":"RedaccionRM","@id":"https:\/\/aldiachaco.com.ar\/#\/schema\/person\/b24e975af8022082f5889a7a7299e962"},"headline":"El d\u00eda que un padre desesperado mat\u00f3 de un balazo frente a las c\u00e1maras de TV al hombre que hab\u00eda violado a su hijo","datePublished":"2026-03-16T11:56:46+00:00","mainEntityOfPage":{"@id":"https:\/\/aldiachaco.com.ar\/index.php\/2026\/03\/16\/el-dia-que-un-padre-desesperado-mato-de-un-balazo-frente-a-las-camaras-de-tv-al-hombre-que-habia-violado-a-su-hijo\/"},"wordCount":1254,"commentCount":0,"publisher":{"@id":"https:\/\/aldiachaco.com.ar\/#organization"},"image":{"@id":"https:\/\/aldiachaco.com.ar\/index.php\/2026\/03\/16\/el-dia-que-un-padre-desesperado-mato-de-un-balazo-frente-a-las-camaras-de-tv-al-hombre-que-habia-violado-a-su-hijo\/#primaryimage"},"thumbnailUrl":"https:\/\/aldiachaco.com.ar\/wp-content\/uploads\/2026\/03\/Captura-de-pantalla-2026-03-16-084955.png","articleSection":["Aplicaciones"],"inLanguage":"es-AR","potentialAction":[{"@type":"CommentAction","name":"Comment","target":["https:\/\/aldiachaco.com.ar\/index.php\/2026\/03\/16\/el-dia-que-un-padre-desesperado-mato-de-un-balazo-frente-a-las-camaras-de-tv-al-hombre-que-habia-violado-a-su-hijo\/#respond"]}]},{"@type":"WebPage","@id":"https:\/\/aldiachaco.com.ar\/index.php\/2026\/03\/16\/el-dia-que-un-padre-desesperado-mato-de-un-balazo-frente-a-las-camaras-de-tv-al-hombre-que-habia-violado-a-su-hijo\/","url":"https:\/\/aldiachaco.com.ar\/index.php\/2026\/03\/16\/el-dia-que-un-padre-desesperado-mato-de-un-balazo-frente-a-las-camaras-de-tv-al-hombre-que-habia-violado-a-su-hijo\/","name":"El d\u00eda que un padre desesperado mat\u00f3 de un balazo frente a las c\u00e1maras de TV al hombre que hab\u00eda violado a su hijo | Al Dia Chaco","isPartOf":{"@id":"https:\/\/aldiachaco.com.ar\/#website"},"primaryImageOfPage":{"@id":"https:\/\/aldiachaco.com.ar\/index.php\/2026\/03\/16\/el-dia-que-un-padre-desesperado-mato-de-un-balazo-frente-a-las-camaras-de-tv-al-hombre-que-habia-violado-a-su-hijo\/#primaryimage"},"image":{"@id":"https:\/\/aldiachaco.com.ar\/index.php\/2026\/03\/16\/el-dia-que-un-padre-desesperado-mato-de-un-balazo-frente-a-las-camaras-de-tv-al-hombre-que-habia-violado-a-su-hijo\/#primaryimage"},"thumbnailUrl":"https:\/\/aldiachaco.com.ar\/wp-content\/uploads\/2026\/03\/Captura-de-pantalla-2026-03-16-084955.png","datePublished":"2026-03-16T11:56:46+00:00","breadcrumb":{"@id":"https:\/\/aldiachaco.com.ar\/index.php\/2026\/03\/16\/el-dia-que-un-padre-desesperado-mato-de-un-balazo-frente-a-las-camaras-de-tv-al-hombre-que-habia-violado-a-su-hijo\/#breadcrumb"},"inLanguage":"es-AR","potentialAction":[{"@type":"ReadAction","target":["https:\/\/aldiachaco.com.ar\/index.php\/2026\/03\/16\/el-dia-que-un-padre-desesperado-mato-de-un-balazo-frente-a-las-camaras-de-tv-al-hombre-que-habia-violado-a-su-hijo\/"]}]},{"@type":"ImageObject","inLanguage":"es-AR","@id":"https:\/\/aldiachaco.com.ar\/index.php\/2026\/03\/16\/el-dia-que-un-padre-desesperado-mato-de-un-balazo-frente-a-las-camaras-de-tv-al-hombre-que-habia-violado-a-su-hijo\/#primaryimage","url":"https:\/\/aldiachaco.com.ar\/wp-content\/uploads\/2026\/03\/Captura-de-pantalla-2026-03-16-084955.png","contentUrl":"https:\/\/aldiachaco.com.ar\/wp-content\/uploads\/2026\/03\/Captura-de-pantalla-2026-03-16-084955.png","width":995,"height":562,"caption":"Jody Plauch\u00e9 junto a su padre Gary en una foto familiar"},{"@type":"BreadcrumbList","@id":"https:\/\/aldiachaco.com.ar\/index.php\/2026\/03\/16\/el-dia-que-un-padre-desesperado-mato-de-un-balazo-frente-a-las-camaras-de-tv-al-hombre-que-habia-violado-a-su-hijo\/#breadcrumb","itemListElement":[{"@type":"ListItem","position":1,"name":"Home","item":"https:\/\/aldiachaco.com.ar\/"},{"@type":"ListItem","position":2,"name":"El d\u00eda que un padre desesperado mat\u00f3 de un balazo frente a las c\u00e1maras de TV al hombre que hab\u00eda violado a su hijo"}]},{"@type":"WebSite","@id":"https:\/\/aldiachaco.com.ar\/#website","url":"https:\/\/aldiachaco.com.ar\/","name":"Al Dia Chaco","description":"Noticias del Chaco y el mundo","publisher":{"@id":"https:\/\/aldiachaco.com.ar\/#organization"},"alternateName":"Al D\u00eda Chaco","potentialAction":[{"@type":"SearchAction","target":{"@type":"EntryPoint","urlTemplate":"https:\/\/aldiachaco.com.ar\/?s={search_term_string}"},"query-input":{"@type":"PropertyValueSpecification","valueRequired":true,"valueName":"search_term_string"}}],"inLanguage":"es-AR"},{"@type":"Organization","@id":"https:\/\/aldiachaco.com.ar\/#organization","name":"Al Dia Chaco","url":"https:\/\/aldiachaco.com.ar\/","logo":{"@type":"ImageObject","inLanguage":"es-AR","@id":"https:\/\/aldiachaco.com.ar\/#\/schema\/logo\/image\/","url":"https:\/\/aldiachaco.com.ar\/wp-content\/uploads\/2017\/11\/AL-DIA-CHACO-L@2x.png","contentUrl":"https:\/\/aldiachaco.com.ar\/wp-content\/uploads\/2017\/11\/AL-DIA-CHACO-L@2x.png","width":232,"height":60,"caption":"Al Dia Chaco"},"image":{"@id":"https:\/\/aldiachaco.com.ar\/#\/schema\/logo\/image\/"}},{"@type":"Person","@id":"https:\/\/aldiachaco.com.ar\/#\/schema\/person\/b24e975af8022082f5889a7a7299e962","name":"RedaccionRM","image":{"@type":"ImageObject","inLanguage":"es-AR","@id":"https:\/\/aldiachaco.com.ar\/wp-content\/litespeed\/avatar\/a30118fcb7a6295303f1c91164c6aba1.jpg?ver=1777339088","url":"https:\/\/aldiachaco.com.ar\/wp-content\/litespeed\/avatar\/a30118fcb7a6295303f1c91164c6aba1.jpg?ver=1777339088","contentUrl":"https:\/\/aldiachaco.com.ar\/wp-content\/litespeed\/avatar\/a30118fcb7a6295303f1c91164c6aba1.jpg?ver=1777339088","caption":"RedaccionRM"},"url":"https:\/\/aldiachaco.com.ar\/index.php\/author\/redaccionrm\/"}]}},"jetpack_publicize_connections":[],"jetpack_featured_media_url":"https:\/\/aldiachaco.com.ar\/wp-content\/uploads\/2026\/03\/Captura-de-pantalla-2026-03-16-084955.png","jetpack_sharing_enabled":true,"amp_enabled":true,"_links":{"self":[{"href":"https:\/\/aldiachaco.com.ar\/index.php\/wp-json\/wp\/v2\/posts\/117639","targetHints":{"allow":["GET"]}}],"collection":[{"href":"https:\/\/aldiachaco.com.ar\/index.php\/wp-json\/wp\/v2\/posts"}],"about":[{"href":"https:\/\/aldiachaco.com.ar\/index.php\/wp-json\/wp\/v2\/types\/post"}],"author":[{"embeddable":true,"href":"https:\/\/aldiachaco.com.ar\/index.php\/wp-json\/wp\/v2\/users\/9"}],"replies":[{"embeddable":true,"href":"https:\/\/aldiachaco.com.ar\/index.php\/wp-json\/wp\/v2\/comments?post=117639"}],"version-history":[{"count":2,"href":"https:\/\/aldiachaco.com.ar\/index.php\/wp-json\/wp\/v2\/posts\/117639\/revisions"}],"predecessor-version":[{"id":117643,"href":"https:\/\/aldiachaco.com.ar\/index.php\/wp-json\/wp\/v2\/posts\/117639\/revisions\/117643"}],"wp:featuredmedia":[{"embeddable":true,"href":"https:\/\/aldiachaco.com.ar\/index.php\/wp-json\/wp\/v2\/media\/117641"}],"wp:attachment":[{"href":"https:\/\/aldiachaco.com.ar\/index.php\/wp-json\/wp\/v2\/media?parent=117639"}],"wp:term":[{"taxonomy":"category","embeddable":true,"href":"https:\/\/aldiachaco.com.ar\/index.php\/wp-json\/wp\/v2\/categories?post=117639"},{"taxonomy":"post_tag","embeddable":true,"href":"https:\/\/aldiachaco.com.ar\/index.php\/wp-json\/wp\/v2\/tags?post=117639"}],"curies":[{"name":"wp","href":"https:\/\/api.w.org\/{rel}","templated":true}]}}