{"id":117633,"date":"2026-03-15T19:05:52","date_gmt":"2026-03-15T22:05:52","guid":{"rendered":"https:\/\/aldiachaco.com.ar\/?p=117633"},"modified":"2026-03-15T19:05:52","modified_gmt":"2026-03-15T22:05:52","slug":"en-medio-de-la-guerra-en-medio-oriente-se-cancelo-la-finalissima","status":"publish","type":"post","link":"https:\/\/aldiachaco.com.ar\/index.php\/2026\/03\/15\/en-medio-de-la-guerra-en-medio-oriente-se-cancelo-la-finalissima\/","title":{"rendered":"En medio de la guerra en Medio Oriente, se cancel\u00f3 la Finalissima"},"content":{"rendered":"<p class=\"ds-markdown-paragraph\">Hoy se anunci\u00f3 la cancelaci\u00f3n de la Finalissima que la Selecci\u00f3n argentina deb\u00eda jugar ante Espa\u00f1a. El partido estaba programado para el viernes 27 de marzo en el estadio de Lusail, en Qatar, pero no se jugar\u00e1 por la guerra en Medio Oriente y las frustradas negociaciones entre la UEFA y la Asociaci\u00f3n del F\u00fatbol Argentino (AFA) para reprogramar el encuentro.<\/p>\n<p class=\"ds-markdown-paragraph\">&#8220;La UEFA explor\u00f3 otras alternativas viables, pero todas ellas resultaron finalmente inaceptables para la Asociaci\u00f3n del F\u00fatbol Argentino&#8221;, se\u00f1al\u00f3 el organismo en un extenso comunicado, en el que responsabiliz\u00f3 a la dirigencia argentina por la cancelaci\u00f3n del partido que no se sabe cu\u00e1ndo podr\u00e1 jugarse.<\/p>\n<p class=\"ds-markdown-paragraph\">Seg\u00fan el comunicado oficial, los europeos plantearon disputar el choque en el Estadio Santiago Bernab\u00e9u de Madrid, con una distribuci\u00f3n del 50 por ciento de las entradas para cada selecci\u00f3n, una alternativa que finalmente fue rechazada por la federaci\u00f3n argentina.<\/p>\n<p class=\"ds-markdown-paragraph\">Otra posibilidad que puso sobre la mesa la UEFA fue organizar una serie a doble partido, con el primero en Madrid el 27 de marzo y una revancha en Buenos Aires en una futura ventana internacional previa a la Eurocopa 2028 y la Copa Am\u00e9rica 2028. Esta opci\u00f3n tambi\u00e9n fue descartada por la AFA.<\/p>\n<p class=\"ds-markdown-paragraph\">Tambi\u00e9n se evalu\u00f3 disputar el encuentro en una sede neutral en Europa en la misma fecha o en la alternativa del 30 de marzo, pero todas esas propuestas fueron rechazadas por la dirigencia del f\u00fatbol argentino.<\/p>\n<p class=\"ds-markdown-paragraph\">Seg\u00fan el comunicado, la AFA propuso jugar la Finalissima despu\u00e9s del pr\u00f3ximo Mundial o el 31 de marzo, pero esas fechas resultaron inviables para el calendario de la selecci\u00f3n espa\u00f1ola. &#8220;Argentina present\u00f3 una contrapropuesta para disputar el partido despu\u00e9s del Mundial, pero, dado que Espa\u00f1a no dispone de fechas disponibles, esa opci\u00f3n tuvo que descartarse. Finalmente, y contrariamente al plan acordado inicialmente de que el partido se disputara el 27 de marzo, Argentina declar\u00f3 su disponibilidad para jugar exclusivamente el 31 de marzo, una fecha que result\u00f3 inviable&#8221;, detall\u00f3 la UEFA.<\/p>\n<p class=\"ds-markdown-paragraph\">Ante la falta de acuerdo, el organismo europeo anunci\u00f3 que el partido queda cancelado, aunque agradeci\u00f3 p\u00fablicamente la colaboraci\u00f3n del Real Madrid, de las autoridades de Qatar y de la Real Federaci\u00f3n Espa\u00f1ola de F\u00fatbol por intentar encontrar una soluci\u00f3n para disputar el encuentro.<\/p>\n<p class=\"ds-markdown-paragraph\">La Finalissima se hab\u00eda introducido como parte de la estrecha colaboraci\u00f3n entre la UEFA y la CONMEBOL y re\u00fane a los campeones de Europa y Sudam\u00e9rica. Argentina, actual campeona del mundo, gan\u00f3 la edici\u00f3n inaugural en 2022 con una victoria por 3-0 sobre Italia en el estadio de Wembley, en Londres.<\/p>\n","protected":false},"excerpt":{"rendered":"<p>Hoy se anunci\u00f3 la cancelaci\u00f3n de la Finalissima que la Selecci\u00f3n argentina deb\u00eda jugar ante Espa\u00f1a. El partido estaba programado para el viernes 27 de marzo en el estadio de Lusail, en Qatar, pero no se jugar\u00e1 por la guerra en Medio Oriente y las frustradas negociaciones entre la UEFA y la Asociaci\u00f3n del F\u00fatbol &hellip;<\/p>\n","protected":false},"author":9,"featured_media":117634,"comment_status":"open","ping_status":"open","sticky":false,"template":"","format":"standard","meta":{"content-type":"","_monsterinsights_skip_tracking":false,"_monsterinsights_sitenote_active":false,"_monsterinsights_sitenote_note":"","_monsterinsights_sitenote_category":0,"_jetpack_memberships_contains_paid_content":false,"footnotes":"","jetpack_publicize_message":"","jetpack_publicize_feature_enabled":true,"jetpack_social_post_already_shared":true,"jetpack_social_options":{"image_generator_settings":{"template":"highway","default_image_id":0,"font":"","enabled":false},"version":2}},"categories":[72],"tags":[],"class_list":["post-117633","post","type-post","status-publish","format-standard","has-post-thumbnail","hentry","category-deportes"],"yoast_head":"<!-- This site is optimized with the Yoast SEO plugin v27.4 - https:\/\/yoast.com\/product\/yoast-seo-wordpress\/ -->\n<title>En medio de la guerra en Medio Oriente, se cancel\u00f3 la Finalissima | Al Dia Chaco<\/title>\n<meta name=\"robots\" content=\"index, follow, max-snippet:-1, max-image-preview:large, max-video-preview:-1\" \/>\n<link rel=\"canonical\" href=\"https:\/\/aldiachaco.com.ar\/index.php\/2026\/03\/15\/en-medio-de-la-guerra-en-medio-oriente-se-cancelo-la-finalissima\/\" \/>\n<meta property=\"og:locale\" content=\"es_ES\" \/>\n<meta property=\"og:type\" content=\"article\" \/>\n<meta property=\"og:title\" content=\"En medio de la guerra en Medio Oriente, se cancel\u00f3 la Finalissima | Al Dia Chaco\" \/>\n<meta property=\"og:description\" content=\"Hoy se anunci\u00f3 la cancelaci\u00f3n de la Finalissima que la Selecci\u00f3n argentina deb\u00eda jugar ante Espa\u00f1a. El partido estaba programado para el viernes 27 de marzo en el estadio de Lusail, en Qatar, pero no se jugar\u00e1 por la guerra en Medio Oriente y las frustradas negociaciones entre la UEFA y la Asociaci\u00f3n del F\u00fatbol &hellip;\" \/>\n<meta property=\"og:url\" content=\"https:\/\/aldiachaco.com.ar\/index.php\/2026\/03\/15\/en-medio-de-la-guerra-en-medio-oriente-se-cancelo-la-finalissima\/\" \/>\n<meta property=\"og:site_name\" content=\"Al Dia Chaco\" \/>\n<meta property=\"article:published_time\" content=\"2026-03-15T22:05:52+00:00\" \/>\n<meta property=\"og:image\" content=\"https:\/\/aldiachaco.com.ar\/wp-content\/uploads\/2026\/03\/Captura-de-pantalla-2026-03-15-185543.png\" \/>\n\t<meta property=\"og:image:width\" content=\"1068\" \/>\n\t<meta property=\"og:image:height\" content=\"596\" \/>\n\t<meta property=\"og:image:type\" content=\"image\/png\" \/>\n<meta name=\"author\" content=\"RedaccionRM\" \/>\n<meta name=\"twitter:card\" content=\"summary_large_image\" \/>\n<meta name=\"twitter:label1\" content=\"Escrito por\" \/>\n\t<meta name=\"twitter:data1\" content=\"RedaccionRM\" \/>\n\t<meta name=\"twitter:label2\" content=\"Tiempo de lectura\" \/>\n\t<meta name=\"twitter:data2\" content=\"3 minutos\" \/>\n<script type=\"application\/ld+json\" class=\"yoast-schema-graph\">{\"@context\":\"https:\\\/\\\/schema.org\",\"@graph\":[{\"@type\":\"Article\",\"@id\":\"https:\\\/\\\/aldiachaco.com.ar\\\/index.php\\\/2026\\\/03\\\/15\\\/en-medio-de-la-guerra-en-medio-oriente-se-cancelo-la-finalissima\\\/#article\",\"isPartOf\":{\"@id\":\"https:\\\/\\\/aldiachaco.com.ar\\\/index.php\\\/2026\\\/03\\\/15\\\/en-medio-de-la-guerra-en-medio-oriente-se-cancelo-la-finalissima\\\/\"},\"author\":{\"name\":\"RedaccionRM\",\"@id\":\"https:\\\/\\\/aldiachaco.com.ar\\\/#\\\/schema\\\/person\\\/b24e975af8022082f5889a7a7299e962\"},\"headline\":\"En medio de la guerra en Medio Oriente, se cancel\u00f3 la Finalissima\",\"datePublished\":\"2026-03-15T22:05:52+00:00\",\"mainEntityOfPage\":{\"@id\":\"https:\\\/\\\/aldiachaco.com.ar\\\/index.php\\\/2026\\\/03\\\/15\\\/en-medio-de-la-guerra-en-medio-oriente-se-cancelo-la-finalissima\\\/\"},\"wordCount\":464,\"commentCount\":0,\"publisher\":{\"@id\":\"https:\\\/\\\/aldiachaco.com.ar\\\/#organization\"},\"image\":{\"@id\":\"https:\\\/\\\/aldiachaco.com.ar\\\/index.php\\\/2026\\\/03\\\/15\\\/en-medio-de-la-guerra-en-medio-oriente-se-cancelo-la-finalissima\\\/#primaryimage\"},\"thumbnailUrl\":\"https:\\\/\\\/aldiachaco.com.ar\\\/wp-content\\\/uploads\\\/2026\\\/03\\\/Captura-de-pantalla-2026-03-15-185543.png\",\"articleSection\":[\"Deportes\"],\"inLanguage\":\"es-AR\",\"potentialAction\":[{\"@type\":\"CommentAction\",\"name\":\"Comment\",\"target\":[\"https:\\\/\\\/aldiachaco.com.ar\\\/index.php\\\/2026\\\/03\\\/15\\\/en-medio-de-la-guerra-en-medio-oriente-se-cancelo-la-finalissima\\\/#respond\"]}]},{\"@type\":\"WebPage\",\"@id\":\"https:\\\/\\\/aldiachaco.com.ar\\\/index.php\\\/2026\\\/03\\\/15\\\/en-medio-de-la-guerra-en-medio-oriente-se-cancelo-la-finalissima\\\/\",\"url\":\"https:\\\/\\\/aldiachaco.com.ar\\\/index.php\\\/2026\\\/03\\\/15\\\/en-medio-de-la-guerra-en-medio-oriente-se-cancelo-la-finalissima\\\/\",\"name\":\"En medio de la guerra en Medio Oriente, se cancel\u00f3 la Finalissima | Al Dia Chaco\",\"isPartOf\":{\"@id\":\"https:\\\/\\\/aldiachaco.com.ar\\\/#website\"},\"primaryImageOfPage\":{\"@id\":\"https:\\\/\\\/aldiachaco.com.ar\\\/index.php\\\/2026\\\/03\\\/15\\\/en-medio-de-la-guerra-en-medio-oriente-se-cancelo-la-finalissima\\\/#primaryimage\"},\"image\":{\"@id\":\"https:\\\/\\\/aldiachaco.com.ar\\\/index.php\\\/2026\\\/03\\\/15\\\/en-medio-de-la-guerra-en-medio-oriente-se-cancelo-la-finalissima\\\/#primaryimage\"},\"thumbnailUrl\":\"https:\\\/\\\/aldiachaco.com.ar\\\/wp-content\\\/uploads\\\/2026\\\/03\\\/Captura-de-pantalla-2026-03-15-185543.png\",\"datePublished\":\"2026-03-15T22:05:52+00:00\",\"breadcrumb\":{\"@id\":\"https:\\\/\\\/aldiachaco.com.ar\\\/index.php\\\/2026\\\/03\\\/15\\\/en-medio-de-la-guerra-en-medio-oriente-se-cancelo-la-finalissima\\\/#breadcrumb\"},\"inLanguage\":\"es-AR\",\"potentialAction\":[{\"@type\":\"ReadAction\",\"target\":[\"https:\\\/\\\/aldiachaco.com.ar\\\/index.php\\\/2026\\\/03\\\/15\\\/en-medio-de-la-guerra-en-medio-oriente-se-cancelo-la-finalissima\\\/\"]}]},{\"@type\":\"ImageObject\",\"inLanguage\":\"es-AR\",\"@id\":\"https:\\\/\\\/aldiachaco.com.ar\\\/index.php\\\/2026\\\/03\\\/15\\\/en-medio-de-la-guerra-en-medio-oriente-se-cancelo-la-finalissima\\\/#primaryimage\",\"url\":\"https:\\\/\\\/aldiachaco.com.ar\\\/wp-content\\\/uploads\\\/2026\\\/03\\\/Captura-de-pantalla-2026-03-15-185543.png\",\"contentUrl\":\"https:\\\/\\\/aldiachaco.com.ar\\\/wp-content\\\/uploads\\\/2026\\\/03\\\/Captura-de-pantalla-2026-03-15-185543.png\",\"width\":1068,\"height\":596},{\"@type\":\"BreadcrumbList\",\"@id\":\"https:\\\/\\\/aldiachaco.com.ar\\\/index.php\\\/2026\\\/03\\\/15\\\/en-medio-de-la-guerra-en-medio-oriente-se-cancelo-la-finalissima\\\/#breadcrumb\",\"itemListElement\":[{\"@type\":\"ListItem\",\"position\":1,\"name\":\"Home\",\"item\":\"https:\\\/\\\/aldiachaco.com.ar\\\/\"},{\"@type\":\"ListItem\",\"position\":2,\"name\":\"En medio de la guerra en Medio Oriente, se cancel\u00f3 la Finalissima\"}]},{\"@type\":\"WebSite\",\"@id\":\"https:\\\/\\\/aldiachaco.com.ar\\\/#website\",\"url\":\"https:\\\/\\\/aldiachaco.com.ar\\\/\",\"name\":\"Al Dia Chaco\",\"description\":\"Noticias del Chaco y el mundo\",\"publisher\":{\"@id\":\"https:\\\/\\\/aldiachaco.com.ar\\\/#organization\"},\"alternateName\":\"Al D\u00eda Chaco\",\"potentialAction\":[{\"@type\":\"SearchAction\",\"target\":{\"@type\":\"EntryPoint\",\"urlTemplate\":\"https:\\\/\\\/aldiachaco.com.ar\\\/?s={search_term_string}\"},\"query-input\":{\"@type\":\"PropertyValueSpecification\",\"valueRequired\":true,\"valueName\":\"search_term_string\"}}],\"inLanguage\":\"es-AR\"},{\"@type\":\"Organization\",\"@id\":\"https:\\\/\\\/aldiachaco.com.ar\\\/#organization\",\"name\":\"Al Dia Chaco\",\"url\":\"https:\\\/\\\/aldiachaco.com.ar\\\/\",\"logo\":{\"@type\":\"ImageObject\",\"inLanguage\":\"es-AR\",\"@id\":\"https:\\\/\\\/aldiachaco.com.ar\\\/#\\\/schema\\\/logo\\\/image\\\/\",\"url\":\"https:\\\/\\\/aldiachaco.com.ar\\\/wp-content\\\/uploads\\\/2017\\\/11\\\/AL-DIA-CHACO-L@2x.png\",\"contentUrl\":\"https:\\\/\\\/aldiachaco.com.ar\\\/wp-content\\\/uploads\\\/2017\\\/11\\\/AL-DIA-CHACO-L@2x.png\",\"width\":232,\"height\":60,\"caption\":\"Al Dia Chaco\"},\"image\":{\"@id\":\"https:\\\/\\\/aldiachaco.com.ar\\\/#\\\/schema\\\/logo\\\/image\\\/\"}},{\"@type\":\"Person\",\"@id\":\"https:\\\/\\\/aldiachaco.com.ar\\\/#\\\/schema\\\/person\\\/b24e975af8022082f5889a7a7299e962\",\"name\":\"RedaccionRM\",\"image\":{\"@type\":\"ImageObject\",\"inLanguage\":\"es-AR\",\"@id\":\"https:\\\/\\\/aldiachaco.com.ar\\\/wp-content\\\/litespeed\\\/avatar\\\/a30118fcb7a6295303f1c91164c6aba1.jpg?ver=1777339088\",\"url\":\"https:\\\/\\\/aldiachaco.com.ar\\\/wp-content\\\/litespeed\\\/avatar\\\/a30118fcb7a6295303f1c91164c6aba1.jpg?ver=1777339088\",\"contentUrl\":\"https:\\\/\\\/aldiachaco.com.ar\\\/wp-content\\\/litespeed\\\/avatar\\\/a30118fcb7a6295303f1c91164c6aba1.jpg?ver=1777339088\",\"caption\":\"RedaccionRM\"},\"url\":\"https:\\\/\\\/aldiachaco.com.ar\\\/index.php\\\/author\\\/redaccionrm\\\/\"}]}<\/script>\n<!-- \/ Yoast SEO plugin. -->","yoast_head_json":{"title":"En medio de la guerra en Medio Oriente, se cancel\u00f3 la Finalissima | Al Dia Chaco","robots":{"index":"index","follow":"follow","max-snippet":"max-snippet:-1","max-image-preview":"max-image-preview:large","max-video-preview":"max-video-preview:-1"},"canonical":"https:\/\/aldiachaco.com.ar\/index.php\/2026\/03\/15\/en-medio-de-la-guerra-en-medio-oriente-se-cancelo-la-finalissima\/","og_locale":"es_ES","og_type":"article","og_title":"En medio de la guerra en Medio Oriente, se cancel\u00f3 la Finalissima | Al Dia Chaco","og_description":"Hoy se anunci\u00f3 la cancelaci\u00f3n de la Finalissima que la Selecci\u00f3n argentina deb\u00eda jugar ante Espa\u00f1a. El partido estaba programado para el viernes 27 de marzo en el estadio de Lusail, en Qatar, pero no se jugar\u00e1 por la guerra en Medio Oriente y las frustradas negociaciones entre la UEFA y la Asociaci\u00f3n del F\u00fatbol &hellip;","og_url":"https:\/\/aldiachaco.com.ar\/index.php\/2026\/03\/15\/en-medio-de-la-guerra-en-medio-oriente-se-cancelo-la-finalissima\/","og_site_name":"Al Dia Chaco","article_published_time":"2026-03-15T22:05:52+00:00","og_image":[{"width":1068,"height":596,"url":"https:\/\/aldiachaco.com.ar\/wp-content\/uploads\/2026\/03\/Captura-de-pantalla-2026-03-15-185543.png","type":"image\/png"}],"author":"RedaccionRM","twitter_card":"summary_large_image","twitter_misc":{"Escrito por":"RedaccionRM","Tiempo de lectura":"3 minutos"},"schema":{"@context":"https:\/\/schema.org","@graph":[{"@type":"Article","@id":"https:\/\/aldiachaco.com.ar\/index.php\/2026\/03\/15\/en-medio-de-la-guerra-en-medio-oriente-se-cancelo-la-finalissima\/#article","isPartOf":{"@id":"https:\/\/aldiachaco.com.ar\/index.php\/2026\/03\/15\/en-medio-de-la-guerra-en-medio-oriente-se-cancelo-la-finalissima\/"},"author":{"name":"RedaccionRM","@id":"https:\/\/aldiachaco.com.ar\/#\/schema\/person\/b24e975af8022082f5889a7a7299e962"},"headline":"En medio de la guerra en Medio Oriente, se cancel\u00f3 la Finalissima","datePublished":"2026-03-15T22:05:52+00:00","mainEntityOfPage":{"@id":"https:\/\/aldiachaco.com.ar\/index.php\/2026\/03\/15\/en-medio-de-la-guerra-en-medio-oriente-se-cancelo-la-finalissima\/"},"wordCount":464,"commentCount":0,"publisher":{"@id":"https:\/\/aldiachaco.com.ar\/#organization"},"image":{"@id":"https:\/\/aldiachaco.com.ar\/index.php\/2026\/03\/15\/en-medio-de-la-guerra-en-medio-oriente-se-cancelo-la-finalissima\/#primaryimage"},"thumbnailUrl":"https:\/\/aldiachaco.com.ar\/wp-content\/uploads\/2026\/03\/Captura-de-pantalla-2026-03-15-185543.png","articleSection":["Deportes"],"inLanguage":"es-AR","potentialAction":[{"@type":"CommentAction","name":"Comment","target":["https:\/\/aldiachaco.com.ar\/index.php\/2026\/03\/15\/en-medio-de-la-guerra-en-medio-oriente-se-cancelo-la-finalissima\/#respond"]}]},{"@type":"WebPage","@id":"https:\/\/aldiachaco.com.ar\/index.php\/2026\/03\/15\/en-medio-de-la-guerra-en-medio-oriente-se-cancelo-la-finalissima\/","url":"https:\/\/aldiachaco.com.ar\/index.php\/2026\/03\/15\/en-medio-de-la-guerra-en-medio-oriente-se-cancelo-la-finalissima\/","name":"En medio de la guerra en Medio Oriente, se cancel\u00f3 la Finalissima | Al Dia Chaco","isPartOf":{"@id":"https:\/\/aldiachaco.com.ar\/#website"},"primaryImageOfPage":{"@id":"https:\/\/aldiachaco.com.ar\/index.php\/2026\/03\/15\/en-medio-de-la-guerra-en-medio-oriente-se-cancelo-la-finalissima\/#primaryimage"},"image":{"@id":"https:\/\/aldiachaco.com.ar\/index.php\/2026\/03\/15\/en-medio-de-la-guerra-en-medio-oriente-se-cancelo-la-finalissima\/#primaryimage"},"thumbnailUrl":"https:\/\/aldiachaco.com.ar\/wp-content\/uploads\/2026\/03\/Captura-de-pantalla-2026-03-15-185543.png","datePublished":"2026-03-15T22:05:52+00:00","breadcrumb":{"@id":"https:\/\/aldiachaco.com.ar\/index.php\/2026\/03\/15\/en-medio-de-la-guerra-en-medio-oriente-se-cancelo-la-finalissima\/#breadcrumb"},"inLanguage":"es-AR","potentialAction":[{"@type":"ReadAction","target":["https:\/\/aldiachaco.com.ar\/index.php\/2026\/03\/15\/en-medio-de-la-guerra-en-medio-oriente-se-cancelo-la-finalissima\/"]}]},{"@type":"ImageObject","inLanguage":"es-AR","@id":"https:\/\/aldiachaco.com.ar\/index.php\/2026\/03\/15\/en-medio-de-la-guerra-en-medio-oriente-se-cancelo-la-finalissima\/#primaryimage","url":"https:\/\/aldiachaco.com.ar\/wp-content\/uploads\/2026\/03\/Captura-de-pantalla-2026-03-15-185543.png","contentUrl":"https:\/\/aldiachaco.com.ar\/wp-content\/uploads\/2026\/03\/Captura-de-pantalla-2026-03-15-185543.png","width":1068,"height":596},{"@type":"BreadcrumbList","@id":"https:\/\/aldiachaco.com.ar\/index.php\/2026\/03\/15\/en-medio-de-la-guerra-en-medio-oriente-se-cancelo-la-finalissima\/#breadcrumb","itemListElement":[{"@type":"ListItem","position":1,"name":"Home","item":"https:\/\/aldiachaco.com.ar\/"},{"@type":"ListItem","position":2,"name":"En medio de la guerra en Medio Oriente, se cancel\u00f3 la Finalissima"}]},{"@type":"WebSite","@id":"https:\/\/aldiachaco.com.ar\/#website","url":"https:\/\/aldiachaco.com.ar\/","name":"Al Dia Chaco","description":"Noticias del Chaco y el mundo","publisher":{"@id":"https:\/\/aldiachaco.com.ar\/#organization"},"alternateName":"Al D\u00eda Chaco","potentialAction":[{"@type":"SearchAction","target":{"@type":"EntryPoint","urlTemplate":"https:\/\/aldiachaco.com.ar\/?s={search_term_string}"},"query-input":{"@type":"PropertyValueSpecification","valueRequired":true,"valueName":"search_term_string"}}],"inLanguage":"es-AR"},{"@type":"Organization","@id":"https:\/\/aldiachaco.com.ar\/#organization","name":"Al Dia Chaco","url":"https:\/\/aldiachaco.com.ar\/","logo":{"@type":"ImageObject","inLanguage":"es-AR","@id":"https:\/\/aldiachaco.com.ar\/#\/schema\/logo\/image\/","url":"https:\/\/aldiachaco.com.ar\/wp-content\/uploads\/2017\/11\/AL-DIA-CHACO-L@2x.png","contentUrl":"https:\/\/aldiachaco.com.ar\/wp-content\/uploads\/2017\/11\/AL-DIA-CHACO-L@2x.png","width":232,"height":60,"caption":"Al Dia Chaco"},"image":{"@id":"https:\/\/aldiachaco.com.ar\/#\/schema\/logo\/image\/"}},{"@type":"Person","@id":"https:\/\/aldiachaco.com.ar\/#\/schema\/person\/b24e975af8022082f5889a7a7299e962","name":"RedaccionRM","image":{"@type":"ImageObject","inLanguage":"es-AR","@id":"https:\/\/aldiachaco.com.ar\/wp-content\/litespeed\/avatar\/a30118fcb7a6295303f1c91164c6aba1.jpg?ver=1777339088","url":"https:\/\/aldiachaco.com.ar\/wp-content\/litespeed\/avatar\/a30118fcb7a6295303f1c91164c6aba1.jpg?ver=1777339088","contentUrl":"https:\/\/aldiachaco.com.ar\/wp-content\/litespeed\/avatar\/a30118fcb7a6295303f1c91164c6aba1.jpg?ver=1777339088","caption":"RedaccionRM"},"url":"https:\/\/aldiachaco.com.ar\/index.php\/author\/redaccionrm\/"}]}},"jetpack_publicize_connections":[],"jetpack_featured_media_url":"https:\/\/aldiachaco.com.ar\/wp-content\/uploads\/2026\/03\/Captura-de-pantalla-2026-03-15-185543.png","jetpack_sharing_enabled":true,"amp_enabled":true,"_links":{"self":[{"href":"https:\/\/aldiachaco.com.ar\/index.php\/wp-json\/wp\/v2\/posts\/117633","targetHints":{"allow":["GET"]}}],"collection":[{"href":"https:\/\/aldiachaco.com.ar\/index.php\/wp-json\/wp\/v2\/posts"}],"about":[{"href":"https:\/\/aldiachaco.com.ar\/index.php\/wp-json\/wp\/v2\/types\/post"}],"author":[{"embeddable":true,"href":"https:\/\/aldiachaco.com.ar\/index.php\/wp-json\/wp\/v2\/users\/9"}],"replies":[{"embeddable":true,"href":"https:\/\/aldiachaco.com.ar\/index.php\/wp-json\/wp\/v2\/comments?post=117633"}],"version-history":[{"count":1,"href":"https:\/\/aldiachaco.com.ar\/index.php\/wp-json\/wp\/v2\/posts\/117633\/revisions"}],"predecessor-version":[{"id":117635,"href":"https:\/\/aldiachaco.com.ar\/index.php\/wp-json\/wp\/v2\/posts\/117633\/revisions\/117635"}],"wp:featuredmedia":[{"embeddable":true,"href":"https:\/\/aldiachaco.com.ar\/index.php\/wp-json\/wp\/v2\/media\/117634"}],"wp:attachment":[{"href":"https:\/\/aldiachaco.com.ar\/index.php\/wp-json\/wp\/v2\/media?parent=117633"}],"wp:term":[{"taxonomy":"category","embeddable":true,"href":"https:\/\/aldiachaco.com.ar\/index.php\/wp-json\/wp\/v2\/categories?post=117633"},{"taxonomy":"post_tag","embeddable":true,"href":"https:\/\/aldiachaco.com.ar\/index.php\/wp-json\/wp\/v2\/tags?post=117633"}],"curies":[{"name":"wp","href":"https:\/\/api.w.org\/{rel}","templated":true}]}}