{"id":117630,"date":"2026-03-14T10:08:37","date_gmt":"2026-03-14T13:08:37","guid":{"rendered":"https:\/\/aldiachaco.com.ar\/?p=117630"},"modified":"2026-03-14T10:08:37","modified_gmt":"2026-03-14T13:08:37","slug":"la-justicia-ordeno-al-gobierno-de-zdero-restituir-la-clausula-gatillo-a-docentes","status":"publish","type":"post","link":"https:\/\/aldiachaco.com.ar\/index.php\/2026\/03\/14\/la-justicia-ordeno-al-gobierno-de-zdero-restituir-la-clausula-gatillo-a-docentes\/","title":{"rendered":"La Justicia orden\u00f3 al Gobierno de Zdero restituir la cl\u00e1usula gatillo a docentes"},"content":{"rendered":"<p class=\"ds-markdown-paragraph\">La C\u00e1mara Segunda de Apelaciones del Trabajo de Resistencia intim\u00f3 al gobierno provincial a restablecer el pago de la cl\u00e1usula gatillo para los trabajadores de la educaci\u00f3n y advirti\u00f3 que, en caso de persistir el incumplimiento, podr\u00edan aplicarse multas econ\u00f3micas personales al gobernador Leandro Zdero\u00a0.<\/p>\n<p class=\"ds-markdown-paragraph\">La resoluci\u00f3n fue firmada por la jueza Silvia Su\u00e1rez, quien otorg\u00f3 un plazo de sesenta d\u00edas h\u00e1biles para que la administraci\u00f3n provincial cumpla con la sentencia dictada el 20 de octubre de 2025, que orden\u00f3 restablecer el mecanismo de actualizaci\u00f3n salarial por inflaci\u00f3n para los docentes chaque\u00f1os . El fallo original hab\u00eda sido impulsado por la Federaci\u00f3n SITECh y establece que debe actualizarse el denominado &#8220;Valor \u00cdndice Uno&#8221;, par\u00e1metro utilizado para determinar los salarios del sector docente, aplicando los porcentajes acumulados del \u00cdndice de Precios al Consumidor (IPC) correspondientes a los trimestres abril-mayo-junio y julio-agosto-septiembre de 2025 .<\/p>\n<p class=\"ds-markdown-paragraph\"><strong>Un derecho consolidado desde 2019<\/strong><\/p>\n<p class=\"ds-markdown-paragraph\">La sentencia N\u00ba 112, a la que accedi\u00f3 AL DIA CHACO, remarca que la interrupci\u00f3n del mecanismo de actualizaci\u00f3n viol\u00f3 el principio de intangibilidad salarial y de confianza leg\u00edtima, ya que desde 2019 el Estado chaque\u00f1o ven\u00eda aplicando de manera ininterrumpida ajustes trimestrales por inflaci\u00f3n mediante decretos ejecutivos . El mecanismo se hab\u00eda iniciado mediante un acuerdo suscripto en 2019 con el entonces gobernador Oscar Domingo Peppo, y su mantenimiento fue una promesa de campa\u00f1a del actual gobernador Zdero, por lo que fue incorporado como un componente estructural del salario, aunque no figurara en los recibos de haberes porque se abonaba dentro del salario b\u00e1sico.<\/p>\n<p class=\"ds-markdown-paragraph\">La C\u00e1mara rechaz\u00f3 los argumentos de la Fiscal\u00eda de Estado, que hab\u00eda sostenido que no exist\u00eda una norma que obligara al Ejecutivo a sostener la cl\u00e1usula gatillo y que hacerlo implicar\u00eda &#8220;una intromisi\u00f3n en las competencias legislativas y una afectaci\u00f3n presupuestaria&#8221;\u00a0. Los jueces consideraron &#8220;insostenible la alegaci\u00f3n de que el Decreto 575\/25 fue un acto voluntario y discrecional&#8221;, al remarcar que la administraci\u00f3n &#8220;no puede excusarse en la falta de presupuesto o en su d\u00e9ficit para incumplir compromisos asumidos en la negociaci\u00f3n colectiva&#8221;\u00a0.<\/p>\n<p class=\"ds-markdown-paragraph\">El incumplimiento de la sentencia fue denunciado el 10 de marzo por el abogado Carlos Felipe Schwartz, lo que motiv\u00f3 la intervenci\u00f3n de la magistrada . Ante esa presentaci\u00f3n, la C\u00e1mara del Trabajo resolvi\u00f3 intimar al Ejecutivo provincial a adoptar las medidas necesarias para ejecutar lo ordenado en un plazo de sesenta d\u00edas h\u00e1biles .<\/p>\n<p class=\"ds-markdown-paragraph\">Uno de los puntos m\u00e1s relevantes de la resoluci\u00f3n es la advertencia de que, si el gobierno no cumple en el plazo fijado, se impondr\u00e1n astreintes (multas econ\u00f3micas por cada d\u00eda de demora) que podr\u00edan recaer de manera personal sobre el gobernador Leandro Zdero . La medida busca garantizar el cumplimiento del fallo mientras la causa contin\u00faa su tr\u00e1mite de revisi\u00f3n ante el Superior Tribunal de Justicia del Chaco, instancia a la que la provincia apel\u00f3 la sentencia .<\/p>\n<p class=\"ds-markdown-paragraph\">La secretaria general de Atech, Rosa Petrovich, reclam\u00f3 al gobierno provincial el cumplimiento inmediato del fallo judicial y advirti\u00f3 que la intimaci\u00f3n incluye la posibilidad de aplicar sanciones econ\u00f3micas sobre la propia persona del gobernador si el Ejecutivo provincial contin\u00faa sin acatar la resoluci\u00f3n . &#8220;La C\u00e1mara hab\u00eda dado un plazo determinado para que el Gobierno cumpla con el pago de la cl\u00e1usula gatillo que hab\u00eda dejado de pagar y que tambi\u00e9n cumpla con las venideras. Se venci\u00f3 el plazo que le hab\u00eda otorgado la Justicia y ahora lo que hace la C\u00e1mara es intimar por sesenta d\u00edas al Gobierno para que cumpla con el pago de toda la cl\u00e1usula gatillo que nos debe&#8221;, explic\u00f3 la dirigente gremial .<\/p>\n<p class=\"ds-markdown-paragraph\">Petrovich cuestion\u00f3 con dureza la postura del gobierno provincial y consider\u00f3 que el Ejecutivo deber\u00eda reorganizar sus prioridades presupuestarias para cumplir con la sentencia judicial\u00a0. La dirigente advirti\u00f3 que el deterioro del salario docente se profundiz\u00f3 durante el \u00faltimo a\u00f1o debido a la suspensi\u00f3n de la cl\u00e1usula gatillo y a los incrementos salariales otorgados por decreto. &#8220;La situaci\u00f3n salarial docente es de hundimiento en la pobreza y en la indigencia&#8221;, afirm\u00f3\u00a0.<\/p>\n<p class=\"ds-markdown-paragraph\">Seg\u00fan estimaciones de los gremios, los salarios docentes se encuentran actualmente alrededor de un 30% por debajo de la inflaci\u00f3n acumulada\u00a0. Adem\u00e1s, cuestion\u00f3 el esquema de aumentos salariales anunciado por el gobierno provincial para este a\u00f1o: &#8220;El incremento impuesto por decreto fue de un 3% en febrero y un 2% en abril. Ese 5% ni siquiera va a alcanzar a cubrir la inflaci\u00f3n del primer trimestre de este a\u00f1o&#8221;, sostuvo\u00a0.<\/p>\n<p class=\"ds-markdown-paragraph\">La dirigente record\u00f3 tambi\u00e9n que el propio gobernador Zdero hab\u00eda manifestado su respaldo al mecanismo de actualizaci\u00f3n salarial cuando se desempe\u00f1aba como dirigente opositor, e incluso hab\u00eda presentado un proyecto para que la cl\u00e1usula gatillo se establezca por ley\u00a0. No obstante, explic\u00f3 que desde el punto de vista jur\u00eddico, el derecho a la actualizaci\u00f3n salarial docente ya cuenta con respaldo normativo en el Estatuto del Docente: &#8220;La cl\u00e1usula gatillo tiene base en el art\u00edculo 47 del Estatuto del Docente, que obliga al Estado a actualizar los salarios para preservar su valor real&#8221;\u00a0.<\/p>\n<p class=\"ds-markdown-paragraph\">El Frente Gremial Docente celebr\u00f3 la decisi\u00f3n judicial y calific\u00f3 el pronunciamiento como &#8220;una sentencia hist\u00f3rica&#8221; que reafirm\u00f3 el car\u00e1cter de derecho adquirido de la cl\u00e1usula gatillo y su funci\u00f3n de resguardar el poder adquisitivo del salario frente a la inflaci\u00f3n\u00a0.<\/p>\n","protected":false},"excerpt":{"rendered":"<p>La C\u00e1mara Segunda de Apelaciones del Trabajo de Resistencia intim\u00f3 al gobierno provincial a restablecer el pago de la cl\u00e1usula gatillo para los trabajadores de la educaci\u00f3n y advirti\u00f3 que, en caso de persistir el incumplimiento, podr\u00edan aplicarse multas econ\u00f3micas personales al gobernador Leandro Zdero\u00a0. La resoluci\u00f3n fue firmada por la jueza Silvia Su\u00e1rez, quien &hellip;<\/p>\n","protected":false},"author":9,"featured_media":117631,"comment_status":"open","ping_status":"open","sticky":false,"template":"","format":"standard","meta":{"content-type":"","_monsterinsights_skip_tracking":false,"_monsterinsights_sitenote_active":false,"_monsterinsights_sitenote_note":"","_monsterinsights_sitenote_category":0,"_jetpack_memberships_contains_paid_content":false,"footnotes":"","jetpack_publicize_message":"","jetpack_publicize_feature_enabled":true,"jetpack_social_post_already_shared":true,"jetpack_social_options":{"image_generator_settings":{"template":"highway","default_image_id":0,"font":"","enabled":false},"version":2}},"categories":[155],"tags":[],"class_list":["post-117630","post","type-post","status-publish","format-standard","has-post-thumbnail","hentry","category-educacion"],"yoast_head":"<!-- This site is optimized with the Yoast SEO plugin v27.4 - https:\/\/yoast.com\/product\/yoast-seo-wordpress\/ -->\n<title>La Justicia orden\u00f3 al Gobierno de Zdero restituir la cl\u00e1usula gatillo a docentes | Al Dia Chaco<\/title>\n<meta name=\"robots\" content=\"index, follow, max-snippet:-1, max-image-preview:large, max-video-preview:-1\" \/>\n<link rel=\"canonical\" href=\"https:\/\/aldiachaco.com.ar\/index.php\/2026\/03\/14\/la-justicia-ordeno-al-gobierno-de-zdero-restituir-la-clausula-gatillo-a-docentes\/\" \/>\n<meta property=\"og:locale\" content=\"es_ES\" \/>\n<meta property=\"og:type\" content=\"article\" \/>\n<meta property=\"og:title\" content=\"La Justicia orden\u00f3 al Gobierno de Zdero restituir la cl\u00e1usula gatillo a docentes | Al Dia Chaco\" \/>\n<meta property=\"og:description\" content=\"La C\u00e1mara Segunda de Apelaciones del Trabajo de Resistencia intim\u00f3 al gobierno provincial a restablecer el pago de la cl\u00e1usula gatillo para los trabajadores de la educaci\u00f3n y advirti\u00f3 que, en caso de persistir el incumplimiento, podr\u00edan aplicarse multas econ\u00f3micas personales al gobernador Leandro Zdero\u00a0. La resoluci\u00f3n fue firmada por la jueza Silvia Su\u00e1rez, quien &hellip;\" \/>\n<meta property=\"og:url\" content=\"https:\/\/aldiachaco.com.ar\/index.php\/2026\/03\/14\/la-justicia-ordeno-al-gobierno-de-zdero-restituir-la-clausula-gatillo-a-docentes\/\" \/>\n<meta property=\"og:site_name\" content=\"Al Dia Chaco\" \/>\n<meta property=\"article:published_time\" content=\"2026-03-14T13:08:37+00:00\" \/>\n<meta property=\"og:image\" content=\"https:\/\/aldiachaco.com.ar\/wp-content\/uploads\/2026\/03\/ChatGPT-Image-14-mar-2026-09_53_42-1024x683.png\" \/>\n\t<meta property=\"og:image:width\" content=\"1024\" \/>\n\t<meta property=\"og:image:height\" content=\"683\" \/>\n\t<meta property=\"og:image:type\" content=\"image\/png\" \/>\n<meta name=\"author\" content=\"RedaccionRM\" \/>\n<meta name=\"twitter:card\" content=\"summary_large_image\" \/>\n<meta name=\"twitter:label1\" content=\"Escrito por\" \/>\n\t<meta name=\"twitter:data1\" content=\"RedaccionRM\" \/>\n\t<meta name=\"twitter:label2\" content=\"Tiempo de lectura\" \/>\n\t<meta name=\"twitter:data2\" content=\"5 minutos\" \/>\n<script type=\"application\/ld+json\" class=\"yoast-schema-graph\">{\"@context\":\"https:\\\/\\\/schema.org\",\"@graph\":[{\"@type\":\"Article\",\"@id\":\"https:\\\/\\\/aldiachaco.com.ar\\\/index.php\\\/2026\\\/03\\\/14\\\/la-justicia-ordeno-al-gobierno-de-zdero-restituir-la-clausula-gatillo-a-docentes\\\/#article\",\"isPartOf\":{\"@id\":\"https:\\\/\\\/aldiachaco.com.ar\\\/index.php\\\/2026\\\/03\\\/14\\\/la-justicia-ordeno-al-gobierno-de-zdero-restituir-la-clausula-gatillo-a-docentes\\\/\"},\"author\":{\"name\":\"RedaccionRM\",\"@id\":\"https:\\\/\\\/aldiachaco.com.ar\\\/#\\\/schema\\\/person\\\/b24e975af8022082f5889a7a7299e962\"},\"headline\":\"La Justicia orden\u00f3 al Gobierno de Zdero restituir la cl\u00e1usula gatillo a docentes\",\"datePublished\":\"2026-03-14T13:08:37+00:00\",\"mainEntityOfPage\":{\"@id\":\"https:\\\/\\\/aldiachaco.com.ar\\\/index.php\\\/2026\\\/03\\\/14\\\/la-justicia-ordeno-al-gobierno-de-zdero-restituir-la-clausula-gatillo-a-docentes\\\/\"},\"wordCount\":945,\"commentCount\":0,\"publisher\":{\"@id\":\"https:\\\/\\\/aldiachaco.com.ar\\\/#organization\"},\"image\":{\"@id\":\"https:\\\/\\\/aldiachaco.com.ar\\\/index.php\\\/2026\\\/03\\\/14\\\/la-justicia-ordeno-al-gobierno-de-zdero-restituir-la-clausula-gatillo-a-docentes\\\/#primaryimage\"},\"thumbnailUrl\":\"https:\\\/\\\/aldiachaco.com.ar\\\/wp-content\\\/uploads\\\/2026\\\/03\\\/ChatGPT-Image-14-mar-2026-09_53_42.png\",\"articleSection\":[\"Educaci\u00f3n\"],\"inLanguage\":\"es-AR\",\"potentialAction\":[{\"@type\":\"CommentAction\",\"name\":\"Comment\",\"target\":[\"https:\\\/\\\/aldiachaco.com.ar\\\/index.php\\\/2026\\\/03\\\/14\\\/la-justicia-ordeno-al-gobierno-de-zdero-restituir-la-clausula-gatillo-a-docentes\\\/#respond\"]}]},{\"@type\":\"WebPage\",\"@id\":\"https:\\\/\\\/aldiachaco.com.ar\\\/index.php\\\/2026\\\/03\\\/14\\\/la-justicia-ordeno-al-gobierno-de-zdero-restituir-la-clausula-gatillo-a-docentes\\\/\",\"url\":\"https:\\\/\\\/aldiachaco.com.ar\\\/index.php\\\/2026\\\/03\\\/14\\\/la-justicia-ordeno-al-gobierno-de-zdero-restituir-la-clausula-gatillo-a-docentes\\\/\",\"name\":\"La Justicia orden\u00f3 al Gobierno de Zdero restituir la cl\u00e1usula gatillo a docentes | Al Dia Chaco\",\"isPartOf\":{\"@id\":\"https:\\\/\\\/aldiachaco.com.ar\\\/#website\"},\"primaryImageOfPage\":{\"@id\":\"https:\\\/\\\/aldiachaco.com.ar\\\/index.php\\\/2026\\\/03\\\/14\\\/la-justicia-ordeno-al-gobierno-de-zdero-restituir-la-clausula-gatillo-a-docentes\\\/#primaryimage\"},\"image\":{\"@id\":\"https:\\\/\\\/aldiachaco.com.ar\\\/index.php\\\/2026\\\/03\\\/14\\\/la-justicia-ordeno-al-gobierno-de-zdero-restituir-la-clausula-gatillo-a-docentes\\\/#primaryimage\"},\"thumbnailUrl\":\"https:\\\/\\\/aldiachaco.com.ar\\\/wp-content\\\/uploads\\\/2026\\\/03\\\/ChatGPT-Image-14-mar-2026-09_53_42.png\",\"datePublished\":\"2026-03-14T13:08:37+00:00\",\"breadcrumb\":{\"@id\":\"https:\\\/\\\/aldiachaco.com.ar\\\/index.php\\\/2026\\\/03\\\/14\\\/la-justicia-ordeno-al-gobierno-de-zdero-restituir-la-clausula-gatillo-a-docentes\\\/#breadcrumb\"},\"inLanguage\":\"es-AR\",\"potentialAction\":[{\"@type\":\"ReadAction\",\"target\":[\"https:\\\/\\\/aldiachaco.com.ar\\\/index.php\\\/2026\\\/03\\\/14\\\/la-justicia-ordeno-al-gobierno-de-zdero-restituir-la-clausula-gatillo-a-docentes\\\/\"]}]},{\"@type\":\"ImageObject\",\"inLanguage\":\"es-AR\",\"@id\":\"https:\\\/\\\/aldiachaco.com.ar\\\/index.php\\\/2026\\\/03\\\/14\\\/la-justicia-ordeno-al-gobierno-de-zdero-restituir-la-clausula-gatillo-a-docentes\\\/#primaryimage\",\"url\":\"https:\\\/\\\/aldiachaco.com.ar\\\/wp-content\\\/uploads\\\/2026\\\/03\\\/ChatGPT-Image-14-mar-2026-09_53_42.png\",\"contentUrl\":\"https:\\\/\\\/aldiachaco.com.ar\\\/wp-content\\\/uploads\\\/2026\\\/03\\\/ChatGPT-Image-14-mar-2026-09_53_42.png\",\"width\":1536,\"height\":1024},{\"@type\":\"BreadcrumbList\",\"@id\":\"https:\\\/\\\/aldiachaco.com.ar\\\/index.php\\\/2026\\\/03\\\/14\\\/la-justicia-ordeno-al-gobierno-de-zdero-restituir-la-clausula-gatillo-a-docentes\\\/#breadcrumb\",\"itemListElement\":[{\"@type\":\"ListItem\",\"position\":1,\"name\":\"Home\",\"item\":\"https:\\\/\\\/aldiachaco.com.ar\\\/\"},{\"@type\":\"ListItem\",\"position\":2,\"name\":\"La Justicia orden\u00f3 al Gobierno de Zdero restituir la cl\u00e1usula gatillo a docentes\"}]},{\"@type\":\"WebSite\",\"@id\":\"https:\\\/\\\/aldiachaco.com.ar\\\/#website\",\"url\":\"https:\\\/\\\/aldiachaco.com.ar\\\/\",\"name\":\"Al Dia Chaco\",\"description\":\"Noticias del Chaco y el mundo\",\"publisher\":{\"@id\":\"https:\\\/\\\/aldiachaco.com.ar\\\/#organization\"},\"alternateName\":\"Al D\u00eda Chaco\",\"potentialAction\":[{\"@type\":\"SearchAction\",\"target\":{\"@type\":\"EntryPoint\",\"urlTemplate\":\"https:\\\/\\\/aldiachaco.com.ar\\\/?s={search_term_string}\"},\"query-input\":{\"@type\":\"PropertyValueSpecification\",\"valueRequired\":true,\"valueName\":\"search_term_string\"}}],\"inLanguage\":\"es-AR\"},{\"@type\":\"Organization\",\"@id\":\"https:\\\/\\\/aldiachaco.com.ar\\\/#organization\",\"name\":\"Al Dia Chaco\",\"url\":\"https:\\\/\\\/aldiachaco.com.ar\\\/\",\"logo\":{\"@type\":\"ImageObject\",\"inLanguage\":\"es-AR\",\"@id\":\"https:\\\/\\\/aldiachaco.com.ar\\\/#\\\/schema\\\/logo\\\/image\\\/\",\"url\":\"https:\\\/\\\/aldiachaco.com.ar\\\/wp-content\\\/uploads\\\/2017\\\/11\\\/AL-DIA-CHACO-L@2x.png\",\"contentUrl\":\"https:\\\/\\\/aldiachaco.com.ar\\\/wp-content\\\/uploads\\\/2017\\\/11\\\/AL-DIA-CHACO-L@2x.png\",\"width\":232,\"height\":60,\"caption\":\"Al Dia Chaco\"},\"image\":{\"@id\":\"https:\\\/\\\/aldiachaco.com.ar\\\/#\\\/schema\\\/logo\\\/image\\\/\"}},{\"@type\":\"Person\",\"@id\":\"https:\\\/\\\/aldiachaco.com.ar\\\/#\\\/schema\\\/person\\\/b24e975af8022082f5889a7a7299e962\",\"name\":\"RedaccionRM\",\"image\":{\"@type\":\"ImageObject\",\"inLanguage\":\"es-AR\",\"@id\":\"https:\\\/\\\/aldiachaco.com.ar\\\/wp-content\\\/litespeed\\\/avatar\\\/a30118fcb7a6295303f1c91164c6aba1.jpg?ver=1777339088\",\"url\":\"https:\\\/\\\/aldiachaco.com.ar\\\/wp-content\\\/litespeed\\\/avatar\\\/a30118fcb7a6295303f1c91164c6aba1.jpg?ver=1777339088\",\"contentUrl\":\"https:\\\/\\\/aldiachaco.com.ar\\\/wp-content\\\/litespeed\\\/avatar\\\/a30118fcb7a6295303f1c91164c6aba1.jpg?ver=1777339088\",\"caption\":\"RedaccionRM\"},\"url\":\"https:\\\/\\\/aldiachaco.com.ar\\\/index.php\\\/author\\\/redaccionrm\\\/\"}]}<\/script>\n<!-- \/ Yoast SEO plugin. -->","yoast_head_json":{"title":"La Justicia orden\u00f3 al Gobierno de Zdero restituir la cl\u00e1usula gatillo a docentes | Al Dia Chaco","robots":{"index":"index","follow":"follow","max-snippet":"max-snippet:-1","max-image-preview":"max-image-preview:large","max-video-preview":"max-video-preview:-1"},"canonical":"https:\/\/aldiachaco.com.ar\/index.php\/2026\/03\/14\/la-justicia-ordeno-al-gobierno-de-zdero-restituir-la-clausula-gatillo-a-docentes\/","og_locale":"es_ES","og_type":"article","og_title":"La Justicia orden\u00f3 al Gobierno de Zdero restituir la cl\u00e1usula gatillo a docentes | Al Dia Chaco","og_description":"La C\u00e1mara Segunda de Apelaciones del Trabajo de Resistencia intim\u00f3 al gobierno provincial a restablecer el pago de la cl\u00e1usula gatillo para los trabajadores de la educaci\u00f3n y advirti\u00f3 que, en caso de persistir el incumplimiento, podr\u00edan aplicarse multas econ\u00f3micas personales al gobernador Leandro Zdero\u00a0. La resoluci\u00f3n fue firmada por la jueza Silvia Su\u00e1rez, quien &hellip;","og_url":"https:\/\/aldiachaco.com.ar\/index.php\/2026\/03\/14\/la-justicia-ordeno-al-gobierno-de-zdero-restituir-la-clausula-gatillo-a-docentes\/","og_site_name":"Al Dia Chaco","article_published_time":"2026-03-14T13:08:37+00:00","og_image":[{"width":1024,"height":683,"url":"https:\/\/aldiachaco.com.ar\/wp-content\/uploads\/2026\/03\/ChatGPT-Image-14-mar-2026-09_53_42-1024x683.png","type":"image\/png"}],"author":"RedaccionRM","twitter_card":"summary_large_image","twitter_misc":{"Escrito por":"RedaccionRM","Tiempo de lectura":"5 minutos"},"schema":{"@context":"https:\/\/schema.org","@graph":[{"@type":"Article","@id":"https:\/\/aldiachaco.com.ar\/index.php\/2026\/03\/14\/la-justicia-ordeno-al-gobierno-de-zdero-restituir-la-clausula-gatillo-a-docentes\/#article","isPartOf":{"@id":"https:\/\/aldiachaco.com.ar\/index.php\/2026\/03\/14\/la-justicia-ordeno-al-gobierno-de-zdero-restituir-la-clausula-gatillo-a-docentes\/"},"author":{"name":"RedaccionRM","@id":"https:\/\/aldiachaco.com.ar\/#\/schema\/person\/b24e975af8022082f5889a7a7299e962"},"headline":"La Justicia orden\u00f3 al Gobierno de Zdero restituir la cl\u00e1usula gatillo a docentes","datePublished":"2026-03-14T13:08:37+00:00","mainEntityOfPage":{"@id":"https:\/\/aldiachaco.com.ar\/index.php\/2026\/03\/14\/la-justicia-ordeno-al-gobierno-de-zdero-restituir-la-clausula-gatillo-a-docentes\/"},"wordCount":945,"commentCount":0,"publisher":{"@id":"https:\/\/aldiachaco.com.ar\/#organization"},"image":{"@id":"https:\/\/aldiachaco.com.ar\/index.php\/2026\/03\/14\/la-justicia-ordeno-al-gobierno-de-zdero-restituir-la-clausula-gatillo-a-docentes\/#primaryimage"},"thumbnailUrl":"https:\/\/aldiachaco.com.ar\/wp-content\/uploads\/2026\/03\/ChatGPT-Image-14-mar-2026-09_53_42.png","articleSection":["Educaci\u00f3n"],"inLanguage":"es-AR","potentialAction":[{"@type":"CommentAction","name":"Comment","target":["https:\/\/aldiachaco.com.ar\/index.php\/2026\/03\/14\/la-justicia-ordeno-al-gobierno-de-zdero-restituir-la-clausula-gatillo-a-docentes\/#respond"]}]},{"@type":"WebPage","@id":"https:\/\/aldiachaco.com.ar\/index.php\/2026\/03\/14\/la-justicia-ordeno-al-gobierno-de-zdero-restituir-la-clausula-gatillo-a-docentes\/","url":"https:\/\/aldiachaco.com.ar\/index.php\/2026\/03\/14\/la-justicia-ordeno-al-gobierno-de-zdero-restituir-la-clausula-gatillo-a-docentes\/","name":"La Justicia orden\u00f3 al Gobierno de Zdero restituir la cl\u00e1usula gatillo a docentes | Al Dia Chaco","isPartOf":{"@id":"https:\/\/aldiachaco.com.ar\/#website"},"primaryImageOfPage":{"@id":"https:\/\/aldiachaco.com.ar\/index.php\/2026\/03\/14\/la-justicia-ordeno-al-gobierno-de-zdero-restituir-la-clausula-gatillo-a-docentes\/#primaryimage"},"image":{"@id":"https:\/\/aldiachaco.com.ar\/index.php\/2026\/03\/14\/la-justicia-ordeno-al-gobierno-de-zdero-restituir-la-clausula-gatillo-a-docentes\/#primaryimage"},"thumbnailUrl":"https:\/\/aldiachaco.com.ar\/wp-content\/uploads\/2026\/03\/ChatGPT-Image-14-mar-2026-09_53_42.png","datePublished":"2026-03-14T13:08:37+00:00","breadcrumb":{"@id":"https:\/\/aldiachaco.com.ar\/index.php\/2026\/03\/14\/la-justicia-ordeno-al-gobierno-de-zdero-restituir-la-clausula-gatillo-a-docentes\/#breadcrumb"},"inLanguage":"es-AR","potentialAction":[{"@type":"ReadAction","target":["https:\/\/aldiachaco.com.ar\/index.php\/2026\/03\/14\/la-justicia-ordeno-al-gobierno-de-zdero-restituir-la-clausula-gatillo-a-docentes\/"]}]},{"@type":"ImageObject","inLanguage":"es-AR","@id":"https:\/\/aldiachaco.com.ar\/index.php\/2026\/03\/14\/la-justicia-ordeno-al-gobierno-de-zdero-restituir-la-clausula-gatillo-a-docentes\/#primaryimage","url":"https:\/\/aldiachaco.com.ar\/wp-content\/uploads\/2026\/03\/ChatGPT-Image-14-mar-2026-09_53_42.png","contentUrl":"https:\/\/aldiachaco.com.ar\/wp-content\/uploads\/2026\/03\/ChatGPT-Image-14-mar-2026-09_53_42.png","width":1536,"height":1024},{"@type":"BreadcrumbList","@id":"https:\/\/aldiachaco.com.ar\/index.php\/2026\/03\/14\/la-justicia-ordeno-al-gobierno-de-zdero-restituir-la-clausula-gatillo-a-docentes\/#breadcrumb","itemListElement":[{"@type":"ListItem","position":1,"name":"Home","item":"https:\/\/aldiachaco.com.ar\/"},{"@type":"ListItem","position":2,"name":"La Justicia orden\u00f3 al Gobierno de Zdero restituir la cl\u00e1usula gatillo a docentes"}]},{"@type":"WebSite","@id":"https:\/\/aldiachaco.com.ar\/#website","url":"https:\/\/aldiachaco.com.ar\/","name":"Al Dia Chaco","description":"Noticias del Chaco y el mundo","publisher":{"@id":"https:\/\/aldiachaco.com.ar\/#organization"},"alternateName":"Al D\u00eda Chaco","potentialAction":[{"@type":"SearchAction","target":{"@type":"EntryPoint","urlTemplate":"https:\/\/aldiachaco.com.ar\/?s={search_term_string}"},"query-input":{"@type":"PropertyValueSpecification","valueRequired":true,"valueName":"search_term_string"}}],"inLanguage":"es-AR"},{"@type":"Organization","@id":"https:\/\/aldiachaco.com.ar\/#organization","name":"Al Dia Chaco","url":"https:\/\/aldiachaco.com.ar\/","logo":{"@type":"ImageObject","inLanguage":"es-AR","@id":"https:\/\/aldiachaco.com.ar\/#\/schema\/logo\/image\/","url":"https:\/\/aldiachaco.com.ar\/wp-content\/uploads\/2017\/11\/AL-DIA-CHACO-L@2x.png","contentUrl":"https:\/\/aldiachaco.com.ar\/wp-content\/uploads\/2017\/11\/AL-DIA-CHACO-L@2x.png","width":232,"height":60,"caption":"Al Dia Chaco"},"image":{"@id":"https:\/\/aldiachaco.com.ar\/#\/schema\/logo\/image\/"}},{"@type":"Person","@id":"https:\/\/aldiachaco.com.ar\/#\/schema\/person\/b24e975af8022082f5889a7a7299e962","name":"RedaccionRM","image":{"@type":"ImageObject","inLanguage":"es-AR","@id":"https:\/\/aldiachaco.com.ar\/wp-content\/litespeed\/avatar\/a30118fcb7a6295303f1c91164c6aba1.jpg?ver=1777339088","url":"https:\/\/aldiachaco.com.ar\/wp-content\/litespeed\/avatar\/a30118fcb7a6295303f1c91164c6aba1.jpg?ver=1777339088","contentUrl":"https:\/\/aldiachaco.com.ar\/wp-content\/litespeed\/avatar\/a30118fcb7a6295303f1c91164c6aba1.jpg?ver=1777339088","caption":"RedaccionRM"},"url":"https:\/\/aldiachaco.com.ar\/index.php\/author\/redaccionrm\/"}]}},"jetpack_publicize_connections":[],"jetpack_featured_media_url":"https:\/\/aldiachaco.com.ar\/wp-content\/uploads\/2026\/03\/ChatGPT-Image-14-mar-2026-09_53_42.png","jetpack_sharing_enabled":true,"amp_enabled":true,"_links":{"self":[{"href":"https:\/\/aldiachaco.com.ar\/index.php\/wp-json\/wp\/v2\/posts\/117630","targetHints":{"allow":["GET"]}}],"collection":[{"href":"https:\/\/aldiachaco.com.ar\/index.php\/wp-json\/wp\/v2\/posts"}],"about":[{"href":"https:\/\/aldiachaco.com.ar\/index.php\/wp-json\/wp\/v2\/types\/post"}],"author":[{"embeddable":true,"href":"https:\/\/aldiachaco.com.ar\/index.php\/wp-json\/wp\/v2\/users\/9"}],"replies":[{"embeddable":true,"href":"https:\/\/aldiachaco.com.ar\/index.php\/wp-json\/wp\/v2\/comments?post=117630"}],"version-history":[{"count":1,"href":"https:\/\/aldiachaco.com.ar\/index.php\/wp-json\/wp\/v2\/posts\/117630\/revisions"}],"predecessor-version":[{"id":117632,"href":"https:\/\/aldiachaco.com.ar\/index.php\/wp-json\/wp\/v2\/posts\/117630\/revisions\/117632"}],"wp:featuredmedia":[{"embeddable":true,"href":"https:\/\/aldiachaco.com.ar\/index.php\/wp-json\/wp\/v2\/media\/117631"}],"wp:attachment":[{"href":"https:\/\/aldiachaco.com.ar\/index.php\/wp-json\/wp\/v2\/media?parent=117630"}],"wp:term":[{"taxonomy":"category","embeddable":true,"href":"https:\/\/aldiachaco.com.ar\/index.php\/wp-json\/wp\/v2\/categories?post=117630"},{"taxonomy":"post_tag","embeddable":true,"href":"https:\/\/aldiachaco.com.ar\/index.php\/wp-json\/wp\/v2\/tags?post=117630"}],"curies":[{"name":"wp","href":"https:\/\/api.w.org\/{rel}","templated":true}]}}