{"id":117627,"date":"2026-03-13T11:23:08","date_gmt":"2026-03-13T14:23:08","guid":{"rendered":"https:\/\/aldiachaco.com.ar\/?p=117627"},"modified":"2026-03-13T11:23:08","modified_gmt":"2026-03-13T14:23:08","slug":"ayuda-escolar-anses-2026","status":"publish","type":"post","link":"https:\/\/aldiachaco.com.ar\/index.php\/2026\/03\/13\/ayuda-escolar-anses-2026\/","title":{"rendered":"Ayuda Escolar ANSES 2026"},"content":{"rendered":"<p class=\"ds-markdown-paragraph\">\u00bfQui\u00e9nes pueden cobrar los $85.000 y qu\u00e9 hay que presentar?<\/p>\n<p class=\"ds-markdown-paragraph\">La Administraci\u00f3n Nacional de la Seguridad Social (ANSES) paga cada a\u00f1o la Ayuda Escolar Anual, un refuerzo econ\u00f3mico destinado a acompa\u00f1ar a las familias en el comienzo de las clases. El beneficio est\u00e1 dirigido a quienes perciben la Asignaci\u00f3n Universal por Hijo (AUH) o Asignaciones Familiares por hijos en edad escolar.<\/p>\n<p class=\"ds-markdown-paragraph\">El monto establecido para 2026 es de $85.000 por hijo, una suma que busca colaborar con los gastos t\u00edpicos del inicio del ciclo lectivo, como \u00fatiles escolares, mochilas, guardapolvos o indumentaria.<\/p>\n<p class=\"ds-markdown-paragraph\">El pago corresponde a ni\u00f1os y adolescentes desde los 45 d\u00edas hasta los 17 a\u00f1os inclusive, siempre que asistan a establecimientos educativos reconocidos por el sistema oficial. En el caso de hijos con discapacidad, el beneficio se otorga sin l\u00edmite de edad, siempre que se acredite la escolaridad o asistencia a programas de rehabilitaci\u00f3n.<\/p>\n<p class=\"ds-markdown-paragraph\"><strong>Los requisitos para cobrar la Ayuda Escolar<\/strong><\/p>\n<p class=\"ds-markdown-paragraph\">El beneficio alcanza a familias que perciben prestaciones de ANSES a trav\u00e9s de:<\/p>\n<ul>\n<li>\n<p class=\"ds-markdown-paragraph\">Asignaci\u00f3n Universal por Hijo (AUH)<\/p>\n<\/li>\n<li>\n<p class=\"ds-markdown-paragraph\">Asignaciones Familiares de trabajadores registrados<\/p>\n<\/li>\n<li>\n<p class=\"ds-markdown-paragraph\">Asignaciones por hijos con discapacidad<\/p>\n<\/li>\n<\/ul>\n<p class=\"ds-markdown-paragraph\">Adem\u00e1s, se deben respetar los l\u00edmites de ingresos establecidos por el sistema de asignaciones. Actualmente, el ingreso total del grupo familiar no puede superar los $5.292.758, mientras que cada progenitor no debe percibir m\u00e1s de $2.646.379 de manera individual.<\/p>\n<p class=\"ds-markdown-paragraph\">Otro requisito clave es acreditar la escolaridad del menor, tr\u00e1mite que se realiza mediante el certificado que emite el establecimiento educativo.<\/p>\n<p class=\"ds-markdown-paragraph\"><strong>\u00bfC\u00f3mo tramitar la Ayuda Escolar 2026?<\/strong><\/p>\n<p class=\"ds-markdown-paragraph\">Para recibir el pago, los beneficiarios deben completar el tr\u00e1mite a trav\u00e9s de Mi ANSES:<\/p>\n<ol start=\"1\">\n<li>\n<p class=\"ds-markdown-paragraph\">Ingresar a la plataforma con CUIL y clave personal.<\/p>\n<\/li>\n<li>\n<p class=\"ds-markdown-paragraph\">Dirigirse al apartado &#8220;Hijos&#8221; y generar el certificado escolar.<\/p>\n<\/li>\n<li>\n<p class=\"ds-markdown-paragraph\">Imprimir el formulario y llevarlo al establecimiento educativo para que lo firmen y sellen las autoridades.<\/p>\n<\/li>\n<li>\n<p class=\"ds-markdown-paragraph\">Subir una foto del documento completo en el mismo portal para finalizar la gesti\u00f3n.<\/p>\n<\/li>\n<\/ol>\n<p class=\"ds-markdown-paragraph\">Una vez validada la informaci\u00f3n, ANSES acredita el dinero en la misma cuenta bancaria donde se cobran las asignaciones habituales.<\/p>\n","protected":false},"excerpt":{"rendered":"<p>\u00bfQui\u00e9nes pueden cobrar los $85.000 y qu\u00e9 hay que presentar? La Administraci\u00f3n Nacional de la Seguridad Social (ANSES) paga cada a\u00f1o la Ayuda Escolar Anual, un refuerzo econ\u00f3mico destinado a acompa\u00f1ar a las familias en el comienzo de las clases. El beneficio est\u00e1 dirigido a quienes perciben la Asignaci\u00f3n Universal por Hijo (AUH) o Asignaciones &hellip;<\/p>\n","protected":false},"author":9,"featured_media":117628,"comment_status":"open","ping_status":"open","sticky":false,"template":"","format":"standard","meta":{"content-type":"","_monsterinsights_skip_tracking":false,"_monsterinsights_sitenote_active":false,"_monsterinsights_sitenote_note":"","_monsterinsights_sitenote_category":0,"_jetpack_memberships_contains_paid_content":false,"footnotes":"","jetpack_publicize_message":"","jetpack_publicize_feature_enabled":true,"jetpack_social_post_already_shared":true,"jetpack_social_options":{"image_generator_settings":{"template":"highway","default_image_id":0,"font":"","enabled":false},"version":2}},"categories":[198],"tags":[],"class_list":["post-117627","post","type-post","status-publish","format-standard","has-post-thumbnail","hentry","category-actualidad"],"yoast_head":"<!-- This site is optimized with the Yoast SEO plugin v27.4 - https:\/\/yoast.com\/product\/yoast-seo-wordpress\/ -->\n<title>Ayuda Escolar ANSES 2026 | Al Dia Chaco<\/title>\n<meta name=\"robots\" content=\"index, follow, max-snippet:-1, max-image-preview:large, max-video-preview:-1\" \/>\n<link rel=\"canonical\" href=\"https:\/\/aldiachaco.com.ar\/index.php\/2026\/03\/13\/ayuda-escolar-anses-2026\/\" \/>\n<meta property=\"og:locale\" content=\"es_ES\" \/>\n<meta property=\"og:type\" content=\"article\" \/>\n<meta property=\"og:title\" content=\"Ayuda Escolar ANSES 2026 | Al Dia Chaco\" \/>\n<meta property=\"og:description\" content=\"\u00bfQui\u00e9nes pueden cobrar los $85.000 y qu\u00e9 hay que presentar? La Administraci\u00f3n Nacional de la Seguridad Social (ANSES) paga cada a\u00f1o la Ayuda Escolar Anual, un refuerzo econ\u00f3mico destinado a acompa\u00f1ar a las familias en el comienzo de las clases. El beneficio est\u00e1 dirigido a quienes perciben la Asignaci\u00f3n Universal por Hijo (AUH) o Asignaciones &hellip;\" \/>\n<meta property=\"og:url\" content=\"https:\/\/aldiachaco.com.ar\/index.php\/2026\/03\/13\/ayuda-escolar-anses-2026\/\" \/>\n<meta property=\"og:site_name\" content=\"Al Dia Chaco\" \/>\n<meta property=\"article:published_time\" content=\"2026-03-13T14:23:08+00:00\" \/>\n<meta property=\"og:image\" content=\"https:\/\/aldiachaco.com.ar\/wp-content\/uploads\/2026\/03\/1303ANSES.webp\" \/>\n\t<meta property=\"og:image:width\" content=\"850\" \/>\n\t<meta property=\"og:image:height\" content=\"477\" \/>\n\t<meta property=\"og:image:type\" content=\"image\/webp\" \/>\n<meta name=\"author\" content=\"RedaccionRM\" \/>\n<meta name=\"twitter:card\" content=\"summary_large_image\" \/>\n<meta name=\"twitter:label1\" content=\"Escrito por\" \/>\n\t<meta name=\"twitter:data1\" content=\"RedaccionRM\" \/>\n\t<meta name=\"twitter:label2\" content=\"Tiempo de lectura\" \/>\n\t<meta name=\"twitter:data2\" content=\"2 minutos\" \/>\n<script type=\"application\/ld+json\" class=\"yoast-schema-graph\">{\"@context\":\"https:\\\/\\\/schema.org\",\"@graph\":[{\"@type\":\"Article\",\"@id\":\"https:\\\/\\\/aldiachaco.com.ar\\\/index.php\\\/2026\\\/03\\\/13\\\/ayuda-escolar-anses-2026\\\/#article\",\"isPartOf\":{\"@id\":\"https:\\\/\\\/aldiachaco.com.ar\\\/index.php\\\/2026\\\/03\\\/13\\\/ayuda-escolar-anses-2026\\\/\"},\"author\":{\"name\":\"RedaccionRM\",\"@id\":\"https:\\\/\\\/aldiachaco.com.ar\\\/#\\\/schema\\\/person\\\/b24e975af8022082f5889a7a7299e962\"},\"headline\":\"Ayuda Escolar ANSES 2026\",\"datePublished\":\"2026-03-13T14:23:08+00:00\",\"mainEntityOfPage\":{\"@id\":\"https:\\\/\\\/aldiachaco.com.ar\\\/index.php\\\/2026\\\/03\\\/13\\\/ayuda-escolar-anses-2026\\\/\"},\"wordCount\":348,\"commentCount\":0,\"publisher\":{\"@id\":\"https:\\\/\\\/aldiachaco.com.ar\\\/#organization\"},\"image\":{\"@id\":\"https:\\\/\\\/aldiachaco.com.ar\\\/index.php\\\/2026\\\/03\\\/13\\\/ayuda-escolar-anses-2026\\\/#primaryimage\"},\"thumbnailUrl\":\"https:\\\/\\\/aldiachaco.com.ar\\\/wp-content\\\/uploads\\\/2026\\\/03\\\/1303ANSES.webp\",\"articleSection\":[\"Actualidad\"],\"inLanguage\":\"es-AR\",\"potentialAction\":[{\"@type\":\"CommentAction\",\"name\":\"Comment\",\"target\":[\"https:\\\/\\\/aldiachaco.com.ar\\\/index.php\\\/2026\\\/03\\\/13\\\/ayuda-escolar-anses-2026\\\/#respond\"]}]},{\"@type\":\"WebPage\",\"@id\":\"https:\\\/\\\/aldiachaco.com.ar\\\/index.php\\\/2026\\\/03\\\/13\\\/ayuda-escolar-anses-2026\\\/\",\"url\":\"https:\\\/\\\/aldiachaco.com.ar\\\/index.php\\\/2026\\\/03\\\/13\\\/ayuda-escolar-anses-2026\\\/\",\"name\":\"Ayuda Escolar ANSES 2026 | Al Dia Chaco\",\"isPartOf\":{\"@id\":\"https:\\\/\\\/aldiachaco.com.ar\\\/#website\"},\"primaryImageOfPage\":{\"@id\":\"https:\\\/\\\/aldiachaco.com.ar\\\/index.php\\\/2026\\\/03\\\/13\\\/ayuda-escolar-anses-2026\\\/#primaryimage\"},\"image\":{\"@id\":\"https:\\\/\\\/aldiachaco.com.ar\\\/index.php\\\/2026\\\/03\\\/13\\\/ayuda-escolar-anses-2026\\\/#primaryimage\"},\"thumbnailUrl\":\"https:\\\/\\\/aldiachaco.com.ar\\\/wp-content\\\/uploads\\\/2026\\\/03\\\/1303ANSES.webp\",\"datePublished\":\"2026-03-13T14:23:08+00:00\",\"breadcrumb\":{\"@id\":\"https:\\\/\\\/aldiachaco.com.ar\\\/index.php\\\/2026\\\/03\\\/13\\\/ayuda-escolar-anses-2026\\\/#breadcrumb\"},\"inLanguage\":\"es-AR\",\"potentialAction\":[{\"@type\":\"ReadAction\",\"target\":[\"https:\\\/\\\/aldiachaco.com.ar\\\/index.php\\\/2026\\\/03\\\/13\\\/ayuda-escolar-anses-2026\\\/\"]}]},{\"@type\":\"ImageObject\",\"inLanguage\":\"es-AR\",\"@id\":\"https:\\\/\\\/aldiachaco.com.ar\\\/index.php\\\/2026\\\/03\\\/13\\\/ayuda-escolar-anses-2026\\\/#primaryimage\",\"url\":\"https:\\\/\\\/aldiachaco.com.ar\\\/wp-content\\\/uploads\\\/2026\\\/03\\\/1303ANSES.webp\",\"contentUrl\":\"https:\\\/\\\/aldiachaco.com.ar\\\/wp-content\\\/uploads\\\/2026\\\/03\\\/1303ANSES.webp\",\"width\":850,\"height\":477},{\"@type\":\"BreadcrumbList\",\"@id\":\"https:\\\/\\\/aldiachaco.com.ar\\\/index.php\\\/2026\\\/03\\\/13\\\/ayuda-escolar-anses-2026\\\/#breadcrumb\",\"itemListElement\":[{\"@type\":\"ListItem\",\"position\":1,\"name\":\"Home\",\"item\":\"https:\\\/\\\/aldiachaco.com.ar\\\/\"},{\"@type\":\"ListItem\",\"position\":2,\"name\":\"Ayuda Escolar ANSES 2026\"}]},{\"@type\":\"WebSite\",\"@id\":\"https:\\\/\\\/aldiachaco.com.ar\\\/#website\",\"url\":\"https:\\\/\\\/aldiachaco.com.ar\\\/\",\"name\":\"Al Dia Chaco\",\"description\":\"Noticias del Chaco y el mundo\",\"publisher\":{\"@id\":\"https:\\\/\\\/aldiachaco.com.ar\\\/#organization\"},\"alternateName\":\"Al D\u00eda Chaco\",\"potentialAction\":[{\"@type\":\"SearchAction\",\"target\":{\"@type\":\"EntryPoint\",\"urlTemplate\":\"https:\\\/\\\/aldiachaco.com.ar\\\/?s={search_term_string}\"},\"query-input\":{\"@type\":\"PropertyValueSpecification\",\"valueRequired\":true,\"valueName\":\"search_term_string\"}}],\"inLanguage\":\"es-AR\"},{\"@type\":\"Organization\",\"@id\":\"https:\\\/\\\/aldiachaco.com.ar\\\/#organization\",\"name\":\"Al Dia Chaco\",\"url\":\"https:\\\/\\\/aldiachaco.com.ar\\\/\",\"logo\":{\"@type\":\"ImageObject\",\"inLanguage\":\"es-AR\",\"@id\":\"https:\\\/\\\/aldiachaco.com.ar\\\/#\\\/schema\\\/logo\\\/image\\\/\",\"url\":\"https:\\\/\\\/aldiachaco.com.ar\\\/wp-content\\\/uploads\\\/2017\\\/11\\\/AL-DIA-CHACO-L@2x.png\",\"contentUrl\":\"https:\\\/\\\/aldiachaco.com.ar\\\/wp-content\\\/uploads\\\/2017\\\/11\\\/AL-DIA-CHACO-L@2x.png\",\"width\":232,\"height\":60,\"caption\":\"Al Dia Chaco\"},\"image\":{\"@id\":\"https:\\\/\\\/aldiachaco.com.ar\\\/#\\\/schema\\\/logo\\\/image\\\/\"}},{\"@type\":\"Person\",\"@id\":\"https:\\\/\\\/aldiachaco.com.ar\\\/#\\\/schema\\\/person\\\/b24e975af8022082f5889a7a7299e962\",\"name\":\"RedaccionRM\",\"image\":{\"@type\":\"ImageObject\",\"inLanguage\":\"es-AR\",\"@id\":\"https:\\\/\\\/aldiachaco.com.ar\\\/wp-content\\\/litespeed\\\/avatar\\\/a30118fcb7a6295303f1c91164c6aba1.jpg?ver=1777339088\",\"url\":\"https:\\\/\\\/aldiachaco.com.ar\\\/wp-content\\\/litespeed\\\/avatar\\\/a30118fcb7a6295303f1c91164c6aba1.jpg?ver=1777339088\",\"contentUrl\":\"https:\\\/\\\/aldiachaco.com.ar\\\/wp-content\\\/litespeed\\\/avatar\\\/a30118fcb7a6295303f1c91164c6aba1.jpg?ver=1777339088\",\"caption\":\"RedaccionRM\"},\"url\":\"https:\\\/\\\/aldiachaco.com.ar\\\/index.php\\\/author\\\/redaccionrm\\\/\"}]}<\/script>\n<!-- \/ Yoast SEO plugin. -->","yoast_head_json":{"title":"Ayuda Escolar ANSES 2026 | Al Dia Chaco","robots":{"index":"index","follow":"follow","max-snippet":"max-snippet:-1","max-image-preview":"max-image-preview:large","max-video-preview":"max-video-preview:-1"},"canonical":"https:\/\/aldiachaco.com.ar\/index.php\/2026\/03\/13\/ayuda-escolar-anses-2026\/","og_locale":"es_ES","og_type":"article","og_title":"Ayuda Escolar ANSES 2026 | Al Dia Chaco","og_description":"\u00bfQui\u00e9nes pueden cobrar los $85.000 y qu\u00e9 hay que presentar? La Administraci\u00f3n Nacional de la Seguridad Social (ANSES) paga cada a\u00f1o la Ayuda Escolar Anual, un refuerzo econ\u00f3mico destinado a acompa\u00f1ar a las familias en el comienzo de las clases. El beneficio est\u00e1 dirigido a quienes perciben la Asignaci\u00f3n Universal por Hijo (AUH) o Asignaciones &hellip;","og_url":"https:\/\/aldiachaco.com.ar\/index.php\/2026\/03\/13\/ayuda-escolar-anses-2026\/","og_site_name":"Al Dia Chaco","article_published_time":"2026-03-13T14:23:08+00:00","og_image":[{"width":850,"height":477,"url":"https:\/\/aldiachaco.com.ar\/wp-content\/uploads\/2026\/03\/1303ANSES.webp","type":"image\/webp"}],"author":"RedaccionRM","twitter_card":"summary_large_image","twitter_misc":{"Escrito por":"RedaccionRM","Tiempo de lectura":"2 minutos"},"schema":{"@context":"https:\/\/schema.org","@graph":[{"@type":"Article","@id":"https:\/\/aldiachaco.com.ar\/index.php\/2026\/03\/13\/ayuda-escolar-anses-2026\/#article","isPartOf":{"@id":"https:\/\/aldiachaco.com.ar\/index.php\/2026\/03\/13\/ayuda-escolar-anses-2026\/"},"author":{"name":"RedaccionRM","@id":"https:\/\/aldiachaco.com.ar\/#\/schema\/person\/b24e975af8022082f5889a7a7299e962"},"headline":"Ayuda Escolar ANSES 2026","datePublished":"2026-03-13T14:23:08+00:00","mainEntityOfPage":{"@id":"https:\/\/aldiachaco.com.ar\/index.php\/2026\/03\/13\/ayuda-escolar-anses-2026\/"},"wordCount":348,"commentCount":0,"publisher":{"@id":"https:\/\/aldiachaco.com.ar\/#organization"},"image":{"@id":"https:\/\/aldiachaco.com.ar\/index.php\/2026\/03\/13\/ayuda-escolar-anses-2026\/#primaryimage"},"thumbnailUrl":"https:\/\/aldiachaco.com.ar\/wp-content\/uploads\/2026\/03\/1303ANSES.webp","articleSection":["Actualidad"],"inLanguage":"es-AR","potentialAction":[{"@type":"CommentAction","name":"Comment","target":["https:\/\/aldiachaco.com.ar\/index.php\/2026\/03\/13\/ayuda-escolar-anses-2026\/#respond"]}]},{"@type":"WebPage","@id":"https:\/\/aldiachaco.com.ar\/index.php\/2026\/03\/13\/ayuda-escolar-anses-2026\/","url":"https:\/\/aldiachaco.com.ar\/index.php\/2026\/03\/13\/ayuda-escolar-anses-2026\/","name":"Ayuda Escolar ANSES 2026 | Al Dia Chaco","isPartOf":{"@id":"https:\/\/aldiachaco.com.ar\/#website"},"primaryImageOfPage":{"@id":"https:\/\/aldiachaco.com.ar\/index.php\/2026\/03\/13\/ayuda-escolar-anses-2026\/#primaryimage"},"image":{"@id":"https:\/\/aldiachaco.com.ar\/index.php\/2026\/03\/13\/ayuda-escolar-anses-2026\/#primaryimage"},"thumbnailUrl":"https:\/\/aldiachaco.com.ar\/wp-content\/uploads\/2026\/03\/1303ANSES.webp","datePublished":"2026-03-13T14:23:08+00:00","breadcrumb":{"@id":"https:\/\/aldiachaco.com.ar\/index.php\/2026\/03\/13\/ayuda-escolar-anses-2026\/#breadcrumb"},"inLanguage":"es-AR","potentialAction":[{"@type":"ReadAction","target":["https:\/\/aldiachaco.com.ar\/index.php\/2026\/03\/13\/ayuda-escolar-anses-2026\/"]}]},{"@type":"ImageObject","inLanguage":"es-AR","@id":"https:\/\/aldiachaco.com.ar\/index.php\/2026\/03\/13\/ayuda-escolar-anses-2026\/#primaryimage","url":"https:\/\/aldiachaco.com.ar\/wp-content\/uploads\/2026\/03\/1303ANSES.webp","contentUrl":"https:\/\/aldiachaco.com.ar\/wp-content\/uploads\/2026\/03\/1303ANSES.webp","width":850,"height":477},{"@type":"BreadcrumbList","@id":"https:\/\/aldiachaco.com.ar\/index.php\/2026\/03\/13\/ayuda-escolar-anses-2026\/#breadcrumb","itemListElement":[{"@type":"ListItem","position":1,"name":"Home","item":"https:\/\/aldiachaco.com.ar\/"},{"@type":"ListItem","position":2,"name":"Ayuda Escolar ANSES 2026"}]},{"@type":"WebSite","@id":"https:\/\/aldiachaco.com.ar\/#website","url":"https:\/\/aldiachaco.com.ar\/","name":"Al Dia Chaco","description":"Noticias del Chaco y el mundo","publisher":{"@id":"https:\/\/aldiachaco.com.ar\/#organization"},"alternateName":"Al D\u00eda Chaco","potentialAction":[{"@type":"SearchAction","target":{"@type":"EntryPoint","urlTemplate":"https:\/\/aldiachaco.com.ar\/?s={search_term_string}"},"query-input":{"@type":"PropertyValueSpecification","valueRequired":true,"valueName":"search_term_string"}}],"inLanguage":"es-AR"},{"@type":"Organization","@id":"https:\/\/aldiachaco.com.ar\/#organization","name":"Al Dia Chaco","url":"https:\/\/aldiachaco.com.ar\/","logo":{"@type":"ImageObject","inLanguage":"es-AR","@id":"https:\/\/aldiachaco.com.ar\/#\/schema\/logo\/image\/","url":"https:\/\/aldiachaco.com.ar\/wp-content\/uploads\/2017\/11\/AL-DIA-CHACO-L@2x.png","contentUrl":"https:\/\/aldiachaco.com.ar\/wp-content\/uploads\/2017\/11\/AL-DIA-CHACO-L@2x.png","width":232,"height":60,"caption":"Al Dia Chaco"},"image":{"@id":"https:\/\/aldiachaco.com.ar\/#\/schema\/logo\/image\/"}},{"@type":"Person","@id":"https:\/\/aldiachaco.com.ar\/#\/schema\/person\/b24e975af8022082f5889a7a7299e962","name":"RedaccionRM","image":{"@type":"ImageObject","inLanguage":"es-AR","@id":"https:\/\/aldiachaco.com.ar\/wp-content\/litespeed\/avatar\/a30118fcb7a6295303f1c91164c6aba1.jpg?ver=1777339088","url":"https:\/\/aldiachaco.com.ar\/wp-content\/litespeed\/avatar\/a30118fcb7a6295303f1c91164c6aba1.jpg?ver=1777339088","contentUrl":"https:\/\/aldiachaco.com.ar\/wp-content\/litespeed\/avatar\/a30118fcb7a6295303f1c91164c6aba1.jpg?ver=1777339088","caption":"RedaccionRM"},"url":"https:\/\/aldiachaco.com.ar\/index.php\/author\/redaccionrm\/"}]}},"jetpack_publicize_connections":[],"jetpack_featured_media_url":"https:\/\/aldiachaco.com.ar\/wp-content\/uploads\/2026\/03\/1303ANSES.webp","jetpack_sharing_enabled":true,"amp_enabled":true,"_links":{"self":[{"href":"https:\/\/aldiachaco.com.ar\/index.php\/wp-json\/wp\/v2\/posts\/117627","targetHints":{"allow":["GET"]}}],"collection":[{"href":"https:\/\/aldiachaco.com.ar\/index.php\/wp-json\/wp\/v2\/posts"}],"about":[{"href":"https:\/\/aldiachaco.com.ar\/index.php\/wp-json\/wp\/v2\/types\/post"}],"author":[{"embeddable":true,"href":"https:\/\/aldiachaco.com.ar\/index.php\/wp-json\/wp\/v2\/users\/9"}],"replies":[{"embeddable":true,"href":"https:\/\/aldiachaco.com.ar\/index.php\/wp-json\/wp\/v2\/comments?post=117627"}],"version-history":[{"count":1,"href":"https:\/\/aldiachaco.com.ar\/index.php\/wp-json\/wp\/v2\/posts\/117627\/revisions"}],"predecessor-version":[{"id":117629,"href":"https:\/\/aldiachaco.com.ar\/index.php\/wp-json\/wp\/v2\/posts\/117627\/revisions\/117629"}],"wp:featuredmedia":[{"embeddable":true,"href":"https:\/\/aldiachaco.com.ar\/index.php\/wp-json\/wp\/v2\/media\/117628"}],"wp:attachment":[{"href":"https:\/\/aldiachaco.com.ar\/index.php\/wp-json\/wp\/v2\/media?parent=117627"}],"wp:term":[{"taxonomy":"category","embeddable":true,"href":"https:\/\/aldiachaco.com.ar\/index.php\/wp-json\/wp\/v2\/categories?post=117627"},{"taxonomy":"post_tag","embeddable":true,"href":"https:\/\/aldiachaco.com.ar\/index.php\/wp-json\/wp\/v2\/tags?post=117627"}],"curies":[{"name":"wp","href":"https:\/\/api.w.org\/{rel}","templated":true}]}}