{"id":117624,"date":"2026-03-13T10:34:37","date_gmt":"2026-03-13T13:34:37","guid":{"rendered":"https:\/\/aldiachaco.com.ar\/?p=117624"},"modified":"2026-03-13T10:34:37","modified_gmt":"2026-03-13T13:34:37","slug":"somos-humanos-y-cometemos-errores","status":"publish","type":"post","link":"https:\/\/aldiachaco.com.ar\/index.php\/2026\/03\/13\/somos-humanos-y-cometemos-errores\/","title":{"rendered":"\u201cSOMOS HUMANOS Y COMETEMOS ERRORES\u201d"},"content":{"rendered":"<p class=\"ds-markdown-paragraph\">El jefe de Gabinete, Manuel Adorni, se refiri\u00f3 al esc\u00e1ndalo que involucr\u00f3 a su esposa, que particip\u00f3 de un viaje oficial a Nueva York junto a \u00e9l y funcionarios del Gobierno. &#8220;Somos humanos y cometemos errores&#8221;, escribi\u00f3 en redes sociales.<\/p>\n<p class=\"ds-markdown-paragraph\">&#8220;Uno puede decir alguna palabra o frase desafortunada en un vivo, s\u00ed. Me ha ocurrido muchas veces. La palabra no debi\u00f3 ser deslomarse&#8221;, reconoci\u00f3 el jefe de Gabinete en un posteo de su cuenta de X. Y continu\u00f3: &#8220;Somos humanos y cometemos errores. Detr\u00e1s de cada explicaci\u00f3n se encuentra siempre la verdadera intenci\u00f3n de contar todo lo que estamos haciendo desde hace m\u00e1s de dos a\u00f1os con el Presidente Milei y todo el gabinete para cambiar un pa\u00eds que nos dejaron en ruinas&#8221;.<\/p>\n<p class=\"ds-markdown-paragraph\">M\u00e1s adelante, Adorni agradeci\u00f3 el &#8220;apoyo incondicional de gabinete nacional y del Presidente de la Naci\u00f3n&#8221;. Durante toda la tarde del jueves, el funcionario cosech\u00f3 muestras de apoyo de la plana mayor del Gobierno, incluido el propio Javier Milei.<\/p>\n<p class=\"ds-markdown-paragraph\">Betina Angeletti, la esposa de Manuel Adorni, se sum\u00f3 a la comitiva que viaj\u00f3 junto al Presidente para participar de la Argentina Week durante esta semana. Viaj\u00f3 en el avi\u00f3n presidencial y se hosped\u00f3 en el hotel junto a su esposo. Cuando lo consultaron por los motivos de su presencia, Adorni asegur\u00f3: &#8220;Vengo una semana a deslomarme a Nueva York, quer\u00eda que me acompa\u00f1e&#8221;.<\/p>\n<p class=\"ds-markdown-paragraph\">En medio de los fuertes cuestionamientos a Manuel Adorni por haber sumado a su esposa a una gira oficial, Javier Milei respald\u00f3 a su jefe de Gabinete. &#8220;Si supieran el concepto de costo marginal tendr\u00edan claro que muchas cosas que se dicen no tienen ni el m\u00e1s m\u00ednimo sentido. Pero como pocos economistas lo entienden de verdad y a otros rubro no les importa (ni lo captan) entonces ensucian&#8230; \u00c1NIMO Manuel Adorni!!! VLLA, TMAP&#8221;, escribi\u00f3 el mandatario en su cuenta de X.<\/p>\n<p class=\"ds-markdown-paragraph\">Karina Milei tambi\u00e9n defendi\u00f3 al jefe de Gabinete. &#8220;Mi apoyo total e incondicional a Manuel Adorni frente a tanta basura medi\u00e1tica&#8221;, escribi\u00f3 en su cuenta de X. Y agreg\u00f3: &#8220;Conozco tu integridad. Eso me alcanza. Siempre con vos&#8221;.<\/p>\n<p class=\"ds-markdown-paragraph\">Lo propio hizo el ministro del Interior, Diego Santilli: &#8220;No vamos a permitir ning\u00fan tipo de operaci\u00f3n pol\u00edtica para que el kirchnerismo, una vez m\u00e1s, intente desestabilizar al gobierno. A fondo con Manuel Adorni&#8221;.<\/p>\n","protected":false},"excerpt":{"rendered":"<p>El jefe de Gabinete, Manuel Adorni, se refiri\u00f3 al esc\u00e1ndalo que involucr\u00f3 a su esposa, que particip\u00f3 de un viaje oficial a Nueva York junto a \u00e9l y funcionarios del Gobierno. &#8220;Somos humanos y cometemos errores&#8221;, escribi\u00f3 en redes sociales. &#8220;Uno puede decir alguna palabra o frase desafortunada en un vivo, s\u00ed. Me ha ocurrido &hellip;<\/p>\n","protected":false},"author":9,"featured_media":117625,"comment_status":"open","ping_status":"open","sticky":false,"template":"","format":"standard","meta":{"content-type":"","_monsterinsights_skip_tracking":false,"_monsterinsights_sitenote_active":false,"_monsterinsights_sitenote_note":"","_monsterinsights_sitenote_category":0,"_jetpack_memberships_contains_paid_content":false,"footnotes":"","jetpack_publicize_message":"","jetpack_publicize_feature_enabled":true,"jetpack_social_post_already_shared":true,"jetpack_social_options":{"image_generator_settings":{"template":"highway","default_image_id":0,"font":"","enabled":false},"version":2}},"categories":[153],"tags":[],"class_list":["post-117624","post","type-post","status-publish","format-standard","has-post-thumbnail","hentry","category-politica"],"yoast_head":"<!-- This site is optimized with the Yoast SEO plugin v27.4 - https:\/\/yoast.com\/product\/yoast-seo-wordpress\/ -->\n<title>\u201cSOMOS HUMANOS Y COMETEMOS ERRORES\u201d | Al Dia Chaco<\/title>\n<meta name=\"robots\" content=\"index, follow, max-snippet:-1, max-image-preview:large, max-video-preview:-1\" \/>\n<link rel=\"canonical\" href=\"https:\/\/aldiachaco.com.ar\/index.php\/2026\/03\/13\/somos-humanos-y-cometemos-errores\/\" \/>\n<meta property=\"og:locale\" content=\"es_ES\" \/>\n<meta property=\"og:type\" content=\"article\" \/>\n<meta property=\"og:title\" content=\"\u201cSOMOS HUMANOS Y COMETEMOS ERRORES\u201d | Al Dia Chaco\" \/>\n<meta property=\"og:description\" content=\"El jefe de Gabinete, Manuel Adorni, se refiri\u00f3 al esc\u00e1ndalo que involucr\u00f3 a su esposa, que particip\u00f3 de un viaje oficial a Nueva York junto a \u00e9l y funcionarios del Gobierno. &#8220;Somos humanos y cometemos errores&#8221;, escribi\u00f3 en redes sociales. &#8220;Uno puede decir alguna palabra o frase desafortunada en un vivo, s\u00ed. Me ha ocurrido &hellip;\" \/>\n<meta property=\"og:url\" content=\"https:\/\/aldiachaco.com.ar\/index.php\/2026\/03\/13\/somos-humanos-y-cometemos-errores\/\" \/>\n<meta property=\"og:site_name\" content=\"Al Dia Chaco\" \/>\n<meta property=\"article:published_time\" content=\"2026-03-13T13:34:37+00:00\" \/>\n<meta property=\"og:image\" content=\"https:\/\/aldiachaco.com.ar\/wp-content\/uploads\/2026\/03\/Captura-de-pantalla-2026-03-13-102453.png\" \/>\n\t<meta property=\"og:image:width\" content=\"1079\" \/>\n\t<meta property=\"og:image:height\" content=\"606\" \/>\n\t<meta property=\"og:image:type\" content=\"image\/png\" \/>\n<meta name=\"author\" content=\"RedaccionRM\" \/>\n<meta name=\"twitter:card\" content=\"summary_large_image\" \/>\n<meta name=\"twitter:label1\" content=\"Escrito por\" \/>\n\t<meta name=\"twitter:data1\" content=\"RedaccionRM\" \/>\n\t<meta name=\"twitter:label2\" content=\"Tiempo de lectura\" \/>\n\t<meta name=\"twitter:data2\" content=\"2 minutos\" \/>\n<script type=\"application\/ld+json\" class=\"yoast-schema-graph\">{\"@context\":\"https:\\\/\\\/schema.org\",\"@graph\":[{\"@type\":\"Article\",\"@id\":\"https:\\\/\\\/aldiachaco.com.ar\\\/index.php\\\/2026\\\/03\\\/13\\\/somos-humanos-y-cometemos-errores\\\/#article\",\"isPartOf\":{\"@id\":\"https:\\\/\\\/aldiachaco.com.ar\\\/index.php\\\/2026\\\/03\\\/13\\\/somos-humanos-y-cometemos-errores\\\/\"},\"author\":{\"name\":\"RedaccionRM\",\"@id\":\"https:\\\/\\\/aldiachaco.com.ar\\\/#\\\/schema\\\/person\\\/b24e975af8022082f5889a7a7299e962\"},\"headline\":\"\u201cSOMOS HUMANOS Y COMETEMOS ERRORES\u201d\",\"datePublished\":\"2026-03-13T13:34:37+00:00\",\"mainEntityOfPage\":{\"@id\":\"https:\\\/\\\/aldiachaco.com.ar\\\/index.php\\\/2026\\\/03\\\/13\\\/somos-humanos-y-cometemos-errores\\\/\"},\"wordCount\":406,\"commentCount\":0,\"publisher\":{\"@id\":\"https:\\\/\\\/aldiachaco.com.ar\\\/#organization\"},\"image\":{\"@id\":\"https:\\\/\\\/aldiachaco.com.ar\\\/index.php\\\/2026\\\/03\\\/13\\\/somos-humanos-y-cometemos-errores\\\/#primaryimage\"},\"thumbnailUrl\":\"https:\\\/\\\/aldiachaco.com.ar\\\/wp-content\\\/uploads\\\/2026\\\/03\\\/Captura-de-pantalla-2026-03-13-102453.png\",\"articleSection\":[\"Pol\u00edtica\"],\"inLanguage\":\"es-AR\",\"potentialAction\":[{\"@type\":\"CommentAction\",\"name\":\"Comment\",\"target\":[\"https:\\\/\\\/aldiachaco.com.ar\\\/index.php\\\/2026\\\/03\\\/13\\\/somos-humanos-y-cometemos-errores\\\/#respond\"]}]},{\"@type\":\"WebPage\",\"@id\":\"https:\\\/\\\/aldiachaco.com.ar\\\/index.php\\\/2026\\\/03\\\/13\\\/somos-humanos-y-cometemos-errores\\\/\",\"url\":\"https:\\\/\\\/aldiachaco.com.ar\\\/index.php\\\/2026\\\/03\\\/13\\\/somos-humanos-y-cometemos-errores\\\/\",\"name\":\"\u201cSOMOS HUMANOS Y COMETEMOS ERRORES\u201d | Al Dia Chaco\",\"isPartOf\":{\"@id\":\"https:\\\/\\\/aldiachaco.com.ar\\\/#website\"},\"primaryImageOfPage\":{\"@id\":\"https:\\\/\\\/aldiachaco.com.ar\\\/index.php\\\/2026\\\/03\\\/13\\\/somos-humanos-y-cometemos-errores\\\/#primaryimage\"},\"image\":{\"@id\":\"https:\\\/\\\/aldiachaco.com.ar\\\/index.php\\\/2026\\\/03\\\/13\\\/somos-humanos-y-cometemos-errores\\\/#primaryimage\"},\"thumbnailUrl\":\"https:\\\/\\\/aldiachaco.com.ar\\\/wp-content\\\/uploads\\\/2026\\\/03\\\/Captura-de-pantalla-2026-03-13-102453.png\",\"datePublished\":\"2026-03-13T13:34:37+00:00\",\"breadcrumb\":{\"@id\":\"https:\\\/\\\/aldiachaco.com.ar\\\/index.php\\\/2026\\\/03\\\/13\\\/somos-humanos-y-cometemos-errores\\\/#breadcrumb\"},\"inLanguage\":\"es-AR\",\"potentialAction\":[{\"@type\":\"ReadAction\",\"target\":[\"https:\\\/\\\/aldiachaco.com.ar\\\/index.php\\\/2026\\\/03\\\/13\\\/somos-humanos-y-cometemos-errores\\\/\"]}]},{\"@type\":\"ImageObject\",\"inLanguage\":\"es-AR\",\"@id\":\"https:\\\/\\\/aldiachaco.com.ar\\\/index.php\\\/2026\\\/03\\\/13\\\/somos-humanos-y-cometemos-errores\\\/#primaryimage\",\"url\":\"https:\\\/\\\/aldiachaco.com.ar\\\/wp-content\\\/uploads\\\/2026\\\/03\\\/Captura-de-pantalla-2026-03-13-102453.png\",\"contentUrl\":\"https:\\\/\\\/aldiachaco.com.ar\\\/wp-content\\\/uploads\\\/2026\\\/03\\\/Captura-de-pantalla-2026-03-13-102453.png\",\"width\":1079,\"height\":606},{\"@type\":\"BreadcrumbList\",\"@id\":\"https:\\\/\\\/aldiachaco.com.ar\\\/index.php\\\/2026\\\/03\\\/13\\\/somos-humanos-y-cometemos-errores\\\/#breadcrumb\",\"itemListElement\":[{\"@type\":\"ListItem\",\"position\":1,\"name\":\"Home\",\"item\":\"https:\\\/\\\/aldiachaco.com.ar\\\/\"},{\"@type\":\"ListItem\",\"position\":2,\"name\":\"\u201cSOMOS HUMANOS Y COMETEMOS ERRORES\u201d\"}]},{\"@type\":\"WebSite\",\"@id\":\"https:\\\/\\\/aldiachaco.com.ar\\\/#website\",\"url\":\"https:\\\/\\\/aldiachaco.com.ar\\\/\",\"name\":\"Al Dia Chaco\",\"description\":\"Noticias del Chaco y el mundo\",\"publisher\":{\"@id\":\"https:\\\/\\\/aldiachaco.com.ar\\\/#organization\"},\"alternateName\":\"Al D\u00eda Chaco\",\"potentialAction\":[{\"@type\":\"SearchAction\",\"target\":{\"@type\":\"EntryPoint\",\"urlTemplate\":\"https:\\\/\\\/aldiachaco.com.ar\\\/?s={search_term_string}\"},\"query-input\":{\"@type\":\"PropertyValueSpecification\",\"valueRequired\":true,\"valueName\":\"search_term_string\"}}],\"inLanguage\":\"es-AR\"},{\"@type\":\"Organization\",\"@id\":\"https:\\\/\\\/aldiachaco.com.ar\\\/#organization\",\"name\":\"Al Dia Chaco\",\"url\":\"https:\\\/\\\/aldiachaco.com.ar\\\/\",\"logo\":{\"@type\":\"ImageObject\",\"inLanguage\":\"es-AR\",\"@id\":\"https:\\\/\\\/aldiachaco.com.ar\\\/#\\\/schema\\\/logo\\\/image\\\/\",\"url\":\"https:\\\/\\\/aldiachaco.com.ar\\\/wp-content\\\/uploads\\\/2017\\\/11\\\/AL-DIA-CHACO-L@2x.png\",\"contentUrl\":\"https:\\\/\\\/aldiachaco.com.ar\\\/wp-content\\\/uploads\\\/2017\\\/11\\\/AL-DIA-CHACO-L@2x.png\",\"width\":232,\"height\":60,\"caption\":\"Al Dia Chaco\"},\"image\":{\"@id\":\"https:\\\/\\\/aldiachaco.com.ar\\\/#\\\/schema\\\/logo\\\/image\\\/\"}},{\"@type\":\"Person\",\"@id\":\"https:\\\/\\\/aldiachaco.com.ar\\\/#\\\/schema\\\/person\\\/b24e975af8022082f5889a7a7299e962\",\"name\":\"RedaccionRM\",\"image\":{\"@type\":\"ImageObject\",\"inLanguage\":\"es-AR\",\"@id\":\"https:\\\/\\\/aldiachaco.com.ar\\\/wp-content\\\/litespeed\\\/avatar\\\/a30118fcb7a6295303f1c91164c6aba1.jpg?ver=1777339088\",\"url\":\"https:\\\/\\\/aldiachaco.com.ar\\\/wp-content\\\/litespeed\\\/avatar\\\/a30118fcb7a6295303f1c91164c6aba1.jpg?ver=1777339088\",\"contentUrl\":\"https:\\\/\\\/aldiachaco.com.ar\\\/wp-content\\\/litespeed\\\/avatar\\\/a30118fcb7a6295303f1c91164c6aba1.jpg?ver=1777339088\",\"caption\":\"RedaccionRM\"},\"url\":\"https:\\\/\\\/aldiachaco.com.ar\\\/index.php\\\/author\\\/redaccionrm\\\/\"}]}<\/script>\n<!-- \/ Yoast SEO plugin. -->","yoast_head_json":{"title":"\u201cSOMOS HUMANOS Y COMETEMOS ERRORES\u201d | Al Dia Chaco","robots":{"index":"index","follow":"follow","max-snippet":"max-snippet:-1","max-image-preview":"max-image-preview:large","max-video-preview":"max-video-preview:-1"},"canonical":"https:\/\/aldiachaco.com.ar\/index.php\/2026\/03\/13\/somos-humanos-y-cometemos-errores\/","og_locale":"es_ES","og_type":"article","og_title":"\u201cSOMOS HUMANOS Y COMETEMOS ERRORES\u201d | Al Dia Chaco","og_description":"El jefe de Gabinete, Manuel Adorni, se refiri\u00f3 al esc\u00e1ndalo que involucr\u00f3 a su esposa, que particip\u00f3 de un viaje oficial a Nueva York junto a \u00e9l y funcionarios del Gobierno. &#8220;Somos humanos y cometemos errores&#8221;, escribi\u00f3 en redes sociales. &#8220;Uno puede decir alguna palabra o frase desafortunada en un vivo, s\u00ed. Me ha ocurrido &hellip;","og_url":"https:\/\/aldiachaco.com.ar\/index.php\/2026\/03\/13\/somos-humanos-y-cometemos-errores\/","og_site_name":"Al Dia Chaco","article_published_time":"2026-03-13T13:34:37+00:00","og_image":[{"width":1079,"height":606,"url":"https:\/\/aldiachaco.com.ar\/wp-content\/uploads\/2026\/03\/Captura-de-pantalla-2026-03-13-102453.png","type":"image\/png"}],"author":"RedaccionRM","twitter_card":"summary_large_image","twitter_misc":{"Escrito por":"RedaccionRM","Tiempo de lectura":"2 minutos"},"schema":{"@context":"https:\/\/schema.org","@graph":[{"@type":"Article","@id":"https:\/\/aldiachaco.com.ar\/index.php\/2026\/03\/13\/somos-humanos-y-cometemos-errores\/#article","isPartOf":{"@id":"https:\/\/aldiachaco.com.ar\/index.php\/2026\/03\/13\/somos-humanos-y-cometemos-errores\/"},"author":{"name":"RedaccionRM","@id":"https:\/\/aldiachaco.com.ar\/#\/schema\/person\/b24e975af8022082f5889a7a7299e962"},"headline":"\u201cSOMOS HUMANOS Y COMETEMOS ERRORES\u201d","datePublished":"2026-03-13T13:34:37+00:00","mainEntityOfPage":{"@id":"https:\/\/aldiachaco.com.ar\/index.php\/2026\/03\/13\/somos-humanos-y-cometemos-errores\/"},"wordCount":406,"commentCount":0,"publisher":{"@id":"https:\/\/aldiachaco.com.ar\/#organization"},"image":{"@id":"https:\/\/aldiachaco.com.ar\/index.php\/2026\/03\/13\/somos-humanos-y-cometemos-errores\/#primaryimage"},"thumbnailUrl":"https:\/\/aldiachaco.com.ar\/wp-content\/uploads\/2026\/03\/Captura-de-pantalla-2026-03-13-102453.png","articleSection":["Pol\u00edtica"],"inLanguage":"es-AR","potentialAction":[{"@type":"CommentAction","name":"Comment","target":["https:\/\/aldiachaco.com.ar\/index.php\/2026\/03\/13\/somos-humanos-y-cometemos-errores\/#respond"]}]},{"@type":"WebPage","@id":"https:\/\/aldiachaco.com.ar\/index.php\/2026\/03\/13\/somos-humanos-y-cometemos-errores\/","url":"https:\/\/aldiachaco.com.ar\/index.php\/2026\/03\/13\/somos-humanos-y-cometemos-errores\/","name":"\u201cSOMOS HUMANOS Y COMETEMOS ERRORES\u201d | Al Dia Chaco","isPartOf":{"@id":"https:\/\/aldiachaco.com.ar\/#website"},"primaryImageOfPage":{"@id":"https:\/\/aldiachaco.com.ar\/index.php\/2026\/03\/13\/somos-humanos-y-cometemos-errores\/#primaryimage"},"image":{"@id":"https:\/\/aldiachaco.com.ar\/index.php\/2026\/03\/13\/somos-humanos-y-cometemos-errores\/#primaryimage"},"thumbnailUrl":"https:\/\/aldiachaco.com.ar\/wp-content\/uploads\/2026\/03\/Captura-de-pantalla-2026-03-13-102453.png","datePublished":"2026-03-13T13:34:37+00:00","breadcrumb":{"@id":"https:\/\/aldiachaco.com.ar\/index.php\/2026\/03\/13\/somos-humanos-y-cometemos-errores\/#breadcrumb"},"inLanguage":"es-AR","potentialAction":[{"@type":"ReadAction","target":["https:\/\/aldiachaco.com.ar\/index.php\/2026\/03\/13\/somos-humanos-y-cometemos-errores\/"]}]},{"@type":"ImageObject","inLanguage":"es-AR","@id":"https:\/\/aldiachaco.com.ar\/index.php\/2026\/03\/13\/somos-humanos-y-cometemos-errores\/#primaryimage","url":"https:\/\/aldiachaco.com.ar\/wp-content\/uploads\/2026\/03\/Captura-de-pantalla-2026-03-13-102453.png","contentUrl":"https:\/\/aldiachaco.com.ar\/wp-content\/uploads\/2026\/03\/Captura-de-pantalla-2026-03-13-102453.png","width":1079,"height":606},{"@type":"BreadcrumbList","@id":"https:\/\/aldiachaco.com.ar\/index.php\/2026\/03\/13\/somos-humanos-y-cometemos-errores\/#breadcrumb","itemListElement":[{"@type":"ListItem","position":1,"name":"Home","item":"https:\/\/aldiachaco.com.ar\/"},{"@type":"ListItem","position":2,"name":"\u201cSOMOS HUMANOS Y COMETEMOS ERRORES\u201d"}]},{"@type":"WebSite","@id":"https:\/\/aldiachaco.com.ar\/#website","url":"https:\/\/aldiachaco.com.ar\/","name":"Al Dia Chaco","description":"Noticias del Chaco y el mundo","publisher":{"@id":"https:\/\/aldiachaco.com.ar\/#organization"},"alternateName":"Al D\u00eda Chaco","potentialAction":[{"@type":"SearchAction","target":{"@type":"EntryPoint","urlTemplate":"https:\/\/aldiachaco.com.ar\/?s={search_term_string}"},"query-input":{"@type":"PropertyValueSpecification","valueRequired":true,"valueName":"search_term_string"}}],"inLanguage":"es-AR"},{"@type":"Organization","@id":"https:\/\/aldiachaco.com.ar\/#organization","name":"Al Dia Chaco","url":"https:\/\/aldiachaco.com.ar\/","logo":{"@type":"ImageObject","inLanguage":"es-AR","@id":"https:\/\/aldiachaco.com.ar\/#\/schema\/logo\/image\/","url":"https:\/\/aldiachaco.com.ar\/wp-content\/uploads\/2017\/11\/AL-DIA-CHACO-L@2x.png","contentUrl":"https:\/\/aldiachaco.com.ar\/wp-content\/uploads\/2017\/11\/AL-DIA-CHACO-L@2x.png","width":232,"height":60,"caption":"Al Dia Chaco"},"image":{"@id":"https:\/\/aldiachaco.com.ar\/#\/schema\/logo\/image\/"}},{"@type":"Person","@id":"https:\/\/aldiachaco.com.ar\/#\/schema\/person\/b24e975af8022082f5889a7a7299e962","name":"RedaccionRM","image":{"@type":"ImageObject","inLanguage":"es-AR","@id":"https:\/\/aldiachaco.com.ar\/wp-content\/litespeed\/avatar\/a30118fcb7a6295303f1c91164c6aba1.jpg?ver=1777339088","url":"https:\/\/aldiachaco.com.ar\/wp-content\/litespeed\/avatar\/a30118fcb7a6295303f1c91164c6aba1.jpg?ver=1777339088","contentUrl":"https:\/\/aldiachaco.com.ar\/wp-content\/litespeed\/avatar\/a30118fcb7a6295303f1c91164c6aba1.jpg?ver=1777339088","caption":"RedaccionRM"},"url":"https:\/\/aldiachaco.com.ar\/index.php\/author\/redaccionrm\/"}]}},"jetpack_publicize_connections":[],"jetpack_featured_media_url":"https:\/\/aldiachaco.com.ar\/wp-content\/uploads\/2026\/03\/Captura-de-pantalla-2026-03-13-102453.png","jetpack_sharing_enabled":true,"amp_enabled":true,"_links":{"self":[{"href":"https:\/\/aldiachaco.com.ar\/index.php\/wp-json\/wp\/v2\/posts\/117624","targetHints":{"allow":["GET"]}}],"collection":[{"href":"https:\/\/aldiachaco.com.ar\/index.php\/wp-json\/wp\/v2\/posts"}],"about":[{"href":"https:\/\/aldiachaco.com.ar\/index.php\/wp-json\/wp\/v2\/types\/post"}],"author":[{"embeddable":true,"href":"https:\/\/aldiachaco.com.ar\/index.php\/wp-json\/wp\/v2\/users\/9"}],"replies":[{"embeddable":true,"href":"https:\/\/aldiachaco.com.ar\/index.php\/wp-json\/wp\/v2\/comments?post=117624"}],"version-history":[{"count":1,"href":"https:\/\/aldiachaco.com.ar\/index.php\/wp-json\/wp\/v2\/posts\/117624\/revisions"}],"predecessor-version":[{"id":117626,"href":"https:\/\/aldiachaco.com.ar\/index.php\/wp-json\/wp\/v2\/posts\/117624\/revisions\/117626"}],"wp:featuredmedia":[{"embeddable":true,"href":"https:\/\/aldiachaco.com.ar\/index.php\/wp-json\/wp\/v2\/media\/117625"}],"wp:attachment":[{"href":"https:\/\/aldiachaco.com.ar\/index.php\/wp-json\/wp\/v2\/media?parent=117624"}],"wp:term":[{"taxonomy":"category","embeddable":true,"href":"https:\/\/aldiachaco.com.ar\/index.php\/wp-json\/wp\/v2\/categories?post=117624"},{"taxonomy":"post_tag","embeddable":true,"href":"https:\/\/aldiachaco.com.ar\/index.php\/wp-json\/wp\/v2\/tags?post=117624"}],"curies":[{"name":"wp","href":"https:\/\/api.w.org\/{rel}","templated":true}]}}