{"id":117620,"date":"2026-03-13T10:09:18","date_gmt":"2026-03-13T13:09:18","guid":{"rendered":"https:\/\/aldiachaco.com.ar\/?p=117620"},"modified":"2026-03-13T10:09:18","modified_gmt":"2026-03-13T13:09:18","slug":"el-problema-que-sufrio-colapinto-a-metros-de-los-boxes","status":"publish","type":"post","link":"https:\/\/aldiachaco.com.ar\/index.php\/2026\/03\/13\/el-problema-que-sufrio-colapinto-a-metros-de-los-boxes\/","title":{"rendered":"El problema que sufri\u00f3 Colapinto a metros de los boxes"},"content":{"rendered":"<p class=\"ds-markdown-paragraph\">En su primera participaci\u00f3n en el Circuito Internacional de Shangh\u00e1i, Franco Colapinto tuvo un rendimiento discreto en la jornada del viernes del Gran Premio de China. El argentino qued\u00f3 por detr\u00e1s de su compa\u00f1ero Pierre Gasly (7\u00b0) y \u00fanicamente alcanz\u00f3 el 16\u00b0 puesto en la clasificaci\u00f3n para la carrera Sprint. Durante la \u00fanica pr\u00e1ctica libre previa a la qualy, el pilarense tambi\u00e9n fue protagonista de una escena inusual en la F\u00f3rmula 1 cuando su monoplaza de Alpine se qued\u00f3 parado en medio de los boxes y sus mec\u00e1nicos debieron correr por todo el pit lane.<\/p>\n<p class=\"ds-markdown-paragraph\">A falta de 15 minutos para el cierre de los \u00fanicos ensayos libres, Colapinto ingres\u00f3 a boxes para desmontar los neum\u00e1ticos medios y preparar el veh\u00edculo para una simulaci\u00f3n de clasificaci\u00f3n en el final de la sesi\u00f3n. Sin embargo, su coche se apag\u00f3 en los primeros metros del pit lane.<\/p>\n<p class=\"ds-markdown-paragraph\">Luego de que el monoplaza obstruyera por completo la calle de boxes, los mec\u00e1nicos de Alpine, que se encontraban en la parte final de los pits, fueron corriendo para remolcar al argentino. Pero a mitad de camino, el auto de Colapinto encendi\u00f3 nuevamente y pudo avanzar por sus propios medios, aunque cuando lleg\u00f3 al box del equipo franc\u00e9s no hab\u00eda nadie.<\/p>\n<p class=\"ds-markdown-paragraph\">&#8220;\u00a1Oh, no! Franco Colapinto se detiene en el pit lane. Pero \u00e9l logra poner en marcha el coche, \u00a1y sus mec\u00e1nicos de Alpine dan la vuelta!&#8221;, brome\u00f3 la F\u00f3rmula 1 en su cuenta de X. La escuder\u00eda con sede en Enstone no explic\u00f3 cu\u00e1l fue el problema que deriv\u00f3 en que el coche del argentino se quedara detenido. Vale destacar que esta falla se repiti\u00f3 en varios monoplazas a lo largo de los dos fines de semana de actividad. El pilarense lo sufri\u00f3 en Australia y estuvo cerca de provocar un accidente con Lewis Hamilton en la recta principal.<\/p>\n<p class=\"ds-markdown-paragraph\">A pesar del problema en la calle de boxes, Colapinto pudo regresar a pista para rodar con neum\u00e1ticos blandos y marcar una vuelta de 1:34.947 que lo dej\u00f3 15\u00b0. Esta lo dej\u00f3 a una distancia de 0.217 segundos de su compa\u00f1ero Pierre Gasly, que se ubic\u00f3 10\u00b0 en la FP1. El argentino complet\u00f3 un total de 24 giros en el \u00fanico entrenamiento. El hombre de Alpine realiz\u00f3 un trompo en su primera salida a pista en el inicio de esa sesi\u00f3n, aunque sin mayores problemas.<\/p>\n<p class=\"ds-markdown-paragraph\">El panorama sigui\u00f3 de la misma manera en la qualy, ya que el argentino qued\u00f3 atr\u00e1s del franc\u00e9s constantemente. &#8220;Estoy un poco perdido con la qualy porque qued\u00e9 muy lejos de Pierre y es un poco la referencia que tengo. Nos falt\u00f3 bastante performance hoy en mi lado del garage&#8221;. A pesar de las dificultades, Colapinto afirm\u00f3 que &#8220;el coche no estaba mal&#8221; y destac\u00f3 la actuaci\u00f3n de su compa\u00f1ero.<\/p>\n<p class=\"ds-markdown-paragraph\">Colapinto clasific\u00f3 a la SQ2 en el \u00faltimo lugar antes del corte con un tiempo de 1:34.592, 0.622 m\u00e1s lento que el de Gasly, que clasific\u00f3 a la siguiente tanda en el 7\u00b0 lugar con un registro de 1:33.970. El argentino mejor\u00f3 levemente sus tiempos a pesar de lograr su vuelta m\u00e1s r\u00e1pida personal del d\u00eda: fren\u00f3 el cron\u00f3metro en 1:34.327, pero no pudo escapar del 16\u00b0 lugar. Pierre, por su parte, exprimi\u00f3 el rendimiento del Alpine y volvi\u00f3 a clasificar 7\u00b0 con un tiempo de 1:33.495, con el cual le sac\u00f3 una diferencia a Franco de 0.922 segundos.<\/p>\n<p class=\"ds-markdown-paragraph\">Gasly continu\u00f3 con su buen andar en la SQ3 y largar\u00e1 7\u00b0 despu\u00e9s de registrar una vuelta de 1:32.888, terminando por delante de Max Verstappen (8\u00b0), Ollie Bearman (9\u00b0) e Isack Hadjar (10\u00b0). George Russell de Mercedes se qued\u00f3 con la pole.<\/p>\n<p class=\"ds-markdown-paragraph\">El s\u00e1bado 14 de marzo a partir de las 00:00 (hora argentina) se disputar\u00e1 la Sprint del Gran Premio de China, que ser\u00e1 a 19 vueltas y entregar\u00e1 puntos del 1\u00b0 al 8\u00b0 puesto con 8 unidades para el ganador. La clasificaci\u00f3n para la competici\u00f3n principal del fin de semana ser\u00e1 a las 04:00 del mismo d\u00eda, mientras que la carrera ser\u00e1 el domingo 15 de marzo a las 04:00.<\/p>\n<div style=\"width: 1280px;\" class=\"wp-video\"><video class=\"wp-video-shortcode\" id=\"video-117620-1\" width=\"1280\" height=\"720\" preload=\"metadata\" controls=\"controls\"><source type=\"video\/mp4\" src=\"https:\/\/aldiachaco.com.ar\/wp-content\/uploads\/2026\/03\/El-problema-que-sufrio-Colapinto-a-metros-de-los-boxes-en-la-pra.mp4?_=1\" \/><a href=\"https:\/\/aldiachaco.com.ar\/wp-content\/uploads\/2026\/03\/El-problema-que-sufrio-Colapinto-a-metros-de-los-boxes-en-la-pra.mp4\">https:\/\/aldiachaco.com.ar\/wp-content\/uploads\/2026\/03\/El-problema-que-sufrio-Colapinto-a-metros-de-los-boxes-en-la-pra.mp4<\/a><\/video><\/div>\n","protected":false},"excerpt":{"rendered":"<p>En su primera participaci\u00f3n en el Circuito Internacional de Shangh\u00e1i, Franco Colapinto tuvo un rendimiento discreto en la jornada del viernes del Gran Premio de China. El argentino qued\u00f3 por detr\u00e1s de su compa\u00f1ero Pierre Gasly (7\u00b0) y \u00fanicamente alcanz\u00f3 el 16\u00b0 puesto en la clasificaci\u00f3n para la carrera Sprint. Durante la \u00fanica pr\u00e1ctica libre &hellip;<\/p>\n","protected":false},"author":9,"featured_media":117622,"comment_status":"open","ping_status":"open","sticky":false,"template":"","format":"standard","meta":{"content-type":"","_monsterinsights_skip_tracking":false,"_monsterinsights_sitenote_active":false,"_monsterinsights_sitenote_note":"","_monsterinsights_sitenote_category":0,"_jetpack_memberships_contains_paid_content":false,"footnotes":"","jetpack_publicize_message":"","jetpack_publicize_feature_enabled":true,"jetpack_social_post_already_shared":true,"jetpack_social_options":{"image_generator_settings":{"template":"highway","default_image_id":0,"font":"","enabled":false},"version":2}},"categories":[72],"tags":[],"class_list":["post-117620","post","type-post","status-publish","format-standard","has-post-thumbnail","hentry","category-deportes"],"yoast_head":"<!-- This site is optimized with the Yoast SEO plugin v27.4 - https:\/\/yoast.com\/product\/yoast-seo-wordpress\/ -->\n<title>El problema que sufri\u00f3 Colapinto a metros de los boxes | Al Dia Chaco<\/title>\n<meta name=\"robots\" content=\"index, follow, max-snippet:-1, max-image-preview:large, max-video-preview:-1\" \/>\n<link rel=\"canonical\" href=\"https:\/\/aldiachaco.com.ar\/index.php\/2026\/03\/13\/el-problema-que-sufrio-colapinto-a-metros-de-los-boxes\/\" \/>\n<meta property=\"og:locale\" content=\"es_ES\" \/>\n<meta property=\"og:type\" content=\"article\" \/>\n<meta property=\"og:title\" content=\"El problema que sufri\u00f3 Colapinto a metros de los boxes | Al Dia Chaco\" \/>\n<meta property=\"og:description\" content=\"En su primera participaci\u00f3n en el Circuito Internacional de Shangh\u00e1i, Franco Colapinto tuvo un rendimiento discreto en la jornada del viernes del Gran Premio de China. El argentino qued\u00f3 por detr\u00e1s de su compa\u00f1ero Pierre Gasly (7\u00b0) y \u00fanicamente alcanz\u00f3 el 16\u00b0 puesto en la clasificaci\u00f3n para la carrera Sprint. Durante la \u00fanica pr\u00e1ctica libre &hellip;\" \/>\n<meta property=\"og:url\" content=\"https:\/\/aldiachaco.com.ar\/index.php\/2026\/03\/13\/el-problema-que-sufrio-colapinto-a-metros-de-los-boxes\/\" \/>\n<meta property=\"og:site_name\" content=\"Al Dia Chaco\" \/>\n<meta property=\"article:published_time\" content=\"2026-03-13T13:09:18+00:00\" \/>\n<meta property=\"og:image\" content=\"https:\/\/aldiachaco.com.ar\/wp-content\/uploads\/2026\/03\/1303COLAPINTO.webp\" \/>\n\t<meta property=\"og:image:width\" content=\"1024\" \/>\n\t<meta property=\"og:image:height\" content=\"580\" \/>\n\t<meta property=\"og:image:type\" content=\"image\/webp\" \/>\n<meta name=\"author\" content=\"RedaccionRM\" \/>\n<meta name=\"twitter:card\" content=\"summary_large_image\" \/>\n<meta name=\"twitter:label1\" content=\"Escrito por\" \/>\n\t<meta name=\"twitter:data1\" content=\"RedaccionRM\" \/>\n\t<meta name=\"twitter:label2\" content=\"Tiempo de lectura\" \/>\n\t<meta name=\"twitter:data2\" content=\"4 minutos\" \/>\n<script type=\"application\/ld+json\" class=\"yoast-schema-graph\">{\"@context\":\"https:\\\/\\\/schema.org\",\"@graph\":[{\"@type\":\"Article\",\"@id\":\"https:\\\/\\\/aldiachaco.com.ar\\\/index.php\\\/2026\\\/03\\\/13\\\/el-problema-que-sufrio-colapinto-a-metros-de-los-boxes\\\/#article\",\"isPartOf\":{\"@id\":\"https:\\\/\\\/aldiachaco.com.ar\\\/index.php\\\/2026\\\/03\\\/13\\\/el-problema-que-sufrio-colapinto-a-metros-de-los-boxes\\\/\"},\"author\":{\"name\":\"RedaccionRM\",\"@id\":\"https:\\\/\\\/aldiachaco.com.ar\\\/#\\\/schema\\\/person\\\/b24e975af8022082f5889a7a7299e962\"},\"headline\":\"El problema que sufri\u00f3 Colapinto a metros de los boxes\",\"datePublished\":\"2026-03-13T13:09:18+00:00\",\"mainEntityOfPage\":{\"@id\":\"https:\\\/\\\/aldiachaco.com.ar\\\/index.php\\\/2026\\\/03\\\/13\\\/el-problema-que-sufrio-colapinto-a-metros-de-los-boxes\\\/\"},\"wordCount\":699,\"commentCount\":0,\"publisher\":{\"@id\":\"https:\\\/\\\/aldiachaco.com.ar\\\/#organization\"},\"image\":{\"@id\":\"https:\\\/\\\/aldiachaco.com.ar\\\/index.php\\\/2026\\\/03\\\/13\\\/el-problema-que-sufrio-colapinto-a-metros-de-los-boxes\\\/#primaryimage\"},\"thumbnailUrl\":\"https:\\\/\\\/aldiachaco.com.ar\\\/wp-content\\\/uploads\\\/2026\\\/03\\\/1303COLAPINTO.webp\",\"articleSection\":[\"Deportes\"],\"inLanguage\":\"es-AR\",\"potentialAction\":[{\"@type\":\"CommentAction\",\"name\":\"Comment\",\"target\":[\"https:\\\/\\\/aldiachaco.com.ar\\\/index.php\\\/2026\\\/03\\\/13\\\/el-problema-que-sufrio-colapinto-a-metros-de-los-boxes\\\/#respond\"]}]},{\"@type\":\"WebPage\",\"@id\":\"https:\\\/\\\/aldiachaco.com.ar\\\/index.php\\\/2026\\\/03\\\/13\\\/el-problema-que-sufrio-colapinto-a-metros-de-los-boxes\\\/\",\"url\":\"https:\\\/\\\/aldiachaco.com.ar\\\/index.php\\\/2026\\\/03\\\/13\\\/el-problema-que-sufrio-colapinto-a-metros-de-los-boxes\\\/\",\"name\":\"El problema que sufri\u00f3 Colapinto a metros de los boxes | Al Dia Chaco\",\"isPartOf\":{\"@id\":\"https:\\\/\\\/aldiachaco.com.ar\\\/#website\"},\"primaryImageOfPage\":{\"@id\":\"https:\\\/\\\/aldiachaco.com.ar\\\/index.php\\\/2026\\\/03\\\/13\\\/el-problema-que-sufrio-colapinto-a-metros-de-los-boxes\\\/#primaryimage\"},\"image\":{\"@id\":\"https:\\\/\\\/aldiachaco.com.ar\\\/index.php\\\/2026\\\/03\\\/13\\\/el-problema-que-sufrio-colapinto-a-metros-de-los-boxes\\\/#primaryimage\"},\"thumbnailUrl\":\"https:\\\/\\\/aldiachaco.com.ar\\\/wp-content\\\/uploads\\\/2026\\\/03\\\/1303COLAPINTO.webp\",\"datePublished\":\"2026-03-13T13:09:18+00:00\",\"breadcrumb\":{\"@id\":\"https:\\\/\\\/aldiachaco.com.ar\\\/index.php\\\/2026\\\/03\\\/13\\\/el-problema-que-sufrio-colapinto-a-metros-de-los-boxes\\\/#breadcrumb\"},\"inLanguage\":\"es-AR\",\"potentialAction\":[{\"@type\":\"ReadAction\",\"target\":[\"https:\\\/\\\/aldiachaco.com.ar\\\/index.php\\\/2026\\\/03\\\/13\\\/el-problema-que-sufrio-colapinto-a-metros-de-los-boxes\\\/\"]}]},{\"@type\":\"ImageObject\",\"inLanguage\":\"es-AR\",\"@id\":\"https:\\\/\\\/aldiachaco.com.ar\\\/index.php\\\/2026\\\/03\\\/13\\\/el-problema-que-sufrio-colapinto-a-metros-de-los-boxes\\\/#primaryimage\",\"url\":\"https:\\\/\\\/aldiachaco.com.ar\\\/wp-content\\\/uploads\\\/2026\\\/03\\\/1303COLAPINTO.webp\",\"contentUrl\":\"https:\\\/\\\/aldiachaco.com.ar\\\/wp-content\\\/uploads\\\/2026\\\/03\\\/1303COLAPINTO.webp\",\"width\":1024,\"height\":580},{\"@type\":\"BreadcrumbList\",\"@id\":\"https:\\\/\\\/aldiachaco.com.ar\\\/index.php\\\/2026\\\/03\\\/13\\\/el-problema-que-sufrio-colapinto-a-metros-de-los-boxes\\\/#breadcrumb\",\"itemListElement\":[{\"@type\":\"ListItem\",\"position\":1,\"name\":\"Home\",\"item\":\"https:\\\/\\\/aldiachaco.com.ar\\\/\"},{\"@type\":\"ListItem\",\"position\":2,\"name\":\"El problema que sufri\u00f3 Colapinto a metros de los boxes\"}]},{\"@type\":\"WebSite\",\"@id\":\"https:\\\/\\\/aldiachaco.com.ar\\\/#website\",\"url\":\"https:\\\/\\\/aldiachaco.com.ar\\\/\",\"name\":\"Al Dia Chaco\",\"description\":\"Noticias del Chaco y el mundo\",\"publisher\":{\"@id\":\"https:\\\/\\\/aldiachaco.com.ar\\\/#organization\"},\"alternateName\":\"Al D\u00eda Chaco\",\"potentialAction\":[{\"@type\":\"SearchAction\",\"target\":{\"@type\":\"EntryPoint\",\"urlTemplate\":\"https:\\\/\\\/aldiachaco.com.ar\\\/?s={search_term_string}\"},\"query-input\":{\"@type\":\"PropertyValueSpecification\",\"valueRequired\":true,\"valueName\":\"search_term_string\"}}],\"inLanguage\":\"es-AR\"},{\"@type\":\"Organization\",\"@id\":\"https:\\\/\\\/aldiachaco.com.ar\\\/#organization\",\"name\":\"Al Dia Chaco\",\"url\":\"https:\\\/\\\/aldiachaco.com.ar\\\/\",\"logo\":{\"@type\":\"ImageObject\",\"inLanguage\":\"es-AR\",\"@id\":\"https:\\\/\\\/aldiachaco.com.ar\\\/#\\\/schema\\\/logo\\\/image\\\/\",\"url\":\"https:\\\/\\\/aldiachaco.com.ar\\\/wp-content\\\/uploads\\\/2017\\\/11\\\/AL-DIA-CHACO-L@2x.png\",\"contentUrl\":\"https:\\\/\\\/aldiachaco.com.ar\\\/wp-content\\\/uploads\\\/2017\\\/11\\\/AL-DIA-CHACO-L@2x.png\",\"width\":232,\"height\":60,\"caption\":\"Al Dia Chaco\"},\"image\":{\"@id\":\"https:\\\/\\\/aldiachaco.com.ar\\\/#\\\/schema\\\/logo\\\/image\\\/\"}},{\"@type\":\"Person\",\"@id\":\"https:\\\/\\\/aldiachaco.com.ar\\\/#\\\/schema\\\/person\\\/b24e975af8022082f5889a7a7299e962\",\"name\":\"RedaccionRM\",\"image\":{\"@type\":\"ImageObject\",\"inLanguage\":\"es-AR\",\"@id\":\"https:\\\/\\\/aldiachaco.com.ar\\\/wp-content\\\/litespeed\\\/avatar\\\/a30118fcb7a6295303f1c91164c6aba1.jpg?ver=1777339088\",\"url\":\"https:\\\/\\\/aldiachaco.com.ar\\\/wp-content\\\/litespeed\\\/avatar\\\/a30118fcb7a6295303f1c91164c6aba1.jpg?ver=1777339088\",\"contentUrl\":\"https:\\\/\\\/aldiachaco.com.ar\\\/wp-content\\\/litespeed\\\/avatar\\\/a30118fcb7a6295303f1c91164c6aba1.jpg?ver=1777339088\",\"caption\":\"RedaccionRM\"},\"url\":\"https:\\\/\\\/aldiachaco.com.ar\\\/index.php\\\/author\\\/redaccionrm\\\/\"}]}<\/script>\n<!-- \/ Yoast SEO plugin. -->","yoast_head_json":{"title":"El problema que sufri\u00f3 Colapinto a metros de los boxes | Al Dia Chaco","robots":{"index":"index","follow":"follow","max-snippet":"max-snippet:-1","max-image-preview":"max-image-preview:large","max-video-preview":"max-video-preview:-1"},"canonical":"https:\/\/aldiachaco.com.ar\/index.php\/2026\/03\/13\/el-problema-que-sufrio-colapinto-a-metros-de-los-boxes\/","og_locale":"es_ES","og_type":"article","og_title":"El problema que sufri\u00f3 Colapinto a metros de los boxes | Al Dia Chaco","og_description":"En su primera participaci\u00f3n en el Circuito Internacional de Shangh\u00e1i, Franco Colapinto tuvo un rendimiento discreto en la jornada del viernes del Gran Premio de China. El argentino qued\u00f3 por detr\u00e1s de su compa\u00f1ero Pierre Gasly (7\u00b0) y \u00fanicamente alcanz\u00f3 el 16\u00b0 puesto en la clasificaci\u00f3n para la carrera Sprint. Durante la \u00fanica pr\u00e1ctica libre &hellip;","og_url":"https:\/\/aldiachaco.com.ar\/index.php\/2026\/03\/13\/el-problema-que-sufrio-colapinto-a-metros-de-los-boxes\/","og_site_name":"Al Dia Chaco","article_published_time":"2026-03-13T13:09:18+00:00","og_image":[{"width":1024,"height":580,"url":"https:\/\/aldiachaco.com.ar\/wp-content\/uploads\/2026\/03\/1303COLAPINTO.webp","type":"image\/webp"}],"author":"RedaccionRM","twitter_card":"summary_large_image","twitter_misc":{"Escrito por":"RedaccionRM","Tiempo de lectura":"4 minutos"},"schema":{"@context":"https:\/\/schema.org","@graph":[{"@type":"Article","@id":"https:\/\/aldiachaco.com.ar\/index.php\/2026\/03\/13\/el-problema-que-sufrio-colapinto-a-metros-de-los-boxes\/#article","isPartOf":{"@id":"https:\/\/aldiachaco.com.ar\/index.php\/2026\/03\/13\/el-problema-que-sufrio-colapinto-a-metros-de-los-boxes\/"},"author":{"name":"RedaccionRM","@id":"https:\/\/aldiachaco.com.ar\/#\/schema\/person\/b24e975af8022082f5889a7a7299e962"},"headline":"El problema que sufri\u00f3 Colapinto a metros de los boxes","datePublished":"2026-03-13T13:09:18+00:00","mainEntityOfPage":{"@id":"https:\/\/aldiachaco.com.ar\/index.php\/2026\/03\/13\/el-problema-que-sufrio-colapinto-a-metros-de-los-boxes\/"},"wordCount":699,"commentCount":0,"publisher":{"@id":"https:\/\/aldiachaco.com.ar\/#organization"},"image":{"@id":"https:\/\/aldiachaco.com.ar\/index.php\/2026\/03\/13\/el-problema-que-sufrio-colapinto-a-metros-de-los-boxes\/#primaryimage"},"thumbnailUrl":"https:\/\/aldiachaco.com.ar\/wp-content\/uploads\/2026\/03\/1303COLAPINTO.webp","articleSection":["Deportes"],"inLanguage":"es-AR","potentialAction":[{"@type":"CommentAction","name":"Comment","target":["https:\/\/aldiachaco.com.ar\/index.php\/2026\/03\/13\/el-problema-que-sufrio-colapinto-a-metros-de-los-boxes\/#respond"]}]},{"@type":"WebPage","@id":"https:\/\/aldiachaco.com.ar\/index.php\/2026\/03\/13\/el-problema-que-sufrio-colapinto-a-metros-de-los-boxes\/","url":"https:\/\/aldiachaco.com.ar\/index.php\/2026\/03\/13\/el-problema-que-sufrio-colapinto-a-metros-de-los-boxes\/","name":"El problema que sufri\u00f3 Colapinto a metros de los boxes | Al Dia Chaco","isPartOf":{"@id":"https:\/\/aldiachaco.com.ar\/#website"},"primaryImageOfPage":{"@id":"https:\/\/aldiachaco.com.ar\/index.php\/2026\/03\/13\/el-problema-que-sufrio-colapinto-a-metros-de-los-boxes\/#primaryimage"},"image":{"@id":"https:\/\/aldiachaco.com.ar\/index.php\/2026\/03\/13\/el-problema-que-sufrio-colapinto-a-metros-de-los-boxes\/#primaryimage"},"thumbnailUrl":"https:\/\/aldiachaco.com.ar\/wp-content\/uploads\/2026\/03\/1303COLAPINTO.webp","datePublished":"2026-03-13T13:09:18+00:00","breadcrumb":{"@id":"https:\/\/aldiachaco.com.ar\/index.php\/2026\/03\/13\/el-problema-que-sufrio-colapinto-a-metros-de-los-boxes\/#breadcrumb"},"inLanguage":"es-AR","potentialAction":[{"@type":"ReadAction","target":["https:\/\/aldiachaco.com.ar\/index.php\/2026\/03\/13\/el-problema-que-sufrio-colapinto-a-metros-de-los-boxes\/"]}]},{"@type":"ImageObject","inLanguage":"es-AR","@id":"https:\/\/aldiachaco.com.ar\/index.php\/2026\/03\/13\/el-problema-que-sufrio-colapinto-a-metros-de-los-boxes\/#primaryimage","url":"https:\/\/aldiachaco.com.ar\/wp-content\/uploads\/2026\/03\/1303COLAPINTO.webp","contentUrl":"https:\/\/aldiachaco.com.ar\/wp-content\/uploads\/2026\/03\/1303COLAPINTO.webp","width":1024,"height":580},{"@type":"BreadcrumbList","@id":"https:\/\/aldiachaco.com.ar\/index.php\/2026\/03\/13\/el-problema-que-sufrio-colapinto-a-metros-de-los-boxes\/#breadcrumb","itemListElement":[{"@type":"ListItem","position":1,"name":"Home","item":"https:\/\/aldiachaco.com.ar\/"},{"@type":"ListItem","position":2,"name":"El problema que sufri\u00f3 Colapinto a metros de los boxes"}]},{"@type":"WebSite","@id":"https:\/\/aldiachaco.com.ar\/#website","url":"https:\/\/aldiachaco.com.ar\/","name":"Al Dia Chaco","description":"Noticias del Chaco y el mundo","publisher":{"@id":"https:\/\/aldiachaco.com.ar\/#organization"},"alternateName":"Al D\u00eda Chaco","potentialAction":[{"@type":"SearchAction","target":{"@type":"EntryPoint","urlTemplate":"https:\/\/aldiachaco.com.ar\/?s={search_term_string}"},"query-input":{"@type":"PropertyValueSpecification","valueRequired":true,"valueName":"search_term_string"}}],"inLanguage":"es-AR"},{"@type":"Organization","@id":"https:\/\/aldiachaco.com.ar\/#organization","name":"Al Dia Chaco","url":"https:\/\/aldiachaco.com.ar\/","logo":{"@type":"ImageObject","inLanguage":"es-AR","@id":"https:\/\/aldiachaco.com.ar\/#\/schema\/logo\/image\/","url":"https:\/\/aldiachaco.com.ar\/wp-content\/uploads\/2017\/11\/AL-DIA-CHACO-L@2x.png","contentUrl":"https:\/\/aldiachaco.com.ar\/wp-content\/uploads\/2017\/11\/AL-DIA-CHACO-L@2x.png","width":232,"height":60,"caption":"Al Dia Chaco"},"image":{"@id":"https:\/\/aldiachaco.com.ar\/#\/schema\/logo\/image\/"}},{"@type":"Person","@id":"https:\/\/aldiachaco.com.ar\/#\/schema\/person\/b24e975af8022082f5889a7a7299e962","name":"RedaccionRM","image":{"@type":"ImageObject","inLanguage":"es-AR","@id":"https:\/\/aldiachaco.com.ar\/wp-content\/litespeed\/avatar\/a30118fcb7a6295303f1c91164c6aba1.jpg?ver=1777339088","url":"https:\/\/aldiachaco.com.ar\/wp-content\/litespeed\/avatar\/a30118fcb7a6295303f1c91164c6aba1.jpg?ver=1777339088","contentUrl":"https:\/\/aldiachaco.com.ar\/wp-content\/litespeed\/avatar\/a30118fcb7a6295303f1c91164c6aba1.jpg?ver=1777339088","caption":"RedaccionRM"},"url":"https:\/\/aldiachaco.com.ar\/index.php\/author\/redaccionrm\/"}]}},"jetpack_publicize_connections":[],"jetpack_featured_media_url":"https:\/\/aldiachaco.com.ar\/wp-content\/uploads\/2026\/03\/1303COLAPINTO.webp","jetpack_sharing_enabled":true,"amp_enabled":true,"_links":{"self":[{"href":"https:\/\/aldiachaco.com.ar\/index.php\/wp-json\/wp\/v2\/posts\/117620","targetHints":{"allow":["GET"]}}],"collection":[{"href":"https:\/\/aldiachaco.com.ar\/index.php\/wp-json\/wp\/v2\/posts"}],"about":[{"href":"https:\/\/aldiachaco.com.ar\/index.php\/wp-json\/wp\/v2\/types\/post"}],"author":[{"embeddable":true,"href":"https:\/\/aldiachaco.com.ar\/index.php\/wp-json\/wp\/v2\/users\/9"}],"replies":[{"embeddable":true,"href":"https:\/\/aldiachaco.com.ar\/index.php\/wp-json\/wp\/v2\/comments?post=117620"}],"version-history":[{"count":1,"href":"https:\/\/aldiachaco.com.ar\/index.php\/wp-json\/wp\/v2\/posts\/117620\/revisions"}],"predecessor-version":[{"id":117623,"href":"https:\/\/aldiachaco.com.ar\/index.php\/wp-json\/wp\/v2\/posts\/117620\/revisions\/117623"}],"wp:featuredmedia":[{"embeddable":true,"href":"https:\/\/aldiachaco.com.ar\/index.php\/wp-json\/wp\/v2\/media\/117622"}],"wp:attachment":[{"href":"https:\/\/aldiachaco.com.ar\/index.php\/wp-json\/wp\/v2\/media?parent=117620"}],"wp:term":[{"taxonomy":"category","embeddable":true,"href":"https:\/\/aldiachaco.com.ar\/index.php\/wp-json\/wp\/v2\/categories?post=117620"},{"taxonomy":"post_tag","embeddable":true,"href":"https:\/\/aldiachaco.com.ar\/index.php\/wp-json\/wp\/v2\/tags?post=117620"}],"curies":[{"name":"wp","href":"https:\/\/api.w.org\/{rel}","templated":true}]}}