{"id":117617,"date":"2026-03-13T09:29:54","date_gmt":"2026-03-13T12:29:54","guid":{"rendered":"https:\/\/aldiachaco.com.ar\/?p=117617"},"modified":"2026-03-13T09:29:54","modified_gmt":"2026-03-13T12:29:54","slug":"vendio-un-iphone-por-marketplace-y-cuando-lo-fue-a-entregar-se-lo-robaron-y-le-dieron-un-tiro","status":"publish","type":"post","link":"https:\/\/aldiachaco.com.ar\/index.php\/2026\/03\/13\/vendio-un-iphone-por-marketplace-y-cuando-lo-fue-a-entregar-se-lo-robaron-y-le-dieron-un-tiro\/","title":{"rendered":"Vendi\u00f3 un iPhone por Marketplace y cuando lo fue a entregar se lo robaron y le dieron un tiro"},"content":{"rendered":"<p class=\"ds-markdown-paragraph\">Gabriel Garc\u00eda, un influencer de 32 a\u00f1os conocido en redes como &#8220;El Profe&#8221;, fue v\u00edctima de un violento asalto en el barrio porte\u00f1o de Barracas cuando acudi\u00f3 a vender dos tel\u00e9fonos celulares. Recibi\u00f3 un disparo en la pierna y logr\u00f3 escapar en su moto.<\/p>\n<p class=\"ds-markdown-paragraph\">El hecho ocurri\u00f3 el 2 de marzo en la esquina de Santo Domingo y Santa Elena. Garc\u00eda pact\u00f3 la venta a trav\u00e9s de Marketplace con un supuesto comprador, pero todo result\u00f3 ser una trampa. El influencer, que suele compartir contenido sobre tecnolog\u00eda y ventas, llevaba puestos unos anteojos con c\u00e1mara que grabaron toda la secuencia.<\/p>\n<p class=\"ds-markdown-paragraph\">En las im\u00e1genes se ve c\u00f3mo entrega uno de los tel\u00e9fonos para que lo prueben y, al notar la presencia de un tercer hombre con actitud sospechosa, acelera la moto para escapar. Inmediatamente se escucha un disparo que impacta en su pierna derecha. A pesar de la herida, logr\u00f3 avanzar unos metros hasta pedir ayuda a los vecinos, quienes finalmente lo asistieron y llamaron al SAME.<\/p>\n<p><iframe loading=\"lazy\" style=\"border: none; overflow: hidden;\" src=\"https:\/\/www.facebook.com\/plugins\/video.php?height=476&amp;href=https%3A%2F%2Fwww.facebook.com%2Freel%2F1434116851544962%2F&amp;show_text=true&amp;width=267&amp;t=0\" width=\"267\" height=\"591\" frameborder=\"0\" scrolling=\"no\" allowfullscreen=\"allowfullscreen\"><\/iframe><\/p>\n<p class=\"ds-markdown-paragraph\">Garc\u00eda fue trasladado al hospital Penna. Su vida no corre peligro, seg\u00fan el parte m\u00e9dico. El caso es investigado por la Fiscal\u00eda Criminal y Correccional N\u00b0 23, a cargo del fiscal Marcelo Retes, como robo a mano armada y lesiones. El video grabado por la v\u00edctima es clave para identificar a los sospechosos. Hasta el momento no hay detenidos.<\/p>\n","protected":false},"excerpt":{"rendered":"<p>Gabriel Garc\u00eda, un influencer de 32 a\u00f1os conocido en redes como &#8220;El Profe&#8221;, fue v\u00edctima de un violento asalto en el barrio porte\u00f1o de Barracas cuando acudi\u00f3 a vender dos tel\u00e9fonos celulares. Recibi\u00f3 un disparo en la pierna y logr\u00f3 escapar en su moto. El hecho ocurri\u00f3 el 2 de marzo en la esquina de &hellip;<\/p>\n","protected":false},"author":1,"featured_media":117618,"comment_status":"open","ping_status":"open","sticky":false,"template":"","format":"standard","meta":{"content-type":"","_monsterinsights_skip_tracking":false,"_monsterinsights_sitenote_active":false,"_monsterinsights_sitenote_note":"","_monsterinsights_sitenote_category":0,"_jetpack_memberships_contains_paid_content":false,"footnotes":"","jetpack_publicize_message":"","jetpack_publicize_feature_enabled":true,"jetpack_social_post_already_shared":true,"jetpack_social_options":{"image_generator_settings":{"template":"highway","default_image_id":0,"font":"","enabled":false},"version":2}},"categories":[298,86],"tags":[],"class_list":["post-117617","post","type-post","status-publish","format-standard","has-post-thumbnail","hentry","category-buenos-aires","category-policiales"],"yoast_head":"<!-- This site is optimized with the Yoast SEO plugin v27.4 - https:\/\/yoast.com\/product\/yoast-seo-wordpress\/ -->\n<title>Vendi\u00f3 un iPhone por Marketplace y cuando lo fue a entregar se lo robaron y le dieron un tiro | Al Dia Chaco<\/title>\n<meta name=\"robots\" content=\"index, follow, max-snippet:-1, max-image-preview:large, max-video-preview:-1\" \/>\n<link rel=\"canonical\" href=\"https:\/\/aldiachaco.com.ar\/index.php\/2026\/03\/13\/vendio-un-iphone-por-marketplace-y-cuando-lo-fue-a-entregar-se-lo-robaron-y-le-dieron-un-tiro\/\" \/>\n<meta property=\"og:locale\" content=\"es_ES\" \/>\n<meta property=\"og:type\" content=\"article\" \/>\n<meta property=\"og:title\" content=\"Vendi\u00f3 un iPhone por Marketplace y cuando lo fue a entregar se lo robaron y le dieron un tiro | Al Dia Chaco\" \/>\n<meta property=\"og:description\" content=\"Gabriel Garc\u00eda, un influencer de 32 a\u00f1os conocido en redes como &#8220;El Profe&#8221;, fue v\u00edctima de un violento asalto en el barrio porte\u00f1o de Barracas cuando acudi\u00f3 a vender dos tel\u00e9fonos celulares. Recibi\u00f3 un disparo en la pierna y logr\u00f3 escapar en su moto. El hecho ocurri\u00f3 el 2 de marzo en la esquina de &hellip;\" \/>\n<meta property=\"og:url\" content=\"https:\/\/aldiachaco.com.ar\/index.php\/2026\/03\/13\/vendio-un-iphone-por-marketplace-y-cuando-lo-fue-a-entregar-se-lo-robaron-y-le-dieron-un-tiro\/\" \/>\n<meta property=\"og:site_name\" content=\"Al Dia Chaco\" \/>\n<meta property=\"article:published_time\" content=\"2026-03-13T12:29:54+00:00\" \/>\n<meta property=\"og:image\" content=\"https:\/\/aldiachaco.com.ar\/wp-content\/uploads\/2026\/03\/Captura-de-pantalla-2026-03-13-090455.png\" \/>\n\t<meta property=\"og:image:width\" content=\"665\" \/>\n\t<meta property=\"og:image:height\" content=\"370\" \/>\n\t<meta property=\"og:image:type\" content=\"image\/png\" \/>\n<meta name=\"author\" content=\"aldiachaco.com.ar\" \/>\n<meta name=\"twitter:card\" content=\"summary_large_image\" \/>\n<meta name=\"twitter:label1\" content=\"Escrito por\" \/>\n\t<meta name=\"twitter:data1\" content=\"aldiachaco.com.ar\" \/>\n\t<meta name=\"twitter:label2\" content=\"Tiempo de lectura\" \/>\n\t<meta name=\"twitter:data2\" content=\"2 minutos\" \/>\n<script type=\"application\/ld+json\" class=\"yoast-schema-graph\">{\"@context\":\"https:\\\/\\\/schema.org\",\"@graph\":[{\"@type\":\"Article\",\"@id\":\"https:\\\/\\\/aldiachaco.com.ar\\\/index.php\\\/2026\\\/03\\\/13\\\/vendio-un-iphone-por-marketplace-y-cuando-lo-fue-a-entregar-se-lo-robaron-y-le-dieron-un-tiro\\\/#article\",\"isPartOf\":{\"@id\":\"https:\\\/\\\/aldiachaco.com.ar\\\/index.php\\\/2026\\\/03\\\/13\\\/vendio-un-iphone-por-marketplace-y-cuando-lo-fue-a-entregar-se-lo-robaron-y-le-dieron-un-tiro\\\/\"},\"author\":{\"name\":\"aldiachaco.com.ar\",\"@id\":\"https:\\\/\\\/aldiachaco.com.ar\\\/#\\\/schema\\\/person\\\/80113835e512ba580e79a945932487f5\"},\"headline\":\"Vendi\u00f3 un iPhone por Marketplace y cuando lo fue a entregar se lo robaron y le dieron un tiro\",\"datePublished\":\"2026-03-13T12:29:54+00:00\",\"mainEntityOfPage\":{\"@id\":\"https:\\\/\\\/aldiachaco.com.ar\\\/index.php\\\/2026\\\/03\\\/13\\\/vendio-un-iphone-por-marketplace-y-cuando-lo-fue-a-entregar-se-lo-robaron-y-le-dieron-un-tiro\\\/\"},\"wordCount\":257,\"commentCount\":0,\"publisher\":{\"@id\":\"https:\\\/\\\/aldiachaco.com.ar\\\/#organization\"},\"image\":{\"@id\":\"https:\\\/\\\/aldiachaco.com.ar\\\/index.php\\\/2026\\\/03\\\/13\\\/vendio-un-iphone-por-marketplace-y-cuando-lo-fue-a-entregar-se-lo-robaron-y-le-dieron-un-tiro\\\/#primaryimage\"},\"thumbnailUrl\":\"https:\\\/\\\/aldiachaco.com.ar\\\/wp-content\\\/uploads\\\/2026\\\/03\\\/Captura-de-pantalla-2026-03-13-090455.png\",\"articleSection\":[\"Buenos Aires\",\"Policiales\"],\"inLanguage\":\"es-AR\",\"potentialAction\":[{\"@type\":\"CommentAction\",\"name\":\"Comment\",\"target\":[\"https:\\\/\\\/aldiachaco.com.ar\\\/index.php\\\/2026\\\/03\\\/13\\\/vendio-un-iphone-por-marketplace-y-cuando-lo-fue-a-entregar-se-lo-robaron-y-le-dieron-un-tiro\\\/#respond\"]}]},{\"@type\":\"WebPage\",\"@id\":\"https:\\\/\\\/aldiachaco.com.ar\\\/index.php\\\/2026\\\/03\\\/13\\\/vendio-un-iphone-por-marketplace-y-cuando-lo-fue-a-entregar-se-lo-robaron-y-le-dieron-un-tiro\\\/\",\"url\":\"https:\\\/\\\/aldiachaco.com.ar\\\/index.php\\\/2026\\\/03\\\/13\\\/vendio-un-iphone-por-marketplace-y-cuando-lo-fue-a-entregar-se-lo-robaron-y-le-dieron-un-tiro\\\/\",\"name\":\"Vendi\u00f3 un iPhone por Marketplace y cuando lo fue a entregar se lo robaron y le dieron un tiro | Al Dia Chaco\",\"isPartOf\":{\"@id\":\"https:\\\/\\\/aldiachaco.com.ar\\\/#website\"},\"primaryImageOfPage\":{\"@id\":\"https:\\\/\\\/aldiachaco.com.ar\\\/index.php\\\/2026\\\/03\\\/13\\\/vendio-un-iphone-por-marketplace-y-cuando-lo-fue-a-entregar-se-lo-robaron-y-le-dieron-un-tiro\\\/#primaryimage\"},\"image\":{\"@id\":\"https:\\\/\\\/aldiachaco.com.ar\\\/index.php\\\/2026\\\/03\\\/13\\\/vendio-un-iphone-por-marketplace-y-cuando-lo-fue-a-entregar-se-lo-robaron-y-le-dieron-un-tiro\\\/#primaryimage\"},\"thumbnailUrl\":\"https:\\\/\\\/aldiachaco.com.ar\\\/wp-content\\\/uploads\\\/2026\\\/03\\\/Captura-de-pantalla-2026-03-13-090455.png\",\"datePublished\":\"2026-03-13T12:29:54+00:00\",\"breadcrumb\":{\"@id\":\"https:\\\/\\\/aldiachaco.com.ar\\\/index.php\\\/2026\\\/03\\\/13\\\/vendio-un-iphone-por-marketplace-y-cuando-lo-fue-a-entregar-se-lo-robaron-y-le-dieron-un-tiro\\\/#breadcrumb\"},\"inLanguage\":\"es-AR\",\"potentialAction\":[{\"@type\":\"ReadAction\",\"target\":[\"https:\\\/\\\/aldiachaco.com.ar\\\/index.php\\\/2026\\\/03\\\/13\\\/vendio-un-iphone-por-marketplace-y-cuando-lo-fue-a-entregar-se-lo-robaron-y-le-dieron-un-tiro\\\/\"]}]},{\"@type\":\"ImageObject\",\"inLanguage\":\"es-AR\",\"@id\":\"https:\\\/\\\/aldiachaco.com.ar\\\/index.php\\\/2026\\\/03\\\/13\\\/vendio-un-iphone-por-marketplace-y-cuando-lo-fue-a-entregar-se-lo-robaron-y-le-dieron-un-tiro\\\/#primaryimage\",\"url\":\"https:\\\/\\\/aldiachaco.com.ar\\\/wp-content\\\/uploads\\\/2026\\\/03\\\/Captura-de-pantalla-2026-03-13-090455.png\",\"contentUrl\":\"https:\\\/\\\/aldiachaco.com.ar\\\/wp-content\\\/uploads\\\/2026\\\/03\\\/Captura-de-pantalla-2026-03-13-090455.png\",\"width\":665,\"height\":370},{\"@type\":\"BreadcrumbList\",\"@id\":\"https:\\\/\\\/aldiachaco.com.ar\\\/index.php\\\/2026\\\/03\\\/13\\\/vendio-un-iphone-por-marketplace-y-cuando-lo-fue-a-entregar-se-lo-robaron-y-le-dieron-un-tiro\\\/#breadcrumb\",\"itemListElement\":[{\"@type\":\"ListItem\",\"position\":1,\"name\":\"Home\",\"item\":\"https:\\\/\\\/aldiachaco.com.ar\\\/\"},{\"@type\":\"ListItem\",\"position\":2,\"name\":\"Vendi\u00f3 un iPhone por Marketplace y cuando lo fue a entregar se lo robaron y le dieron un tiro\"}]},{\"@type\":\"WebSite\",\"@id\":\"https:\\\/\\\/aldiachaco.com.ar\\\/#website\",\"url\":\"https:\\\/\\\/aldiachaco.com.ar\\\/\",\"name\":\"Al Dia Chaco\",\"description\":\"Noticias del Chaco y el mundo\",\"publisher\":{\"@id\":\"https:\\\/\\\/aldiachaco.com.ar\\\/#organization\"},\"alternateName\":\"Al D\u00eda Chaco\",\"potentialAction\":[{\"@type\":\"SearchAction\",\"target\":{\"@type\":\"EntryPoint\",\"urlTemplate\":\"https:\\\/\\\/aldiachaco.com.ar\\\/?s={search_term_string}\"},\"query-input\":{\"@type\":\"PropertyValueSpecification\",\"valueRequired\":true,\"valueName\":\"search_term_string\"}}],\"inLanguage\":\"es-AR\"},{\"@type\":\"Organization\",\"@id\":\"https:\\\/\\\/aldiachaco.com.ar\\\/#organization\",\"name\":\"Al Dia Chaco\",\"url\":\"https:\\\/\\\/aldiachaco.com.ar\\\/\",\"logo\":{\"@type\":\"ImageObject\",\"inLanguage\":\"es-AR\",\"@id\":\"https:\\\/\\\/aldiachaco.com.ar\\\/#\\\/schema\\\/logo\\\/image\\\/\",\"url\":\"https:\\\/\\\/aldiachaco.com.ar\\\/wp-content\\\/uploads\\\/2017\\\/11\\\/AL-DIA-CHACO-L@2x.png\",\"contentUrl\":\"https:\\\/\\\/aldiachaco.com.ar\\\/wp-content\\\/uploads\\\/2017\\\/11\\\/AL-DIA-CHACO-L@2x.png\",\"width\":232,\"height\":60,\"caption\":\"Al Dia Chaco\"},\"image\":{\"@id\":\"https:\\\/\\\/aldiachaco.com.ar\\\/#\\\/schema\\\/logo\\\/image\\\/\"}},{\"@type\":\"Person\",\"@id\":\"https:\\\/\\\/aldiachaco.com.ar\\\/#\\\/schema\\\/person\\\/80113835e512ba580e79a945932487f5\",\"name\":\"aldiachaco.com.ar\",\"image\":{\"@type\":\"ImageObject\",\"inLanguage\":\"es-AR\",\"@id\":\"https:\\\/\\\/aldiachaco.com.ar\\\/wp-content\\\/litespeed\\\/avatar\\\/a7c4ebc5454089d3fd4ef6b87fdd073a.jpg?ver=1776867047\",\"url\":\"https:\\\/\\\/aldiachaco.com.ar\\\/wp-content\\\/litespeed\\\/avatar\\\/a7c4ebc5454089d3fd4ef6b87fdd073a.jpg?ver=1776867047\",\"contentUrl\":\"https:\\\/\\\/aldiachaco.com.ar\\\/wp-content\\\/litespeed\\\/avatar\\\/a7c4ebc5454089d3fd4ef6b87fdd073a.jpg?ver=1776867047\",\"caption\":\"aldiachaco.com.ar\"},\"sameAs\":[\"https:\\\/\\\/aldiachaco.com.ar\"],\"url\":\"https:\\\/\\\/aldiachaco.com.ar\\\/index.php\\\/author\\\/lime-camel-884546-hostingersite-com\\\/\"}]}<\/script>\n<!-- \/ Yoast SEO plugin. -->","yoast_head_json":{"title":"Vendi\u00f3 un iPhone por Marketplace y cuando lo fue a entregar se lo robaron y le dieron un tiro | Al Dia Chaco","robots":{"index":"index","follow":"follow","max-snippet":"max-snippet:-1","max-image-preview":"max-image-preview:large","max-video-preview":"max-video-preview:-1"},"canonical":"https:\/\/aldiachaco.com.ar\/index.php\/2026\/03\/13\/vendio-un-iphone-por-marketplace-y-cuando-lo-fue-a-entregar-se-lo-robaron-y-le-dieron-un-tiro\/","og_locale":"es_ES","og_type":"article","og_title":"Vendi\u00f3 un iPhone por Marketplace y cuando lo fue a entregar se lo robaron y le dieron un tiro | Al Dia Chaco","og_description":"Gabriel Garc\u00eda, un influencer de 32 a\u00f1os conocido en redes como &#8220;El Profe&#8221;, fue v\u00edctima de un violento asalto en el barrio porte\u00f1o de Barracas cuando acudi\u00f3 a vender dos tel\u00e9fonos celulares. Recibi\u00f3 un disparo en la pierna y logr\u00f3 escapar en su moto. El hecho ocurri\u00f3 el 2 de marzo en la esquina de &hellip;","og_url":"https:\/\/aldiachaco.com.ar\/index.php\/2026\/03\/13\/vendio-un-iphone-por-marketplace-y-cuando-lo-fue-a-entregar-se-lo-robaron-y-le-dieron-un-tiro\/","og_site_name":"Al Dia Chaco","article_published_time":"2026-03-13T12:29:54+00:00","og_image":[{"width":665,"height":370,"url":"https:\/\/aldiachaco.com.ar\/wp-content\/uploads\/2026\/03\/Captura-de-pantalla-2026-03-13-090455.png","type":"image\/png"}],"author":"aldiachaco.com.ar","twitter_card":"summary_large_image","twitter_misc":{"Escrito por":"aldiachaco.com.ar","Tiempo de lectura":"2 minutos"},"schema":{"@context":"https:\/\/schema.org","@graph":[{"@type":"Article","@id":"https:\/\/aldiachaco.com.ar\/index.php\/2026\/03\/13\/vendio-un-iphone-por-marketplace-y-cuando-lo-fue-a-entregar-se-lo-robaron-y-le-dieron-un-tiro\/#article","isPartOf":{"@id":"https:\/\/aldiachaco.com.ar\/index.php\/2026\/03\/13\/vendio-un-iphone-por-marketplace-y-cuando-lo-fue-a-entregar-se-lo-robaron-y-le-dieron-un-tiro\/"},"author":{"name":"aldiachaco.com.ar","@id":"https:\/\/aldiachaco.com.ar\/#\/schema\/person\/80113835e512ba580e79a945932487f5"},"headline":"Vendi\u00f3 un iPhone por Marketplace y cuando lo fue a entregar se lo robaron y le dieron un tiro","datePublished":"2026-03-13T12:29:54+00:00","mainEntityOfPage":{"@id":"https:\/\/aldiachaco.com.ar\/index.php\/2026\/03\/13\/vendio-un-iphone-por-marketplace-y-cuando-lo-fue-a-entregar-se-lo-robaron-y-le-dieron-un-tiro\/"},"wordCount":257,"commentCount":0,"publisher":{"@id":"https:\/\/aldiachaco.com.ar\/#organization"},"image":{"@id":"https:\/\/aldiachaco.com.ar\/index.php\/2026\/03\/13\/vendio-un-iphone-por-marketplace-y-cuando-lo-fue-a-entregar-se-lo-robaron-y-le-dieron-un-tiro\/#primaryimage"},"thumbnailUrl":"https:\/\/aldiachaco.com.ar\/wp-content\/uploads\/2026\/03\/Captura-de-pantalla-2026-03-13-090455.png","articleSection":["Buenos Aires","Policiales"],"inLanguage":"es-AR","potentialAction":[{"@type":"CommentAction","name":"Comment","target":["https:\/\/aldiachaco.com.ar\/index.php\/2026\/03\/13\/vendio-un-iphone-por-marketplace-y-cuando-lo-fue-a-entregar-se-lo-robaron-y-le-dieron-un-tiro\/#respond"]}]},{"@type":"WebPage","@id":"https:\/\/aldiachaco.com.ar\/index.php\/2026\/03\/13\/vendio-un-iphone-por-marketplace-y-cuando-lo-fue-a-entregar-se-lo-robaron-y-le-dieron-un-tiro\/","url":"https:\/\/aldiachaco.com.ar\/index.php\/2026\/03\/13\/vendio-un-iphone-por-marketplace-y-cuando-lo-fue-a-entregar-se-lo-robaron-y-le-dieron-un-tiro\/","name":"Vendi\u00f3 un iPhone por Marketplace y cuando lo fue a entregar se lo robaron y le dieron un tiro | Al Dia Chaco","isPartOf":{"@id":"https:\/\/aldiachaco.com.ar\/#website"},"primaryImageOfPage":{"@id":"https:\/\/aldiachaco.com.ar\/index.php\/2026\/03\/13\/vendio-un-iphone-por-marketplace-y-cuando-lo-fue-a-entregar-se-lo-robaron-y-le-dieron-un-tiro\/#primaryimage"},"image":{"@id":"https:\/\/aldiachaco.com.ar\/index.php\/2026\/03\/13\/vendio-un-iphone-por-marketplace-y-cuando-lo-fue-a-entregar-se-lo-robaron-y-le-dieron-un-tiro\/#primaryimage"},"thumbnailUrl":"https:\/\/aldiachaco.com.ar\/wp-content\/uploads\/2026\/03\/Captura-de-pantalla-2026-03-13-090455.png","datePublished":"2026-03-13T12:29:54+00:00","breadcrumb":{"@id":"https:\/\/aldiachaco.com.ar\/index.php\/2026\/03\/13\/vendio-un-iphone-por-marketplace-y-cuando-lo-fue-a-entregar-se-lo-robaron-y-le-dieron-un-tiro\/#breadcrumb"},"inLanguage":"es-AR","potentialAction":[{"@type":"ReadAction","target":["https:\/\/aldiachaco.com.ar\/index.php\/2026\/03\/13\/vendio-un-iphone-por-marketplace-y-cuando-lo-fue-a-entregar-se-lo-robaron-y-le-dieron-un-tiro\/"]}]},{"@type":"ImageObject","inLanguage":"es-AR","@id":"https:\/\/aldiachaco.com.ar\/index.php\/2026\/03\/13\/vendio-un-iphone-por-marketplace-y-cuando-lo-fue-a-entregar-se-lo-robaron-y-le-dieron-un-tiro\/#primaryimage","url":"https:\/\/aldiachaco.com.ar\/wp-content\/uploads\/2026\/03\/Captura-de-pantalla-2026-03-13-090455.png","contentUrl":"https:\/\/aldiachaco.com.ar\/wp-content\/uploads\/2026\/03\/Captura-de-pantalla-2026-03-13-090455.png","width":665,"height":370},{"@type":"BreadcrumbList","@id":"https:\/\/aldiachaco.com.ar\/index.php\/2026\/03\/13\/vendio-un-iphone-por-marketplace-y-cuando-lo-fue-a-entregar-se-lo-robaron-y-le-dieron-un-tiro\/#breadcrumb","itemListElement":[{"@type":"ListItem","position":1,"name":"Home","item":"https:\/\/aldiachaco.com.ar\/"},{"@type":"ListItem","position":2,"name":"Vendi\u00f3 un iPhone por Marketplace y cuando lo fue a entregar se lo robaron y le dieron un tiro"}]},{"@type":"WebSite","@id":"https:\/\/aldiachaco.com.ar\/#website","url":"https:\/\/aldiachaco.com.ar\/","name":"Al Dia Chaco","description":"Noticias del Chaco y el mundo","publisher":{"@id":"https:\/\/aldiachaco.com.ar\/#organization"},"alternateName":"Al D\u00eda Chaco","potentialAction":[{"@type":"SearchAction","target":{"@type":"EntryPoint","urlTemplate":"https:\/\/aldiachaco.com.ar\/?s={search_term_string}"},"query-input":{"@type":"PropertyValueSpecification","valueRequired":true,"valueName":"search_term_string"}}],"inLanguage":"es-AR"},{"@type":"Organization","@id":"https:\/\/aldiachaco.com.ar\/#organization","name":"Al Dia Chaco","url":"https:\/\/aldiachaco.com.ar\/","logo":{"@type":"ImageObject","inLanguage":"es-AR","@id":"https:\/\/aldiachaco.com.ar\/#\/schema\/logo\/image\/","url":"https:\/\/aldiachaco.com.ar\/wp-content\/uploads\/2017\/11\/AL-DIA-CHACO-L@2x.png","contentUrl":"https:\/\/aldiachaco.com.ar\/wp-content\/uploads\/2017\/11\/AL-DIA-CHACO-L@2x.png","width":232,"height":60,"caption":"Al Dia Chaco"},"image":{"@id":"https:\/\/aldiachaco.com.ar\/#\/schema\/logo\/image\/"}},{"@type":"Person","@id":"https:\/\/aldiachaco.com.ar\/#\/schema\/person\/80113835e512ba580e79a945932487f5","name":"aldiachaco.com.ar","image":{"@type":"ImageObject","inLanguage":"es-AR","@id":"https:\/\/aldiachaco.com.ar\/wp-content\/litespeed\/avatar\/a7c4ebc5454089d3fd4ef6b87fdd073a.jpg?ver=1776867047","url":"https:\/\/aldiachaco.com.ar\/wp-content\/litespeed\/avatar\/a7c4ebc5454089d3fd4ef6b87fdd073a.jpg?ver=1776867047","contentUrl":"https:\/\/aldiachaco.com.ar\/wp-content\/litespeed\/avatar\/a7c4ebc5454089d3fd4ef6b87fdd073a.jpg?ver=1776867047","caption":"aldiachaco.com.ar"},"sameAs":["https:\/\/aldiachaco.com.ar"],"url":"https:\/\/aldiachaco.com.ar\/index.php\/author\/lime-camel-884546-hostingersite-com\/"}]}},"jetpack_publicize_connections":[],"jetpack_featured_media_url":"https:\/\/aldiachaco.com.ar\/wp-content\/uploads\/2026\/03\/Captura-de-pantalla-2026-03-13-090455.png","jetpack_sharing_enabled":true,"amp_enabled":true,"_links":{"self":[{"href":"https:\/\/aldiachaco.com.ar\/index.php\/wp-json\/wp\/v2\/posts\/117617","targetHints":{"allow":["GET"]}}],"collection":[{"href":"https:\/\/aldiachaco.com.ar\/index.php\/wp-json\/wp\/v2\/posts"}],"about":[{"href":"https:\/\/aldiachaco.com.ar\/index.php\/wp-json\/wp\/v2\/types\/post"}],"author":[{"embeddable":true,"href":"https:\/\/aldiachaco.com.ar\/index.php\/wp-json\/wp\/v2\/users\/1"}],"replies":[{"embeddable":true,"href":"https:\/\/aldiachaco.com.ar\/index.php\/wp-json\/wp\/v2\/comments?post=117617"}],"version-history":[{"count":1,"href":"https:\/\/aldiachaco.com.ar\/index.php\/wp-json\/wp\/v2\/posts\/117617\/revisions"}],"predecessor-version":[{"id":117619,"href":"https:\/\/aldiachaco.com.ar\/index.php\/wp-json\/wp\/v2\/posts\/117617\/revisions\/117619"}],"wp:featuredmedia":[{"embeddable":true,"href":"https:\/\/aldiachaco.com.ar\/index.php\/wp-json\/wp\/v2\/media\/117618"}],"wp:attachment":[{"href":"https:\/\/aldiachaco.com.ar\/index.php\/wp-json\/wp\/v2\/media?parent=117617"}],"wp:term":[{"taxonomy":"category","embeddable":true,"href":"https:\/\/aldiachaco.com.ar\/index.php\/wp-json\/wp\/v2\/categories?post=117617"},{"taxonomy":"post_tag","embeddable":true,"href":"https:\/\/aldiachaco.com.ar\/index.php\/wp-json\/wp\/v2\/tags?post=117617"}],"curies":[{"name":"wp","href":"https:\/\/api.w.org\/{rel}","templated":true}]}}