{"id":117612,"date":"2026-03-13T00:10:25","date_gmt":"2026-03-13T03:10:25","guid":{"rendered":"https:\/\/aldiachaco.com.ar\/?p=117612"},"modified":"2026-03-13T00:10:25","modified_gmt":"2026-03-13T03:10:25","slug":"alerta-por-los-colectivos-la-provincia-analiza-un-plan-si-ersa-deja-el-servicio","status":"publish","type":"post","link":"https:\/\/aldiachaco.com.ar\/index.php\/2026\/03\/13\/alerta-por-los-colectivos-la-provincia-analiza-un-plan-si-ersa-deja-el-servicio\/","title":{"rendered":"Alerta por los colectivos: la Provincia analiza un plan si ERSA deja el servicio"},"content":{"rendered":"<p>El ministerio de infraestructura\u00a0 de la Provincia del Chaco inform\u00f3 a la empresa ERSA Urbano S.A., prestataria del servicio de transporte p\u00fablico urbano de pasajeros en el \u00e1rea metropolitana, que har\u00e1 uso de las facultades contractuales previstas en el pliego de concesi\u00f3n y en la normativa vigente, en relaci\u00f3n con la decisi\u00f3n empresarial de cesar unilateralmente la prestaci\u00f3n del servicio.<\/p>\n<p>&nbsp;<\/p>\n<p>En tal sentido, desde el Gobierno provincial adelantaron que se est\u00e1n evaluando alternativas que incluyen contactos con otras empresas prestadoras, en caso de que ERSA decida no prestar m\u00e1s el servicio, metodolog\u00eda que se viene dando en otras jurisdicciones del pa\u00eds.<\/p>\n<p>&nbsp;<\/p>\n<p>En la comunicaci\u00f3n oficial, el Ministerio dej\u00f3 constancia de la posici\u00f3n institucional del Gobierno provincial respecto de la importancia de preservar la continuidad de un servicio p\u00fablico esencial para la comunidad. En ese marco, se se\u00f1al\u00f3 que la Provincia actuar\u00e1 conforme a las herramientas previstas en el contrato de concesi\u00f3n a fin de garantizar el normal funcionamiento del sistema de transporte.<\/p>\n<p>&nbsp;<\/p>\n<p>La empresa fundament\u00f3 su decisi\u00f3n en una presunta alteraci\u00f3n de la ecuaci\u00f3n econ\u00f3mico-financiera del contrato. Ante ello, el Ministerio expres\u00f3 su desacuerdo con dicha interpretaci\u00f3n, se\u00f1alando que, de acuerdo con el an\u00e1lisis realizado, no se verifican circunstancias extraordinarias, imprevisibles y ajenas a la concesionaria que imposibiliten la continuidad de la prestaci\u00f3n del servicio.<\/p>\n<p>&nbsp;<\/p>\n<p>En virtud de lo expuesto, la cartera de Infraestructura indic\u00f3 que adoptar\u00e1 las medidas que correspondan dentro del marco legal y contractual vigente, con el objetivo de asegurar el cumplimiento de las obligaciones asumidas por la empresa concesionaria y resguardar el inter\u00e9s p\u00fablico.<\/p>\n<p>&nbsp;<\/p>\n<p>Asimismo, se record\u00f3 que la Provincia del Chaco ha implementado en los \u00faltimos a\u00f1os distintos mecanismos de acompa\u00f1amiento al sistema de transporte p\u00fablico urbano, entre ellos el fortalecimiento del Fondo de Compensaci\u00f3n Provincial y la aplicaci\u00f3n de esquemas de asistencia extraordinaria frente a la reducci\u00f3n de subsidios nacionales.<\/p>\n<p>&nbsp;<\/p>\n<p>Estas acciones, seg\u00fan se indic\u00f3, forman parte de una pol\u00edtica sostenida orientada a preservar la estabilidad del sistema de transporte y a garantizar su continuidad en beneficio de los usuarios del \u00e1rea metropolitana.<\/p>\n","protected":false},"excerpt":{"rendered":"<p>El ministerio de infraestructura\u00a0 de la Provincia del Chaco inform\u00f3 a la empresa ERSA Urbano S.A., prestataria del servicio de transporte p\u00fablico urbano de pasajeros en el \u00e1rea metropolitana, que har\u00e1 uso de las facultades contractuales previstas en el pliego de concesi\u00f3n y en la normativa vigente, en relaci\u00f3n con la decisi\u00f3n empresarial de cesar &hellip;<\/p>\n","protected":false},"author":9,"featured_media":117614,"comment_status":"open","ping_status":"open","sticky":false,"template":"","format":"standard","meta":{"content-type":"","_monsterinsights_skip_tracking":false,"_monsterinsights_sitenote_active":false,"_monsterinsights_sitenote_note":"","_monsterinsights_sitenote_category":0,"_jetpack_memberships_contains_paid_content":false,"footnotes":"","jetpack_publicize_message":"","jetpack_publicize_feature_enabled":true,"jetpack_social_post_already_shared":true,"jetpack_social_options":{"image_generator_settings":{"template":"highway","default_image_id":0,"font":"","enabled":false},"version":2}},"categories":[198],"tags":[],"class_list":["post-117612","post","type-post","status-publish","format-standard","has-post-thumbnail","hentry","category-actualidad"],"yoast_head":"<!-- This site is optimized with the Yoast SEO plugin v27.4 - https:\/\/yoast.com\/product\/yoast-seo-wordpress\/ -->\n<title>Alerta por los colectivos: la Provincia analiza un plan si ERSA deja el servicio | Al Dia Chaco<\/title>\n<meta name=\"robots\" content=\"index, follow, max-snippet:-1, max-image-preview:large, max-video-preview:-1\" \/>\n<link rel=\"canonical\" href=\"https:\/\/aldiachaco.com.ar\/index.php\/2026\/03\/13\/alerta-por-los-colectivos-la-provincia-analiza-un-plan-si-ersa-deja-el-servicio\/\" \/>\n<meta property=\"og:locale\" content=\"es_ES\" \/>\n<meta property=\"og:type\" content=\"article\" \/>\n<meta property=\"og:title\" content=\"Alerta por los colectivos: la Provincia analiza un plan si ERSA deja el servicio | Al Dia Chaco\" \/>\n<meta property=\"og:description\" content=\"El ministerio de infraestructura\u00a0 de la Provincia del Chaco inform\u00f3 a la empresa ERSA Urbano S.A., prestataria del servicio de transporte p\u00fablico urbano de pasajeros en el \u00e1rea metropolitana, que har\u00e1 uso de las facultades contractuales previstas en el pliego de concesi\u00f3n y en la normativa vigente, en relaci\u00f3n con la decisi\u00f3n empresarial de cesar &hellip;\" \/>\n<meta property=\"og:url\" content=\"https:\/\/aldiachaco.com.ar\/index.php\/2026\/03\/13\/alerta-por-los-colectivos-la-provincia-analiza-un-plan-si-ersa-deja-el-servicio\/\" \/>\n<meta property=\"og:site_name\" content=\"Al Dia Chaco\" \/>\n<meta property=\"article:published_time\" content=\"2026-03-13T03:10:25+00:00\" \/>\n<meta property=\"og:image\" content=\"https:\/\/aldiachaco.com.ar\/wp-content\/uploads\/2026\/03\/o_1760095879_31312.jpg\" \/>\n\t<meta property=\"og:image:width\" content=\"900\" \/>\n\t<meta property=\"og:image:height\" content=\"493\" \/>\n\t<meta property=\"og:image:type\" content=\"image\/jpeg\" \/>\n<meta name=\"author\" content=\"RedaccionRM\" \/>\n<meta name=\"twitter:card\" content=\"summary_large_image\" \/>\n<meta name=\"twitter:label1\" content=\"Escrito por\" \/>\n\t<meta name=\"twitter:data1\" content=\"RedaccionRM\" \/>\n\t<meta name=\"twitter:label2\" content=\"Tiempo de lectura\" \/>\n\t<meta name=\"twitter:data2\" content=\"2 minutos\" \/>\n<script type=\"application\/ld+json\" class=\"yoast-schema-graph\">{\"@context\":\"https:\\\/\\\/schema.org\",\"@graph\":[{\"@type\":\"Article\",\"@id\":\"https:\\\/\\\/aldiachaco.com.ar\\\/index.php\\\/2026\\\/03\\\/13\\\/alerta-por-los-colectivos-la-provincia-analiza-un-plan-si-ersa-deja-el-servicio\\\/#article\",\"isPartOf\":{\"@id\":\"https:\\\/\\\/aldiachaco.com.ar\\\/index.php\\\/2026\\\/03\\\/13\\\/alerta-por-los-colectivos-la-provincia-analiza-un-plan-si-ersa-deja-el-servicio\\\/\"},\"author\":{\"name\":\"RedaccionRM\",\"@id\":\"https:\\\/\\\/aldiachaco.com.ar\\\/#\\\/schema\\\/person\\\/b24e975af8022082f5889a7a7299e962\"},\"headline\":\"Alerta por los colectivos: la Provincia analiza un plan si ERSA deja el servicio\",\"datePublished\":\"2026-03-13T03:10:25+00:00\",\"mainEntityOfPage\":{\"@id\":\"https:\\\/\\\/aldiachaco.com.ar\\\/index.php\\\/2026\\\/03\\\/13\\\/alerta-por-los-colectivos-la-provincia-analiza-un-plan-si-ersa-deja-el-servicio\\\/\"},\"wordCount\":392,\"commentCount\":0,\"publisher\":{\"@id\":\"https:\\\/\\\/aldiachaco.com.ar\\\/#organization\"},\"image\":{\"@id\":\"https:\\\/\\\/aldiachaco.com.ar\\\/index.php\\\/2026\\\/03\\\/13\\\/alerta-por-los-colectivos-la-provincia-analiza-un-plan-si-ersa-deja-el-servicio\\\/#primaryimage\"},\"thumbnailUrl\":\"https:\\\/\\\/aldiachaco.com.ar\\\/wp-content\\\/uploads\\\/2026\\\/03\\\/o_1760095879_31312.jpg\",\"articleSection\":[\"Actualidad\"],\"inLanguage\":\"es-AR\",\"potentialAction\":[{\"@type\":\"CommentAction\",\"name\":\"Comment\",\"target\":[\"https:\\\/\\\/aldiachaco.com.ar\\\/index.php\\\/2026\\\/03\\\/13\\\/alerta-por-los-colectivos-la-provincia-analiza-un-plan-si-ersa-deja-el-servicio\\\/#respond\"]}]},{\"@type\":\"WebPage\",\"@id\":\"https:\\\/\\\/aldiachaco.com.ar\\\/index.php\\\/2026\\\/03\\\/13\\\/alerta-por-los-colectivos-la-provincia-analiza-un-plan-si-ersa-deja-el-servicio\\\/\",\"url\":\"https:\\\/\\\/aldiachaco.com.ar\\\/index.php\\\/2026\\\/03\\\/13\\\/alerta-por-los-colectivos-la-provincia-analiza-un-plan-si-ersa-deja-el-servicio\\\/\",\"name\":\"Alerta por los colectivos: la Provincia analiza un plan si ERSA deja el servicio | Al Dia Chaco\",\"isPartOf\":{\"@id\":\"https:\\\/\\\/aldiachaco.com.ar\\\/#website\"},\"primaryImageOfPage\":{\"@id\":\"https:\\\/\\\/aldiachaco.com.ar\\\/index.php\\\/2026\\\/03\\\/13\\\/alerta-por-los-colectivos-la-provincia-analiza-un-plan-si-ersa-deja-el-servicio\\\/#primaryimage\"},\"image\":{\"@id\":\"https:\\\/\\\/aldiachaco.com.ar\\\/index.php\\\/2026\\\/03\\\/13\\\/alerta-por-los-colectivos-la-provincia-analiza-un-plan-si-ersa-deja-el-servicio\\\/#primaryimage\"},\"thumbnailUrl\":\"https:\\\/\\\/aldiachaco.com.ar\\\/wp-content\\\/uploads\\\/2026\\\/03\\\/o_1760095879_31312.jpg\",\"datePublished\":\"2026-03-13T03:10:25+00:00\",\"breadcrumb\":{\"@id\":\"https:\\\/\\\/aldiachaco.com.ar\\\/index.php\\\/2026\\\/03\\\/13\\\/alerta-por-los-colectivos-la-provincia-analiza-un-plan-si-ersa-deja-el-servicio\\\/#breadcrumb\"},\"inLanguage\":\"es-AR\",\"potentialAction\":[{\"@type\":\"ReadAction\",\"target\":[\"https:\\\/\\\/aldiachaco.com.ar\\\/index.php\\\/2026\\\/03\\\/13\\\/alerta-por-los-colectivos-la-provincia-analiza-un-plan-si-ersa-deja-el-servicio\\\/\"]}]},{\"@type\":\"ImageObject\",\"inLanguage\":\"es-AR\",\"@id\":\"https:\\\/\\\/aldiachaco.com.ar\\\/index.php\\\/2026\\\/03\\\/13\\\/alerta-por-los-colectivos-la-provincia-analiza-un-plan-si-ersa-deja-el-servicio\\\/#primaryimage\",\"url\":\"https:\\\/\\\/aldiachaco.com.ar\\\/wp-content\\\/uploads\\\/2026\\\/03\\\/o_1760095879_31312.jpg\",\"contentUrl\":\"https:\\\/\\\/aldiachaco.com.ar\\\/wp-content\\\/uploads\\\/2026\\\/03\\\/o_1760095879_31312.jpg\",\"width\":900,\"height\":493},{\"@type\":\"BreadcrumbList\",\"@id\":\"https:\\\/\\\/aldiachaco.com.ar\\\/index.php\\\/2026\\\/03\\\/13\\\/alerta-por-los-colectivos-la-provincia-analiza-un-plan-si-ersa-deja-el-servicio\\\/#breadcrumb\",\"itemListElement\":[{\"@type\":\"ListItem\",\"position\":1,\"name\":\"Home\",\"item\":\"https:\\\/\\\/aldiachaco.com.ar\\\/\"},{\"@type\":\"ListItem\",\"position\":2,\"name\":\"Alerta por los colectivos: la Provincia analiza un plan si ERSA deja el servicio\"}]},{\"@type\":\"WebSite\",\"@id\":\"https:\\\/\\\/aldiachaco.com.ar\\\/#website\",\"url\":\"https:\\\/\\\/aldiachaco.com.ar\\\/\",\"name\":\"Al Dia Chaco\",\"description\":\"Noticias del Chaco y el mundo\",\"publisher\":{\"@id\":\"https:\\\/\\\/aldiachaco.com.ar\\\/#organization\"},\"alternateName\":\"Al D\u00eda Chaco\",\"potentialAction\":[{\"@type\":\"SearchAction\",\"target\":{\"@type\":\"EntryPoint\",\"urlTemplate\":\"https:\\\/\\\/aldiachaco.com.ar\\\/?s={search_term_string}\"},\"query-input\":{\"@type\":\"PropertyValueSpecification\",\"valueRequired\":true,\"valueName\":\"search_term_string\"}}],\"inLanguage\":\"es-AR\"},{\"@type\":\"Organization\",\"@id\":\"https:\\\/\\\/aldiachaco.com.ar\\\/#organization\",\"name\":\"Al Dia Chaco\",\"url\":\"https:\\\/\\\/aldiachaco.com.ar\\\/\",\"logo\":{\"@type\":\"ImageObject\",\"inLanguage\":\"es-AR\",\"@id\":\"https:\\\/\\\/aldiachaco.com.ar\\\/#\\\/schema\\\/logo\\\/image\\\/\",\"url\":\"https:\\\/\\\/aldiachaco.com.ar\\\/wp-content\\\/uploads\\\/2017\\\/11\\\/AL-DIA-CHACO-L@2x.png\",\"contentUrl\":\"https:\\\/\\\/aldiachaco.com.ar\\\/wp-content\\\/uploads\\\/2017\\\/11\\\/AL-DIA-CHACO-L@2x.png\",\"width\":232,\"height\":60,\"caption\":\"Al Dia Chaco\"},\"image\":{\"@id\":\"https:\\\/\\\/aldiachaco.com.ar\\\/#\\\/schema\\\/logo\\\/image\\\/\"}},{\"@type\":\"Person\",\"@id\":\"https:\\\/\\\/aldiachaco.com.ar\\\/#\\\/schema\\\/person\\\/b24e975af8022082f5889a7a7299e962\",\"name\":\"RedaccionRM\",\"image\":{\"@type\":\"ImageObject\",\"inLanguage\":\"es-AR\",\"@id\":\"https:\\\/\\\/aldiachaco.com.ar\\\/wp-content\\\/litespeed\\\/avatar\\\/a30118fcb7a6295303f1c91164c6aba1.jpg?ver=1777339088\",\"url\":\"https:\\\/\\\/aldiachaco.com.ar\\\/wp-content\\\/litespeed\\\/avatar\\\/a30118fcb7a6295303f1c91164c6aba1.jpg?ver=1777339088\",\"contentUrl\":\"https:\\\/\\\/aldiachaco.com.ar\\\/wp-content\\\/litespeed\\\/avatar\\\/a30118fcb7a6295303f1c91164c6aba1.jpg?ver=1777339088\",\"caption\":\"RedaccionRM\"},\"url\":\"https:\\\/\\\/aldiachaco.com.ar\\\/index.php\\\/author\\\/redaccionrm\\\/\"}]}<\/script>\n<!-- \/ Yoast SEO plugin. -->","yoast_head_json":{"title":"Alerta por los colectivos: la Provincia analiza un plan si ERSA deja el servicio | Al Dia Chaco","robots":{"index":"index","follow":"follow","max-snippet":"max-snippet:-1","max-image-preview":"max-image-preview:large","max-video-preview":"max-video-preview:-1"},"canonical":"https:\/\/aldiachaco.com.ar\/index.php\/2026\/03\/13\/alerta-por-los-colectivos-la-provincia-analiza-un-plan-si-ersa-deja-el-servicio\/","og_locale":"es_ES","og_type":"article","og_title":"Alerta por los colectivos: la Provincia analiza un plan si ERSA deja el servicio | Al Dia Chaco","og_description":"El ministerio de infraestructura\u00a0 de la Provincia del Chaco inform\u00f3 a la empresa ERSA Urbano S.A., prestataria del servicio de transporte p\u00fablico urbano de pasajeros en el \u00e1rea metropolitana, que har\u00e1 uso de las facultades contractuales previstas en el pliego de concesi\u00f3n y en la normativa vigente, en relaci\u00f3n con la decisi\u00f3n empresarial de cesar &hellip;","og_url":"https:\/\/aldiachaco.com.ar\/index.php\/2026\/03\/13\/alerta-por-los-colectivos-la-provincia-analiza-un-plan-si-ersa-deja-el-servicio\/","og_site_name":"Al Dia Chaco","article_published_time":"2026-03-13T03:10:25+00:00","og_image":[{"width":900,"height":493,"url":"https:\/\/aldiachaco.com.ar\/wp-content\/uploads\/2026\/03\/o_1760095879_31312.jpg","type":"image\/jpeg"}],"author":"RedaccionRM","twitter_card":"summary_large_image","twitter_misc":{"Escrito por":"RedaccionRM","Tiempo de lectura":"2 minutos"},"schema":{"@context":"https:\/\/schema.org","@graph":[{"@type":"Article","@id":"https:\/\/aldiachaco.com.ar\/index.php\/2026\/03\/13\/alerta-por-los-colectivos-la-provincia-analiza-un-plan-si-ersa-deja-el-servicio\/#article","isPartOf":{"@id":"https:\/\/aldiachaco.com.ar\/index.php\/2026\/03\/13\/alerta-por-los-colectivos-la-provincia-analiza-un-plan-si-ersa-deja-el-servicio\/"},"author":{"name":"RedaccionRM","@id":"https:\/\/aldiachaco.com.ar\/#\/schema\/person\/b24e975af8022082f5889a7a7299e962"},"headline":"Alerta por los colectivos: la Provincia analiza un plan si ERSA deja el servicio","datePublished":"2026-03-13T03:10:25+00:00","mainEntityOfPage":{"@id":"https:\/\/aldiachaco.com.ar\/index.php\/2026\/03\/13\/alerta-por-los-colectivos-la-provincia-analiza-un-plan-si-ersa-deja-el-servicio\/"},"wordCount":392,"commentCount":0,"publisher":{"@id":"https:\/\/aldiachaco.com.ar\/#organization"},"image":{"@id":"https:\/\/aldiachaco.com.ar\/index.php\/2026\/03\/13\/alerta-por-los-colectivos-la-provincia-analiza-un-plan-si-ersa-deja-el-servicio\/#primaryimage"},"thumbnailUrl":"https:\/\/aldiachaco.com.ar\/wp-content\/uploads\/2026\/03\/o_1760095879_31312.jpg","articleSection":["Actualidad"],"inLanguage":"es-AR","potentialAction":[{"@type":"CommentAction","name":"Comment","target":["https:\/\/aldiachaco.com.ar\/index.php\/2026\/03\/13\/alerta-por-los-colectivos-la-provincia-analiza-un-plan-si-ersa-deja-el-servicio\/#respond"]}]},{"@type":"WebPage","@id":"https:\/\/aldiachaco.com.ar\/index.php\/2026\/03\/13\/alerta-por-los-colectivos-la-provincia-analiza-un-plan-si-ersa-deja-el-servicio\/","url":"https:\/\/aldiachaco.com.ar\/index.php\/2026\/03\/13\/alerta-por-los-colectivos-la-provincia-analiza-un-plan-si-ersa-deja-el-servicio\/","name":"Alerta por los colectivos: la Provincia analiza un plan si ERSA deja el servicio | Al Dia Chaco","isPartOf":{"@id":"https:\/\/aldiachaco.com.ar\/#website"},"primaryImageOfPage":{"@id":"https:\/\/aldiachaco.com.ar\/index.php\/2026\/03\/13\/alerta-por-los-colectivos-la-provincia-analiza-un-plan-si-ersa-deja-el-servicio\/#primaryimage"},"image":{"@id":"https:\/\/aldiachaco.com.ar\/index.php\/2026\/03\/13\/alerta-por-los-colectivos-la-provincia-analiza-un-plan-si-ersa-deja-el-servicio\/#primaryimage"},"thumbnailUrl":"https:\/\/aldiachaco.com.ar\/wp-content\/uploads\/2026\/03\/o_1760095879_31312.jpg","datePublished":"2026-03-13T03:10:25+00:00","breadcrumb":{"@id":"https:\/\/aldiachaco.com.ar\/index.php\/2026\/03\/13\/alerta-por-los-colectivos-la-provincia-analiza-un-plan-si-ersa-deja-el-servicio\/#breadcrumb"},"inLanguage":"es-AR","potentialAction":[{"@type":"ReadAction","target":["https:\/\/aldiachaco.com.ar\/index.php\/2026\/03\/13\/alerta-por-los-colectivos-la-provincia-analiza-un-plan-si-ersa-deja-el-servicio\/"]}]},{"@type":"ImageObject","inLanguage":"es-AR","@id":"https:\/\/aldiachaco.com.ar\/index.php\/2026\/03\/13\/alerta-por-los-colectivos-la-provincia-analiza-un-plan-si-ersa-deja-el-servicio\/#primaryimage","url":"https:\/\/aldiachaco.com.ar\/wp-content\/uploads\/2026\/03\/o_1760095879_31312.jpg","contentUrl":"https:\/\/aldiachaco.com.ar\/wp-content\/uploads\/2026\/03\/o_1760095879_31312.jpg","width":900,"height":493},{"@type":"BreadcrumbList","@id":"https:\/\/aldiachaco.com.ar\/index.php\/2026\/03\/13\/alerta-por-los-colectivos-la-provincia-analiza-un-plan-si-ersa-deja-el-servicio\/#breadcrumb","itemListElement":[{"@type":"ListItem","position":1,"name":"Home","item":"https:\/\/aldiachaco.com.ar\/"},{"@type":"ListItem","position":2,"name":"Alerta por los colectivos: la Provincia analiza un plan si ERSA deja el servicio"}]},{"@type":"WebSite","@id":"https:\/\/aldiachaco.com.ar\/#website","url":"https:\/\/aldiachaco.com.ar\/","name":"Al Dia Chaco","description":"Noticias del Chaco y el mundo","publisher":{"@id":"https:\/\/aldiachaco.com.ar\/#organization"},"alternateName":"Al D\u00eda Chaco","potentialAction":[{"@type":"SearchAction","target":{"@type":"EntryPoint","urlTemplate":"https:\/\/aldiachaco.com.ar\/?s={search_term_string}"},"query-input":{"@type":"PropertyValueSpecification","valueRequired":true,"valueName":"search_term_string"}}],"inLanguage":"es-AR"},{"@type":"Organization","@id":"https:\/\/aldiachaco.com.ar\/#organization","name":"Al Dia Chaco","url":"https:\/\/aldiachaco.com.ar\/","logo":{"@type":"ImageObject","inLanguage":"es-AR","@id":"https:\/\/aldiachaco.com.ar\/#\/schema\/logo\/image\/","url":"https:\/\/aldiachaco.com.ar\/wp-content\/uploads\/2017\/11\/AL-DIA-CHACO-L@2x.png","contentUrl":"https:\/\/aldiachaco.com.ar\/wp-content\/uploads\/2017\/11\/AL-DIA-CHACO-L@2x.png","width":232,"height":60,"caption":"Al Dia Chaco"},"image":{"@id":"https:\/\/aldiachaco.com.ar\/#\/schema\/logo\/image\/"}},{"@type":"Person","@id":"https:\/\/aldiachaco.com.ar\/#\/schema\/person\/b24e975af8022082f5889a7a7299e962","name":"RedaccionRM","image":{"@type":"ImageObject","inLanguage":"es-AR","@id":"https:\/\/aldiachaco.com.ar\/wp-content\/litespeed\/avatar\/a30118fcb7a6295303f1c91164c6aba1.jpg?ver=1777339088","url":"https:\/\/aldiachaco.com.ar\/wp-content\/litespeed\/avatar\/a30118fcb7a6295303f1c91164c6aba1.jpg?ver=1777339088","contentUrl":"https:\/\/aldiachaco.com.ar\/wp-content\/litespeed\/avatar\/a30118fcb7a6295303f1c91164c6aba1.jpg?ver=1777339088","caption":"RedaccionRM"},"url":"https:\/\/aldiachaco.com.ar\/index.php\/author\/redaccionrm\/"}]}},"jetpack_publicize_connections":[],"jetpack_featured_media_url":"https:\/\/aldiachaco.com.ar\/wp-content\/uploads\/2026\/03\/o_1760095879_31312.jpg","jetpack_sharing_enabled":true,"amp_enabled":true,"_links":{"self":[{"href":"https:\/\/aldiachaco.com.ar\/index.php\/wp-json\/wp\/v2\/posts\/117612","targetHints":{"allow":["GET"]}}],"collection":[{"href":"https:\/\/aldiachaco.com.ar\/index.php\/wp-json\/wp\/v2\/posts"}],"about":[{"href":"https:\/\/aldiachaco.com.ar\/index.php\/wp-json\/wp\/v2\/types\/post"}],"author":[{"embeddable":true,"href":"https:\/\/aldiachaco.com.ar\/index.php\/wp-json\/wp\/v2\/users\/9"}],"replies":[{"embeddable":true,"href":"https:\/\/aldiachaco.com.ar\/index.php\/wp-json\/wp\/v2\/comments?post=117612"}],"version-history":[{"count":1,"href":"https:\/\/aldiachaco.com.ar\/index.php\/wp-json\/wp\/v2\/posts\/117612\/revisions"}],"predecessor-version":[{"id":117615,"href":"https:\/\/aldiachaco.com.ar\/index.php\/wp-json\/wp\/v2\/posts\/117612\/revisions\/117615"}],"wp:featuredmedia":[{"embeddable":true,"href":"https:\/\/aldiachaco.com.ar\/index.php\/wp-json\/wp\/v2\/media\/117614"}],"wp:attachment":[{"href":"https:\/\/aldiachaco.com.ar\/index.php\/wp-json\/wp\/v2\/media?parent=117612"}],"wp:term":[{"taxonomy":"category","embeddable":true,"href":"https:\/\/aldiachaco.com.ar\/index.php\/wp-json\/wp\/v2\/categories?post=117612"},{"taxonomy":"post_tag","embeddable":true,"href":"https:\/\/aldiachaco.com.ar\/index.php\/wp-json\/wp\/v2\/tags?post=117612"}],"curies":[{"name":"wp","href":"https:\/\/api.w.org\/{rel}","templated":true}]}}