{"id":117607,"date":"2026-03-12T23:53:38","date_gmt":"2026-03-13T02:53:38","guid":{"rendered":"https:\/\/aldiachaco.com.ar\/?p=117607"},"modified":"2026-03-12T23:53:38","modified_gmt":"2026-03-13T02:53:38","slug":"la-provincia-le-responde-al-intendente-de-colonia-aborigen-y-asegura-que-la-obra-de-luz-esta-en-marcha","status":"publish","type":"post","link":"https:\/\/aldiachaco.com.ar\/index.php\/2026\/03\/12\/la-provincia-le-responde-al-intendente-de-colonia-aborigen-y-asegura-que-la-obra-de-luz-esta-en-marcha\/","title":{"rendered":"\u201cLa Provincia le responde al intendente de Colonia Aborigen y asegura que la obra de luz est\u00e1 en marcha\u201d"},"content":{"rendered":"<p>El presidente de Secheep, Jos\u00e9 Bistoletti, rechaz\u00f3 las declaraciones del intendente de Colonia Aborigen, Mateo Vucko, sobre un supuesto abandono de obras y asegur\u00f3 que los trabajos de infraestructura el\u00e9ctrica en la localidad contin\u00faan de acuerdo a lo planificado por el Gobierno provincial.<\/p>\n<p>&nbsp;<\/p>\n<p>Bistoletti recibi\u00f3 esta semana en Resistencia al concejal Hugo Acevedo, al facilitador de Secheep Walter Olivera y a Ra\u00fal Saravia, de Colonia Aborigen, con quienes analiz\u00f3 el avance de las obras que se ejecutan en la localidad. Durante el encuentro, el titular de la empresa energ\u00e9tica aclar\u00f3 que la obra no est\u00e1 paralizada y cuestion\u00f3 las versiones que intentan instalar lo contrario.<\/p>\n<p>&nbsp;<\/p>\n<p>El funcionario explic\u00f3 que el Gobierno provincial viene trabajando desde hace tiempo en distintas intervenciones para mejorar el servicio el\u00e9ctrico en la localidad. Entre ellas, mencion\u00f3 las obras realizadas en un barrio de viviendas donde se ejecut\u00f3 la extensi\u00f3n de una l\u00ednea de media tensi\u00f3n y la instalaci\u00f3n de un transformador para garantizar el suministro el\u00e9ctrico.<\/p>\n<p>&nbsp;<\/p>\n<p>Seg\u00fan detall\u00f3, estas tareas permitieron llevar el servicio a la zona mediante la construcci\u00f3n de la infraestructura necesaria para abastecer a las viviendas, y remarc\u00f3 que se trata de trabajos ejecutados por Secheep con financiamiento y acompa\u00f1amiento del Gobierno provincial.<\/p>\n<p>&nbsp;<\/p>\n<p>Bistoletti tambi\u00e9n aclar\u00f3 que actualmente se avanza en el acopio de materiales necesarios para completar la etapa final de la obra. &#8220;Estamos en una etapa en la que debemos comenzar con la l\u00ednea de baja tensi\u00f3n y para eso necesitamos contar con todos los materiales. Se esper\u00f3 eso, recibir m\u00e1s de 45 columnas de madera que se utilizar\u00e1n en la red de baja tensi\u00f3n&#8221;, explic\u00f3.<\/p>\n<p>&nbsp;<\/p>\n<p>Asimismo, se\u00f1al\u00f3 que recientemente se concret\u00f3 la colocaci\u00f3n del transformador y se avanz\u00f3 con las instalaciones correspondientes, por lo que en los pr\u00f3ximos d\u00edas se retomar\u00e1n plenamente los trabajos.<\/p>\n<p>&nbsp;<\/p>\n<p>Acompa\u00f1ado por el vocal de Secheep, Germ\u00e1n Perelli, Bistoletti fue contundente al remarcar que las obras son ejecutadas por la empresa provincial y cuestion\u00f3 los intentos de adjudicarlas al municipio. &#8220;Son obras de la provincia, ejecutadas por Secheep con el acompa\u00f1amiento del Gobierno provincial, y se est\u00e1n realizando en tiempo y forma&#8221;, afirm\u00f3.<\/p>\n<p>&nbsp;<\/p>\n<p>Acevedo: &#8220;No es verdad que las obras est\u00e9n abandonadas&#8221;<\/p>\n<p>&nbsp;<\/p>\n<p>Por su parte, el concejal Hugo Acevedo explic\u00f3 que solicit\u00f3 la reuni\u00f3n con las autoridades de Secheep para conocer de primera mano la situaci\u00f3n de las obras y llevar informaci\u00f3n clara a los vecinos de Colonia Aborigen, luego de las versiones difundidas en la localidad.<\/p>\n<p>&nbsp;<\/p>\n<p>Acevedo asegur\u00f3 que la empresa energ\u00e9tica mantiene presencia en la zona y record\u00f3 que en los \u00faltimos a\u00f1os se realizaron distintas intervenciones para fortalecer el servicio el\u00e9ctrico, entre ellas la instalaci\u00f3n de transformadores y mejoras en la red de distribuci\u00f3n.<\/p>\n<p>&nbsp;<\/p>\n<p>En ese sentido, remarc\u00f3 que las afirmaciones sobre un supuesto abandono de obras no se condicen con la realidad. &#8220;Queremos llevar tranquilidad a la comunidad, porque sabemos que se realizaron trabajos importantes para mejorar el servicio el\u00e9ctrico y que las obras contin\u00faan&#8221;, expres\u00f3.<\/p>\n<p>&nbsp;<\/p>\n<p>Finalmente, el concejal sostuvo que la reuni\u00f3n permiti\u00f3 conocer el estado real de los trabajos y confirm\u00f3 que en los pr\u00f3ximos d\u00edas se retomar\u00e1n las tareas vinculadas a la red de baja tensi\u00f3n para completar la obra destinada a nuevos barrios de viviendas en la localidad.<\/p>\n<p>&nbsp;<\/p>\n<p><img loading=\"lazy\" decoding=\"async\" class=\"alignnone size-medium wp-image-117608\" src=\"https:\/\/aldiachaco.com.ar\/wp-content\/uploads\/2026\/03\/IMG-20260312-WA0049-300x200.jpg\" alt=\"\" width=\"300\" height=\"200\" srcset=\"https:\/\/aldiachaco.com.ar\/wp-content\/uploads\/2026\/03\/IMG-20260312-WA0049-300x200.jpg 300w, https:\/\/aldiachaco.com.ar\/wp-content\/uploads\/2026\/03\/IMG-20260312-WA0049-1024x683.jpg 1024w, https:\/\/aldiachaco.com.ar\/wp-content\/uploads\/2026\/03\/IMG-20260312-WA0049-768x512.jpg 768w, https:\/\/aldiachaco.com.ar\/wp-content\/uploads\/2026\/03\/IMG-20260312-WA0049-1536x1024.jpg 1536w, https:\/\/aldiachaco.com.ar\/wp-content\/uploads\/2026\/03\/IMG-20260312-WA0049-705x470.jpg 705w, https:\/\/aldiachaco.com.ar\/wp-content\/uploads\/2026\/03\/IMG-20260312-WA0049-600x400.jpg 600w, https:\/\/aldiachaco.com.ar\/wp-content\/uploads\/2026\/03\/IMG-20260312-WA0049.jpg 1599w\" sizes=\"auto, (max-width: 300px) 100vw, 300px\" \/> <img loading=\"lazy\" decoding=\"async\" class=\"alignnone size-medium wp-image-117609\" src=\"https:\/\/aldiachaco.com.ar\/wp-content\/uploads\/2026\/03\/IMG-20260312-WA0047-300x200.jpg\" alt=\"\" width=\"300\" height=\"200\" srcset=\"https:\/\/aldiachaco.com.ar\/wp-content\/uploads\/2026\/03\/IMG-20260312-WA0047-300x200.jpg 300w, https:\/\/aldiachaco.com.ar\/wp-content\/uploads\/2026\/03\/IMG-20260312-WA0047-1024x683.jpg 1024w, https:\/\/aldiachaco.com.ar\/wp-content\/uploads\/2026\/03\/IMG-20260312-WA0047-768x512.jpg 768w, https:\/\/aldiachaco.com.ar\/wp-content\/uploads\/2026\/03\/IMG-20260312-WA0047-1536x1024.jpg 1536w, https:\/\/aldiachaco.com.ar\/wp-content\/uploads\/2026\/03\/IMG-20260312-WA0047-705x470.jpg 705w, https:\/\/aldiachaco.com.ar\/wp-content\/uploads\/2026\/03\/IMG-20260312-WA0047-600x400.jpg 600w, https:\/\/aldiachaco.com.ar\/wp-content\/uploads\/2026\/03\/IMG-20260312-WA0047.jpg 1599w\" sizes=\"auto, (max-width: 300px) 100vw, 300px\" \/><\/p>\n<p>&nbsp;<\/p>\n","protected":false},"excerpt":{"rendered":"<p>El presidente de Secheep, Jos\u00e9 Bistoletti, rechaz\u00f3 las declaraciones del intendente de Colonia Aborigen, Mateo Vucko, sobre un supuesto abandono de obras y asegur\u00f3 que los trabajos de infraestructura el\u00e9ctrica en la localidad contin\u00faan de acuerdo a lo planificado por el Gobierno provincial. &nbsp; Bistoletti recibi\u00f3 esta semana en Resistencia al concejal Hugo Acevedo, al &hellip;<\/p>\n","protected":false},"author":9,"featured_media":117610,"comment_status":"open","ping_status":"open","sticky":false,"template":"","format":"standard","meta":{"content-type":"","_monsterinsights_skip_tracking":false,"_monsterinsights_sitenote_active":false,"_monsterinsights_sitenote_note":"","_monsterinsights_sitenote_category":0,"_jetpack_memberships_contains_paid_content":false,"footnotes":"","jetpack_publicize_message":"","jetpack_publicize_feature_enabled":true,"jetpack_social_post_already_shared":true,"jetpack_social_options":{"image_generator_settings":{"template":"highway","default_image_id":0,"font":"","enabled":false},"version":2}},"categories":[153],"tags":[],"class_list":["post-117607","post","type-post","status-publish","format-standard","has-post-thumbnail","hentry","category-politica"],"yoast_head":"<!-- This site is optimized with the Yoast SEO plugin v27.4 - https:\/\/yoast.com\/product\/yoast-seo-wordpress\/ -->\n<title>\u201cLa Provincia le responde al intendente de Colonia Aborigen y asegura que la obra de luz est\u00e1 en marcha\u201d | Al Dia Chaco<\/title>\n<meta name=\"robots\" content=\"index, follow, max-snippet:-1, max-image-preview:large, max-video-preview:-1\" \/>\n<link rel=\"canonical\" href=\"https:\/\/aldiachaco.com.ar\/index.php\/2026\/03\/12\/la-provincia-le-responde-al-intendente-de-colonia-aborigen-y-asegura-que-la-obra-de-luz-esta-en-marcha\/\" \/>\n<meta property=\"og:locale\" content=\"es_ES\" \/>\n<meta property=\"og:type\" content=\"article\" \/>\n<meta property=\"og:title\" content=\"\u201cLa Provincia le responde al intendente de Colonia Aborigen y asegura que la obra de luz est\u00e1 en marcha\u201d | Al Dia Chaco\" \/>\n<meta property=\"og:description\" content=\"El presidente de Secheep, Jos\u00e9 Bistoletti, rechaz\u00f3 las declaraciones del intendente de Colonia Aborigen, Mateo Vucko, sobre un supuesto abandono de obras y asegur\u00f3 que los trabajos de infraestructura el\u00e9ctrica en la localidad contin\u00faan de acuerdo a lo planificado por el Gobierno provincial. &nbsp; Bistoletti recibi\u00f3 esta semana en Resistencia al concejal Hugo Acevedo, al &hellip;\" \/>\n<meta property=\"og:url\" content=\"https:\/\/aldiachaco.com.ar\/index.php\/2026\/03\/12\/la-provincia-le-responde-al-intendente-de-colonia-aborigen-y-asegura-que-la-obra-de-luz-esta-en-marcha\/\" \/>\n<meta property=\"og:site_name\" content=\"Al Dia Chaco\" \/>\n<meta property=\"article:published_time\" content=\"2026-03-13T02:53:38+00:00\" \/>\n<meta property=\"og:image\" content=\"https:\/\/aldiachaco.com.ar\/wp-content\/uploads\/2026\/03\/IMG-20260312-WA0048.jpg\" \/>\n\t<meta property=\"og:image:width\" content=\"1401\" \/>\n\t<meta property=\"og:image:height\" content=\"943\" \/>\n\t<meta property=\"og:image:type\" content=\"image\/jpeg\" \/>\n<meta name=\"author\" content=\"RedaccionRM\" \/>\n<meta name=\"twitter:card\" content=\"summary_large_image\" \/>\n<meta name=\"twitter:label1\" content=\"Escrito por\" \/>\n\t<meta name=\"twitter:data1\" content=\"RedaccionRM\" \/>\n\t<meta name=\"twitter:label2\" content=\"Tiempo de lectura\" \/>\n\t<meta name=\"twitter:data2\" content=\"4 minutos\" \/>\n<script type=\"application\/ld+json\" class=\"yoast-schema-graph\">{\"@context\":\"https:\\\/\\\/schema.org\",\"@graph\":[{\"@type\":\"Article\",\"@id\":\"https:\\\/\\\/aldiachaco.com.ar\\\/index.php\\\/2026\\\/03\\\/12\\\/la-provincia-le-responde-al-intendente-de-colonia-aborigen-y-asegura-que-la-obra-de-luz-esta-en-marcha\\\/#article\",\"isPartOf\":{\"@id\":\"https:\\\/\\\/aldiachaco.com.ar\\\/index.php\\\/2026\\\/03\\\/12\\\/la-provincia-le-responde-al-intendente-de-colonia-aborigen-y-asegura-que-la-obra-de-luz-esta-en-marcha\\\/\"},\"author\":{\"name\":\"RedaccionRM\",\"@id\":\"https:\\\/\\\/aldiachaco.com.ar\\\/#\\\/schema\\\/person\\\/b24e975af8022082f5889a7a7299e962\"},\"headline\":\"\u201cLa Provincia le responde al intendente de Colonia Aborigen y asegura que la obra de luz est\u00e1 en marcha\u201d\",\"datePublished\":\"2026-03-13T02:53:38+00:00\",\"mainEntityOfPage\":{\"@id\":\"https:\\\/\\\/aldiachaco.com.ar\\\/index.php\\\/2026\\\/03\\\/12\\\/la-provincia-le-responde-al-intendente-de-colonia-aborigen-y-asegura-que-la-obra-de-luz-esta-en-marcha\\\/\"},\"wordCount\":606,\"commentCount\":0,\"publisher\":{\"@id\":\"https:\\\/\\\/aldiachaco.com.ar\\\/#organization\"},\"image\":{\"@id\":\"https:\\\/\\\/aldiachaco.com.ar\\\/index.php\\\/2026\\\/03\\\/12\\\/la-provincia-le-responde-al-intendente-de-colonia-aborigen-y-asegura-que-la-obra-de-luz-esta-en-marcha\\\/#primaryimage\"},\"thumbnailUrl\":\"https:\\\/\\\/aldiachaco.com.ar\\\/wp-content\\\/uploads\\\/2026\\\/03\\\/IMG-20260312-WA0048.jpg\",\"articleSection\":[\"Pol\u00edtica\"],\"inLanguage\":\"es-AR\",\"potentialAction\":[{\"@type\":\"CommentAction\",\"name\":\"Comment\",\"target\":[\"https:\\\/\\\/aldiachaco.com.ar\\\/index.php\\\/2026\\\/03\\\/12\\\/la-provincia-le-responde-al-intendente-de-colonia-aborigen-y-asegura-que-la-obra-de-luz-esta-en-marcha\\\/#respond\"]}]},{\"@type\":\"WebPage\",\"@id\":\"https:\\\/\\\/aldiachaco.com.ar\\\/index.php\\\/2026\\\/03\\\/12\\\/la-provincia-le-responde-al-intendente-de-colonia-aborigen-y-asegura-que-la-obra-de-luz-esta-en-marcha\\\/\",\"url\":\"https:\\\/\\\/aldiachaco.com.ar\\\/index.php\\\/2026\\\/03\\\/12\\\/la-provincia-le-responde-al-intendente-de-colonia-aborigen-y-asegura-que-la-obra-de-luz-esta-en-marcha\\\/\",\"name\":\"\u201cLa Provincia le responde al intendente de Colonia Aborigen y asegura que la obra de luz est\u00e1 en marcha\u201d | Al Dia Chaco\",\"isPartOf\":{\"@id\":\"https:\\\/\\\/aldiachaco.com.ar\\\/#website\"},\"primaryImageOfPage\":{\"@id\":\"https:\\\/\\\/aldiachaco.com.ar\\\/index.php\\\/2026\\\/03\\\/12\\\/la-provincia-le-responde-al-intendente-de-colonia-aborigen-y-asegura-que-la-obra-de-luz-esta-en-marcha\\\/#primaryimage\"},\"image\":{\"@id\":\"https:\\\/\\\/aldiachaco.com.ar\\\/index.php\\\/2026\\\/03\\\/12\\\/la-provincia-le-responde-al-intendente-de-colonia-aborigen-y-asegura-que-la-obra-de-luz-esta-en-marcha\\\/#primaryimage\"},\"thumbnailUrl\":\"https:\\\/\\\/aldiachaco.com.ar\\\/wp-content\\\/uploads\\\/2026\\\/03\\\/IMG-20260312-WA0048.jpg\",\"datePublished\":\"2026-03-13T02:53:38+00:00\",\"breadcrumb\":{\"@id\":\"https:\\\/\\\/aldiachaco.com.ar\\\/index.php\\\/2026\\\/03\\\/12\\\/la-provincia-le-responde-al-intendente-de-colonia-aborigen-y-asegura-que-la-obra-de-luz-esta-en-marcha\\\/#breadcrumb\"},\"inLanguage\":\"es-AR\",\"potentialAction\":[{\"@type\":\"ReadAction\",\"target\":[\"https:\\\/\\\/aldiachaco.com.ar\\\/index.php\\\/2026\\\/03\\\/12\\\/la-provincia-le-responde-al-intendente-de-colonia-aborigen-y-asegura-que-la-obra-de-luz-esta-en-marcha\\\/\"]}]},{\"@type\":\"ImageObject\",\"inLanguage\":\"es-AR\",\"@id\":\"https:\\\/\\\/aldiachaco.com.ar\\\/index.php\\\/2026\\\/03\\\/12\\\/la-provincia-le-responde-al-intendente-de-colonia-aborigen-y-asegura-que-la-obra-de-luz-esta-en-marcha\\\/#primaryimage\",\"url\":\"https:\\\/\\\/aldiachaco.com.ar\\\/wp-content\\\/uploads\\\/2026\\\/03\\\/IMG-20260312-WA0048.jpg\",\"contentUrl\":\"https:\\\/\\\/aldiachaco.com.ar\\\/wp-content\\\/uploads\\\/2026\\\/03\\\/IMG-20260312-WA0048.jpg\",\"width\":1401,\"height\":943},{\"@type\":\"BreadcrumbList\",\"@id\":\"https:\\\/\\\/aldiachaco.com.ar\\\/index.php\\\/2026\\\/03\\\/12\\\/la-provincia-le-responde-al-intendente-de-colonia-aborigen-y-asegura-que-la-obra-de-luz-esta-en-marcha\\\/#breadcrumb\",\"itemListElement\":[{\"@type\":\"ListItem\",\"position\":1,\"name\":\"Home\",\"item\":\"https:\\\/\\\/aldiachaco.com.ar\\\/\"},{\"@type\":\"ListItem\",\"position\":2,\"name\":\"\u201cLa Provincia le responde al intendente de Colonia Aborigen y asegura que la obra de luz est\u00e1 en marcha\u201d\"}]},{\"@type\":\"WebSite\",\"@id\":\"https:\\\/\\\/aldiachaco.com.ar\\\/#website\",\"url\":\"https:\\\/\\\/aldiachaco.com.ar\\\/\",\"name\":\"Al Dia Chaco\",\"description\":\"Noticias del Chaco y el mundo\",\"publisher\":{\"@id\":\"https:\\\/\\\/aldiachaco.com.ar\\\/#organization\"},\"alternateName\":\"Al D\u00eda Chaco\",\"potentialAction\":[{\"@type\":\"SearchAction\",\"target\":{\"@type\":\"EntryPoint\",\"urlTemplate\":\"https:\\\/\\\/aldiachaco.com.ar\\\/?s={search_term_string}\"},\"query-input\":{\"@type\":\"PropertyValueSpecification\",\"valueRequired\":true,\"valueName\":\"search_term_string\"}}],\"inLanguage\":\"es-AR\"},{\"@type\":\"Organization\",\"@id\":\"https:\\\/\\\/aldiachaco.com.ar\\\/#organization\",\"name\":\"Al Dia Chaco\",\"url\":\"https:\\\/\\\/aldiachaco.com.ar\\\/\",\"logo\":{\"@type\":\"ImageObject\",\"inLanguage\":\"es-AR\",\"@id\":\"https:\\\/\\\/aldiachaco.com.ar\\\/#\\\/schema\\\/logo\\\/image\\\/\",\"url\":\"https:\\\/\\\/aldiachaco.com.ar\\\/wp-content\\\/uploads\\\/2017\\\/11\\\/AL-DIA-CHACO-L@2x.png\",\"contentUrl\":\"https:\\\/\\\/aldiachaco.com.ar\\\/wp-content\\\/uploads\\\/2017\\\/11\\\/AL-DIA-CHACO-L@2x.png\",\"width\":232,\"height\":60,\"caption\":\"Al Dia Chaco\"},\"image\":{\"@id\":\"https:\\\/\\\/aldiachaco.com.ar\\\/#\\\/schema\\\/logo\\\/image\\\/\"}},{\"@type\":\"Person\",\"@id\":\"https:\\\/\\\/aldiachaco.com.ar\\\/#\\\/schema\\\/person\\\/b24e975af8022082f5889a7a7299e962\",\"name\":\"RedaccionRM\",\"image\":{\"@type\":\"ImageObject\",\"inLanguage\":\"es-AR\",\"@id\":\"https:\\\/\\\/aldiachaco.com.ar\\\/wp-content\\\/litespeed\\\/avatar\\\/a30118fcb7a6295303f1c91164c6aba1.jpg?ver=1776734264\",\"url\":\"https:\\\/\\\/aldiachaco.com.ar\\\/wp-content\\\/litespeed\\\/avatar\\\/a30118fcb7a6295303f1c91164c6aba1.jpg?ver=1776734264\",\"contentUrl\":\"https:\\\/\\\/aldiachaco.com.ar\\\/wp-content\\\/litespeed\\\/avatar\\\/a30118fcb7a6295303f1c91164c6aba1.jpg?ver=1776734264\",\"caption\":\"RedaccionRM\"},\"url\":\"https:\\\/\\\/aldiachaco.com.ar\\\/index.php\\\/author\\\/redaccionrm\\\/\"}]}<\/script>\n<!-- \/ Yoast SEO plugin. -->","yoast_head_json":{"title":"\u201cLa Provincia le responde al intendente de Colonia Aborigen y asegura que la obra de luz est\u00e1 en marcha\u201d | Al Dia Chaco","robots":{"index":"index","follow":"follow","max-snippet":"max-snippet:-1","max-image-preview":"max-image-preview:large","max-video-preview":"max-video-preview:-1"},"canonical":"https:\/\/aldiachaco.com.ar\/index.php\/2026\/03\/12\/la-provincia-le-responde-al-intendente-de-colonia-aborigen-y-asegura-que-la-obra-de-luz-esta-en-marcha\/","og_locale":"es_ES","og_type":"article","og_title":"\u201cLa Provincia le responde al intendente de Colonia Aborigen y asegura que la obra de luz est\u00e1 en marcha\u201d | Al Dia Chaco","og_description":"El presidente de Secheep, Jos\u00e9 Bistoletti, rechaz\u00f3 las declaraciones del intendente de Colonia Aborigen, Mateo Vucko, sobre un supuesto abandono de obras y asegur\u00f3 que los trabajos de infraestructura el\u00e9ctrica en la localidad contin\u00faan de acuerdo a lo planificado por el Gobierno provincial. &nbsp; Bistoletti recibi\u00f3 esta semana en Resistencia al concejal Hugo Acevedo, al &hellip;","og_url":"https:\/\/aldiachaco.com.ar\/index.php\/2026\/03\/12\/la-provincia-le-responde-al-intendente-de-colonia-aborigen-y-asegura-que-la-obra-de-luz-esta-en-marcha\/","og_site_name":"Al Dia Chaco","article_published_time":"2026-03-13T02:53:38+00:00","og_image":[{"width":1401,"height":943,"url":"https:\/\/aldiachaco.com.ar\/wp-content\/uploads\/2026\/03\/IMG-20260312-WA0048.jpg","type":"image\/jpeg"}],"author":"RedaccionRM","twitter_card":"summary_large_image","twitter_misc":{"Escrito por":"RedaccionRM","Tiempo de lectura":"4 minutos"},"schema":{"@context":"https:\/\/schema.org","@graph":[{"@type":"Article","@id":"https:\/\/aldiachaco.com.ar\/index.php\/2026\/03\/12\/la-provincia-le-responde-al-intendente-de-colonia-aborigen-y-asegura-que-la-obra-de-luz-esta-en-marcha\/#article","isPartOf":{"@id":"https:\/\/aldiachaco.com.ar\/index.php\/2026\/03\/12\/la-provincia-le-responde-al-intendente-de-colonia-aborigen-y-asegura-que-la-obra-de-luz-esta-en-marcha\/"},"author":{"name":"RedaccionRM","@id":"https:\/\/aldiachaco.com.ar\/#\/schema\/person\/b24e975af8022082f5889a7a7299e962"},"headline":"\u201cLa Provincia le responde al intendente de Colonia Aborigen y asegura que la obra de luz est\u00e1 en marcha\u201d","datePublished":"2026-03-13T02:53:38+00:00","mainEntityOfPage":{"@id":"https:\/\/aldiachaco.com.ar\/index.php\/2026\/03\/12\/la-provincia-le-responde-al-intendente-de-colonia-aborigen-y-asegura-que-la-obra-de-luz-esta-en-marcha\/"},"wordCount":606,"commentCount":0,"publisher":{"@id":"https:\/\/aldiachaco.com.ar\/#organization"},"image":{"@id":"https:\/\/aldiachaco.com.ar\/index.php\/2026\/03\/12\/la-provincia-le-responde-al-intendente-de-colonia-aborigen-y-asegura-que-la-obra-de-luz-esta-en-marcha\/#primaryimage"},"thumbnailUrl":"https:\/\/aldiachaco.com.ar\/wp-content\/uploads\/2026\/03\/IMG-20260312-WA0048.jpg","articleSection":["Pol\u00edtica"],"inLanguage":"es-AR","potentialAction":[{"@type":"CommentAction","name":"Comment","target":["https:\/\/aldiachaco.com.ar\/index.php\/2026\/03\/12\/la-provincia-le-responde-al-intendente-de-colonia-aborigen-y-asegura-que-la-obra-de-luz-esta-en-marcha\/#respond"]}]},{"@type":"WebPage","@id":"https:\/\/aldiachaco.com.ar\/index.php\/2026\/03\/12\/la-provincia-le-responde-al-intendente-de-colonia-aborigen-y-asegura-que-la-obra-de-luz-esta-en-marcha\/","url":"https:\/\/aldiachaco.com.ar\/index.php\/2026\/03\/12\/la-provincia-le-responde-al-intendente-de-colonia-aborigen-y-asegura-que-la-obra-de-luz-esta-en-marcha\/","name":"\u201cLa Provincia le responde al intendente de Colonia Aborigen y asegura que la obra de luz est\u00e1 en marcha\u201d | Al Dia Chaco","isPartOf":{"@id":"https:\/\/aldiachaco.com.ar\/#website"},"primaryImageOfPage":{"@id":"https:\/\/aldiachaco.com.ar\/index.php\/2026\/03\/12\/la-provincia-le-responde-al-intendente-de-colonia-aborigen-y-asegura-que-la-obra-de-luz-esta-en-marcha\/#primaryimage"},"image":{"@id":"https:\/\/aldiachaco.com.ar\/index.php\/2026\/03\/12\/la-provincia-le-responde-al-intendente-de-colonia-aborigen-y-asegura-que-la-obra-de-luz-esta-en-marcha\/#primaryimage"},"thumbnailUrl":"https:\/\/aldiachaco.com.ar\/wp-content\/uploads\/2026\/03\/IMG-20260312-WA0048.jpg","datePublished":"2026-03-13T02:53:38+00:00","breadcrumb":{"@id":"https:\/\/aldiachaco.com.ar\/index.php\/2026\/03\/12\/la-provincia-le-responde-al-intendente-de-colonia-aborigen-y-asegura-que-la-obra-de-luz-esta-en-marcha\/#breadcrumb"},"inLanguage":"es-AR","potentialAction":[{"@type":"ReadAction","target":["https:\/\/aldiachaco.com.ar\/index.php\/2026\/03\/12\/la-provincia-le-responde-al-intendente-de-colonia-aborigen-y-asegura-que-la-obra-de-luz-esta-en-marcha\/"]}]},{"@type":"ImageObject","inLanguage":"es-AR","@id":"https:\/\/aldiachaco.com.ar\/index.php\/2026\/03\/12\/la-provincia-le-responde-al-intendente-de-colonia-aborigen-y-asegura-que-la-obra-de-luz-esta-en-marcha\/#primaryimage","url":"https:\/\/aldiachaco.com.ar\/wp-content\/uploads\/2026\/03\/IMG-20260312-WA0048.jpg","contentUrl":"https:\/\/aldiachaco.com.ar\/wp-content\/uploads\/2026\/03\/IMG-20260312-WA0048.jpg","width":1401,"height":943},{"@type":"BreadcrumbList","@id":"https:\/\/aldiachaco.com.ar\/index.php\/2026\/03\/12\/la-provincia-le-responde-al-intendente-de-colonia-aborigen-y-asegura-que-la-obra-de-luz-esta-en-marcha\/#breadcrumb","itemListElement":[{"@type":"ListItem","position":1,"name":"Home","item":"https:\/\/aldiachaco.com.ar\/"},{"@type":"ListItem","position":2,"name":"\u201cLa Provincia le responde al intendente de Colonia Aborigen y asegura que la obra de luz est\u00e1 en marcha\u201d"}]},{"@type":"WebSite","@id":"https:\/\/aldiachaco.com.ar\/#website","url":"https:\/\/aldiachaco.com.ar\/","name":"Al Dia Chaco","description":"Noticias del Chaco y el mundo","publisher":{"@id":"https:\/\/aldiachaco.com.ar\/#organization"},"alternateName":"Al D\u00eda Chaco","potentialAction":[{"@type":"SearchAction","target":{"@type":"EntryPoint","urlTemplate":"https:\/\/aldiachaco.com.ar\/?s={search_term_string}"},"query-input":{"@type":"PropertyValueSpecification","valueRequired":true,"valueName":"search_term_string"}}],"inLanguage":"es-AR"},{"@type":"Organization","@id":"https:\/\/aldiachaco.com.ar\/#organization","name":"Al Dia Chaco","url":"https:\/\/aldiachaco.com.ar\/","logo":{"@type":"ImageObject","inLanguage":"es-AR","@id":"https:\/\/aldiachaco.com.ar\/#\/schema\/logo\/image\/","url":"https:\/\/aldiachaco.com.ar\/wp-content\/uploads\/2017\/11\/AL-DIA-CHACO-L@2x.png","contentUrl":"https:\/\/aldiachaco.com.ar\/wp-content\/uploads\/2017\/11\/AL-DIA-CHACO-L@2x.png","width":232,"height":60,"caption":"Al Dia Chaco"},"image":{"@id":"https:\/\/aldiachaco.com.ar\/#\/schema\/logo\/image\/"}},{"@type":"Person","@id":"https:\/\/aldiachaco.com.ar\/#\/schema\/person\/b24e975af8022082f5889a7a7299e962","name":"RedaccionRM","image":{"@type":"ImageObject","inLanguage":"es-AR","@id":"https:\/\/aldiachaco.com.ar\/wp-content\/litespeed\/avatar\/a30118fcb7a6295303f1c91164c6aba1.jpg?ver=1776734264","url":"https:\/\/aldiachaco.com.ar\/wp-content\/litespeed\/avatar\/a30118fcb7a6295303f1c91164c6aba1.jpg?ver=1776734264","contentUrl":"https:\/\/aldiachaco.com.ar\/wp-content\/litespeed\/avatar\/a30118fcb7a6295303f1c91164c6aba1.jpg?ver=1776734264","caption":"RedaccionRM"},"url":"https:\/\/aldiachaco.com.ar\/index.php\/author\/redaccionrm\/"}]}},"jetpack_publicize_connections":[],"jetpack_featured_media_url":"https:\/\/aldiachaco.com.ar\/wp-content\/uploads\/2026\/03\/IMG-20260312-WA0048.jpg","jetpack_sharing_enabled":true,"amp_enabled":true,"_links":{"self":[{"href":"https:\/\/aldiachaco.com.ar\/index.php\/wp-json\/wp\/v2\/posts\/117607","targetHints":{"allow":["GET"]}}],"collection":[{"href":"https:\/\/aldiachaco.com.ar\/index.php\/wp-json\/wp\/v2\/posts"}],"about":[{"href":"https:\/\/aldiachaco.com.ar\/index.php\/wp-json\/wp\/v2\/types\/post"}],"author":[{"embeddable":true,"href":"https:\/\/aldiachaco.com.ar\/index.php\/wp-json\/wp\/v2\/users\/9"}],"replies":[{"embeddable":true,"href":"https:\/\/aldiachaco.com.ar\/index.php\/wp-json\/wp\/v2\/comments?post=117607"}],"version-history":[{"count":1,"href":"https:\/\/aldiachaco.com.ar\/index.php\/wp-json\/wp\/v2\/posts\/117607\/revisions"}],"predecessor-version":[{"id":117611,"href":"https:\/\/aldiachaco.com.ar\/index.php\/wp-json\/wp\/v2\/posts\/117607\/revisions\/117611"}],"wp:featuredmedia":[{"embeddable":true,"href":"https:\/\/aldiachaco.com.ar\/index.php\/wp-json\/wp\/v2\/media\/117610"}],"wp:attachment":[{"href":"https:\/\/aldiachaco.com.ar\/index.php\/wp-json\/wp\/v2\/media?parent=117607"}],"wp:term":[{"taxonomy":"category","embeddable":true,"href":"https:\/\/aldiachaco.com.ar\/index.php\/wp-json\/wp\/v2\/categories?post=117607"},{"taxonomy":"post_tag","embeddable":true,"href":"https:\/\/aldiachaco.com.ar\/index.php\/wp-json\/wp\/v2\/tags?post=117607"}],"curies":[{"name":"wp","href":"https:\/\/api.w.org\/{rel}","templated":true}]}}