{"id":117601,"date":"2026-03-12T18:26:20","date_gmt":"2026-03-12T21:26:20","guid":{"rendered":"https:\/\/aldiachaco.com.ar\/?p=117601"},"modified":"2026-03-12T18:26:20","modified_gmt":"2026-03-12T21:26:20","slug":"casas-hayluz-no-intendente-de-colonia-aborigen-explota-contra-zdero","status":"publish","type":"post","link":"https:\/\/aldiachaco.com.ar\/index.php\/2026\/03\/12\/casas-hayluz-no-intendente-de-colonia-aborigen-explota-contra-zdero\/","title":{"rendered":"Casas hay\u2026luz no: intendente de Colonia Aborigen explota contra Zdero"},"content":{"rendered":"<p>El intendente de Colonia Aborigen, Mateo Vuko, public\u00f3 un extenso descargo en redes sociales mostrando su bronca e impotencia por la paralizaci\u00f3n de 40 viviendas construidas con fondos municipales que est\u00e1n listas para entregar pero no pueden ser habitadas por falta de conexi\u00f3n el\u00e9ctrica, un servicio que depende de la provincia.<\/p>\n<p>&#8220;Vine a mirar las viviendas porque hace unos d\u00edas tuvimos vandalismo, nos hab\u00edan roto unos pilares, sacado cable, ca\u00f1o. Hoy me acerqu\u00e9 a mirar y te da un poco de bronca, impotencia&#8221;, expres\u00f3 el jefe comunal mientras recorr\u00eda las construcciones.<\/p>\n<p>Seg\u00fan su relato, las viviendas est\u00e1n terminadas hace casi un a\u00f1o y podr\u00edan haber sido entregadas en el D\u00eda de la Mujer, pero la falta de luz lo impide. &#8220;Est\u00e1bamos esperando entregar las viviendas a algunas madres para esta fecha pero fue imposible. Estas viviendas est\u00e1n construidas con fondo del municipio, son 40 y no s\u00e9 cu\u00e1nto tiempo m\u00e1s tenemos que esperar que se sigan deteriorando&#8221;, lament\u00f3.<\/p>\n<p>Adem\u00e1s, Vuko record\u00f3 que desde el programa \u00d1achec le hab\u00edan prometido la construcci\u00f3n de 10 viviendas m\u00e1s, que nunca se realizaron, lo que agrava la situaci\u00f3n habitacional en la localidad.<\/p>\n<p>&#8220;Al gobernador le ped\u00ed audiencia, una sola vez me dieron&#8221;<\/p>\n<p>&nbsp;<\/p>\n<p>El intendente apunt\u00f3 directamente contra el gobernador Leandro Zdero y su gabinete por la falta de di\u00e1logo. &#8220;Ped\u00ed audiencia, una sola vez me dieron. Much\u00edsimas oportunidades le ped\u00ed al mismo gobernador una audiencia para hacerle este planteo pero sin respuesta, no nos dieron. Ya ahora pr\u00e1cticamente no contestan el tel\u00e9fono, hay funcionarios que no contestan&#8221;, denunci\u00f3.<\/p>\n<p>&nbsp;<\/p>\n<p>Y agreg\u00f3: &#8220;No entiendo por qu\u00e9 hablar con el gobernador cueste tanto para un intendente. No me quiero imaginar para los dem\u00e1s personas, los gremios y todas esas cosas que quieren negociar. Una sola vez en m\u00e1s de dos a\u00f1os no atendi\u00f3&#8221;.<\/p>\n<p>&nbsp;<\/p>\n<p>En el video se observan las viviendas completamente terminadas, con pilares, revoques y detalles finalizados, pero sin conexi\u00f3n el\u00e9ctrica. El intendente mostr\u00f3 los postes de cemento colocados en la esquina, tambi\u00e9n sin cable.<\/p>\n<p>&nbsp;<\/p>\n<p>El intendente afirm\u00f3 que el municipio hizo su parte: &#8220;Cada vivienda tiene agua, todas las viviendas est\u00e1n con agua, nosotros compramos ca\u00f1os, todos los trabajos. Lo que no podemos hacer desde el municipio es agarrar y colocar la luz, porque es un servicio que depende de la provincia&#8221;.<\/p>\n<p>&nbsp;<\/p>\n<p>&#8220;Que vean los vecinos que no es que uno no quiera entregar&#8221;<\/p>\n<p>&nbsp;<\/p>\n<p>El jefe comunal concluy\u00f3 con un pedido a trav\u00e9s de las redes: &#8220;Les voy a pedir que compartan el video a ver si le llega a Leandro, ya que nadie contesta el mensaje. Que nos diga si no vamos a trabajar, que nos diga: mir\u00e1 no le voy a atender a usted, ustedes son peronistas, yo atiendo a los radicales, no s\u00e9, qu\u00e9 s\u00e9 yo lo que nos va a decir&#8221;.<\/p>\n<p>&nbsp;<\/p>\n<p>&#8220;Que vean los vecinos que no es que uno no quiera entregar, no se puede. No importa cu\u00e1nto esfuerzo haga el municipio, puede hacer mil esfuerzos, pero si no tiene una agenda coordinada con el gobierno es imposible. Despu\u00e9s pasa esto, cuando te empiezan a robar, se empieza a perder las cosas, se deterioran&#8221;, cerr\u00f3.<\/p>\n<ol>\n<li><div style=\"width: 360px;\" class=\"wp-video\"><video class=\"wp-video-shortcode\" id=\"video-117601-1\" width=\"360\" height=\"640\" preload=\"metadata\" controls=\"controls\"><source type=\"video\/mp4\" src=\"https:\/\/aldiachaco.com.ar\/wp-content\/uploads\/2026\/03\/VID-20260312-WA0094.mp4?_=1\" \/><a href=\"https:\/\/aldiachaco.com.ar\/wp-content\/uploads\/2026\/03\/VID-20260312-WA0094.mp4\">https:\/\/aldiachaco.com.ar\/wp-content\/uploads\/2026\/03\/VID-20260312-WA0094.mp4<\/a><\/video><\/div><\/li>\n<\/ol>\n","protected":false},"excerpt":{"rendered":"<p>El intendente de Colonia Aborigen, Mateo Vuko, public\u00f3 un extenso descargo en redes sociales mostrando su bronca e impotencia por la paralizaci\u00f3n de 40 viviendas construidas con fondos municipales que est\u00e1n listas para entregar pero no pueden ser habitadas por falta de conexi\u00f3n el\u00e9ctrica, un servicio que depende de la provincia. &#8220;Vine a mirar las &hellip;<\/p>\n","protected":false},"author":9,"featured_media":117604,"comment_status":"open","ping_status":"open","sticky":false,"template":"","format":"standard","meta":{"content-type":"","_monsterinsights_skip_tracking":false,"_monsterinsights_sitenote_active":false,"_monsterinsights_sitenote_note":"","_monsterinsights_sitenote_category":0,"_jetpack_memberships_contains_paid_content":false,"footnotes":"","jetpack_publicize_message":"","jetpack_publicize_feature_enabled":true,"jetpack_social_post_already_shared":true,"jetpack_social_options":{"image_generator_settings":{"template":"highway","default_image_id":0,"font":"","enabled":false},"version":2}},"categories":[153],"tags":[],"class_list":["post-117601","post","type-post","status-publish","format-standard","has-post-thumbnail","hentry","category-politica"],"yoast_head":"<!-- This site is optimized with the Yoast SEO plugin v27.4 - https:\/\/yoast.com\/product\/yoast-seo-wordpress\/ -->\n<title>Casas hay\u2026luz no: intendente de Colonia Aborigen explota contra Zdero | Al Dia Chaco<\/title>\n<meta name=\"robots\" content=\"index, follow, max-snippet:-1, max-image-preview:large, max-video-preview:-1\" \/>\n<link rel=\"canonical\" href=\"https:\/\/aldiachaco.com.ar\/index.php\/2026\/03\/12\/casas-hayluz-no-intendente-de-colonia-aborigen-explota-contra-zdero\/\" \/>\n<meta property=\"og:locale\" content=\"es_ES\" \/>\n<meta property=\"og:type\" content=\"article\" \/>\n<meta property=\"og:title\" content=\"Casas hay\u2026luz no: intendente de Colonia Aborigen explota contra Zdero | Al Dia Chaco\" \/>\n<meta property=\"og:description\" content=\"El intendente de Colonia Aborigen, Mateo Vuko, public\u00f3 un extenso descargo en redes sociales mostrando su bronca e impotencia por la paralizaci\u00f3n de 40 viviendas construidas con fondos municipales que est\u00e1n listas para entregar pero no pueden ser habitadas por falta de conexi\u00f3n el\u00e9ctrica, un servicio que depende de la provincia. &#8220;Vine a mirar las &hellip;\" \/>\n<meta property=\"og:url\" content=\"https:\/\/aldiachaco.com.ar\/index.php\/2026\/03\/12\/casas-hayluz-no-intendente-de-colonia-aborigen-explota-contra-zdero\/\" \/>\n<meta property=\"og:site_name\" content=\"Al Dia Chaco\" \/>\n<meta property=\"article:published_time\" content=\"2026-03-12T21:26:20+00:00\" \/>\n<meta property=\"og:image\" content=\"https:\/\/aldiachaco.com.ar\/wp-content\/uploads\/2026\/03\/255294w850h539c.jpg.webp\" \/>\n\t<meta property=\"og:image:width\" content=\"850\" \/>\n\t<meta property=\"og:image:height\" content=\"539\" \/>\n\t<meta property=\"og:image:type\" content=\"image\/webp\" \/>\n<meta name=\"author\" content=\"RedaccionRM\" \/>\n<meta name=\"twitter:card\" content=\"summary_large_image\" \/>\n<meta name=\"twitter:label1\" content=\"Escrito por\" \/>\n\t<meta name=\"twitter:data1\" content=\"RedaccionRM\" \/>\n\t<meta name=\"twitter:label2\" content=\"Tiempo de lectura\" \/>\n\t<meta name=\"twitter:data2\" content=\"3 minutos\" \/>\n<script type=\"application\/ld+json\" class=\"yoast-schema-graph\">{\"@context\":\"https:\\\/\\\/schema.org\",\"@graph\":[{\"@type\":\"Article\",\"@id\":\"https:\\\/\\\/aldiachaco.com.ar\\\/index.php\\\/2026\\\/03\\\/12\\\/casas-hayluz-no-intendente-de-colonia-aborigen-explota-contra-zdero\\\/#article\",\"isPartOf\":{\"@id\":\"https:\\\/\\\/aldiachaco.com.ar\\\/index.php\\\/2026\\\/03\\\/12\\\/casas-hayluz-no-intendente-de-colonia-aborigen-explota-contra-zdero\\\/\"},\"author\":{\"name\":\"RedaccionRM\",\"@id\":\"https:\\\/\\\/aldiachaco.com.ar\\\/#\\\/schema\\\/person\\\/b24e975af8022082f5889a7a7299e962\"},\"headline\":\"Casas hay\u2026luz no: intendente de Colonia Aborigen explota contra Zdero\",\"datePublished\":\"2026-03-12T21:26:20+00:00\",\"mainEntityOfPage\":{\"@id\":\"https:\\\/\\\/aldiachaco.com.ar\\\/index.php\\\/2026\\\/03\\\/12\\\/casas-hayluz-no-intendente-de-colonia-aborigen-explota-contra-zdero\\\/\"},\"wordCount\":581,\"commentCount\":0,\"publisher\":{\"@id\":\"https:\\\/\\\/aldiachaco.com.ar\\\/#organization\"},\"image\":{\"@id\":\"https:\\\/\\\/aldiachaco.com.ar\\\/index.php\\\/2026\\\/03\\\/12\\\/casas-hayluz-no-intendente-de-colonia-aborigen-explota-contra-zdero\\\/#primaryimage\"},\"thumbnailUrl\":\"https:\\\/\\\/aldiachaco.com.ar\\\/wp-content\\\/uploads\\\/2026\\\/03\\\/255294w850h539c.jpg.webp\",\"articleSection\":[\"Pol\u00edtica\"],\"inLanguage\":\"es-AR\",\"potentialAction\":[{\"@type\":\"CommentAction\",\"name\":\"Comment\",\"target\":[\"https:\\\/\\\/aldiachaco.com.ar\\\/index.php\\\/2026\\\/03\\\/12\\\/casas-hayluz-no-intendente-de-colonia-aborigen-explota-contra-zdero\\\/#respond\"]}]},{\"@type\":\"WebPage\",\"@id\":\"https:\\\/\\\/aldiachaco.com.ar\\\/index.php\\\/2026\\\/03\\\/12\\\/casas-hayluz-no-intendente-de-colonia-aborigen-explota-contra-zdero\\\/\",\"url\":\"https:\\\/\\\/aldiachaco.com.ar\\\/index.php\\\/2026\\\/03\\\/12\\\/casas-hayluz-no-intendente-de-colonia-aborigen-explota-contra-zdero\\\/\",\"name\":\"Casas hay\u2026luz no: intendente de Colonia Aborigen explota contra Zdero | Al Dia Chaco\",\"isPartOf\":{\"@id\":\"https:\\\/\\\/aldiachaco.com.ar\\\/#website\"},\"primaryImageOfPage\":{\"@id\":\"https:\\\/\\\/aldiachaco.com.ar\\\/index.php\\\/2026\\\/03\\\/12\\\/casas-hayluz-no-intendente-de-colonia-aborigen-explota-contra-zdero\\\/#primaryimage\"},\"image\":{\"@id\":\"https:\\\/\\\/aldiachaco.com.ar\\\/index.php\\\/2026\\\/03\\\/12\\\/casas-hayluz-no-intendente-de-colonia-aborigen-explota-contra-zdero\\\/#primaryimage\"},\"thumbnailUrl\":\"https:\\\/\\\/aldiachaco.com.ar\\\/wp-content\\\/uploads\\\/2026\\\/03\\\/255294w850h539c.jpg.webp\",\"datePublished\":\"2026-03-12T21:26:20+00:00\",\"breadcrumb\":{\"@id\":\"https:\\\/\\\/aldiachaco.com.ar\\\/index.php\\\/2026\\\/03\\\/12\\\/casas-hayluz-no-intendente-de-colonia-aborigen-explota-contra-zdero\\\/#breadcrumb\"},\"inLanguage\":\"es-AR\",\"potentialAction\":[{\"@type\":\"ReadAction\",\"target\":[\"https:\\\/\\\/aldiachaco.com.ar\\\/index.php\\\/2026\\\/03\\\/12\\\/casas-hayluz-no-intendente-de-colonia-aborigen-explota-contra-zdero\\\/\"]}]},{\"@type\":\"ImageObject\",\"inLanguage\":\"es-AR\",\"@id\":\"https:\\\/\\\/aldiachaco.com.ar\\\/index.php\\\/2026\\\/03\\\/12\\\/casas-hayluz-no-intendente-de-colonia-aborigen-explota-contra-zdero\\\/#primaryimage\",\"url\":\"https:\\\/\\\/aldiachaco.com.ar\\\/wp-content\\\/uploads\\\/2026\\\/03\\\/255294w850h539c.jpg.webp\",\"contentUrl\":\"https:\\\/\\\/aldiachaco.com.ar\\\/wp-content\\\/uploads\\\/2026\\\/03\\\/255294w850h539c.jpg.webp\",\"width\":850,\"height\":539},{\"@type\":\"BreadcrumbList\",\"@id\":\"https:\\\/\\\/aldiachaco.com.ar\\\/index.php\\\/2026\\\/03\\\/12\\\/casas-hayluz-no-intendente-de-colonia-aborigen-explota-contra-zdero\\\/#breadcrumb\",\"itemListElement\":[{\"@type\":\"ListItem\",\"position\":1,\"name\":\"Home\",\"item\":\"https:\\\/\\\/aldiachaco.com.ar\\\/\"},{\"@type\":\"ListItem\",\"position\":2,\"name\":\"Casas hay\u2026luz no: intendente de Colonia Aborigen explota contra Zdero\"}]},{\"@type\":\"WebSite\",\"@id\":\"https:\\\/\\\/aldiachaco.com.ar\\\/#website\",\"url\":\"https:\\\/\\\/aldiachaco.com.ar\\\/\",\"name\":\"Al Dia Chaco\",\"description\":\"Noticias del Chaco y el mundo\",\"publisher\":{\"@id\":\"https:\\\/\\\/aldiachaco.com.ar\\\/#organization\"},\"alternateName\":\"Al D\u00eda Chaco\",\"potentialAction\":[{\"@type\":\"SearchAction\",\"target\":{\"@type\":\"EntryPoint\",\"urlTemplate\":\"https:\\\/\\\/aldiachaco.com.ar\\\/?s={search_term_string}\"},\"query-input\":{\"@type\":\"PropertyValueSpecification\",\"valueRequired\":true,\"valueName\":\"search_term_string\"}}],\"inLanguage\":\"es-AR\"},{\"@type\":\"Organization\",\"@id\":\"https:\\\/\\\/aldiachaco.com.ar\\\/#organization\",\"name\":\"Al Dia Chaco\",\"url\":\"https:\\\/\\\/aldiachaco.com.ar\\\/\",\"logo\":{\"@type\":\"ImageObject\",\"inLanguage\":\"es-AR\",\"@id\":\"https:\\\/\\\/aldiachaco.com.ar\\\/#\\\/schema\\\/logo\\\/image\\\/\",\"url\":\"https:\\\/\\\/aldiachaco.com.ar\\\/wp-content\\\/uploads\\\/2017\\\/11\\\/AL-DIA-CHACO-L@2x.png\",\"contentUrl\":\"https:\\\/\\\/aldiachaco.com.ar\\\/wp-content\\\/uploads\\\/2017\\\/11\\\/AL-DIA-CHACO-L@2x.png\",\"width\":232,\"height\":60,\"caption\":\"Al Dia Chaco\"},\"image\":{\"@id\":\"https:\\\/\\\/aldiachaco.com.ar\\\/#\\\/schema\\\/logo\\\/image\\\/\"}},{\"@type\":\"Person\",\"@id\":\"https:\\\/\\\/aldiachaco.com.ar\\\/#\\\/schema\\\/person\\\/b24e975af8022082f5889a7a7299e962\",\"name\":\"RedaccionRM\",\"image\":{\"@type\":\"ImageObject\",\"inLanguage\":\"es-AR\",\"@id\":\"https:\\\/\\\/aldiachaco.com.ar\\\/wp-content\\\/litespeed\\\/avatar\\\/a30118fcb7a6295303f1c91164c6aba1.jpg?ver=1777339088\",\"url\":\"https:\\\/\\\/aldiachaco.com.ar\\\/wp-content\\\/litespeed\\\/avatar\\\/a30118fcb7a6295303f1c91164c6aba1.jpg?ver=1777339088\",\"contentUrl\":\"https:\\\/\\\/aldiachaco.com.ar\\\/wp-content\\\/litespeed\\\/avatar\\\/a30118fcb7a6295303f1c91164c6aba1.jpg?ver=1777339088\",\"caption\":\"RedaccionRM\"},\"url\":\"https:\\\/\\\/aldiachaco.com.ar\\\/index.php\\\/author\\\/redaccionrm\\\/\"}]}<\/script>\n<!-- \/ Yoast SEO plugin. -->","yoast_head_json":{"title":"Casas hay\u2026luz no: intendente de Colonia Aborigen explota contra Zdero | Al Dia Chaco","robots":{"index":"index","follow":"follow","max-snippet":"max-snippet:-1","max-image-preview":"max-image-preview:large","max-video-preview":"max-video-preview:-1"},"canonical":"https:\/\/aldiachaco.com.ar\/index.php\/2026\/03\/12\/casas-hayluz-no-intendente-de-colonia-aborigen-explota-contra-zdero\/","og_locale":"es_ES","og_type":"article","og_title":"Casas hay\u2026luz no: intendente de Colonia Aborigen explota contra Zdero | Al Dia Chaco","og_description":"El intendente de Colonia Aborigen, Mateo Vuko, public\u00f3 un extenso descargo en redes sociales mostrando su bronca e impotencia por la paralizaci\u00f3n de 40 viviendas construidas con fondos municipales que est\u00e1n listas para entregar pero no pueden ser habitadas por falta de conexi\u00f3n el\u00e9ctrica, un servicio que depende de la provincia. &#8220;Vine a mirar las &hellip;","og_url":"https:\/\/aldiachaco.com.ar\/index.php\/2026\/03\/12\/casas-hayluz-no-intendente-de-colonia-aborigen-explota-contra-zdero\/","og_site_name":"Al Dia Chaco","article_published_time":"2026-03-12T21:26:20+00:00","og_image":[{"width":850,"height":539,"url":"https:\/\/aldiachaco.com.ar\/wp-content\/uploads\/2026\/03\/255294w850h539c.jpg.webp","type":"image\/webp"}],"author":"RedaccionRM","twitter_card":"summary_large_image","twitter_misc":{"Escrito por":"RedaccionRM","Tiempo de lectura":"3 minutos"},"schema":{"@context":"https:\/\/schema.org","@graph":[{"@type":"Article","@id":"https:\/\/aldiachaco.com.ar\/index.php\/2026\/03\/12\/casas-hayluz-no-intendente-de-colonia-aborigen-explota-contra-zdero\/#article","isPartOf":{"@id":"https:\/\/aldiachaco.com.ar\/index.php\/2026\/03\/12\/casas-hayluz-no-intendente-de-colonia-aborigen-explota-contra-zdero\/"},"author":{"name":"RedaccionRM","@id":"https:\/\/aldiachaco.com.ar\/#\/schema\/person\/b24e975af8022082f5889a7a7299e962"},"headline":"Casas hay\u2026luz no: intendente de Colonia Aborigen explota contra Zdero","datePublished":"2026-03-12T21:26:20+00:00","mainEntityOfPage":{"@id":"https:\/\/aldiachaco.com.ar\/index.php\/2026\/03\/12\/casas-hayluz-no-intendente-de-colonia-aborigen-explota-contra-zdero\/"},"wordCount":581,"commentCount":0,"publisher":{"@id":"https:\/\/aldiachaco.com.ar\/#organization"},"image":{"@id":"https:\/\/aldiachaco.com.ar\/index.php\/2026\/03\/12\/casas-hayluz-no-intendente-de-colonia-aborigen-explota-contra-zdero\/#primaryimage"},"thumbnailUrl":"https:\/\/aldiachaco.com.ar\/wp-content\/uploads\/2026\/03\/255294w850h539c.jpg.webp","articleSection":["Pol\u00edtica"],"inLanguage":"es-AR","potentialAction":[{"@type":"CommentAction","name":"Comment","target":["https:\/\/aldiachaco.com.ar\/index.php\/2026\/03\/12\/casas-hayluz-no-intendente-de-colonia-aborigen-explota-contra-zdero\/#respond"]}]},{"@type":"WebPage","@id":"https:\/\/aldiachaco.com.ar\/index.php\/2026\/03\/12\/casas-hayluz-no-intendente-de-colonia-aborigen-explota-contra-zdero\/","url":"https:\/\/aldiachaco.com.ar\/index.php\/2026\/03\/12\/casas-hayluz-no-intendente-de-colonia-aborigen-explota-contra-zdero\/","name":"Casas hay\u2026luz no: intendente de Colonia Aborigen explota contra Zdero | Al Dia Chaco","isPartOf":{"@id":"https:\/\/aldiachaco.com.ar\/#website"},"primaryImageOfPage":{"@id":"https:\/\/aldiachaco.com.ar\/index.php\/2026\/03\/12\/casas-hayluz-no-intendente-de-colonia-aborigen-explota-contra-zdero\/#primaryimage"},"image":{"@id":"https:\/\/aldiachaco.com.ar\/index.php\/2026\/03\/12\/casas-hayluz-no-intendente-de-colonia-aborigen-explota-contra-zdero\/#primaryimage"},"thumbnailUrl":"https:\/\/aldiachaco.com.ar\/wp-content\/uploads\/2026\/03\/255294w850h539c.jpg.webp","datePublished":"2026-03-12T21:26:20+00:00","breadcrumb":{"@id":"https:\/\/aldiachaco.com.ar\/index.php\/2026\/03\/12\/casas-hayluz-no-intendente-de-colonia-aborigen-explota-contra-zdero\/#breadcrumb"},"inLanguage":"es-AR","potentialAction":[{"@type":"ReadAction","target":["https:\/\/aldiachaco.com.ar\/index.php\/2026\/03\/12\/casas-hayluz-no-intendente-de-colonia-aborigen-explota-contra-zdero\/"]}]},{"@type":"ImageObject","inLanguage":"es-AR","@id":"https:\/\/aldiachaco.com.ar\/index.php\/2026\/03\/12\/casas-hayluz-no-intendente-de-colonia-aborigen-explota-contra-zdero\/#primaryimage","url":"https:\/\/aldiachaco.com.ar\/wp-content\/uploads\/2026\/03\/255294w850h539c.jpg.webp","contentUrl":"https:\/\/aldiachaco.com.ar\/wp-content\/uploads\/2026\/03\/255294w850h539c.jpg.webp","width":850,"height":539},{"@type":"BreadcrumbList","@id":"https:\/\/aldiachaco.com.ar\/index.php\/2026\/03\/12\/casas-hayluz-no-intendente-de-colonia-aborigen-explota-contra-zdero\/#breadcrumb","itemListElement":[{"@type":"ListItem","position":1,"name":"Home","item":"https:\/\/aldiachaco.com.ar\/"},{"@type":"ListItem","position":2,"name":"Casas hay\u2026luz no: intendente de Colonia Aborigen explota contra Zdero"}]},{"@type":"WebSite","@id":"https:\/\/aldiachaco.com.ar\/#website","url":"https:\/\/aldiachaco.com.ar\/","name":"Al Dia Chaco","description":"Noticias del Chaco y el mundo","publisher":{"@id":"https:\/\/aldiachaco.com.ar\/#organization"},"alternateName":"Al D\u00eda Chaco","potentialAction":[{"@type":"SearchAction","target":{"@type":"EntryPoint","urlTemplate":"https:\/\/aldiachaco.com.ar\/?s={search_term_string}"},"query-input":{"@type":"PropertyValueSpecification","valueRequired":true,"valueName":"search_term_string"}}],"inLanguage":"es-AR"},{"@type":"Organization","@id":"https:\/\/aldiachaco.com.ar\/#organization","name":"Al Dia Chaco","url":"https:\/\/aldiachaco.com.ar\/","logo":{"@type":"ImageObject","inLanguage":"es-AR","@id":"https:\/\/aldiachaco.com.ar\/#\/schema\/logo\/image\/","url":"https:\/\/aldiachaco.com.ar\/wp-content\/uploads\/2017\/11\/AL-DIA-CHACO-L@2x.png","contentUrl":"https:\/\/aldiachaco.com.ar\/wp-content\/uploads\/2017\/11\/AL-DIA-CHACO-L@2x.png","width":232,"height":60,"caption":"Al Dia Chaco"},"image":{"@id":"https:\/\/aldiachaco.com.ar\/#\/schema\/logo\/image\/"}},{"@type":"Person","@id":"https:\/\/aldiachaco.com.ar\/#\/schema\/person\/b24e975af8022082f5889a7a7299e962","name":"RedaccionRM","image":{"@type":"ImageObject","inLanguage":"es-AR","@id":"https:\/\/aldiachaco.com.ar\/wp-content\/litespeed\/avatar\/a30118fcb7a6295303f1c91164c6aba1.jpg?ver=1777339088","url":"https:\/\/aldiachaco.com.ar\/wp-content\/litespeed\/avatar\/a30118fcb7a6295303f1c91164c6aba1.jpg?ver=1777339088","contentUrl":"https:\/\/aldiachaco.com.ar\/wp-content\/litespeed\/avatar\/a30118fcb7a6295303f1c91164c6aba1.jpg?ver=1777339088","caption":"RedaccionRM"},"url":"https:\/\/aldiachaco.com.ar\/index.php\/author\/redaccionrm\/"}]}},"jetpack_publicize_connections":[],"jetpack_featured_media_url":"https:\/\/aldiachaco.com.ar\/wp-content\/uploads\/2026\/03\/255294w850h539c.jpg.webp","jetpack_sharing_enabled":true,"amp_enabled":true,"_links":{"self":[{"href":"https:\/\/aldiachaco.com.ar\/index.php\/wp-json\/wp\/v2\/posts\/117601","targetHints":{"allow":["GET"]}}],"collection":[{"href":"https:\/\/aldiachaco.com.ar\/index.php\/wp-json\/wp\/v2\/posts"}],"about":[{"href":"https:\/\/aldiachaco.com.ar\/index.php\/wp-json\/wp\/v2\/types\/post"}],"author":[{"embeddable":true,"href":"https:\/\/aldiachaco.com.ar\/index.php\/wp-json\/wp\/v2\/users\/9"}],"replies":[{"embeddable":true,"href":"https:\/\/aldiachaco.com.ar\/index.php\/wp-json\/wp\/v2\/comments?post=117601"}],"version-history":[{"count":2,"href":"https:\/\/aldiachaco.com.ar\/index.php\/wp-json\/wp\/v2\/posts\/117601\/revisions"}],"predecessor-version":[{"id":117606,"href":"https:\/\/aldiachaco.com.ar\/index.php\/wp-json\/wp\/v2\/posts\/117601\/revisions\/117606"}],"wp:featuredmedia":[{"embeddable":true,"href":"https:\/\/aldiachaco.com.ar\/index.php\/wp-json\/wp\/v2\/media\/117604"}],"wp:attachment":[{"href":"https:\/\/aldiachaco.com.ar\/index.php\/wp-json\/wp\/v2\/media?parent=117601"}],"wp:term":[{"taxonomy":"category","embeddable":true,"href":"https:\/\/aldiachaco.com.ar\/index.php\/wp-json\/wp\/v2\/categories?post=117601"},{"taxonomy":"post_tag","embeddable":true,"href":"https:\/\/aldiachaco.com.ar\/index.php\/wp-json\/wp\/v2\/tags?post=117601"}],"curies":[{"name":"wp","href":"https:\/\/api.w.org\/{rel}","templated":true}]}}