{"id":117595,"date":"2026-03-12T17:25:23","date_gmt":"2026-03-12T20:25:23","guid":{"rendered":"https:\/\/aldiachaco.com.ar\/?p=117595"},"modified":"2026-03-12T17:25:23","modified_gmt":"2026-03-12T20:25:23","slug":"se-evapora-la-promesa-de-milei-de-una-suba-anual-del-10","status":"publish","type":"post","link":"https:\/\/aldiachaco.com.ar\/index.php\/2026\/03\/12\/se-evapora-la-promesa-de-milei-de-una-suba-anual-del-10\/","title":{"rendered":"Se evapora la promesa de Milei de una suba anual del 10%"},"content":{"rendered":"<p class=\"ds-markdown-paragraph\">El \u00cdndice de Precios al Consumidor registr\u00f3 en febrero un aumento de 2,9%, seg\u00fan inform\u00f3 el Indec. Exactamente el mismo nivel que mostr\u00f3 enero. El dato contrasta con el pron\u00f3stico de Javier Milei, quien hab\u00eda afirmado que en agosto la inflaci\u00f3n iba a comenzar con &#8220;un cero adelante&#8221;, es decir, ubicarse por debajo del 1% mensual.<\/p>\n<p class=\"ds-markdown-paragraph\">Hace nueve meses que la inflaci\u00f3n no baja, lo que deja en evidencia el optimismo con el que el gobierno hab\u00eda proyectado la din\u00e1mica de precios en el Presupuesto en el orden del 10% anual.<\/p>\n<p class=\"ds-markdown-paragraph\">El informe del Indec indica que la inflaci\u00f3n de febrero se explic\u00f3 principalmente por la suba de tarifas y el aumento de los alimentos. La divisi\u00f3n con mayor incremento fue Vivienda, agua, electricidad, gas y otros combustibles, que avanz\u00f3 6,8%, impulsada por los aumentos de gas, electricidad y agua y por cambios en los esquemas de subsidios.<\/p>\n<p class=\"ds-markdown-paragraph\">En segundo lugar se ubic\u00f3 Alimentos y bebidas no alcoh\u00f3licas, que subieron 3,3% en el mes. Dentro de ese rubro, el mayor impacto provino del aumento de carnes y derivados, que volvieron a presionar sobre el \u00edndice general.<\/p>\n<p class=\"ds-markdown-paragraph\">Un dato clave es que los precios regulados fueron los que m\u00e1s aumentaron en febrero, con una suba de 4,3%, por encima del IPC n\u00facleo, que trep\u00f3 3,1%, mientras que los estacionales cayeron 1,3%.<\/p>\n<p class=\"ds-markdown-paragraph\">Al desagregar entre bienes y servicios aparece otro dato relevante. Los servicios subieron 4% en el mes, mientras que los bienes avanzaron 2,3%, lo que confirma que la inflaci\u00f3n se est\u00e1 concentrando cada vez m\u00e1s en rubros vinculados a tarifas, salud y servicios.<\/p>\n<p class=\"ds-markdown-paragraph\">En t\u00e9rminos regionales, el mayor aumento mensual se registr\u00f3 en el Noroeste, con 3,5%, seguido por Cuyo con 3,4% y el Noreste con 3,1%, mientras que el GBA marc\u00f3 2,6%.<\/p>\n<p class=\"ds-markdown-paragraph\">En lo que va del a\u00f1o, la inflaci\u00f3n acumulada ya llega a 5,9%, lo que implica que en apenas dos meses se consumi\u00f3 m\u00e1s de la mitad de la inflaci\u00f3n anual que el gobierno hab\u00eda previsto en el Presupuesto.<\/p>\n<p class=\"ds-markdown-paragraph\">La comparaci\u00f3n interanual tambi\u00e9n muestra un freno en el proceso de desinflaci\u00f3n. En febrero los precios acumularon una suba de 33,1% respecto al mismo mes de 2025, una cifra que incluso marca un leve rebote respecto de los meses previos.<\/p>\n<p class=\"ds-markdown-paragraph\">Entre los precios de alimentos relevados se observan aumentos significativos en productos clave de la canasta. Por ejemplo, la carne picada subi\u00f3 7,1% en el mes, el pollo 10,2%, el asado 5,7%, mientras que el aceite de girasol aument\u00f3 4,5%.<\/p>\n<p class=\"ds-markdown-paragraph\">Con este escenario, la meta oficial de inflaci\u00f3n anual del 10% luce cada vez m\u00e1s dif\u00edcil de alcanzar. El ritmo actual de aumentos, cercano al 3% mensual, proyecta una inflaci\u00f3n anualizada del 43%, muy superior al 10% previsto por el gobierno.<\/p>\n","protected":false},"excerpt":{"rendered":"<p>El \u00cdndice de Precios al Consumidor registr\u00f3 en febrero un aumento de 2,9%, seg\u00fan inform\u00f3 el Indec. Exactamente el mismo nivel que mostr\u00f3 enero. El dato contrasta con el pron\u00f3stico de Javier Milei, quien hab\u00eda afirmado que en agosto la inflaci\u00f3n iba a comenzar con &#8220;un cero adelante&#8221;, es decir, ubicarse por debajo del 1% &hellip;<\/p>\n","protected":false},"author":9,"featured_media":117596,"comment_status":"open","ping_status":"open","sticky":false,"template":"","format":"standard","meta":{"content-type":"","_monsterinsights_skip_tracking":false,"_monsterinsights_sitenote_active":false,"_monsterinsights_sitenote_note":"","_monsterinsights_sitenote_category":0,"_jetpack_memberships_contains_paid_content":false,"footnotes":"","jetpack_publicize_message":"","jetpack_publicize_feature_enabled":true,"jetpack_social_post_already_shared":true,"jetpack_social_options":{"image_generator_settings":{"template":"highway","default_image_id":0,"font":"","enabled":false},"version":2}},"categories":[65],"tags":[],"class_list":["post-117595","post","type-post","status-publish","format-standard","has-post-thumbnail","hentry","category-economia"],"yoast_head":"<!-- This site is optimized with the Yoast SEO plugin v27.4 - https:\/\/yoast.com\/product\/yoast-seo-wordpress\/ -->\n<title>Se evapora la promesa de Milei de una suba anual del 10% | Al Dia Chaco<\/title>\n<meta name=\"robots\" content=\"index, follow, max-snippet:-1, max-image-preview:large, max-video-preview:-1\" \/>\n<link rel=\"canonical\" href=\"https:\/\/aldiachaco.com.ar\/index.php\/2026\/03\/12\/se-evapora-la-promesa-de-milei-de-una-suba-anual-del-10\/\" \/>\n<meta property=\"og:locale\" content=\"es_ES\" \/>\n<meta property=\"og:type\" content=\"article\" \/>\n<meta property=\"og:title\" content=\"Se evapora la promesa de Milei de una suba anual del 10% | Al Dia Chaco\" \/>\n<meta property=\"og:description\" content=\"El \u00cdndice de Precios al Consumidor registr\u00f3 en febrero un aumento de 2,9%, seg\u00fan inform\u00f3 el Indec. Exactamente el mismo nivel que mostr\u00f3 enero. El dato contrasta con el pron\u00f3stico de Javier Milei, quien hab\u00eda afirmado que en agosto la inflaci\u00f3n iba a comenzar con &#8220;un cero adelante&#8221;, es decir, ubicarse por debajo del 1% &hellip;\" \/>\n<meta property=\"og:url\" content=\"https:\/\/aldiachaco.com.ar\/index.php\/2026\/03\/12\/se-evapora-la-promesa-de-milei-de-una-suba-anual-del-10\/\" \/>\n<meta property=\"og:site_name\" content=\"Al Dia Chaco\" \/>\n<meta property=\"article:published_time\" content=\"2026-03-12T20:25:23+00:00\" \/>\n<meta property=\"og:image\" content=\"https:\/\/aldiachaco.com.ar\/wp-content\/uploads\/2026\/03\/1203INFLACION.webp\" \/>\n\t<meta property=\"og:image:width\" content=\"940\" \/>\n\t<meta property=\"og:image:height\" content=\"529\" \/>\n\t<meta property=\"og:image:type\" content=\"image\/webp\" \/>\n<meta name=\"author\" content=\"RedaccionRM\" \/>\n<meta name=\"twitter:card\" content=\"summary_large_image\" \/>\n<meta name=\"twitter:label1\" content=\"Escrito por\" \/>\n\t<meta name=\"twitter:data1\" content=\"RedaccionRM\" \/>\n\t<meta name=\"twitter:label2\" content=\"Tiempo de lectura\" \/>\n\t<meta name=\"twitter:data2\" content=\"3 minutos\" \/>\n<script type=\"application\/ld+json\" class=\"yoast-schema-graph\">{\"@context\":\"https:\\\/\\\/schema.org\",\"@graph\":[{\"@type\":\"Article\",\"@id\":\"https:\\\/\\\/aldiachaco.com.ar\\\/index.php\\\/2026\\\/03\\\/12\\\/se-evapora-la-promesa-de-milei-de-una-suba-anual-del-10\\\/#article\",\"isPartOf\":{\"@id\":\"https:\\\/\\\/aldiachaco.com.ar\\\/index.php\\\/2026\\\/03\\\/12\\\/se-evapora-la-promesa-de-milei-de-una-suba-anual-del-10\\\/\"},\"author\":{\"name\":\"RedaccionRM\",\"@id\":\"https:\\\/\\\/aldiachaco.com.ar\\\/#\\\/schema\\\/person\\\/b24e975af8022082f5889a7a7299e962\"},\"headline\":\"Se evapora la promesa de Milei de una suba anual del 10%\",\"datePublished\":\"2026-03-12T20:25:23+00:00\",\"mainEntityOfPage\":{\"@id\":\"https:\\\/\\\/aldiachaco.com.ar\\\/index.php\\\/2026\\\/03\\\/12\\\/se-evapora-la-promesa-de-milei-de-una-suba-anual-del-10\\\/\"},\"wordCount\":466,\"commentCount\":0,\"publisher\":{\"@id\":\"https:\\\/\\\/aldiachaco.com.ar\\\/#organization\"},\"image\":{\"@id\":\"https:\\\/\\\/aldiachaco.com.ar\\\/index.php\\\/2026\\\/03\\\/12\\\/se-evapora-la-promesa-de-milei-de-una-suba-anual-del-10\\\/#primaryimage\"},\"thumbnailUrl\":\"https:\\\/\\\/aldiachaco.com.ar\\\/wp-content\\\/uploads\\\/2026\\\/03\\\/1203INFLACION.webp\",\"articleSection\":[\"Econom\u00eda\"],\"inLanguage\":\"es-AR\",\"potentialAction\":[{\"@type\":\"CommentAction\",\"name\":\"Comment\",\"target\":[\"https:\\\/\\\/aldiachaco.com.ar\\\/index.php\\\/2026\\\/03\\\/12\\\/se-evapora-la-promesa-de-milei-de-una-suba-anual-del-10\\\/#respond\"]}]},{\"@type\":\"WebPage\",\"@id\":\"https:\\\/\\\/aldiachaco.com.ar\\\/index.php\\\/2026\\\/03\\\/12\\\/se-evapora-la-promesa-de-milei-de-una-suba-anual-del-10\\\/\",\"url\":\"https:\\\/\\\/aldiachaco.com.ar\\\/index.php\\\/2026\\\/03\\\/12\\\/se-evapora-la-promesa-de-milei-de-una-suba-anual-del-10\\\/\",\"name\":\"Se evapora la promesa de Milei de una suba anual del 10% | Al Dia Chaco\",\"isPartOf\":{\"@id\":\"https:\\\/\\\/aldiachaco.com.ar\\\/#website\"},\"primaryImageOfPage\":{\"@id\":\"https:\\\/\\\/aldiachaco.com.ar\\\/index.php\\\/2026\\\/03\\\/12\\\/se-evapora-la-promesa-de-milei-de-una-suba-anual-del-10\\\/#primaryimage\"},\"image\":{\"@id\":\"https:\\\/\\\/aldiachaco.com.ar\\\/index.php\\\/2026\\\/03\\\/12\\\/se-evapora-la-promesa-de-milei-de-una-suba-anual-del-10\\\/#primaryimage\"},\"thumbnailUrl\":\"https:\\\/\\\/aldiachaco.com.ar\\\/wp-content\\\/uploads\\\/2026\\\/03\\\/1203INFLACION.webp\",\"datePublished\":\"2026-03-12T20:25:23+00:00\",\"breadcrumb\":{\"@id\":\"https:\\\/\\\/aldiachaco.com.ar\\\/index.php\\\/2026\\\/03\\\/12\\\/se-evapora-la-promesa-de-milei-de-una-suba-anual-del-10\\\/#breadcrumb\"},\"inLanguage\":\"es-AR\",\"potentialAction\":[{\"@type\":\"ReadAction\",\"target\":[\"https:\\\/\\\/aldiachaco.com.ar\\\/index.php\\\/2026\\\/03\\\/12\\\/se-evapora-la-promesa-de-milei-de-una-suba-anual-del-10\\\/\"]}]},{\"@type\":\"ImageObject\",\"inLanguage\":\"es-AR\",\"@id\":\"https:\\\/\\\/aldiachaco.com.ar\\\/index.php\\\/2026\\\/03\\\/12\\\/se-evapora-la-promesa-de-milei-de-una-suba-anual-del-10\\\/#primaryimage\",\"url\":\"https:\\\/\\\/aldiachaco.com.ar\\\/wp-content\\\/uploads\\\/2026\\\/03\\\/1203INFLACION.webp\",\"contentUrl\":\"https:\\\/\\\/aldiachaco.com.ar\\\/wp-content\\\/uploads\\\/2026\\\/03\\\/1203INFLACION.webp\",\"width\":940,\"height\":529},{\"@type\":\"BreadcrumbList\",\"@id\":\"https:\\\/\\\/aldiachaco.com.ar\\\/index.php\\\/2026\\\/03\\\/12\\\/se-evapora-la-promesa-de-milei-de-una-suba-anual-del-10\\\/#breadcrumb\",\"itemListElement\":[{\"@type\":\"ListItem\",\"position\":1,\"name\":\"Home\",\"item\":\"https:\\\/\\\/aldiachaco.com.ar\\\/\"},{\"@type\":\"ListItem\",\"position\":2,\"name\":\"Se evapora la promesa de Milei de una suba anual del 10%\"}]},{\"@type\":\"WebSite\",\"@id\":\"https:\\\/\\\/aldiachaco.com.ar\\\/#website\",\"url\":\"https:\\\/\\\/aldiachaco.com.ar\\\/\",\"name\":\"Al Dia Chaco\",\"description\":\"Noticias del Chaco y el mundo\",\"publisher\":{\"@id\":\"https:\\\/\\\/aldiachaco.com.ar\\\/#organization\"},\"alternateName\":\"Al D\u00eda Chaco\",\"potentialAction\":[{\"@type\":\"SearchAction\",\"target\":{\"@type\":\"EntryPoint\",\"urlTemplate\":\"https:\\\/\\\/aldiachaco.com.ar\\\/?s={search_term_string}\"},\"query-input\":{\"@type\":\"PropertyValueSpecification\",\"valueRequired\":true,\"valueName\":\"search_term_string\"}}],\"inLanguage\":\"es-AR\"},{\"@type\":\"Organization\",\"@id\":\"https:\\\/\\\/aldiachaco.com.ar\\\/#organization\",\"name\":\"Al Dia Chaco\",\"url\":\"https:\\\/\\\/aldiachaco.com.ar\\\/\",\"logo\":{\"@type\":\"ImageObject\",\"inLanguage\":\"es-AR\",\"@id\":\"https:\\\/\\\/aldiachaco.com.ar\\\/#\\\/schema\\\/logo\\\/image\\\/\",\"url\":\"https:\\\/\\\/aldiachaco.com.ar\\\/wp-content\\\/uploads\\\/2017\\\/11\\\/AL-DIA-CHACO-L@2x.png\",\"contentUrl\":\"https:\\\/\\\/aldiachaco.com.ar\\\/wp-content\\\/uploads\\\/2017\\\/11\\\/AL-DIA-CHACO-L@2x.png\",\"width\":232,\"height\":60,\"caption\":\"Al Dia Chaco\"},\"image\":{\"@id\":\"https:\\\/\\\/aldiachaco.com.ar\\\/#\\\/schema\\\/logo\\\/image\\\/\"}},{\"@type\":\"Person\",\"@id\":\"https:\\\/\\\/aldiachaco.com.ar\\\/#\\\/schema\\\/person\\\/b24e975af8022082f5889a7a7299e962\",\"name\":\"RedaccionRM\",\"image\":{\"@type\":\"ImageObject\",\"inLanguage\":\"es-AR\",\"@id\":\"https:\\\/\\\/aldiachaco.com.ar\\\/wp-content\\\/litespeed\\\/avatar\\\/a30118fcb7a6295303f1c91164c6aba1.jpg?ver=1777339088\",\"url\":\"https:\\\/\\\/aldiachaco.com.ar\\\/wp-content\\\/litespeed\\\/avatar\\\/a30118fcb7a6295303f1c91164c6aba1.jpg?ver=1777339088\",\"contentUrl\":\"https:\\\/\\\/aldiachaco.com.ar\\\/wp-content\\\/litespeed\\\/avatar\\\/a30118fcb7a6295303f1c91164c6aba1.jpg?ver=1777339088\",\"caption\":\"RedaccionRM\"},\"url\":\"https:\\\/\\\/aldiachaco.com.ar\\\/index.php\\\/author\\\/redaccionrm\\\/\"}]}<\/script>\n<!-- \/ Yoast SEO plugin. -->","yoast_head_json":{"title":"Se evapora la promesa de Milei de una suba anual del 10% | Al Dia Chaco","robots":{"index":"index","follow":"follow","max-snippet":"max-snippet:-1","max-image-preview":"max-image-preview:large","max-video-preview":"max-video-preview:-1"},"canonical":"https:\/\/aldiachaco.com.ar\/index.php\/2026\/03\/12\/se-evapora-la-promesa-de-milei-de-una-suba-anual-del-10\/","og_locale":"es_ES","og_type":"article","og_title":"Se evapora la promesa de Milei de una suba anual del 10% | Al Dia Chaco","og_description":"El \u00cdndice de Precios al Consumidor registr\u00f3 en febrero un aumento de 2,9%, seg\u00fan inform\u00f3 el Indec. Exactamente el mismo nivel que mostr\u00f3 enero. El dato contrasta con el pron\u00f3stico de Javier Milei, quien hab\u00eda afirmado que en agosto la inflaci\u00f3n iba a comenzar con &#8220;un cero adelante&#8221;, es decir, ubicarse por debajo del 1% &hellip;","og_url":"https:\/\/aldiachaco.com.ar\/index.php\/2026\/03\/12\/se-evapora-la-promesa-de-milei-de-una-suba-anual-del-10\/","og_site_name":"Al Dia Chaco","article_published_time":"2026-03-12T20:25:23+00:00","og_image":[{"width":940,"height":529,"url":"https:\/\/aldiachaco.com.ar\/wp-content\/uploads\/2026\/03\/1203INFLACION.webp","type":"image\/webp"}],"author":"RedaccionRM","twitter_card":"summary_large_image","twitter_misc":{"Escrito por":"RedaccionRM","Tiempo de lectura":"3 minutos"},"schema":{"@context":"https:\/\/schema.org","@graph":[{"@type":"Article","@id":"https:\/\/aldiachaco.com.ar\/index.php\/2026\/03\/12\/se-evapora-la-promesa-de-milei-de-una-suba-anual-del-10\/#article","isPartOf":{"@id":"https:\/\/aldiachaco.com.ar\/index.php\/2026\/03\/12\/se-evapora-la-promesa-de-milei-de-una-suba-anual-del-10\/"},"author":{"name":"RedaccionRM","@id":"https:\/\/aldiachaco.com.ar\/#\/schema\/person\/b24e975af8022082f5889a7a7299e962"},"headline":"Se evapora la promesa de Milei de una suba anual del 10%","datePublished":"2026-03-12T20:25:23+00:00","mainEntityOfPage":{"@id":"https:\/\/aldiachaco.com.ar\/index.php\/2026\/03\/12\/se-evapora-la-promesa-de-milei-de-una-suba-anual-del-10\/"},"wordCount":466,"commentCount":0,"publisher":{"@id":"https:\/\/aldiachaco.com.ar\/#organization"},"image":{"@id":"https:\/\/aldiachaco.com.ar\/index.php\/2026\/03\/12\/se-evapora-la-promesa-de-milei-de-una-suba-anual-del-10\/#primaryimage"},"thumbnailUrl":"https:\/\/aldiachaco.com.ar\/wp-content\/uploads\/2026\/03\/1203INFLACION.webp","articleSection":["Econom\u00eda"],"inLanguage":"es-AR","potentialAction":[{"@type":"CommentAction","name":"Comment","target":["https:\/\/aldiachaco.com.ar\/index.php\/2026\/03\/12\/se-evapora-la-promesa-de-milei-de-una-suba-anual-del-10\/#respond"]}]},{"@type":"WebPage","@id":"https:\/\/aldiachaco.com.ar\/index.php\/2026\/03\/12\/se-evapora-la-promesa-de-milei-de-una-suba-anual-del-10\/","url":"https:\/\/aldiachaco.com.ar\/index.php\/2026\/03\/12\/se-evapora-la-promesa-de-milei-de-una-suba-anual-del-10\/","name":"Se evapora la promesa de Milei de una suba anual del 10% | Al Dia Chaco","isPartOf":{"@id":"https:\/\/aldiachaco.com.ar\/#website"},"primaryImageOfPage":{"@id":"https:\/\/aldiachaco.com.ar\/index.php\/2026\/03\/12\/se-evapora-la-promesa-de-milei-de-una-suba-anual-del-10\/#primaryimage"},"image":{"@id":"https:\/\/aldiachaco.com.ar\/index.php\/2026\/03\/12\/se-evapora-la-promesa-de-milei-de-una-suba-anual-del-10\/#primaryimage"},"thumbnailUrl":"https:\/\/aldiachaco.com.ar\/wp-content\/uploads\/2026\/03\/1203INFLACION.webp","datePublished":"2026-03-12T20:25:23+00:00","breadcrumb":{"@id":"https:\/\/aldiachaco.com.ar\/index.php\/2026\/03\/12\/se-evapora-la-promesa-de-milei-de-una-suba-anual-del-10\/#breadcrumb"},"inLanguage":"es-AR","potentialAction":[{"@type":"ReadAction","target":["https:\/\/aldiachaco.com.ar\/index.php\/2026\/03\/12\/se-evapora-la-promesa-de-milei-de-una-suba-anual-del-10\/"]}]},{"@type":"ImageObject","inLanguage":"es-AR","@id":"https:\/\/aldiachaco.com.ar\/index.php\/2026\/03\/12\/se-evapora-la-promesa-de-milei-de-una-suba-anual-del-10\/#primaryimage","url":"https:\/\/aldiachaco.com.ar\/wp-content\/uploads\/2026\/03\/1203INFLACION.webp","contentUrl":"https:\/\/aldiachaco.com.ar\/wp-content\/uploads\/2026\/03\/1203INFLACION.webp","width":940,"height":529},{"@type":"BreadcrumbList","@id":"https:\/\/aldiachaco.com.ar\/index.php\/2026\/03\/12\/se-evapora-la-promesa-de-milei-de-una-suba-anual-del-10\/#breadcrumb","itemListElement":[{"@type":"ListItem","position":1,"name":"Home","item":"https:\/\/aldiachaco.com.ar\/"},{"@type":"ListItem","position":2,"name":"Se evapora la promesa de Milei de una suba anual del 10%"}]},{"@type":"WebSite","@id":"https:\/\/aldiachaco.com.ar\/#website","url":"https:\/\/aldiachaco.com.ar\/","name":"Al Dia Chaco","description":"Noticias del Chaco y el mundo","publisher":{"@id":"https:\/\/aldiachaco.com.ar\/#organization"},"alternateName":"Al D\u00eda Chaco","potentialAction":[{"@type":"SearchAction","target":{"@type":"EntryPoint","urlTemplate":"https:\/\/aldiachaco.com.ar\/?s={search_term_string}"},"query-input":{"@type":"PropertyValueSpecification","valueRequired":true,"valueName":"search_term_string"}}],"inLanguage":"es-AR"},{"@type":"Organization","@id":"https:\/\/aldiachaco.com.ar\/#organization","name":"Al Dia Chaco","url":"https:\/\/aldiachaco.com.ar\/","logo":{"@type":"ImageObject","inLanguage":"es-AR","@id":"https:\/\/aldiachaco.com.ar\/#\/schema\/logo\/image\/","url":"https:\/\/aldiachaco.com.ar\/wp-content\/uploads\/2017\/11\/AL-DIA-CHACO-L@2x.png","contentUrl":"https:\/\/aldiachaco.com.ar\/wp-content\/uploads\/2017\/11\/AL-DIA-CHACO-L@2x.png","width":232,"height":60,"caption":"Al Dia Chaco"},"image":{"@id":"https:\/\/aldiachaco.com.ar\/#\/schema\/logo\/image\/"}},{"@type":"Person","@id":"https:\/\/aldiachaco.com.ar\/#\/schema\/person\/b24e975af8022082f5889a7a7299e962","name":"RedaccionRM","image":{"@type":"ImageObject","inLanguage":"es-AR","@id":"https:\/\/aldiachaco.com.ar\/wp-content\/litespeed\/avatar\/a30118fcb7a6295303f1c91164c6aba1.jpg?ver=1777339088","url":"https:\/\/aldiachaco.com.ar\/wp-content\/litespeed\/avatar\/a30118fcb7a6295303f1c91164c6aba1.jpg?ver=1777339088","contentUrl":"https:\/\/aldiachaco.com.ar\/wp-content\/litespeed\/avatar\/a30118fcb7a6295303f1c91164c6aba1.jpg?ver=1777339088","caption":"RedaccionRM"},"url":"https:\/\/aldiachaco.com.ar\/index.php\/author\/redaccionrm\/"}]}},"jetpack_publicize_connections":[],"jetpack_featured_media_url":"https:\/\/aldiachaco.com.ar\/wp-content\/uploads\/2026\/03\/1203INFLACION.webp","jetpack_sharing_enabled":true,"amp_enabled":true,"_links":{"self":[{"href":"https:\/\/aldiachaco.com.ar\/index.php\/wp-json\/wp\/v2\/posts\/117595","targetHints":{"allow":["GET"]}}],"collection":[{"href":"https:\/\/aldiachaco.com.ar\/index.php\/wp-json\/wp\/v2\/posts"}],"about":[{"href":"https:\/\/aldiachaco.com.ar\/index.php\/wp-json\/wp\/v2\/types\/post"}],"author":[{"embeddable":true,"href":"https:\/\/aldiachaco.com.ar\/index.php\/wp-json\/wp\/v2\/users\/9"}],"replies":[{"embeddable":true,"href":"https:\/\/aldiachaco.com.ar\/index.php\/wp-json\/wp\/v2\/comments?post=117595"}],"version-history":[{"count":1,"href":"https:\/\/aldiachaco.com.ar\/index.php\/wp-json\/wp\/v2\/posts\/117595\/revisions"}],"predecessor-version":[{"id":117597,"href":"https:\/\/aldiachaco.com.ar\/index.php\/wp-json\/wp\/v2\/posts\/117595\/revisions\/117597"}],"wp:featuredmedia":[{"embeddable":true,"href":"https:\/\/aldiachaco.com.ar\/index.php\/wp-json\/wp\/v2\/media\/117596"}],"wp:attachment":[{"href":"https:\/\/aldiachaco.com.ar\/index.php\/wp-json\/wp\/v2\/media?parent=117595"}],"wp:term":[{"taxonomy":"category","embeddable":true,"href":"https:\/\/aldiachaco.com.ar\/index.php\/wp-json\/wp\/v2\/categories?post=117595"},{"taxonomy":"post_tag","embeddable":true,"href":"https:\/\/aldiachaco.com.ar\/index.php\/wp-json\/wp\/v2\/tags?post=117595"}],"curies":[{"name":"wp","href":"https:\/\/api.w.org\/{rel}","templated":true}]}}