{"id":117592,"date":"2026-03-12T10:17:05","date_gmt":"2026-03-12T13:17:05","guid":{"rendered":"https:\/\/aldiachaco.com.ar\/?p=117592"},"modified":"2026-03-12T10:17:05","modified_gmt":"2026-03-12T13:17:05","slug":"denunciaron-penalmente-a-manuel-adorni","status":"publish","type":"post","link":"https:\/\/aldiachaco.com.ar\/index.php\/2026\/03\/12\/denunciaron-penalmente-a-manuel-adorni\/","title":{"rendered":"Denunciaron penalmente a Manuel Adorni"},"content":{"rendered":"<p class=\"ds-markdown-paragraph\">El jefe de Gabinete Manuel Adorni fue denunciado penalmente por el viaje de su esposa junto a la comitiva oficial a Nueva York. La presentaci\u00f3n judicial la hizo el abogado Gregorio Dalbon por &#8220;presunta malversaci\u00f3n de fondos p\u00fablicos&#8221;, al sostener que Adorni habr\u00eda utilizado recursos destinados al traslado de funcionarios para llevar a su c\u00f3nyuge.<\/p>\n<p class=\"ds-markdown-paragraph\">La denuncia se present\u00f3 ante la C\u00e1mara Federal y por sorteo recay\u00f3 en el juzgado federal 3, a cargo del juez Daniel Rafecas. &#8220;Si se desloma o no no es una excusa v\u00e1lida&#8221;, dijo Dalbon, ya que &#8220;la funci\u00f3n p\u00fablica es una elecci\u00f3n no una obligaci\u00f3n, y si necesita su apoyo que vaya a terapia&#8221;, agreg\u00f3 el abogado.<\/p>\n<p class=\"ds-markdown-paragraph\"><strong>Qu\u00e9 dice la denuncia penal contra Manuel Adorni<\/strong><\/p>\n<p class=\"ds-markdown-paragraph\">Seg\u00fan informaci\u00f3n period\u00edstica de p\u00fablico conocimiento, el actual jefe de Gabinete habr\u00eda utilizado el avi\u00f3n presidencial en un viaje oficial a la ciudad de Nueva York, trasladando en dicha aeronave a su esposa. De acuerdo con la propia explicaci\u00f3n brindada p\u00fablicamente por el funcionario en diversos medios, la presencia de su c\u00f3nyuge en el vuelo presidencial no habr\u00eda estado vinculada a funciones oficiales ni a actividades institucionales del Estado, sino que habr\u00eda obedecido a circunstancias personales.<\/p>\n<p class=\"ds-markdown-paragraph\">La denuncia sostiene que, de confirmarse tales extremos, la utilizaci\u00f3n de recursos p\u00fablicos en particular, de una aeronave oficial destinada al transporte del Presidente de la Naci\u00f3n y comitivas oficiales para trasladar a una persona sin funci\u00f3n p\u00fablica podr\u00eda constituir una utilizaci\u00f3n indebida de bienes del Estado, susceptible de encuadrar en las figuras penales previstas en el art\u00edculo 260 del C\u00f3digo Penal de la Naci\u00f3n.<\/p>\n<p class=\"ds-markdown-paragraph\">En ese sentido, el letrado destac\u00f3 que los bienes y recursos estatales solo pueden ser utilizados con fines estrictamente vinculados al ejercicio de la funci\u00f3n p\u00fablica, por lo que su empleo para fines particulares o ajenos a la actividad oficial podr\u00eda configurar una afectaci\u00f3n ileg\u00edtima del patrimonio estatal.<\/p>\n","protected":false},"excerpt":{"rendered":"<p>El jefe de Gabinete Manuel Adorni fue denunciado penalmente por el viaje de su esposa junto a la comitiva oficial a Nueva York. La presentaci\u00f3n judicial la hizo el abogado Gregorio Dalbon por &#8220;presunta malversaci\u00f3n de fondos p\u00fablicos&#8221;, al sostener que Adorni habr\u00eda utilizado recursos destinados al traslado de funcionarios para llevar a su c\u00f3nyuge. &hellip;<\/p>\n","protected":false},"author":9,"featured_media":117593,"comment_status":"open","ping_status":"open","sticky":false,"template":"","format":"standard","meta":{"content-type":"","_monsterinsights_skip_tracking":false,"_monsterinsights_sitenote_active":false,"_monsterinsights_sitenote_note":"","_monsterinsights_sitenote_category":0,"_jetpack_memberships_contains_paid_content":false,"footnotes":"","jetpack_publicize_message":"","jetpack_publicize_feature_enabled":true,"jetpack_social_post_already_shared":true,"jetpack_social_options":{"image_generator_settings":{"template":"highway","default_image_id":0,"font":"","enabled":false},"version":2}},"categories":[153],"tags":[],"class_list":["post-117592","post","type-post","status-publish","format-standard","has-post-thumbnail","hentry","category-politica"],"yoast_head":"<!-- This site is optimized with the Yoast SEO plugin v27.4 - https:\/\/yoast.com\/product\/yoast-seo-wordpress\/ -->\n<title>Denunciaron penalmente a Manuel Adorni | Al Dia Chaco<\/title>\n<meta name=\"robots\" content=\"index, follow, max-snippet:-1, max-image-preview:large, max-video-preview:-1\" \/>\n<link rel=\"canonical\" href=\"https:\/\/aldiachaco.com.ar\/index.php\/2026\/03\/12\/denunciaron-penalmente-a-manuel-adorni\/\" \/>\n<meta property=\"og:locale\" content=\"es_ES\" \/>\n<meta property=\"og:type\" content=\"article\" \/>\n<meta property=\"og:title\" content=\"Denunciaron penalmente a Manuel Adorni | Al Dia Chaco\" \/>\n<meta property=\"og:description\" content=\"El jefe de Gabinete Manuel Adorni fue denunciado penalmente por el viaje de su esposa junto a la comitiva oficial a Nueva York. La presentaci\u00f3n judicial la hizo el abogado Gregorio Dalbon por &#8220;presunta malversaci\u00f3n de fondos p\u00fablicos&#8221;, al sostener que Adorni habr\u00eda utilizado recursos destinados al traslado de funcionarios para llevar a su c\u00f3nyuge. &hellip;\" \/>\n<meta property=\"og:url\" content=\"https:\/\/aldiachaco.com.ar\/index.php\/2026\/03\/12\/denunciaron-penalmente-a-manuel-adorni\/\" \/>\n<meta property=\"og:site_name\" content=\"Al Dia Chaco\" \/>\n<meta property=\"article:published_time\" content=\"2026-03-12T13:17:05+00:00\" \/>\n<meta property=\"og:image\" content=\"https:\/\/aldiachaco.com.ar\/wp-content\/uploads\/2026\/03\/1203ADORNI.webp\" \/>\n\t<meta property=\"og:image:width\" content=\"610\" \/>\n\t<meta property=\"og:image:height\" content=\"381\" \/>\n\t<meta property=\"og:image:type\" content=\"image\/webp\" \/>\n<meta name=\"author\" content=\"RedaccionRM\" \/>\n<meta name=\"twitter:card\" content=\"summary_large_image\" \/>\n<meta name=\"twitter:label1\" content=\"Escrito por\" \/>\n\t<meta name=\"twitter:data1\" content=\"RedaccionRM\" \/>\n\t<meta name=\"twitter:label2\" content=\"Tiempo de lectura\" \/>\n\t<meta name=\"twitter:data2\" content=\"2 minutos\" \/>\n<script type=\"application\/ld+json\" class=\"yoast-schema-graph\">{\"@context\":\"https:\\\/\\\/schema.org\",\"@graph\":[{\"@type\":\"Article\",\"@id\":\"https:\\\/\\\/aldiachaco.com.ar\\\/index.php\\\/2026\\\/03\\\/12\\\/denunciaron-penalmente-a-manuel-adorni\\\/#article\",\"isPartOf\":{\"@id\":\"https:\\\/\\\/aldiachaco.com.ar\\\/index.php\\\/2026\\\/03\\\/12\\\/denunciaron-penalmente-a-manuel-adorni\\\/\"},\"author\":{\"name\":\"RedaccionRM\",\"@id\":\"https:\\\/\\\/aldiachaco.com.ar\\\/#\\\/schema\\\/person\\\/b24e975af8022082f5889a7a7299e962\"},\"headline\":\"Denunciaron penalmente a Manuel Adorni\",\"datePublished\":\"2026-03-12T13:17:05+00:00\",\"mainEntityOfPage\":{\"@id\":\"https:\\\/\\\/aldiachaco.com.ar\\\/index.php\\\/2026\\\/03\\\/12\\\/denunciaron-penalmente-a-manuel-adorni\\\/\"},\"wordCount\":350,\"commentCount\":0,\"publisher\":{\"@id\":\"https:\\\/\\\/aldiachaco.com.ar\\\/#organization\"},\"image\":{\"@id\":\"https:\\\/\\\/aldiachaco.com.ar\\\/index.php\\\/2026\\\/03\\\/12\\\/denunciaron-penalmente-a-manuel-adorni\\\/#primaryimage\"},\"thumbnailUrl\":\"https:\\\/\\\/aldiachaco.com.ar\\\/wp-content\\\/uploads\\\/2026\\\/03\\\/1203ADORNI.webp\",\"articleSection\":[\"Pol\u00edtica\"],\"inLanguage\":\"es-AR\",\"potentialAction\":[{\"@type\":\"CommentAction\",\"name\":\"Comment\",\"target\":[\"https:\\\/\\\/aldiachaco.com.ar\\\/index.php\\\/2026\\\/03\\\/12\\\/denunciaron-penalmente-a-manuel-adorni\\\/#respond\"]}]},{\"@type\":\"WebPage\",\"@id\":\"https:\\\/\\\/aldiachaco.com.ar\\\/index.php\\\/2026\\\/03\\\/12\\\/denunciaron-penalmente-a-manuel-adorni\\\/\",\"url\":\"https:\\\/\\\/aldiachaco.com.ar\\\/index.php\\\/2026\\\/03\\\/12\\\/denunciaron-penalmente-a-manuel-adorni\\\/\",\"name\":\"Denunciaron penalmente a Manuel Adorni | Al Dia Chaco\",\"isPartOf\":{\"@id\":\"https:\\\/\\\/aldiachaco.com.ar\\\/#website\"},\"primaryImageOfPage\":{\"@id\":\"https:\\\/\\\/aldiachaco.com.ar\\\/index.php\\\/2026\\\/03\\\/12\\\/denunciaron-penalmente-a-manuel-adorni\\\/#primaryimage\"},\"image\":{\"@id\":\"https:\\\/\\\/aldiachaco.com.ar\\\/index.php\\\/2026\\\/03\\\/12\\\/denunciaron-penalmente-a-manuel-adorni\\\/#primaryimage\"},\"thumbnailUrl\":\"https:\\\/\\\/aldiachaco.com.ar\\\/wp-content\\\/uploads\\\/2026\\\/03\\\/1203ADORNI.webp\",\"datePublished\":\"2026-03-12T13:17:05+00:00\",\"breadcrumb\":{\"@id\":\"https:\\\/\\\/aldiachaco.com.ar\\\/index.php\\\/2026\\\/03\\\/12\\\/denunciaron-penalmente-a-manuel-adorni\\\/#breadcrumb\"},\"inLanguage\":\"es-AR\",\"potentialAction\":[{\"@type\":\"ReadAction\",\"target\":[\"https:\\\/\\\/aldiachaco.com.ar\\\/index.php\\\/2026\\\/03\\\/12\\\/denunciaron-penalmente-a-manuel-adorni\\\/\"]}]},{\"@type\":\"ImageObject\",\"inLanguage\":\"es-AR\",\"@id\":\"https:\\\/\\\/aldiachaco.com.ar\\\/index.php\\\/2026\\\/03\\\/12\\\/denunciaron-penalmente-a-manuel-adorni\\\/#primaryimage\",\"url\":\"https:\\\/\\\/aldiachaco.com.ar\\\/wp-content\\\/uploads\\\/2026\\\/03\\\/1203ADORNI.webp\",\"contentUrl\":\"https:\\\/\\\/aldiachaco.com.ar\\\/wp-content\\\/uploads\\\/2026\\\/03\\\/1203ADORNI.webp\",\"width\":610,\"height\":381},{\"@type\":\"BreadcrumbList\",\"@id\":\"https:\\\/\\\/aldiachaco.com.ar\\\/index.php\\\/2026\\\/03\\\/12\\\/denunciaron-penalmente-a-manuel-adorni\\\/#breadcrumb\",\"itemListElement\":[{\"@type\":\"ListItem\",\"position\":1,\"name\":\"Home\",\"item\":\"https:\\\/\\\/aldiachaco.com.ar\\\/\"},{\"@type\":\"ListItem\",\"position\":2,\"name\":\"Denunciaron penalmente a Manuel Adorni\"}]},{\"@type\":\"WebSite\",\"@id\":\"https:\\\/\\\/aldiachaco.com.ar\\\/#website\",\"url\":\"https:\\\/\\\/aldiachaco.com.ar\\\/\",\"name\":\"Al Dia Chaco\",\"description\":\"Noticias del Chaco y el mundo\",\"publisher\":{\"@id\":\"https:\\\/\\\/aldiachaco.com.ar\\\/#organization\"},\"alternateName\":\"Al D\u00eda Chaco\",\"potentialAction\":[{\"@type\":\"SearchAction\",\"target\":{\"@type\":\"EntryPoint\",\"urlTemplate\":\"https:\\\/\\\/aldiachaco.com.ar\\\/?s={search_term_string}\"},\"query-input\":{\"@type\":\"PropertyValueSpecification\",\"valueRequired\":true,\"valueName\":\"search_term_string\"}}],\"inLanguage\":\"es-AR\"},{\"@type\":\"Organization\",\"@id\":\"https:\\\/\\\/aldiachaco.com.ar\\\/#organization\",\"name\":\"Al Dia Chaco\",\"url\":\"https:\\\/\\\/aldiachaco.com.ar\\\/\",\"logo\":{\"@type\":\"ImageObject\",\"inLanguage\":\"es-AR\",\"@id\":\"https:\\\/\\\/aldiachaco.com.ar\\\/#\\\/schema\\\/logo\\\/image\\\/\",\"url\":\"https:\\\/\\\/aldiachaco.com.ar\\\/wp-content\\\/uploads\\\/2017\\\/11\\\/AL-DIA-CHACO-L@2x.png\",\"contentUrl\":\"https:\\\/\\\/aldiachaco.com.ar\\\/wp-content\\\/uploads\\\/2017\\\/11\\\/AL-DIA-CHACO-L@2x.png\",\"width\":232,\"height\":60,\"caption\":\"Al Dia Chaco\"},\"image\":{\"@id\":\"https:\\\/\\\/aldiachaco.com.ar\\\/#\\\/schema\\\/logo\\\/image\\\/\"}},{\"@type\":\"Person\",\"@id\":\"https:\\\/\\\/aldiachaco.com.ar\\\/#\\\/schema\\\/person\\\/b24e975af8022082f5889a7a7299e962\",\"name\":\"RedaccionRM\",\"image\":{\"@type\":\"ImageObject\",\"inLanguage\":\"es-AR\",\"@id\":\"https:\\\/\\\/aldiachaco.com.ar\\\/wp-content\\\/litespeed\\\/avatar\\\/a30118fcb7a6295303f1c91164c6aba1.jpg?ver=1777339088\",\"url\":\"https:\\\/\\\/aldiachaco.com.ar\\\/wp-content\\\/litespeed\\\/avatar\\\/a30118fcb7a6295303f1c91164c6aba1.jpg?ver=1777339088\",\"contentUrl\":\"https:\\\/\\\/aldiachaco.com.ar\\\/wp-content\\\/litespeed\\\/avatar\\\/a30118fcb7a6295303f1c91164c6aba1.jpg?ver=1777339088\",\"caption\":\"RedaccionRM\"},\"url\":\"https:\\\/\\\/aldiachaco.com.ar\\\/index.php\\\/author\\\/redaccionrm\\\/\"}]}<\/script>\n<!-- \/ Yoast SEO plugin. -->","yoast_head_json":{"title":"Denunciaron penalmente a Manuel Adorni | Al Dia Chaco","robots":{"index":"index","follow":"follow","max-snippet":"max-snippet:-1","max-image-preview":"max-image-preview:large","max-video-preview":"max-video-preview:-1"},"canonical":"https:\/\/aldiachaco.com.ar\/index.php\/2026\/03\/12\/denunciaron-penalmente-a-manuel-adorni\/","og_locale":"es_ES","og_type":"article","og_title":"Denunciaron penalmente a Manuel Adorni | Al Dia Chaco","og_description":"El jefe de Gabinete Manuel Adorni fue denunciado penalmente por el viaje de su esposa junto a la comitiva oficial a Nueva York. La presentaci\u00f3n judicial la hizo el abogado Gregorio Dalbon por &#8220;presunta malversaci\u00f3n de fondos p\u00fablicos&#8221;, al sostener que Adorni habr\u00eda utilizado recursos destinados al traslado de funcionarios para llevar a su c\u00f3nyuge. &hellip;","og_url":"https:\/\/aldiachaco.com.ar\/index.php\/2026\/03\/12\/denunciaron-penalmente-a-manuel-adorni\/","og_site_name":"Al Dia Chaco","article_published_time":"2026-03-12T13:17:05+00:00","og_image":[{"width":610,"height":381,"url":"https:\/\/aldiachaco.com.ar\/wp-content\/uploads\/2026\/03\/1203ADORNI.webp","type":"image\/webp"}],"author":"RedaccionRM","twitter_card":"summary_large_image","twitter_misc":{"Escrito por":"RedaccionRM","Tiempo de lectura":"2 minutos"},"schema":{"@context":"https:\/\/schema.org","@graph":[{"@type":"Article","@id":"https:\/\/aldiachaco.com.ar\/index.php\/2026\/03\/12\/denunciaron-penalmente-a-manuel-adorni\/#article","isPartOf":{"@id":"https:\/\/aldiachaco.com.ar\/index.php\/2026\/03\/12\/denunciaron-penalmente-a-manuel-adorni\/"},"author":{"name":"RedaccionRM","@id":"https:\/\/aldiachaco.com.ar\/#\/schema\/person\/b24e975af8022082f5889a7a7299e962"},"headline":"Denunciaron penalmente a Manuel Adorni","datePublished":"2026-03-12T13:17:05+00:00","mainEntityOfPage":{"@id":"https:\/\/aldiachaco.com.ar\/index.php\/2026\/03\/12\/denunciaron-penalmente-a-manuel-adorni\/"},"wordCount":350,"commentCount":0,"publisher":{"@id":"https:\/\/aldiachaco.com.ar\/#organization"},"image":{"@id":"https:\/\/aldiachaco.com.ar\/index.php\/2026\/03\/12\/denunciaron-penalmente-a-manuel-adorni\/#primaryimage"},"thumbnailUrl":"https:\/\/aldiachaco.com.ar\/wp-content\/uploads\/2026\/03\/1203ADORNI.webp","articleSection":["Pol\u00edtica"],"inLanguage":"es-AR","potentialAction":[{"@type":"CommentAction","name":"Comment","target":["https:\/\/aldiachaco.com.ar\/index.php\/2026\/03\/12\/denunciaron-penalmente-a-manuel-adorni\/#respond"]}]},{"@type":"WebPage","@id":"https:\/\/aldiachaco.com.ar\/index.php\/2026\/03\/12\/denunciaron-penalmente-a-manuel-adorni\/","url":"https:\/\/aldiachaco.com.ar\/index.php\/2026\/03\/12\/denunciaron-penalmente-a-manuel-adorni\/","name":"Denunciaron penalmente a Manuel Adorni | Al Dia Chaco","isPartOf":{"@id":"https:\/\/aldiachaco.com.ar\/#website"},"primaryImageOfPage":{"@id":"https:\/\/aldiachaco.com.ar\/index.php\/2026\/03\/12\/denunciaron-penalmente-a-manuel-adorni\/#primaryimage"},"image":{"@id":"https:\/\/aldiachaco.com.ar\/index.php\/2026\/03\/12\/denunciaron-penalmente-a-manuel-adorni\/#primaryimage"},"thumbnailUrl":"https:\/\/aldiachaco.com.ar\/wp-content\/uploads\/2026\/03\/1203ADORNI.webp","datePublished":"2026-03-12T13:17:05+00:00","breadcrumb":{"@id":"https:\/\/aldiachaco.com.ar\/index.php\/2026\/03\/12\/denunciaron-penalmente-a-manuel-adorni\/#breadcrumb"},"inLanguage":"es-AR","potentialAction":[{"@type":"ReadAction","target":["https:\/\/aldiachaco.com.ar\/index.php\/2026\/03\/12\/denunciaron-penalmente-a-manuel-adorni\/"]}]},{"@type":"ImageObject","inLanguage":"es-AR","@id":"https:\/\/aldiachaco.com.ar\/index.php\/2026\/03\/12\/denunciaron-penalmente-a-manuel-adorni\/#primaryimage","url":"https:\/\/aldiachaco.com.ar\/wp-content\/uploads\/2026\/03\/1203ADORNI.webp","contentUrl":"https:\/\/aldiachaco.com.ar\/wp-content\/uploads\/2026\/03\/1203ADORNI.webp","width":610,"height":381},{"@type":"BreadcrumbList","@id":"https:\/\/aldiachaco.com.ar\/index.php\/2026\/03\/12\/denunciaron-penalmente-a-manuel-adorni\/#breadcrumb","itemListElement":[{"@type":"ListItem","position":1,"name":"Home","item":"https:\/\/aldiachaco.com.ar\/"},{"@type":"ListItem","position":2,"name":"Denunciaron penalmente a Manuel Adorni"}]},{"@type":"WebSite","@id":"https:\/\/aldiachaco.com.ar\/#website","url":"https:\/\/aldiachaco.com.ar\/","name":"Al Dia Chaco","description":"Noticias del Chaco y el mundo","publisher":{"@id":"https:\/\/aldiachaco.com.ar\/#organization"},"alternateName":"Al D\u00eda Chaco","potentialAction":[{"@type":"SearchAction","target":{"@type":"EntryPoint","urlTemplate":"https:\/\/aldiachaco.com.ar\/?s={search_term_string}"},"query-input":{"@type":"PropertyValueSpecification","valueRequired":true,"valueName":"search_term_string"}}],"inLanguage":"es-AR"},{"@type":"Organization","@id":"https:\/\/aldiachaco.com.ar\/#organization","name":"Al Dia Chaco","url":"https:\/\/aldiachaco.com.ar\/","logo":{"@type":"ImageObject","inLanguage":"es-AR","@id":"https:\/\/aldiachaco.com.ar\/#\/schema\/logo\/image\/","url":"https:\/\/aldiachaco.com.ar\/wp-content\/uploads\/2017\/11\/AL-DIA-CHACO-L@2x.png","contentUrl":"https:\/\/aldiachaco.com.ar\/wp-content\/uploads\/2017\/11\/AL-DIA-CHACO-L@2x.png","width":232,"height":60,"caption":"Al Dia Chaco"},"image":{"@id":"https:\/\/aldiachaco.com.ar\/#\/schema\/logo\/image\/"}},{"@type":"Person","@id":"https:\/\/aldiachaco.com.ar\/#\/schema\/person\/b24e975af8022082f5889a7a7299e962","name":"RedaccionRM","image":{"@type":"ImageObject","inLanguage":"es-AR","@id":"https:\/\/aldiachaco.com.ar\/wp-content\/litespeed\/avatar\/a30118fcb7a6295303f1c91164c6aba1.jpg?ver=1777339088","url":"https:\/\/aldiachaco.com.ar\/wp-content\/litespeed\/avatar\/a30118fcb7a6295303f1c91164c6aba1.jpg?ver=1777339088","contentUrl":"https:\/\/aldiachaco.com.ar\/wp-content\/litespeed\/avatar\/a30118fcb7a6295303f1c91164c6aba1.jpg?ver=1777339088","caption":"RedaccionRM"},"url":"https:\/\/aldiachaco.com.ar\/index.php\/author\/redaccionrm\/"}]}},"jetpack_publicize_connections":[],"jetpack_featured_media_url":"https:\/\/aldiachaco.com.ar\/wp-content\/uploads\/2026\/03\/1203ADORNI.webp","jetpack_sharing_enabled":true,"amp_enabled":true,"_links":{"self":[{"href":"https:\/\/aldiachaco.com.ar\/index.php\/wp-json\/wp\/v2\/posts\/117592","targetHints":{"allow":["GET"]}}],"collection":[{"href":"https:\/\/aldiachaco.com.ar\/index.php\/wp-json\/wp\/v2\/posts"}],"about":[{"href":"https:\/\/aldiachaco.com.ar\/index.php\/wp-json\/wp\/v2\/types\/post"}],"author":[{"embeddable":true,"href":"https:\/\/aldiachaco.com.ar\/index.php\/wp-json\/wp\/v2\/users\/9"}],"replies":[{"embeddable":true,"href":"https:\/\/aldiachaco.com.ar\/index.php\/wp-json\/wp\/v2\/comments?post=117592"}],"version-history":[{"count":1,"href":"https:\/\/aldiachaco.com.ar\/index.php\/wp-json\/wp\/v2\/posts\/117592\/revisions"}],"predecessor-version":[{"id":117594,"href":"https:\/\/aldiachaco.com.ar\/index.php\/wp-json\/wp\/v2\/posts\/117592\/revisions\/117594"}],"wp:featuredmedia":[{"embeddable":true,"href":"https:\/\/aldiachaco.com.ar\/index.php\/wp-json\/wp\/v2\/media\/117593"}],"wp:attachment":[{"href":"https:\/\/aldiachaco.com.ar\/index.php\/wp-json\/wp\/v2\/media?parent=117592"}],"wp:term":[{"taxonomy":"category","embeddable":true,"href":"https:\/\/aldiachaco.com.ar\/index.php\/wp-json\/wp\/v2\/categories?post=117592"},{"taxonomy":"post_tag","embeddable":true,"href":"https:\/\/aldiachaco.com.ar\/index.php\/wp-json\/wp\/v2\/tags?post=117592"}],"curies":[{"name":"wp","href":"https:\/\/api.w.org\/{rel}","templated":true}]}}