{"id":117588,"date":"2026-03-12T09:34:40","date_gmt":"2026-03-12T12:34:40","guid":{"rendered":"https:\/\/aldiachaco.com.ar\/?p=117588"},"modified":"2026-03-12T09:34:40","modified_gmt":"2026-03-12T12:34:40","slug":"detuvieron-al-cantante-chelo-torres-de-grupo-green","status":"publish","type":"post","link":"https:\/\/aldiachaco.com.ar\/index.php\/2026\/03\/12\/detuvieron-al-cantante-chelo-torres-de-grupo-green\/","title":{"rendered":"Detuvieron al cantante Chelo Torres de &#8220;Grupo Green&#8221;"},"content":{"rendered":"<p class=\"ds-markdown-paragraph\">Se conoci\u00f3 el video en el que detienen al cantante Chelo Torres de &#8220;Grupo Green&#8221;, acusado de haber violado a una influencer. Las im\u00e1genes muestran el momento en que un grupo numeroso de polic\u00edas entr\u00f3 a su casa de Villa Fiorito, en el partido bonaerense de Lomas de Zamora.<\/p>\n<p class=\"ds-markdown-paragraph\">En las redes sociales llam\u00f3 la atenci\u00f3n que el cantante del &#8220;Grupo Green&#8221; estaba vestido con una camiseta del Inter de Miami con el nombre y el n\u00famero de Lionel Messi. Seg\u00fan se puede ver en los videos, Torres no mostr\u00f3 resistencia a la detenci\u00f3n y en cuesti\u00f3n de minutos ingres\u00f3 al patrullero policial. Durante el operativo tambi\u00e9n secuestraron tres computadoras, dos tel\u00e9fonos y el auto, elementos que ser\u00e1n clave en la investigaci\u00f3n.<\/p>\n<p class=\"ds-markdown-paragraph\">El reconocido cantante de cumbia ser\u00e1 indagado en las pr\u00f3ximas horas, luego de la denuncia que recibi\u00f3 por abuso sexual.<\/p>\n<p class=\"ds-markdown-paragraph\"><strong>La denuncia contra el Chelo Torres<\/strong><\/p>\n<p class=\"ds-markdown-paragraph\">La denuncia fue realizada por A.E., de 43 a\u00f1os, quien declar\u00f3 que trabaja realizando transmisiones en vivo con contenido musical. Seg\u00fan su relato, el lunes coordin\u00f3 un encuentro con el artista. De acuerdo con la presentaci\u00f3n, en la madrugada del lunes el hombre la invit\u00f3 a conversar dentro de su camioneta, que estaba estacionada en la intersecci\u00f3n de las calles Cuzco y Caaguaz\u00fa. La mujer asegur\u00f3 que, una vez en la parte trasera del veh\u00edculo, el m\u00fasico se baj\u00f3 los pantalones y abus\u00f3 sexualmente de ella.<\/p>\n<p class=\"ds-markdown-paragraph\">La causa qued\u00f3 a cargo de la UFI N\u00b021 del Departamento Judicial de La Matanza. La fiscal\u00eda dispuso que la denunciante sea examinada por el cuerpo m\u00e9dico y que se le realice el kit de emergencia correspondiente. Fuentes del caso indicaron que el cantante no est\u00e1 detenido, aunque ser\u00e1 indagado en las pr\u00f3ximas horas por el fiscal de la causa, quien evaluar\u00e1 las medidas que correspondan.<\/p>\n<p class=\"ds-markdown-paragraph\"><strong>El antecedente del Chelo Torres<\/strong><\/p>\n<p class=\"ds-markdown-paragraph\">En abril de 2009, el Tribunal Oral en lo Criminal N\u00b06 de Mor\u00f3n conden\u00f3 a tres a\u00f1os y ocho meses de prisi\u00f3n a Torres por abuso sexual a una menor de edad. El caso se inici\u00f3 en 2006 cuando una mujer denunci\u00f3 al cantante de cumbia por haber abusado a tres de sus hijas, dos adolescentes y una nena de 6 a\u00f1os, mientras \u00e9l viv\u00eda en su casa.<\/p>\n<p class=\"ds-markdown-paragraph\">La denunciante dijo que en octubre de ese a\u00f1o encontr\u00f3 al m\u00fasico con una de las menores en la cama, por lo cual decidi\u00f3 echarlo de la casa y denunciarlo ante la Polic\u00eda. Sin embargo, Torres se fue con otra de sus hijas, de 15 a\u00f1os, con quien mantuvo una relaci\u00f3n durante medio a\u00f1o, per\u00edodo en el cual qued\u00f3 embarazada.<\/p>\n<p class=\"ds-markdown-paragraph\">&#8220;Chelo&#8221; fue juzgado por el ataque a la menor de las hijas de la mujer, que al momento del juicio ya ten\u00eda 9 a\u00f1os. Las agresiones habr\u00edan ocurrido entre 2004 y 2006. Finalmente, el tribunal lo conden\u00f3 a 3 a\u00f1os y 8 meses de prisi\u00f3n, aunque se le sumaron cuatro meses m\u00e1s para unificar la condena de una causa anterior por lesiones.<\/p>\n<p class=\"ds-markdown-paragraph\">Tras cumplir su condena en la Unidad Penal N\u00b025 de Lisandro Olmos, Torres habl\u00f3 durante uno de sus primeros recitales despu\u00e9s de haber salido de la c\u00e1rcel y desminti\u00f3 las acusaciones. &#8220;Me tiene sin cuidado, todo el mundo habla por hablar. Si eso hubiera sido cierto no estar\u00eda afuera, m\u00ednimo son 9 a\u00f1os. Todo se invent\u00f3, fue prensa&#8221;, declar\u00f3 en ese momento.<\/p>\n<p class=\"ds-markdown-paragraph\"><strong><div style=\"width: 408px;\" class=\"wp-video\"><video class=\"wp-video-shortcode\" id=\"video-117588-1\" width=\"408\" height=\"720\" preload=\"metadata\" controls=\"controls\"><source type=\"video\/mp4\" src=\"https:\/\/aldiachaco.com.ar\/wp-content\/uploads\/2026\/03\/Video-asi-detuvieron-al-cantante-Chelo-Torres-de-Grupo-Green-acu.mp4?_=1\" \/><a href=\"https:\/\/aldiachaco.com.ar\/wp-content\/uploads\/2026\/03\/Video-asi-detuvieron-al-cantante-Chelo-Torres-de-Grupo-Green-acu.mp4\">https:\/\/aldiachaco.com.ar\/wp-content\/uploads\/2026\/03\/Video-asi-detuvieron-al-cantante-Chelo-Torres-de-Grupo-Green-acu.mp4<\/a><\/video><\/div><\/strong><\/p>\n","protected":false},"excerpt":{"rendered":"<p>Se conoci\u00f3 el video en el que detienen al cantante Chelo Torres de &#8220;Grupo Green&#8221;, acusado de haber violado a una influencer. Las im\u00e1genes muestran el momento en que un grupo numeroso de polic\u00edas entr\u00f3 a su casa de Villa Fiorito, en el partido bonaerense de Lomas de Zamora. En las redes sociales llam\u00f3 la &hellip;<\/p>\n","protected":false},"author":9,"featured_media":117590,"comment_status":"open","ping_status":"open","sticky":false,"template":"","format":"standard","meta":{"content-type":"","_monsterinsights_skip_tracking":false,"_monsterinsights_sitenote_active":false,"_monsterinsights_sitenote_note":"","_monsterinsights_sitenote_category":0,"_jetpack_memberships_contains_paid_content":false,"footnotes":"","jetpack_publicize_message":"","jetpack_publicize_feature_enabled":true,"jetpack_social_post_already_shared":true,"jetpack_social_options":{"image_generator_settings":{"template":"highway","default_image_id":0,"font":"","enabled":false},"version":2}},"categories":[94],"tags":[],"class_list":["post-117588","post","type-post","status-publish","format-standard","has-post-thumbnail","hentry","category-nacionales"],"yoast_head":"<!-- This site is optimized with the Yoast SEO plugin v27.4 - https:\/\/yoast.com\/product\/yoast-seo-wordpress\/ -->\n<title>Detuvieron al cantante Chelo Torres de &quot;Grupo Green&quot; | Al Dia Chaco<\/title>\n<meta name=\"robots\" content=\"index, follow, max-snippet:-1, max-image-preview:large, max-video-preview:-1\" \/>\n<link rel=\"canonical\" href=\"https:\/\/aldiachaco.com.ar\/index.php\/2026\/03\/12\/detuvieron-al-cantante-chelo-torres-de-grupo-green\/\" \/>\n<meta property=\"og:locale\" content=\"es_ES\" \/>\n<meta property=\"og:type\" content=\"article\" \/>\n<meta property=\"og:title\" content=\"Detuvieron al cantante Chelo Torres de &quot;Grupo Green&quot; | Al Dia Chaco\" \/>\n<meta property=\"og:description\" content=\"Se conoci\u00f3 el video en el que detienen al cantante Chelo Torres de &#8220;Grupo Green&#8221;, acusado de haber violado a una influencer. Las im\u00e1genes muestran el momento en que un grupo numeroso de polic\u00edas entr\u00f3 a su casa de Villa Fiorito, en el partido bonaerense de Lomas de Zamora. En las redes sociales llam\u00f3 la &hellip;\" \/>\n<meta property=\"og:url\" content=\"https:\/\/aldiachaco.com.ar\/index.php\/2026\/03\/12\/detuvieron-al-cantante-chelo-torres-de-grupo-green\/\" \/>\n<meta property=\"og:site_name\" content=\"Al Dia Chaco\" \/>\n<meta property=\"article:published_time\" content=\"2026-03-12T12:34:40+00:00\" \/>\n<meta property=\"og:image\" content=\"https:\/\/aldiachaco.com.ar\/wp-content\/uploads\/2026\/03\/Captura-de-pantalla-2026-03-12-093055.png\" \/>\n\t<meta property=\"og:image:width\" content=\"1079\" \/>\n\t<meta property=\"og:image:height\" content=\"604\" \/>\n\t<meta property=\"og:image:type\" content=\"image\/png\" \/>\n<meta name=\"author\" content=\"RedaccionRM\" \/>\n<meta name=\"twitter:card\" content=\"summary_large_image\" \/>\n<meta name=\"twitter:label1\" content=\"Escrito por\" \/>\n\t<meta name=\"twitter:data1\" content=\"RedaccionRM\" \/>\n\t<meta name=\"twitter:label2\" content=\"Tiempo de lectura\" \/>\n\t<meta name=\"twitter:data2\" content=\"3 minutos\" \/>\n<script type=\"application\/ld+json\" class=\"yoast-schema-graph\">{\"@context\":\"https:\\\/\\\/schema.org\",\"@graph\":[{\"@type\":\"Article\",\"@id\":\"https:\\\/\\\/aldiachaco.com.ar\\\/index.php\\\/2026\\\/03\\\/12\\\/detuvieron-al-cantante-chelo-torres-de-grupo-green\\\/#article\",\"isPartOf\":{\"@id\":\"https:\\\/\\\/aldiachaco.com.ar\\\/index.php\\\/2026\\\/03\\\/12\\\/detuvieron-al-cantante-chelo-torres-de-grupo-green\\\/\"},\"author\":{\"name\":\"RedaccionRM\",\"@id\":\"https:\\\/\\\/aldiachaco.com.ar\\\/#\\\/schema\\\/person\\\/b24e975af8022082f5889a7a7299e962\"},\"headline\":\"Detuvieron al cantante Chelo Torres de &#8220;Grupo Green&#8221;\",\"datePublished\":\"2026-03-12T12:34:40+00:00\",\"mainEntityOfPage\":{\"@id\":\"https:\\\/\\\/aldiachaco.com.ar\\\/index.php\\\/2026\\\/03\\\/12\\\/detuvieron-al-cantante-chelo-torres-de-grupo-green\\\/\"},\"wordCount\":612,\"commentCount\":0,\"publisher\":{\"@id\":\"https:\\\/\\\/aldiachaco.com.ar\\\/#organization\"},\"image\":{\"@id\":\"https:\\\/\\\/aldiachaco.com.ar\\\/index.php\\\/2026\\\/03\\\/12\\\/detuvieron-al-cantante-chelo-torres-de-grupo-green\\\/#primaryimage\"},\"thumbnailUrl\":\"https:\\\/\\\/aldiachaco.com.ar\\\/wp-content\\\/uploads\\\/2026\\\/03\\\/Captura-de-pantalla-2026-03-12-093055.png\",\"articleSection\":[\"Nacionales\"],\"inLanguage\":\"es-AR\",\"potentialAction\":[{\"@type\":\"CommentAction\",\"name\":\"Comment\",\"target\":[\"https:\\\/\\\/aldiachaco.com.ar\\\/index.php\\\/2026\\\/03\\\/12\\\/detuvieron-al-cantante-chelo-torres-de-grupo-green\\\/#respond\"]}]},{\"@type\":\"WebPage\",\"@id\":\"https:\\\/\\\/aldiachaco.com.ar\\\/index.php\\\/2026\\\/03\\\/12\\\/detuvieron-al-cantante-chelo-torres-de-grupo-green\\\/\",\"url\":\"https:\\\/\\\/aldiachaco.com.ar\\\/index.php\\\/2026\\\/03\\\/12\\\/detuvieron-al-cantante-chelo-torres-de-grupo-green\\\/\",\"name\":\"Detuvieron al cantante Chelo Torres de \\\"Grupo Green\\\" | Al Dia Chaco\",\"isPartOf\":{\"@id\":\"https:\\\/\\\/aldiachaco.com.ar\\\/#website\"},\"primaryImageOfPage\":{\"@id\":\"https:\\\/\\\/aldiachaco.com.ar\\\/index.php\\\/2026\\\/03\\\/12\\\/detuvieron-al-cantante-chelo-torres-de-grupo-green\\\/#primaryimage\"},\"image\":{\"@id\":\"https:\\\/\\\/aldiachaco.com.ar\\\/index.php\\\/2026\\\/03\\\/12\\\/detuvieron-al-cantante-chelo-torres-de-grupo-green\\\/#primaryimage\"},\"thumbnailUrl\":\"https:\\\/\\\/aldiachaco.com.ar\\\/wp-content\\\/uploads\\\/2026\\\/03\\\/Captura-de-pantalla-2026-03-12-093055.png\",\"datePublished\":\"2026-03-12T12:34:40+00:00\",\"breadcrumb\":{\"@id\":\"https:\\\/\\\/aldiachaco.com.ar\\\/index.php\\\/2026\\\/03\\\/12\\\/detuvieron-al-cantante-chelo-torres-de-grupo-green\\\/#breadcrumb\"},\"inLanguage\":\"es-AR\",\"potentialAction\":[{\"@type\":\"ReadAction\",\"target\":[\"https:\\\/\\\/aldiachaco.com.ar\\\/index.php\\\/2026\\\/03\\\/12\\\/detuvieron-al-cantante-chelo-torres-de-grupo-green\\\/\"]}]},{\"@type\":\"ImageObject\",\"inLanguage\":\"es-AR\",\"@id\":\"https:\\\/\\\/aldiachaco.com.ar\\\/index.php\\\/2026\\\/03\\\/12\\\/detuvieron-al-cantante-chelo-torres-de-grupo-green\\\/#primaryimage\",\"url\":\"https:\\\/\\\/aldiachaco.com.ar\\\/wp-content\\\/uploads\\\/2026\\\/03\\\/Captura-de-pantalla-2026-03-12-093055.png\",\"contentUrl\":\"https:\\\/\\\/aldiachaco.com.ar\\\/wp-content\\\/uploads\\\/2026\\\/03\\\/Captura-de-pantalla-2026-03-12-093055.png\",\"width\":1079,\"height\":604},{\"@type\":\"BreadcrumbList\",\"@id\":\"https:\\\/\\\/aldiachaco.com.ar\\\/index.php\\\/2026\\\/03\\\/12\\\/detuvieron-al-cantante-chelo-torres-de-grupo-green\\\/#breadcrumb\",\"itemListElement\":[{\"@type\":\"ListItem\",\"position\":1,\"name\":\"Home\",\"item\":\"https:\\\/\\\/aldiachaco.com.ar\\\/\"},{\"@type\":\"ListItem\",\"position\":2,\"name\":\"Detuvieron al cantante Chelo Torres de &#8220;Grupo Green&#8221;\"}]},{\"@type\":\"WebSite\",\"@id\":\"https:\\\/\\\/aldiachaco.com.ar\\\/#website\",\"url\":\"https:\\\/\\\/aldiachaco.com.ar\\\/\",\"name\":\"Al Dia Chaco\",\"description\":\"Noticias del Chaco y el mundo\",\"publisher\":{\"@id\":\"https:\\\/\\\/aldiachaco.com.ar\\\/#organization\"},\"alternateName\":\"Al D\u00eda Chaco\",\"potentialAction\":[{\"@type\":\"SearchAction\",\"target\":{\"@type\":\"EntryPoint\",\"urlTemplate\":\"https:\\\/\\\/aldiachaco.com.ar\\\/?s={search_term_string}\"},\"query-input\":{\"@type\":\"PropertyValueSpecification\",\"valueRequired\":true,\"valueName\":\"search_term_string\"}}],\"inLanguage\":\"es-AR\"},{\"@type\":\"Organization\",\"@id\":\"https:\\\/\\\/aldiachaco.com.ar\\\/#organization\",\"name\":\"Al Dia Chaco\",\"url\":\"https:\\\/\\\/aldiachaco.com.ar\\\/\",\"logo\":{\"@type\":\"ImageObject\",\"inLanguage\":\"es-AR\",\"@id\":\"https:\\\/\\\/aldiachaco.com.ar\\\/#\\\/schema\\\/logo\\\/image\\\/\",\"url\":\"https:\\\/\\\/aldiachaco.com.ar\\\/wp-content\\\/uploads\\\/2017\\\/11\\\/AL-DIA-CHACO-L@2x.png\",\"contentUrl\":\"https:\\\/\\\/aldiachaco.com.ar\\\/wp-content\\\/uploads\\\/2017\\\/11\\\/AL-DIA-CHACO-L@2x.png\",\"width\":232,\"height\":60,\"caption\":\"Al Dia Chaco\"},\"image\":{\"@id\":\"https:\\\/\\\/aldiachaco.com.ar\\\/#\\\/schema\\\/logo\\\/image\\\/\"}},{\"@type\":\"Person\",\"@id\":\"https:\\\/\\\/aldiachaco.com.ar\\\/#\\\/schema\\\/person\\\/b24e975af8022082f5889a7a7299e962\",\"name\":\"RedaccionRM\",\"image\":{\"@type\":\"ImageObject\",\"inLanguage\":\"es-AR\",\"@id\":\"https:\\\/\\\/aldiachaco.com.ar\\\/wp-content\\\/litespeed\\\/avatar\\\/a30118fcb7a6295303f1c91164c6aba1.jpg?ver=1777339088\",\"url\":\"https:\\\/\\\/aldiachaco.com.ar\\\/wp-content\\\/litespeed\\\/avatar\\\/a30118fcb7a6295303f1c91164c6aba1.jpg?ver=1777339088\",\"contentUrl\":\"https:\\\/\\\/aldiachaco.com.ar\\\/wp-content\\\/litespeed\\\/avatar\\\/a30118fcb7a6295303f1c91164c6aba1.jpg?ver=1777339088\",\"caption\":\"RedaccionRM\"},\"url\":\"https:\\\/\\\/aldiachaco.com.ar\\\/index.php\\\/author\\\/redaccionrm\\\/\"}]}<\/script>\n<!-- \/ Yoast SEO plugin. -->","yoast_head_json":{"title":"Detuvieron al cantante Chelo Torres de \"Grupo Green\" | Al Dia Chaco","robots":{"index":"index","follow":"follow","max-snippet":"max-snippet:-1","max-image-preview":"max-image-preview:large","max-video-preview":"max-video-preview:-1"},"canonical":"https:\/\/aldiachaco.com.ar\/index.php\/2026\/03\/12\/detuvieron-al-cantante-chelo-torres-de-grupo-green\/","og_locale":"es_ES","og_type":"article","og_title":"Detuvieron al cantante Chelo Torres de \"Grupo Green\" | Al Dia Chaco","og_description":"Se conoci\u00f3 el video en el que detienen al cantante Chelo Torres de &#8220;Grupo Green&#8221;, acusado de haber violado a una influencer. Las im\u00e1genes muestran el momento en que un grupo numeroso de polic\u00edas entr\u00f3 a su casa de Villa Fiorito, en el partido bonaerense de Lomas de Zamora. En las redes sociales llam\u00f3 la &hellip;","og_url":"https:\/\/aldiachaco.com.ar\/index.php\/2026\/03\/12\/detuvieron-al-cantante-chelo-torres-de-grupo-green\/","og_site_name":"Al Dia Chaco","article_published_time":"2026-03-12T12:34:40+00:00","og_image":[{"width":1079,"height":604,"url":"https:\/\/aldiachaco.com.ar\/wp-content\/uploads\/2026\/03\/Captura-de-pantalla-2026-03-12-093055.png","type":"image\/png"}],"author":"RedaccionRM","twitter_card":"summary_large_image","twitter_misc":{"Escrito por":"RedaccionRM","Tiempo de lectura":"3 minutos"},"schema":{"@context":"https:\/\/schema.org","@graph":[{"@type":"Article","@id":"https:\/\/aldiachaco.com.ar\/index.php\/2026\/03\/12\/detuvieron-al-cantante-chelo-torres-de-grupo-green\/#article","isPartOf":{"@id":"https:\/\/aldiachaco.com.ar\/index.php\/2026\/03\/12\/detuvieron-al-cantante-chelo-torres-de-grupo-green\/"},"author":{"name":"RedaccionRM","@id":"https:\/\/aldiachaco.com.ar\/#\/schema\/person\/b24e975af8022082f5889a7a7299e962"},"headline":"Detuvieron al cantante Chelo Torres de &#8220;Grupo Green&#8221;","datePublished":"2026-03-12T12:34:40+00:00","mainEntityOfPage":{"@id":"https:\/\/aldiachaco.com.ar\/index.php\/2026\/03\/12\/detuvieron-al-cantante-chelo-torres-de-grupo-green\/"},"wordCount":612,"commentCount":0,"publisher":{"@id":"https:\/\/aldiachaco.com.ar\/#organization"},"image":{"@id":"https:\/\/aldiachaco.com.ar\/index.php\/2026\/03\/12\/detuvieron-al-cantante-chelo-torres-de-grupo-green\/#primaryimage"},"thumbnailUrl":"https:\/\/aldiachaco.com.ar\/wp-content\/uploads\/2026\/03\/Captura-de-pantalla-2026-03-12-093055.png","articleSection":["Nacionales"],"inLanguage":"es-AR","potentialAction":[{"@type":"CommentAction","name":"Comment","target":["https:\/\/aldiachaco.com.ar\/index.php\/2026\/03\/12\/detuvieron-al-cantante-chelo-torres-de-grupo-green\/#respond"]}]},{"@type":"WebPage","@id":"https:\/\/aldiachaco.com.ar\/index.php\/2026\/03\/12\/detuvieron-al-cantante-chelo-torres-de-grupo-green\/","url":"https:\/\/aldiachaco.com.ar\/index.php\/2026\/03\/12\/detuvieron-al-cantante-chelo-torres-de-grupo-green\/","name":"Detuvieron al cantante Chelo Torres de \"Grupo Green\" | Al Dia Chaco","isPartOf":{"@id":"https:\/\/aldiachaco.com.ar\/#website"},"primaryImageOfPage":{"@id":"https:\/\/aldiachaco.com.ar\/index.php\/2026\/03\/12\/detuvieron-al-cantante-chelo-torres-de-grupo-green\/#primaryimage"},"image":{"@id":"https:\/\/aldiachaco.com.ar\/index.php\/2026\/03\/12\/detuvieron-al-cantante-chelo-torres-de-grupo-green\/#primaryimage"},"thumbnailUrl":"https:\/\/aldiachaco.com.ar\/wp-content\/uploads\/2026\/03\/Captura-de-pantalla-2026-03-12-093055.png","datePublished":"2026-03-12T12:34:40+00:00","breadcrumb":{"@id":"https:\/\/aldiachaco.com.ar\/index.php\/2026\/03\/12\/detuvieron-al-cantante-chelo-torres-de-grupo-green\/#breadcrumb"},"inLanguage":"es-AR","potentialAction":[{"@type":"ReadAction","target":["https:\/\/aldiachaco.com.ar\/index.php\/2026\/03\/12\/detuvieron-al-cantante-chelo-torres-de-grupo-green\/"]}]},{"@type":"ImageObject","inLanguage":"es-AR","@id":"https:\/\/aldiachaco.com.ar\/index.php\/2026\/03\/12\/detuvieron-al-cantante-chelo-torres-de-grupo-green\/#primaryimage","url":"https:\/\/aldiachaco.com.ar\/wp-content\/uploads\/2026\/03\/Captura-de-pantalla-2026-03-12-093055.png","contentUrl":"https:\/\/aldiachaco.com.ar\/wp-content\/uploads\/2026\/03\/Captura-de-pantalla-2026-03-12-093055.png","width":1079,"height":604},{"@type":"BreadcrumbList","@id":"https:\/\/aldiachaco.com.ar\/index.php\/2026\/03\/12\/detuvieron-al-cantante-chelo-torres-de-grupo-green\/#breadcrumb","itemListElement":[{"@type":"ListItem","position":1,"name":"Home","item":"https:\/\/aldiachaco.com.ar\/"},{"@type":"ListItem","position":2,"name":"Detuvieron al cantante Chelo Torres de &#8220;Grupo Green&#8221;"}]},{"@type":"WebSite","@id":"https:\/\/aldiachaco.com.ar\/#website","url":"https:\/\/aldiachaco.com.ar\/","name":"Al Dia Chaco","description":"Noticias del Chaco y el mundo","publisher":{"@id":"https:\/\/aldiachaco.com.ar\/#organization"},"alternateName":"Al D\u00eda Chaco","potentialAction":[{"@type":"SearchAction","target":{"@type":"EntryPoint","urlTemplate":"https:\/\/aldiachaco.com.ar\/?s={search_term_string}"},"query-input":{"@type":"PropertyValueSpecification","valueRequired":true,"valueName":"search_term_string"}}],"inLanguage":"es-AR"},{"@type":"Organization","@id":"https:\/\/aldiachaco.com.ar\/#organization","name":"Al Dia Chaco","url":"https:\/\/aldiachaco.com.ar\/","logo":{"@type":"ImageObject","inLanguage":"es-AR","@id":"https:\/\/aldiachaco.com.ar\/#\/schema\/logo\/image\/","url":"https:\/\/aldiachaco.com.ar\/wp-content\/uploads\/2017\/11\/AL-DIA-CHACO-L@2x.png","contentUrl":"https:\/\/aldiachaco.com.ar\/wp-content\/uploads\/2017\/11\/AL-DIA-CHACO-L@2x.png","width":232,"height":60,"caption":"Al Dia Chaco"},"image":{"@id":"https:\/\/aldiachaco.com.ar\/#\/schema\/logo\/image\/"}},{"@type":"Person","@id":"https:\/\/aldiachaco.com.ar\/#\/schema\/person\/b24e975af8022082f5889a7a7299e962","name":"RedaccionRM","image":{"@type":"ImageObject","inLanguage":"es-AR","@id":"https:\/\/aldiachaco.com.ar\/wp-content\/litespeed\/avatar\/a30118fcb7a6295303f1c91164c6aba1.jpg?ver=1777339088","url":"https:\/\/aldiachaco.com.ar\/wp-content\/litespeed\/avatar\/a30118fcb7a6295303f1c91164c6aba1.jpg?ver=1777339088","contentUrl":"https:\/\/aldiachaco.com.ar\/wp-content\/litespeed\/avatar\/a30118fcb7a6295303f1c91164c6aba1.jpg?ver=1777339088","caption":"RedaccionRM"},"url":"https:\/\/aldiachaco.com.ar\/index.php\/author\/redaccionrm\/"}]}},"jetpack_publicize_connections":[],"jetpack_featured_media_url":"https:\/\/aldiachaco.com.ar\/wp-content\/uploads\/2026\/03\/Captura-de-pantalla-2026-03-12-093055.png","jetpack_sharing_enabled":true,"amp_enabled":true,"_links":{"self":[{"href":"https:\/\/aldiachaco.com.ar\/index.php\/wp-json\/wp\/v2\/posts\/117588","targetHints":{"allow":["GET"]}}],"collection":[{"href":"https:\/\/aldiachaco.com.ar\/index.php\/wp-json\/wp\/v2\/posts"}],"about":[{"href":"https:\/\/aldiachaco.com.ar\/index.php\/wp-json\/wp\/v2\/types\/post"}],"author":[{"embeddable":true,"href":"https:\/\/aldiachaco.com.ar\/index.php\/wp-json\/wp\/v2\/users\/9"}],"replies":[{"embeddable":true,"href":"https:\/\/aldiachaco.com.ar\/index.php\/wp-json\/wp\/v2\/comments?post=117588"}],"version-history":[{"count":1,"href":"https:\/\/aldiachaco.com.ar\/index.php\/wp-json\/wp\/v2\/posts\/117588\/revisions"}],"predecessor-version":[{"id":117591,"href":"https:\/\/aldiachaco.com.ar\/index.php\/wp-json\/wp\/v2\/posts\/117588\/revisions\/117591"}],"wp:featuredmedia":[{"embeddable":true,"href":"https:\/\/aldiachaco.com.ar\/index.php\/wp-json\/wp\/v2\/media\/117590"}],"wp:attachment":[{"href":"https:\/\/aldiachaco.com.ar\/index.php\/wp-json\/wp\/v2\/media?parent=117588"}],"wp:term":[{"taxonomy":"category","embeddable":true,"href":"https:\/\/aldiachaco.com.ar\/index.php\/wp-json\/wp\/v2\/categories?post=117588"},{"taxonomy":"post_tag","embeddable":true,"href":"https:\/\/aldiachaco.com.ar\/index.php\/wp-json\/wp\/v2\/tags?post=117588"}],"curies":[{"name":"wp","href":"https:\/\/api.w.org\/{rel}","templated":true}]}}