{"id":117581,"date":"2026-03-11T13:16:07","date_gmt":"2026-03-11T16:16:07","guid":{"rendered":"https:\/\/aldiachaco.com.ar\/?p=117581"},"modified":"2026-03-11T13:16:07","modified_gmt":"2026-03-11T16:16:07","slug":"un-hombre-mato-a-hachazos-a-su-expareja-y-asfixio-a-la-hija-de-ella","status":"publish","type":"post","link":"https:\/\/aldiachaco.com.ar\/index.php\/2026\/03\/11\/un-hombre-mato-a-hachazos-a-su-expareja-y-asfixio-a-la-hija-de-ella\/","title":{"rendered":"Un hombre mat\u00f3 a hachazos a su expareja y asfixi\u00f3 a la hija de ella"},"content":{"rendered":"<p class=\"ds-markdown-paragraph\">Un brutal doble homicidio conmociona a la localidad de Quitilipi. En horas de la madrugada de este mi\u00e9rcoles, un hombre de 39 a\u00f1os asesin\u00f3 a su expareja de 37 y a la hija de ella, de 17, en una vivienda del barrio Belgrano. El agresor fue detenido horas despu\u00e9s y se encuentra a disposici\u00f3n de la justicia.<\/p>\n<p class=\"ds-markdown-paragraph\">El periodista Tito Villalba, de FM L\u00e1ser 10 de Quitilipi, brind\u00f3 detalles del hecho en di\u00e1logo con Sin Vuelta. Seg\u00fan la informaci\u00f3n aportada por investigadores y el fiscal C\u00e9sar Luis Collado, el hombre ingres\u00f3 al domicilio donde dorm\u00edan las v\u00edctimas y atac\u00f3 a la mujer con un hacha, provoc\u00e1ndole un golpe certero en la cabeza. Luego, a la adolescente la asfixi\u00f3.<\/p>\n<p class=\"ds-markdown-paragraph\">&#8220;Esa es la informaci\u00f3n que brindaron los investigadores. Esto habr\u00eda ocurrido en horas de la madrugada. La persona, que ten\u00eda una relaci\u00f3n con la mujer de 37 a\u00f1os, la habr\u00eda sorprendido en la cama y con el canto del hacha le dio un golpe en la cabeza. A la hija de 17 a\u00f1os la habr\u00eda ahorcado&#8221;, relat\u00f3 Villalba.<\/p>\n<p class=\"ds-markdown-paragraph\">El jefe de la Polic\u00eda del Chaco, comisario general Fernando Romero, confirm\u00f3 que no exist\u00edan denuncias previas por violencia de g\u00e9nero y que los investigadores est\u00e1n &#8220;desorientados&#8221; respecto al m\u00f3vil del crimen. Se investiga si el agresor actu\u00f3 bajo los efectos del alcohol u otras sustancias.<\/p>\n<p class=\"ds-markdown-paragraph\">Villalba se\u00f1al\u00f3 que, seg\u00fan testimonios de vecinos, la pareja hab\u00eda mantenido una relaci\u00f3n de aproximadamente cinco a\u00f1os, pero ya no conviv\u00edan. &#8220;No manten\u00edan una relaci\u00f3n conflictiva. M\u00e1s all\u00e1 de haberse separado, se segu\u00edan escribiendo o viendo, pero no hab\u00eda indicios de violencia&#8221;, agreg\u00f3.<\/p>\n<p class=\"ds-markdown-paragraph\">El hecho adquiere una dimensi\u00f3n a\u00fan m\u00e1s tr\u00e1gica porque fueron los hijos menores de la mujer, de 8, 10 y 12 a\u00f1os, quienes descubrieron los cuerpos. Los ni\u00f1os viv\u00edan en una vivienda contigua y, al notar la ausencia de su madre y hermana, dieron aviso a una t\u00eda.<\/p>\n<p class=\"ds-markdown-paragraph\">&#8220;Ellos fueron los que descubrieron los cuerpos y dieron r\u00e1pido aviso a la t\u00eda con la que tambi\u00e9n conviven. Pobres criaturas&#8221;, lament\u00f3 el periodista.<\/p>\n<p class=\"ds-markdown-paragraph\">Villalba describi\u00f3 el clima en Quitilipi como de profunda consternaci\u00f3n. &#8220;La comunidad est\u00e1 angustiada, afligida. Hechos de esta naturaleza reflejan una locura total. Hoy nos dec\u00eda el comisario Romero que es el primer femicidio del a\u00f1o 2026 en la provincia del Chaco, y lamentablemente volvemos a hacer noticia por un hecho de esta naturaleza&#8221;, expres\u00f3.<\/p>\n<p class=\"ds-markdown-paragraph\">El periodista record\u00f3 que Quitilipi a\u00fan no termina de recuperarse del doble crimen de los docentes Antonella Altamirano y Evaristo Zag, ocurrido en a\u00f1os anteriores. &#8220;Hoy los medios nacionales ya han tomado nota de este caso&#8221;, agreg\u00f3.<\/p>\n<p class=\"ds-markdown-paragraph\">El fiscal Collado contin\u00faa a cargo de la investigaci\u00f3n, mientras se esperan los resultados de las pericias y autopsias. El agresor permanece detenido.<\/p>\n","protected":false},"excerpt":{"rendered":"<p>Un brutal doble homicidio conmociona a la localidad de Quitilipi. En horas de la madrugada de este mi\u00e9rcoles, un hombre de 39 a\u00f1os asesin\u00f3 a su expareja de 37 y a la hija de ella, de 17, en una vivienda del barrio Belgrano. El agresor fue detenido horas despu\u00e9s y se encuentra a disposici\u00f3n de &hellip;<\/p>\n","protected":false},"author":9,"featured_media":117582,"comment_status":"open","ping_status":"open","sticky":false,"template":"","format":"standard","meta":{"content-type":"","_monsterinsights_skip_tracking":false,"_monsterinsights_sitenote_active":false,"_monsterinsights_sitenote_note":"","_monsterinsights_sitenote_category":0,"_jetpack_memberships_contains_paid_content":false,"footnotes":"","jetpack_publicize_message":"","jetpack_publicize_feature_enabled":true,"jetpack_social_post_already_shared":true,"jetpack_social_options":{"image_generator_settings":{"template":"highway","default_image_id":0,"font":"","enabled":false},"version":2}},"categories":[86,240],"tags":[],"class_list":["post-117581","post","type-post","status-publish","format-standard","has-post-thumbnail","hentry","category-policiales","category-quitilipi"],"yoast_head":"<!-- This site is optimized with the Yoast SEO plugin v27.4 - https:\/\/yoast.com\/product\/yoast-seo-wordpress\/ -->\n<title>Un hombre mat\u00f3 a hachazos a su expareja y asfixi\u00f3 a la hija de ella | Al Dia Chaco<\/title>\n<meta name=\"robots\" content=\"index, follow, max-snippet:-1, max-image-preview:large, max-video-preview:-1\" \/>\n<link rel=\"canonical\" href=\"https:\/\/aldiachaco.com.ar\/index.php\/2026\/03\/11\/un-hombre-mato-a-hachazos-a-su-expareja-y-asfixio-a-la-hija-de-ella\/\" \/>\n<meta property=\"og:locale\" content=\"es_ES\" \/>\n<meta property=\"og:type\" content=\"article\" \/>\n<meta property=\"og:title\" content=\"Un hombre mat\u00f3 a hachazos a su expareja y asfixi\u00f3 a la hija de ella | Al Dia Chaco\" \/>\n<meta property=\"og:description\" content=\"Un brutal doble homicidio conmociona a la localidad de Quitilipi. En horas de la madrugada de este mi\u00e9rcoles, un hombre de 39 a\u00f1os asesin\u00f3 a su expareja de 37 y a la hija de ella, de 17, en una vivienda del barrio Belgrano. El agresor fue detenido horas despu\u00e9s y se encuentra a disposici\u00f3n de &hellip;\" \/>\n<meta property=\"og:url\" content=\"https:\/\/aldiachaco.com.ar\/index.php\/2026\/03\/11\/un-hombre-mato-a-hachazos-a-su-expareja-y-asfixio-a-la-hija-de-ella\/\" \/>\n<meta property=\"og:site_name\" content=\"Al Dia Chaco\" \/>\n<meta property=\"article:published_time\" content=\"2026-03-11T16:16:07+00:00\" \/>\n<meta property=\"og:image\" content=\"https:\/\/aldiachaco.com.ar\/wp-content\/uploads\/2026\/03\/1103quitilipi.png\" \/>\n\t<meta property=\"og:image:width\" content=\"878\" \/>\n\t<meta property=\"og:image:height\" content=\"472\" \/>\n\t<meta property=\"og:image:type\" content=\"image\/png\" \/>\n<meta name=\"author\" content=\"RedaccionRM\" \/>\n<meta name=\"twitter:card\" content=\"summary_large_image\" \/>\n<meta name=\"twitter:label1\" content=\"Escrito por\" \/>\n\t<meta name=\"twitter:data1\" content=\"RedaccionRM\" \/>\n\t<meta name=\"twitter:label2\" content=\"Tiempo de lectura\" \/>\n\t<meta name=\"twitter:data2\" content=\"3 minutos\" \/>\n<script type=\"application\/ld+json\" class=\"yoast-schema-graph\">{\"@context\":\"https:\\\/\\\/schema.org\",\"@graph\":[{\"@type\":\"Article\",\"@id\":\"https:\\\/\\\/aldiachaco.com.ar\\\/index.php\\\/2026\\\/03\\\/11\\\/un-hombre-mato-a-hachazos-a-su-expareja-y-asfixio-a-la-hija-de-ella\\\/#article\",\"isPartOf\":{\"@id\":\"https:\\\/\\\/aldiachaco.com.ar\\\/index.php\\\/2026\\\/03\\\/11\\\/un-hombre-mato-a-hachazos-a-su-expareja-y-asfixio-a-la-hija-de-ella\\\/\"},\"author\":{\"name\":\"RedaccionRM\",\"@id\":\"https:\\\/\\\/aldiachaco.com.ar\\\/#\\\/schema\\\/person\\\/b24e975af8022082f5889a7a7299e962\"},\"headline\":\"Un hombre mat\u00f3 a hachazos a su expareja y asfixi\u00f3 a la hija de ella\",\"datePublished\":\"2026-03-11T16:16:07+00:00\",\"mainEntityOfPage\":{\"@id\":\"https:\\\/\\\/aldiachaco.com.ar\\\/index.php\\\/2026\\\/03\\\/11\\\/un-hombre-mato-a-hachazos-a-su-expareja-y-asfixio-a-la-hija-de-ella\\\/\"},\"wordCount\":511,\"commentCount\":0,\"publisher\":{\"@id\":\"https:\\\/\\\/aldiachaco.com.ar\\\/#organization\"},\"image\":{\"@id\":\"https:\\\/\\\/aldiachaco.com.ar\\\/index.php\\\/2026\\\/03\\\/11\\\/un-hombre-mato-a-hachazos-a-su-expareja-y-asfixio-a-la-hija-de-ella\\\/#primaryimage\"},\"thumbnailUrl\":\"https:\\\/\\\/aldiachaco.com.ar\\\/wp-content\\\/uploads\\\/2026\\\/03\\\/1103quitilipi.png\",\"articleSection\":[\"Policiales\",\"Quitilipi\"],\"inLanguage\":\"es-AR\",\"potentialAction\":[{\"@type\":\"CommentAction\",\"name\":\"Comment\",\"target\":[\"https:\\\/\\\/aldiachaco.com.ar\\\/index.php\\\/2026\\\/03\\\/11\\\/un-hombre-mato-a-hachazos-a-su-expareja-y-asfixio-a-la-hija-de-ella\\\/#respond\"]}]},{\"@type\":\"WebPage\",\"@id\":\"https:\\\/\\\/aldiachaco.com.ar\\\/index.php\\\/2026\\\/03\\\/11\\\/un-hombre-mato-a-hachazos-a-su-expareja-y-asfixio-a-la-hija-de-ella\\\/\",\"url\":\"https:\\\/\\\/aldiachaco.com.ar\\\/index.php\\\/2026\\\/03\\\/11\\\/un-hombre-mato-a-hachazos-a-su-expareja-y-asfixio-a-la-hija-de-ella\\\/\",\"name\":\"Un hombre mat\u00f3 a hachazos a su expareja y asfixi\u00f3 a la hija de ella | Al Dia Chaco\",\"isPartOf\":{\"@id\":\"https:\\\/\\\/aldiachaco.com.ar\\\/#website\"},\"primaryImageOfPage\":{\"@id\":\"https:\\\/\\\/aldiachaco.com.ar\\\/index.php\\\/2026\\\/03\\\/11\\\/un-hombre-mato-a-hachazos-a-su-expareja-y-asfixio-a-la-hija-de-ella\\\/#primaryimage\"},\"image\":{\"@id\":\"https:\\\/\\\/aldiachaco.com.ar\\\/index.php\\\/2026\\\/03\\\/11\\\/un-hombre-mato-a-hachazos-a-su-expareja-y-asfixio-a-la-hija-de-ella\\\/#primaryimage\"},\"thumbnailUrl\":\"https:\\\/\\\/aldiachaco.com.ar\\\/wp-content\\\/uploads\\\/2026\\\/03\\\/1103quitilipi.png\",\"datePublished\":\"2026-03-11T16:16:07+00:00\",\"breadcrumb\":{\"@id\":\"https:\\\/\\\/aldiachaco.com.ar\\\/index.php\\\/2026\\\/03\\\/11\\\/un-hombre-mato-a-hachazos-a-su-expareja-y-asfixio-a-la-hija-de-ella\\\/#breadcrumb\"},\"inLanguage\":\"es-AR\",\"potentialAction\":[{\"@type\":\"ReadAction\",\"target\":[\"https:\\\/\\\/aldiachaco.com.ar\\\/index.php\\\/2026\\\/03\\\/11\\\/un-hombre-mato-a-hachazos-a-su-expareja-y-asfixio-a-la-hija-de-ella\\\/\"]}]},{\"@type\":\"ImageObject\",\"inLanguage\":\"es-AR\",\"@id\":\"https:\\\/\\\/aldiachaco.com.ar\\\/index.php\\\/2026\\\/03\\\/11\\\/un-hombre-mato-a-hachazos-a-su-expareja-y-asfixio-a-la-hija-de-ella\\\/#primaryimage\",\"url\":\"https:\\\/\\\/aldiachaco.com.ar\\\/wp-content\\\/uploads\\\/2026\\\/03\\\/1103quitilipi.png\",\"contentUrl\":\"https:\\\/\\\/aldiachaco.com.ar\\\/wp-content\\\/uploads\\\/2026\\\/03\\\/1103quitilipi.png\",\"width\":878,\"height\":472},{\"@type\":\"BreadcrumbList\",\"@id\":\"https:\\\/\\\/aldiachaco.com.ar\\\/index.php\\\/2026\\\/03\\\/11\\\/un-hombre-mato-a-hachazos-a-su-expareja-y-asfixio-a-la-hija-de-ella\\\/#breadcrumb\",\"itemListElement\":[{\"@type\":\"ListItem\",\"position\":1,\"name\":\"Home\",\"item\":\"https:\\\/\\\/aldiachaco.com.ar\\\/\"},{\"@type\":\"ListItem\",\"position\":2,\"name\":\"Un hombre mat\u00f3 a hachazos a su expareja y asfixi\u00f3 a la hija de ella\"}]},{\"@type\":\"WebSite\",\"@id\":\"https:\\\/\\\/aldiachaco.com.ar\\\/#website\",\"url\":\"https:\\\/\\\/aldiachaco.com.ar\\\/\",\"name\":\"Al Dia Chaco\",\"description\":\"Noticias del Chaco y el mundo\",\"publisher\":{\"@id\":\"https:\\\/\\\/aldiachaco.com.ar\\\/#organization\"},\"alternateName\":\"Al D\u00eda Chaco\",\"potentialAction\":[{\"@type\":\"SearchAction\",\"target\":{\"@type\":\"EntryPoint\",\"urlTemplate\":\"https:\\\/\\\/aldiachaco.com.ar\\\/?s={search_term_string}\"},\"query-input\":{\"@type\":\"PropertyValueSpecification\",\"valueRequired\":true,\"valueName\":\"search_term_string\"}}],\"inLanguage\":\"es-AR\"},{\"@type\":\"Organization\",\"@id\":\"https:\\\/\\\/aldiachaco.com.ar\\\/#organization\",\"name\":\"Al Dia Chaco\",\"url\":\"https:\\\/\\\/aldiachaco.com.ar\\\/\",\"logo\":{\"@type\":\"ImageObject\",\"inLanguage\":\"es-AR\",\"@id\":\"https:\\\/\\\/aldiachaco.com.ar\\\/#\\\/schema\\\/logo\\\/image\\\/\",\"url\":\"https:\\\/\\\/aldiachaco.com.ar\\\/wp-content\\\/uploads\\\/2017\\\/11\\\/AL-DIA-CHACO-L@2x.png\",\"contentUrl\":\"https:\\\/\\\/aldiachaco.com.ar\\\/wp-content\\\/uploads\\\/2017\\\/11\\\/AL-DIA-CHACO-L@2x.png\",\"width\":232,\"height\":60,\"caption\":\"Al Dia Chaco\"},\"image\":{\"@id\":\"https:\\\/\\\/aldiachaco.com.ar\\\/#\\\/schema\\\/logo\\\/image\\\/\"}},{\"@type\":\"Person\",\"@id\":\"https:\\\/\\\/aldiachaco.com.ar\\\/#\\\/schema\\\/person\\\/b24e975af8022082f5889a7a7299e962\",\"name\":\"RedaccionRM\",\"image\":{\"@type\":\"ImageObject\",\"inLanguage\":\"es-AR\",\"@id\":\"https:\\\/\\\/aldiachaco.com.ar\\\/wp-content\\\/litespeed\\\/avatar\\\/a30118fcb7a6295303f1c91164c6aba1.jpg?ver=1777339088\",\"url\":\"https:\\\/\\\/aldiachaco.com.ar\\\/wp-content\\\/litespeed\\\/avatar\\\/a30118fcb7a6295303f1c91164c6aba1.jpg?ver=1777339088\",\"contentUrl\":\"https:\\\/\\\/aldiachaco.com.ar\\\/wp-content\\\/litespeed\\\/avatar\\\/a30118fcb7a6295303f1c91164c6aba1.jpg?ver=1777339088\",\"caption\":\"RedaccionRM\"},\"url\":\"https:\\\/\\\/aldiachaco.com.ar\\\/index.php\\\/author\\\/redaccionrm\\\/\"}]}<\/script>\n<!-- \/ Yoast SEO plugin. -->","yoast_head_json":{"title":"Un hombre mat\u00f3 a hachazos a su expareja y asfixi\u00f3 a la hija de ella | Al Dia Chaco","robots":{"index":"index","follow":"follow","max-snippet":"max-snippet:-1","max-image-preview":"max-image-preview:large","max-video-preview":"max-video-preview:-1"},"canonical":"https:\/\/aldiachaco.com.ar\/index.php\/2026\/03\/11\/un-hombre-mato-a-hachazos-a-su-expareja-y-asfixio-a-la-hija-de-ella\/","og_locale":"es_ES","og_type":"article","og_title":"Un hombre mat\u00f3 a hachazos a su expareja y asfixi\u00f3 a la hija de ella | Al Dia Chaco","og_description":"Un brutal doble homicidio conmociona a la localidad de Quitilipi. En horas de la madrugada de este mi\u00e9rcoles, un hombre de 39 a\u00f1os asesin\u00f3 a su expareja de 37 y a la hija de ella, de 17, en una vivienda del barrio Belgrano. El agresor fue detenido horas despu\u00e9s y se encuentra a disposici\u00f3n de &hellip;","og_url":"https:\/\/aldiachaco.com.ar\/index.php\/2026\/03\/11\/un-hombre-mato-a-hachazos-a-su-expareja-y-asfixio-a-la-hija-de-ella\/","og_site_name":"Al Dia Chaco","article_published_time":"2026-03-11T16:16:07+00:00","og_image":[{"width":878,"height":472,"url":"https:\/\/aldiachaco.com.ar\/wp-content\/uploads\/2026\/03\/1103quitilipi.png","type":"image\/png"}],"author":"RedaccionRM","twitter_card":"summary_large_image","twitter_misc":{"Escrito por":"RedaccionRM","Tiempo de lectura":"3 minutos"},"schema":{"@context":"https:\/\/schema.org","@graph":[{"@type":"Article","@id":"https:\/\/aldiachaco.com.ar\/index.php\/2026\/03\/11\/un-hombre-mato-a-hachazos-a-su-expareja-y-asfixio-a-la-hija-de-ella\/#article","isPartOf":{"@id":"https:\/\/aldiachaco.com.ar\/index.php\/2026\/03\/11\/un-hombre-mato-a-hachazos-a-su-expareja-y-asfixio-a-la-hija-de-ella\/"},"author":{"name":"RedaccionRM","@id":"https:\/\/aldiachaco.com.ar\/#\/schema\/person\/b24e975af8022082f5889a7a7299e962"},"headline":"Un hombre mat\u00f3 a hachazos a su expareja y asfixi\u00f3 a la hija de ella","datePublished":"2026-03-11T16:16:07+00:00","mainEntityOfPage":{"@id":"https:\/\/aldiachaco.com.ar\/index.php\/2026\/03\/11\/un-hombre-mato-a-hachazos-a-su-expareja-y-asfixio-a-la-hija-de-ella\/"},"wordCount":511,"commentCount":0,"publisher":{"@id":"https:\/\/aldiachaco.com.ar\/#organization"},"image":{"@id":"https:\/\/aldiachaco.com.ar\/index.php\/2026\/03\/11\/un-hombre-mato-a-hachazos-a-su-expareja-y-asfixio-a-la-hija-de-ella\/#primaryimage"},"thumbnailUrl":"https:\/\/aldiachaco.com.ar\/wp-content\/uploads\/2026\/03\/1103quitilipi.png","articleSection":["Policiales","Quitilipi"],"inLanguage":"es-AR","potentialAction":[{"@type":"CommentAction","name":"Comment","target":["https:\/\/aldiachaco.com.ar\/index.php\/2026\/03\/11\/un-hombre-mato-a-hachazos-a-su-expareja-y-asfixio-a-la-hija-de-ella\/#respond"]}]},{"@type":"WebPage","@id":"https:\/\/aldiachaco.com.ar\/index.php\/2026\/03\/11\/un-hombre-mato-a-hachazos-a-su-expareja-y-asfixio-a-la-hija-de-ella\/","url":"https:\/\/aldiachaco.com.ar\/index.php\/2026\/03\/11\/un-hombre-mato-a-hachazos-a-su-expareja-y-asfixio-a-la-hija-de-ella\/","name":"Un hombre mat\u00f3 a hachazos a su expareja y asfixi\u00f3 a la hija de ella | Al Dia Chaco","isPartOf":{"@id":"https:\/\/aldiachaco.com.ar\/#website"},"primaryImageOfPage":{"@id":"https:\/\/aldiachaco.com.ar\/index.php\/2026\/03\/11\/un-hombre-mato-a-hachazos-a-su-expareja-y-asfixio-a-la-hija-de-ella\/#primaryimage"},"image":{"@id":"https:\/\/aldiachaco.com.ar\/index.php\/2026\/03\/11\/un-hombre-mato-a-hachazos-a-su-expareja-y-asfixio-a-la-hija-de-ella\/#primaryimage"},"thumbnailUrl":"https:\/\/aldiachaco.com.ar\/wp-content\/uploads\/2026\/03\/1103quitilipi.png","datePublished":"2026-03-11T16:16:07+00:00","breadcrumb":{"@id":"https:\/\/aldiachaco.com.ar\/index.php\/2026\/03\/11\/un-hombre-mato-a-hachazos-a-su-expareja-y-asfixio-a-la-hija-de-ella\/#breadcrumb"},"inLanguage":"es-AR","potentialAction":[{"@type":"ReadAction","target":["https:\/\/aldiachaco.com.ar\/index.php\/2026\/03\/11\/un-hombre-mato-a-hachazos-a-su-expareja-y-asfixio-a-la-hija-de-ella\/"]}]},{"@type":"ImageObject","inLanguage":"es-AR","@id":"https:\/\/aldiachaco.com.ar\/index.php\/2026\/03\/11\/un-hombre-mato-a-hachazos-a-su-expareja-y-asfixio-a-la-hija-de-ella\/#primaryimage","url":"https:\/\/aldiachaco.com.ar\/wp-content\/uploads\/2026\/03\/1103quitilipi.png","contentUrl":"https:\/\/aldiachaco.com.ar\/wp-content\/uploads\/2026\/03\/1103quitilipi.png","width":878,"height":472},{"@type":"BreadcrumbList","@id":"https:\/\/aldiachaco.com.ar\/index.php\/2026\/03\/11\/un-hombre-mato-a-hachazos-a-su-expareja-y-asfixio-a-la-hija-de-ella\/#breadcrumb","itemListElement":[{"@type":"ListItem","position":1,"name":"Home","item":"https:\/\/aldiachaco.com.ar\/"},{"@type":"ListItem","position":2,"name":"Un hombre mat\u00f3 a hachazos a su expareja y asfixi\u00f3 a la hija de ella"}]},{"@type":"WebSite","@id":"https:\/\/aldiachaco.com.ar\/#website","url":"https:\/\/aldiachaco.com.ar\/","name":"Al Dia Chaco","description":"Noticias del Chaco y el mundo","publisher":{"@id":"https:\/\/aldiachaco.com.ar\/#organization"},"alternateName":"Al D\u00eda Chaco","potentialAction":[{"@type":"SearchAction","target":{"@type":"EntryPoint","urlTemplate":"https:\/\/aldiachaco.com.ar\/?s={search_term_string}"},"query-input":{"@type":"PropertyValueSpecification","valueRequired":true,"valueName":"search_term_string"}}],"inLanguage":"es-AR"},{"@type":"Organization","@id":"https:\/\/aldiachaco.com.ar\/#organization","name":"Al Dia Chaco","url":"https:\/\/aldiachaco.com.ar\/","logo":{"@type":"ImageObject","inLanguage":"es-AR","@id":"https:\/\/aldiachaco.com.ar\/#\/schema\/logo\/image\/","url":"https:\/\/aldiachaco.com.ar\/wp-content\/uploads\/2017\/11\/AL-DIA-CHACO-L@2x.png","contentUrl":"https:\/\/aldiachaco.com.ar\/wp-content\/uploads\/2017\/11\/AL-DIA-CHACO-L@2x.png","width":232,"height":60,"caption":"Al Dia Chaco"},"image":{"@id":"https:\/\/aldiachaco.com.ar\/#\/schema\/logo\/image\/"}},{"@type":"Person","@id":"https:\/\/aldiachaco.com.ar\/#\/schema\/person\/b24e975af8022082f5889a7a7299e962","name":"RedaccionRM","image":{"@type":"ImageObject","inLanguage":"es-AR","@id":"https:\/\/aldiachaco.com.ar\/wp-content\/litespeed\/avatar\/a30118fcb7a6295303f1c91164c6aba1.jpg?ver=1777339088","url":"https:\/\/aldiachaco.com.ar\/wp-content\/litespeed\/avatar\/a30118fcb7a6295303f1c91164c6aba1.jpg?ver=1777339088","contentUrl":"https:\/\/aldiachaco.com.ar\/wp-content\/litespeed\/avatar\/a30118fcb7a6295303f1c91164c6aba1.jpg?ver=1777339088","caption":"RedaccionRM"},"url":"https:\/\/aldiachaco.com.ar\/index.php\/author\/redaccionrm\/"}]}},"jetpack_publicize_connections":[],"jetpack_featured_media_url":"https:\/\/aldiachaco.com.ar\/wp-content\/uploads\/2026\/03\/1103quitilipi.png","jetpack_sharing_enabled":true,"amp_enabled":true,"_links":{"self":[{"href":"https:\/\/aldiachaco.com.ar\/index.php\/wp-json\/wp\/v2\/posts\/117581","targetHints":{"allow":["GET"]}}],"collection":[{"href":"https:\/\/aldiachaco.com.ar\/index.php\/wp-json\/wp\/v2\/posts"}],"about":[{"href":"https:\/\/aldiachaco.com.ar\/index.php\/wp-json\/wp\/v2\/types\/post"}],"author":[{"embeddable":true,"href":"https:\/\/aldiachaco.com.ar\/index.php\/wp-json\/wp\/v2\/users\/9"}],"replies":[{"embeddable":true,"href":"https:\/\/aldiachaco.com.ar\/index.php\/wp-json\/wp\/v2\/comments?post=117581"}],"version-history":[{"count":1,"href":"https:\/\/aldiachaco.com.ar\/index.php\/wp-json\/wp\/v2\/posts\/117581\/revisions"}],"predecessor-version":[{"id":117583,"href":"https:\/\/aldiachaco.com.ar\/index.php\/wp-json\/wp\/v2\/posts\/117581\/revisions\/117583"}],"wp:featuredmedia":[{"embeddable":true,"href":"https:\/\/aldiachaco.com.ar\/index.php\/wp-json\/wp\/v2\/media\/117582"}],"wp:attachment":[{"href":"https:\/\/aldiachaco.com.ar\/index.php\/wp-json\/wp\/v2\/media?parent=117581"}],"wp:term":[{"taxonomy":"category","embeddable":true,"href":"https:\/\/aldiachaco.com.ar\/index.php\/wp-json\/wp\/v2\/categories?post=117581"},{"taxonomy":"post_tag","embeddable":true,"href":"https:\/\/aldiachaco.com.ar\/index.php\/wp-json\/wp\/v2\/tags?post=117581"}],"curies":[{"name":"wp","href":"https:\/\/api.w.org\/{rel}","templated":true}]}}