{"id":117577,"date":"2026-03-11T09:44:15","date_gmt":"2026-03-11T12:44:15","guid":{"rendered":"https:\/\/aldiachaco.com.ar\/?p=117577"},"modified":"2026-03-11T09:44:15","modified_gmt":"2026-03-11T12:44:15","slug":"en-la-iglesia-hay-y-debe-haber-sitio-para-todos","status":"publish","type":"post","link":"https:\/\/aldiachaco.com.ar\/index.php\/2026\/03\/11\/en-la-iglesia-hay-y-debe-haber-sitio-para-todos\/","title":{"rendered":"&#8220;En la Iglesia hay y debe haber sitio para todos&#8221;"},"content":{"rendered":"<p class=\"ds-markdown-paragraph\">Le\u00f3n XIV reflexion\u00f3 este mi\u00e9rcoles durante la Audiencia General sobre la naturaleza de la Iglesia y subray\u00f3 que &#8220;no puede nunca estar replegada en s\u00ed misma&#8221;, sino que debe estar &#8220;abierta a todos&#8221;.<\/p>\n<p class=\"ds-markdown-paragraph\">&#8220;En la Iglesia hay y debe haber sitio para todos, y que cada cristiano est\u00e1 llamado a anunciar el Evangelio y a dar testimonio en todos los ambientes en los que vive y obra&#8221;, explic\u00f3 el Pont\u00edfice desde la Plaza de San Pedro ante cientos de peregrinos. Sus palabras se dieron tras constatar que aunque forman parte de la Iglesia quienes creen en Cristo, el Concilio Vaticano II recuerda &#8220;que todos los seres humanos est\u00e1n llamados a formar parte del nuevo Pueblo de Dios&#8221;.<\/p>\n<p class=\"ds-markdown-paragraph\">Durante la catequesis, el Papa continu\u00f3 su ciclo de reflexiones dedicadas a la Constituci\u00f3n dogm\u00e1tica Lumen gentium, y se detuvo en el segundo cap\u00edtulo del documento, dedicado al Pueblo de Dios, una de las nociones centrales de la eclesiolog\u00eda. &#8220;La Iglesia es una, pero incluye a todos&#8221;, afirm\u00f3.<\/p>\n<p class=\"ds-markdown-paragraph\">El Papa cit\u00f3 al cardenal Henri de Lubac, uno de los te\u00f3logos m\u00e1s influyentes del siglo XX y figura clave del Concilio Vaticano II, para describir a la Iglesia como &#8220;arca \u00fanica de la Salvaci\u00f3n&#8221;, que &#8220;debe acoger en su amplia nave todas las diversidades humanas&#8221;.<\/p>\n<p class=\"ds-markdown-paragraph\">Por ello se\u00f1al\u00f3 que el pueblo de Dios &#8220;muestra su catolicidad, acogiendo las riquezas y los recursos de las diversas culturas&#8221; y, al mismo tiempo, &#8220;ofreci\u00e9ndoles la novedad del Evangelio para purificarlas y elevarlas&#8221;.<\/p>\n<p class=\"ds-markdown-paragraph\">En este sentido, Le\u00f3n XIV afirm\u00f3 que la Iglesia es un pueblo en el que &#8220;conviven&#8221;, bajo la fuerza de la fe, &#8220;mujeres y hombres de distinta nacionalidad, lengua o cultura&#8221;. Por ello, la present\u00f3 como &#8220;un signo puesto en el coraz\u00f3n mismo de la humanidad, llamada y profec\u00eda de esa unidad y de esa paz a la que Dios Padre llama a todos sus hijos&#8221;.<\/p>\n<p class=\"ds-markdown-paragraph\">Cada cristiano, subray\u00f3 el Pont\u00edfice, est\u00e1 llamado a anunciar el Evangelio y a dar testimonio en los ambientes en los que vive y trabaja. &#8220;Incluso quienes todav\u00eda no han recibido el Evangelio est\u00e1n, de alg\u00fan modo, orientados hacia el Pueblo de Dios&#8221;, asegur\u00f3.<\/p>\n<p class=\"ds-markdown-paragraph\">Durante la catequesis, Le\u00f3n XIV destac\u00f3 que la historia del antiguo pueblo de Israel constituye una preparaci\u00f3n para la nueva alianza que Dios realiza en Jesucristo. Citando el texto conciliar Lumen Gentium, el Papa record\u00f3 que &#8220;todo esto sucedi\u00f3 como preparaci\u00f3n y figura de la alianza nueva y perfecta que hab\u00eda de pactarse en Cristo&#8221;.<\/p>\n<p class=\"ds-markdown-paragraph\">Seg\u00fan explic\u00f3, es Cristo quien, mediante el don de su Cuerpo y de su Sangre, re\u00fane definitivamente a este pueblo, formado ya por hombres y mujeres de todas las naciones. &#8220;Este est\u00e1 unificado por la fe en \u00c9l, por la adhesi\u00f3n a \u00c9l y por vivir su misma vida animados por el Esp\u00edritu del Resucitado&#8221;, afirm\u00f3.<\/p>\n<p class=\"ds-markdown-paragraph\">De este modo, continu\u00f3, nace la Iglesia, entendida como el Pueblo de Dios que encuentra su propia existencia en el cuerpo de Cristo y que, al mismo tiempo, es el mismo cuerpo de Cristo. &#8220;No es un pueblo como los dem\u00e1s&#8221;, subray\u00f3, sino una comunidad convocada por Dios y compuesta por personas de todos los pueblos de la Tierra.<\/p>\n<p class=\"ds-markdown-paragraph\">Su unidad, a\u00f1adi\u00f3, &#8220;no se basa en una lengua, una cultura o una etnia, sino en la fe en Cristo&#8221;. En palabras del Concilio, record\u00f3 el Papa, la Iglesia es &#8220;una congregaci\u00f3n de quienes, creyendo, ven en Jes\u00fas al autor de la salvaci\u00f3n y el principio de la unidad y de la paz&#8221;.<\/p>\n<p class=\"ds-markdown-paragraph\">El Pont\u00edfice explic\u00f3 tambi\u00e9n que la Iglesia es &#8220;un pueblo mesi\u00e1nico&#8221;, porque tiene como cabeza a Cristo, el Mes\u00edas. &#8220;Antes de cualquier tarea o funci\u00f3n, lo que cuenta realmente en la Iglesia es estar injertados en Cristo&#8221;, afirm\u00f3. Este es, seg\u00fan explic\u00f3, el \u00fanico &#8220;t\u00edtulo honor\u00edfico&#8221; que deber\u00edan buscar los cristianos: vivir como hijos del Padre y como hermanos entre s\u00ed.<\/p>\n<p class=\"ds-markdown-paragraph\">En consecuencia, asever\u00f3 que la ley fundamental que debe regir las relaciones dentro de la Iglesia es el &#8220;amor&#8221;, tal como se recibe y se experimenta en Cristo.<\/p>\n<p class=\"ds-markdown-paragraph\">El Pont\u00edfice concluy\u00f3 su catequesis destacando el valor prof\u00e9tico de la Iglesia en el mundo contempor\u00e1neo. &#8220;La Iglesia es un gran signo de esperanza \u2014sobre todo en nuestros d\u00edas, atravesados por tantos conflictos y guerras\u2014 saber que la Iglesia es un pueblo en el que conviven, en la fuerza de la fe, mujeres y hombres de distinta nacionalidad, lengua o cultura&#8221;, destac\u00f3.<\/p>\n","protected":false},"excerpt":{"rendered":"<p>Le\u00f3n XIV reflexion\u00f3 este mi\u00e9rcoles durante la Audiencia General sobre la naturaleza de la Iglesia y subray\u00f3 que &#8220;no puede nunca estar replegada en s\u00ed misma&#8221;, sino que debe estar &#8220;abierta a todos&#8221;. &#8220;En la Iglesia hay y debe haber sitio para todos, y que cada cristiano est\u00e1 llamado a anunciar el Evangelio y a &hellip;<\/p>\n","protected":false},"author":9,"featured_media":117578,"comment_status":"open","ping_status":"open","sticky":false,"template":"","format":"standard","meta":{"content-type":"","_monsterinsights_skip_tracking":false,"_monsterinsights_sitenote_active":false,"_monsterinsights_sitenote_note":"","_monsterinsights_sitenote_category":0,"_jetpack_memberships_contains_paid_content":false,"footnotes":"","jetpack_publicize_message":"","jetpack_publicize_feature_enabled":true,"jetpack_social_post_already_shared":true,"jetpack_social_options":{"image_generator_settings":{"template":"highway","default_image_id":0,"font":"","enabled":false},"version":2}},"categories":[73],"tags":[],"class_list":["post-117577","post","type-post","status-publish","format-standard","has-post-thumbnail","hentry","category-internacionales"],"yoast_head":"<!-- This site is optimized with the Yoast SEO plugin v27.4 - https:\/\/yoast.com\/product\/yoast-seo-wordpress\/ -->\n<title>&quot;En la Iglesia hay y debe haber sitio para todos&quot; | Al Dia Chaco<\/title>\n<meta name=\"robots\" content=\"index, follow, max-snippet:-1, max-image-preview:large, max-video-preview:-1\" \/>\n<link rel=\"canonical\" href=\"https:\/\/aldiachaco.com.ar\/index.php\/2026\/03\/11\/en-la-iglesia-hay-y-debe-haber-sitio-para-todos\/\" \/>\n<meta property=\"og:locale\" content=\"es_ES\" \/>\n<meta property=\"og:type\" content=\"article\" \/>\n<meta property=\"og:title\" content=\"&quot;En la Iglesia hay y debe haber sitio para todos&quot; | Al Dia Chaco\" \/>\n<meta property=\"og:description\" content=\"Le\u00f3n XIV reflexion\u00f3 este mi\u00e9rcoles durante la Audiencia General sobre la naturaleza de la Iglesia y subray\u00f3 que &#8220;no puede nunca estar replegada en s\u00ed misma&#8221;, sino que debe estar &#8220;abierta a todos&#8221;. &#8220;En la Iglesia hay y debe haber sitio para todos, y que cada cristiano est\u00e1 llamado a anunciar el Evangelio y a &hellip;\" \/>\n<meta property=\"og:url\" content=\"https:\/\/aldiachaco.com.ar\/index.php\/2026\/03\/11\/en-la-iglesia-hay-y-debe-haber-sitio-para-todos\/\" \/>\n<meta property=\"og:site_name\" content=\"Al Dia Chaco\" \/>\n<meta property=\"article:published_time\" content=\"2026-03-11T12:44:15+00:00\" \/>\n<meta property=\"og:image\" content=\"https:\/\/aldiachaco.com.ar\/wp-content\/uploads\/2026\/03\/1103VATICANO.webp\" \/>\n\t<meta property=\"og:image:width\" content=\"672\" \/>\n\t<meta property=\"og:image:height\" content=\"448\" \/>\n\t<meta property=\"og:image:type\" content=\"image\/webp\" \/>\n<meta name=\"author\" content=\"RedaccionRM\" \/>\n<meta name=\"twitter:card\" content=\"summary_large_image\" \/>\n<meta name=\"twitter:label1\" content=\"Escrito por\" \/>\n\t<meta name=\"twitter:data1\" content=\"RedaccionRM\" \/>\n\t<meta name=\"twitter:label2\" content=\"Tiempo de lectura\" \/>\n\t<meta name=\"twitter:data2\" content=\"4 minutos\" \/>\n<script type=\"application\/ld+json\" class=\"yoast-schema-graph\">{\"@context\":\"https:\\\/\\\/schema.org\",\"@graph\":[{\"@type\":\"Article\",\"@id\":\"https:\\\/\\\/aldiachaco.com.ar\\\/index.php\\\/2026\\\/03\\\/11\\\/en-la-iglesia-hay-y-debe-haber-sitio-para-todos\\\/#article\",\"isPartOf\":{\"@id\":\"https:\\\/\\\/aldiachaco.com.ar\\\/index.php\\\/2026\\\/03\\\/11\\\/en-la-iglesia-hay-y-debe-haber-sitio-para-todos\\\/\"},\"author\":{\"name\":\"RedaccionRM\",\"@id\":\"https:\\\/\\\/aldiachaco.com.ar\\\/#\\\/schema\\\/person\\\/b24e975af8022082f5889a7a7299e962\"},\"headline\":\"&#8220;En la Iglesia hay y debe haber sitio para todos&#8221;\",\"datePublished\":\"2026-03-11T12:44:15+00:00\",\"mainEntityOfPage\":{\"@id\":\"https:\\\/\\\/aldiachaco.com.ar\\\/index.php\\\/2026\\\/03\\\/11\\\/en-la-iglesia-hay-y-debe-haber-sitio-para-todos\\\/\"},\"wordCount\":784,\"commentCount\":0,\"publisher\":{\"@id\":\"https:\\\/\\\/aldiachaco.com.ar\\\/#organization\"},\"image\":{\"@id\":\"https:\\\/\\\/aldiachaco.com.ar\\\/index.php\\\/2026\\\/03\\\/11\\\/en-la-iglesia-hay-y-debe-haber-sitio-para-todos\\\/#primaryimage\"},\"thumbnailUrl\":\"https:\\\/\\\/aldiachaco.com.ar\\\/wp-content\\\/uploads\\\/2026\\\/03\\\/1103VATICANO.webp\",\"articleSection\":[\"Internacionales\"],\"inLanguage\":\"es-AR\",\"potentialAction\":[{\"@type\":\"CommentAction\",\"name\":\"Comment\",\"target\":[\"https:\\\/\\\/aldiachaco.com.ar\\\/index.php\\\/2026\\\/03\\\/11\\\/en-la-iglesia-hay-y-debe-haber-sitio-para-todos\\\/#respond\"]}]},{\"@type\":\"WebPage\",\"@id\":\"https:\\\/\\\/aldiachaco.com.ar\\\/index.php\\\/2026\\\/03\\\/11\\\/en-la-iglesia-hay-y-debe-haber-sitio-para-todos\\\/\",\"url\":\"https:\\\/\\\/aldiachaco.com.ar\\\/index.php\\\/2026\\\/03\\\/11\\\/en-la-iglesia-hay-y-debe-haber-sitio-para-todos\\\/\",\"name\":\"\\\"En la Iglesia hay y debe haber sitio para todos\\\" | Al Dia Chaco\",\"isPartOf\":{\"@id\":\"https:\\\/\\\/aldiachaco.com.ar\\\/#website\"},\"primaryImageOfPage\":{\"@id\":\"https:\\\/\\\/aldiachaco.com.ar\\\/index.php\\\/2026\\\/03\\\/11\\\/en-la-iglesia-hay-y-debe-haber-sitio-para-todos\\\/#primaryimage\"},\"image\":{\"@id\":\"https:\\\/\\\/aldiachaco.com.ar\\\/index.php\\\/2026\\\/03\\\/11\\\/en-la-iglesia-hay-y-debe-haber-sitio-para-todos\\\/#primaryimage\"},\"thumbnailUrl\":\"https:\\\/\\\/aldiachaco.com.ar\\\/wp-content\\\/uploads\\\/2026\\\/03\\\/1103VATICANO.webp\",\"datePublished\":\"2026-03-11T12:44:15+00:00\",\"breadcrumb\":{\"@id\":\"https:\\\/\\\/aldiachaco.com.ar\\\/index.php\\\/2026\\\/03\\\/11\\\/en-la-iglesia-hay-y-debe-haber-sitio-para-todos\\\/#breadcrumb\"},\"inLanguage\":\"es-AR\",\"potentialAction\":[{\"@type\":\"ReadAction\",\"target\":[\"https:\\\/\\\/aldiachaco.com.ar\\\/index.php\\\/2026\\\/03\\\/11\\\/en-la-iglesia-hay-y-debe-haber-sitio-para-todos\\\/\"]}]},{\"@type\":\"ImageObject\",\"inLanguage\":\"es-AR\",\"@id\":\"https:\\\/\\\/aldiachaco.com.ar\\\/index.php\\\/2026\\\/03\\\/11\\\/en-la-iglesia-hay-y-debe-haber-sitio-para-todos\\\/#primaryimage\",\"url\":\"https:\\\/\\\/aldiachaco.com.ar\\\/wp-content\\\/uploads\\\/2026\\\/03\\\/1103VATICANO.webp\",\"contentUrl\":\"https:\\\/\\\/aldiachaco.com.ar\\\/wp-content\\\/uploads\\\/2026\\\/03\\\/1103VATICANO.webp\",\"width\":672,\"height\":448},{\"@type\":\"BreadcrumbList\",\"@id\":\"https:\\\/\\\/aldiachaco.com.ar\\\/index.php\\\/2026\\\/03\\\/11\\\/en-la-iglesia-hay-y-debe-haber-sitio-para-todos\\\/#breadcrumb\",\"itemListElement\":[{\"@type\":\"ListItem\",\"position\":1,\"name\":\"Home\",\"item\":\"https:\\\/\\\/aldiachaco.com.ar\\\/\"},{\"@type\":\"ListItem\",\"position\":2,\"name\":\"&#8220;En la Iglesia hay y debe haber sitio para todos&#8221;\"}]},{\"@type\":\"WebSite\",\"@id\":\"https:\\\/\\\/aldiachaco.com.ar\\\/#website\",\"url\":\"https:\\\/\\\/aldiachaco.com.ar\\\/\",\"name\":\"Al Dia Chaco\",\"description\":\"Noticias del Chaco y el mundo\",\"publisher\":{\"@id\":\"https:\\\/\\\/aldiachaco.com.ar\\\/#organization\"},\"alternateName\":\"Al D\u00eda Chaco\",\"potentialAction\":[{\"@type\":\"SearchAction\",\"target\":{\"@type\":\"EntryPoint\",\"urlTemplate\":\"https:\\\/\\\/aldiachaco.com.ar\\\/?s={search_term_string}\"},\"query-input\":{\"@type\":\"PropertyValueSpecification\",\"valueRequired\":true,\"valueName\":\"search_term_string\"}}],\"inLanguage\":\"es-AR\"},{\"@type\":\"Organization\",\"@id\":\"https:\\\/\\\/aldiachaco.com.ar\\\/#organization\",\"name\":\"Al Dia Chaco\",\"url\":\"https:\\\/\\\/aldiachaco.com.ar\\\/\",\"logo\":{\"@type\":\"ImageObject\",\"inLanguage\":\"es-AR\",\"@id\":\"https:\\\/\\\/aldiachaco.com.ar\\\/#\\\/schema\\\/logo\\\/image\\\/\",\"url\":\"https:\\\/\\\/aldiachaco.com.ar\\\/wp-content\\\/uploads\\\/2017\\\/11\\\/AL-DIA-CHACO-L@2x.png\",\"contentUrl\":\"https:\\\/\\\/aldiachaco.com.ar\\\/wp-content\\\/uploads\\\/2017\\\/11\\\/AL-DIA-CHACO-L@2x.png\",\"width\":232,\"height\":60,\"caption\":\"Al Dia Chaco\"},\"image\":{\"@id\":\"https:\\\/\\\/aldiachaco.com.ar\\\/#\\\/schema\\\/logo\\\/image\\\/\"}},{\"@type\":\"Person\",\"@id\":\"https:\\\/\\\/aldiachaco.com.ar\\\/#\\\/schema\\\/person\\\/b24e975af8022082f5889a7a7299e962\",\"name\":\"RedaccionRM\",\"image\":{\"@type\":\"ImageObject\",\"inLanguage\":\"es-AR\",\"@id\":\"https:\\\/\\\/aldiachaco.com.ar\\\/wp-content\\\/litespeed\\\/avatar\\\/a30118fcb7a6295303f1c91164c6aba1.jpg?ver=1777339088\",\"url\":\"https:\\\/\\\/aldiachaco.com.ar\\\/wp-content\\\/litespeed\\\/avatar\\\/a30118fcb7a6295303f1c91164c6aba1.jpg?ver=1777339088\",\"contentUrl\":\"https:\\\/\\\/aldiachaco.com.ar\\\/wp-content\\\/litespeed\\\/avatar\\\/a30118fcb7a6295303f1c91164c6aba1.jpg?ver=1777339088\",\"caption\":\"RedaccionRM\"},\"url\":\"https:\\\/\\\/aldiachaco.com.ar\\\/index.php\\\/author\\\/redaccionrm\\\/\"}]}<\/script>\n<!-- \/ Yoast SEO plugin. -->","yoast_head_json":{"title":"\"En la Iglesia hay y debe haber sitio para todos\" | Al Dia Chaco","robots":{"index":"index","follow":"follow","max-snippet":"max-snippet:-1","max-image-preview":"max-image-preview:large","max-video-preview":"max-video-preview:-1"},"canonical":"https:\/\/aldiachaco.com.ar\/index.php\/2026\/03\/11\/en-la-iglesia-hay-y-debe-haber-sitio-para-todos\/","og_locale":"es_ES","og_type":"article","og_title":"\"En la Iglesia hay y debe haber sitio para todos\" | Al Dia Chaco","og_description":"Le\u00f3n XIV reflexion\u00f3 este mi\u00e9rcoles durante la Audiencia General sobre la naturaleza de la Iglesia y subray\u00f3 que &#8220;no puede nunca estar replegada en s\u00ed misma&#8221;, sino que debe estar &#8220;abierta a todos&#8221;. &#8220;En la Iglesia hay y debe haber sitio para todos, y que cada cristiano est\u00e1 llamado a anunciar el Evangelio y a &hellip;","og_url":"https:\/\/aldiachaco.com.ar\/index.php\/2026\/03\/11\/en-la-iglesia-hay-y-debe-haber-sitio-para-todos\/","og_site_name":"Al Dia Chaco","article_published_time":"2026-03-11T12:44:15+00:00","og_image":[{"width":672,"height":448,"url":"https:\/\/aldiachaco.com.ar\/wp-content\/uploads\/2026\/03\/1103VATICANO.webp","type":"image\/webp"}],"author":"RedaccionRM","twitter_card":"summary_large_image","twitter_misc":{"Escrito por":"RedaccionRM","Tiempo de lectura":"4 minutos"},"schema":{"@context":"https:\/\/schema.org","@graph":[{"@type":"Article","@id":"https:\/\/aldiachaco.com.ar\/index.php\/2026\/03\/11\/en-la-iglesia-hay-y-debe-haber-sitio-para-todos\/#article","isPartOf":{"@id":"https:\/\/aldiachaco.com.ar\/index.php\/2026\/03\/11\/en-la-iglesia-hay-y-debe-haber-sitio-para-todos\/"},"author":{"name":"RedaccionRM","@id":"https:\/\/aldiachaco.com.ar\/#\/schema\/person\/b24e975af8022082f5889a7a7299e962"},"headline":"&#8220;En la Iglesia hay y debe haber sitio para todos&#8221;","datePublished":"2026-03-11T12:44:15+00:00","mainEntityOfPage":{"@id":"https:\/\/aldiachaco.com.ar\/index.php\/2026\/03\/11\/en-la-iglesia-hay-y-debe-haber-sitio-para-todos\/"},"wordCount":784,"commentCount":0,"publisher":{"@id":"https:\/\/aldiachaco.com.ar\/#organization"},"image":{"@id":"https:\/\/aldiachaco.com.ar\/index.php\/2026\/03\/11\/en-la-iglesia-hay-y-debe-haber-sitio-para-todos\/#primaryimage"},"thumbnailUrl":"https:\/\/aldiachaco.com.ar\/wp-content\/uploads\/2026\/03\/1103VATICANO.webp","articleSection":["Internacionales"],"inLanguage":"es-AR","potentialAction":[{"@type":"CommentAction","name":"Comment","target":["https:\/\/aldiachaco.com.ar\/index.php\/2026\/03\/11\/en-la-iglesia-hay-y-debe-haber-sitio-para-todos\/#respond"]}]},{"@type":"WebPage","@id":"https:\/\/aldiachaco.com.ar\/index.php\/2026\/03\/11\/en-la-iglesia-hay-y-debe-haber-sitio-para-todos\/","url":"https:\/\/aldiachaco.com.ar\/index.php\/2026\/03\/11\/en-la-iglesia-hay-y-debe-haber-sitio-para-todos\/","name":"\"En la Iglesia hay y debe haber sitio para todos\" | Al Dia Chaco","isPartOf":{"@id":"https:\/\/aldiachaco.com.ar\/#website"},"primaryImageOfPage":{"@id":"https:\/\/aldiachaco.com.ar\/index.php\/2026\/03\/11\/en-la-iglesia-hay-y-debe-haber-sitio-para-todos\/#primaryimage"},"image":{"@id":"https:\/\/aldiachaco.com.ar\/index.php\/2026\/03\/11\/en-la-iglesia-hay-y-debe-haber-sitio-para-todos\/#primaryimage"},"thumbnailUrl":"https:\/\/aldiachaco.com.ar\/wp-content\/uploads\/2026\/03\/1103VATICANO.webp","datePublished":"2026-03-11T12:44:15+00:00","breadcrumb":{"@id":"https:\/\/aldiachaco.com.ar\/index.php\/2026\/03\/11\/en-la-iglesia-hay-y-debe-haber-sitio-para-todos\/#breadcrumb"},"inLanguage":"es-AR","potentialAction":[{"@type":"ReadAction","target":["https:\/\/aldiachaco.com.ar\/index.php\/2026\/03\/11\/en-la-iglesia-hay-y-debe-haber-sitio-para-todos\/"]}]},{"@type":"ImageObject","inLanguage":"es-AR","@id":"https:\/\/aldiachaco.com.ar\/index.php\/2026\/03\/11\/en-la-iglesia-hay-y-debe-haber-sitio-para-todos\/#primaryimage","url":"https:\/\/aldiachaco.com.ar\/wp-content\/uploads\/2026\/03\/1103VATICANO.webp","contentUrl":"https:\/\/aldiachaco.com.ar\/wp-content\/uploads\/2026\/03\/1103VATICANO.webp","width":672,"height":448},{"@type":"BreadcrumbList","@id":"https:\/\/aldiachaco.com.ar\/index.php\/2026\/03\/11\/en-la-iglesia-hay-y-debe-haber-sitio-para-todos\/#breadcrumb","itemListElement":[{"@type":"ListItem","position":1,"name":"Home","item":"https:\/\/aldiachaco.com.ar\/"},{"@type":"ListItem","position":2,"name":"&#8220;En la Iglesia hay y debe haber sitio para todos&#8221;"}]},{"@type":"WebSite","@id":"https:\/\/aldiachaco.com.ar\/#website","url":"https:\/\/aldiachaco.com.ar\/","name":"Al Dia Chaco","description":"Noticias del Chaco y el mundo","publisher":{"@id":"https:\/\/aldiachaco.com.ar\/#organization"},"alternateName":"Al D\u00eda Chaco","potentialAction":[{"@type":"SearchAction","target":{"@type":"EntryPoint","urlTemplate":"https:\/\/aldiachaco.com.ar\/?s={search_term_string}"},"query-input":{"@type":"PropertyValueSpecification","valueRequired":true,"valueName":"search_term_string"}}],"inLanguage":"es-AR"},{"@type":"Organization","@id":"https:\/\/aldiachaco.com.ar\/#organization","name":"Al Dia Chaco","url":"https:\/\/aldiachaco.com.ar\/","logo":{"@type":"ImageObject","inLanguage":"es-AR","@id":"https:\/\/aldiachaco.com.ar\/#\/schema\/logo\/image\/","url":"https:\/\/aldiachaco.com.ar\/wp-content\/uploads\/2017\/11\/AL-DIA-CHACO-L@2x.png","contentUrl":"https:\/\/aldiachaco.com.ar\/wp-content\/uploads\/2017\/11\/AL-DIA-CHACO-L@2x.png","width":232,"height":60,"caption":"Al Dia Chaco"},"image":{"@id":"https:\/\/aldiachaco.com.ar\/#\/schema\/logo\/image\/"}},{"@type":"Person","@id":"https:\/\/aldiachaco.com.ar\/#\/schema\/person\/b24e975af8022082f5889a7a7299e962","name":"RedaccionRM","image":{"@type":"ImageObject","inLanguage":"es-AR","@id":"https:\/\/aldiachaco.com.ar\/wp-content\/litespeed\/avatar\/a30118fcb7a6295303f1c91164c6aba1.jpg?ver=1777339088","url":"https:\/\/aldiachaco.com.ar\/wp-content\/litespeed\/avatar\/a30118fcb7a6295303f1c91164c6aba1.jpg?ver=1777339088","contentUrl":"https:\/\/aldiachaco.com.ar\/wp-content\/litespeed\/avatar\/a30118fcb7a6295303f1c91164c6aba1.jpg?ver=1777339088","caption":"RedaccionRM"},"url":"https:\/\/aldiachaco.com.ar\/index.php\/author\/redaccionrm\/"}]}},"jetpack_publicize_connections":[],"jetpack_featured_media_url":"https:\/\/aldiachaco.com.ar\/wp-content\/uploads\/2026\/03\/1103VATICANO.webp","jetpack_sharing_enabled":true,"amp_enabled":true,"_links":{"self":[{"href":"https:\/\/aldiachaco.com.ar\/index.php\/wp-json\/wp\/v2\/posts\/117577","targetHints":{"allow":["GET"]}}],"collection":[{"href":"https:\/\/aldiachaco.com.ar\/index.php\/wp-json\/wp\/v2\/posts"}],"about":[{"href":"https:\/\/aldiachaco.com.ar\/index.php\/wp-json\/wp\/v2\/types\/post"}],"author":[{"embeddable":true,"href":"https:\/\/aldiachaco.com.ar\/index.php\/wp-json\/wp\/v2\/users\/9"}],"replies":[{"embeddable":true,"href":"https:\/\/aldiachaco.com.ar\/index.php\/wp-json\/wp\/v2\/comments?post=117577"}],"version-history":[{"count":1,"href":"https:\/\/aldiachaco.com.ar\/index.php\/wp-json\/wp\/v2\/posts\/117577\/revisions"}],"predecessor-version":[{"id":117579,"href":"https:\/\/aldiachaco.com.ar\/index.php\/wp-json\/wp\/v2\/posts\/117577\/revisions\/117579"}],"wp:featuredmedia":[{"embeddable":true,"href":"https:\/\/aldiachaco.com.ar\/index.php\/wp-json\/wp\/v2\/media\/117578"}],"wp:attachment":[{"href":"https:\/\/aldiachaco.com.ar\/index.php\/wp-json\/wp\/v2\/media?parent=117577"}],"wp:term":[{"taxonomy":"category","embeddable":true,"href":"https:\/\/aldiachaco.com.ar\/index.php\/wp-json\/wp\/v2\/categories?post=117577"},{"taxonomy":"post_tag","embeddable":true,"href":"https:\/\/aldiachaco.com.ar\/index.php\/wp-json\/wp\/v2\/tags?post=117577"}],"curies":[{"name":"wp","href":"https:\/\/api.w.org\/{rel}","templated":true}]}}