{"id":117566,"date":"2026-03-11T09:01:09","date_gmt":"2026-03-11T12:01:09","guid":{"rendered":"https:\/\/aldiachaco.com.ar\/?p=117566"},"modified":"2026-03-11T09:01:09","modified_gmt":"2026-03-11T12:01:09","slug":"chile-da-un-giro-ideologico-de-180-grados","status":"publish","type":"post","link":"https:\/\/aldiachaco.com.ar\/index.php\/2026\/03\/11\/chile-da-un-giro-ideologico-de-180-grados\/","title":{"rendered":"Chile da un giro ideol\u00f3gico de 180 grados"},"content":{"rendered":"<p class=\"ds-markdown-paragraph\">\u00a0Asume la presidencia el ultraderechista Jos\u00e9 Antonio Kast<\/p>\n<p class=\"ds-markdown-paragraph\">Jos\u00e9 Antonio Kast se convertir\u00e1 este mi\u00e9rcoles en el primer presidente abiertamente pinochetista de Chile, a 36 a\u00f1os de la recuperaci\u00f3n de la democracia, en un giro de 180 grados despu\u00e9s de cuatro a\u00f1os de gobierno izquierdista de Gabriel Boric. Kast, de 60 a\u00f1os, asumir\u00e1 el poder en un contexto global complejo dominado por la guerra en Medio Oriente y en un pa\u00eds cuya mayor preocupaci\u00f3n pasa hoy por la inseguridad y la inmigraci\u00f3n.<\/p>\n<p class=\"ds-markdown-paragraph\">Chile se ha caracterizado por pac\u00edficas alternancias de poder entre la izquierda moderada y la derecha tradicional no pinochetista en las \u00faltimas tres d\u00e9cadas. Este ser\u00e1 el primer gobierno de un presidente que, a lo largo de su extensa carrera pol\u00edtica, reivindic\u00f3 en varias ocasiones la dictadura de Augusto Pinochet (1973-1990) y que prometi\u00f3 en campa\u00f1a &#8220;mano dura&#8221; contra la violencia y la migraci\u00f3n irregular.<\/p>\n<p class=\"ds-markdown-paragraph\">Javier Milei ser\u00e1 uno de los presidentes de la regi\u00f3n que asistir\u00e1n a la jura de Kast, que se realizar\u00e1 en la sede del Congreso Nacional, en la ciudad de Valpara\u00edso, a 121 kil\u00f3metros al norte de Santiago. Entre ambos hay una gran sinton\u00eda ideol\u00f3gica y personal.<\/p>\n<p class=\"ds-markdown-paragraph\">Adem\u00e1s, se espera la presencia de sus pares de Ecuador, Daniel Noboa; de Costa Rica, Rodrigo Chaves; de Honduras, Nasry Asfura; de Paraguay, Santiago Pe\u00f1a, y de Bolivia, Rodrigo Paz, todos ubicados en el arco ideol\u00f3gico de la centroderecha. Tambi\u00e9n estar\u00e1 la l\u00edder opositora venezolana, Mar\u00eda Corina Machado.<\/p>\n<p class=\"ds-markdown-paragraph\">Sin embargo, no asistir\u00e1n tres presidentes identificados con el progresismo en la regi\u00f3n: el brasile\u00f1o Luiz Lula da Silva, la mexicana Claudia Sheinbaum y el colombiano Gustavo Petro. En cambio estar\u00e1 el uruguayo Yamand\u00fa Orsi.<\/p>\n<p class=\"ds-markdown-paragraph\">Kast gobernar\u00e1 hasta el a\u00f1o 2030 despu\u00e9s de imponerse en el balotaje del pasado 14 de diciembre con m\u00e1s del 58% de los votos a la candidata oficialista Jeannette Jara, afiliada al Partido Comunista.<\/p>\n<p class=\"ds-markdown-paragraph\">&#8220;Los empresarios empezar\u00e1n a invertir porque conf\u00edan en el gobierno. Pero dada la situaci\u00f3n econ\u00f3mica mundial debido a las guerras, las inversiones, la bolsa y las monedas que est\u00e1n vol\u00e1tiles, el efecto positivo en la econom\u00eda tendr\u00e1 que esperar a que se calme la situaci\u00f3n mundial&#8221;, dijo Lagos.<\/p>\n<p class=\"ds-markdown-paragraph\">En campa\u00f1a, Kast prometi\u00f3 recortar 6.000 millones de d\u00f3lares de gasto en los pr\u00f3ximos 18 meses. La inflaci\u00f3n en Chile cerr\u00f3 en 2025 con 3,5% anual, el nivel m\u00e1s bajo en cinco a\u00f1os, seg\u00fan el Instituto Nacional de Estad\u00edsticas. El desempleo se ubica en 8%.<\/p>\n<p class=\"ds-markdown-paragraph\">La inseguridad es el gran problema que enfrentan los chilenos. Esta preocupaci\u00f3n est\u00e1 presente en todas las encuestas. El pa\u00eds pas\u00f3 de ser el m\u00e1s seguro del Cono Sur a presentar un creciente \u00edndice de violencia vinculada al narcotr\u00e1fico.<\/p>\n<p class=\"ds-markdown-paragraph\">Si bien Boric logr\u00f3 bajar un 11,5% los asesinatos el a\u00f1o pasado, la tasa de homicidios se ubic\u00f3 en 5,4 por cada 100.000 habitantes frente al 6,1 de 2024. En Argentina, ese \u00edndice se situ\u00f3 en 3,7, el m\u00e1s bajo de Sudam\u00e9rica.<\/p>\n<p class=\"ds-markdown-paragraph\">Un sondeo reciente del Centro de Estudios Fundaci\u00f3n Paz Ciudadana revel\u00f3 que el 23,8% de los chilenos consultados consideraba &#8220;bastante o muy probable&#8221; ser v\u00edctima de asesinato en los pr\u00f3ximos 12 meses.<\/p>\n<p class=\"ds-markdown-paragraph\">&#8220;La gente esperar\u00e1 que el gobierno mande militares a las calles a eliminar la violencia, los homicidios y los asaltos. Pero no creo que Chile pueda lograr m\u00e1s que lo que han logrado otros pa\u00edses con los militares, a menos que sigan a Bukele&#8221;, dijo Lagos.<\/p>\n<p class=\"ds-markdown-paragraph\">Los expertos achacan las causas de la violencia a la entrada de bandas internacionales del narcotr\u00e1fico, como la venezolana Tren de Aragua, lo que deriv\u00f3 en una ola de xenofobia contra la emigraci\u00f3n de ese origen estimada en alrededor de 700.000 personas. Kast prometi\u00f3 en campa\u00f1a expulsar a todos los inmigrantes sin papeles. Se estima que 300.000 migrantes, sobre un total de 1,6 millones, carecen de documentos. La mayor\u00eda de ellos son venezolanos.<\/p>\n","protected":false},"excerpt":{"rendered":"<p>\u00a0Asume la presidencia el ultraderechista Jos\u00e9 Antonio Kast Jos\u00e9 Antonio Kast se convertir\u00e1 este mi\u00e9rcoles en el primer presidente abiertamente pinochetista de Chile, a 36 a\u00f1os de la recuperaci\u00f3n de la democracia, en un giro de 180 grados despu\u00e9s de cuatro a\u00f1os de gobierno izquierdista de Gabriel Boric. Kast, de 60 a\u00f1os, asumir\u00e1 el poder &hellip;<\/p>\n","protected":false},"author":9,"featured_media":117574,"comment_status":"open","ping_status":"open","sticky":false,"template":"","format":"standard","meta":{"content-type":"","_monsterinsights_skip_tracking":false,"_monsterinsights_sitenote_active":false,"_monsterinsights_sitenote_note":"","_monsterinsights_sitenote_category":0,"_jetpack_memberships_contains_paid_content":false,"footnotes":"","jetpack_publicize_message":"","jetpack_publicize_feature_enabled":true,"jetpack_social_post_already_shared":true,"jetpack_social_options":{"image_generator_settings":{"template":"highway","default_image_id":0,"font":"","enabled":false},"version":2}},"categories":[73],"tags":[],"class_list":["post-117566","post","type-post","status-publish","format-standard","has-post-thumbnail","hentry","category-internacionales"],"yoast_head":"<!-- This site is optimized with the Yoast SEO plugin v27.4 - https:\/\/yoast.com\/product\/yoast-seo-wordpress\/ -->\n<title>Chile da un giro ideol\u00f3gico de 180 grados | Al Dia Chaco<\/title>\n<meta name=\"robots\" content=\"index, follow, max-snippet:-1, max-image-preview:large, max-video-preview:-1\" \/>\n<link rel=\"canonical\" href=\"https:\/\/aldiachaco.com.ar\/index.php\/2026\/03\/11\/chile-da-un-giro-ideologico-de-180-grados\/\" \/>\n<meta property=\"og:locale\" content=\"es_ES\" \/>\n<meta property=\"og:type\" content=\"article\" \/>\n<meta property=\"og:title\" content=\"Chile da un giro ideol\u00f3gico de 180 grados | Al Dia Chaco\" \/>\n<meta property=\"og:description\" content=\"\u00a0Asume la presidencia el ultraderechista Jos\u00e9 Antonio Kast Jos\u00e9 Antonio Kast se convertir\u00e1 este mi\u00e9rcoles en el primer presidente abiertamente pinochetista de Chile, a 36 a\u00f1os de la recuperaci\u00f3n de la democracia, en un giro de 180 grados despu\u00e9s de cuatro a\u00f1os de gobierno izquierdista de Gabriel Boric. Kast, de 60 a\u00f1os, asumir\u00e1 el poder &hellip;\" \/>\n<meta property=\"og:url\" content=\"https:\/\/aldiachaco.com.ar\/index.php\/2026\/03\/11\/chile-da-un-giro-ideologico-de-180-grados\/\" \/>\n<meta property=\"og:site_name\" content=\"Al Dia Chaco\" \/>\n<meta property=\"article:published_time\" content=\"2026-03-11T12:01:09+00:00\" \/>\n<meta property=\"og:image\" content=\"https:\/\/aldiachaco.com.ar\/wp-content\/uploads\/2026\/03\/Captura-de-pantalla-2026-03-11-085318.png\" \/>\n\t<meta property=\"og:image:width\" content=\"1074\" \/>\n\t<meta property=\"og:image:height\" content=\"604\" \/>\n\t<meta property=\"og:image:type\" content=\"image\/png\" \/>\n<meta name=\"author\" content=\"RedaccionRM\" \/>\n<meta name=\"twitter:card\" content=\"summary_large_image\" \/>\n<meta name=\"twitter:label1\" content=\"Escrito por\" \/>\n\t<meta name=\"twitter:data1\" content=\"RedaccionRM\" \/>\n\t<meta name=\"twitter:label2\" content=\"Tiempo de lectura\" \/>\n\t<meta name=\"twitter:data2\" content=\"4 minutos\" \/>\n<script type=\"application\/ld+json\" class=\"yoast-schema-graph\">{\"@context\":\"https:\\\/\\\/schema.org\",\"@graph\":[{\"@type\":\"Article\",\"@id\":\"https:\\\/\\\/aldiachaco.com.ar\\\/index.php\\\/2026\\\/03\\\/11\\\/chile-da-un-giro-ideologico-de-180-grados\\\/#article\",\"isPartOf\":{\"@id\":\"https:\\\/\\\/aldiachaco.com.ar\\\/index.php\\\/2026\\\/03\\\/11\\\/chile-da-un-giro-ideologico-de-180-grados\\\/\"},\"author\":{\"name\":\"RedaccionRM\",\"@id\":\"https:\\\/\\\/aldiachaco.com.ar\\\/#\\\/schema\\\/person\\\/b24e975af8022082f5889a7a7299e962\"},\"headline\":\"Chile da un giro ideol\u00f3gico de 180 grados\",\"datePublished\":\"2026-03-11T12:01:09+00:00\",\"mainEntityOfPage\":{\"@id\":\"https:\\\/\\\/aldiachaco.com.ar\\\/index.php\\\/2026\\\/03\\\/11\\\/chile-da-un-giro-ideologico-de-180-grados\\\/\"},\"wordCount\":685,\"commentCount\":0,\"publisher\":{\"@id\":\"https:\\\/\\\/aldiachaco.com.ar\\\/#organization\"},\"image\":{\"@id\":\"https:\\\/\\\/aldiachaco.com.ar\\\/index.php\\\/2026\\\/03\\\/11\\\/chile-da-un-giro-ideologico-de-180-grados\\\/#primaryimage\"},\"thumbnailUrl\":\"https:\\\/\\\/aldiachaco.com.ar\\\/wp-content\\\/uploads\\\/2026\\\/03\\\/Captura-de-pantalla-2026-03-11-085318.png\",\"articleSection\":[\"Internacionales\"],\"inLanguage\":\"es-AR\",\"potentialAction\":[{\"@type\":\"CommentAction\",\"name\":\"Comment\",\"target\":[\"https:\\\/\\\/aldiachaco.com.ar\\\/index.php\\\/2026\\\/03\\\/11\\\/chile-da-un-giro-ideologico-de-180-grados\\\/#respond\"]}]},{\"@type\":\"WebPage\",\"@id\":\"https:\\\/\\\/aldiachaco.com.ar\\\/index.php\\\/2026\\\/03\\\/11\\\/chile-da-un-giro-ideologico-de-180-grados\\\/\",\"url\":\"https:\\\/\\\/aldiachaco.com.ar\\\/index.php\\\/2026\\\/03\\\/11\\\/chile-da-un-giro-ideologico-de-180-grados\\\/\",\"name\":\"Chile da un giro ideol\u00f3gico de 180 grados | Al Dia Chaco\",\"isPartOf\":{\"@id\":\"https:\\\/\\\/aldiachaco.com.ar\\\/#website\"},\"primaryImageOfPage\":{\"@id\":\"https:\\\/\\\/aldiachaco.com.ar\\\/index.php\\\/2026\\\/03\\\/11\\\/chile-da-un-giro-ideologico-de-180-grados\\\/#primaryimage\"},\"image\":{\"@id\":\"https:\\\/\\\/aldiachaco.com.ar\\\/index.php\\\/2026\\\/03\\\/11\\\/chile-da-un-giro-ideologico-de-180-grados\\\/#primaryimage\"},\"thumbnailUrl\":\"https:\\\/\\\/aldiachaco.com.ar\\\/wp-content\\\/uploads\\\/2026\\\/03\\\/Captura-de-pantalla-2026-03-11-085318.png\",\"datePublished\":\"2026-03-11T12:01:09+00:00\",\"breadcrumb\":{\"@id\":\"https:\\\/\\\/aldiachaco.com.ar\\\/index.php\\\/2026\\\/03\\\/11\\\/chile-da-un-giro-ideologico-de-180-grados\\\/#breadcrumb\"},\"inLanguage\":\"es-AR\",\"potentialAction\":[{\"@type\":\"ReadAction\",\"target\":[\"https:\\\/\\\/aldiachaco.com.ar\\\/index.php\\\/2026\\\/03\\\/11\\\/chile-da-un-giro-ideologico-de-180-grados\\\/\"]}]},{\"@type\":\"ImageObject\",\"inLanguage\":\"es-AR\",\"@id\":\"https:\\\/\\\/aldiachaco.com.ar\\\/index.php\\\/2026\\\/03\\\/11\\\/chile-da-un-giro-ideologico-de-180-grados\\\/#primaryimage\",\"url\":\"https:\\\/\\\/aldiachaco.com.ar\\\/wp-content\\\/uploads\\\/2026\\\/03\\\/Captura-de-pantalla-2026-03-11-085318.png\",\"contentUrl\":\"https:\\\/\\\/aldiachaco.com.ar\\\/wp-content\\\/uploads\\\/2026\\\/03\\\/Captura-de-pantalla-2026-03-11-085318.png\",\"width\":1074,\"height\":604},{\"@type\":\"BreadcrumbList\",\"@id\":\"https:\\\/\\\/aldiachaco.com.ar\\\/index.php\\\/2026\\\/03\\\/11\\\/chile-da-un-giro-ideologico-de-180-grados\\\/#breadcrumb\",\"itemListElement\":[{\"@type\":\"ListItem\",\"position\":1,\"name\":\"Home\",\"item\":\"https:\\\/\\\/aldiachaco.com.ar\\\/\"},{\"@type\":\"ListItem\",\"position\":2,\"name\":\"Chile da un giro ideol\u00f3gico de 180 grados\"}]},{\"@type\":\"WebSite\",\"@id\":\"https:\\\/\\\/aldiachaco.com.ar\\\/#website\",\"url\":\"https:\\\/\\\/aldiachaco.com.ar\\\/\",\"name\":\"Al Dia Chaco\",\"description\":\"Noticias del Chaco y el mundo\",\"publisher\":{\"@id\":\"https:\\\/\\\/aldiachaco.com.ar\\\/#organization\"},\"alternateName\":\"Al D\u00eda Chaco\",\"potentialAction\":[{\"@type\":\"SearchAction\",\"target\":{\"@type\":\"EntryPoint\",\"urlTemplate\":\"https:\\\/\\\/aldiachaco.com.ar\\\/?s={search_term_string}\"},\"query-input\":{\"@type\":\"PropertyValueSpecification\",\"valueRequired\":true,\"valueName\":\"search_term_string\"}}],\"inLanguage\":\"es-AR\"},{\"@type\":\"Organization\",\"@id\":\"https:\\\/\\\/aldiachaco.com.ar\\\/#organization\",\"name\":\"Al Dia Chaco\",\"url\":\"https:\\\/\\\/aldiachaco.com.ar\\\/\",\"logo\":{\"@type\":\"ImageObject\",\"inLanguage\":\"es-AR\",\"@id\":\"https:\\\/\\\/aldiachaco.com.ar\\\/#\\\/schema\\\/logo\\\/image\\\/\",\"url\":\"https:\\\/\\\/aldiachaco.com.ar\\\/wp-content\\\/uploads\\\/2017\\\/11\\\/AL-DIA-CHACO-L@2x.png\",\"contentUrl\":\"https:\\\/\\\/aldiachaco.com.ar\\\/wp-content\\\/uploads\\\/2017\\\/11\\\/AL-DIA-CHACO-L@2x.png\",\"width\":232,\"height\":60,\"caption\":\"Al Dia Chaco\"},\"image\":{\"@id\":\"https:\\\/\\\/aldiachaco.com.ar\\\/#\\\/schema\\\/logo\\\/image\\\/\"}},{\"@type\":\"Person\",\"@id\":\"https:\\\/\\\/aldiachaco.com.ar\\\/#\\\/schema\\\/person\\\/b24e975af8022082f5889a7a7299e962\",\"name\":\"RedaccionRM\",\"image\":{\"@type\":\"ImageObject\",\"inLanguage\":\"es-AR\",\"@id\":\"https:\\\/\\\/aldiachaco.com.ar\\\/wp-content\\\/litespeed\\\/avatar\\\/a30118fcb7a6295303f1c91164c6aba1.jpg?ver=1777339088\",\"url\":\"https:\\\/\\\/aldiachaco.com.ar\\\/wp-content\\\/litespeed\\\/avatar\\\/a30118fcb7a6295303f1c91164c6aba1.jpg?ver=1777339088\",\"contentUrl\":\"https:\\\/\\\/aldiachaco.com.ar\\\/wp-content\\\/litespeed\\\/avatar\\\/a30118fcb7a6295303f1c91164c6aba1.jpg?ver=1777339088\",\"caption\":\"RedaccionRM\"},\"url\":\"https:\\\/\\\/aldiachaco.com.ar\\\/index.php\\\/author\\\/redaccionrm\\\/\"}]}<\/script>\n<!-- \/ Yoast SEO plugin. -->","yoast_head_json":{"title":"Chile da un giro ideol\u00f3gico de 180 grados | Al Dia Chaco","robots":{"index":"index","follow":"follow","max-snippet":"max-snippet:-1","max-image-preview":"max-image-preview:large","max-video-preview":"max-video-preview:-1"},"canonical":"https:\/\/aldiachaco.com.ar\/index.php\/2026\/03\/11\/chile-da-un-giro-ideologico-de-180-grados\/","og_locale":"es_ES","og_type":"article","og_title":"Chile da un giro ideol\u00f3gico de 180 grados | Al Dia Chaco","og_description":"\u00a0Asume la presidencia el ultraderechista Jos\u00e9 Antonio Kast Jos\u00e9 Antonio Kast se convertir\u00e1 este mi\u00e9rcoles en el primer presidente abiertamente pinochetista de Chile, a 36 a\u00f1os de la recuperaci\u00f3n de la democracia, en un giro de 180 grados despu\u00e9s de cuatro a\u00f1os de gobierno izquierdista de Gabriel Boric. Kast, de 60 a\u00f1os, asumir\u00e1 el poder &hellip;","og_url":"https:\/\/aldiachaco.com.ar\/index.php\/2026\/03\/11\/chile-da-un-giro-ideologico-de-180-grados\/","og_site_name":"Al Dia Chaco","article_published_time":"2026-03-11T12:01:09+00:00","og_image":[{"width":1074,"height":604,"url":"https:\/\/aldiachaco.com.ar\/wp-content\/uploads\/2026\/03\/Captura-de-pantalla-2026-03-11-085318.png","type":"image\/png"}],"author":"RedaccionRM","twitter_card":"summary_large_image","twitter_misc":{"Escrito por":"RedaccionRM","Tiempo de lectura":"4 minutos"},"schema":{"@context":"https:\/\/schema.org","@graph":[{"@type":"Article","@id":"https:\/\/aldiachaco.com.ar\/index.php\/2026\/03\/11\/chile-da-un-giro-ideologico-de-180-grados\/#article","isPartOf":{"@id":"https:\/\/aldiachaco.com.ar\/index.php\/2026\/03\/11\/chile-da-un-giro-ideologico-de-180-grados\/"},"author":{"name":"RedaccionRM","@id":"https:\/\/aldiachaco.com.ar\/#\/schema\/person\/b24e975af8022082f5889a7a7299e962"},"headline":"Chile da un giro ideol\u00f3gico de 180 grados","datePublished":"2026-03-11T12:01:09+00:00","mainEntityOfPage":{"@id":"https:\/\/aldiachaco.com.ar\/index.php\/2026\/03\/11\/chile-da-un-giro-ideologico-de-180-grados\/"},"wordCount":685,"commentCount":0,"publisher":{"@id":"https:\/\/aldiachaco.com.ar\/#organization"},"image":{"@id":"https:\/\/aldiachaco.com.ar\/index.php\/2026\/03\/11\/chile-da-un-giro-ideologico-de-180-grados\/#primaryimage"},"thumbnailUrl":"https:\/\/aldiachaco.com.ar\/wp-content\/uploads\/2026\/03\/Captura-de-pantalla-2026-03-11-085318.png","articleSection":["Internacionales"],"inLanguage":"es-AR","potentialAction":[{"@type":"CommentAction","name":"Comment","target":["https:\/\/aldiachaco.com.ar\/index.php\/2026\/03\/11\/chile-da-un-giro-ideologico-de-180-grados\/#respond"]}]},{"@type":"WebPage","@id":"https:\/\/aldiachaco.com.ar\/index.php\/2026\/03\/11\/chile-da-un-giro-ideologico-de-180-grados\/","url":"https:\/\/aldiachaco.com.ar\/index.php\/2026\/03\/11\/chile-da-un-giro-ideologico-de-180-grados\/","name":"Chile da un giro ideol\u00f3gico de 180 grados | Al Dia Chaco","isPartOf":{"@id":"https:\/\/aldiachaco.com.ar\/#website"},"primaryImageOfPage":{"@id":"https:\/\/aldiachaco.com.ar\/index.php\/2026\/03\/11\/chile-da-un-giro-ideologico-de-180-grados\/#primaryimage"},"image":{"@id":"https:\/\/aldiachaco.com.ar\/index.php\/2026\/03\/11\/chile-da-un-giro-ideologico-de-180-grados\/#primaryimage"},"thumbnailUrl":"https:\/\/aldiachaco.com.ar\/wp-content\/uploads\/2026\/03\/Captura-de-pantalla-2026-03-11-085318.png","datePublished":"2026-03-11T12:01:09+00:00","breadcrumb":{"@id":"https:\/\/aldiachaco.com.ar\/index.php\/2026\/03\/11\/chile-da-un-giro-ideologico-de-180-grados\/#breadcrumb"},"inLanguage":"es-AR","potentialAction":[{"@type":"ReadAction","target":["https:\/\/aldiachaco.com.ar\/index.php\/2026\/03\/11\/chile-da-un-giro-ideologico-de-180-grados\/"]}]},{"@type":"ImageObject","inLanguage":"es-AR","@id":"https:\/\/aldiachaco.com.ar\/index.php\/2026\/03\/11\/chile-da-un-giro-ideologico-de-180-grados\/#primaryimage","url":"https:\/\/aldiachaco.com.ar\/wp-content\/uploads\/2026\/03\/Captura-de-pantalla-2026-03-11-085318.png","contentUrl":"https:\/\/aldiachaco.com.ar\/wp-content\/uploads\/2026\/03\/Captura-de-pantalla-2026-03-11-085318.png","width":1074,"height":604},{"@type":"BreadcrumbList","@id":"https:\/\/aldiachaco.com.ar\/index.php\/2026\/03\/11\/chile-da-un-giro-ideologico-de-180-grados\/#breadcrumb","itemListElement":[{"@type":"ListItem","position":1,"name":"Home","item":"https:\/\/aldiachaco.com.ar\/"},{"@type":"ListItem","position":2,"name":"Chile da un giro ideol\u00f3gico de 180 grados"}]},{"@type":"WebSite","@id":"https:\/\/aldiachaco.com.ar\/#website","url":"https:\/\/aldiachaco.com.ar\/","name":"Al Dia Chaco","description":"Noticias del Chaco y el mundo","publisher":{"@id":"https:\/\/aldiachaco.com.ar\/#organization"},"alternateName":"Al D\u00eda Chaco","potentialAction":[{"@type":"SearchAction","target":{"@type":"EntryPoint","urlTemplate":"https:\/\/aldiachaco.com.ar\/?s={search_term_string}"},"query-input":{"@type":"PropertyValueSpecification","valueRequired":true,"valueName":"search_term_string"}}],"inLanguage":"es-AR"},{"@type":"Organization","@id":"https:\/\/aldiachaco.com.ar\/#organization","name":"Al Dia Chaco","url":"https:\/\/aldiachaco.com.ar\/","logo":{"@type":"ImageObject","inLanguage":"es-AR","@id":"https:\/\/aldiachaco.com.ar\/#\/schema\/logo\/image\/","url":"https:\/\/aldiachaco.com.ar\/wp-content\/uploads\/2017\/11\/AL-DIA-CHACO-L@2x.png","contentUrl":"https:\/\/aldiachaco.com.ar\/wp-content\/uploads\/2017\/11\/AL-DIA-CHACO-L@2x.png","width":232,"height":60,"caption":"Al Dia Chaco"},"image":{"@id":"https:\/\/aldiachaco.com.ar\/#\/schema\/logo\/image\/"}},{"@type":"Person","@id":"https:\/\/aldiachaco.com.ar\/#\/schema\/person\/b24e975af8022082f5889a7a7299e962","name":"RedaccionRM","image":{"@type":"ImageObject","inLanguage":"es-AR","@id":"https:\/\/aldiachaco.com.ar\/wp-content\/litespeed\/avatar\/a30118fcb7a6295303f1c91164c6aba1.jpg?ver=1777339088","url":"https:\/\/aldiachaco.com.ar\/wp-content\/litespeed\/avatar\/a30118fcb7a6295303f1c91164c6aba1.jpg?ver=1777339088","contentUrl":"https:\/\/aldiachaco.com.ar\/wp-content\/litespeed\/avatar\/a30118fcb7a6295303f1c91164c6aba1.jpg?ver=1777339088","caption":"RedaccionRM"},"url":"https:\/\/aldiachaco.com.ar\/index.php\/author\/redaccionrm\/"}]}},"jetpack_publicize_connections":[],"jetpack_featured_media_url":"https:\/\/aldiachaco.com.ar\/wp-content\/uploads\/2026\/03\/Captura-de-pantalla-2026-03-11-085318.png","jetpack_sharing_enabled":true,"amp_enabled":true,"_links":{"self":[{"href":"https:\/\/aldiachaco.com.ar\/index.php\/wp-json\/wp\/v2\/posts\/117566","targetHints":{"allow":["GET"]}}],"collection":[{"href":"https:\/\/aldiachaco.com.ar\/index.php\/wp-json\/wp\/v2\/posts"}],"about":[{"href":"https:\/\/aldiachaco.com.ar\/index.php\/wp-json\/wp\/v2\/types\/post"}],"author":[{"embeddable":true,"href":"https:\/\/aldiachaco.com.ar\/index.php\/wp-json\/wp\/v2\/users\/9"}],"replies":[{"embeddable":true,"href":"https:\/\/aldiachaco.com.ar\/index.php\/wp-json\/wp\/v2\/comments?post=117566"}],"version-history":[{"count":1,"href":"https:\/\/aldiachaco.com.ar\/index.php\/wp-json\/wp\/v2\/posts\/117566\/revisions"}],"predecessor-version":[{"id":117575,"href":"https:\/\/aldiachaco.com.ar\/index.php\/wp-json\/wp\/v2\/posts\/117566\/revisions\/117575"}],"wp:featuredmedia":[{"embeddable":true,"href":"https:\/\/aldiachaco.com.ar\/index.php\/wp-json\/wp\/v2\/media\/117574"}],"wp:attachment":[{"href":"https:\/\/aldiachaco.com.ar\/index.php\/wp-json\/wp\/v2\/media?parent=117566"}],"wp:term":[{"taxonomy":"category","embeddable":true,"href":"https:\/\/aldiachaco.com.ar\/index.php\/wp-json\/wp\/v2\/categories?post=117566"},{"taxonomy":"post_tag","embeddable":true,"href":"https:\/\/aldiachaco.com.ar\/index.php\/wp-json\/wp\/v2\/tags?post=117566"}],"curies":[{"name":"wp","href":"https:\/\/api.w.org\/{rel}","templated":true}]}}