{"id":117544,"date":"2026-03-09T10:23:41","date_gmt":"2026-03-09T13:23:41","guid":{"rendered":"https:\/\/aldiachaco.com.ar\/?p=117544"},"modified":"2026-03-09T10:23:41","modified_gmt":"2026-03-09T13:23:41","slug":"inter-miami-revelo-cuanto-le-paga-por-ano-a-lionel-messi","status":"publish","type":"post","link":"https:\/\/aldiachaco.com.ar\/index.php\/2026\/03\/09\/inter-miami-revelo-cuanto-le-paga-por-ano-a-lionel-messi\/","title":{"rendered":"Inter Miami revel\u00f3 cu\u00e1nto le paga por a\u00f1o a Lionel Messi"},"content":{"rendered":"<p class=\"ds-markdown-paragraph\">Lionel Messi fue noticia en las \u00faltimas horas no solo por su visita a la Casa Blanca junto al plantel de Inter Miami, sino tambi\u00e9n por la revelaci\u00f3n que hizo Jorge M\u00e1s, due\u00f1o de la franquicia de Florida, sobre el contrato del capit\u00e1n argentino.<\/p>\n<p class=\"ds-markdown-paragraph\">Donald Trump recibi\u00f3 al equipo campe\u00f3n de la MLS pasada en la residencia presidencial y el mandatario ingres\u00f3 al sal\u00f3n junto al astro argentino y al empresario cubanoamericano. En ese marco,<\/p>\n<p class=\"ds-markdown-paragraph\">solt\u00f3 el dato que muchos esperaban.<\/p>\n<p class=\"ds-markdown-paragraph\">&#8220;Le pago a Messi entre 70 y 80 millones de d\u00f3lares anuales&#8221;, revel\u00f3 el propietario de Inter Miami, dejando en claro que la cifra incluye salario, premios y primas por objetivos cumplidos.<\/p>\n<p class=\"ds-markdown-paragraph\">&#8220;Esa es la raz\u00f3n por la que necesitamos patrocinadores de clase mundial. Leo vale cada centavo&#8221;, asegur\u00f3 M\u00e1s, justificando la millonaria inversi\u00f3n que signific\u00f3 traer al ocho veces ganador del Bal\u00f3n de Oro a la liga estadounidense.<\/p>\n<p class=\"ds-markdown-paragraph\">El equipo dirigido por Javier Mascherano comenz\u00f3 el a\u00f1o con dos victorias como visitante en la MLS y, en este a\u00f1o de Mundial, tambi\u00e9n aspira a quedarse con la Concachampions, torneo que le dar\u00eda al Inter Miami un lugar en el pr\u00f3ximo Mundial de Clubes.<\/p>\n","protected":false},"excerpt":{"rendered":"<p>Lionel Messi fue noticia en las \u00faltimas horas no solo por su visita a la Casa Blanca junto al plantel de Inter Miami, sino tambi\u00e9n por la revelaci\u00f3n que hizo Jorge M\u00e1s, due\u00f1o de la franquicia de Florida, sobre el contrato del capit\u00e1n argentino. Donald Trump recibi\u00f3 al equipo campe\u00f3n de la MLS pasada en &hellip;<\/p>\n","protected":false},"author":9,"featured_media":117545,"comment_status":"open","ping_status":"open","sticky":false,"template":"","format":"standard","meta":{"content-type":"","_monsterinsights_skip_tracking":false,"_monsterinsights_sitenote_active":false,"_monsterinsights_sitenote_note":"","_monsterinsights_sitenote_category":0,"_jetpack_memberships_contains_paid_content":false,"footnotes":"","jetpack_publicize_message":"","jetpack_publicize_feature_enabled":true,"jetpack_social_post_already_shared":true,"jetpack_social_options":{"image_generator_settings":{"template":"highway","default_image_id":0,"font":"","enabled":false},"version":2}},"categories":[72],"tags":[],"class_list":["post-117544","post","type-post","status-publish","format-standard","has-post-thumbnail","hentry","category-deportes"],"yoast_head":"<!-- This site is optimized with the Yoast SEO plugin v27.4 - https:\/\/yoast.com\/product\/yoast-seo-wordpress\/ -->\n<title>Inter Miami revel\u00f3 cu\u00e1nto le paga por a\u00f1o a Lionel Messi | Al Dia Chaco<\/title>\n<meta name=\"robots\" content=\"index, follow, max-snippet:-1, max-image-preview:large, max-video-preview:-1\" \/>\n<link rel=\"canonical\" href=\"https:\/\/aldiachaco.com.ar\/index.php\/2026\/03\/09\/inter-miami-revelo-cuanto-le-paga-por-ano-a-lionel-messi\/\" \/>\n<meta property=\"og:locale\" content=\"es_ES\" \/>\n<meta property=\"og:type\" content=\"article\" \/>\n<meta property=\"og:title\" content=\"Inter Miami revel\u00f3 cu\u00e1nto le paga por a\u00f1o a Lionel Messi | Al Dia Chaco\" \/>\n<meta property=\"og:description\" content=\"Lionel Messi fue noticia en las \u00faltimas horas no solo por su visita a la Casa Blanca junto al plantel de Inter Miami, sino tambi\u00e9n por la revelaci\u00f3n que hizo Jorge M\u00e1s, due\u00f1o de la franquicia de Florida, sobre el contrato del capit\u00e1n argentino. Donald Trump recibi\u00f3 al equipo campe\u00f3n de la MLS pasada en &hellip;\" \/>\n<meta property=\"og:url\" content=\"https:\/\/aldiachaco.com.ar\/index.php\/2026\/03\/09\/inter-miami-revelo-cuanto-le-paga-por-ano-a-lionel-messi\/\" \/>\n<meta property=\"og:site_name\" content=\"Al Dia Chaco\" \/>\n<meta property=\"article:published_time\" content=\"2026-03-09T13:23:41+00:00\" \/>\n<meta property=\"og:image\" content=\"https:\/\/aldiachaco.com.ar\/wp-content\/uploads\/2026\/03\/0903messi.jpg\" \/>\n\t<meta property=\"og:image:width\" content=\"1350\" \/>\n\t<meta property=\"og:image:height\" content=\"900\" \/>\n\t<meta property=\"og:image:type\" content=\"image\/jpeg\" \/>\n<meta name=\"author\" content=\"RedaccionRM\" \/>\n<meta name=\"twitter:card\" content=\"summary_large_image\" \/>\n<meta name=\"twitter:label1\" content=\"Escrito por\" \/>\n\t<meta name=\"twitter:data1\" content=\"RedaccionRM\" \/>\n\t<meta name=\"twitter:label2\" content=\"Tiempo de lectura\" \/>\n\t<meta name=\"twitter:data2\" content=\"2 minutos\" \/>\n<script type=\"application\/ld+json\" class=\"yoast-schema-graph\">{\"@context\":\"https:\\\/\\\/schema.org\",\"@graph\":[{\"@type\":\"Article\",\"@id\":\"https:\\\/\\\/aldiachaco.com.ar\\\/index.php\\\/2026\\\/03\\\/09\\\/inter-miami-revelo-cuanto-le-paga-por-ano-a-lionel-messi\\\/#article\",\"isPartOf\":{\"@id\":\"https:\\\/\\\/aldiachaco.com.ar\\\/index.php\\\/2026\\\/03\\\/09\\\/inter-miami-revelo-cuanto-le-paga-por-ano-a-lionel-messi\\\/\"},\"author\":{\"name\":\"RedaccionRM\",\"@id\":\"https:\\\/\\\/aldiachaco.com.ar\\\/#\\\/schema\\\/person\\\/b24e975af8022082f5889a7a7299e962\"},\"headline\":\"Inter Miami revel\u00f3 cu\u00e1nto le paga por a\u00f1o a Lionel Messi\",\"datePublished\":\"2026-03-09T13:23:41+00:00\",\"mainEntityOfPage\":{\"@id\":\"https:\\\/\\\/aldiachaco.com.ar\\\/index.php\\\/2026\\\/03\\\/09\\\/inter-miami-revelo-cuanto-le-paga-por-ano-a-lionel-messi\\\/\"},\"wordCount\":223,\"commentCount\":0,\"publisher\":{\"@id\":\"https:\\\/\\\/aldiachaco.com.ar\\\/#organization\"},\"image\":{\"@id\":\"https:\\\/\\\/aldiachaco.com.ar\\\/index.php\\\/2026\\\/03\\\/09\\\/inter-miami-revelo-cuanto-le-paga-por-ano-a-lionel-messi\\\/#primaryimage\"},\"thumbnailUrl\":\"https:\\\/\\\/aldiachaco.com.ar\\\/wp-content\\\/uploads\\\/2026\\\/03\\\/0903messi.jpg\",\"articleSection\":[\"Deportes\"],\"inLanguage\":\"es-AR\",\"potentialAction\":[{\"@type\":\"CommentAction\",\"name\":\"Comment\",\"target\":[\"https:\\\/\\\/aldiachaco.com.ar\\\/index.php\\\/2026\\\/03\\\/09\\\/inter-miami-revelo-cuanto-le-paga-por-ano-a-lionel-messi\\\/#respond\"]}]},{\"@type\":\"WebPage\",\"@id\":\"https:\\\/\\\/aldiachaco.com.ar\\\/index.php\\\/2026\\\/03\\\/09\\\/inter-miami-revelo-cuanto-le-paga-por-ano-a-lionel-messi\\\/\",\"url\":\"https:\\\/\\\/aldiachaco.com.ar\\\/index.php\\\/2026\\\/03\\\/09\\\/inter-miami-revelo-cuanto-le-paga-por-ano-a-lionel-messi\\\/\",\"name\":\"Inter Miami revel\u00f3 cu\u00e1nto le paga por a\u00f1o a Lionel Messi | Al Dia Chaco\",\"isPartOf\":{\"@id\":\"https:\\\/\\\/aldiachaco.com.ar\\\/#website\"},\"primaryImageOfPage\":{\"@id\":\"https:\\\/\\\/aldiachaco.com.ar\\\/index.php\\\/2026\\\/03\\\/09\\\/inter-miami-revelo-cuanto-le-paga-por-ano-a-lionel-messi\\\/#primaryimage\"},\"image\":{\"@id\":\"https:\\\/\\\/aldiachaco.com.ar\\\/index.php\\\/2026\\\/03\\\/09\\\/inter-miami-revelo-cuanto-le-paga-por-ano-a-lionel-messi\\\/#primaryimage\"},\"thumbnailUrl\":\"https:\\\/\\\/aldiachaco.com.ar\\\/wp-content\\\/uploads\\\/2026\\\/03\\\/0903messi.jpg\",\"datePublished\":\"2026-03-09T13:23:41+00:00\",\"breadcrumb\":{\"@id\":\"https:\\\/\\\/aldiachaco.com.ar\\\/index.php\\\/2026\\\/03\\\/09\\\/inter-miami-revelo-cuanto-le-paga-por-ano-a-lionel-messi\\\/#breadcrumb\"},\"inLanguage\":\"es-AR\",\"potentialAction\":[{\"@type\":\"ReadAction\",\"target\":[\"https:\\\/\\\/aldiachaco.com.ar\\\/index.php\\\/2026\\\/03\\\/09\\\/inter-miami-revelo-cuanto-le-paga-por-ano-a-lionel-messi\\\/\"]}]},{\"@type\":\"ImageObject\",\"inLanguage\":\"es-AR\",\"@id\":\"https:\\\/\\\/aldiachaco.com.ar\\\/index.php\\\/2026\\\/03\\\/09\\\/inter-miami-revelo-cuanto-le-paga-por-ano-a-lionel-messi\\\/#primaryimage\",\"url\":\"https:\\\/\\\/aldiachaco.com.ar\\\/wp-content\\\/uploads\\\/2026\\\/03\\\/0903messi.jpg\",\"contentUrl\":\"https:\\\/\\\/aldiachaco.com.ar\\\/wp-content\\\/uploads\\\/2026\\\/03\\\/0903messi.jpg\",\"width\":1350,\"height\":900},{\"@type\":\"BreadcrumbList\",\"@id\":\"https:\\\/\\\/aldiachaco.com.ar\\\/index.php\\\/2026\\\/03\\\/09\\\/inter-miami-revelo-cuanto-le-paga-por-ano-a-lionel-messi\\\/#breadcrumb\",\"itemListElement\":[{\"@type\":\"ListItem\",\"position\":1,\"name\":\"Home\",\"item\":\"https:\\\/\\\/aldiachaco.com.ar\\\/\"},{\"@type\":\"ListItem\",\"position\":2,\"name\":\"Inter Miami revel\u00f3 cu\u00e1nto le paga por a\u00f1o a Lionel Messi\"}]},{\"@type\":\"WebSite\",\"@id\":\"https:\\\/\\\/aldiachaco.com.ar\\\/#website\",\"url\":\"https:\\\/\\\/aldiachaco.com.ar\\\/\",\"name\":\"Al Dia Chaco\",\"description\":\"Noticias del Chaco y el mundo\",\"publisher\":{\"@id\":\"https:\\\/\\\/aldiachaco.com.ar\\\/#organization\"},\"alternateName\":\"Al D\u00eda Chaco\",\"potentialAction\":[{\"@type\":\"SearchAction\",\"target\":{\"@type\":\"EntryPoint\",\"urlTemplate\":\"https:\\\/\\\/aldiachaco.com.ar\\\/?s={search_term_string}\"},\"query-input\":{\"@type\":\"PropertyValueSpecification\",\"valueRequired\":true,\"valueName\":\"search_term_string\"}}],\"inLanguage\":\"es-AR\"},{\"@type\":\"Organization\",\"@id\":\"https:\\\/\\\/aldiachaco.com.ar\\\/#organization\",\"name\":\"Al Dia Chaco\",\"url\":\"https:\\\/\\\/aldiachaco.com.ar\\\/\",\"logo\":{\"@type\":\"ImageObject\",\"inLanguage\":\"es-AR\",\"@id\":\"https:\\\/\\\/aldiachaco.com.ar\\\/#\\\/schema\\\/logo\\\/image\\\/\",\"url\":\"https:\\\/\\\/aldiachaco.com.ar\\\/wp-content\\\/uploads\\\/2017\\\/11\\\/AL-DIA-CHACO-L@2x.png\",\"contentUrl\":\"https:\\\/\\\/aldiachaco.com.ar\\\/wp-content\\\/uploads\\\/2017\\\/11\\\/AL-DIA-CHACO-L@2x.png\",\"width\":232,\"height\":60,\"caption\":\"Al Dia Chaco\"},\"image\":{\"@id\":\"https:\\\/\\\/aldiachaco.com.ar\\\/#\\\/schema\\\/logo\\\/image\\\/\"}},{\"@type\":\"Person\",\"@id\":\"https:\\\/\\\/aldiachaco.com.ar\\\/#\\\/schema\\\/person\\\/b24e975af8022082f5889a7a7299e962\",\"name\":\"RedaccionRM\",\"image\":{\"@type\":\"ImageObject\",\"inLanguage\":\"es-AR\",\"@id\":\"https:\\\/\\\/aldiachaco.com.ar\\\/wp-content\\\/litespeed\\\/avatar\\\/a30118fcb7a6295303f1c91164c6aba1.jpg?ver=1777339088\",\"url\":\"https:\\\/\\\/aldiachaco.com.ar\\\/wp-content\\\/litespeed\\\/avatar\\\/a30118fcb7a6295303f1c91164c6aba1.jpg?ver=1777339088\",\"contentUrl\":\"https:\\\/\\\/aldiachaco.com.ar\\\/wp-content\\\/litespeed\\\/avatar\\\/a30118fcb7a6295303f1c91164c6aba1.jpg?ver=1777339088\",\"caption\":\"RedaccionRM\"},\"url\":\"https:\\\/\\\/aldiachaco.com.ar\\\/index.php\\\/author\\\/redaccionrm\\\/\"}]}<\/script>\n<!-- \/ Yoast SEO plugin. -->","yoast_head_json":{"title":"Inter Miami revel\u00f3 cu\u00e1nto le paga por a\u00f1o a Lionel Messi | Al Dia Chaco","robots":{"index":"index","follow":"follow","max-snippet":"max-snippet:-1","max-image-preview":"max-image-preview:large","max-video-preview":"max-video-preview:-1"},"canonical":"https:\/\/aldiachaco.com.ar\/index.php\/2026\/03\/09\/inter-miami-revelo-cuanto-le-paga-por-ano-a-lionel-messi\/","og_locale":"es_ES","og_type":"article","og_title":"Inter Miami revel\u00f3 cu\u00e1nto le paga por a\u00f1o a Lionel Messi | Al Dia Chaco","og_description":"Lionel Messi fue noticia en las \u00faltimas horas no solo por su visita a la Casa Blanca junto al plantel de Inter Miami, sino tambi\u00e9n por la revelaci\u00f3n que hizo Jorge M\u00e1s, due\u00f1o de la franquicia de Florida, sobre el contrato del capit\u00e1n argentino. Donald Trump recibi\u00f3 al equipo campe\u00f3n de la MLS pasada en &hellip;","og_url":"https:\/\/aldiachaco.com.ar\/index.php\/2026\/03\/09\/inter-miami-revelo-cuanto-le-paga-por-ano-a-lionel-messi\/","og_site_name":"Al Dia Chaco","article_published_time":"2026-03-09T13:23:41+00:00","og_image":[{"width":1350,"height":900,"url":"https:\/\/aldiachaco.com.ar\/wp-content\/uploads\/2026\/03\/0903messi.jpg","type":"image\/jpeg"}],"author":"RedaccionRM","twitter_card":"summary_large_image","twitter_misc":{"Escrito por":"RedaccionRM","Tiempo de lectura":"2 minutos"},"schema":{"@context":"https:\/\/schema.org","@graph":[{"@type":"Article","@id":"https:\/\/aldiachaco.com.ar\/index.php\/2026\/03\/09\/inter-miami-revelo-cuanto-le-paga-por-ano-a-lionel-messi\/#article","isPartOf":{"@id":"https:\/\/aldiachaco.com.ar\/index.php\/2026\/03\/09\/inter-miami-revelo-cuanto-le-paga-por-ano-a-lionel-messi\/"},"author":{"name":"RedaccionRM","@id":"https:\/\/aldiachaco.com.ar\/#\/schema\/person\/b24e975af8022082f5889a7a7299e962"},"headline":"Inter Miami revel\u00f3 cu\u00e1nto le paga por a\u00f1o a Lionel Messi","datePublished":"2026-03-09T13:23:41+00:00","mainEntityOfPage":{"@id":"https:\/\/aldiachaco.com.ar\/index.php\/2026\/03\/09\/inter-miami-revelo-cuanto-le-paga-por-ano-a-lionel-messi\/"},"wordCount":223,"commentCount":0,"publisher":{"@id":"https:\/\/aldiachaco.com.ar\/#organization"},"image":{"@id":"https:\/\/aldiachaco.com.ar\/index.php\/2026\/03\/09\/inter-miami-revelo-cuanto-le-paga-por-ano-a-lionel-messi\/#primaryimage"},"thumbnailUrl":"https:\/\/aldiachaco.com.ar\/wp-content\/uploads\/2026\/03\/0903messi.jpg","articleSection":["Deportes"],"inLanguage":"es-AR","potentialAction":[{"@type":"CommentAction","name":"Comment","target":["https:\/\/aldiachaco.com.ar\/index.php\/2026\/03\/09\/inter-miami-revelo-cuanto-le-paga-por-ano-a-lionel-messi\/#respond"]}]},{"@type":"WebPage","@id":"https:\/\/aldiachaco.com.ar\/index.php\/2026\/03\/09\/inter-miami-revelo-cuanto-le-paga-por-ano-a-lionel-messi\/","url":"https:\/\/aldiachaco.com.ar\/index.php\/2026\/03\/09\/inter-miami-revelo-cuanto-le-paga-por-ano-a-lionel-messi\/","name":"Inter Miami revel\u00f3 cu\u00e1nto le paga por a\u00f1o a Lionel Messi | Al Dia Chaco","isPartOf":{"@id":"https:\/\/aldiachaco.com.ar\/#website"},"primaryImageOfPage":{"@id":"https:\/\/aldiachaco.com.ar\/index.php\/2026\/03\/09\/inter-miami-revelo-cuanto-le-paga-por-ano-a-lionel-messi\/#primaryimage"},"image":{"@id":"https:\/\/aldiachaco.com.ar\/index.php\/2026\/03\/09\/inter-miami-revelo-cuanto-le-paga-por-ano-a-lionel-messi\/#primaryimage"},"thumbnailUrl":"https:\/\/aldiachaco.com.ar\/wp-content\/uploads\/2026\/03\/0903messi.jpg","datePublished":"2026-03-09T13:23:41+00:00","breadcrumb":{"@id":"https:\/\/aldiachaco.com.ar\/index.php\/2026\/03\/09\/inter-miami-revelo-cuanto-le-paga-por-ano-a-lionel-messi\/#breadcrumb"},"inLanguage":"es-AR","potentialAction":[{"@type":"ReadAction","target":["https:\/\/aldiachaco.com.ar\/index.php\/2026\/03\/09\/inter-miami-revelo-cuanto-le-paga-por-ano-a-lionel-messi\/"]}]},{"@type":"ImageObject","inLanguage":"es-AR","@id":"https:\/\/aldiachaco.com.ar\/index.php\/2026\/03\/09\/inter-miami-revelo-cuanto-le-paga-por-ano-a-lionel-messi\/#primaryimage","url":"https:\/\/aldiachaco.com.ar\/wp-content\/uploads\/2026\/03\/0903messi.jpg","contentUrl":"https:\/\/aldiachaco.com.ar\/wp-content\/uploads\/2026\/03\/0903messi.jpg","width":1350,"height":900},{"@type":"BreadcrumbList","@id":"https:\/\/aldiachaco.com.ar\/index.php\/2026\/03\/09\/inter-miami-revelo-cuanto-le-paga-por-ano-a-lionel-messi\/#breadcrumb","itemListElement":[{"@type":"ListItem","position":1,"name":"Home","item":"https:\/\/aldiachaco.com.ar\/"},{"@type":"ListItem","position":2,"name":"Inter Miami revel\u00f3 cu\u00e1nto le paga por a\u00f1o a Lionel Messi"}]},{"@type":"WebSite","@id":"https:\/\/aldiachaco.com.ar\/#website","url":"https:\/\/aldiachaco.com.ar\/","name":"Al Dia Chaco","description":"Noticias del Chaco y el mundo","publisher":{"@id":"https:\/\/aldiachaco.com.ar\/#organization"},"alternateName":"Al D\u00eda Chaco","potentialAction":[{"@type":"SearchAction","target":{"@type":"EntryPoint","urlTemplate":"https:\/\/aldiachaco.com.ar\/?s={search_term_string}"},"query-input":{"@type":"PropertyValueSpecification","valueRequired":true,"valueName":"search_term_string"}}],"inLanguage":"es-AR"},{"@type":"Organization","@id":"https:\/\/aldiachaco.com.ar\/#organization","name":"Al Dia Chaco","url":"https:\/\/aldiachaco.com.ar\/","logo":{"@type":"ImageObject","inLanguage":"es-AR","@id":"https:\/\/aldiachaco.com.ar\/#\/schema\/logo\/image\/","url":"https:\/\/aldiachaco.com.ar\/wp-content\/uploads\/2017\/11\/AL-DIA-CHACO-L@2x.png","contentUrl":"https:\/\/aldiachaco.com.ar\/wp-content\/uploads\/2017\/11\/AL-DIA-CHACO-L@2x.png","width":232,"height":60,"caption":"Al Dia Chaco"},"image":{"@id":"https:\/\/aldiachaco.com.ar\/#\/schema\/logo\/image\/"}},{"@type":"Person","@id":"https:\/\/aldiachaco.com.ar\/#\/schema\/person\/b24e975af8022082f5889a7a7299e962","name":"RedaccionRM","image":{"@type":"ImageObject","inLanguage":"es-AR","@id":"https:\/\/aldiachaco.com.ar\/wp-content\/litespeed\/avatar\/a30118fcb7a6295303f1c91164c6aba1.jpg?ver=1777339088","url":"https:\/\/aldiachaco.com.ar\/wp-content\/litespeed\/avatar\/a30118fcb7a6295303f1c91164c6aba1.jpg?ver=1777339088","contentUrl":"https:\/\/aldiachaco.com.ar\/wp-content\/litespeed\/avatar\/a30118fcb7a6295303f1c91164c6aba1.jpg?ver=1777339088","caption":"RedaccionRM"},"url":"https:\/\/aldiachaco.com.ar\/index.php\/author\/redaccionrm\/"}]}},"jetpack_publicize_connections":[],"jetpack_featured_media_url":"https:\/\/aldiachaco.com.ar\/wp-content\/uploads\/2026\/03\/0903messi.jpg","jetpack_sharing_enabled":true,"amp_enabled":true,"_links":{"self":[{"href":"https:\/\/aldiachaco.com.ar\/index.php\/wp-json\/wp\/v2\/posts\/117544","targetHints":{"allow":["GET"]}}],"collection":[{"href":"https:\/\/aldiachaco.com.ar\/index.php\/wp-json\/wp\/v2\/posts"}],"about":[{"href":"https:\/\/aldiachaco.com.ar\/index.php\/wp-json\/wp\/v2\/types\/post"}],"author":[{"embeddable":true,"href":"https:\/\/aldiachaco.com.ar\/index.php\/wp-json\/wp\/v2\/users\/9"}],"replies":[{"embeddable":true,"href":"https:\/\/aldiachaco.com.ar\/index.php\/wp-json\/wp\/v2\/comments?post=117544"}],"version-history":[{"count":1,"href":"https:\/\/aldiachaco.com.ar\/index.php\/wp-json\/wp\/v2\/posts\/117544\/revisions"}],"predecessor-version":[{"id":117546,"href":"https:\/\/aldiachaco.com.ar\/index.php\/wp-json\/wp\/v2\/posts\/117544\/revisions\/117546"}],"wp:featuredmedia":[{"embeddable":true,"href":"https:\/\/aldiachaco.com.ar\/index.php\/wp-json\/wp\/v2\/media\/117545"}],"wp:attachment":[{"href":"https:\/\/aldiachaco.com.ar\/index.php\/wp-json\/wp\/v2\/media?parent=117544"}],"wp:term":[{"taxonomy":"category","embeddable":true,"href":"https:\/\/aldiachaco.com.ar\/index.php\/wp-json\/wp\/v2\/categories?post=117544"},{"taxonomy":"post_tag","embeddable":true,"href":"https:\/\/aldiachaco.com.ar\/index.php\/wp-json\/wp\/v2\/tags?post=117544"}],"curies":[{"name":"wp","href":"https:\/\/api.w.org\/{rel}","templated":true}]}}