{"id":117541,"date":"2026-03-09T09:16:25","date_gmt":"2026-03-09T12:16:25","guid":{"rendered":"https:\/\/aldiachaco.com.ar\/?p=117541"},"modified":"2026-03-09T09:16:25","modified_gmt":"2026-03-09T12:16:25","slug":"rescataron-y-reanimaron-a-un-hombre-que-intento-quitarse-la-vida-en-machagai","status":"publish","type":"post","link":"https:\/\/aldiachaco.com.ar\/index.php\/2026\/03\/09\/rescataron-y-reanimaron-a-un-hombre-que-intento-quitarse-la-vida-en-machagai\/","title":{"rendered":"Rescataron y reanimaron a un hombre que intent\u00f3 quitarse la vida en Machagai"},"content":{"rendered":"<p class=\"ds-markdown-paragraph\">Un dram\u00e1tico hecho ocurri\u00f3 este lunes en la localidad de Machagai, cuando efectivos policiales lograron salvar la vida de un hombre que hab\u00eda intentado quitarse la vida en una zona boscosa del barrio Maqui.<\/p>\n<p class=\"ds-markdown-paragraph\">El alerta fue dado por su pareja, quien inform\u00f3 que el hombre se dirig\u00eda al lugar con intenciones de suicidarse. Los agentes lo encontraron colgado de un \u00e1rbol con una soga en el cuello y, al bajarlo, notaron que no presentaba signos vitales. Ante ello, iniciaron maniobras de RCP, logrando reanimarlo.<\/p>\n<p class=\"ds-markdown-paragraph\">Luego fue trasladado de urgencia al hospital local, donde fue estabilizado por el equipo m\u00e9dico. El paciente ingres\u00f3 con un cuadro delicado pero evolucionaba favorablemente, mientras que el hecho qued\u00f3 bajo intervenci\u00f3n de la Fiscal\u00eda N\u00b0 1.<\/p>\n","protected":false},"excerpt":{"rendered":"<p>Un dram\u00e1tico hecho ocurri\u00f3 este lunes en la localidad de Machagai, cuando efectivos policiales lograron salvar la vida de un hombre que hab\u00eda intentado quitarse la vida en una zona boscosa del barrio Maqui. El alerta fue dado por su pareja, quien inform\u00f3 que el hombre se dirig\u00eda al lugar con intenciones de suicidarse. Los &hellip;<\/p>\n","protected":false},"author":9,"featured_media":117542,"comment_status":"open","ping_status":"open","sticky":false,"template":"","format":"standard","meta":{"content-type":"","_monsterinsights_skip_tracking":false,"_monsterinsights_sitenote_active":false,"_monsterinsights_sitenote_note":"","_monsterinsights_sitenote_category":0,"_jetpack_memberships_contains_paid_content":false,"footnotes":"","jetpack_publicize_message":"","jetpack_publicize_feature_enabled":true,"jetpack_social_post_already_shared":true,"jetpack_social_options":{"image_generator_settings":{"template":"highway","default_image_id":0,"font":"","enabled":false},"version":2}},"categories":[236,86],"tags":[],"class_list":["post-117541","post","type-post","status-publish","format-standard","has-post-thumbnail","hentry","category-machagai","category-policiales"],"yoast_head":"<!-- This site is optimized with the Yoast SEO plugin v27.4 - https:\/\/yoast.com\/product\/yoast-seo-wordpress\/ -->\n<title>Rescataron y reanimaron a un hombre que intent\u00f3 quitarse la vida en Machagai | Al Dia Chaco<\/title>\n<meta name=\"robots\" content=\"index, follow, max-snippet:-1, max-image-preview:large, max-video-preview:-1\" \/>\n<link rel=\"canonical\" href=\"https:\/\/aldiachaco.com.ar\/index.php\/2026\/03\/09\/rescataron-y-reanimaron-a-un-hombre-que-intento-quitarse-la-vida-en-machagai\/\" \/>\n<meta property=\"og:locale\" content=\"es_ES\" \/>\n<meta property=\"og:type\" content=\"article\" \/>\n<meta property=\"og:title\" content=\"Rescataron y reanimaron a un hombre que intent\u00f3 quitarse la vida en Machagai | Al Dia Chaco\" \/>\n<meta property=\"og:description\" content=\"Un dram\u00e1tico hecho ocurri\u00f3 este lunes en la localidad de Machagai, cuando efectivos policiales lograron salvar la vida de un hombre que hab\u00eda intentado quitarse la vida en una zona boscosa del barrio Maqui. El alerta fue dado por su pareja, quien inform\u00f3 que el hombre se dirig\u00eda al lugar con intenciones de suicidarse. Los &hellip;\" \/>\n<meta property=\"og:url\" content=\"https:\/\/aldiachaco.com.ar\/index.php\/2026\/03\/09\/rescataron-y-reanimaron-a-un-hombre-que-intento-quitarse-la-vida-en-machagai\/\" \/>\n<meta property=\"og:site_name\" content=\"Al Dia Chaco\" \/>\n<meta property=\"article:published_time\" content=\"2026-03-09T12:16:25+00:00\" \/>\n<meta property=\"og:image\" content=\"https:\/\/aldiachaco.com.ar\/wp-content\/uploads\/2026\/03\/0903machagya.webp\" \/>\n\t<meta property=\"og:image:width\" content=\"850\" \/>\n\t<meta property=\"og:image:height\" content=\"518\" \/>\n\t<meta property=\"og:image:type\" content=\"image\/webp\" \/>\n<meta name=\"author\" content=\"RedaccionRM\" \/>\n<meta name=\"twitter:card\" content=\"summary_large_image\" \/>\n<meta name=\"twitter:label1\" content=\"Escrito por\" \/>\n\t<meta name=\"twitter:data1\" content=\"RedaccionRM\" \/>\n\t<meta name=\"twitter:label2\" content=\"Tiempo de lectura\" \/>\n\t<meta name=\"twitter:data2\" content=\"1 minuto\" \/>\n<script type=\"application\/ld+json\" class=\"yoast-schema-graph\">{\"@context\":\"https:\\\/\\\/schema.org\",\"@graph\":[{\"@type\":\"Article\",\"@id\":\"https:\\\/\\\/aldiachaco.com.ar\\\/index.php\\\/2026\\\/03\\\/09\\\/rescataron-y-reanimaron-a-un-hombre-que-intento-quitarse-la-vida-en-machagai\\\/#article\",\"isPartOf\":{\"@id\":\"https:\\\/\\\/aldiachaco.com.ar\\\/index.php\\\/2026\\\/03\\\/09\\\/rescataron-y-reanimaron-a-un-hombre-que-intento-quitarse-la-vida-en-machagai\\\/\"},\"author\":{\"name\":\"RedaccionRM\",\"@id\":\"https:\\\/\\\/aldiachaco.com.ar\\\/#\\\/schema\\\/person\\\/b24e975af8022082f5889a7a7299e962\"},\"headline\":\"Rescataron y reanimaron a un hombre que intent\u00f3 quitarse la vida en Machagai\",\"datePublished\":\"2026-03-09T12:16:25+00:00\",\"mainEntityOfPage\":{\"@id\":\"https:\\\/\\\/aldiachaco.com.ar\\\/index.php\\\/2026\\\/03\\\/09\\\/rescataron-y-reanimaron-a-un-hombre-que-intento-quitarse-la-vida-en-machagai\\\/\"},\"wordCount\":140,\"commentCount\":0,\"publisher\":{\"@id\":\"https:\\\/\\\/aldiachaco.com.ar\\\/#organization\"},\"image\":{\"@id\":\"https:\\\/\\\/aldiachaco.com.ar\\\/index.php\\\/2026\\\/03\\\/09\\\/rescataron-y-reanimaron-a-un-hombre-que-intento-quitarse-la-vida-en-machagai\\\/#primaryimage\"},\"thumbnailUrl\":\"https:\\\/\\\/aldiachaco.com.ar\\\/wp-content\\\/uploads\\\/2026\\\/03\\\/0903machagya.webp\",\"articleSection\":[\"Machagai\",\"Policiales\"],\"inLanguage\":\"es-AR\",\"potentialAction\":[{\"@type\":\"CommentAction\",\"name\":\"Comment\",\"target\":[\"https:\\\/\\\/aldiachaco.com.ar\\\/index.php\\\/2026\\\/03\\\/09\\\/rescataron-y-reanimaron-a-un-hombre-que-intento-quitarse-la-vida-en-machagai\\\/#respond\"]}]},{\"@type\":\"WebPage\",\"@id\":\"https:\\\/\\\/aldiachaco.com.ar\\\/index.php\\\/2026\\\/03\\\/09\\\/rescataron-y-reanimaron-a-un-hombre-que-intento-quitarse-la-vida-en-machagai\\\/\",\"url\":\"https:\\\/\\\/aldiachaco.com.ar\\\/index.php\\\/2026\\\/03\\\/09\\\/rescataron-y-reanimaron-a-un-hombre-que-intento-quitarse-la-vida-en-machagai\\\/\",\"name\":\"Rescataron y reanimaron a un hombre que intent\u00f3 quitarse la vida en Machagai | Al Dia Chaco\",\"isPartOf\":{\"@id\":\"https:\\\/\\\/aldiachaco.com.ar\\\/#website\"},\"primaryImageOfPage\":{\"@id\":\"https:\\\/\\\/aldiachaco.com.ar\\\/index.php\\\/2026\\\/03\\\/09\\\/rescataron-y-reanimaron-a-un-hombre-que-intento-quitarse-la-vida-en-machagai\\\/#primaryimage\"},\"image\":{\"@id\":\"https:\\\/\\\/aldiachaco.com.ar\\\/index.php\\\/2026\\\/03\\\/09\\\/rescataron-y-reanimaron-a-un-hombre-que-intento-quitarse-la-vida-en-machagai\\\/#primaryimage\"},\"thumbnailUrl\":\"https:\\\/\\\/aldiachaco.com.ar\\\/wp-content\\\/uploads\\\/2026\\\/03\\\/0903machagya.webp\",\"datePublished\":\"2026-03-09T12:16:25+00:00\",\"breadcrumb\":{\"@id\":\"https:\\\/\\\/aldiachaco.com.ar\\\/index.php\\\/2026\\\/03\\\/09\\\/rescataron-y-reanimaron-a-un-hombre-que-intento-quitarse-la-vida-en-machagai\\\/#breadcrumb\"},\"inLanguage\":\"es-AR\",\"potentialAction\":[{\"@type\":\"ReadAction\",\"target\":[\"https:\\\/\\\/aldiachaco.com.ar\\\/index.php\\\/2026\\\/03\\\/09\\\/rescataron-y-reanimaron-a-un-hombre-que-intento-quitarse-la-vida-en-machagai\\\/\"]}]},{\"@type\":\"ImageObject\",\"inLanguage\":\"es-AR\",\"@id\":\"https:\\\/\\\/aldiachaco.com.ar\\\/index.php\\\/2026\\\/03\\\/09\\\/rescataron-y-reanimaron-a-un-hombre-que-intento-quitarse-la-vida-en-machagai\\\/#primaryimage\",\"url\":\"https:\\\/\\\/aldiachaco.com.ar\\\/wp-content\\\/uploads\\\/2026\\\/03\\\/0903machagya.webp\",\"contentUrl\":\"https:\\\/\\\/aldiachaco.com.ar\\\/wp-content\\\/uploads\\\/2026\\\/03\\\/0903machagya.webp\",\"width\":850,\"height\":518},{\"@type\":\"BreadcrumbList\",\"@id\":\"https:\\\/\\\/aldiachaco.com.ar\\\/index.php\\\/2026\\\/03\\\/09\\\/rescataron-y-reanimaron-a-un-hombre-que-intento-quitarse-la-vida-en-machagai\\\/#breadcrumb\",\"itemListElement\":[{\"@type\":\"ListItem\",\"position\":1,\"name\":\"Home\",\"item\":\"https:\\\/\\\/aldiachaco.com.ar\\\/\"},{\"@type\":\"ListItem\",\"position\":2,\"name\":\"Rescataron y reanimaron a un hombre que intent\u00f3 quitarse la vida en Machagai\"}]},{\"@type\":\"WebSite\",\"@id\":\"https:\\\/\\\/aldiachaco.com.ar\\\/#website\",\"url\":\"https:\\\/\\\/aldiachaco.com.ar\\\/\",\"name\":\"Al Dia Chaco\",\"description\":\"Noticias del Chaco y el mundo\",\"publisher\":{\"@id\":\"https:\\\/\\\/aldiachaco.com.ar\\\/#organization\"},\"alternateName\":\"Al D\u00eda Chaco\",\"potentialAction\":[{\"@type\":\"SearchAction\",\"target\":{\"@type\":\"EntryPoint\",\"urlTemplate\":\"https:\\\/\\\/aldiachaco.com.ar\\\/?s={search_term_string}\"},\"query-input\":{\"@type\":\"PropertyValueSpecification\",\"valueRequired\":true,\"valueName\":\"search_term_string\"}}],\"inLanguage\":\"es-AR\"},{\"@type\":\"Organization\",\"@id\":\"https:\\\/\\\/aldiachaco.com.ar\\\/#organization\",\"name\":\"Al Dia Chaco\",\"url\":\"https:\\\/\\\/aldiachaco.com.ar\\\/\",\"logo\":{\"@type\":\"ImageObject\",\"inLanguage\":\"es-AR\",\"@id\":\"https:\\\/\\\/aldiachaco.com.ar\\\/#\\\/schema\\\/logo\\\/image\\\/\",\"url\":\"https:\\\/\\\/aldiachaco.com.ar\\\/wp-content\\\/uploads\\\/2017\\\/11\\\/AL-DIA-CHACO-L@2x.png\",\"contentUrl\":\"https:\\\/\\\/aldiachaco.com.ar\\\/wp-content\\\/uploads\\\/2017\\\/11\\\/AL-DIA-CHACO-L@2x.png\",\"width\":232,\"height\":60,\"caption\":\"Al Dia Chaco\"},\"image\":{\"@id\":\"https:\\\/\\\/aldiachaco.com.ar\\\/#\\\/schema\\\/logo\\\/image\\\/\"}},{\"@type\":\"Person\",\"@id\":\"https:\\\/\\\/aldiachaco.com.ar\\\/#\\\/schema\\\/person\\\/b24e975af8022082f5889a7a7299e962\",\"name\":\"RedaccionRM\",\"image\":{\"@type\":\"ImageObject\",\"inLanguage\":\"es-AR\",\"@id\":\"https:\\\/\\\/aldiachaco.com.ar\\\/wp-content\\\/litespeed\\\/avatar\\\/a30118fcb7a6295303f1c91164c6aba1.jpg?ver=1777339088\",\"url\":\"https:\\\/\\\/aldiachaco.com.ar\\\/wp-content\\\/litespeed\\\/avatar\\\/a30118fcb7a6295303f1c91164c6aba1.jpg?ver=1777339088\",\"contentUrl\":\"https:\\\/\\\/aldiachaco.com.ar\\\/wp-content\\\/litespeed\\\/avatar\\\/a30118fcb7a6295303f1c91164c6aba1.jpg?ver=1777339088\",\"caption\":\"RedaccionRM\"},\"url\":\"https:\\\/\\\/aldiachaco.com.ar\\\/index.php\\\/author\\\/redaccionrm\\\/\"}]}<\/script>\n<!-- \/ Yoast SEO plugin. -->","yoast_head_json":{"title":"Rescataron y reanimaron a un hombre que intent\u00f3 quitarse la vida en Machagai | Al Dia Chaco","robots":{"index":"index","follow":"follow","max-snippet":"max-snippet:-1","max-image-preview":"max-image-preview:large","max-video-preview":"max-video-preview:-1"},"canonical":"https:\/\/aldiachaco.com.ar\/index.php\/2026\/03\/09\/rescataron-y-reanimaron-a-un-hombre-que-intento-quitarse-la-vida-en-machagai\/","og_locale":"es_ES","og_type":"article","og_title":"Rescataron y reanimaron a un hombre que intent\u00f3 quitarse la vida en Machagai | Al Dia Chaco","og_description":"Un dram\u00e1tico hecho ocurri\u00f3 este lunes en la localidad de Machagai, cuando efectivos policiales lograron salvar la vida de un hombre que hab\u00eda intentado quitarse la vida en una zona boscosa del barrio Maqui. El alerta fue dado por su pareja, quien inform\u00f3 que el hombre se dirig\u00eda al lugar con intenciones de suicidarse. Los &hellip;","og_url":"https:\/\/aldiachaco.com.ar\/index.php\/2026\/03\/09\/rescataron-y-reanimaron-a-un-hombre-que-intento-quitarse-la-vida-en-machagai\/","og_site_name":"Al Dia Chaco","article_published_time":"2026-03-09T12:16:25+00:00","og_image":[{"width":850,"height":518,"url":"https:\/\/aldiachaco.com.ar\/wp-content\/uploads\/2026\/03\/0903machagya.webp","type":"image\/webp"}],"author":"RedaccionRM","twitter_card":"summary_large_image","twitter_misc":{"Escrito por":"RedaccionRM","Tiempo de lectura":"1 minuto"},"schema":{"@context":"https:\/\/schema.org","@graph":[{"@type":"Article","@id":"https:\/\/aldiachaco.com.ar\/index.php\/2026\/03\/09\/rescataron-y-reanimaron-a-un-hombre-que-intento-quitarse-la-vida-en-machagai\/#article","isPartOf":{"@id":"https:\/\/aldiachaco.com.ar\/index.php\/2026\/03\/09\/rescataron-y-reanimaron-a-un-hombre-que-intento-quitarse-la-vida-en-machagai\/"},"author":{"name":"RedaccionRM","@id":"https:\/\/aldiachaco.com.ar\/#\/schema\/person\/b24e975af8022082f5889a7a7299e962"},"headline":"Rescataron y reanimaron a un hombre que intent\u00f3 quitarse la vida en Machagai","datePublished":"2026-03-09T12:16:25+00:00","mainEntityOfPage":{"@id":"https:\/\/aldiachaco.com.ar\/index.php\/2026\/03\/09\/rescataron-y-reanimaron-a-un-hombre-que-intento-quitarse-la-vida-en-machagai\/"},"wordCount":140,"commentCount":0,"publisher":{"@id":"https:\/\/aldiachaco.com.ar\/#organization"},"image":{"@id":"https:\/\/aldiachaco.com.ar\/index.php\/2026\/03\/09\/rescataron-y-reanimaron-a-un-hombre-que-intento-quitarse-la-vida-en-machagai\/#primaryimage"},"thumbnailUrl":"https:\/\/aldiachaco.com.ar\/wp-content\/uploads\/2026\/03\/0903machagya.webp","articleSection":["Machagai","Policiales"],"inLanguage":"es-AR","potentialAction":[{"@type":"CommentAction","name":"Comment","target":["https:\/\/aldiachaco.com.ar\/index.php\/2026\/03\/09\/rescataron-y-reanimaron-a-un-hombre-que-intento-quitarse-la-vida-en-machagai\/#respond"]}]},{"@type":"WebPage","@id":"https:\/\/aldiachaco.com.ar\/index.php\/2026\/03\/09\/rescataron-y-reanimaron-a-un-hombre-que-intento-quitarse-la-vida-en-machagai\/","url":"https:\/\/aldiachaco.com.ar\/index.php\/2026\/03\/09\/rescataron-y-reanimaron-a-un-hombre-que-intento-quitarse-la-vida-en-machagai\/","name":"Rescataron y reanimaron a un hombre que intent\u00f3 quitarse la vida en Machagai | Al Dia Chaco","isPartOf":{"@id":"https:\/\/aldiachaco.com.ar\/#website"},"primaryImageOfPage":{"@id":"https:\/\/aldiachaco.com.ar\/index.php\/2026\/03\/09\/rescataron-y-reanimaron-a-un-hombre-que-intento-quitarse-la-vida-en-machagai\/#primaryimage"},"image":{"@id":"https:\/\/aldiachaco.com.ar\/index.php\/2026\/03\/09\/rescataron-y-reanimaron-a-un-hombre-que-intento-quitarse-la-vida-en-machagai\/#primaryimage"},"thumbnailUrl":"https:\/\/aldiachaco.com.ar\/wp-content\/uploads\/2026\/03\/0903machagya.webp","datePublished":"2026-03-09T12:16:25+00:00","breadcrumb":{"@id":"https:\/\/aldiachaco.com.ar\/index.php\/2026\/03\/09\/rescataron-y-reanimaron-a-un-hombre-que-intento-quitarse-la-vida-en-machagai\/#breadcrumb"},"inLanguage":"es-AR","potentialAction":[{"@type":"ReadAction","target":["https:\/\/aldiachaco.com.ar\/index.php\/2026\/03\/09\/rescataron-y-reanimaron-a-un-hombre-que-intento-quitarse-la-vida-en-machagai\/"]}]},{"@type":"ImageObject","inLanguage":"es-AR","@id":"https:\/\/aldiachaco.com.ar\/index.php\/2026\/03\/09\/rescataron-y-reanimaron-a-un-hombre-que-intento-quitarse-la-vida-en-machagai\/#primaryimage","url":"https:\/\/aldiachaco.com.ar\/wp-content\/uploads\/2026\/03\/0903machagya.webp","contentUrl":"https:\/\/aldiachaco.com.ar\/wp-content\/uploads\/2026\/03\/0903machagya.webp","width":850,"height":518},{"@type":"BreadcrumbList","@id":"https:\/\/aldiachaco.com.ar\/index.php\/2026\/03\/09\/rescataron-y-reanimaron-a-un-hombre-que-intento-quitarse-la-vida-en-machagai\/#breadcrumb","itemListElement":[{"@type":"ListItem","position":1,"name":"Home","item":"https:\/\/aldiachaco.com.ar\/"},{"@type":"ListItem","position":2,"name":"Rescataron y reanimaron a un hombre que intent\u00f3 quitarse la vida en Machagai"}]},{"@type":"WebSite","@id":"https:\/\/aldiachaco.com.ar\/#website","url":"https:\/\/aldiachaco.com.ar\/","name":"Al Dia Chaco","description":"Noticias del Chaco y el mundo","publisher":{"@id":"https:\/\/aldiachaco.com.ar\/#organization"},"alternateName":"Al D\u00eda Chaco","potentialAction":[{"@type":"SearchAction","target":{"@type":"EntryPoint","urlTemplate":"https:\/\/aldiachaco.com.ar\/?s={search_term_string}"},"query-input":{"@type":"PropertyValueSpecification","valueRequired":true,"valueName":"search_term_string"}}],"inLanguage":"es-AR"},{"@type":"Organization","@id":"https:\/\/aldiachaco.com.ar\/#organization","name":"Al Dia Chaco","url":"https:\/\/aldiachaco.com.ar\/","logo":{"@type":"ImageObject","inLanguage":"es-AR","@id":"https:\/\/aldiachaco.com.ar\/#\/schema\/logo\/image\/","url":"https:\/\/aldiachaco.com.ar\/wp-content\/uploads\/2017\/11\/AL-DIA-CHACO-L@2x.png","contentUrl":"https:\/\/aldiachaco.com.ar\/wp-content\/uploads\/2017\/11\/AL-DIA-CHACO-L@2x.png","width":232,"height":60,"caption":"Al Dia Chaco"},"image":{"@id":"https:\/\/aldiachaco.com.ar\/#\/schema\/logo\/image\/"}},{"@type":"Person","@id":"https:\/\/aldiachaco.com.ar\/#\/schema\/person\/b24e975af8022082f5889a7a7299e962","name":"RedaccionRM","image":{"@type":"ImageObject","inLanguage":"es-AR","@id":"https:\/\/aldiachaco.com.ar\/wp-content\/litespeed\/avatar\/a30118fcb7a6295303f1c91164c6aba1.jpg?ver=1777339088","url":"https:\/\/aldiachaco.com.ar\/wp-content\/litespeed\/avatar\/a30118fcb7a6295303f1c91164c6aba1.jpg?ver=1777339088","contentUrl":"https:\/\/aldiachaco.com.ar\/wp-content\/litespeed\/avatar\/a30118fcb7a6295303f1c91164c6aba1.jpg?ver=1777339088","caption":"RedaccionRM"},"url":"https:\/\/aldiachaco.com.ar\/index.php\/author\/redaccionrm\/"}]}},"jetpack_publicize_connections":[],"jetpack_featured_media_url":"https:\/\/aldiachaco.com.ar\/wp-content\/uploads\/2026\/03\/0903machagya.webp","jetpack_sharing_enabled":true,"amp_enabled":true,"_links":{"self":[{"href":"https:\/\/aldiachaco.com.ar\/index.php\/wp-json\/wp\/v2\/posts\/117541","targetHints":{"allow":["GET"]}}],"collection":[{"href":"https:\/\/aldiachaco.com.ar\/index.php\/wp-json\/wp\/v2\/posts"}],"about":[{"href":"https:\/\/aldiachaco.com.ar\/index.php\/wp-json\/wp\/v2\/types\/post"}],"author":[{"embeddable":true,"href":"https:\/\/aldiachaco.com.ar\/index.php\/wp-json\/wp\/v2\/users\/9"}],"replies":[{"embeddable":true,"href":"https:\/\/aldiachaco.com.ar\/index.php\/wp-json\/wp\/v2\/comments?post=117541"}],"version-history":[{"count":1,"href":"https:\/\/aldiachaco.com.ar\/index.php\/wp-json\/wp\/v2\/posts\/117541\/revisions"}],"predecessor-version":[{"id":117543,"href":"https:\/\/aldiachaco.com.ar\/index.php\/wp-json\/wp\/v2\/posts\/117541\/revisions\/117543"}],"wp:featuredmedia":[{"embeddable":true,"href":"https:\/\/aldiachaco.com.ar\/index.php\/wp-json\/wp\/v2\/media\/117542"}],"wp:attachment":[{"href":"https:\/\/aldiachaco.com.ar\/index.php\/wp-json\/wp\/v2\/media?parent=117541"}],"wp:term":[{"taxonomy":"category","embeddable":true,"href":"https:\/\/aldiachaco.com.ar\/index.php\/wp-json\/wp\/v2\/categories?post=117541"},{"taxonomy":"post_tag","embeddable":true,"href":"https:\/\/aldiachaco.com.ar\/index.php\/wp-json\/wp\/v2\/tags?post=117541"}],"curies":[{"name":"wp","href":"https:\/\/api.w.org\/{rel}","templated":true}]}}