{"id":117538,"date":"2026-03-09T08:41:46","date_gmt":"2026-03-09T11:41:46","guid":{"rendered":"https:\/\/aldiachaco.com.ar\/?p=117538"},"modified":"2026-03-09T08:41:46","modified_gmt":"2026-03-09T11:41:46","slug":"la-desaparicion-de-elvis-benitez-exhibe-impactantes-revelaciones","status":"publish","type":"post","link":"https:\/\/aldiachaco.com.ar\/index.php\/2026\/03\/09\/la-desaparicion-de-elvis-benitez-exhibe-impactantes-revelaciones\/","title":{"rendered":"La desaparici\u00f3n de Elvis Ben\u00edtez exhibe impactantes revelaciones"},"content":{"rendered":"<p class=\"ds-markdown-paragraph\">Un giro inesperado podr\u00eda abrir nuevas l\u00edneas de investigaci\u00f3n en la causa por la desaparici\u00f3n de Elvis Ben\u00edtez, quien falta desde el 22 de diciembre de 2017. La fiscal Rosana Soto convoc\u00f3 para este lunes una reuni\u00f3n con \u00c9rica Romero, madre del joven, y su abogado Pablo Vianello, en medio de novedades vinculadas a movimientos en cuentas bancarias detectados en la Ciudad Aut\u00f3noma de Buenos Aires.<\/p>\n<p class=\"ds-markdown-paragraph\">Antes de la feria judicial, Soto hab\u00eda solicitado al Banco Central de la Rep\u00fablica Argentina (BCRA) informaci\u00f3n sobre posibles operaciones financieras. Fuentes cercanas a la investigaci\u00f3n confirmaron que en octubre de 2019 se abri\u00f3 una cuenta corriente en el Banco Patagonia y que a fines de 2025 se registr\u00f3 la apertura de otra cuenta, esta vez en d\u00f3lares, en la misma entidad y sucursal. Estos hallazgos sugieren que alguien habr\u00eda accedido a los datos personales de Ben\u00edtez, desaparecido hace m\u00e1s de nueve a\u00f1os.<\/p>\n<p class=\"ds-markdown-paragraph\">La investigaci\u00f3n tambi\u00e9n recuerda un antecedente clave: el 27 de febrero de 2018, dos meses despu\u00e9s de la desaparici\u00f3n, la madre de Elvis declar\u00f3 que su hijo hab\u00eda sido golpeado por Jos\u00e9 Daniel &#8220;Pili&#8221; Santa Cruz, referente de un movimiento social que lo tuvo como becario entre marzo y septiembre de 2017. Seg\u00fan relat\u00f3, Elvis deb\u00eda realizar tareas de limpieza en la escuela primaria 108 del barrio Mujeres Argentinas y hab\u00eda sufrido una agresi\u00f3n que nunca lleg\u00f3 a denunciar formalmente.<\/p>\n<p class=\"ds-markdown-paragraph\">&#8220;Es mi palabra contra la de \u00e9l&#8221;, le respondi\u00f3 Elvis a su mam\u00e1 cuando le pidi\u00f3 que radicara la denuncia. Cuando los agentes de Trata de Personas contactaron a Santa Cruz para conocer su versi\u00f3n, este exdirigente social \u2014con presente en actividades deportivas\u2014 se defendi\u00f3 diciendo que Elvis hab\u00eda entrado a robar a su casa. All\u00ed, &#8220;Pili&#8221; junto a un hijo le dieron una paliza a Ben\u00edtez, quien ya para entonces hab\u00eda dejado de percibir la beca por su contraprestaci\u00f3n en la escuela.<\/p>\n<p class=\"ds-markdown-paragraph\">Romero declar\u00f3 y es parte de la causa aunque esa l\u00ednea investigativa no se profundiz\u00f3 como pretende la querella. Con este nombre en el caso, atr\u00e1s queda la supuesta vinculaci\u00f3n que podr\u00eda existir entre Elvis y el condenado C\u00e9sar Sena, versi\u00f3n surgida por rumores y comentarios en una emisora radial. Esos testigos en sede judicial negaron que hayan visto a C\u00e9sar y Elvis juntos, y de esa manera la versi\u00f3n comenz\u00f3 a diluirse sin peso en las pesquisas que a casi una d\u00e9cada no ha encontrado rumbo entre la inacci\u00f3n de la Justicia, cambios y jubilaciones de fiscales y testigos que se desdicen a la hora de hacerlo bajo juramento de decir la verdad.<\/p>\n<p class=\"ds-markdown-paragraph\">Aunque hasta ahora no se logr\u00f3 establecer un hilo conductor entre estos hechos y otros nombres mencionados en la causa, la aparici\u00f3n de movimientos bancarios en CABA reaviva las sospechas y abre un nuevo frente de investigaci\u00f3n. La reuni\u00f3n prevista en Fiscal\u00eda busca profundizar sobre estas pistas y mantener informada a la familia, que desde 2017 reclama respuestas sobre el destino de Elvis.<\/p>\n<p class=\"ds-markdown-paragraph\">La causa, marcada por silencios y contradicciones, suma ahora un elemento que podr\u00eda ser decisivo: operaciones financieras realizadas con datos de un joven que contin\u00faa desaparecido. La esperanza de su madre sigue intacta en poder saber qu\u00e9 destino tuvo su hijo, que tendr\u00eda hoy 26 a\u00f1os.<\/p>\n","protected":false},"excerpt":{"rendered":"<p>Un giro inesperado podr\u00eda abrir nuevas l\u00edneas de investigaci\u00f3n en la causa por la desaparici\u00f3n de Elvis Ben\u00edtez, quien falta desde el 22 de diciembre de 2017. La fiscal Rosana Soto convoc\u00f3 para este lunes una reuni\u00f3n con \u00c9rica Romero, madre del joven, y su abogado Pablo Vianello, en medio de novedades vinculadas a movimientos &hellip;<\/p>\n","protected":false},"author":9,"featured_media":117539,"comment_status":"open","ping_status":"open","sticky":false,"template":"","format":"standard","meta":{"content-type":"","_monsterinsights_skip_tracking":false,"_monsterinsights_sitenote_active":false,"_monsterinsights_sitenote_note":"","_monsterinsights_sitenote_category":0,"_jetpack_memberships_contains_paid_content":false,"footnotes":"","jetpack_publicize_message":"","jetpack_publicize_feature_enabled":true,"jetpack_social_post_already_shared":true,"jetpack_social_options":{"image_generator_settings":{"template":"highway","default_image_id":0,"font":"","enabled":false},"version":2}},"categories":[198],"tags":[],"class_list":["post-117538","post","type-post","status-publish","format-standard","has-post-thumbnail","hentry","category-actualidad"],"yoast_head":"<!-- This site is optimized with the Yoast SEO plugin v27.4 - https:\/\/yoast.com\/product\/yoast-seo-wordpress\/ -->\n<title>La desaparici\u00f3n de Elvis Ben\u00edtez exhibe impactantes revelaciones | Al Dia Chaco<\/title>\n<meta name=\"robots\" content=\"index, follow, max-snippet:-1, max-image-preview:large, max-video-preview:-1\" \/>\n<link rel=\"canonical\" href=\"https:\/\/aldiachaco.com.ar\/index.php\/2026\/03\/09\/la-desaparicion-de-elvis-benitez-exhibe-impactantes-revelaciones\/\" \/>\n<meta property=\"og:locale\" content=\"es_ES\" \/>\n<meta property=\"og:type\" content=\"article\" \/>\n<meta property=\"og:title\" content=\"La desaparici\u00f3n de Elvis Ben\u00edtez exhibe impactantes revelaciones | Al Dia Chaco\" \/>\n<meta property=\"og:description\" content=\"Un giro inesperado podr\u00eda abrir nuevas l\u00edneas de investigaci\u00f3n en la causa por la desaparici\u00f3n de Elvis Ben\u00edtez, quien falta desde el 22 de diciembre de 2017. La fiscal Rosana Soto convoc\u00f3 para este lunes una reuni\u00f3n con \u00c9rica Romero, madre del joven, y su abogado Pablo Vianello, en medio de novedades vinculadas a movimientos &hellip;\" \/>\n<meta property=\"og:url\" content=\"https:\/\/aldiachaco.com.ar\/index.php\/2026\/03\/09\/la-desaparicion-de-elvis-benitez-exhibe-impactantes-revelaciones\/\" \/>\n<meta property=\"og:site_name\" content=\"Al Dia Chaco\" \/>\n<meta property=\"article:published_time\" content=\"2026-03-09T11:41:46+00:00\" \/>\n<meta property=\"og:image\" content=\"https:\/\/aldiachaco.com.ar\/wp-content\/uploads\/2026\/03\/0903elvis.jpg\" \/>\n\t<meta property=\"og:image:width\" content=\"800\" \/>\n\t<meta property=\"og:image:height\" content=\"579\" \/>\n\t<meta property=\"og:image:type\" content=\"image\/jpeg\" \/>\n<meta name=\"author\" content=\"RedaccionRM\" \/>\n<meta name=\"twitter:card\" content=\"summary_large_image\" \/>\n<meta name=\"twitter:label1\" content=\"Escrito por\" \/>\n\t<meta name=\"twitter:data1\" content=\"RedaccionRM\" \/>\n\t<meta name=\"twitter:label2\" content=\"Tiempo de lectura\" \/>\n\t<meta name=\"twitter:data2\" content=\"3 minutos\" \/>\n<script type=\"application\/ld+json\" class=\"yoast-schema-graph\">{\"@context\":\"https:\\\/\\\/schema.org\",\"@graph\":[{\"@type\":\"Article\",\"@id\":\"https:\\\/\\\/aldiachaco.com.ar\\\/index.php\\\/2026\\\/03\\\/09\\\/la-desaparicion-de-elvis-benitez-exhibe-impactantes-revelaciones\\\/#article\",\"isPartOf\":{\"@id\":\"https:\\\/\\\/aldiachaco.com.ar\\\/index.php\\\/2026\\\/03\\\/09\\\/la-desaparicion-de-elvis-benitez-exhibe-impactantes-revelaciones\\\/\"},\"author\":{\"name\":\"RedaccionRM\",\"@id\":\"https:\\\/\\\/aldiachaco.com.ar\\\/#\\\/schema\\\/person\\\/b24e975af8022082f5889a7a7299e962\"},\"headline\":\"La desaparici\u00f3n de Elvis Ben\u00edtez exhibe impactantes revelaciones\",\"datePublished\":\"2026-03-09T11:41:46+00:00\",\"mainEntityOfPage\":{\"@id\":\"https:\\\/\\\/aldiachaco.com.ar\\\/index.php\\\/2026\\\/03\\\/09\\\/la-desaparicion-de-elvis-benitez-exhibe-impactantes-revelaciones\\\/\"},\"wordCount\":583,\"commentCount\":0,\"publisher\":{\"@id\":\"https:\\\/\\\/aldiachaco.com.ar\\\/#organization\"},\"image\":{\"@id\":\"https:\\\/\\\/aldiachaco.com.ar\\\/index.php\\\/2026\\\/03\\\/09\\\/la-desaparicion-de-elvis-benitez-exhibe-impactantes-revelaciones\\\/#primaryimage\"},\"thumbnailUrl\":\"https:\\\/\\\/aldiachaco.com.ar\\\/wp-content\\\/uploads\\\/2026\\\/03\\\/0903elvis.jpg\",\"articleSection\":[\"Actualidad\"],\"inLanguage\":\"es-AR\",\"potentialAction\":[{\"@type\":\"CommentAction\",\"name\":\"Comment\",\"target\":[\"https:\\\/\\\/aldiachaco.com.ar\\\/index.php\\\/2026\\\/03\\\/09\\\/la-desaparicion-de-elvis-benitez-exhibe-impactantes-revelaciones\\\/#respond\"]}]},{\"@type\":\"WebPage\",\"@id\":\"https:\\\/\\\/aldiachaco.com.ar\\\/index.php\\\/2026\\\/03\\\/09\\\/la-desaparicion-de-elvis-benitez-exhibe-impactantes-revelaciones\\\/\",\"url\":\"https:\\\/\\\/aldiachaco.com.ar\\\/index.php\\\/2026\\\/03\\\/09\\\/la-desaparicion-de-elvis-benitez-exhibe-impactantes-revelaciones\\\/\",\"name\":\"La desaparici\u00f3n de Elvis Ben\u00edtez exhibe impactantes revelaciones | Al Dia Chaco\",\"isPartOf\":{\"@id\":\"https:\\\/\\\/aldiachaco.com.ar\\\/#website\"},\"primaryImageOfPage\":{\"@id\":\"https:\\\/\\\/aldiachaco.com.ar\\\/index.php\\\/2026\\\/03\\\/09\\\/la-desaparicion-de-elvis-benitez-exhibe-impactantes-revelaciones\\\/#primaryimage\"},\"image\":{\"@id\":\"https:\\\/\\\/aldiachaco.com.ar\\\/index.php\\\/2026\\\/03\\\/09\\\/la-desaparicion-de-elvis-benitez-exhibe-impactantes-revelaciones\\\/#primaryimage\"},\"thumbnailUrl\":\"https:\\\/\\\/aldiachaco.com.ar\\\/wp-content\\\/uploads\\\/2026\\\/03\\\/0903elvis.jpg\",\"datePublished\":\"2026-03-09T11:41:46+00:00\",\"breadcrumb\":{\"@id\":\"https:\\\/\\\/aldiachaco.com.ar\\\/index.php\\\/2026\\\/03\\\/09\\\/la-desaparicion-de-elvis-benitez-exhibe-impactantes-revelaciones\\\/#breadcrumb\"},\"inLanguage\":\"es-AR\",\"potentialAction\":[{\"@type\":\"ReadAction\",\"target\":[\"https:\\\/\\\/aldiachaco.com.ar\\\/index.php\\\/2026\\\/03\\\/09\\\/la-desaparicion-de-elvis-benitez-exhibe-impactantes-revelaciones\\\/\"]}]},{\"@type\":\"ImageObject\",\"inLanguage\":\"es-AR\",\"@id\":\"https:\\\/\\\/aldiachaco.com.ar\\\/index.php\\\/2026\\\/03\\\/09\\\/la-desaparicion-de-elvis-benitez-exhibe-impactantes-revelaciones\\\/#primaryimage\",\"url\":\"https:\\\/\\\/aldiachaco.com.ar\\\/wp-content\\\/uploads\\\/2026\\\/03\\\/0903elvis.jpg\",\"contentUrl\":\"https:\\\/\\\/aldiachaco.com.ar\\\/wp-content\\\/uploads\\\/2026\\\/03\\\/0903elvis.jpg\",\"width\":800,\"height\":579},{\"@type\":\"BreadcrumbList\",\"@id\":\"https:\\\/\\\/aldiachaco.com.ar\\\/index.php\\\/2026\\\/03\\\/09\\\/la-desaparicion-de-elvis-benitez-exhibe-impactantes-revelaciones\\\/#breadcrumb\",\"itemListElement\":[{\"@type\":\"ListItem\",\"position\":1,\"name\":\"Home\",\"item\":\"https:\\\/\\\/aldiachaco.com.ar\\\/\"},{\"@type\":\"ListItem\",\"position\":2,\"name\":\"La desaparici\u00f3n de Elvis Ben\u00edtez exhibe impactantes revelaciones\"}]},{\"@type\":\"WebSite\",\"@id\":\"https:\\\/\\\/aldiachaco.com.ar\\\/#website\",\"url\":\"https:\\\/\\\/aldiachaco.com.ar\\\/\",\"name\":\"Al Dia Chaco\",\"description\":\"Noticias del Chaco y el mundo\",\"publisher\":{\"@id\":\"https:\\\/\\\/aldiachaco.com.ar\\\/#organization\"},\"alternateName\":\"Al D\u00eda Chaco\",\"potentialAction\":[{\"@type\":\"SearchAction\",\"target\":{\"@type\":\"EntryPoint\",\"urlTemplate\":\"https:\\\/\\\/aldiachaco.com.ar\\\/?s={search_term_string}\"},\"query-input\":{\"@type\":\"PropertyValueSpecification\",\"valueRequired\":true,\"valueName\":\"search_term_string\"}}],\"inLanguage\":\"es-AR\"},{\"@type\":\"Organization\",\"@id\":\"https:\\\/\\\/aldiachaco.com.ar\\\/#organization\",\"name\":\"Al Dia Chaco\",\"url\":\"https:\\\/\\\/aldiachaco.com.ar\\\/\",\"logo\":{\"@type\":\"ImageObject\",\"inLanguage\":\"es-AR\",\"@id\":\"https:\\\/\\\/aldiachaco.com.ar\\\/#\\\/schema\\\/logo\\\/image\\\/\",\"url\":\"https:\\\/\\\/aldiachaco.com.ar\\\/wp-content\\\/uploads\\\/2017\\\/11\\\/AL-DIA-CHACO-L@2x.png\",\"contentUrl\":\"https:\\\/\\\/aldiachaco.com.ar\\\/wp-content\\\/uploads\\\/2017\\\/11\\\/AL-DIA-CHACO-L@2x.png\",\"width\":232,\"height\":60,\"caption\":\"Al Dia Chaco\"},\"image\":{\"@id\":\"https:\\\/\\\/aldiachaco.com.ar\\\/#\\\/schema\\\/logo\\\/image\\\/\"}},{\"@type\":\"Person\",\"@id\":\"https:\\\/\\\/aldiachaco.com.ar\\\/#\\\/schema\\\/person\\\/b24e975af8022082f5889a7a7299e962\",\"name\":\"RedaccionRM\",\"image\":{\"@type\":\"ImageObject\",\"inLanguage\":\"es-AR\",\"@id\":\"https:\\\/\\\/aldiachaco.com.ar\\\/wp-content\\\/litespeed\\\/avatar\\\/a30118fcb7a6295303f1c91164c6aba1.jpg?ver=1777339088\",\"url\":\"https:\\\/\\\/aldiachaco.com.ar\\\/wp-content\\\/litespeed\\\/avatar\\\/a30118fcb7a6295303f1c91164c6aba1.jpg?ver=1777339088\",\"contentUrl\":\"https:\\\/\\\/aldiachaco.com.ar\\\/wp-content\\\/litespeed\\\/avatar\\\/a30118fcb7a6295303f1c91164c6aba1.jpg?ver=1777339088\",\"caption\":\"RedaccionRM\"},\"url\":\"https:\\\/\\\/aldiachaco.com.ar\\\/index.php\\\/author\\\/redaccionrm\\\/\"}]}<\/script>\n<!-- \/ Yoast SEO plugin. -->","yoast_head_json":{"title":"La desaparici\u00f3n de Elvis Ben\u00edtez exhibe impactantes revelaciones | Al Dia Chaco","robots":{"index":"index","follow":"follow","max-snippet":"max-snippet:-1","max-image-preview":"max-image-preview:large","max-video-preview":"max-video-preview:-1"},"canonical":"https:\/\/aldiachaco.com.ar\/index.php\/2026\/03\/09\/la-desaparicion-de-elvis-benitez-exhibe-impactantes-revelaciones\/","og_locale":"es_ES","og_type":"article","og_title":"La desaparici\u00f3n de Elvis Ben\u00edtez exhibe impactantes revelaciones | Al Dia Chaco","og_description":"Un giro inesperado podr\u00eda abrir nuevas l\u00edneas de investigaci\u00f3n en la causa por la desaparici\u00f3n de Elvis Ben\u00edtez, quien falta desde el 22 de diciembre de 2017. La fiscal Rosana Soto convoc\u00f3 para este lunes una reuni\u00f3n con \u00c9rica Romero, madre del joven, y su abogado Pablo Vianello, en medio de novedades vinculadas a movimientos &hellip;","og_url":"https:\/\/aldiachaco.com.ar\/index.php\/2026\/03\/09\/la-desaparicion-de-elvis-benitez-exhibe-impactantes-revelaciones\/","og_site_name":"Al Dia Chaco","article_published_time":"2026-03-09T11:41:46+00:00","og_image":[{"width":800,"height":579,"url":"https:\/\/aldiachaco.com.ar\/wp-content\/uploads\/2026\/03\/0903elvis.jpg","type":"image\/jpeg"}],"author":"RedaccionRM","twitter_card":"summary_large_image","twitter_misc":{"Escrito por":"RedaccionRM","Tiempo de lectura":"3 minutos"},"schema":{"@context":"https:\/\/schema.org","@graph":[{"@type":"Article","@id":"https:\/\/aldiachaco.com.ar\/index.php\/2026\/03\/09\/la-desaparicion-de-elvis-benitez-exhibe-impactantes-revelaciones\/#article","isPartOf":{"@id":"https:\/\/aldiachaco.com.ar\/index.php\/2026\/03\/09\/la-desaparicion-de-elvis-benitez-exhibe-impactantes-revelaciones\/"},"author":{"name":"RedaccionRM","@id":"https:\/\/aldiachaco.com.ar\/#\/schema\/person\/b24e975af8022082f5889a7a7299e962"},"headline":"La desaparici\u00f3n de Elvis Ben\u00edtez exhibe impactantes revelaciones","datePublished":"2026-03-09T11:41:46+00:00","mainEntityOfPage":{"@id":"https:\/\/aldiachaco.com.ar\/index.php\/2026\/03\/09\/la-desaparicion-de-elvis-benitez-exhibe-impactantes-revelaciones\/"},"wordCount":583,"commentCount":0,"publisher":{"@id":"https:\/\/aldiachaco.com.ar\/#organization"},"image":{"@id":"https:\/\/aldiachaco.com.ar\/index.php\/2026\/03\/09\/la-desaparicion-de-elvis-benitez-exhibe-impactantes-revelaciones\/#primaryimage"},"thumbnailUrl":"https:\/\/aldiachaco.com.ar\/wp-content\/uploads\/2026\/03\/0903elvis.jpg","articleSection":["Actualidad"],"inLanguage":"es-AR","potentialAction":[{"@type":"CommentAction","name":"Comment","target":["https:\/\/aldiachaco.com.ar\/index.php\/2026\/03\/09\/la-desaparicion-de-elvis-benitez-exhibe-impactantes-revelaciones\/#respond"]}]},{"@type":"WebPage","@id":"https:\/\/aldiachaco.com.ar\/index.php\/2026\/03\/09\/la-desaparicion-de-elvis-benitez-exhibe-impactantes-revelaciones\/","url":"https:\/\/aldiachaco.com.ar\/index.php\/2026\/03\/09\/la-desaparicion-de-elvis-benitez-exhibe-impactantes-revelaciones\/","name":"La desaparici\u00f3n de Elvis Ben\u00edtez exhibe impactantes revelaciones | Al Dia Chaco","isPartOf":{"@id":"https:\/\/aldiachaco.com.ar\/#website"},"primaryImageOfPage":{"@id":"https:\/\/aldiachaco.com.ar\/index.php\/2026\/03\/09\/la-desaparicion-de-elvis-benitez-exhibe-impactantes-revelaciones\/#primaryimage"},"image":{"@id":"https:\/\/aldiachaco.com.ar\/index.php\/2026\/03\/09\/la-desaparicion-de-elvis-benitez-exhibe-impactantes-revelaciones\/#primaryimage"},"thumbnailUrl":"https:\/\/aldiachaco.com.ar\/wp-content\/uploads\/2026\/03\/0903elvis.jpg","datePublished":"2026-03-09T11:41:46+00:00","breadcrumb":{"@id":"https:\/\/aldiachaco.com.ar\/index.php\/2026\/03\/09\/la-desaparicion-de-elvis-benitez-exhibe-impactantes-revelaciones\/#breadcrumb"},"inLanguage":"es-AR","potentialAction":[{"@type":"ReadAction","target":["https:\/\/aldiachaco.com.ar\/index.php\/2026\/03\/09\/la-desaparicion-de-elvis-benitez-exhibe-impactantes-revelaciones\/"]}]},{"@type":"ImageObject","inLanguage":"es-AR","@id":"https:\/\/aldiachaco.com.ar\/index.php\/2026\/03\/09\/la-desaparicion-de-elvis-benitez-exhibe-impactantes-revelaciones\/#primaryimage","url":"https:\/\/aldiachaco.com.ar\/wp-content\/uploads\/2026\/03\/0903elvis.jpg","contentUrl":"https:\/\/aldiachaco.com.ar\/wp-content\/uploads\/2026\/03\/0903elvis.jpg","width":800,"height":579},{"@type":"BreadcrumbList","@id":"https:\/\/aldiachaco.com.ar\/index.php\/2026\/03\/09\/la-desaparicion-de-elvis-benitez-exhibe-impactantes-revelaciones\/#breadcrumb","itemListElement":[{"@type":"ListItem","position":1,"name":"Home","item":"https:\/\/aldiachaco.com.ar\/"},{"@type":"ListItem","position":2,"name":"La desaparici\u00f3n de Elvis Ben\u00edtez exhibe impactantes revelaciones"}]},{"@type":"WebSite","@id":"https:\/\/aldiachaco.com.ar\/#website","url":"https:\/\/aldiachaco.com.ar\/","name":"Al Dia Chaco","description":"Noticias del Chaco y el mundo","publisher":{"@id":"https:\/\/aldiachaco.com.ar\/#organization"},"alternateName":"Al D\u00eda Chaco","potentialAction":[{"@type":"SearchAction","target":{"@type":"EntryPoint","urlTemplate":"https:\/\/aldiachaco.com.ar\/?s={search_term_string}"},"query-input":{"@type":"PropertyValueSpecification","valueRequired":true,"valueName":"search_term_string"}}],"inLanguage":"es-AR"},{"@type":"Organization","@id":"https:\/\/aldiachaco.com.ar\/#organization","name":"Al Dia Chaco","url":"https:\/\/aldiachaco.com.ar\/","logo":{"@type":"ImageObject","inLanguage":"es-AR","@id":"https:\/\/aldiachaco.com.ar\/#\/schema\/logo\/image\/","url":"https:\/\/aldiachaco.com.ar\/wp-content\/uploads\/2017\/11\/AL-DIA-CHACO-L@2x.png","contentUrl":"https:\/\/aldiachaco.com.ar\/wp-content\/uploads\/2017\/11\/AL-DIA-CHACO-L@2x.png","width":232,"height":60,"caption":"Al Dia Chaco"},"image":{"@id":"https:\/\/aldiachaco.com.ar\/#\/schema\/logo\/image\/"}},{"@type":"Person","@id":"https:\/\/aldiachaco.com.ar\/#\/schema\/person\/b24e975af8022082f5889a7a7299e962","name":"RedaccionRM","image":{"@type":"ImageObject","inLanguage":"es-AR","@id":"https:\/\/aldiachaco.com.ar\/wp-content\/litespeed\/avatar\/a30118fcb7a6295303f1c91164c6aba1.jpg?ver=1777339088","url":"https:\/\/aldiachaco.com.ar\/wp-content\/litespeed\/avatar\/a30118fcb7a6295303f1c91164c6aba1.jpg?ver=1777339088","contentUrl":"https:\/\/aldiachaco.com.ar\/wp-content\/litespeed\/avatar\/a30118fcb7a6295303f1c91164c6aba1.jpg?ver=1777339088","caption":"RedaccionRM"},"url":"https:\/\/aldiachaco.com.ar\/index.php\/author\/redaccionrm\/"}]}},"jetpack_publicize_connections":[],"jetpack_featured_media_url":"https:\/\/aldiachaco.com.ar\/wp-content\/uploads\/2026\/03\/0903elvis.jpg","jetpack_sharing_enabled":true,"amp_enabled":true,"_links":{"self":[{"href":"https:\/\/aldiachaco.com.ar\/index.php\/wp-json\/wp\/v2\/posts\/117538","targetHints":{"allow":["GET"]}}],"collection":[{"href":"https:\/\/aldiachaco.com.ar\/index.php\/wp-json\/wp\/v2\/posts"}],"about":[{"href":"https:\/\/aldiachaco.com.ar\/index.php\/wp-json\/wp\/v2\/types\/post"}],"author":[{"embeddable":true,"href":"https:\/\/aldiachaco.com.ar\/index.php\/wp-json\/wp\/v2\/users\/9"}],"replies":[{"embeddable":true,"href":"https:\/\/aldiachaco.com.ar\/index.php\/wp-json\/wp\/v2\/comments?post=117538"}],"version-history":[{"count":1,"href":"https:\/\/aldiachaco.com.ar\/index.php\/wp-json\/wp\/v2\/posts\/117538\/revisions"}],"predecessor-version":[{"id":117540,"href":"https:\/\/aldiachaco.com.ar\/index.php\/wp-json\/wp\/v2\/posts\/117538\/revisions\/117540"}],"wp:featuredmedia":[{"embeddable":true,"href":"https:\/\/aldiachaco.com.ar\/index.php\/wp-json\/wp\/v2\/media\/117539"}],"wp:attachment":[{"href":"https:\/\/aldiachaco.com.ar\/index.php\/wp-json\/wp\/v2\/media?parent=117538"}],"wp:term":[{"taxonomy":"category","embeddable":true,"href":"https:\/\/aldiachaco.com.ar\/index.php\/wp-json\/wp\/v2\/categories?post=117538"},{"taxonomy":"post_tag","embeddable":true,"href":"https:\/\/aldiachaco.com.ar\/index.php\/wp-json\/wp\/v2\/tags?post=117538"}],"curies":[{"name":"wp","href":"https:\/\/api.w.org\/{rel}","templated":true}]}}