{"id":117532,"date":"2026-03-09T07:41:36","date_gmt":"2026-03-09T10:41:36","guid":{"rendered":"https:\/\/aldiachaco.com.ar\/?p=117532"},"modified":"2026-03-09T07:41:36","modified_gmt":"2026-03-09T10:41:36","slug":"es-falso-que-tenga-vinculos-con-la-afa-y-que-vaya-a-salvar-a-chiqui-tapia","status":"publish","type":"post","link":"https:\/\/aldiachaco.com.ar\/index.php\/2026\/03\/09\/es-falso-que-tenga-vinculos-con-la-afa-y-que-vaya-a-salvar-a-chiqui-tapia\/","title":{"rendered":"&#8220;Es falso que tenga v\u00ednculos con la AFA y que vaya a salvar a Chiqui Tapia&#8221;"},"content":{"rendered":"<p class=\"ds-markdown-paragraph\">El presidente Javier Milei defendi\u00f3 este domingo la designaci\u00f3n de Juan Bautista Mahiques como ministro de Justicia y neg\u00f3 rotundamente que el nuevo funcionario tenga v\u00ednculos con dirigentes de la Asociaci\u00f3n del F\u00fatbol Argentino (AFA), como Claudio &#8220;Chiqui&#8221; Tapia y Pablo Toviggino.<\/p>\n<p class=\"ds-markdown-paragraph\">&#8220;Es falso que Mahiques tenga v\u00ednculos con la AFA. Es falso que vaya a salvar a Claudio &#8216;Chiqui&#8217; Tapia o a Pablo Toviggino. Si son culpables, que paguen&#8221;, dijo el presidente.<\/p>\n<p class=\"ds-markdown-paragraph\">Mahiques, exfiscal general de la Ciudad de Buenos Aires e hijo del camarista federal Carlos &#8220;Coco&#8221; Mahiques, asumi\u00f3 el cargo en un contexto de tensiones judiciales. El padre del nuevo ministro hab\u00eda intervenido recientemente en una causa relacionada con una propiedad adjudicada a Toviggino, tesorero de la AFA, pero abandon\u00f3 el expediente.<\/p>\n<p class=\"ds-markdown-paragraph\">Milei asegur\u00f3 que el nuevo ministro &#8220;tiene mucho trabajo en la funci\u00f3n p\u00fablica en la justicia. Es alguien que entiende y que est\u00e1 en condiciones de hacer frente a un ministro tan importante como el de Justicia&#8221;. En esa l\u00ednea, agreg\u00f3: &#8220;Lo eleg\u00ed porque sabe c\u00f3mo funciona el sistema. Conoce la din\u00e1mica del sector judicial. Necesito que un ministro resuelva problemas, no que venga a aprender&#8221;.<\/p>\n<p class=\"ds-markdown-paragraph\">Tal como lo anunci\u00f3 el Ministerio de Justicia este domingo, Milei confirm\u00f3 que buscar\u00e1n resolver la problem\u00e1tica de las vacantes judiciales y remarc\u00f3 que con &#8220;aquellas que requieren una mayor\u00eda simple podemos avanzar sin problemas, y se va a intentar encontrar a los mejores&#8221;.<\/p>\n<p class=\"ds-markdown-paragraph\">El Jefe de Estado se refiri\u00f3 al abucheo que recibi\u00f3 en el Congreso durante la apertura de sesiones y destac\u00f3 que &#8220;a m\u00ed no me van a llevar puesto como a Macri&#8221; porque &#8220;yo tengo un perfil m\u00e1s gladiador. Al kirchnerismo no le regalo un mil\u00edmetro. Me parece triste estar discutiendo las formas. No me voy a dejar pisotear por los que destruyeron la Argentina&#8221;.<\/p>\n<p class=\"ds-markdown-paragraph\">Milei apunt\u00f3 tambi\u00e9n contra empresarios como Javier Madanes Quintanilla de Fate y Paolo Rocca de Techint, acus\u00e1ndolos de pr\u00e1cticas &#8220;prebendarias y extorsionadoras&#8221;. Mencion\u00f3 los sobreprecios en el acero y casos como el de la empresa Fate: &#8220;Entiendo el dolor enorme de aquellos 920 empleados que est\u00e1n perdiendo su trabajo. Comparto su dolor. He estado desempleado. S\u00e9 el sufrimiento y el dolor&#8221;.<\/p>\n<p class=\"ds-markdown-paragraph\">&#8220;Fate ten\u00eda problemas hace muchos a\u00f1os, era una pr\u00e1ctica tradicional de apretar gobiernos con que, si no le sub\u00edan la protecci\u00f3n para Fate y Aluar, tiraba a la gente a la calle. \u00bfCree que no llam\u00f3 antes para decir que iba a tirar a la gente a la calle? A m\u00ed no, pero s\u00ed a gente del Gobierno&#8221;, profundiz\u00f3 el mandatario al respecto.<\/p>\n<p class=\"ds-markdown-paragraph\">Finalmente, consultado por una posible reelecci\u00f3n el a\u00f1o que viene, Milei dijo que &#8220;si hago las cosas bien, surgir\u00e1&#8221;, pero anticip\u00f3 su retiro en 2031 para vivir en un campo.<\/p>\n","protected":false},"excerpt":{"rendered":"<p>El presidente Javier Milei defendi\u00f3 este domingo la designaci\u00f3n de Juan Bautista Mahiques como ministro de Justicia y neg\u00f3 rotundamente que el nuevo funcionario tenga v\u00ednculos con dirigentes de la Asociaci\u00f3n del F\u00fatbol Argentino (AFA), como Claudio &#8220;Chiqui&#8221; Tapia y Pablo Toviggino. &#8220;Es falso que Mahiques tenga v\u00ednculos con la AFA. Es falso que vaya &hellip;<\/p>\n","protected":false},"author":9,"featured_media":117533,"comment_status":"open","ping_status":"open","sticky":false,"template":"","format":"standard","meta":{"content-type":"","_monsterinsights_skip_tracking":false,"_monsterinsights_sitenote_active":false,"_monsterinsights_sitenote_note":"","_monsterinsights_sitenote_category":0,"_jetpack_memberships_contains_paid_content":false,"footnotes":"","jetpack_publicize_message":"","jetpack_publicize_feature_enabled":true,"jetpack_social_post_already_shared":true,"jetpack_social_options":{"image_generator_settings":{"template":"highway","default_image_id":0,"font":"","enabled":false},"version":2}},"categories":[153],"tags":[],"class_list":["post-117532","post","type-post","status-publish","format-standard","has-post-thumbnail","hentry","category-politica"],"yoast_head":"<!-- This site is optimized with the Yoast SEO plugin v27.4 - https:\/\/yoast.com\/product\/yoast-seo-wordpress\/ -->\n<title>&quot;Es falso que tenga v\u00ednculos con la AFA y que vaya a salvar a Chiqui Tapia&quot; | Al Dia Chaco<\/title>\n<meta name=\"robots\" content=\"index, follow, max-snippet:-1, max-image-preview:large, max-video-preview:-1\" \/>\n<link rel=\"canonical\" href=\"https:\/\/aldiachaco.com.ar\/index.php\/2026\/03\/09\/es-falso-que-tenga-vinculos-con-la-afa-y-que-vaya-a-salvar-a-chiqui-tapia\/\" \/>\n<meta property=\"og:locale\" content=\"es_ES\" \/>\n<meta property=\"og:type\" content=\"article\" \/>\n<meta property=\"og:title\" content=\"&quot;Es falso que tenga v\u00ednculos con la AFA y que vaya a salvar a Chiqui Tapia&quot; | Al Dia Chaco\" \/>\n<meta property=\"og:description\" content=\"El presidente Javier Milei defendi\u00f3 este domingo la designaci\u00f3n de Juan Bautista Mahiques como ministro de Justicia y neg\u00f3 rotundamente que el nuevo funcionario tenga v\u00ednculos con dirigentes de la Asociaci\u00f3n del F\u00fatbol Argentino (AFA), como Claudio &#8220;Chiqui&#8221; Tapia y Pablo Toviggino. &#8220;Es falso que Mahiques tenga v\u00ednculos con la AFA. Es falso que vaya &hellip;\" \/>\n<meta property=\"og:url\" content=\"https:\/\/aldiachaco.com.ar\/index.php\/2026\/03\/09\/es-falso-que-tenga-vinculos-con-la-afa-y-que-vaya-a-salvar-a-chiqui-tapia\/\" \/>\n<meta property=\"og:site_name\" content=\"Al Dia Chaco\" \/>\n<meta property=\"article:published_time\" content=\"2026-03-09T10:41:36+00:00\" \/>\n<meta property=\"og:image\" content=\"https:\/\/aldiachaco.com.ar\/wp-content\/uploads\/2026\/03\/Captura-de-pantalla-2026-03-09-073628.png\" \/>\n\t<meta property=\"og:image:width\" content=\"1074\" \/>\n\t<meta property=\"og:image:height\" content=\"599\" \/>\n\t<meta property=\"og:image:type\" content=\"image\/png\" \/>\n<meta name=\"author\" content=\"RedaccionRM\" \/>\n<meta name=\"twitter:card\" content=\"summary_large_image\" \/>\n<meta name=\"twitter:label1\" content=\"Escrito por\" \/>\n\t<meta name=\"twitter:data1\" content=\"RedaccionRM\" \/>\n\t<meta name=\"twitter:label2\" content=\"Tiempo de lectura\" \/>\n\t<meta name=\"twitter:data2\" content=\"3 minutos\" \/>\n<script type=\"application\/ld+json\" class=\"yoast-schema-graph\">{\"@context\":\"https:\\\/\\\/schema.org\",\"@graph\":[{\"@type\":\"Article\",\"@id\":\"https:\\\/\\\/aldiachaco.com.ar\\\/index.php\\\/2026\\\/03\\\/09\\\/es-falso-que-tenga-vinculos-con-la-afa-y-que-vaya-a-salvar-a-chiqui-tapia\\\/#article\",\"isPartOf\":{\"@id\":\"https:\\\/\\\/aldiachaco.com.ar\\\/index.php\\\/2026\\\/03\\\/09\\\/es-falso-que-tenga-vinculos-con-la-afa-y-que-vaya-a-salvar-a-chiqui-tapia\\\/\"},\"author\":{\"name\":\"RedaccionRM\",\"@id\":\"https:\\\/\\\/aldiachaco.com.ar\\\/#\\\/schema\\\/person\\\/b24e975af8022082f5889a7a7299e962\"},\"headline\":\"&#8220;Es falso que tenga v\u00ednculos con la AFA y que vaya a salvar a Chiqui Tapia&#8221;\",\"datePublished\":\"2026-03-09T10:41:36+00:00\",\"mainEntityOfPage\":{\"@id\":\"https:\\\/\\\/aldiachaco.com.ar\\\/index.php\\\/2026\\\/03\\\/09\\\/es-falso-que-tenga-vinculos-con-la-afa-y-que-vaya-a-salvar-a-chiqui-tapia\\\/\"},\"wordCount\":496,\"commentCount\":0,\"publisher\":{\"@id\":\"https:\\\/\\\/aldiachaco.com.ar\\\/#organization\"},\"image\":{\"@id\":\"https:\\\/\\\/aldiachaco.com.ar\\\/index.php\\\/2026\\\/03\\\/09\\\/es-falso-que-tenga-vinculos-con-la-afa-y-que-vaya-a-salvar-a-chiqui-tapia\\\/#primaryimage\"},\"thumbnailUrl\":\"https:\\\/\\\/aldiachaco.com.ar\\\/wp-content\\\/uploads\\\/2026\\\/03\\\/Captura-de-pantalla-2026-03-09-073628.png\",\"articleSection\":[\"Pol\u00edtica\"],\"inLanguage\":\"es-AR\",\"potentialAction\":[{\"@type\":\"CommentAction\",\"name\":\"Comment\",\"target\":[\"https:\\\/\\\/aldiachaco.com.ar\\\/index.php\\\/2026\\\/03\\\/09\\\/es-falso-que-tenga-vinculos-con-la-afa-y-que-vaya-a-salvar-a-chiqui-tapia\\\/#respond\"]}]},{\"@type\":\"WebPage\",\"@id\":\"https:\\\/\\\/aldiachaco.com.ar\\\/index.php\\\/2026\\\/03\\\/09\\\/es-falso-que-tenga-vinculos-con-la-afa-y-que-vaya-a-salvar-a-chiqui-tapia\\\/\",\"url\":\"https:\\\/\\\/aldiachaco.com.ar\\\/index.php\\\/2026\\\/03\\\/09\\\/es-falso-que-tenga-vinculos-con-la-afa-y-que-vaya-a-salvar-a-chiqui-tapia\\\/\",\"name\":\"\\\"Es falso que tenga v\u00ednculos con la AFA y que vaya a salvar a Chiqui Tapia\\\" | Al Dia Chaco\",\"isPartOf\":{\"@id\":\"https:\\\/\\\/aldiachaco.com.ar\\\/#website\"},\"primaryImageOfPage\":{\"@id\":\"https:\\\/\\\/aldiachaco.com.ar\\\/index.php\\\/2026\\\/03\\\/09\\\/es-falso-que-tenga-vinculos-con-la-afa-y-que-vaya-a-salvar-a-chiqui-tapia\\\/#primaryimage\"},\"image\":{\"@id\":\"https:\\\/\\\/aldiachaco.com.ar\\\/index.php\\\/2026\\\/03\\\/09\\\/es-falso-que-tenga-vinculos-con-la-afa-y-que-vaya-a-salvar-a-chiqui-tapia\\\/#primaryimage\"},\"thumbnailUrl\":\"https:\\\/\\\/aldiachaco.com.ar\\\/wp-content\\\/uploads\\\/2026\\\/03\\\/Captura-de-pantalla-2026-03-09-073628.png\",\"datePublished\":\"2026-03-09T10:41:36+00:00\",\"breadcrumb\":{\"@id\":\"https:\\\/\\\/aldiachaco.com.ar\\\/index.php\\\/2026\\\/03\\\/09\\\/es-falso-que-tenga-vinculos-con-la-afa-y-que-vaya-a-salvar-a-chiqui-tapia\\\/#breadcrumb\"},\"inLanguage\":\"es-AR\",\"potentialAction\":[{\"@type\":\"ReadAction\",\"target\":[\"https:\\\/\\\/aldiachaco.com.ar\\\/index.php\\\/2026\\\/03\\\/09\\\/es-falso-que-tenga-vinculos-con-la-afa-y-que-vaya-a-salvar-a-chiqui-tapia\\\/\"]}]},{\"@type\":\"ImageObject\",\"inLanguage\":\"es-AR\",\"@id\":\"https:\\\/\\\/aldiachaco.com.ar\\\/index.php\\\/2026\\\/03\\\/09\\\/es-falso-que-tenga-vinculos-con-la-afa-y-que-vaya-a-salvar-a-chiqui-tapia\\\/#primaryimage\",\"url\":\"https:\\\/\\\/aldiachaco.com.ar\\\/wp-content\\\/uploads\\\/2026\\\/03\\\/Captura-de-pantalla-2026-03-09-073628.png\",\"contentUrl\":\"https:\\\/\\\/aldiachaco.com.ar\\\/wp-content\\\/uploads\\\/2026\\\/03\\\/Captura-de-pantalla-2026-03-09-073628.png\",\"width\":1074,\"height\":599},{\"@type\":\"BreadcrumbList\",\"@id\":\"https:\\\/\\\/aldiachaco.com.ar\\\/index.php\\\/2026\\\/03\\\/09\\\/es-falso-que-tenga-vinculos-con-la-afa-y-que-vaya-a-salvar-a-chiqui-tapia\\\/#breadcrumb\",\"itemListElement\":[{\"@type\":\"ListItem\",\"position\":1,\"name\":\"Home\",\"item\":\"https:\\\/\\\/aldiachaco.com.ar\\\/\"},{\"@type\":\"ListItem\",\"position\":2,\"name\":\"&#8220;Es falso que tenga v\u00ednculos con la AFA y que vaya a salvar a Chiqui Tapia&#8221;\"}]},{\"@type\":\"WebSite\",\"@id\":\"https:\\\/\\\/aldiachaco.com.ar\\\/#website\",\"url\":\"https:\\\/\\\/aldiachaco.com.ar\\\/\",\"name\":\"Al Dia Chaco\",\"description\":\"Noticias del Chaco y el mundo\",\"publisher\":{\"@id\":\"https:\\\/\\\/aldiachaco.com.ar\\\/#organization\"},\"alternateName\":\"Al D\u00eda Chaco\",\"potentialAction\":[{\"@type\":\"SearchAction\",\"target\":{\"@type\":\"EntryPoint\",\"urlTemplate\":\"https:\\\/\\\/aldiachaco.com.ar\\\/?s={search_term_string}\"},\"query-input\":{\"@type\":\"PropertyValueSpecification\",\"valueRequired\":true,\"valueName\":\"search_term_string\"}}],\"inLanguage\":\"es-AR\"},{\"@type\":\"Organization\",\"@id\":\"https:\\\/\\\/aldiachaco.com.ar\\\/#organization\",\"name\":\"Al Dia Chaco\",\"url\":\"https:\\\/\\\/aldiachaco.com.ar\\\/\",\"logo\":{\"@type\":\"ImageObject\",\"inLanguage\":\"es-AR\",\"@id\":\"https:\\\/\\\/aldiachaco.com.ar\\\/#\\\/schema\\\/logo\\\/image\\\/\",\"url\":\"https:\\\/\\\/aldiachaco.com.ar\\\/wp-content\\\/uploads\\\/2017\\\/11\\\/AL-DIA-CHACO-L@2x.png\",\"contentUrl\":\"https:\\\/\\\/aldiachaco.com.ar\\\/wp-content\\\/uploads\\\/2017\\\/11\\\/AL-DIA-CHACO-L@2x.png\",\"width\":232,\"height\":60,\"caption\":\"Al Dia Chaco\"},\"image\":{\"@id\":\"https:\\\/\\\/aldiachaco.com.ar\\\/#\\\/schema\\\/logo\\\/image\\\/\"}},{\"@type\":\"Person\",\"@id\":\"https:\\\/\\\/aldiachaco.com.ar\\\/#\\\/schema\\\/person\\\/b24e975af8022082f5889a7a7299e962\",\"name\":\"RedaccionRM\",\"image\":{\"@type\":\"ImageObject\",\"inLanguage\":\"es-AR\",\"@id\":\"https:\\\/\\\/aldiachaco.com.ar\\\/wp-content\\\/litespeed\\\/avatar\\\/a30118fcb7a6295303f1c91164c6aba1.jpg?ver=1776734264\",\"url\":\"https:\\\/\\\/aldiachaco.com.ar\\\/wp-content\\\/litespeed\\\/avatar\\\/a30118fcb7a6295303f1c91164c6aba1.jpg?ver=1776734264\",\"contentUrl\":\"https:\\\/\\\/aldiachaco.com.ar\\\/wp-content\\\/litespeed\\\/avatar\\\/a30118fcb7a6295303f1c91164c6aba1.jpg?ver=1776734264\",\"caption\":\"RedaccionRM\"},\"url\":\"https:\\\/\\\/aldiachaco.com.ar\\\/index.php\\\/author\\\/redaccionrm\\\/\"}]}<\/script>\n<!-- \/ Yoast SEO plugin. -->","yoast_head_json":{"title":"\"Es falso que tenga v\u00ednculos con la AFA y que vaya a salvar a Chiqui Tapia\" | Al Dia Chaco","robots":{"index":"index","follow":"follow","max-snippet":"max-snippet:-1","max-image-preview":"max-image-preview:large","max-video-preview":"max-video-preview:-1"},"canonical":"https:\/\/aldiachaco.com.ar\/index.php\/2026\/03\/09\/es-falso-que-tenga-vinculos-con-la-afa-y-que-vaya-a-salvar-a-chiqui-tapia\/","og_locale":"es_ES","og_type":"article","og_title":"\"Es falso que tenga v\u00ednculos con la AFA y que vaya a salvar a Chiqui Tapia\" | Al Dia Chaco","og_description":"El presidente Javier Milei defendi\u00f3 este domingo la designaci\u00f3n de Juan Bautista Mahiques como ministro de Justicia y neg\u00f3 rotundamente que el nuevo funcionario tenga v\u00ednculos con dirigentes de la Asociaci\u00f3n del F\u00fatbol Argentino (AFA), como Claudio &#8220;Chiqui&#8221; Tapia y Pablo Toviggino. &#8220;Es falso que Mahiques tenga v\u00ednculos con la AFA. Es falso que vaya &hellip;","og_url":"https:\/\/aldiachaco.com.ar\/index.php\/2026\/03\/09\/es-falso-que-tenga-vinculos-con-la-afa-y-que-vaya-a-salvar-a-chiqui-tapia\/","og_site_name":"Al Dia Chaco","article_published_time":"2026-03-09T10:41:36+00:00","og_image":[{"width":1074,"height":599,"url":"https:\/\/aldiachaco.com.ar\/wp-content\/uploads\/2026\/03\/Captura-de-pantalla-2026-03-09-073628.png","type":"image\/png"}],"author":"RedaccionRM","twitter_card":"summary_large_image","twitter_misc":{"Escrito por":"RedaccionRM","Tiempo de lectura":"3 minutos"},"schema":{"@context":"https:\/\/schema.org","@graph":[{"@type":"Article","@id":"https:\/\/aldiachaco.com.ar\/index.php\/2026\/03\/09\/es-falso-que-tenga-vinculos-con-la-afa-y-que-vaya-a-salvar-a-chiqui-tapia\/#article","isPartOf":{"@id":"https:\/\/aldiachaco.com.ar\/index.php\/2026\/03\/09\/es-falso-que-tenga-vinculos-con-la-afa-y-que-vaya-a-salvar-a-chiqui-tapia\/"},"author":{"name":"RedaccionRM","@id":"https:\/\/aldiachaco.com.ar\/#\/schema\/person\/b24e975af8022082f5889a7a7299e962"},"headline":"&#8220;Es falso que tenga v\u00ednculos con la AFA y que vaya a salvar a Chiqui Tapia&#8221;","datePublished":"2026-03-09T10:41:36+00:00","mainEntityOfPage":{"@id":"https:\/\/aldiachaco.com.ar\/index.php\/2026\/03\/09\/es-falso-que-tenga-vinculos-con-la-afa-y-que-vaya-a-salvar-a-chiqui-tapia\/"},"wordCount":496,"commentCount":0,"publisher":{"@id":"https:\/\/aldiachaco.com.ar\/#organization"},"image":{"@id":"https:\/\/aldiachaco.com.ar\/index.php\/2026\/03\/09\/es-falso-que-tenga-vinculos-con-la-afa-y-que-vaya-a-salvar-a-chiqui-tapia\/#primaryimage"},"thumbnailUrl":"https:\/\/aldiachaco.com.ar\/wp-content\/uploads\/2026\/03\/Captura-de-pantalla-2026-03-09-073628.png","articleSection":["Pol\u00edtica"],"inLanguage":"es-AR","potentialAction":[{"@type":"CommentAction","name":"Comment","target":["https:\/\/aldiachaco.com.ar\/index.php\/2026\/03\/09\/es-falso-que-tenga-vinculos-con-la-afa-y-que-vaya-a-salvar-a-chiqui-tapia\/#respond"]}]},{"@type":"WebPage","@id":"https:\/\/aldiachaco.com.ar\/index.php\/2026\/03\/09\/es-falso-que-tenga-vinculos-con-la-afa-y-que-vaya-a-salvar-a-chiqui-tapia\/","url":"https:\/\/aldiachaco.com.ar\/index.php\/2026\/03\/09\/es-falso-que-tenga-vinculos-con-la-afa-y-que-vaya-a-salvar-a-chiqui-tapia\/","name":"\"Es falso que tenga v\u00ednculos con la AFA y que vaya a salvar a Chiqui Tapia\" | Al Dia Chaco","isPartOf":{"@id":"https:\/\/aldiachaco.com.ar\/#website"},"primaryImageOfPage":{"@id":"https:\/\/aldiachaco.com.ar\/index.php\/2026\/03\/09\/es-falso-que-tenga-vinculos-con-la-afa-y-que-vaya-a-salvar-a-chiqui-tapia\/#primaryimage"},"image":{"@id":"https:\/\/aldiachaco.com.ar\/index.php\/2026\/03\/09\/es-falso-que-tenga-vinculos-con-la-afa-y-que-vaya-a-salvar-a-chiqui-tapia\/#primaryimage"},"thumbnailUrl":"https:\/\/aldiachaco.com.ar\/wp-content\/uploads\/2026\/03\/Captura-de-pantalla-2026-03-09-073628.png","datePublished":"2026-03-09T10:41:36+00:00","breadcrumb":{"@id":"https:\/\/aldiachaco.com.ar\/index.php\/2026\/03\/09\/es-falso-que-tenga-vinculos-con-la-afa-y-que-vaya-a-salvar-a-chiqui-tapia\/#breadcrumb"},"inLanguage":"es-AR","potentialAction":[{"@type":"ReadAction","target":["https:\/\/aldiachaco.com.ar\/index.php\/2026\/03\/09\/es-falso-que-tenga-vinculos-con-la-afa-y-que-vaya-a-salvar-a-chiqui-tapia\/"]}]},{"@type":"ImageObject","inLanguage":"es-AR","@id":"https:\/\/aldiachaco.com.ar\/index.php\/2026\/03\/09\/es-falso-que-tenga-vinculos-con-la-afa-y-que-vaya-a-salvar-a-chiqui-tapia\/#primaryimage","url":"https:\/\/aldiachaco.com.ar\/wp-content\/uploads\/2026\/03\/Captura-de-pantalla-2026-03-09-073628.png","contentUrl":"https:\/\/aldiachaco.com.ar\/wp-content\/uploads\/2026\/03\/Captura-de-pantalla-2026-03-09-073628.png","width":1074,"height":599},{"@type":"BreadcrumbList","@id":"https:\/\/aldiachaco.com.ar\/index.php\/2026\/03\/09\/es-falso-que-tenga-vinculos-con-la-afa-y-que-vaya-a-salvar-a-chiqui-tapia\/#breadcrumb","itemListElement":[{"@type":"ListItem","position":1,"name":"Home","item":"https:\/\/aldiachaco.com.ar\/"},{"@type":"ListItem","position":2,"name":"&#8220;Es falso que tenga v\u00ednculos con la AFA y que vaya a salvar a Chiqui Tapia&#8221;"}]},{"@type":"WebSite","@id":"https:\/\/aldiachaco.com.ar\/#website","url":"https:\/\/aldiachaco.com.ar\/","name":"Al Dia Chaco","description":"Noticias del Chaco y el mundo","publisher":{"@id":"https:\/\/aldiachaco.com.ar\/#organization"},"alternateName":"Al D\u00eda Chaco","potentialAction":[{"@type":"SearchAction","target":{"@type":"EntryPoint","urlTemplate":"https:\/\/aldiachaco.com.ar\/?s={search_term_string}"},"query-input":{"@type":"PropertyValueSpecification","valueRequired":true,"valueName":"search_term_string"}}],"inLanguage":"es-AR"},{"@type":"Organization","@id":"https:\/\/aldiachaco.com.ar\/#organization","name":"Al Dia Chaco","url":"https:\/\/aldiachaco.com.ar\/","logo":{"@type":"ImageObject","inLanguage":"es-AR","@id":"https:\/\/aldiachaco.com.ar\/#\/schema\/logo\/image\/","url":"https:\/\/aldiachaco.com.ar\/wp-content\/uploads\/2017\/11\/AL-DIA-CHACO-L@2x.png","contentUrl":"https:\/\/aldiachaco.com.ar\/wp-content\/uploads\/2017\/11\/AL-DIA-CHACO-L@2x.png","width":232,"height":60,"caption":"Al Dia Chaco"},"image":{"@id":"https:\/\/aldiachaco.com.ar\/#\/schema\/logo\/image\/"}},{"@type":"Person","@id":"https:\/\/aldiachaco.com.ar\/#\/schema\/person\/b24e975af8022082f5889a7a7299e962","name":"RedaccionRM","image":{"@type":"ImageObject","inLanguage":"es-AR","@id":"https:\/\/aldiachaco.com.ar\/wp-content\/litespeed\/avatar\/a30118fcb7a6295303f1c91164c6aba1.jpg?ver=1776734264","url":"https:\/\/aldiachaco.com.ar\/wp-content\/litespeed\/avatar\/a30118fcb7a6295303f1c91164c6aba1.jpg?ver=1776734264","contentUrl":"https:\/\/aldiachaco.com.ar\/wp-content\/litespeed\/avatar\/a30118fcb7a6295303f1c91164c6aba1.jpg?ver=1776734264","caption":"RedaccionRM"},"url":"https:\/\/aldiachaco.com.ar\/index.php\/author\/redaccionrm\/"}]}},"jetpack_publicize_connections":[],"jetpack_featured_media_url":"https:\/\/aldiachaco.com.ar\/wp-content\/uploads\/2026\/03\/Captura-de-pantalla-2026-03-09-073628.png","jetpack_sharing_enabled":true,"amp_enabled":true,"_links":{"self":[{"href":"https:\/\/aldiachaco.com.ar\/index.php\/wp-json\/wp\/v2\/posts\/117532","targetHints":{"allow":["GET"]}}],"collection":[{"href":"https:\/\/aldiachaco.com.ar\/index.php\/wp-json\/wp\/v2\/posts"}],"about":[{"href":"https:\/\/aldiachaco.com.ar\/index.php\/wp-json\/wp\/v2\/types\/post"}],"author":[{"embeddable":true,"href":"https:\/\/aldiachaco.com.ar\/index.php\/wp-json\/wp\/v2\/users\/9"}],"replies":[{"embeddable":true,"href":"https:\/\/aldiachaco.com.ar\/index.php\/wp-json\/wp\/v2\/comments?post=117532"}],"version-history":[{"count":1,"href":"https:\/\/aldiachaco.com.ar\/index.php\/wp-json\/wp\/v2\/posts\/117532\/revisions"}],"predecessor-version":[{"id":117534,"href":"https:\/\/aldiachaco.com.ar\/index.php\/wp-json\/wp\/v2\/posts\/117532\/revisions\/117534"}],"wp:featuredmedia":[{"embeddable":true,"href":"https:\/\/aldiachaco.com.ar\/index.php\/wp-json\/wp\/v2\/media\/117533"}],"wp:attachment":[{"href":"https:\/\/aldiachaco.com.ar\/index.php\/wp-json\/wp\/v2\/media?parent=117532"}],"wp:term":[{"taxonomy":"category","embeddable":true,"href":"https:\/\/aldiachaco.com.ar\/index.php\/wp-json\/wp\/v2\/categories?post=117532"},{"taxonomy":"post_tag","embeddable":true,"href":"https:\/\/aldiachaco.com.ar\/index.php\/wp-json\/wp\/v2\/tags?post=117532"}],"curies":[{"name":"wp","href":"https:\/\/api.w.org\/{rel}","templated":true}]}}