{"id":117529,"date":"2026-03-09T06:46:00","date_gmt":"2026-03-09T09:46:00","guid":{"rendered":"https:\/\/aldiachaco.com.ar\/?p=117529"},"modified":"2026-03-09T06:46:00","modified_gmt":"2026-03-09T09:46:00","slug":"chaco-lidera-perdida-de-coparticipacion","status":"publish","type":"post","link":"https:\/\/aldiachaco.com.ar\/index.php\/2026\/03\/09\/chaco-lidera-perdida-de-coparticipacion\/","title":{"rendered":"Chaco lidera p\u00e9rdida de coparticipaci\u00f3n"},"content":{"rendered":"<p>La provincia del Chaco sufri\u00f3 una ca\u00edda estimada de $45.337 millones en recursos provenientes del r\u00e9gimen de coparticipaci\u00f3n federal de impuestos durante el primer bimestre de 2026, seg\u00fan datos difundidos por el Instituto Argentino de An\u00e1lisis Fiscal (IARAF). La cifra ubica al distrito como el m\u00e1s afectado del nordeste argentino en t\u00e9rminos absolutos, reflejando el fuerte impacto que la contracci\u00f3n de la recaudaci\u00f3n tributaria nacional tuvo sobre las transferencias autom\u00e1ticas a las provincias.<\/p>\n<p>&nbsp;<\/p>\n<p>El informe advierte que la recaudaci\u00f3n tributaria en t\u00e9rminos reales cay\u00f3 un 7,6% en enero y un 9,7% en febrero, fen\u00f3meno que redujo la masa coparticipable distribuida entre las jurisdicciones. En el caso chaque\u00f1o, la disminuci\u00f3n de $45.337 millones se explica por la elevada dependencia estructural de los recursos coparticipables dentro de su esquema de financiamiento p\u00fablico. Este contexto fiscal plantea desaf\u00edos para la ejecuci\u00f3n de programas estatales, la planificaci\u00f3n presupuestaria y el sostenimiento de servicios esenciales en el inicio del ejercicio anual.<\/p>\n<p>En el nordeste argentino, las p\u00e9rdidas alcanzaron a todas las provincias de la regi\u00f3n. Corrientes experiment\u00f3 una merma de $34.726 millones, Formosa registr\u00f3 una ca\u00edda de $32.797 millones y Misiones sufri\u00f3 una disminuci\u00f3n de $31.832 millones en recursos coparticipables durante el primer bimestre.<\/p>\n<p>&nbsp;<\/p>\n<p>El estudio del organismo contextualiza este comportamiento dentro del panorama general de las cuentas p\u00fablicas. Durante el primer bimestre de 2026, la recaudaci\u00f3n total alcanz\u00f3 los $34,56 billones. De ese monto, el 37% \u2014equivalente a $12,9 billones\u2014 qued\u00f3 en la Administraci\u00f3n Nacional, mientras que el 32% \u2014unos $11,1 billones\u2014 fue transferido a las provincias a trav\u00e9s del sistema de coparticipaci\u00f3n.<\/p>\n<p>A nivel nacional, la provincia de Buenos Aires aparece como la jurisdicci\u00f3n m\u00e1s afectada en t\u00e9rminos absolutos, con una p\u00e9rdida de $204.499 millones durante el primer bimestre, debido a su peso demogr\u00e1fico, econ\u00f3mico y fiscal dentro del sistema de distribuci\u00f3n de recursos. Le siguen Santa Fe, con una disminuci\u00f3n de $82.957 millones, y C\u00f3rdoba, que registra una ca\u00edda de $81.028 millones en el mismo per\u00edodo.<\/p>\n<p>&nbsp;<\/p>\n<p>Otras provincias tambi\u00e9n presentan descensos significativos: Tucum\u00e1n perdi\u00f3 $44.372 millones, Entre R\u00edos $45.337 millones \u2014cifra similar a la de Chaco\u2014, Santiago del Estero $37.620 millones, Salta $36.656 millones y Mendoza $39.549 millones.<\/p>\n<p>El informe advierte que la evoluci\u00f3n de la recaudaci\u00f3n genera preocupaci\u00f3n tanto en las administraciones provinciales como en el Gobierno nacional. Seg\u00fan estimaciones del IARAF, la porci\u00f3n de la recaudaci\u00f3n que queda en manos de la Naci\u00f3n habr\u00eda ca\u00eddo un 9,3% en t\u00e9rminos reales respecto del primer bimestre de 2025, mientras que la destinada a las provincias se redujo un 7,6%.<\/p>\n<p>En valores absolutos, la Naci\u00f3n habr\u00eda perdido alrededor de $2,4 billones y las provincias aproximadamente $928.112 millones, configurando una p\u00e9rdida conjunta cercana a los $3,5 billones en lo que va del a\u00f1o.<\/p>\n<p>&nbsp;<\/p>\n","protected":false},"excerpt":{"rendered":"<p>La provincia del Chaco sufri\u00f3 una ca\u00edda estimada de $45.337 millones en recursos provenientes del r\u00e9gimen de coparticipaci\u00f3n federal de impuestos durante el primer bimestre de 2026, seg\u00fan datos difundidos por el Instituto Argentino de An\u00e1lisis Fiscal (IARAF). La cifra ubica al distrito como el m\u00e1s afectado del nordeste argentino en t\u00e9rminos absolutos, reflejando el &hellip;<\/p>\n","protected":false},"author":9,"featured_media":117530,"comment_status":"open","ping_status":"open","sticky":false,"template":"","format":"standard","meta":{"content-type":"","_monsterinsights_skip_tracking":false,"_monsterinsights_sitenote_active":false,"_monsterinsights_sitenote_note":"","_monsterinsights_sitenote_category":0,"_jetpack_memberships_contains_paid_content":false,"footnotes":"","jetpack_publicize_message":"","jetpack_publicize_feature_enabled":true,"jetpack_social_post_already_shared":true,"jetpack_social_options":{"image_generator_settings":{"template":"highway","default_image_id":0,"font":"","enabled":false},"version":2}},"categories":[65],"tags":[],"class_list":["post-117529","post","type-post","status-publish","format-standard","has-post-thumbnail","hentry","category-economia"],"yoast_head":"<!-- This site is optimized with the Yoast SEO plugin v27.4 - https:\/\/yoast.com\/product\/yoast-seo-wordpress\/ -->\n<title>Chaco lidera p\u00e9rdida de coparticipaci\u00f3n | Al Dia Chaco<\/title>\n<meta name=\"robots\" content=\"index, follow, max-snippet:-1, max-image-preview:large, max-video-preview:-1\" \/>\n<link rel=\"canonical\" href=\"https:\/\/aldiachaco.com.ar\/index.php\/2026\/03\/09\/chaco-lidera-perdida-de-coparticipacion\/\" \/>\n<meta property=\"og:locale\" content=\"es_ES\" \/>\n<meta property=\"og:type\" content=\"article\" \/>\n<meta property=\"og:title\" content=\"Chaco lidera p\u00e9rdida de coparticipaci\u00f3n | Al Dia Chaco\" \/>\n<meta property=\"og:description\" content=\"La provincia del Chaco sufri\u00f3 una ca\u00edda estimada de $45.337 millones en recursos provenientes del r\u00e9gimen de coparticipaci\u00f3n federal de impuestos durante el primer bimestre de 2026, seg\u00fan datos difundidos por el Instituto Argentino de An\u00e1lisis Fiscal (IARAF). La cifra ubica al distrito como el m\u00e1s afectado del nordeste argentino en t\u00e9rminos absolutos, reflejando el &hellip;\" \/>\n<meta property=\"og:url\" content=\"https:\/\/aldiachaco.com.ar\/index.php\/2026\/03\/09\/chaco-lidera-perdida-de-coparticipacion\/\" \/>\n<meta property=\"og:site_name\" content=\"Al Dia Chaco\" \/>\n<meta property=\"article:published_time\" content=\"2026-03-09T09:46:00+00:00\" \/>\n<meta property=\"og:image\" content=\"https:\/\/aldiachaco.com.ar\/wp-content\/uploads\/2026\/03\/images-2.jpeg\" \/>\n\t<meta property=\"og:image:width\" content=\"225\" \/>\n\t<meta property=\"og:image:height\" content=\"225\" \/>\n\t<meta property=\"og:image:type\" content=\"image\/jpeg\" \/>\n<meta name=\"author\" content=\"RedaccionRM\" \/>\n<meta name=\"twitter:card\" content=\"summary_large_image\" \/>\n<meta name=\"twitter:label1\" content=\"Escrito por\" \/>\n\t<meta name=\"twitter:data1\" content=\"RedaccionRM\" \/>\n\t<meta name=\"twitter:label2\" content=\"Tiempo de lectura\" \/>\n\t<meta name=\"twitter:data2\" content=\"3 minutos\" \/>\n<script type=\"application\/ld+json\" class=\"yoast-schema-graph\">{\"@context\":\"https:\\\/\\\/schema.org\",\"@graph\":[{\"@type\":\"Article\",\"@id\":\"https:\\\/\\\/aldiachaco.com.ar\\\/index.php\\\/2026\\\/03\\\/09\\\/chaco-lidera-perdida-de-coparticipacion\\\/#article\",\"isPartOf\":{\"@id\":\"https:\\\/\\\/aldiachaco.com.ar\\\/index.php\\\/2026\\\/03\\\/09\\\/chaco-lidera-perdida-de-coparticipacion\\\/\"},\"author\":{\"name\":\"RedaccionRM\",\"@id\":\"https:\\\/\\\/aldiachaco.com.ar\\\/#\\\/schema\\\/person\\\/b24e975af8022082f5889a7a7299e962\"},\"headline\":\"Chaco lidera p\u00e9rdida de coparticipaci\u00f3n\",\"datePublished\":\"2026-03-09T09:46:00+00:00\",\"mainEntityOfPage\":{\"@id\":\"https:\\\/\\\/aldiachaco.com.ar\\\/index.php\\\/2026\\\/03\\\/09\\\/chaco-lidera-perdida-de-coparticipacion\\\/\"},\"wordCount\":488,\"commentCount\":0,\"publisher\":{\"@id\":\"https:\\\/\\\/aldiachaco.com.ar\\\/#organization\"},\"image\":{\"@id\":\"https:\\\/\\\/aldiachaco.com.ar\\\/index.php\\\/2026\\\/03\\\/09\\\/chaco-lidera-perdida-de-coparticipacion\\\/#primaryimage\"},\"thumbnailUrl\":\"https:\\\/\\\/aldiachaco.com.ar\\\/wp-content\\\/uploads\\\/2026\\\/03\\\/images-2.jpeg\",\"articleSection\":[\"Econom\u00eda\"],\"inLanguage\":\"es-AR\",\"potentialAction\":[{\"@type\":\"CommentAction\",\"name\":\"Comment\",\"target\":[\"https:\\\/\\\/aldiachaco.com.ar\\\/index.php\\\/2026\\\/03\\\/09\\\/chaco-lidera-perdida-de-coparticipacion\\\/#respond\"]}]},{\"@type\":\"WebPage\",\"@id\":\"https:\\\/\\\/aldiachaco.com.ar\\\/index.php\\\/2026\\\/03\\\/09\\\/chaco-lidera-perdida-de-coparticipacion\\\/\",\"url\":\"https:\\\/\\\/aldiachaco.com.ar\\\/index.php\\\/2026\\\/03\\\/09\\\/chaco-lidera-perdida-de-coparticipacion\\\/\",\"name\":\"Chaco lidera p\u00e9rdida de coparticipaci\u00f3n | Al Dia Chaco\",\"isPartOf\":{\"@id\":\"https:\\\/\\\/aldiachaco.com.ar\\\/#website\"},\"primaryImageOfPage\":{\"@id\":\"https:\\\/\\\/aldiachaco.com.ar\\\/index.php\\\/2026\\\/03\\\/09\\\/chaco-lidera-perdida-de-coparticipacion\\\/#primaryimage\"},\"image\":{\"@id\":\"https:\\\/\\\/aldiachaco.com.ar\\\/index.php\\\/2026\\\/03\\\/09\\\/chaco-lidera-perdida-de-coparticipacion\\\/#primaryimage\"},\"thumbnailUrl\":\"https:\\\/\\\/aldiachaco.com.ar\\\/wp-content\\\/uploads\\\/2026\\\/03\\\/images-2.jpeg\",\"datePublished\":\"2026-03-09T09:46:00+00:00\",\"breadcrumb\":{\"@id\":\"https:\\\/\\\/aldiachaco.com.ar\\\/index.php\\\/2026\\\/03\\\/09\\\/chaco-lidera-perdida-de-coparticipacion\\\/#breadcrumb\"},\"inLanguage\":\"es-AR\",\"potentialAction\":[{\"@type\":\"ReadAction\",\"target\":[\"https:\\\/\\\/aldiachaco.com.ar\\\/index.php\\\/2026\\\/03\\\/09\\\/chaco-lidera-perdida-de-coparticipacion\\\/\"]}]},{\"@type\":\"ImageObject\",\"inLanguage\":\"es-AR\",\"@id\":\"https:\\\/\\\/aldiachaco.com.ar\\\/index.php\\\/2026\\\/03\\\/09\\\/chaco-lidera-perdida-de-coparticipacion\\\/#primaryimage\",\"url\":\"https:\\\/\\\/aldiachaco.com.ar\\\/wp-content\\\/uploads\\\/2026\\\/03\\\/images-2.jpeg\",\"contentUrl\":\"https:\\\/\\\/aldiachaco.com.ar\\\/wp-content\\\/uploads\\\/2026\\\/03\\\/images-2.jpeg\",\"width\":225,\"height\":225},{\"@type\":\"BreadcrumbList\",\"@id\":\"https:\\\/\\\/aldiachaco.com.ar\\\/index.php\\\/2026\\\/03\\\/09\\\/chaco-lidera-perdida-de-coparticipacion\\\/#breadcrumb\",\"itemListElement\":[{\"@type\":\"ListItem\",\"position\":1,\"name\":\"Home\",\"item\":\"https:\\\/\\\/aldiachaco.com.ar\\\/\"},{\"@type\":\"ListItem\",\"position\":2,\"name\":\"Chaco lidera p\u00e9rdida de coparticipaci\u00f3n\"}]},{\"@type\":\"WebSite\",\"@id\":\"https:\\\/\\\/aldiachaco.com.ar\\\/#website\",\"url\":\"https:\\\/\\\/aldiachaco.com.ar\\\/\",\"name\":\"Al Dia Chaco\",\"description\":\"Noticias del Chaco y el mundo\",\"publisher\":{\"@id\":\"https:\\\/\\\/aldiachaco.com.ar\\\/#organization\"},\"alternateName\":\"Al D\u00eda Chaco\",\"potentialAction\":[{\"@type\":\"SearchAction\",\"target\":{\"@type\":\"EntryPoint\",\"urlTemplate\":\"https:\\\/\\\/aldiachaco.com.ar\\\/?s={search_term_string}\"},\"query-input\":{\"@type\":\"PropertyValueSpecification\",\"valueRequired\":true,\"valueName\":\"search_term_string\"}}],\"inLanguage\":\"es-AR\"},{\"@type\":\"Organization\",\"@id\":\"https:\\\/\\\/aldiachaco.com.ar\\\/#organization\",\"name\":\"Al Dia Chaco\",\"url\":\"https:\\\/\\\/aldiachaco.com.ar\\\/\",\"logo\":{\"@type\":\"ImageObject\",\"inLanguage\":\"es-AR\",\"@id\":\"https:\\\/\\\/aldiachaco.com.ar\\\/#\\\/schema\\\/logo\\\/image\\\/\",\"url\":\"https:\\\/\\\/aldiachaco.com.ar\\\/wp-content\\\/uploads\\\/2017\\\/11\\\/AL-DIA-CHACO-L@2x.png\",\"contentUrl\":\"https:\\\/\\\/aldiachaco.com.ar\\\/wp-content\\\/uploads\\\/2017\\\/11\\\/AL-DIA-CHACO-L@2x.png\",\"width\":232,\"height\":60,\"caption\":\"Al Dia Chaco\"},\"image\":{\"@id\":\"https:\\\/\\\/aldiachaco.com.ar\\\/#\\\/schema\\\/logo\\\/image\\\/\"}},{\"@type\":\"Person\",\"@id\":\"https:\\\/\\\/aldiachaco.com.ar\\\/#\\\/schema\\\/person\\\/b24e975af8022082f5889a7a7299e962\",\"name\":\"RedaccionRM\",\"image\":{\"@type\":\"ImageObject\",\"inLanguage\":\"es-AR\",\"@id\":\"https:\\\/\\\/aldiachaco.com.ar\\\/wp-content\\\/litespeed\\\/avatar\\\/a30118fcb7a6295303f1c91164c6aba1.jpg?ver=1777339088\",\"url\":\"https:\\\/\\\/aldiachaco.com.ar\\\/wp-content\\\/litespeed\\\/avatar\\\/a30118fcb7a6295303f1c91164c6aba1.jpg?ver=1777339088\",\"contentUrl\":\"https:\\\/\\\/aldiachaco.com.ar\\\/wp-content\\\/litespeed\\\/avatar\\\/a30118fcb7a6295303f1c91164c6aba1.jpg?ver=1777339088\",\"caption\":\"RedaccionRM\"},\"url\":\"https:\\\/\\\/aldiachaco.com.ar\\\/index.php\\\/author\\\/redaccionrm\\\/\"}]}<\/script>\n<!-- \/ Yoast SEO plugin. -->","yoast_head_json":{"title":"Chaco lidera p\u00e9rdida de coparticipaci\u00f3n | Al Dia Chaco","robots":{"index":"index","follow":"follow","max-snippet":"max-snippet:-1","max-image-preview":"max-image-preview:large","max-video-preview":"max-video-preview:-1"},"canonical":"https:\/\/aldiachaco.com.ar\/index.php\/2026\/03\/09\/chaco-lidera-perdida-de-coparticipacion\/","og_locale":"es_ES","og_type":"article","og_title":"Chaco lidera p\u00e9rdida de coparticipaci\u00f3n | Al Dia Chaco","og_description":"La provincia del Chaco sufri\u00f3 una ca\u00edda estimada de $45.337 millones en recursos provenientes del r\u00e9gimen de coparticipaci\u00f3n federal de impuestos durante el primer bimestre de 2026, seg\u00fan datos difundidos por el Instituto Argentino de An\u00e1lisis Fiscal (IARAF). La cifra ubica al distrito como el m\u00e1s afectado del nordeste argentino en t\u00e9rminos absolutos, reflejando el &hellip;","og_url":"https:\/\/aldiachaco.com.ar\/index.php\/2026\/03\/09\/chaco-lidera-perdida-de-coparticipacion\/","og_site_name":"Al Dia Chaco","article_published_time":"2026-03-09T09:46:00+00:00","og_image":[{"width":225,"height":225,"url":"https:\/\/aldiachaco.com.ar\/wp-content\/uploads\/2026\/03\/images-2.jpeg","type":"image\/jpeg"}],"author":"RedaccionRM","twitter_card":"summary_large_image","twitter_misc":{"Escrito por":"RedaccionRM","Tiempo de lectura":"3 minutos"},"schema":{"@context":"https:\/\/schema.org","@graph":[{"@type":"Article","@id":"https:\/\/aldiachaco.com.ar\/index.php\/2026\/03\/09\/chaco-lidera-perdida-de-coparticipacion\/#article","isPartOf":{"@id":"https:\/\/aldiachaco.com.ar\/index.php\/2026\/03\/09\/chaco-lidera-perdida-de-coparticipacion\/"},"author":{"name":"RedaccionRM","@id":"https:\/\/aldiachaco.com.ar\/#\/schema\/person\/b24e975af8022082f5889a7a7299e962"},"headline":"Chaco lidera p\u00e9rdida de coparticipaci\u00f3n","datePublished":"2026-03-09T09:46:00+00:00","mainEntityOfPage":{"@id":"https:\/\/aldiachaco.com.ar\/index.php\/2026\/03\/09\/chaco-lidera-perdida-de-coparticipacion\/"},"wordCount":488,"commentCount":0,"publisher":{"@id":"https:\/\/aldiachaco.com.ar\/#organization"},"image":{"@id":"https:\/\/aldiachaco.com.ar\/index.php\/2026\/03\/09\/chaco-lidera-perdida-de-coparticipacion\/#primaryimage"},"thumbnailUrl":"https:\/\/aldiachaco.com.ar\/wp-content\/uploads\/2026\/03\/images-2.jpeg","articleSection":["Econom\u00eda"],"inLanguage":"es-AR","potentialAction":[{"@type":"CommentAction","name":"Comment","target":["https:\/\/aldiachaco.com.ar\/index.php\/2026\/03\/09\/chaco-lidera-perdida-de-coparticipacion\/#respond"]}]},{"@type":"WebPage","@id":"https:\/\/aldiachaco.com.ar\/index.php\/2026\/03\/09\/chaco-lidera-perdida-de-coparticipacion\/","url":"https:\/\/aldiachaco.com.ar\/index.php\/2026\/03\/09\/chaco-lidera-perdida-de-coparticipacion\/","name":"Chaco lidera p\u00e9rdida de coparticipaci\u00f3n | Al Dia Chaco","isPartOf":{"@id":"https:\/\/aldiachaco.com.ar\/#website"},"primaryImageOfPage":{"@id":"https:\/\/aldiachaco.com.ar\/index.php\/2026\/03\/09\/chaco-lidera-perdida-de-coparticipacion\/#primaryimage"},"image":{"@id":"https:\/\/aldiachaco.com.ar\/index.php\/2026\/03\/09\/chaco-lidera-perdida-de-coparticipacion\/#primaryimage"},"thumbnailUrl":"https:\/\/aldiachaco.com.ar\/wp-content\/uploads\/2026\/03\/images-2.jpeg","datePublished":"2026-03-09T09:46:00+00:00","breadcrumb":{"@id":"https:\/\/aldiachaco.com.ar\/index.php\/2026\/03\/09\/chaco-lidera-perdida-de-coparticipacion\/#breadcrumb"},"inLanguage":"es-AR","potentialAction":[{"@type":"ReadAction","target":["https:\/\/aldiachaco.com.ar\/index.php\/2026\/03\/09\/chaco-lidera-perdida-de-coparticipacion\/"]}]},{"@type":"ImageObject","inLanguage":"es-AR","@id":"https:\/\/aldiachaco.com.ar\/index.php\/2026\/03\/09\/chaco-lidera-perdida-de-coparticipacion\/#primaryimage","url":"https:\/\/aldiachaco.com.ar\/wp-content\/uploads\/2026\/03\/images-2.jpeg","contentUrl":"https:\/\/aldiachaco.com.ar\/wp-content\/uploads\/2026\/03\/images-2.jpeg","width":225,"height":225},{"@type":"BreadcrumbList","@id":"https:\/\/aldiachaco.com.ar\/index.php\/2026\/03\/09\/chaco-lidera-perdida-de-coparticipacion\/#breadcrumb","itemListElement":[{"@type":"ListItem","position":1,"name":"Home","item":"https:\/\/aldiachaco.com.ar\/"},{"@type":"ListItem","position":2,"name":"Chaco lidera p\u00e9rdida de coparticipaci\u00f3n"}]},{"@type":"WebSite","@id":"https:\/\/aldiachaco.com.ar\/#website","url":"https:\/\/aldiachaco.com.ar\/","name":"Al Dia Chaco","description":"Noticias del Chaco y el mundo","publisher":{"@id":"https:\/\/aldiachaco.com.ar\/#organization"},"alternateName":"Al D\u00eda Chaco","potentialAction":[{"@type":"SearchAction","target":{"@type":"EntryPoint","urlTemplate":"https:\/\/aldiachaco.com.ar\/?s={search_term_string}"},"query-input":{"@type":"PropertyValueSpecification","valueRequired":true,"valueName":"search_term_string"}}],"inLanguage":"es-AR"},{"@type":"Organization","@id":"https:\/\/aldiachaco.com.ar\/#organization","name":"Al Dia Chaco","url":"https:\/\/aldiachaco.com.ar\/","logo":{"@type":"ImageObject","inLanguage":"es-AR","@id":"https:\/\/aldiachaco.com.ar\/#\/schema\/logo\/image\/","url":"https:\/\/aldiachaco.com.ar\/wp-content\/uploads\/2017\/11\/AL-DIA-CHACO-L@2x.png","contentUrl":"https:\/\/aldiachaco.com.ar\/wp-content\/uploads\/2017\/11\/AL-DIA-CHACO-L@2x.png","width":232,"height":60,"caption":"Al Dia Chaco"},"image":{"@id":"https:\/\/aldiachaco.com.ar\/#\/schema\/logo\/image\/"}},{"@type":"Person","@id":"https:\/\/aldiachaco.com.ar\/#\/schema\/person\/b24e975af8022082f5889a7a7299e962","name":"RedaccionRM","image":{"@type":"ImageObject","inLanguage":"es-AR","@id":"https:\/\/aldiachaco.com.ar\/wp-content\/litespeed\/avatar\/a30118fcb7a6295303f1c91164c6aba1.jpg?ver=1777339088","url":"https:\/\/aldiachaco.com.ar\/wp-content\/litespeed\/avatar\/a30118fcb7a6295303f1c91164c6aba1.jpg?ver=1777339088","contentUrl":"https:\/\/aldiachaco.com.ar\/wp-content\/litespeed\/avatar\/a30118fcb7a6295303f1c91164c6aba1.jpg?ver=1777339088","caption":"RedaccionRM"},"url":"https:\/\/aldiachaco.com.ar\/index.php\/author\/redaccionrm\/"}]}},"jetpack_publicize_connections":[],"jetpack_featured_media_url":"https:\/\/aldiachaco.com.ar\/wp-content\/uploads\/2026\/03\/images-2.jpeg","jetpack_sharing_enabled":true,"amp_enabled":true,"_links":{"self":[{"href":"https:\/\/aldiachaco.com.ar\/index.php\/wp-json\/wp\/v2\/posts\/117529","targetHints":{"allow":["GET"]}}],"collection":[{"href":"https:\/\/aldiachaco.com.ar\/index.php\/wp-json\/wp\/v2\/posts"}],"about":[{"href":"https:\/\/aldiachaco.com.ar\/index.php\/wp-json\/wp\/v2\/types\/post"}],"author":[{"embeddable":true,"href":"https:\/\/aldiachaco.com.ar\/index.php\/wp-json\/wp\/v2\/users\/9"}],"replies":[{"embeddable":true,"href":"https:\/\/aldiachaco.com.ar\/index.php\/wp-json\/wp\/v2\/comments?post=117529"}],"version-history":[{"count":1,"href":"https:\/\/aldiachaco.com.ar\/index.php\/wp-json\/wp\/v2\/posts\/117529\/revisions"}],"predecessor-version":[{"id":117531,"href":"https:\/\/aldiachaco.com.ar\/index.php\/wp-json\/wp\/v2\/posts\/117529\/revisions\/117531"}],"wp:featuredmedia":[{"embeddable":true,"href":"https:\/\/aldiachaco.com.ar\/index.php\/wp-json\/wp\/v2\/media\/117530"}],"wp:attachment":[{"href":"https:\/\/aldiachaco.com.ar\/index.php\/wp-json\/wp\/v2\/media?parent=117529"}],"wp:term":[{"taxonomy":"category","embeddable":true,"href":"https:\/\/aldiachaco.com.ar\/index.php\/wp-json\/wp\/v2\/categories?post=117529"},{"taxonomy":"post_tag","embeddable":true,"href":"https:\/\/aldiachaco.com.ar\/index.php\/wp-json\/wp\/v2\/tags?post=117529"}],"curies":[{"name":"wp","href":"https:\/\/api.w.org\/{rel}","templated":true}]}}