{"id":117521,"date":"2026-03-08T11:41:51","date_gmt":"2026-03-08T14:41:51","guid":{"rendered":"https:\/\/aldiachaco.com.ar\/?p=117521"},"modified":"2026-03-08T11:41:51","modified_gmt":"2026-03-08T14:41:51","slug":"el-error-de-un-mecanico-de-alpine","status":"publish","type":"post","link":"https:\/\/aldiachaco.com.ar\/index.php\/2026\/03\/08\/el-error-de-un-mecanico-de-alpine\/","title":{"rendered":"El error de un mec\u00e1nico de Alpine"},"content":{"rendered":"<p class=\"ds-markdown-paragraph\">Un error del equipo Alpine perjudic\u00f3 a Franco Colapinto antes del inicio del Gran Premio de Australia de F\u00f3rmula 1, carrera que abri\u00f3 el campeonato en el circuito callejero de Albert Park, Melbourne. La equivocaci\u00f3n gener\u00f3 una sanci\u00f3n de &#8220;pase y siga&#8221; que complic\u00f3 al piloto argentino de 22 a\u00f1os, quien pese a ello cumpli\u00f3 con una buena actuaci\u00f3n.<\/p>\n<p class=\"ds-markdown-paragraph\">El hecho ocurri\u00f3 antes de la vuelta previa, cuando un mec\u00e1nico de Alpine mir\u00f3 dos veces su reloj y movi\u00f3 el auto de Colapinto hacia atr\u00e1s porque entendi\u00f3 que el coche estaba mal ubicado en el caj\u00f3n de largada. El integrante del equipo franc\u00e9s realiz\u00f3 la maniobra delante de un veedor de la Federaci\u00f3n Internacional del Autom\u00f3vil (FIA) que se encontraba parado al lado del muro de los boxes.<\/p>\n<p class=\"ds-markdown-paragraph\">Luego de la largada \u2014en la que Colapinto tuvo una maniobra a puro reflejo para evitar el impacto contra el Racing Bulls de Liam Lawson\u2014 la Direcci\u00f3n de Carrera inform\u00f3 que el piloto bonaerense estaba bajo investigaci\u00f3n por una infracci\u00f3n previa a la partida. M\u00e1s tarde se conoci\u00f3 el di\u00e1logo por radio entre Franco y su ingeniero, Stuart Barlow, quien le dijo que fue por un mal procedimiento del equipo por la &#8220;l\u00ednea de salida&#8221;.<\/p>\n<p class=\"ds-markdown-paragraph\">&#8220;Me pusieron un Stop and Go, es una locura. Creo que el equipo toc\u00f3 el auto 15 segundos antes de largar. Cosas para trabajar y mejorar&#8221;, afirm\u00f3 Colapinto luego de la carrera.<\/p>\n<p class=\"ds-markdown-paragraph\">El corredor de Pilar cumpli\u00f3 con el pase y siga que lo complic\u00f3 en el comienzo de la competencia, en la que larg\u00f3 con neum\u00e1ticos duros y su administraci\u00f3n le permiti\u00f3 realizar su \u00fanica parada para cambiar gomas en la vuelta 48. Luego gir\u00f3 con neum\u00e1ticos blandos y finaliz\u00f3 en el puesto 14 a bordo del Alpine A526.<\/p>\n<p class=\"ds-markdown-paragraph\">&#8220;Por suerte terminamos la carrera, que fue muy larga. Hay que laburar para mejorar. Ojal\u00e1 tener un poco m\u00e1s de performance y podamos pelear un poco m\u00e1s adelante&#8221;, asever\u00f3 el piloto argentino.<\/p>\n<p class=\"ds-markdown-paragraph\">El director del equipo Alpine, Steve Nielsen, habl\u00f3 sobre la equivocaci\u00f3n que perjudic\u00f3 a Colapinto: &#8220;Desafortunadamente, un error operativo por parte del equipo le oblig\u00f3 a cumplir una sanci\u00f3n que acab\u00f3 con cualquier posibilidad de puntuar. Esto es algo que, como equipo, asumimos con responsabilidad y solo podemos disculparnos con Franco, ya que esto estuvo fuera de su control&#8221;, dijo en un comunicado difundido por la escuder\u00eda francesa.<\/p>\n<p class=\"ds-markdown-paragraph\">Cabe recordar que por primera vez desde su debut en la F1, Colapinto pudo realizar una pretemporada completa, lo que lo puso en igualdad de condiciones con sus rivales. El argentino comenz\u00f3 su primer campeonato completo luego de su estreno absoluto el 1 de septiembre de 2024 con Williams en Monza, Italia, y su presentaci\u00f3n con Alpine el 18 de mayo de 2025 en Imola.<\/p>\n<p class=\"ds-markdown-paragraph\">La apertura de la temporada tuvo el triunfo de George Russell, que lider\u00f3 el 1-2 de Mercedes delante de Kimi Antonelli. El podio lo complet\u00f3 Charles Leclerc, que se luci\u00f3 con Ferrari. El compa\u00f1ero de equipo de Colapinto, Pierre Gasly, pudo cosechar un punto al completar el top diez. La pr\u00f3xima fecha ser\u00e1 el Gran Premio de China en el Circuito Internacional de Shangh\u00e1i.<\/p>\n<p>&nbsp;<\/p>\n<div style=\"width: 1280px;\" class=\"wp-video\"><video class=\"wp-video-shortcode\" id=\"video-117521-1\" width=\"1280\" height=\"720\" preload=\"metadata\" controls=\"controls\"><source type=\"video\/mp4\" src=\"https:\/\/aldiachaco.com.ar\/wp-content\/uploads\/2026\/03\/El-video-que-muestra-el-error-de-un-mecanico-de-Alpine-que-deriv.mp4?_=1\" \/><a href=\"https:\/\/aldiachaco.com.ar\/wp-content\/uploads\/2026\/03\/El-video-que-muestra-el-error-de-un-mecanico-de-Alpine-que-deriv.mp4\">https:\/\/aldiachaco.com.ar\/wp-content\/uploads\/2026\/03\/El-video-que-muestra-el-error-de-un-mecanico-de-Alpine-que-deriv.mp4<\/a><\/video><\/div>\n","protected":false},"excerpt":{"rendered":"<p>Un error del equipo Alpine perjudic\u00f3 a Franco Colapinto antes del inicio del Gran Premio de Australia de F\u00f3rmula 1, carrera que abri\u00f3 el campeonato en el circuito callejero de Albert Park, Melbourne. La equivocaci\u00f3n gener\u00f3 una sanci\u00f3n de &#8220;pase y siga&#8221; que complic\u00f3 al piloto argentino de 22 a\u00f1os, quien pese a ello cumpli\u00f3 &hellip;<\/p>\n","protected":false},"author":9,"featured_media":117523,"comment_status":"open","ping_status":"open","sticky":false,"template":"","format":"standard","meta":{"content-type":"","_monsterinsights_skip_tracking":false,"_monsterinsights_sitenote_active":false,"_monsterinsights_sitenote_note":"","_monsterinsights_sitenote_category":0,"_jetpack_memberships_contains_paid_content":false,"footnotes":"","jetpack_publicize_message":"","jetpack_publicize_feature_enabled":true,"jetpack_social_post_already_shared":true,"jetpack_social_options":{"image_generator_settings":{"template":"highway","default_image_id":0,"font":"","enabled":false},"version":2}},"categories":[72],"tags":[],"class_list":["post-117521","post","type-post","status-publish","format-standard","has-post-thumbnail","hentry","category-deportes"],"yoast_head":"<!-- This site is optimized with the Yoast SEO plugin v27.4 - https:\/\/yoast.com\/product\/yoast-seo-wordpress\/ -->\n<title>El error de un mec\u00e1nico de Alpine | Al Dia Chaco<\/title>\n<meta name=\"robots\" content=\"index, follow, max-snippet:-1, max-image-preview:large, max-video-preview:-1\" \/>\n<link rel=\"canonical\" href=\"https:\/\/aldiachaco.com.ar\/index.php\/2026\/03\/08\/el-error-de-un-mecanico-de-alpine\/\" \/>\n<meta property=\"og:locale\" content=\"es_ES\" \/>\n<meta property=\"og:type\" content=\"article\" \/>\n<meta property=\"og:title\" content=\"El error de un mec\u00e1nico de Alpine | Al Dia Chaco\" \/>\n<meta property=\"og:description\" content=\"Un error del equipo Alpine perjudic\u00f3 a Franco Colapinto antes del inicio del Gran Premio de Australia de F\u00f3rmula 1, carrera que abri\u00f3 el campeonato en el circuito callejero de Albert Park, Melbourne. La equivocaci\u00f3n gener\u00f3 una sanci\u00f3n de &#8220;pase y siga&#8221; que complic\u00f3 al piloto argentino de 22 a\u00f1os, quien pese a ello cumpli\u00f3 &hellip;\" \/>\n<meta property=\"og:url\" content=\"https:\/\/aldiachaco.com.ar\/index.php\/2026\/03\/08\/el-error-de-un-mecanico-de-alpine\/\" \/>\n<meta property=\"og:site_name\" content=\"Al Dia Chaco\" \/>\n<meta property=\"article:published_time\" content=\"2026-03-08T14:41:51+00:00\" \/>\n<meta property=\"og:image\" content=\"https:\/\/aldiachaco.com.ar\/wp-content\/uploads\/2026\/03\/colapinto.png\" \/>\n\t<meta property=\"og:image:width\" content=\"1082\" \/>\n\t<meta property=\"og:image:height\" content=\"606\" \/>\n\t<meta property=\"og:image:type\" content=\"image\/png\" \/>\n<meta name=\"author\" content=\"RedaccionRM\" \/>\n<meta name=\"twitter:card\" content=\"summary_large_image\" \/>\n<meta name=\"twitter:label1\" content=\"Escrito por\" \/>\n\t<meta name=\"twitter:data1\" content=\"RedaccionRM\" \/>\n\t<meta name=\"twitter:label2\" content=\"Tiempo de lectura\" \/>\n\t<meta name=\"twitter:data2\" content=\"3 minutos\" \/>\n<script type=\"application\/ld+json\" class=\"yoast-schema-graph\">{\"@context\":\"https:\\\/\\\/schema.org\",\"@graph\":[{\"@type\":\"Article\",\"@id\":\"https:\\\/\\\/aldiachaco.com.ar\\\/index.php\\\/2026\\\/03\\\/08\\\/el-error-de-un-mecanico-de-alpine\\\/#article\",\"isPartOf\":{\"@id\":\"https:\\\/\\\/aldiachaco.com.ar\\\/index.php\\\/2026\\\/03\\\/08\\\/el-error-de-un-mecanico-de-alpine\\\/\"},\"author\":{\"name\":\"RedaccionRM\",\"@id\":\"https:\\\/\\\/aldiachaco.com.ar\\\/#\\\/schema\\\/person\\\/b24e975af8022082f5889a7a7299e962\"},\"headline\":\"El error de un mec\u00e1nico de Alpine\",\"datePublished\":\"2026-03-08T14:41:51+00:00\",\"mainEntityOfPage\":{\"@id\":\"https:\\\/\\\/aldiachaco.com.ar\\\/index.php\\\/2026\\\/03\\\/08\\\/el-error-de-un-mecanico-de-alpine\\\/\"},\"wordCount\":564,\"commentCount\":0,\"publisher\":{\"@id\":\"https:\\\/\\\/aldiachaco.com.ar\\\/#organization\"},\"image\":{\"@id\":\"https:\\\/\\\/aldiachaco.com.ar\\\/index.php\\\/2026\\\/03\\\/08\\\/el-error-de-un-mecanico-de-alpine\\\/#primaryimage\"},\"thumbnailUrl\":\"https:\\\/\\\/aldiachaco.com.ar\\\/wp-content\\\/uploads\\\/2026\\\/03\\\/colapinto.png\",\"articleSection\":[\"Deportes\"],\"inLanguage\":\"es-AR\",\"potentialAction\":[{\"@type\":\"CommentAction\",\"name\":\"Comment\",\"target\":[\"https:\\\/\\\/aldiachaco.com.ar\\\/index.php\\\/2026\\\/03\\\/08\\\/el-error-de-un-mecanico-de-alpine\\\/#respond\"]}]},{\"@type\":\"WebPage\",\"@id\":\"https:\\\/\\\/aldiachaco.com.ar\\\/index.php\\\/2026\\\/03\\\/08\\\/el-error-de-un-mecanico-de-alpine\\\/\",\"url\":\"https:\\\/\\\/aldiachaco.com.ar\\\/index.php\\\/2026\\\/03\\\/08\\\/el-error-de-un-mecanico-de-alpine\\\/\",\"name\":\"El error de un mec\u00e1nico de Alpine | Al Dia Chaco\",\"isPartOf\":{\"@id\":\"https:\\\/\\\/aldiachaco.com.ar\\\/#website\"},\"primaryImageOfPage\":{\"@id\":\"https:\\\/\\\/aldiachaco.com.ar\\\/index.php\\\/2026\\\/03\\\/08\\\/el-error-de-un-mecanico-de-alpine\\\/#primaryimage\"},\"image\":{\"@id\":\"https:\\\/\\\/aldiachaco.com.ar\\\/index.php\\\/2026\\\/03\\\/08\\\/el-error-de-un-mecanico-de-alpine\\\/#primaryimage\"},\"thumbnailUrl\":\"https:\\\/\\\/aldiachaco.com.ar\\\/wp-content\\\/uploads\\\/2026\\\/03\\\/colapinto.png\",\"datePublished\":\"2026-03-08T14:41:51+00:00\",\"breadcrumb\":{\"@id\":\"https:\\\/\\\/aldiachaco.com.ar\\\/index.php\\\/2026\\\/03\\\/08\\\/el-error-de-un-mecanico-de-alpine\\\/#breadcrumb\"},\"inLanguage\":\"es-AR\",\"potentialAction\":[{\"@type\":\"ReadAction\",\"target\":[\"https:\\\/\\\/aldiachaco.com.ar\\\/index.php\\\/2026\\\/03\\\/08\\\/el-error-de-un-mecanico-de-alpine\\\/\"]}]},{\"@type\":\"ImageObject\",\"inLanguage\":\"es-AR\",\"@id\":\"https:\\\/\\\/aldiachaco.com.ar\\\/index.php\\\/2026\\\/03\\\/08\\\/el-error-de-un-mecanico-de-alpine\\\/#primaryimage\",\"url\":\"https:\\\/\\\/aldiachaco.com.ar\\\/wp-content\\\/uploads\\\/2026\\\/03\\\/colapinto.png\",\"contentUrl\":\"https:\\\/\\\/aldiachaco.com.ar\\\/wp-content\\\/uploads\\\/2026\\\/03\\\/colapinto.png\",\"width\":1082,\"height\":606},{\"@type\":\"BreadcrumbList\",\"@id\":\"https:\\\/\\\/aldiachaco.com.ar\\\/index.php\\\/2026\\\/03\\\/08\\\/el-error-de-un-mecanico-de-alpine\\\/#breadcrumb\",\"itemListElement\":[{\"@type\":\"ListItem\",\"position\":1,\"name\":\"Home\",\"item\":\"https:\\\/\\\/aldiachaco.com.ar\\\/\"},{\"@type\":\"ListItem\",\"position\":2,\"name\":\"El error de un mec\u00e1nico de Alpine\"}]},{\"@type\":\"WebSite\",\"@id\":\"https:\\\/\\\/aldiachaco.com.ar\\\/#website\",\"url\":\"https:\\\/\\\/aldiachaco.com.ar\\\/\",\"name\":\"Al Dia Chaco\",\"description\":\"Noticias del Chaco y el mundo\",\"publisher\":{\"@id\":\"https:\\\/\\\/aldiachaco.com.ar\\\/#organization\"},\"alternateName\":\"Al D\u00eda Chaco\",\"potentialAction\":[{\"@type\":\"SearchAction\",\"target\":{\"@type\":\"EntryPoint\",\"urlTemplate\":\"https:\\\/\\\/aldiachaco.com.ar\\\/?s={search_term_string}\"},\"query-input\":{\"@type\":\"PropertyValueSpecification\",\"valueRequired\":true,\"valueName\":\"search_term_string\"}}],\"inLanguage\":\"es-AR\"},{\"@type\":\"Organization\",\"@id\":\"https:\\\/\\\/aldiachaco.com.ar\\\/#organization\",\"name\":\"Al Dia Chaco\",\"url\":\"https:\\\/\\\/aldiachaco.com.ar\\\/\",\"logo\":{\"@type\":\"ImageObject\",\"inLanguage\":\"es-AR\",\"@id\":\"https:\\\/\\\/aldiachaco.com.ar\\\/#\\\/schema\\\/logo\\\/image\\\/\",\"url\":\"https:\\\/\\\/aldiachaco.com.ar\\\/wp-content\\\/uploads\\\/2017\\\/11\\\/AL-DIA-CHACO-L@2x.png\",\"contentUrl\":\"https:\\\/\\\/aldiachaco.com.ar\\\/wp-content\\\/uploads\\\/2017\\\/11\\\/AL-DIA-CHACO-L@2x.png\",\"width\":232,\"height\":60,\"caption\":\"Al Dia Chaco\"},\"image\":{\"@id\":\"https:\\\/\\\/aldiachaco.com.ar\\\/#\\\/schema\\\/logo\\\/image\\\/\"}},{\"@type\":\"Person\",\"@id\":\"https:\\\/\\\/aldiachaco.com.ar\\\/#\\\/schema\\\/person\\\/b24e975af8022082f5889a7a7299e962\",\"name\":\"RedaccionRM\",\"image\":{\"@type\":\"ImageObject\",\"inLanguage\":\"es-AR\",\"@id\":\"https:\\\/\\\/aldiachaco.com.ar\\\/wp-content\\\/litespeed\\\/avatar\\\/a30118fcb7a6295303f1c91164c6aba1.jpg?ver=1777339088\",\"url\":\"https:\\\/\\\/aldiachaco.com.ar\\\/wp-content\\\/litespeed\\\/avatar\\\/a30118fcb7a6295303f1c91164c6aba1.jpg?ver=1777339088\",\"contentUrl\":\"https:\\\/\\\/aldiachaco.com.ar\\\/wp-content\\\/litespeed\\\/avatar\\\/a30118fcb7a6295303f1c91164c6aba1.jpg?ver=1777339088\",\"caption\":\"RedaccionRM\"},\"url\":\"https:\\\/\\\/aldiachaco.com.ar\\\/index.php\\\/author\\\/redaccionrm\\\/\"}]}<\/script>\n<!-- \/ Yoast SEO plugin. -->","yoast_head_json":{"title":"El error de un mec\u00e1nico de Alpine | Al Dia Chaco","robots":{"index":"index","follow":"follow","max-snippet":"max-snippet:-1","max-image-preview":"max-image-preview:large","max-video-preview":"max-video-preview:-1"},"canonical":"https:\/\/aldiachaco.com.ar\/index.php\/2026\/03\/08\/el-error-de-un-mecanico-de-alpine\/","og_locale":"es_ES","og_type":"article","og_title":"El error de un mec\u00e1nico de Alpine | Al Dia Chaco","og_description":"Un error del equipo Alpine perjudic\u00f3 a Franco Colapinto antes del inicio del Gran Premio de Australia de F\u00f3rmula 1, carrera que abri\u00f3 el campeonato en el circuito callejero de Albert Park, Melbourne. La equivocaci\u00f3n gener\u00f3 una sanci\u00f3n de &#8220;pase y siga&#8221; que complic\u00f3 al piloto argentino de 22 a\u00f1os, quien pese a ello cumpli\u00f3 &hellip;","og_url":"https:\/\/aldiachaco.com.ar\/index.php\/2026\/03\/08\/el-error-de-un-mecanico-de-alpine\/","og_site_name":"Al Dia Chaco","article_published_time":"2026-03-08T14:41:51+00:00","og_image":[{"width":1082,"height":606,"url":"https:\/\/aldiachaco.com.ar\/wp-content\/uploads\/2026\/03\/colapinto.png","type":"image\/png"}],"author":"RedaccionRM","twitter_card":"summary_large_image","twitter_misc":{"Escrito por":"RedaccionRM","Tiempo de lectura":"3 minutos"},"schema":{"@context":"https:\/\/schema.org","@graph":[{"@type":"Article","@id":"https:\/\/aldiachaco.com.ar\/index.php\/2026\/03\/08\/el-error-de-un-mecanico-de-alpine\/#article","isPartOf":{"@id":"https:\/\/aldiachaco.com.ar\/index.php\/2026\/03\/08\/el-error-de-un-mecanico-de-alpine\/"},"author":{"name":"RedaccionRM","@id":"https:\/\/aldiachaco.com.ar\/#\/schema\/person\/b24e975af8022082f5889a7a7299e962"},"headline":"El error de un mec\u00e1nico de Alpine","datePublished":"2026-03-08T14:41:51+00:00","mainEntityOfPage":{"@id":"https:\/\/aldiachaco.com.ar\/index.php\/2026\/03\/08\/el-error-de-un-mecanico-de-alpine\/"},"wordCount":564,"commentCount":0,"publisher":{"@id":"https:\/\/aldiachaco.com.ar\/#organization"},"image":{"@id":"https:\/\/aldiachaco.com.ar\/index.php\/2026\/03\/08\/el-error-de-un-mecanico-de-alpine\/#primaryimage"},"thumbnailUrl":"https:\/\/aldiachaco.com.ar\/wp-content\/uploads\/2026\/03\/colapinto.png","articleSection":["Deportes"],"inLanguage":"es-AR","potentialAction":[{"@type":"CommentAction","name":"Comment","target":["https:\/\/aldiachaco.com.ar\/index.php\/2026\/03\/08\/el-error-de-un-mecanico-de-alpine\/#respond"]}]},{"@type":"WebPage","@id":"https:\/\/aldiachaco.com.ar\/index.php\/2026\/03\/08\/el-error-de-un-mecanico-de-alpine\/","url":"https:\/\/aldiachaco.com.ar\/index.php\/2026\/03\/08\/el-error-de-un-mecanico-de-alpine\/","name":"El error de un mec\u00e1nico de Alpine | Al Dia Chaco","isPartOf":{"@id":"https:\/\/aldiachaco.com.ar\/#website"},"primaryImageOfPage":{"@id":"https:\/\/aldiachaco.com.ar\/index.php\/2026\/03\/08\/el-error-de-un-mecanico-de-alpine\/#primaryimage"},"image":{"@id":"https:\/\/aldiachaco.com.ar\/index.php\/2026\/03\/08\/el-error-de-un-mecanico-de-alpine\/#primaryimage"},"thumbnailUrl":"https:\/\/aldiachaco.com.ar\/wp-content\/uploads\/2026\/03\/colapinto.png","datePublished":"2026-03-08T14:41:51+00:00","breadcrumb":{"@id":"https:\/\/aldiachaco.com.ar\/index.php\/2026\/03\/08\/el-error-de-un-mecanico-de-alpine\/#breadcrumb"},"inLanguage":"es-AR","potentialAction":[{"@type":"ReadAction","target":["https:\/\/aldiachaco.com.ar\/index.php\/2026\/03\/08\/el-error-de-un-mecanico-de-alpine\/"]}]},{"@type":"ImageObject","inLanguage":"es-AR","@id":"https:\/\/aldiachaco.com.ar\/index.php\/2026\/03\/08\/el-error-de-un-mecanico-de-alpine\/#primaryimage","url":"https:\/\/aldiachaco.com.ar\/wp-content\/uploads\/2026\/03\/colapinto.png","contentUrl":"https:\/\/aldiachaco.com.ar\/wp-content\/uploads\/2026\/03\/colapinto.png","width":1082,"height":606},{"@type":"BreadcrumbList","@id":"https:\/\/aldiachaco.com.ar\/index.php\/2026\/03\/08\/el-error-de-un-mecanico-de-alpine\/#breadcrumb","itemListElement":[{"@type":"ListItem","position":1,"name":"Home","item":"https:\/\/aldiachaco.com.ar\/"},{"@type":"ListItem","position":2,"name":"El error de un mec\u00e1nico de Alpine"}]},{"@type":"WebSite","@id":"https:\/\/aldiachaco.com.ar\/#website","url":"https:\/\/aldiachaco.com.ar\/","name":"Al Dia Chaco","description":"Noticias del Chaco y el mundo","publisher":{"@id":"https:\/\/aldiachaco.com.ar\/#organization"},"alternateName":"Al D\u00eda Chaco","potentialAction":[{"@type":"SearchAction","target":{"@type":"EntryPoint","urlTemplate":"https:\/\/aldiachaco.com.ar\/?s={search_term_string}"},"query-input":{"@type":"PropertyValueSpecification","valueRequired":true,"valueName":"search_term_string"}}],"inLanguage":"es-AR"},{"@type":"Organization","@id":"https:\/\/aldiachaco.com.ar\/#organization","name":"Al Dia Chaco","url":"https:\/\/aldiachaco.com.ar\/","logo":{"@type":"ImageObject","inLanguage":"es-AR","@id":"https:\/\/aldiachaco.com.ar\/#\/schema\/logo\/image\/","url":"https:\/\/aldiachaco.com.ar\/wp-content\/uploads\/2017\/11\/AL-DIA-CHACO-L@2x.png","contentUrl":"https:\/\/aldiachaco.com.ar\/wp-content\/uploads\/2017\/11\/AL-DIA-CHACO-L@2x.png","width":232,"height":60,"caption":"Al Dia Chaco"},"image":{"@id":"https:\/\/aldiachaco.com.ar\/#\/schema\/logo\/image\/"}},{"@type":"Person","@id":"https:\/\/aldiachaco.com.ar\/#\/schema\/person\/b24e975af8022082f5889a7a7299e962","name":"RedaccionRM","image":{"@type":"ImageObject","inLanguage":"es-AR","@id":"https:\/\/aldiachaco.com.ar\/wp-content\/litespeed\/avatar\/a30118fcb7a6295303f1c91164c6aba1.jpg?ver=1777339088","url":"https:\/\/aldiachaco.com.ar\/wp-content\/litespeed\/avatar\/a30118fcb7a6295303f1c91164c6aba1.jpg?ver=1777339088","contentUrl":"https:\/\/aldiachaco.com.ar\/wp-content\/litespeed\/avatar\/a30118fcb7a6295303f1c91164c6aba1.jpg?ver=1777339088","caption":"RedaccionRM"},"url":"https:\/\/aldiachaco.com.ar\/index.php\/author\/redaccionrm\/"}]}},"jetpack_publicize_connections":[],"jetpack_featured_media_url":"https:\/\/aldiachaco.com.ar\/wp-content\/uploads\/2026\/03\/colapinto.png","jetpack_sharing_enabled":true,"amp_enabled":true,"_links":{"self":[{"href":"https:\/\/aldiachaco.com.ar\/index.php\/wp-json\/wp\/v2\/posts\/117521","targetHints":{"allow":["GET"]}}],"collection":[{"href":"https:\/\/aldiachaco.com.ar\/index.php\/wp-json\/wp\/v2\/posts"}],"about":[{"href":"https:\/\/aldiachaco.com.ar\/index.php\/wp-json\/wp\/v2\/types\/post"}],"author":[{"embeddable":true,"href":"https:\/\/aldiachaco.com.ar\/index.php\/wp-json\/wp\/v2\/users\/9"}],"replies":[{"embeddable":true,"href":"https:\/\/aldiachaco.com.ar\/index.php\/wp-json\/wp\/v2\/comments?post=117521"}],"version-history":[{"count":1,"href":"https:\/\/aldiachaco.com.ar\/index.php\/wp-json\/wp\/v2\/posts\/117521\/revisions"}],"predecessor-version":[{"id":117524,"href":"https:\/\/aldiachaco.com.ar\/index.php\/wp-json\/wp\/v2\/posts\/117521\/revisions\/117524"}],"wp:featuredmedia":[{"embeddable":true,"href":"https:\/\/aldiachaco.com.ar\/index.php\/wp-json\/wp\/v2\/media\/117523"}],"wp:attachment":[{"href":"https:\/\/aldiachaco.com.ar\/index.php\/wp-json\/wp\/v2\/media?parent=117521"}],"wp:term":[{"taxonomy":"category","embeddable":true,"href":"https:\/\/aldiachaco.com.ar\/index.php\/wp-json\/wp\/v2\/categories?post=117521"},{"taxonomy":"post_tag","embeddable":true,"href":"https:\/\/aldiachaco.com.ar\/index.php\/wp-json\/wp\/v2\/tags?post=117521"}],"curies":[{"name":"wp","href":"https:\/\/api.w.org\/{rel}","templated":true}]}}