{"id":117513,"date":"2026-03-06T22:25:20","date_gmt":"2026-03-07T01:25:20","guid":{"rendered":"https:\/\/aldiachaco.com.ar\/?p=117513"},"modified":"2026-03-06T22:25:20","modified_gmt":"2026-03-07T01:25:20","slug":"fontana-problemas-en-escuelas-complican-inicio-del-ciclo-lectivo","status":"publish","type":"post","link":"https:\/\/aldiachaco.com.ar\/index.php\/2026\/03\/06\/fontana-problemas-en-escuelas-complican-inicio-del-ciclo-lectivo\/","title":{"rendered":"Fontana: problemas en escuelas complican inicio del ciclo lectivo"},"content":{"rendered":"<p data-start=\"123\" data-end=\"408\">El inicio del ciclo lectivo en la ciudad de Fontana qued\u00f3 envuelto en fuertes reclamos de familias y comunidades educativas debido a problemas edilicios y de infraestructura que impidieron que algunos establecimientos comiencen las clases de manera presencial en sus propios edificios.<\/p>\n<p data-start=\"410\" data-end=\"894\">La situaci\u00f3n fue expuesta p\u00fablicamente a trav\u00e9s de una publicaci\u00f3n en la p\u00e1gina de Facebook <strong data-start=\"502\" data-end=\"515\">@zoe.ffmm<\/strong>, donde se detalla que una de las instituciones afectadas es la <strong data-start=\"579\" data-end=\"615\">Escuela N\u00b0 6 de Puerto Vicentini<\/strong>, una de las m\u00e1s antiguas de la zona. Seg\u00fan se inform\u00f3, el establecimiento no se encuentra en condiciones de recibir a los alumnos debido a una serie de inconvenientes que incluyen falta de agua, ba\u00f1os fuera de servicio, presencia de murci\u00e9lagos y diversas necesidades edilicias.<\/p>\n<p data-start=\"896\" data-end=\"1261\">En el mismo contexto tambi\u00e9n se menciona el reclamo de la comunidad educativa de la <strong data-start=\"980\" data-end=\"999\">Escuela N\u00b0 1049<\/strong>, donde padres y docentes solicitan la construcci\u00f3n de una galer\u00eda para resguardar a los estudiantes. De acuerdo a lo manifestado, los alumnos deben permanecer expuestos al sol y a las altas temperaturas, una situaci\u00f3n que genera preocupaci\u00f3n entre las familias.<\/p>\n<p data-start=\"1263\" data-end=\"1486\">Adem\u00e1s, en la publicaci\u00f3n se advierte sobre otro punto sensible: la falta de asistencia alimentaria en algunas instituciones, un recurso que para muchos estudiantes representa una parte importante de su alimentaci\u00f3n diaria.<\/p>\n<p data-start=\"1488\" data-end=\"1872\">La problem\u00e1tica no solo genera inquietud por el estado de los edificios escolares, sino tambi\u00e9n por las dificultades que provoca en la organizaci\u00f3n de las familias. Ante la imposibilidad de utilizar el edificio de la Escuela N\u00b0 6, se plante\u00f3 la posibilidad de distribuir a los alumnos en otros establecimientos o en distintos turnos, lo que complica la log\u00edstica diaria de los padres.<\/p>\n<p data-start=\"1874\" data-end=\"2128\">En los comentarios de la publicaci\u00f3n, varios padres manifestaron su preocupaci\u00f3n. Una usuaria identificada como <strong data-start=\"1986\" data-end=\"1998\">Moy Gzlz<\/strong> expres\u00f3 que tiene tres hijos que asisten a la misma escuela y que la nueva organizaci\u00f3n implicar\u00eda enviarlos a distintos lugares.<\/p>\n<p data-start=\"2130\" data-end=\"2455\">\u201cTengo tres hijos en esa escuela. Me salen diciendo que un hijo va para ac\u00e1, otro para all\u00e1 y el tercero para otro lado. \u00bfC\u00f3mo pretenden que los lleve a los tres? Si por algo los anot\u00e9 juntos, para llevarlos y traerlos juntos\u201d, se\u00f1al\u00f3, remarcando las dificultades que enfrenta para poder cumplir con los horarios y traslados.<\/p>\n<p data-start=\"2457\" data-end=\"2668\">Otro de los testimonios fue el de <strong data-start=\"2491\" data-end=\"2513\">Mar\u00eda Bel\u00e9n Araujo<\/strong>, quien asegur\u00f3 que durante una reuni\u00f3n de padres se inform\u00f3 que los estudiantes ser\u00edan enviados a diferentes instituciones y no asistir\u00edan todos los d\u00edas.<\/p>\n<p data-start=\"2670\" data-end=\"2986\">\u201cL\u00e1stima que se haga viral. Ayer tuvimos reuni\u00f3n de padres, le van a mandar a los chicos a cualquier lado y por partes, no todos los d\u00edas. El nivel acad\u00e9mico va a bajar\u201d, expres\u00f3. Adem\u00e1s, agreg\u00f3 que, seg\u00fan lo planteado en el encuentro, \u201cla supervisora orden\u00f3 que los otros colegios no reciban ni\u00f1os de la Escuela 6\u201d.<\/p>\n<p data-start=\"2988\" data-end=\"3209\">En este contexto, padres y miembros de la comunidad educativa cuestionan que las reparaciones o mejoras edilicias no se hayan realizado durante el receso escolar, lo que habr\u00eda permitido iniciar las clases con normalidad.<\/p>\n<p data-start=\"3211\" data-end=\"3496\" data-is-last-node=\"\" data-is-only-node=\"\">La situaci\u00f3n expone nuevamente el impacto que generan los problemas de infraestructura educativa en el desarrollo del ciclo lectivo, afectando tanto a estudiantes como a docentes y familias que deben reorganizar su vida cotidiana ante la falta de condiciones adecuadas en las escuelas.<\/p>\n<p data-start=\"3211\" data-end=\"3496\" data-is-last-node=\"\" data-is-only-node=\"\"><img loading=\"lazy\" decoding=\"async\" class=\"aligncenter wp-image-117516 size-full\" src=\"https:\/\/aldiachaco.com.ar\/wp-content\/uploads\/2026\/03\/12.png\" alt=\"\" width=\"771\" height=\"221\" srcset=\"https:\/\/aldiachaco.com.ar\/wp-content\/uploads\/2026\/03\/12.png 771w, https:\/\/aldiachaco.com.ar\/wp-content\/uploads\/2026\/03\/12-300x86.png 300w, https:\/\/aldiachaco.com.ar\/wp-content\/uploads\/2026\/03\/12-768x220.png 768w, https:\/\/aldiachaco.com.ar\/wp-content\/uploads\/2026\/03\/12-600x172.png 600w\" sizes=\"auto, (max-width: 771px) 100vw, 771px\" \/><\/p>\n<p data-start=\"3211\" data-end=\"3496\" data-is-last-node=\"\" data-is-only-node=\"\"><img loading=\"lazy\" decoding=\"async\" class=\"aligncenter wp-image-117515 size-full\" src=\"https:\/\/aldiachaco.com.ar\/wp-content\/uploads\/2026\/03\/11.png\" alt=\"\" width=\"776\" height=\"120\" srcset=\"https:\/\/aldiachaco.com.ar\/wp-content\/uploads\/2026\/03\/11.png 776w, https:\/\/aldiachaco.com.ar\/wp-content\/uploads\/2026\/03\/11-300x46.png 300w, https:\/\/aldiachaco.com.ar\/wp-content\/uploads\/2026\/03\/11-768x119.png 768w, https:\/\/aldiachaco.com.ar\/wp-content\/uploads\/2026\/03\/11-600x93.png 600w\" sizes=\"auto, (max-width: 776px) 100vw, 776px\" \/><\/p>\n","protected":false},"excerpt":{"rendered":"<p>El inicio del ciclo lectivo en la ciudad de Fontana qued\u00f3 envuelto en fuertes reclamos de familias y comunidades educativas debido a problemas edilicios y de infraestructura que impidieron que algunos establecimientos comiencen las clases de manera presencial en sus propios edificios. La situaci\u00f3n fue expuesta p\u00fablicamente a trav\u00e9s de una publicaci\u00f3n en la p\u00e1gina &hellip;<\/p>\n","protected":false},"author":9,"featured_media":117514,"comment_status":"open","ping_status":"open","sticky":false,"template":"","format":"standard","meta":{"content-type":"","_monsterinsights_skip_tracking":false,"_monsterinsights_sitenote_active":false,"_monsterinsights_sitenote_note":"","_monsterinsights_sitenote_category":0,"_jetpack_memberships_contains_paid_content":false,"footnotes":"","jetpack_publicize_message":"","jetpack_publicize_feature_enabled":true,"jetpack_social_post_already_shared":true,"jetpack_social_options":{"image_generator_settings":{"template":"highway","default_image_id":0,"font":"","enabled":false},"version":2}},"categories":[198,95],"tags":[],"class_list":["post-117513","post","type-post","status-publish","format-standard","has-post-thumbnail","hentry","category-actualidad","category-fontana"],"yoast_head":"<!-- This site is optimized with the Yoast SEO plugin v27.4 - https:\/\/yoast.com\/product\/yoast-seo-wordpress\/ -->\n<title>Fontana: problemas en escuelas complican inicio del ciclo lectivo | Al Dia Chaco<\/title>\n<meta name=\"robots\" content=\"index, follow, max-snippet:-1, max-image-preview:large, max-video-preview:-1\" \/>\n<link rel=\"canonical\" href=\"https:\/\/aldiachaco.com.ar\/index.php\/2026\/03\/06\/fontana-problemas-en-escuelas-complican-inicio-del-ciclo-lectivo\/\" \/>\n<meta property=\"og:locale\" content=\"es_ES\" \/>\n<meta property=\"og:type\" content=\"article\" \/>\n<meta property=\"og:title\" content=\"Fontana: problemas en escuelas complican inicio del ciclo lectivo | Al Dia Chaco\" \/>\n<meta property=\"og:description\" content=\"El inicio del ciclo lectivo en la ciudad de Fontana qued\u00f3 envuelto en fuertes reclamos de familias y comunidades educativas debido a problemas edilicios y de infraestructura que impidieron que algunos establecimientos comiencen las clases de manera presencial en sus propios edificios. La situaci\u00f3n fue expuesta p\u00fablicamente a trav\u00e9s de una publicaci\u00f3n en la p\u00e1gina &hellip;\" \/>\n<meta property=\"og:url\" content=\"https:\/\/aldiachaco.com.ar\/index.php\/2026\/03\/06\/fontana-problemas-en-escuelas-complican-inicio-del-ciclo-lectivo\/\" \/>\n<meta property=\"og:site_name\" content=\"Al Dia Chaco\" \/>\n<meta property=\"article:published_time\" content=\"2026-03-07T01:25:20+00:00\" \/>\n<meta property=\"og:image\" content=\"https:\/\/aldiachaco.com.ar\/wp-content\/uploads\/2026\/03\/642267313_18348447226225249_2825460808084481525_n-e1772846596397.jpg\" \/>\n\t<meta property=\"og:image:width\" content=\"720\" \/>\n\t<meta property=\"og:image:height\" content=\"496\" \/>\n\t<meta property=\"og:image:type\" content=\"image\/jpeg\" \/>\n<meta name=\"author\" content=\"RedaccionRM\" \/>\n<meta name=\"twitter:card\" content=\"summary_large_image\" \/>\n<meta name=\"twitter:label1\" content=\"Escrito por\" \/>\n\t<meta name=\"twitter:data1\" content=\"RedaccionRM\" \/>\n\t<meta name=\"twitter:label2\" content=\"Tiempo de lectura\" \/>\n\t<meta name=\"twitter:data2\" content=\"4 minutos\" \/>\n<script type=\"application\/ld+json\" class=\"yoast-schema-graph\">{\"@context\":\"https:\\\/\\\/schema.org\",\"@graph\":[{\"@type\":\"Article\",\"@id\":\"https:\\\/\\\/aldiachaco.com.ar\\\/index.php\\\/2026\\\/03\\\/06\\\/fontana-problemas-en-escuelas-complican-inicio-del-ciclo-lectivo\\\/#article\",\"isPartOf\":{\"@id\":\"https:\\\/\\\/aldiachaco.com.ar\\\/index.php\\\/2026\\\/03\\\/06\\\/fontana-problemas-en-escuelas-complican-inicio-del-ciclo-lectivo\\\/\"},\"author\":{\"name\":\"RedaccionRM\",\"@id\":\"https:\\\/\\\/aldiachaco.com.ar\\\/#\\\/schema\\\/person\\\/b24e975af8022082f5889a7a7299e962\"},\"headline\":\"Fontana: problemas en escuelas complican inicio del ciclo lectivo\",\"datePublished\":\"2026-03-07T01:25:20+00:00\",\"mainEntityOfPage\":{\"@id\":\"https:\\\/\\\/aldiachaco.com.ar\\\/index.php\\\/2026\\\/03\\\/06\\\/fontana-problemas-en-escuelas-complican-inicio-del-ciclo-lectivo\\\/\"},\"wordCount\":584,\"commentCount\":0,\"publisher\":{\"@id\":\"https:\\\/\\\/aldiachaco.com.ar\\\/#organization\"},\"image\":{\"@id\":\"https:\\\/\\\/aldiachaco.com.ar\\\/index.php\\\/2026\\\/03\\\/06\\\/fontana-problemas-en-escuelas-complican-inicio-del-ciclo-lectivo\\\/#primaryimage\"},\"thumbnailUrl\":\"https:\\\/\\\/aldiachaco.com.ar\\\/wp-content\\\/uploads\\\/2026\\\/03\\\/642267313_18348447226225249_2825460808084481525_n-e1772846596397.jpg\",\"articleSection\":[\"Actualidad\",\"Fontana\"],\"inLanguage\":\"es-AR\",\"potentialAction\":[{\"@type\":\"CommentAction\",\"name\":\"Comment\",\"target\":[\"https:\\\/\\\/aldiachaco.com.ar\\\/index.php\\\/2026\\\/03\\\/06\\\/fontana-problemas-en-escuelas-complican-inicio-del-ciclo-lectivo\\\/#respond\"]}]},{\"@type\":\"WebPage\",\"@id\":\"https:\\\/\\\/aldiachaco.com.ar\\\/index.php\\\/2026\\\/03\\\/06\\\/fontana-problemas-en-escuelas-complican-inicio-del-ciclo-lectivo\\\/\",\"url\":\"https:\\\/\\\/aldiachaco.com.ar\\\/index.php\\\/2026\\\/03\\\/06\\\/fontana-problemas-en-escuelas-complican-inicio-del-ciclo-lectivo\\\/\",\"name\":\"Fontana: problemas en escuelas complican inicio del ciclo lectivo | Al Dia Chaco\",\"isPartOf\":{\"@id\":\"https:\\\/\\\/aldiachaco.com.ar\\\/#website\"},\"primaryImageOfPage\":{\"@id\":\"https:\\\/\\\/aldiachaco.com.ar\\\/index.php\\\/2026\\\/03\\\/06\\\/fontana-problemas-en-escuelas-complican-inicio-del-ciclo-lectivo\\\/#primaryimage\"},\"image\":{\"@id\":\"https:\\\/\\\/aldiachaco.com.ar\\\/index.php\\\/2026\\\/03\\\/06\\\/fontana-problemas-en-escuelas-complican-inicio-del-ciclo-lectivo\\\/#primaryimage\"},\"thumbnailUrl\":\"https:\\\/\\\/aldiachaco.com.ar\\\/wp-content\\\/uploads\\\/2026\\\/03\\\/642267313_18348447226225249_2825460808084481525_n-e1772846596397.jpg\",\"datePublished\":\"2026-03-07T01:25:20+00:00\",\"breadcrumb\":{\"@id\":\"https:\\\/\\\/aldiachaco.com.ar\\\/index.php\\\/2026\\\/03\\\/06\\\/fontana-problemas-en-escuelas-complican-inicio-del-ciclo-lectivo\\\/#breadcrumb\"},\"inLanguage\":\"es-AR\",\"potentialAction\":[{\"@type\":\"ReadAction\",\"target\":[\"https:\\\/\\\/aldiachaco.com.ar\\\/index.php\\\/2026\\\/03\\\/06\\\/fontana-problemas-en-escuelas-complican-inicio-del-ciclo-lectivo\\\/\"]}]},{\"@type\":\"ImageObject\",\"inLanguage\":\"es-AR\",\"@id\":\"https:\\\/\\\/aldiachaco.com.ar\\\/index.php\\\/2026\\\/03\\\/06\\\/fontana-problemas-en-escuelas-complican-inicio-del-ciclo-lectivo\\\/#primaryimage\",\"url\":\"https:\\\/\\\/aldiachaco.com.ar\\\/wp-content\\\/uploads\\\/2026\\\/03\\\/642267313_18348447226225249_2825460808084481525_n-e1772846596397.jpg\",\"contentUrl\":\"https:\\\/\\\/aldiachaco.com.ar\\\/wp-content\\\/uploads\\\/2026\\\/03\\\/642267313_18348447226225249_2825460808084481525_n-e1772846596397.jpg\",\"width\":720,\"height\":496},{\"@type\":\"BreadcrumbList\",\"@id\":\"https:\\\/\\\/aldiachaco.com.ar\\\/index.php\\\/2026\\\/03\\\/06\\\/fontana-problemas-en-escuelas-complican-inicio-del-ciclo-lectivo\\\/#breadcrumb\",\"itemListElement\":[{\"@type\":\"ListItem\",\"position\":1,\"name\":\"Home\",\"item\":\"https:\\\/\\\/aldiachaco.com.ar\\\/\"},{\"@type\":\"ListItem\",\"position\":2,\"name\":\"Fontana: problemas en escuelas complican inicio del ciclo lectivo\"}]},{\"@type\":\"WebSite\",\"@id\":\"https:\\\/\\\/aldiachaco.com.ar\\\/#website\",\"url\":\"https:\\\/\\\/aldiachaco.com.ar\\\/\",\"name\":\"Al Dia Chaco\",\"description\":\"Noticias del Chaco y el mundo\",\"publisher\":{\"@id\":\"https:\\\/\\\/aldiachaco.com.ar\\\/#organization\"},\"alternateName\":\"Al D\u00eda Chaco\",\"potentialAction\":[{\"@type\":\"SearchAction\",\"target\":{\"@type\":\"EntryPoint\",\"urlTemplate\":\"https:\\\/\\\/aldiachaco.com.ar\\\/?s={search_term_string}\"},\"query-input\":{\"@type\":\"PropertyValueSpecification\",\"valueRequired\":true,\"valueName\":\"search_term_string\"}}],\"inLanguage\":\"es-AR\"},{\"@type\":\"Organization\",\"@id\":\"https:\\\/\\\/aldiachaco.com.ar\\\/#organization\",\"name\":\"Al Dia Chaco\",\"url\":\"https:\\\/\\\/aldiachaco.com.ar\\\/\",\"logo\":{\"@type\":\"ImageObject\",\"inLanguage\":\"es-AR\",\"@id\":\"https:\\\/\\\/aldiachaco.com.ar\\\/#\\\/schema\\\/logo\\\/image\\\/\",\"url\":\"https:\\\/\\\/aldiachaco.com.ar\\\/wp-content\\\/uploads\\\/2017\\\/11\\\/AL-DIA-CHACO-L@2x.png\",\"contentUrl\":\"https:\\\/\\\/aldiachaco.com.ar\\\/wp-content\\\/uploads\\\/2017\\\/11\\\/AL-DIA-CHACO-L@2x.png\",\"width\":232,\"height\":60,\"caption\":\"Al Dia Chaco\"},\"image\":{\"@id\":\"https:\\\/\\\/aldiachaco.com.ar\\\/#\\\/schema\\\/logo\\\/image\\\/\"}},{\"@type\":\"Person\",\"@id\":\"https:\\\/\\\/aldiachaco.com.ar\\\/#\\\/schema\\\/person\\\/b24e975af8022082f5889a7a7299e962\",\"name\":\"RedaccionRM\",\"image\":{\"@type\":\"ImageObject\",\"inLanguage\":\"es-AR\",\"@id\":\"https:\\\/\\\/aldiachaco.com.ar\\\/wp-content\\\/litespeed\\\/avatar\\\/a30118fcb7a6295303f1c91164c6aba1.jpg?ver=1777339088\",\"url\":\"https:\\\/\\\/aldiachaco.com.ar\\\/wp-content\\\/litespeed\\\/avatar\\\/a30118fcb7a6295303f1c91164c6aba1.jpg?ver=1777339088\",\"contentUrl\":\"https:\\\/\\\/aldiachaco.com.ar\\\/wp-content\\\/litespeed\\\/avatar\\\/a30118fcb7a6295303f1c91164c6aba1.jpg?ver=1777339088\",\"caption\":\"RedaccionRM\"},\"url\":\"https:\\\/\\\/aldiachaco.com.ar\\\/index.php\\\/author\\\/redaccionrm\\\/\"}]}<\/script>\n<!-- \/ Yoast SEO plugin. -->","yoast_head_json":{"title":"Fontana: problemas en escuelas complican inicio del ciclo lectivo | Al Dia Chaco","robots":{"index":"index","follow":"follow","max-snippet":"max-snippet:-1","max-image-preview":"max-image-preview:large","max-video-preview":"max-video-preview:-1"},"canonical":"https:\/\/aldiachaco.com.ar\/index.php\/2026\/03\/06\/fontana-problemas-en-escuelas-complican-inicio-del-ciclo-lectivo\/","og_locale":"es_ES","og_type":"article","og_title":"Fontana: problemas en escuelas complican inicio del ciclo lectivo | Al Dia Chaco","og_description":"El inicio del ciclo lectivo en la ciudad de Fontana qued\u00f3 envuelto en fuertes reclamos de familias y comunidades educativas debido a problemas edilicios y de infraestructura que impidieron que algunos establecimientos comiencen las clases de manera presencial en sus propios edificios. La situaci\u00f3n fue expuesta p\u00fablicamente a trav\u00e9s de una publicaci\u00f3n en la p\u00e1gina &hellip;","og_url":"https:\/\/aldiachaco.com.ar\/index.php\/2026\/03\/06\/fontana-problemas-en-escuelas-complican-inicio-del-ciclo-lectivo\/","og_site_name":"Al Dia Chaco","article_published_time":"2026-03-07T01:25:20+00:00","og_image":[{"width":720,"height":496,"url":"https:\/\/aldiachaco.com.ar\/wp-content\/uploads\/2026\/03\/642267313_18348447226225249_2825460808084481525_n-e1772846596397.jpg","type":"image\/jpeg"}],"author":"RedaccionRM","twitter_card":"summary_large_image","twitter_misc":{"Escrito por":"RedaccionRM","Tiempo de lectura":"4 minutos"},"schema":{"@context":"https:\/\/schema.org","@graph":[{"@type":"Article","@id":"https:\/\/aldiachaco.com.ar\/index.php\/2026\/03\/06\/fontana-problemas-en-escuelas-complican-inicio-del-ciclo-lectivo\/#article","isPartOf":{"@id":"https:\/\/aldiachaco.com.ar\/index.php\/2026\/03\/06\/fontana-problemas-en-escuelas-complican-inicio-del-ciclo-lectivo\/"},"author":{"name":"RedaccionRM","@id":"https:\/\/aldiachaco.com.ar\/#\/schema\/person\/b24e975af8022082f5889a7a7299e962"},"headline":"Fontana: problemas en escuelas complican inicio del ciclo lectivo","datePublished":"2026-03-07T01:25:20+00:00","mainEntityOfPage":{"@id":"https:\/\/aldiachaco.com.ar\/index.php\/2026\/03\/06\/fontana-problemas-en-escuelas-complican-inicio-del-ciclo-lectivo\/"},"wordCount":584,"commentCount":0,"publisher":{"@id":"https:\/\/aldiachaco.com.ar\/#organization"},"image":{"@id":"https:\/\/aldiachaco.com.ar\/index.php\/2026\/03\/06\/fontana-problemas-en-escuelas-complican-inicio-del-ciclo-lectivo\/#primaryimage"},"thumbnailUrl":"https:\/\/aldiachaco.com.ar\/wp-content\/uploads\/2026\/03\/642267313_18348447226225249_2825460808084481525_n-e1772846596397.jpg","articleSection":["Actualidad","Fontana"],"inLanguage":"es-AR","potentialAction":[{"@type":"CommentAction","name":"Comment","target":["https:\/\/aldiachaco.com.ar\/index.php\/2026\/03\/06\/fontana-problemas-en-escuelas-complican-inicio-del-ciclo-lectivo\/#respond"]}]},{"@type":"WebPage","@id":"https:\/\/aldiachaco.com.ar\/index.php\/2026\/03\/06\/fontana-problemas-en-escuelas-complican-inicio-del-ciclo-lectivo\/","url":"https:\/\/aldiachaco.com.ar\/index.php\/2026\/03\/06\/fontana-problemas-en-escuelas-complican-inicio-del-ciclo-lectivo\/","name":"Fontana: problemas en escuelas complican inicio del ciclo lectivo | Al Dia Chaco","isPartOf":{"@id":"https:\/\/aldiachaco.com.ar\/#website"},"primaryImageOfPage":{"@id":"https:\/\/aldiachaco.com.ar\/index.php\/2026\/03\/06\/fontana-problemas-en-escuelas-complican-inicio-del-ciclo-lectivo\/#primaryimage"},"image":{"@id":"https:\/\/aldiachaco.com.ar\/index.php\/2026\/03\/06\/fontana-problemas-en-escuelas-complican-inicio-del-ciclo-lectivo\/#primaryimage"},"thumbnailUrl":"https:\/\/aldiachaco.com.ar\/wp-content\/uploads\/2026\/03\/642267313_18348447226225249_2825460808084481525_n-e1772846596397.jpg","datePublished":"2026-03-07T01:25:20+00:00","breadcrumb":{"@id":"https:\/\/aldiachaco.com.ar\/index.php\/2026\/03\/06\/fontana-problemas-en-escuelas-complican-inicio-del-ciclo-lectivo\/#breadcrumb"},"inLanguage":"es-AR","potentialAction":[{"@type":"ReadAction","target":["https:\/\/aldiachaco.com.ar\/index.php\/2026\/03\/06\/fontana-problemas-en-escuelas-complican-inicio-del-ciclo-lectivo\/"]}]},{"@type":"ImageObject","inLanguage":"es-AR","@id":"https:\/\/aldiachaco.com.ar\/index.php\/2026\/03\/06\/fontana-problemas-en-escuelas-complican-inicio-del-ciclo-lectivo\/#primaryimage","url":"https:\/\/aldiachaco.com.ar\/wp-content\/uploads\/2026\/03\/642267313_18348447226225249_2825460808084481525_n-e1772846596397.jpg","contentUrl":"https:\/\/aldiachaco.com.ar\/wp-content\/uploads\/2026\/03\/642267313_18348447226225249_2825460808084481525_n-e1772846596397.jpg","width":720,"height":496},{"@type":"BreadcrumbList","@id":"https:\/\/aldiachaco.com.ar\/index.php\/2026\/03\/06\/fontana-problemas-en-escuelas-complican-inicio-del-ciclo-lectivo\/#breadcrumb","itemListElement":[{"@type":"ListItem","position":1,"name":"Home","item":"https:\/\/aldiachaco.com.ar\/"},{"@type":"ListItem","position":2,"name":"Fontana: problemas en escuelas complican inicio del ciclo lectivo"}]},{"@type":"WebSite","@id":"https:\/\/aldiachaco.com.ar\/#website","url":"https:\/\/aldiachaco.com.ar\/","name":"Al Dia Chaco","description":"Noticias del Chaco y el mundo","publisher":{"@id":"https:\/\/aldiachaco.com.ar\/#organization"},"alternateName":"Al D\u00eda Chaco","potentialAction":[{"@type":"SearchAction","target":{"@type":"EntryPoint","urlTemplate":"https:\/\/aldiachaco.com.ar\/?s={search_term_string}"},"query-input":{"@type":"PropertyValueSpecification","valueRequired":true,"valueName":"search_term_string"}}],"inLanguage":"es-AR"},{"@type":"Organization","@id":"https:\/\/aldiachaco.com.ar\/#organization","name":"Al Dia Chaco","url":"https:\/\/aldiachaco.com.ar\/","logo":{"@type":"ImageObject","inLanguage":"es-AR","@id":"https:\/\/aldiachaco.com.ar\/#\/schema\/logo\/image\/","url":"https:\/\/aldiachaco.com.ar\/wp-content\/uploads\/2017\/11\/AL-DIA-CHACO-L@2x.png","contentUrl":"https:\/\/aldiachaco.com.ar\/wp-content\/uploads\/2017\/11\/AL-DIA-CHACO-L@2x.png","width":232,"height":60,"caption":"Al Dia Chaco"},"image":{"@id":"https:\/\/aldiachaco.com.ar\/#\/schema\/logo\/image\/"}},{"@type":"Person","@id":"https:\/\/aldiachaco.com.ar\/#\/schema\/person\/b24e975af8022082f5889a7a7299e962","name":"RedaccionRM","image":{"@type":"ImageObject","inLanguage":"es-AR","@id":"https:\/\/aldiachaco.com.ar\/wp-content\/litespeed\/avatar\/a30118fcb7a6295303f1c91164c6aba1.jpg?ver=1777339088","url":"https:\/\/aldiachaco.com.ar\/wp-content\/litespeed\/avatar\/a30118fcb7a6295303f1c91164c6aba1.jpg?ver=1777339088","contentUrl":"https:\/\/aldiachaco.com.ar\/wp-content\/litespeed\/avatar\/a30118fcb7a6295303f1c91164c6aba1.jpg?ver=1777339088","caption":"RedaccionRM"},"url":"https:\/\/aldiachaco.com.ar\/index.php\/author\/redaccionrm\/"}]}},"jetpack_publicize_connections":[],"jetpack_featured_media_url":"https:\/\/aldiachaco.com.ar\/wp-content\/uploads\/2026\/03\/642267313_18348447226225249_2825460808084481525_n-e1772846596397.jpg","jetpack_sharing_enabled":true,"amp_enabled":true,"_links":{"self":[{"href":"https:\/\/aldiachaco.com.ar\/index.php\/wp-json\/wp\/v2\/posts\/117513","targetHints":{"allow":["GET"]}}],"collection":[{"href":"https:\/\/aldiachaco.com.ar\/index.php\/wp-json\/wp\/v2\/posts"}],"about":[{"href":"https:\/\/aldiachaco.com.ar\/index.php\/wp-json\/wp\/v2\/types\/post"}],"author":[{"embeddable":true,"href":"https:\/\/aldiachaco.com.ar\/index.php\/wp-json\/wp\/v2\/users\/9"}],"replies":[{"embeddable":true,"href":"https:\/\/aldiachaco.com.ar\/index.php\/wp-json\/wp\/v2\/comments?post=117513"}],"version-history":[{"count":1,"href":"https:\/\/aldiachaco.com.ar\/index.php\/wp-json\/wp\/v2\/posts\/117513\/revisions"}],"predecessor-version":[{"id":117517,"href":"https:\/\/aldiachaco.com.ar\/index.php\/wp-json\/wp\/v2\/posts\/117513\/revisions\/117517"}],"wp:featuredmedia":[{"embeddable":true,"href":"https:\/\/aldiachaco.com.ar\/index.php\/wp-json\/wp\/v2\/media\/117514"}],"wp:attachment":[{"href":"https:\/\/aldiachaco.com.ar\/index.php\/wp-json\/wp\/v2\/media?parent=117513"}],"wp:term":[{"taxonomy":"category","embeddable":true,"href":"https:\/\/aldiachaco.com.ar\/index.php\/wp-json\/wp\/v2\/categories?post=117513"},{"taxonomy":"post_tag","embeddable":true,"href":"https:\/\/aldiachaco.com.ar\/index.php\/wp-json\/wp\/v2\/tags?post=117513"}],"curies":[{"name":"wp","href":"https:\/\/api.w.org\/{rel}","templated":true}]}}