{"id":117500,"date":"2026-03-05T10:50:47","date_gmt":"2026-03-05T13:50:47","guid":{"rendered":"https:\/\/aldiachaco.com.ar\/?p=117500"},"modified":"2026-03-05T10:50:47","modified_gmt":"2026-03-05T13:50:47","slug":"no-vamos-a-sostener-economicamente-a-quien-no-viene-a-trabajar","status":"publish","type":"post","link":"https:\/\/aldiachaco.com.ar\/index.php\/2026\/03\/05\/no-vamos-a-sostener-economicamente-a-quien-no-viene-a-trabajar\/","title":{"rendered":"&#8220;No vamos a sostener econ\u00f3micamente a quien no viene a trabajar&#8221;"},"content":{"rendered":"<p class=\"ds-markdown-paragraph\">El ministro de Gobierno, Julio Ferro, ingres\u00f3 formalmente en la Mesa de Entradas de la Legislatura chaque\u00f1a el proyecto de ley que busca modificar el r\u00e9gimen de licencias gremiales para agentes de la administraci\u00f3n p\u00fablica. La iniciativa, adelantada por el gobernador Leandro Zdero durante la apertura de sesiones ordinarias, propone que las licencias sindicales sean sin goce de haberes.<\/p>\n<p class=\"ds-markdown-paragraph\">Seg\u00fan explic\u00f3 Ferro, actualmente los delegados y representantes gremiales que cuentan con licencia contin\u00faan percibiendo el 100% de su salario por parte del Estado, pese a no cumplir funciones dentro de la administraci\u00f3n p\u00fablica. &#8220;Hoy todos los chaque\u00f1os pagamos el sueldo completo a personas que no cumplen ninguna tarea en la administraci\u00f3n p\u00fablica&#8221;, afirm\u00f3 el ministro.<\/p>\n<p class=\"ds-markdown-paragraph\">El proyecto plantea mantener el derecho a la licencia gremial y al ejercicio de la representaci\u00f3n sindical, pero establece que esa licencia sea sin goce de haberes. &#8220;Se garantiza el respeto a la actividad sindical, pero no el pago del sueldo por parte del Estado&#8221;, sostuvo Ferro, quien a\u00f1adi\u00f3 que la propuesta busca que sean los propios sindicatos quienes definan si financian o no a sus representantes.<\/p>\n<p class=\"ds-markdown-paragraph\">&#8220;No vamos a sostener econ\u00f3micamente a quien no viene a trabajar. Es una decisi\u00f3n pol\u00edtica del gobernador&#8221;, remarc\u00f3 el funcionario.<\/p>\n<p class=\"ds-markdown-paragraph\">De acuerdo con las estimaciones del Gobierno provincial, la modificaci\u00f3n permitir\u00eda un ahorro cercano a los 200 millones de pesos. Seg\u00fan Ferro, actualmente se destinan alrededor de 100 millones de pesos en el \u00e1mbito educativo y otros 100 millones en la administraci\u00f3n central para pagar salarios de trabajadores con licencia gremial.<\/p>\n<p class=\"ds-markdown-paragraph\">El ministro explic\u00f3 que la iniciativa ya fue ingresada formalmente y ahora deber\u00e1 ser analizada en el \u00e1mbito legislativo. &#8220;Lo ponemos a consideraci\u00f3n de la Legislatura, que es el lugar donde debe debatirse este tema, ya que la modificaci\u00f3n debe hacerse por ley&#8221;, se\u00f1al\u00f3.<\/p>\n<p class=\"ds-markdown-paragraph\">Por su parte, el diputado Iv\u00e1n Gyoker adelant\u00f3 que buscar\u00e1n que el proyecto tenga un tratamiento r\u00e1pido dentro del Parlamento. &#8220;Vamos a tratar de que sea expeditivo. Creemos que no hay chaque\u00f1o que est\u00e9 en contra de dejar de pagarle con recursos del Estado a personas que no van a trabajar&#8221;, expres\u00f3.<\/p>\n<p class=\"ds-markdown-paragraph\">El legislador agreg\u00f3 que la iniciativa forma parte de un conjunto de propuestas que el oficialismo pretende impulsar como leyes prioritarias, dentro de un paquete de medidas orientadas a &#8220;reorganizar el gasto p\u00fablico y avanzar en reformas administrativas en la provincia&#8221;.<\/p>\n","protected":false},"excerpt":{"rendered":"<p>El ministro de Gobierno, Julio Ferro, ingres\u00f3 formalmente en la Mesa de Entradas de la Legislatura chaque\u00f1a el proyecto de ley que busca modificar el r\u00e9gimen de licencias gremiales para agentes de la administraci\u00f3n p\u00fablica. La iniciativa, adelantada por el gobernador Leandro Zdero durante la apertura de sesiones ordinarias, propone que las licencias sindicales sean &hellip;<\/p>\n","protected":false},"author":9,"featured_media":117501,"comment_status":"open","ping_status":"open","sticky":false,"template":"","format":"standard","meta":{"content-type":"","_monsterinsights_skip_tracking":false,"_monsterinsights_sitenote_active":false,"_monsterinsights_sitenote_note":"","_monsterinsights_sitenote_category":0,"_jetpack_memberships_contains_paid_content":false,"footnotes":"","jetpack_publicize_message":"","jetpack_publicize_feature_enabled":true,"jetpack_social_post_already_shared":true,"jetpack_social_options":{"image_generator_settings":{"template":"highway","default_image_id":0,"font":"","enabled":false},"version":2}},"categories":[153],"tags":[],"class_list":["post-117500","post","type-post","status-publish","format-standard","has-post-thumbnail","hentry","category-politica"],"yoast_head":"<!-- This site is optimized with the Yoast SEO plugin v27.4 - https:\/\/yoast.com\/product\/yoast-seo-wordpress\/ -->\n<title>&quot;No vamos a sostener econ\u00f3micamente a quien no viene a trabajar&quot; | Al Dia Chaco<\/title>\n<meta name=\"robots\" content=\"index, follow, max-snippet:-1, max-image-preview:large, max-video-preview:-1\" \/>\n<link rel=\"canonical\" href=\"https:\/\/aldiachaco.com.ar\/index.php\/2026\/03\/05\/no-vamos-a-sostener-economicamente-a-quien-no-viene-a-trabajar\/\" \/>\n<meta property=\"og:locale\" content=\"es_ES\" \/>\n<meta property=\"og:type\" content=\"article\" \/>\n<meta property=\"og:title\" content=\"&quot;No vamos a sostener econ\u00f3micamente a quien no viene a trabajar&quot; | Al Dia Chaco\" \/>\n<meta property=\"og:description\" content=\"El ministro de Gobierno, Julio Ferro, ingres\u00f3 formalmente en la Mesa de Entradas de la Legislatura chaque\u00f1a el proyecto de ley que busca modificar el r\u00e9gimen de licencias gremiales para agentes de la administraci\u00f3n p\u00fablica. La iniciativa, adelantada por el gobernador Leandro Zdero durante la apertura de sesiones ordinarias, propone que las licencias sindicales sean &hellip;\" \/>\n<meta property=\"og:url\" content=\"https:\/\/aldiachaco.com.ar\/index.php\/2026\/03\/05\/no-vamos-a-sostener-economicamente-a-quien-no-viene-a-trabajar\/\" \/>\n<meta property=\"og:site_name\" content=\"Al Dia Chaco\" \/>\n<meta property=\"article:published_time\" content=\"2026-03-05T13:50:47+00:00\" \/>\n<meta property=\"og:image\" content=\"https:\/\/aldiachaco.com.ar\/wp-content\/uploads\/2026\/03\/0503ferro.webp\" \/>\n\t<meta property=\"og:image:width\" content=\"790\" \/>\n\t<meta property=\"og:image:height\" content=\"593\" \/>\n\t<meta property=\"og:image:type\" content=\"image\/webp\" \/>\n<meta name=\"author\" content=\"RedaccionRM\" \/>\n<meta name=\"twitter:card\" content=\"summary_large_image\" \/>\n<meta name=\"twitter:label1\" content=\"Escrito por\" \/>\n\t<meta name=\"twitter:data1\" content=\"RedaccionRM\" \/>\n\t<meta name=\"twitter:label2\" content=\"Tiempo de lectura\" \/>\n\t<meta name=\"twitter:data2\" content=\"2 minutos\" \/>\n<script type=\"application\/ld+json\" class=\"yoast-schema-graph\">{\"@context\":\"https:\\\/\\\/schema.org\",\"@graph\":[{\"@type\":\"Article\",\"@id\":\"https:\\\/\\\/aldiachaco.com.ar\\\/index.php\\\/2026\\\/03\\\/05\\\/no-vamos-a-sostener-economicamente-a-quien-no-viene-a-trabajar\\\/#article\",\"isPartOf\":{\"@id\":\"https:\\\/\\\/aldiachaco.com.ar\\\/index.php\\\/2026\\\/03\\\/05\\\/no-vamos-a-sostener-economicamente-a-quien-no-viene-a-trabajar\\\/\"},\"author\":{\"name\":\"RedaccionRM\",\"@id\":\"https:\\\/\\\/aldiachaco.com.ar\\\/#\\\/schema\\\/person\\\/b24e975af8022082f5889a7a7299e962\"},\"headline\":\"&#8220;No vamos a sostener econ\u00f3micamente a quien no viene a trabajar&#8221;\",\"datePublished\":\"2026-03-05T13:50:47+00:00\",\"mainEntityOfPage\":{\"@id\":\"https:\\\/\\\/aldiachaco.com.ar\\\/index.php\\\/2026\\\/03\\\/05\\\/no-vamos-a-sostener-economicamente-a-quien-no-viene-a-trabajar\\\/\"},\"wordCount\":426,\"commentCount\":0,\"publisher\":{\"@id\":\"https:\\\/\\\/aldiachaco.com.ar\\\/#organization\"},\"image\":{\"@id\":\"https:\\\/\\\/aldiachaco.com.ar\\\/index.php\\\/2026\\\/03\\\/05\\\/no-vamos-a-sostener-economicamente-a-quien-no-viene-a-trabajar\\\/#primaryimage\"},\"thumbnailUrl\":\"https:\\\/\\\/aldiachaco.com.ar\\\/wp-content\\\/uploads\\\/2026\\\/03\\\/0503ferro.webp\",\"articleSection\":[\"Pol\u00edtica\"],\"inLanguage\":\"es-AR\",\"potentialAction\":[{\"@type\":\"CommentAction\",\"name\":\"Comment\",\"target\":[\"https:\\\/\\\/aldiachaco.com.ar\\\/index.php\\\/2026\\\/03\\\/05\\\/no-vamos-a-sostener-economicamente-a-quien-no-viene-a-trabajar\\\/#respond\"]}]},{\"@type\":\"WebPage\",\"@id\":\"https:\\\/\\\/aldiachaco.com.ar\\\/index.php\\\/2026\\\/03\\\/05\\\/no-vamos-a-sostener-economicamente-a-quien-no-viene-a-trabajar\\\/\",\"url\":\"https:\\\/\\\/aldiachaco.com.ar\\\/index.php\\\/2026\\\/03\\\/05\\\/no-vamos-a-sostener-economicamente-a-quien-no-viene-a-trabajar\\\/\",\"name\":\"\\\"No vamos a sostener econ\u00f3micamente a quien no viene a trabajar\\\" | Al Dia Chaco\",\"isPartOf\":{\"@id\":\"https:\\\/\\\/aldiachaco.com.ar\\\/#website\"},\"primaryImageOfPage\":{\"@id\":\"https:\\\/\\\/aldiachaco.com.ar\\\/index.php\\\/2026\\\/03\\\/05\\\/no-vamos-a-sostener-economicamente-a-quien-no-viene-a-trabajar\\\/#primaryimage\"},\"image\":{\"@id\":\"https:\\\/\\\/aldiachaco.com.ar\\\/index.php\\\/2026\\\/03\\\/05\\\/no-vamos-a-sostener-economicamente-a-quien-no-viene-a-trabajar\\\/#primaryimage\"},\"thumbnailUrl\":\"https:\\\/\\\/aldiachaco.com.ar\\\/wp-content\\\/uploads\\\/2026\\\/03\\\/0503ferro.webp\",\"datePublished\":\"2026-03-05T13:50:47+00:00\",\"breadcrumb\":{\"@id\":\"https:\\\/\\\/aldiachaco.com.ar\\\/index.php\\\/2026\\\/03\\\/05\\\/no-vamos-a-sostener-economicamente-a-quien-no-viene-a-trabajar\\\/#breadcrumb\"},\"inLanguage\":\"es-AR\",\"potentialAction\":[{\"@type\":\"ReadAction\",\"target\":[\"https:\\\/\\\/aldiachaco.com.ar\\\/index.php\\\/2026\\\/03\\\/05\\\/no-vamos-a-sostener-economicamente-a-quien-no-viene-a-trabajar\\\/\"]}]},{\"@type\":\"ImageObject\",\"inLanguage\":\"es-AR\",\"@id\":\"https:\\\/\\\/aldiachaco.com.ar\\\/index.php\\\/2026\\\/03\\\/05\\\/no-vamos-a-sostener-economicamente-a-quien-no-viene-a-trabajar\\\/#primaryimage\",\"url\":\"https:\\\/\\\/aldiachaco.com.ar\\\/wp-content\\\/uploads\\\/2026\\\/03\\\/0503ferro.webp\",\"contentUrl\":\"https:\\\/\\\/aldiachaco.com.ar\\\/wp-content\\\/uploads\\\/2026\\\/03\\\/0503ferro.webp\",\"width\":790,\"height\":593},{\"@type\":\"BreadcrumbList\",\"@id\":\"https:\\\/\\\/aldiachaco.com.ar\\\/index.php\\\/2026\\\/03\\\/05\\\/no-vamos-a-sostener-economicamente-a-quien-no-viene-a-trabajar\\\/#breadcrumb\",\"itemListElement\":[{\"@type\":\"ListItem\",\"position\":1,\"name\":\"Home\",\"item\":\"https:\\\/\\\/aldiachaco.com.ar\\\/\"},{\"@type\":\"ListItem\",\"position\":2,\"name\":\"&#8220;No vamos a sostener econ\u00f3micamente a quien no viene a trabajar&#8221;\"}]},{\"@type\":\"WebSite\",\"@id\":\"https:\\\/\\\/aldiachaco.com.ar\\\/#website\",\"url\":\"https:\\\/\\\/aldiachaco.com.ar\\\/\",\"name\":\"Al Dia Chaco\",\"description\":\"Noticias del Chaco y el mundo\",\"publisher\":{\"@id\":\"https:\\\/\\\/aldiachaco.com.ar\\\/#organization\"},\"alternateName\":\"Al D\u00eda Chaco\",\"potentialAction\":[{\"@type\":\"SearchAction\",\"target\":{\"@type\":\"EntryPoint\",\"urlTemplate\":\"https:\\\/\\\/aldiachaco.com.ar\\\/?s={search_term_string}\"},\"query-input\":{\"@type\":\"PropertyValueSpecification\",\"valueRequired\":true,\"valueName\":\"search_term_string\"}}],\"inLanguage\":\"es-AR\"},{\"@type\":\"Organization\",\"@id\":\"https:\\\/\\\/aldiachaco.com.ar\\\/#organization\",\"name\":\"Al Dia Chaco\",\"url\":\"https:\\\/\\\/aldiachaco.com.ar\\\/\",\"logo\":{\"@type\":\"ImageObject\",\"inLanguage\":\"es-AR\",\"@id\":\"https:\\\/\\\/aldiachaco.com.ar\\\/#\\\/schema\\\/logo\\\/image\\\/\",\"url\":\"https:\\\/\\\/aldiachaco.com.ar\\\/wp-content\\\/uploads\\\/2017\\\/11\\\/AL-DIA-CHACO-L@2x.png\",\"contentUrl\":\"https:\\\/\\\/aldiachaco.com.ar\\\/wp-content\\\/uploads\\\/2017\\\/11\\\/AL-DIA-CHACO-L@2x.png\",\"width\":232,\"height\":60,\"caption\":\"Al Dia Chaco\"},\"image\":{\"@id\":\"https:\\\/\\\/aldiachaco.com.ar\\\/#\\\/schema\\\/logo\\\/image\\\/\"}},{\"@type\":\"Person\",\"@id\":\"https:\\\/\\\/aldiachaco.com.ar\\\/#\\\/schema\\\/person\\\/b24e975af8022082f5889a7a7299e962\",\"name\":\"RedaccionRM\",\"image\":{\"@type\":\"ImageObject\",\"inLanguage\":\"es-AR\",\"@id\":\"https:\\\/\\\/aldiachaco.com.ar\\\/wp-content\\\/litespeed\\\/avatar\\\/a30118fcb7a6295303f1c91164c6aba1.jpg?ver=1777339088\",\"url\":\"https:\\\/\\\/aldiachaco.com.ar\\\/wp-content\\\/litespeed\\\/avatar\\\/a30118fcb7a6295303f1c91164c6aba1.jpg?ver=1777339088\",\"contentUrl\":\"https:\\\/\\\/aldiachaco.com.ar\\\/wp-content\\\/litespeed\\\/avatar\\\/a30118fcb7a6295303f1c91164c6aba1.jpg?ver=1777339088\",\"caption\":\"RedaccionRM\"},\"url\":\"https:\\\/\\\/aldiachaco.com.ar\\\/index.php\\\/author\\\/redaccionrm\\\/\"}]}<\/script>\n<!-- \/ Yoast SEO plugin. -->","yoast_head_json":{"title":"\"No vamos a sostener econ\u00f3micamente a quien no viene a trabajar\" | Al Dia Chaco","robots":{"index":"index","follow":"follow","max-snippet":"max-snippet:-1","max-image-preview":"max-image-preview:large","max-video-preview":"max-video-preview:-1"},"canonical":"https:\/\/aldiachaco.com.ar\/index.php\/2026\/03\/05\/no-vamos-a-sostener-economicamente-a-quien-no-viene-a-trabajar\/","og_locale":"es_ES","og_type":"article","og_title":"\"No vamos a sostener econ\u00f3micamente a quien no viene a trabajar\" | Al Dia Chaco","og_description":"El ministro de Gobierno, Julio Ferro, ingres\u00f3 formalmente en la Mesa de Entradas de la Legislatura chaque\u00f1a el proyecto de ley que busca modificar el r\u00e9gimen de licencias gremiales para agentes de la administraci\u00f3n p\u00fablica. La iniciativa, adelantada por el gobernador Leandro Zdero durante la apertura de sesiones ordinarias, propone que las licencias sindicales sean &hellip;","og_url":"https:\/\/aldiachaco.com.ar\/index.php\/2026\/03\/05\/no-vamos-a-sostener-economicamente-a-quien-no-viene-a-trabajar\/","og_site_name":"Al Dia Chaco","article_published_time":"2026-03-05T13:50:47+00:00","og_image":[{"width":790,"height":593,"url":"https:\/\/aldiachaco.com.ar\/wp-content\/uploads\/2026\/03\/0503ferro.webp","type":"image\/webp"}],"author":"RedaccionRM","twitter_card":"summary_large_image","twitter_misc":{"Escrito por":"RedaccionRM","Tiempo de lectura":"2 minutos"},"schema":{"@context":"https:\/\/schema.org","@graph":[{"@type":"Article","@id":"https:\/\/aldiachaco.com.ar\/index.php\/2026\/03\/05\/no-vamos-a-sostener-economicamente-a-quien-no-viene-a-trabajar\/#article","isPartOf":{"@id":"https:\/\/aldiachaco.com.ar\/index.php\/2026\/03\/05\/no-vamos-a-sostener-economicamente-a-quien-no-viene-a-trabajar\/"},"author":{"name":"RedaccionRM","@id":"https:\/\/aldiachaco.com.ar\/#\/schema\/person\/b24e975af8022082f5889a7a7299e962"},"headline":"&#8220;No vamos a sostener econ\u00f3micamente a quien no viene a trabajar&#8221;","datePublished":"2026-03-05T13:50:47+00:00","mainEntityOfPage":{"@id":"https:\/\/aldiachaco.com.ar\/index.php\/2026\/03\/05\/no-vamos-a-sostener-economicamente-a-quien-no-viene-a-trabajar\/"},"wordCount":426,"commentCount":0,"publisher":{"@id":"https:\/\/aldiachaco.com.ar\/#organization"},"image":{"@id":"https:\/\/aldiachaco.com.ar\/index.php\/2026\/03\/05\/no-vamos-a-sostener-economicamente-a-quien-no-viene-a-trabajar\/#primaryimage"},"thumbnailUrl":"https:\/\/aldiachaco.com.ar\/wp-content\/uploads\/2026\/03\/0503ferro.webp","articleSection":["Pol\u00edtica"],"inLanguage":"es-AR","potentialAction":[{"@type":"CommentAction","name":"Comment","target":["https:\/\/aldiachaco.com.ar\/index.php\/2026\/03\/05\/no-vamos-a-sostener-economicamente-a-quien-no-viene-a-trabajar\/#respond"]}]},{"@type":"WebPage","@id":"https:\/\/aldiachaco.com.ar\/index.php\/2026\/03\/05\/no-vamos-a-sostener-economicamente-a-quien-no-viene-a-trabajar\/","url":"https:\/\/aldiachaco.com.ar\/index.php\/2026\/03\/05\/no-vamos-a-sostener-economicamente-a-quien-no-viene-a-trabajar\/","name":"\"No vamos a sostener econ\u00f3micamente a quien no viene a trabajar\" | Al Dia Chaco","isPartOf":{"@id":"https:\/\/aldiachaco.com.ar\/#website"},"primaryImageOfPage":{"@id":"https:\/\/aldiachaco.com.ar\/index.php\/2026\/03\/05\/no-vamos-a-sostener-economicamente-a-quien-no-viene-a-trabajar\/#primaryimage"},"image":{"@id":"https:\/\/aldiachaco.com.ar\/index.php\/2026\/03\/05\/no-vamos-a-sostener-economicamente-a-quien-no-viene-a-trabajar\/#primaryimage"},"thumbnailUrl":"https:\/\/aldiachaco.com.ar\/wp-content\/uploads\/2026\/03\/0503ferro.webp","datePublished":"2026-03-05T13:50:47+00:00","breadcrumb":{"@id":"https:\/\/aldiachaco.com.ar\/index.php\/2026\/03\/05\/no-vamos-a-sostener-economicamente-a-quien-no-viene-a-trabajar\/#breadcrumb"},"inLanguage":"es-AR","potentialAction":[{"@type":"ReadAction","target":["https:\/\/aldiachaco.com.ar\/index.php\/2026\/03\/05\/no-vamos-a-sostener-economicamente-a-quien-no-viene-a-trabajar\/"]}]},{"@type":"ImageObject","inLanguage":"es-AR","@id":"https:\/\/aldiachaco.com.ar\/index.php\/2026\/03\/05\/no-vamos-a-sostener-economicamente-a-quien-no-viene-a-trabajar\/#primaryimage","url":"https:\/\/aldiachaco.com.ar\/wp-content\/uploads\/2026\/03\/0503ferro.webp","contentUrl":"https:\/\/aldiachaco.com.ar\/wp-content\/uploads\/2026\/03\/0503ferro.webp","width":790,"height":593},{"@type":"BreadcrumbList","@id":"https:\/\/aldiachaco.com.ar\/index.php\/2026\/03\/05\/no-vamos-a-sostener-economicamente-a-quien-no-viene-a-trabajar\/#breadcrumb","itemListElement":[{"@type":"ListItem","position":1,"name":"Home","item":"https:\/\/aldiachaco.com.ar\/"},{"@type":"ListItem","position":2,"name":"&#8220;No vamos a sostener econ\u00f3micamente a quien no viene a trabajar&#8221;"}]},{"@type":"WebSite","@id":"https:\/\/aldiachaco.com.ar\/#website","url":"https:\/\/aldiachaco.com.ar\/","name":"Al Dia Chaco","description":"Noticias del Chaco y el mundo","publisher":{"@id":"https:\/\/aldiachaco.com.ar\/#organization"},"alternateName":"Al D\u00eda Chaco","potentialAction":[{"@type":"SearchAction","target":{"@type":"EntryPoint","urlTemplate":"https:\/\/aldiachaco.com.ar\/?s={search_term_string}"},"query-input":{"@type":"PropertyValueSpecification","valueRequired":true,"valueName":"search_term_string"}}],"inLanguage":"es-AR"},{"@type":"Organization","@id":"https:\/\/aldiachaco.com.ar\/#organization","name":"Al Dia Chaco","url":"https:\/\/aldiachaco.com.ar\/","logo":{"@type":"ImageObject","inLanguage":"es-AR","@id":"https:\/\/aldiachaco.com.ar\/#\/schema\/logo\/image\/","url":"https:\/\/aldiachaco.com.ar\/wp-content\/uploads\/2017\/11\/AL-DIA-CHACO-L@2x.png","contentUrl":"https:\/\/aldiachaco.com.ar\/wp-content\/uploads\/2017\/11\/AL-DIA-CHACO-L@2x.png","width":232,"height":60,"caption":"Al Dia Chaco"},"image":{"@id":"https:\/\/aldiachaco.com.ar\/#\/schema\/logo\/image\/"}},{"@type":"Person","@id":"https:\/\/aldiachaco.com.ar\/#\/schema\/person\/b24e975af8022082f5889a7a7299e962","name":"RedaccionRM","image":{"@type":"ImageObject","inLanguage":"es-AR","@id":"https:\/\/aldiachaco.com.ar\/wp-content\/litespeed\/avatar\/a30118fcb7a6295303f1c91164c6aba1.jpg?ver=1777339088","url":"https:\/\/aldiachaco.com.ar\/wp-content\/litespeed\/avatar\/a30118fcb7a6295303f1c91164c6aba1.jpg?ver=1777339088","contentUrl":"https:\/\/aldiachaco.com.ar\/wp-content\/litespeed\/avatar\/a30118fcb7a6295303f1c91164c6aba1.jpg?ver=1777339088","caption":"RedaccionRM"},"url":"https:\/\/aldiachaco.com.ar\/index.php\/author\/redaccionrm\/"}]}},"jetpack_publicize_connections":[],"jetpack_featured_media_url":"https:\/\/aldiachaco.com.ar\/wp-content\/uploads\/2026\/03\/0503ferro.webp","jetpack_sharing_enabled":true,"amp_enabled":true,"_links":{"self":[{"href":"https:\/\/aldiachaco.com.ar\/index.php\/wp-json\/wp\/v2\/posts\/117500","targetHints":{"allow":["GET"]}}],"collection":[{"href":"https:\/\/aldiachaco.com.ar\/index.php\/wp-json\/wp\/v2\/posts"}],"about":[{"href":"https:\/\/aldiachaco.com.ar\/index.php\/wp-json\/wp\/v2\/types\/post"}],"author":[{"embeddable":true,"href":"https:\/\/aldiachaco.com.ar\/index.php\/wp-json\/wp\/v2\/users\/9"}],"replies":[{"embeddable":true,"href":"https:\/\/aldiachaco.com.ar\/index.php\/wp-json\/wp\/v2\/comments?post=117500"}],"version-history":[{"count":1,"href":"https:\/\/aldiachaco.com.ar\/index.php\/wp-json\/wp\/v2\/posts\/117500\/revisions"}],"predecessor-version":[{"id":117502,"href":"https:\/\/aldiachaco.com.ar\/index.php\/wp-json\/wp\/v2\/posts\/117500\/revisions\/117502"}],"wp:featuredmedia":[{"embeddable":true,"href":"https:\/\/aldiachaco.com.ar\/index.php\/wp-json\/wp\/v2\/media\/117501"}],"wp:attachment":[{"href":"https:\/\/aldiachaco.com.ar\/index.php\/wp-json\/wp\/v2\/media?parent=117500"}],"wp:term":[{"taxonomy":"category","embeddable":true,"href":"https:\/\/aldiachaco.com.ar\/index.php\/wp-json\/wp\/v2\/categories?post=117500"},{"taxonomy":"post_tag","embeddable":true,"href":"https:\/\/aldiachaco.com.ar\/index.php\/wp-json\/wp\/v2\/tags?post=117500"}],"curies":[{"name":"wp","href":"https:\/\/api.w.org\/{rel}","templated":true}]}}