{"id":117496,"date":"2026-03-05T09:33:42","date_gmt":"2026-03-05T12:33:42","guid":{"rendered":"https:\/\/aldiachaco.com.ar\/?p=117496"},"modified":"2026-03-05T09:33:42","modified_gmt":"2026-03-05T12:33:42","slug":"la-primera-vez-que-da-un-aumento-no-lo-anuncia-el-por-verguenza","status":"publish","type":"post","link":"https:\/\/aldiachaco.com.ar\/index.php\/2026\/03\/05\/la-primera-vez-que-da-un-aumento-no-lo-anuncia-el-por-verguenza\/","title":{"rendered":"&#8220;La primera vez que da un aumento no lo anuncia \u00e9l por verg\u00fcenza&#8221;."},"content":{"rendered":"<p class=\"ds-markdown-paragraph\">La primera sesi\u00f3n ordinaria de la C\u00e1mara de Diputados del Chaco dej\u00f3 un intercambio de alto voltaje entre el diputado del Frente Chaque\u00f1o, Santiago P\u00e9rez Pons, y la presidenta del cuerpo, Carmen Delgado, que deriv\u00f3 en reproches por la pol\u00edtica salarial, la deuda provincial y decisiones de la gesti\u00f3n anterior. La discusi\u00f3n se extendi\u00f3 por casi veinte minutos y expuso las profundas diferencias entre oficialismo y oposici\u00f3n en torno a la situaci\u00f3n econ\u00f3mica de la provincia.<\/p>\n<p class=\"ds-markdown-paragraph\">Durante su intervenci\u00f3n, el exministro de Econom\u00eda de la gesti\u00f3n de Jorge Capitanich cuestion\u00f3 el rumbo del gobierno provincial y plante\u00f3 que, a su entender, la provincia atraviesa una falta de direcci\u00f3n econ\u00f3mica clara. El legislador sostuvo que los trabajadores estatales llevan un a\u00f1o sin recomposici\u00f3n salarial significativa y apunt\u00f3 contra el incremento anunciado recientemente por el Ejecutivo.<\/p>\n<p class=\"ds-markdown-paragraph\">&#8220;Hace un a\u00f1o los trabajadores no recibieron ni un 1% de aumento y ahora aparece un 3% despu\u00e9s de doce meses, algo que no ocurr\u00eda en las \u00faltimas dos d\u00e9cadas en la provincia&#8221;, afirm\u00f3.<\/p>\n<p class=\"ds-markdown-paragraph\">En su exposici\u00f3n tambi\u00e9n defendi\u00f3 la pol\u00edtica salarial del gobierno anterior, recordando la implementaci\u00f3n de la cl\u00e1usula gatillo para el sector docente, mecanismo que, seg\u00fan sostuvo, se aplic\u00f3 de manera regular durante su gesti\u00f3n. Adem\u00e1s, cuestion\u00f3 el estado de las cuentas p\u00fablicas y advirti\u00f3 sobre la situaci\u00f3n fiscal. Seg\u00fan su planteo, la existencia de d\u00e9ficit financiero implica necesariamente un incremento de la deuda provincial.<\/p>\n<p class=\"ds-markdown-paragraph\">La discusi\u00f3n escal\u00f3 cuando Carmen Delgado decidi\u00f3 responder desde el estrado. La presidenta del Poder Legislativo rechaz\u00f3 los cuestionamientos sobre el funcionamiento institucional del cuerpo y defendi\u00f3 la organizaci\u00f3n de la apertura de sesiones realizada el 1 de marzo. Explic\u00f3 que el acto se desarroll\u00f3 m\u00e1s temprano y sin conferencia de prensa debido a compromisos de agenda del gobernador Leandro Zdero.<\/p>\n<p class=\"ds-markdown-paragraph\">&#8220;El gobernador ten\u00eda otra actividad prevista y deb\u00eda trasladarse inmediatamente despu\u00e9s del acto, por eso se organiz\u00f3 de esa manera&#8221;, se\u00f1al\u00f3.<\/p>\n<p class=\"ds-markdown-paragraph\">Delgado tambi\u00e9n cuestion\u00f3 lo que consider\u00f3 cr\u00edticas infundadas al funcionamiento institucional de la C\u00e1mara y sostuvo que el debate pol\u00edtico no debe transformarse en ataques al Poder Legislativo.<\/p>\n<p class=\"ds-markdown-paragraph\">El momento m\u00e1s tenso del cruce lleg\u00f3 cuando la presidenta de la Legislatura record\u00f3 la etapa en la que P\u00e9rez Pons fue ministro de Econom\u00eda y mencion\u00f3 un episodio vinculado a los salarios del personal legislativo.<\/p>\n<p class=\"ds-markdown-paragraph\">Seg\u00fan Delgado, durante aquella gesti\u00f3n se aprob\u00f3 un aumento para los trabajadores del Poder Legislativo que fue promulgado pero no se concret\u00f3 el pago. &#8220;Ese aumento se sancion\u00f3 y nunca se pag\u00f3. Y el responsable era el mismo diputado que hoy pide la renuncia del actual ministro de Econom\u00eda&#8221;, afirm\u00f3.<\/p>\n<p class=\"ds-markdown-paragraph\">La titular de la C\u00e1mara explic\u00f3 que la actual administraci\u00f3n debi\u00f3 regularizar esa situaci\u00f3n mediante un esquema de pagos en cuotas, al tiempo que asegur\u00f3 que actualmente el personal legislativo percibe salarios que se ubican entre los m\u00e1s altos dentro de los poderes del Estado provincial.<\/p>\n<div style=\"width: 478px;\" class=\"wp-video\"><video class=\"wp-video-shortcode\" id=\"video-117496-1\" width=\"478\" height=\"850\" preload=\"metadata\" controls=\"controls\"><source type=\"video\/mp4\" src=\"https:\/\/aldiachaco.com.ar\/wp-content\/uploads\/2026\/03\/WhatsApp-Video-2026-03-05-at-09.21.17.mp4?_=1\" \/><a href=\"https:\/\/aldiachaco.com.ar\/wp-content\/uploads\/2026\/03\/WhatsApp-Video-2026-03-05-at-09.21.17.mp4\">https:\/\/aldiachaco.com.ar\/wp-content\/uploads\/2026\/03\/WhatsApp-Video-2026-03-05-at-09.21.17.mp4<\/a><\/video><\/div>\n","protected":false},"excerpt":{"rendered":"<p>La primera sesi\u00f3n ordinaria de la C\u00e1mara de Diputados del Chaco dej\u00f3 un intercambio de alto voltaje entre el diputado del Frente Chaque\u00f1o, Santiago P\u00e9rez Pons, y la presidenta del cuerpo, Carmen Delgado, que deriv\u00f3 en reproches por la pol\u00edtica salarial, la deuda provincial y decisiones de la gesti\u00f3n anterior. La discusi\u00f3n se extendi\u00f3 por &hellip;<\/p>\n","protected":false},"author":9,"featured_media":117218,"comment_status":"open","ping_status":"open","sticky":false,"template":"","format":"standard","meta":{"content-type":"","_monsterinsights_skip_tracking":false,"_monsterinsights_sitenote_active":false,"_monsterinsights_sitenote_note":"","_monsterinsights_sitenote_category":0,"_jetpack_memberships_contains_paid_content":false,"footnotes":"","jetpack_publicize_message":"","jetpack_publicize_feature_enabled":true,"jetpack_social_post_already_shared":true,"jetpack_social_options":{"image_generator_settings":{"template":"highway","default_image_id":0,"font":"","enabled":false},"version":2}},"categories":[153],"tags":[],"class_list":["post-117496","post","type-post","status-publish","format-standard","has-post-thumbnail","hentry","category-politica"],"yoast_head":"<!-- This site is optimized with the Yoast SEO plugin v27.4 - https:\/\/yoast.com\/product\/yoast-seo-wordpress\/ -->\n<title>&quot;La primera vez que da un aumento no lo anuncia \u00e9l por verg\u00fcenza&quot;. | Al Dia Chaco<\/title>\n<meta name=\"robots\" content=\"index, follow, max-snippet:-1, max-image-preview:large, max-video-preview:-1\" \/>\n<link rel=\"canonical\" href=\"https:\/\/aldiachaco.com.ar\/index.php\/2026\/03\/05\/la-primera-vez-que-da-un-aumento-no-lo-anuncia-el-por-verguenza\/\" \/>\n<meta property=\"og:locale\" content=\"es_ES\" \/>\n<meta property=\"og:type\" content=\"article\" \/>\n<meta property=\"og:title\" content=\"&quot;La primera vez que da un aumento no lo anuncia \u00e9l por verg\u00fcenza&quot;. | Al Dia Chaco\" \/>\n<meta property=\"og:description\" content=\"La primera sesi\u00f3n ordinaria de la C\u00e1mara de Diputados del Chaco dej\u00f3 un intercambio de alto voltaje entre el diputado del Frente Chaque\u00f1o, Santiago P\u00e9rez Pons, y la presidenta del cuerpo, Carmen Delgado, que deriv\u00f3 en reproches por la pol\u00edtica salarial, la deuda provincial y decisiones de la gesti\u00f3n anterior. La discusi\u00f3n se extendi\u00f3 por &hellip;\" \/>\n<meta property=\"og:url\" content=\"https:\/\/aldiachaco.com.ar\/index.php\/2026\/03\/05\/la-primera-vez-que-da-un-aumento-no-lo-anuncia-el-por-verguenza\/\" \/>\n<meta property=\"og:site_name\" content=\"Al Dia Chaco\" \/>\n<meta property=\"article:published_time\" content=\"2026-03-05T12:33:42+00:00\" \/>\n<meta property=\"og:image\" content=\"https:\/\/aldiachaco.com.ar\/wp-content\/uploads\/2026\/02\/perez-pons.jpg\" \/>\n\t<meta property=\"og:image:width\" content=\"832\" \/>\n\t<meta property=\"og:image:height\" content=\"832\" \/>\n\t<meta property=\"og:image:type\" content=\"image\/jpeg\" \/>\n<meta name=\"author\" content=\"RedaccionRM\" \/>\n<meta name=\"twitter:card\" content=\"summary_large_image\" \/>\n<meta name=\"twitter:label1\" content=\"Escrito por\" \/>\n\t<meta name=\"twitter:data1\" content=\"RedaccionRM\" \/>\n\t<meta name=\"twitter:label2\" content=\"Tiempo de lectura\" \/>\n\t<meta name=\"twitter:data2\" content=\"3 minutos\" \/>\n<script type=\"application\/ld+json\" class=\"yoast-schema-graph\">{\"@context\":\"https:\\\/\\\/schema.org\",\"@graph\":[{\"@type\":\"Article\",\"@id\":\"https:\\\/\\\/aldiachaco.com.ar\\\/index.php\\\/2026\\\/03\\\/05\\\/la-primera-vez-que-da-un-aumento-no-lo-anuncia-el-por-verguenza\\\/#article\",\"isPartOf\":{\"@id\":\"https:\\\/\\\/aldiachaco.com.ar\\\/index.php\\\/2026\\\/03\\\/05\\\/la-primera-vez-que-da-un-aumento-no-lo-anuncia-el-por-verguenza\\\/\"},\"author\":{\"name\":\"RedaccionRM\",\"@id\":\"https:\\\/\\\/aldiachaco.com.ar\\\/#\\\/schema\\\/person\\\/b24e975af8022082f5889a7a7299e962\"},\"headline\":\"&#8220;La primera vez que da un aumento no lo anuncia \u00e9l por verg\u00fcenza&#8221;.\",\"datePublished\":\"2026-03-05T12:33:42+00:00\",\"mainEntityOfPage\":{\"@id\":\"https:\\\/\\\/aldiachaco.com.ar\\\/index.php\\\/2026\\\/03\\\/05\\\/la-primera-vez-que-da-un-aumento-no-lo-anuncia-el-por-verguenza\\\/\"},\"wordCount\":555,\"commentCount\":0,\"publisher\":{\"@id\":\"https:\\\/\\\/aldiachaco.com.ar\\\/#organization\"},\"image\":{\"@id\":\"https:\\\/\\\/aldiachaco.com.ar\\\/index.php\\\/2026\\\/03\\\/05\\\/la-primera-vez-que-da-un-aumento-no-lo-anuncia-el-por-verguenza\\\/#primaryimage\"},\"thumbnailUrl\":\"https:\\\/\\\/aldiachaco.com.ar\\\/wp-content\\\/uploads\\\/2026\\\/02\\\/perez-pons.jpg\",\"articleSection\":[\"Pol\u00edtica\"],\"inLanguage\":\"es-AR\",\"potentialAction\":[{\"@type\":\"CommentAction\",\"name\":\"Comment\",\"target\":[\"https:\\\/\\\/aldiachaco.com.ar\\\/index.php\\\/2026\\\/03\\\/05\\\/la-primera-vez-que-da-un-aumento-no-lo-anuncia-el-por-verguenza\\\/#respond\"]}]},{\"@type\":\"WebPage\",\"@id\":\"https:\\\/\\\/aldiachaco.com.ar\\\/index.php\\\/2026\\\/03\\\/05\\\/la-primera-vez-que-da-un-aumento-no-lo-anuncia-el-por-verguenza\\\/\",\"url\":\"https:\\\/\\\/aldiachaco.com.ar\\\/index.php\\\/2026\\\/03\\\/05\\\/la-primera-vez-que-da-un-aumento-no-lo-anuncia-el-por-verguenza\\\/\",\"name\":\"\\\"La primera vez que da un aumento no lo anuncia \u00e9l por verg\u00fcenza\\\". | Al Dia Chaco\",\"isPartOf\":{\"@id\":\"https:\\\/\\\/aldiachaco.com.ar\\\/#website\"},\"primaryImageOfPage\":{\"@id\":\"https:\\\/\\\/aldiachaco.com.ar\\\/index.php\\\/2026\\\/03\\\/05\\\/la-primera-vez-que-da-un-aumento-no-lo-anuncia-el-por-verguenza\\\/#primaryimage\"},\"image\":{\"@id\":\"https:\\\/\\\/aldiachaco.com.ar\\\/index.php\\\/2026\\\/03\\\/05\\\/la-primera-vez-que-da-un-aumento-no-lo-anuncia-el-por-verguenza\\\/#primaryimage\"},\"thumbnailUrl\":\"https:\\\/\\\/aldiachaco.com.ar\\\/wp-content\\\/uploads\\\/2026\\\/02\\\/perez-pons.jpg\",\"datePublished\":\"2026-03-05T12:33:42+00:00\",\"breadcrumb\":{\"@id\":\"https:\\\/\\\/aldiachaco.com.ar\\\/index.php\\\/2026\\\/03\\\/05\\\/la-primera-vez-que-da-un-aumento-no-lo-anuncia-el-por-verguenza\\\/#breadcrumb\"},\"inLanguage\":\"es-AR\",\"potentialAction\":[{\"@type\":\"ReadAction\",\"target\":[\"https:\\\/\\\/aldiachaco.com.ar\\\/index.php\\\/2026\\\/03\\\/05\\\/la-primera-vez-que-da-un-aumento-no-lo-anuncia-el-por-verguenza\\\/\"]}]},{\"@type\":\"ImageObject\",\"inLanguage\":\"es-AR\",\"@id\":\"https:\\\/\\\/aldiachaco.com.ar\\\/index.php\\\/2026\\\/03\\\/05\\\/la-primera-vez-que-da-un-aumento-no-lo-anuncia-el-por-verguenza\\\/#primaryimage\",\"url\":\"https:\\\/\\\/aldiachaco.com.ar\\\/wp-content\\\/uploads\\\/2026\\\/02\\\/perez-pons.jpg\",\"contentUrl\":\"https:\\\/\\\/aldiachaco.com.ar\\\/wp-content\\\/uploads\\\/2026\\\/02\\\/perez-pons.jpg\",\"width\":832,\"height\":832},{\"@type\":\"BreadcrumbList\",\"@id\":\"https:\\\/\\\/aldiachaco.com.ar\\\/index.php\\\/2026\\\/03\\\/05\\\/la-primera-vez-que-da-un-aumento-no-lo-anuncia-el-por-verguenza\\\/#breadcrumb\",\"itemListElement\":[{\"@type\":\"ListItem\",\"position\":1,\"name\":\"Home\",\"item\":\"https:\\\/\\\/aldiachaco.com.ar\\\/\"},{\"@type\":\"ListItem\",\"position\":2,\"name\":\"&#8220;La primera vez que da un aumento no lo anuncia \u00e9l por verg\u00fcenza&#8221;.\"}]},{\"@type\":\"WebSite\",\"@id\":\"https:\\\/\\\/aldiachaco.com.ar\\\/#website\",\"url\":\"https:\\\/\\\/aldiachaco.com.ar\\\/\",\"name\":\"Al Dia Chaco\",\"description\":\"Noticias del Chaco y el mundo\",\"publisher\":{\"@id\":\"https:\\\/\\\/aldiachaco.com.ar\\\/#organization\"},\"alternateName\":\"Al D\u00eda Chaco\",\"potentialAction\":[{\"@type\":\"SearchAction\",\"target\":{\"@type\":\"EntryPoint\",\"urlTemplate\":\"https:\\\/\\\/aldiachaco.com.ar\\\/?s={search_term_string}\"},\"query-input\":{\"@type\":\"PropertyValueSpecification\",\"valueRequired\":true,\"valueName\":\"search_term_string\"}}],\"inLanguage\":\"es-AR\"},{\"@type\":\"Organization\",\"@id\":\"https:\\\/\\\/aldiachaco.com.ar\\\/#organization\",\"name\":\"Al Dia Chaco\",\"url\":\"https:\\\/\\\/aldiachaco.com.ar\\\/\",\"logo\":{\"@type\":\"ImageObject\",\"inLanguage\":\"es-AR\",\"@id\":\"https:\\\/\\\/aldiachaco.com.ar\\\/#\\\/schema\\\/logo\\\/image\\\/\",\"url\":\"https:\\\/\\\/aldiachaco.com.ar\\\/wp-content\\\/uploads\\\/2017\\\/11\\\/AL-DIA-CHACO-L@2x.png\",\"contentUrl\":\"https:\\\/\\\/aldiachaco.com.ar\\\/wp-content\\\/uploads\\\/2017\\\/11\\\/AL-DIA-CHACO-L@2x.png\",\"width\":232,\"height\":60,\"caption\":\"Al Dia Chaco\"},\"image\":{\"@id\":\"https:\\\/\\\/aldiachaco.com.ar\\\/#\\\/schema\\\/logo\\\/image\\\/\"}},{\"@type\":\"Person\",\"@id\":\"https:\\\/\\\/aldiachaco.com.ar\\\/#\\\/schema\\\/person\\\/b24e975af8022082f5889a7a7299e962\",\"name\":\"RedaccionRM\",\"image\":{\"@type\":\"ImageObject\",\"inLanguage\":\"es-AR\",\"@id\":\"https:\\\/\\\/aldiachaco.com.ar\\\/wp-content\\\/litespeed\\\/avatar\\\/a30118fcb7a6295303f1c91164c6aba1.jpg?ver=1776734264\",\"url\":\"https:\\\/\\\/aldiachaco.com.ar\\\/wp-content\\\/litespeed\\\/avatar\\\/a30118fcb7a6295303f1c91164c6aba1.jpg?ver=1776734264\",\"contentUrl\":\"https:\\\/\\\/aldiachaco.com.ar\\\/wp-content\\\/litespeed\\\/avatar\\\/a30118fcb7a6295303f1c91164c6aba1.jpg?ver=1776734264\",\"caption\":\"RedaccionRM\"},\"url\":\"https:\\\/\\\/aldiachaco.com.ar\\\/index.php\\\/author\\\/redaccionrm\\\/\"}]}<\/script>\n<!-- \/ Yoast SEO plugin. -->","yoast_head_json":{"title":"\"La primera vez que da un aumento no lo anuncia \u00e9l por verg\u00fcenza\". | Al Dia Chaco","robots":{"index":"index","follow":"follow","max-snippet":"max-snippet:-1","max-image-preview":"max-image-preview:large","max-video-preview":"max-video-preview:-1"},"canonical":"https:\/\/aldiachaco.com.ar\/index.php\/2026\/03\/05\/la-primera-vez-que-da-un-aumento-no-lo-anuncia-el-por-verguenza\/","og_locale":"es_ES","og_type":"article","og_title":"\"La primera vez que da un aumento no lo anuncia \u00e9l por verg\u00fcenza\". | Al Dia Chaco","og_description":"La primera sesi\u00f3n ordinaria de la C\u00e1mara de Diputados del Chaco dej\u00f3 un intercambio de alto voltaje entre el diputado del Frente Chaque\u00f1o, Santiago P\u00e9rez Pons, y la presidenta del cuerpo, Carmen Delgado, que deriv\u00f3 en reproches por la pol\u00edtica salarial, la deuda provincial y decisiones de la gesti\u00f3n anterior. La discusi\u00f3n se extendi\u00f3 por &hellip;","og_url":"https:\/\/aldiachaco.com.ar\/index.php\/2026\/03\/05\/la-primera-vez-que-da-un-aumento-no-lo-anuncia-el-por-verguenza\/","og_site_name":"Al Dia Chaco","article_published_time":"2026-03-05T12:33:42+00:00","og_image":[{"width":832,"height":832,"url":"https:\/\/aldiachaco.com.ar\/wp-content\/uploads\/2026\/02\/perez-pons.jpg","type":"image\/jpeg"}],"author":"RedaccionRM","twitter_card":"summary_large_image","twitter_misc":{"Escrito por":"RedaccionRM","Tiempo de lectura":"3 minutos"},"schema":{"@context":"https:\/\/schema.org","@graph":[{"@type":"Article","@id":"https:\/\/aldiachaco.com.ar\/index.php\/2026\/03\/05\/la-primera-vez-que-da-un-aumento-no-lo-anuncia-el-por-verguenza\/#article","isPartOf":{"@id":"https:\/\/aldiachaco.com.ar\/index.php\/2026\/03\/05\/la-primera-vez-que-da-un-aumento-no-lo-anuncia-el-por-verguenza\/"},"author":{"name":"RedaccionRM","@id":"https:\/\/aldiachaco.com.ar\/#\/schema\/person\/b24e975af8022082f5889a7a7299e962"},"headline":"&#8220;La primera vez que da un aumento no lo anuncia \u00e9l por verg\u00fcenza&#8221;.","datePublished":"2026-03-05T12:33:42+00:00","mainEntityOfPage":{"@id":"https:\/\/aldiachaco.com.ar\/index.php\/2026\/03\/05\/la-primera-vez-que-da-un-aumento-no-lo-anuncia-el-por-verguenza\/"},"wordCount":555,"commentCount":0,"publisher":{"@id":"https:\/\/aldiachaco.com.ar\/#organization"},"image":{"@id":"https:\/\/aldiachaco.com.ar\/index.php\/2026\/03\/05\/la-primera-vez-que-da-un-aumento-no-lo-anuncia-el-por-verguenza\/#primaryimage"},"thumbnailUrl":"https:\/\/aldiachaco.com.ar\/wp-content\/uploads\/2026\/02\/perez-pons.jpg","articleSection":["Pol\u00edtica"],"inLanguage":"es-AR","potentialAction":[{"@type":"CommentAction","name":"Comment","target":["https:\/\/aldiachaco.com.ar\/index.php\/2026\/03\/05\/la-primera-vez-que-da-un-aumento-no-lo-anuncia-el-por-verguenza\/#respond"]}]},{"@type":"WebPage","@id":"https:\/\/aldiachaco.com.ar\/index.php\/2026\/03\/05\/la-primera-vez-que-da-un-aumento-no-lo-anuncia-el-por-verguenza\/","url":"https:\/\/aldiachaco.com.ar\/index.php\/2026\/03\/05\/la-primera-vez-que-da-un-aumento-no-lo-anuncia-el-por-verguenza\/","name":"\"La primera vez que da un aumento no lo anuncia \u00e9l por verg\u00fcenza\". | Al Dia Chaco","isPartOf":{"@id":"https:\/\/aldiachaco.com.ar\/#website"},"primaryImageOfPage":{"@id":"https:\/\/aldiachaco.com.ar\/index.php\/2026\/03\/05\/la-primera-vez-que-da-un-aumento-no-lo-anuncia-el-por-verguenza\/#primaryimage"},"image":{"@id":"https:\/\/aldiachaco.com.ar\/index.php\/2026\/03\/05\/la-primera-vez-que-da-un-aumento-no-lo-anuncia-el-por-verguenza\/#primaryimage"},"thumbnailUrl":"https:\/\/aldiachaco.com.ar\/wp-content\/uploads\/2026\/02\/perez-pons.jpg","datePublished":"2026-03-05T12:33:42+00:00","breadcrumb":{"@id":"https:\/\/aldiachaco.com.ar\/index.php\/2026\/03\/05\/la-primera-vez-que-da-un-aumento-no-lo-anuncia-el-por-verguenza\/#breadcrumb"},"inLanguage":"es-AR","potentialAction":[{"@type":"ReadAction","target":["https:\/\/aldiachaco.com.ar\/index.php\/2026\/03\/05\/la-primera-vez-que-da-un-aumento-no-lo-anuncia-el-por-verguenza\/"]}]},{"@type":"ImageObject","inLanguage":"es-AR","@id":"https:\/\/aldiachaco.com.ar\/index.php\/2026\/03\/05\/la-primera-vez-que-da-un-aumento-no-lo-anuncia-el-por-verguenza\/#primaryimage","url":"https:\/\/aldiachaco.com.ar\/wp-content\/uploads\/2026\/02\/perez-pons.jpg","contentUrl":"https:\/\/aldiachaco.com.ar\/wp-content\/uploads\/2026\/02\/perez-pons.jpg","width":832,"height":832},{"@type":"BreadcrumbList","@id":"https:\/\/aldiachaco.com.ar\/index.php\/2026\/03\/05\/la-primera-vez-que-da-un-aumento-no-lo-anuncia-el-por-verguenza\/#breadcrumb","itemListElement":[{"@type":"ListItem","position":1,"name":"Home","item":"https:\/\/aldiachaco.com.ar\/"},{"@type":"ListItem","position":2,"name":"&#8220;La primera vez que da un aumento no lo anuncia \u00e9l por verg\u00fcenza&#8221;."}]},{"@type":"WebSite","@id":"https:\/\/aldiachaco.com.ar\/#website","url":"https:\/\/aldiachaco.com.ar\/","name":"Al Dia Chaco","description":"Noticias del Chaco y el mundo","publisher":{"@id":"https:\/\/aldiachaco.com.ar\/#organization"},"alternateName":"Al D\u00eda Chaco","potentialAction":[{"@type":"SearchAction","target":{"@type":"EntryPoint","urlTemplate":"https:\/\/aldiachaco.com.ar\/?s={search_term_string}"},"query-input":{"@type":"PropertyValueSpecification","valueRequired":true,"valueName":"search_term_string"}}],"inLanguage":"es-AR"},{"@type":"Organization","@id":"https:\/\/aldiachaco.com.ar\/#organization","name":"Al Dia Chaco","url":"https:\/\/aldiachaco.com.ar\/","logo":{"@type":"ImageObject","inLanguage":"es-AR","@id":"https:\/\/aldiachaco.com.ar\/#\/schema\/logo\/image\/","url":"https:\/\/aldiachaco.com.ar\/wp-content\/uploads\/2017\/11\/AL-DIA-CHACO-L@2x.png","contentUrl":"https:\/\/aldiachaco.com.ar\/wp-content\/uploads\/2017\/11\/AL-DIA-CHACO-L@2x.png","width":232,"height":60,"caption":"Al Dia Chaco"},"image":{"@id":"https:\/\/aldiachaco.com.ar\/#\/schema\/logo\/image\/"}},{"@type":"Person","@id":"https:\/\/aldiachaco.com.ar\/#\/schema\/person\/b24e975af8022082f5889a7a7299e962","name":"RedaccionRM","image":{"@type":"ImageObject","inLanguage":"es-AR","@id":"https:\/\/aldiachaco.com.ar\/wp-content\/litespeed\/avatar\/a30118fcb7a6295303f1c91164c6aba1.jpg?ver=1776734264","url":"https:\/\/aldiachaco.com.ar\/wp-content\/litespeed\/avatar\/a30118fcb7a6295303f1c91164c6aba1.jpg?ver=1776734264","contentUrl":"https:\/\/aldiachaco.com.ar\/wp-content\/litespeed\/avatar\/a30118fcb7a6295303f1c91164c6aba1.jpg?ver=1776734264","caption":"RedaccionRM"},"url":"https:\/\/aldiachaco.com.ar\/index.php\/author\/redaccionrm\/"}]}},"jetpack_publicize_connections":[],"jetpack_featured_media_url":"https:\/\/aldiachaco.com.ar\/wp-content\/uploads\/2026\/02\/perez-pons.jpg","jetpack_sharing_enabled":true,"amp_enabled":true,"_links":{"self":[{"href":"https:\/\/aldiachaco.com.ar\/index.php\/wp-json\/wp\/v2\/posts\/117496","targetHints":{"allow":["GET"]}}],"collection":[{"href":"https:\/\/aldiachaco.com.ar\/index.php\/wp-json\/wp\/v2\/posts"}],"about":[{"href":"https:\/\/aldiachaco.com.ar\/index.php\/wp-json\/wp\/v2\/types\/post"}],"author":[{"embeddable":true,"href":"https:\/\/aldiachaco.com.ar\/index.php\/wp-json\/wp\/v2\/users\/9"}],"replies":[{"embeddable":true,"href":"https:\/\/aldiachaco.com.ar\/index.php\/wp-json\/wp\/v2\/comments?post=117496"}],"version-history":[{"count":1,"href":"https:\/\/aldiachaco.com.ar\/index.php\/wp-json\/wp\/v2\/posts\/117496\/revisions"}],"predecessor-version":[{"id":117498,"href":"https:\/\/aldiachaco.com.ar\/index.php\/wp-json\/wp\/v2\/posts\/117496\/revisions\/117498"}],"wp:featuredmedia":[{"embeddable":true,"href":"https:\/\/aldiachaco.com.ar\/index.php\/wp-json\/wp\/v2\/media\/117218"}],"wp:attachment":[{"href":"https:\/\/aldiachaco.com.ar\/index.php\/wp-json\/wp\/v2\/media?parent=117496"}],"wp:term":[{"taxonomy":"category","embeddable":true,"href":"https:\/\/aldiachaco.com.ar\/index.php\/wp-json\/wp\/v2\/categories?post=117496"},{"taxonomy":"post_tag","embeddable":true,"href":"https:\/\/aldiachaco.com.ar\/index.php\/wp-json\/wp\/v2\/tags?post=117496"}],"curies":[{"name":"wp","href":"https:\/\/api.w.org\/{rel}","templated":true}]}}