{"id":117493,"date":"2026-03-05T09:06:36","date_gmt":"2026-03-05T12:06:36","guid":{"rendered":"https:\/\/aldiachaco.com.ar\/?p=117493"},"modified":"2026-03-05T09:06:36","modified_gmt":"2026-03-05T12:06:36","slug":"briend-cruzo-a-osuna-tiene-que-acreditar-lo-que-dice","status":"publish","type":"post","link":"https:\/\/aldiachaco.com.ar\/index.php\/2026\/03\/05\/briend-cruzo-a-osuna-tiene-que-acreditar-lo-que-dice\/","title":{"rendered":"Briend cruz\u00f3 a Osuna: &#8220;tiene que acreditar lo que dice&#8221;"},"content":{"rendered":"<p class=\"ds-markdown-paragraph\">El abogado Gustavo Briend, que represent\u00f3 a la querella en la causa por el femicidio de Cecilia Strzyzowski, dialog\u00f3 en Sin Vuelta y se refiri\u00f3 al estado actual de la investigaci\u00f3n, la transparencia del juicio y las declaraciones de su colega Ricardo Osuna sobre una presunta &#8220;mano negra&#8221; en el veredicto.<\/p>\n<p class=\"ds-markdown-paragraph\">Consultado sobre el caso Loan, Briend aclar\u00f3 que ya no participa en esa causa: &#8220;Yo en el caso Loan no estoy m\u00e1s, te puedo contar como espectador porque lo dem\u00e1s lo desconozco&#8221;. Sobre el inicio de las audiencias preliminares, expres\u00f3: &#8220;Estoy muy contento que por lo menos haya comenzado con parte del proceso. Ojal\u00e1 que se pueda cambiar la fecha de audiencia porque escuch\u00e9 a un fiscal hablar de que la fecha inicial era para octubre. La familia no est\u00e1 de acuerdo con esa fecha porque hay una criatura que hay que encontrar&#8221;.<\/p>\n<p class=\"ds-markdown-paragraph\">En cuanto a la citaci\u00f3n de periodistas como testigos, explic\u00f3: &#8220;Hay muchos periodistas que fueron ofrecidos como testigos, no te olvides que hay una causa principal y una causa paralela que tiene que ver con la participaci\u00f3n de estas otras personas en una red de encubrimiento y denuncias cruzadas. Esas personas ten\u00edan mucho contacto con periodistas&#8221;. Record\u00f3 que al principio de la causa Loan &#8220;los propios periodistas hac\u00edan tareas de campo y se entrevistaban con personas, entonces ten\u00edan informaci\u00f3n que iban aportando a la causa&#8221;.<\/p>\n<p class=\"ds-markdown-paragraph\">Sobre la causa por el femicidio de Cecilia Strzyzowski, Briend inform\u00f3 que &#8220;hay unos planteos recursivos de las defensas que suponemos se van a resolver en las pr\u00f3ximas semanas&#8221;. Explic\u00f3 que luego de la resoluci\u00f3n del Superior Tribunal de Justicia, &#8220;las defensas van a hacer los planteos ante la Corte Suprema&#8221;.<\/p>\n<p class=\"ds-markdown-paragraph\">Al ser consultado sobre las declaraciones de Ricardo Osuna, quien asegur\u00f3 que hubo &#8220;mano negra&#8221; en el jurado, Briend fue contundente: &#8220;Para m\u00ed, la actuaci\u00f3n del jurado popular ha sido impecable. He advertido muy pocos juicios que se hayan respetado en exceso las garant\u00edas constitucionales. Este proceso dur\u00f3 much\u00edsimo porque en todos los momentos se agotaron todas las formalidades. Fue un juicio limpio&#8221;.<\/p>\n<p class=\"ds-markdown-paragraph\">Sobre el proceso de selecci\u00f3n del jurado, detall\u00f3 que &#8220;la lista original era de m\u00e1s de 450 personas&#8221; y que la selecci\u00f3n &#8220;se hace en conjunto con todas las partes, es un procedimiento normal previsto en la ley&#8221;. Cuestion\u00f3 las declaraciones de Osuna: &#8220;\u00c9l particip\u00f3 en todo momento, en todos los procesos de selecci\u00f3n. Decir eso porque el resultado no fue lo que esperabas ya hay alg\u00fan tipo de inter\u00e9s subjetivo. Despu\u00e9s tiene que acreditar lo que dice&#8221;.<\/p>\n<p class=\"ds-markdown-paragraph\">Briend tambi\u00e9n defendi\u00f3 la labor de la jueza: &#8220;Tuvo una muy buena actuaci\u00f3n, no es f\u00e1cil dirigir un proceso de estas caracter\u00edsticas. Tuvimos audiencias preliminares en junio o julio y despu\u00e9s el juicio en s\u00ed, la labor fue impecable&#8221;.<\/p>\n<p class=\"ds-markdown-paragraph\">Sobre las penas, aclar\u00f3: &#8220;Fue prisi\u00f3n perpetua para los acusados en la medida de la prisi\u00f3n perpetua. El resto de las personas eran acusadas de encubrimiento, no tienen una pena de prisi\u00f3n perpetua. La pena se dio de acuerdo a las acusaciones&#8221;.<\/p>\n<p class=\"ds-markdown-paragraph\">Consultado sobre si recibi\u00f3 amenazas durante la causa, respondi\u00f3 con cautela: &#8220;Los que hacemos Derecho Penal estamos habituados a cualquier tipo de comentario. Respecto a alguna situaci\u00f3n, a m\u00ed a esta altura del campeonato ya me tienen sin cuidado&#8221;. Sin confirmar ni negar, cerr\u00f3: &#8220;No te voy a decir ni s\u00ed ni no, te digo lo que pasa siempre, en todas las causas. Y pasa de todo&#8221;.<\/p>\n","protected":false},"excerpt":{"rendered":"<p>El abogado Gustavo Briend, que represent\u00f3 a la querella en la causa por el femicidio de Cecilia Strzyzowski, dialog\u00f3 en Sin Vuelta y se refiri\u00f3 al estado actual de la investigaci\u00f3n, la transparencia del juicio y las declaraciones de su colega Ricardo Osuna sobre una presunta &#8220;mano negra&#8221; en el veredicto. Consultado sobre el caso &hellip;<\/p>\n","protected":false},"author":9,"featured_media":117494,"comment_status":"open","ping_status":"open","sticky":false,"template":"","format":"standard","meta":{"content-type":"","_monsterinsights_skip_tracking":false,"_monsterinsights_sitenote_active":false,"_monsterinsights_sitenote_note":"","_monsterinsights_sitenote_category":0,"_jetpack_memberships_contains_paid_content":false,"footnotes":"","jetpack_publicize_message":"","jetpack_publicize_feature_enabled":true,"jetpack_social_post_already_shared":true,"jetpack_social_options":{"image_generator_settings":{"template":"highway","default_image_id":0,"font":"","enabled":false},"version":2}},"categories":[198],"tags":[],"class_list":["post-117493","post","type-post","status-publish","format-standard","has-post-thumbnail","hentry","category-actualidad"],"yoast_head":"<!-- This site is optimized with the Yoast SEO plugin v27.4 - https:\/\/yoast.com\/product\/yoast-seo-wordpress\/ -->\n<title>Briend cruz\u00f3 a Osuna: &quot;tiene que acreditar lo que dice&quot; | Al Dia Chaco<\/title>\n<meta name=\"robots\" content=\"index, follow, max-snippet:-1, max-image-preview:large, max-video-preview:-1\" \/>\n<link rel=\"canonical\" href=\"https:\/\/aldiachaco.com.ar\/index.php\/2026\/03\/05\/briend-cruzo-a-osuna-tiene-que-acreditar-lo-que-dice\/\" \/>\n<meta property=\"og:locale\" content=\"es_ES\" \/>\n<meta property=\"og:type\" content=\"article\" \/>\n<meta property=\"og:title\" content=\"Briend cruz\u00f3 a Osuna: &quot;tiene que acreditar lo que dice&quot; | Al Dia Chaco\" \/>\n<meta property=\"og:description\" content=\"El abogado Gustavo Briend, que represent\u00f3 a la querella en la causa por el femicidio de Cecilia Strzyzowski, dialog\u00f3 en Sin Vuelta y se refiri\u00f3 al estado actual de la investigaci\u00f3n, la transparencia del juicio y las declaraciones de su colega Ricardo Osuna sobre una presunta &#8220;mano negra&#8221; en el veredicto. Consultado sobre el caso &hellip;\" \/>\n<meta property=\"og:url\" content=\"https:\/\/aldiachaco.com.ar\/index.php\/2026\/03\/05\/briend-cruzo-a-osuna-tiene-que-acreditar-lo-que-dice\/\" \/>\n<meta property=\"og:site_name\" content=\"Al Dia Chaco\" \/>\n<meta property=\"article:published_time\" content=\"2026-03-05T12:06:36+00:00\" \/>\n<meta property=\"og:image\" content=\"https:\/\/aldiachaco.com.ar\/wp-content\/uploads\/2026\/03\/0503gustavo.webp\" \/>\n\t<meta property=\"og:image:width\" content=\"790\" \/>\n\t<meta property=\"og:image:height\" content=\"501\" \/>\n\t<meta property=\"og:image:type\" content=\"image\/webp\" \/>\n<meta name=\"author\" content=\"RedaccionRM\" \/>\n<meta name=\"twitter:card\" content=\"summary_large_image\" \/>\n<meta name=\"twitter:label1\" content=\"Escrito por\" \/>\n\t<meta name=\"twitter:data1\" content=\"RedaccionRM\" \/>\n\t<meta name=\"twitter:label2\" content=\"Tiempo de lectura\" \/>\n\t<meta name=\"twitter:data2\" content=\"3 minutos\" \/>\n<script type=\"application\/ld+json\" class=\"yoast-schema-graph\">{\"@context\":\"https:\\\/\\\/schema.org\",\"@graph\":[{\"@type\":\"Article\",\"@id\":\"https:\\\/\\\/aldiachaco.com.ar\\\/index.php\\\/2026\\\/03\\\/05\\\/briend-cruzo-a-osuna-tiene-que-acreditar-lo-que-dice\\\/#article\",\"isPartOf\":{\"@id\":\"https:\\\/\\\/aldiachaco.com.ar\\\/index.php\\\/2026\\\/03\\\/05\\\/briend-cruzo-a-osuna-tiene-que-acreditar-lo-que-dice\\\/\"},\"author\":{\"name\":\"RedaccionRM\",\"@id\":\"https:\\\/\\\/aldiachaco.com.ar\\\/#\\\/schema\\\/person\\\/b24e975af8022082f5889a7a7299e962\"},\"headline\":\"Briend cruz\u00f3 a Osuna: &#8220;tiene que acreditar lo que dice&#8221;\",\"datePublished\":\"2026-03-05T12:06:36+00:00\",\"mainEntityOfPage\":{\"@id\":\"https:\\\/\\\/aldiachaco.com.ar\\\/index.php\\\/2026\\\/03\\\/05\\\/briend-cruzo-a-osuna-tiene-que-acreditar-lo-que-dice\\\/\"},\"wordCount\":608,\"commentCount\":0,\"publisher\":{\"@id\":\"https:\\\/\\\/aldiachaco.com.ar\\\/#organization\"},\"image\":{\"@id\":\"https:\\\/\\\/aldiachaco.com.ar\\\/index.php\\\/2026\\\/03\\\/05\\\/briend-cruzo-a-osuna-tiene-que-acreditar-lo-que-dice\\\/#primaryimage\"},\"thumbnailUrl\":\"https:\\\/\\\/aldiachaco.com.ar\\\/wp-content\\\/uploads\\\/2026\\\/03\\\/0503gustavo.webp\",\"articleSection\":[\"Actualidad\"],\"inLanguage\":\"es-AR\",\"potentialAction\":[{\"@type\":\"CommentAction\",\"name\":\"Comment\",\"target\":[\"https:\\\/\\\/aldiachaco.com.ar\\\/index.php\\\/2026\\\/03\\\/05\\\/briend-cruzo-a-osuna-tiene-que-acreditar-lo-que-dice\\\/#respond\"]}]},{\"@type\":\"WebPage\",\"@id\":\"https:\\\/\\\/aldiachaco.com.ar\\\/index.php\\\/2026\\\/03\\\/05\\\/briend-cruzo-a-osuna-tiene-que-acreditar-lo-que-dice\\\/\",\"url\":\"https:\\\/\\\/aldiachaco.com.ar\\\/index.php\\\/2026\\\/03\\\/05\\\/briend-cruzo-a-osuna-tiene-que-acreditar-lo-que-dice\\\/\",\"name\":\"Briend cruz\u00f3 a Osuna: \\\"tiene que acreditar lo que dice\\\" | Al Dia Chaco\",\"isPartOf\":{\"@id\":\"https:\\\/\\\/aldiachaco.com.ar\\\/#website\"},\"primaryImageOfPage\":{\"@id\":\"https:\\\/\\\/aldiachaco.com.ar\\\/index.php\\\/2026\\\/03\\\/05\\\/briend-cruzo-a-osuna-tiene-que-acreditar-lo-que-dice\\\/#primaryimage\"},\"image\":{\"@id\":\"https:\\\/\\\/aldiachaco.com.ar\\\/index.php\\\/2026\\\/03\\\/05\\\/briend-cruzo-a-osuna-tiene-que-acreditar-lo-que-dice\\\/#primaryimage\"},\"thumbnailUrl\":\"https:\\\/\\\/aldiachaco.com.ar\\\/wp-content\\\/uploads\\\/2026\\\/03\\\/0503gustavo.webp\",\"datePublished\":\"2026-03-05T12:06:36+00:00\",\"breadcrumb\":{\"@id\":\"https:\\\/\\\/aldiachaco.com.ar\\\/index.php\\\/2026\\\/03\\\/05\\\/briend-cruzo-a-osuna-tiene-que-acreditar-lo-que-dice\\\/#breadcrumb\"},\"inLanguage\":\"es-AR\",\"potentialAction\":[{\"@type\":\"ReadAction\",\"target\":[\"https:\\\/\\\/aldiachaco.com.ar\\\/index.php\\\/2026\\\/03\\\/05\\\/briend-cruzo-a-osuna-tiene-que-acreditar-lo-que-dice\\\/\"]}]},{\"@type\":\"ImageObject\",\"inLanguage\":\"es-AR\",\"@id\":\"https:\\\/\\\/aldiachaco.com.ar\\\/index.php\\\/2026\\\/03\\\/05\\\/briend-cruzo-a-osuna-tiene-que-acreditar-lo-que-dice\\\/#primaryimage\",\"url\":\"https:\\\/\\\/aldiachaco.com.ar\\\/wp-content\\\/uploads\\\/2026\\\/03\\\/0503gustavo.webp\",\"contentUrl\":\"https:\\\/\\\/aldiachaco.com.ar\\\/wp-content\\\/uploads\\\/2026\\\/03\\\/0503gustavo.webp\",\"width\":790,\"height\":501},{\"@type\":\"BreadcrumbList\",\"@id\":\"https:\\\/\\\/aldiachaco.com.ar\\\/index.php\\\/2026\\\/03\\\/05\\\/briend-cruzo-a-osuna-tiene-que-acreditar-lo-que-dice\\\/#breadcrumb\",\"itemListElement\":[{\"@type\":\"ListItem\",\"position\":1,\"name\":\"Home\",\"item\":\"https:\\\/\\\/aldiachaco.com.ar\\\/\"},{\"@type\":\"ListItem\",\"position\":2,\"name\":\"Briend cruz\u00f3 a Osuna: &#8220;tiene que acreditar lo que dice&#8221;\"}]},{\"@type\":\"WebSite\",\"@id\":\"https:\\\/\\\/aldiachaco.com.ar\\\/#website\",\"url\":\"https:\\\/\\\/aldiachaco.com.ar\\\/\",\"name\":\"Al Dia Chaco\",\"description\":\"Noticias del Chaco y el mundo\",\"publisher\":{\"@id\":\"https:\\\/\\\/aldiachaco.com.ar\\\/#organization\"},\"alternateName\":\"Al D\u00eda Chaco\",\"potentialAction\":[{\"@type\":\"SearchAction\",\"target\":{\"@type\":\"EntryPoint\",\"urlTemplate\":\"https:\\\/\\\/aldiachaco.com.ar\\\/?s={search_term_string}\"},\"query-input\":{\"@type\":\"PropertyValueSpecification\",\"valueRequired\":true,\"valueName\":\"search_term_string\"}}],\"inLanguage\":\"es-AR\"},{\"@type\":\"Organization\",\"@id\":\"https:\\\/\\\/aldiachaco.com.ar\\\/#organization\",\"name\":\"Al Dia Chaco\",\"url\":\"https:\\\/\\\/aldiachaco.com.ar\\\/\",\"logo\":{\"@type\":\"ImageObject\",\"inLanguage\":\"es-AR\",\"@id\":\"https:\\\/\\\/aldiachaco.com.ar\\\/#\\\/schema\\\/logo\\\/image\\\/\",\"url\":\"https:\\\/\\\/aldiachaco.com.ar\\\/wp-content\\\/uploads\\\/2017\\\/11\\\/AL-DIA-CHACO-L@2x.png\",\"contentUrl\":\"https:\\\/\\\/aldiachaco.com.ar\\\/wp-content\\\/uploads\\\/2017\\\/11\\\/AL-DIA-CHACO-L@2x.png\",\"width\":232,\"height\":60,\"caption\":\"Al Dia Chaco\"},\"image\":{\"@id\":\"https:\\\/\\\/aldiachaco.com.ar\\\/#\\\/schema\\\/logo\\\/image\\\/\"}},{\"@type\":\"Person\",\"@id\":\"https:\\\/\\\/aldiachaco.com.ar\\\/#\\\/schema\\\/person\\\/b24e975af8022082f5889a7a7299e962\",\"name\":\"RedaccionRM\",\"image\":{\"@type\":\"ImageObject\",\"inLanguage\":\"es-AR\",\"@id\":\"https:\\\/\\\/aldiachaco.com.ar\\\/wp-content\\\/litespeed\\\/avatar\\\/a30118fcb7a6295303f1c91164c6aba1.jpg?ver=1777339088\",\"url\":\"https:\\\/\\\/aldiachaco.com.ar\\\/wp-content\\\/litespeed\\\/avatar\\\/a30118fcb7a6295303f1c91164c6aba1.jpg?ver=1777339088\",\"contentUrl\":\"https:\\\/\\\/aldiachaco.com.ar\\\/wp-content\\\/litespeed\\\/avatar\\\/a30118fcb7a6295303f1c91164c6aba1.jpg?ver=1777339088\",\"caption\":\"RedaccionRM\"},\"url\":\"https:\\\/\\\/aldiachaco.com.ar\\\/index.php\\\/author\\\/redaccionrm\\\/\"}]}<\/script>\n<!-- \/ Yoast SEO plugin. -->","yoast_head_json":{"title":"Briend cruz\u00f3 a Osuna: \"tiene que acreditar lo que dice\" | Al Dia Chaco","robots":{"index":"index","follow":"follow","max-snippet":"max-snippet:-1","max-image-preview":"max-image-preview:large","max-video-preview":"max-video-preview:-1"},"canonical":"https:\/\/aldiachaco.com.ar\/index.php\/2026\/03\/05\/briend-cruzo-a-osuna-tiene-que-acreditar-lo-que-dice\/","og_locale":"es_ES","og_type":"article","og_title":"Briend cruz\u00f3 a Osuna: \"tiene que acreditar lo que dice\" | Al Dia Chaco","og_description":"El abogado Gustavo Briend, que represent\u00f3 a la querella en la causa por el femicidio de Cecilia Strzyzowski, dialog\u00f3 en Sin Vuelta y se refiri\u00f3 al estado actual de la investigaci\u00f3n, la transparencia del juicio y las declaraciones de su colega Ricardo Osuna sobre una presunta &#8220;mano negra&#8221; en el veredicto. Consultado sobre el caso &hellip;","og_url":"https:\/\/aldiachaco.com.ar\/index.php\/2026\/03\/05\/briend-cruzo-a-osuna-tiene-que-acreditar-lo-que-dice\/","og_site_name":"Al Dia Chaco","article_published_time":"2026-03-05T12:06:36+00:00","og_image":[{"width":790,"height":501,"url":"https:\/\/aldiachaco.com.ar\/wp-content\/uploads\/2026\/03\/0503gustavo.webp","type":"image\/webp"}],"author":"RedaccionRM","twitter_card":"summary_large_image","twitter_misc":{"Escrito por":"RedaccionRM","Tiempo de lectura":"3 minutos"},"schema":{"@context":"https:\/\/schema.org","@graph":[{"@type":"Article","@id":"https:\/\/aldiachaco.com.ar\/index.php\/2026\/03\/05\/briend-cruzo-a-osuna-tiene-que-acreditar-lo-que-dice\/#article","isPartOf":{"@id":"https:\/\/aldiachaco.com.ar\/index.php\/2026\/03\/05\/briend-cruzo-a-osuna-tiene-que-acreditar-lo-que-dice\/"},"author":{"name":"RedaccionRM","@id":"https:\/\/aldiachaco.com.ar\/#\/schema\/person\/b24e975af8022082f5889a7a7299e962"},"headline":"Briend cruz\u00f3 a Osuna: &#8220;tiene que acreditar lo que dice&#8221;","datePublished":"2026-03-05T12:06:36+00:00","mainEntityOfPage":{"@id":"https:\/\/aldiachaco.com.ar\/index.php\/2026\/03\/05\/briend-cruzo-a-osuna-tiene-que-acreditar-lo-que-dice\/"},"wordCount":608,"commentCount":0,"publisher":{"@id":"https:\/\/aldiachaco.com.ar\/#organization"},"image":{"@id":"https:\/\/aldiachaco.com.ar\/index.php\/2026\/03\/05\/briend-cruzo-a-osuna-tiene-que-acreditar-lo-que-dice\/#primaryimage"},"thumbnailUrl":"https:\/\/aldiachaco.com.ar\/wp-content\/uploads\/2026\/03\/0503gustavo.webp","articleSection":["Actualidad"],"inLanguage":"es-AR","potentialAction":[{"@type":"CommentAction","name":"Comment","target":["https:\/\/aldiachaco.com.ar\/index.php\/2026\/03\/05\/briend-cruzo-a-osuna-tiene-que-acreditar-lo-que-dice\/#respond"]}]},{"@type":"WebPage","@id":"https:\/\/aldiachaco.com.ar\/index.php\/2026\/03\/05\/briend-cruzo-a-osuna-tiene-que-acreditar-lo-que-dice\/","url":"https:\/\/aldiachaco.com.ar\/index.php\/2026\/03\/05\/briend-cruzo-a-osuna-tiene-que-acreditar-lo-que-dice\/","name":"Briend cruz\u00f3 a Osuna: \"tiene que acreditar lo que dice\" | Al Dia Chaco","isPartOf":{"@id":"https:\/\/aldiachaco.com.ar\/#website"},"primaryImageOfPage":{"@id":"https:\/\/aldiachaco.com.ar\/index.php\/2026\/03\/05\/briend-cruzo-a-osuna-tiene-que-acreditar-lo-que-dice\/#primaryimage"},"image":{"@id":"https:\/\/aldiachaco.com.ar\/index.php\/2026\/03\/05\/briend-cruzo-a-osuna-tiene-que-acreditar-lo-que-dice\/#primaryimage"},"thumbnailUrl":"https:\/\/aldiachaco.com.ar\/wp-content\/uploads\/2026\/03\/0503gustavo.webp","datePublished":"2026-03-05T12:06:36+00:00","breadcrumb":{"@id":"https:\/\/aldiachaco.com.ar\/index.php\/2026\/03\/05\/briend-cruzo-a-osuna-tiene-que-acreditar-lo-que-dice\/#breadcrumb"},"inLanguage":"es-AR","potentialAction":[{"@type":"ReadAction","target":["https:\/\/aldiachaco.com.ar\/index.php\/2026\/03\/05\/briend-cruzo-a-osuna-tiene-que-acreditar-lo-que-dice\/"]}]},{"@type":"ImageObject","inLanguage":"es-AR","@id":"https:\/\/aldiachaco.com.ar\/index.php\/2026\/03\/05\/briend-cruzo-a-osuna-tiene-que-acreditar-lo-que-dice\/#primaryimage","url":"https:\/\/aldiachaco.com.ar\/wp-content\/uploads\/2026\/03\/0503gustavo.webp","contentUrl":"https:\/\/aldiachaco.com.ar\/wp-content\/uploads\/2026\/03\/0503gustavo.webp","width":790,"height":501},{"@type":"BreadcrumbList","@id":"https:\/\/aldiachaco.com.ar\/index.php\/2026\/03\/05\/briend-cruzo-a-osuna-tiene-que-acreditar-lo-que-dice\/#breadcrumb","itemListElement":[{"@type":"ListItem","position":1,"name":"Home","item":"https:\/\/aldiachaco.com.ar\/"},{"@type":"ListItem","position":2,"name":"Briend cruz\u00f3 a Osuna: &#8220;tiene que acreditar lo que dice&#8221;"}]},{"@type":"WebSite","@id":"https:\/\/aldiachaco.com.ar\/#website","url":"https:\/\/aldiachaco.com.ar\/","name":"Al Dia Chaco","description":"Noticias del Chaco y el mundo","publisher":{"@id":"https:\/\/aldiachaco.com.ar\/#organization"},"alternateName":"Al D\u00eda Chaco","potentialAction":[{"@type":"SearchAction","target":{"@type":"EntryPoint","urlTemplate":"https:\/\/aldiachaco.com.ar\/?s={search_term_string}"},"query-input":{"@type":"PropertyValueSpecification","valueRequired":true,"valueName":"search_term_string"}}],"inLanguage":"es-AR"},{"@type":"Organization","@id":"https:\/\/aldiachaco.com.ar\/#organization","name":"Al Dia Chaco","url":"https:\/\/aldiachaco.com.ar\/","logo":{"@type":"ImageObject","inLanguage":"es-AR","@id":"https:\/\/aldiachaco.com.ar\/#\/schema\/logo\/image\/","url":"https:\/\/aldiachaco.com.ar\/wp-content\/uploads\/2017\/11\/AL-DIA-CHACO-L@2x.png","contentUrl":"https:\/\/aldiachaco.com.ar\/wp-content\/uploads\/2017\/11\/AL-DIA-CHACO-L@2x.png","width":232,"height":60,"caption":"Al Dia Chaco"},"image":{"@id":"https:\/\/aldiachaco.com.ar\/#\/schema\/logo\/image\/"}},{"@type":"Person","@id":"https:\/\/aldiachaco.com.ar\/#\/schema\/person\/b24e975af8022082f5889a7a7299e962","name":"RedaccionRM","image":{"@type":"ImageObject","inLanguage":"es-AR","@id":"https:\/\/aldiachaco.com.ar\/wp-content\/litespeed\/avatar\/a30118fcb7a6295303f1c91164c6aba1.jpg?ver=1777339088","url":"https:\/\/aldiachaco.com.ar\/wp-content\/litespeed\/avatar\/a30118fcb7a6295303f1c91164c6aba1.jpg?ver=1777339088","contentUrl":"https:\/\/aldiachaco.com.ar\/wp-content\/litespeed\/avatar\/a30118fcb7a6295303f1c91164c6aba1.jpg?ver=1777339088","caption":"RedaccionRM"},"url":"https:\/\/aldiachaco.com.ar\/index.php\/author\/redaccionrm\/"}]}},"jetpack_publicize_connections":[],"jetpack_featured_media_url":"https:\/\/aldiachaco.com.ar\/wp-content\/uploads\/2026\/03\/0503gustavo.webp","jetpack_sharing_enabled":true,"amp_enabled":true,"_links":{"self":[{"href":"https:\/\/aldiachaco.com.ar\/index.php\/wp-json\/wp\/v2\/posts\/117493","targetHints":{"allow":["GET"]}}],"collection":[{"href":"https:\/\/aldiachaco.com.ar\/index.php\/wp-json\/wp\/v2\/posts"}],"about":[{"href":"https:\/\/aldiachaco.com.ar\/index.php\/wp-json\/wp\/v2\/types\/post"}],"author":[{"embeddable":true,"href":"https:\/\/aldiachaco.com.ar\/index.php\/wp-json\/wp\/v2\/users\/9"}],"replies":[{"embeddable":true,"href":"https:\/\/aldiachaco.com.ar\/index.php\/wp-json\/wp\/v2\/comments?post=117493"}],"version-history":[{"count":1,"href":"https:\/\/aldiachaco.com.ar\/index.php\/wp-json\/wp\/v2\/posts\/117493\/revisions"}],"predecessor-version":[{"id":117495,"href":"https:\/\/aldiachaco.com.ar\/index.php\/wp-json\/wp\/v2\/posts\/117493\/revisions\/117495"}],"wp:featuredmedia":[{"embeddable":true,"href":"https:\/\/aldiachaco.com.ar\/index.php\/wp-json\/wp\/v2\/media\/117494"}],"wp:attachment":[{"href":"https:\/\/aldiachaco.com.ar\/index.php\/wp-json\/wp\/v2\/media?parent=117493"}],"wp:term":[{"taxonomy":"category","embeddable":true,"href":"https:\/\/aldiachaco.com.ar\/index.php\/wp-json\/wp\/v2\/categories?post=117493"},{"taxonomy":"post_tag","embeddable":true,"href":"https:\/\/aldiachaco.com.ar\/index.php\/wp-json\/wp\/v2\/tags?post=117493"}],"curies":[{"name":"wp","href":"https:\/\/api.w.org\/{rel}","templated":true}]}}