{"id":117488,"date":"2026-03-05T07:59:08","date_gmt":"2026-03-05T10:59:08","guid":{"rendered":"https:\/\/aldiachaco.com.ar\/?p=117488"},"modified":"2026-03-05T07:59:08","modified_gmt":"2026-03-05T10:59:08","slug":"zdero-no-tiene-ningun-camino-de-gobierno","status":"publish","type":"post","link":"https:\/\/aldiachaco.com.ar\/index.php\/2026\/03\/05\/zdero-no-tiene-ningun-camino-de-gobierno\/","title":{"rendered":"&#8220;Zdero no tiene ning\u00fan camino de gobierno&#8221;"},"content":{"rendered":"<p class=\"ds-markdown-paragraph\">El abogado Ricardo Osuna, defensor de uno de los imputados en la causa por el femicidio de Cecilia Strzyzowski y tambi\u00e9n parte en la investigaci\u00f3n por narcopolic\u00edas, se refiri\u00f3 al estado de ambas causas y apunt\u00f3 contra el gobernador Leandro Zdero, a quien acus\u00f3 de utilizar el caso con fines pol\u00edticos.<\/p>\n<p class=\"ds-markdown-paragraph\">En di\u00e1logo con el programa de Diego Rodr\u00edguez, Osuna confirm\u00f3 que en la causa de Cecilia Strzyzowski &#8220;se presentaron los recursos de casaci\u00f3n y estamos esperando que la juez conceda los recursos y los eleve para su tramitaci\u00f3n al Superior Tribunal de Justicia, a la sala penal&#8221;. Consultado sobre si presentaron pruebas vinculadas a la teor\u00eda de &#8220;mano negra&#8221; que mencion\u00f3 en otras oportunidades, explic\u00f3 que &#8220;eso lo tenemos que presentar aparte, porque el recurso es sobre los argumentos de la sentencia. El tema de probar va a ser materia de otra causa. Una vez que acreditemos esa situaci\u00f3n, seguramente va a influir en el tema de la sentencia y del veredicto&#8221;.<\/p>\n<p class=\"ds-markdown-paragraph\">Sobre la causa de narcopolic\u00edas, indic\u00f3 que &#8220;se hab\u00eda presentado una especie de revisi\u00f3n contra lo que hab\u00eda resuelto la juez el otro d\u00eda de la nulidad, nos estamos adhiriendo y tienen que elevar a la C\u00e1mara de Revisi\u00f3n para que resuelva esa cuesti\u00f3n&#8221;. En cuanto a la situaci\u00f3n de los detenidos, se\u00f1al\u00f3 que su defendido, Ram\u00edrez, est\u00e1 en el Escuadr\u00f3n 14 Bajo Paraguay en Formosa y que &#8220;no iba a haber traslado, solo de los que estaban en Prefectura, que estaban viendo si los llevaban a Gendarmer\u00eda La Leonesa u otro lado&#8221;. Cuestion\u00f3 la decisi\u00f3n: &#8220;Si ac\u00e1 est\u00e1n m\u00e1s o menos y est\u00e1n cerca de la familia, no s\u00e9 para qu\u00e9 lo quieren llevar a otro lado&#8221;.<\/p>\n<p class=\"ds-markdown-paragraph\">El letrado ratific\u00f3 que el caso de narcopolic\u00edas &#8220;tiene mucha connotaci\u00f3n pol\u00edtica&#8221; y sostuvo que &#8220;por eso es que todo es no porque no, en vez de achicar el plazo de la investigaci\u00f3n lo alargan, todo siga, siga, como todas las causas pol\u00edticas, despu\u00e9s para que queden en la nada, como pasa siempre&#8221;.<\/p>\n<p class=\"ds-markdown-paragraph\">En otro tramo de la entrevista, Osuna reconoci\u00f3 que recibe amenazas por su participaci\u00f3n en causas de alto perfil: &#8220;Siempre hay gente ignorante que no asume el rol que tenemos nosotros en la sociedad. A veces s\u00ed se reciben amenazas, pero sin fundamentos, sin conocimiento&#8221;. Admiti\u00f3 que &#8220;de temer uno siempre teme, no por nosotros sino por la familia, pero ya elegimos esta carrera y seguimos adelante&#8221;. Revel\u00f3 que se prepar\u00f3 f\u00edsicamente: &#8220;Ahora soy cinto negro de Jiu Jitsu, no es que por eso me creo otra cosa, pero por lo menos tengo para defenderme&#8221;.<\/p>\n<p class=\"ds-markdown-paragraph\">El abogado tambi\u00e9n se refiri\u00f3 a la reacci\u00f3n de la gente tras el caso Cecilia: &#8220;Eso fue algo provocado por toda la situaci\u00f3n y por los mismos periodistas que estuvieron ah\u00ed, el de m\u00e1s contenido, el Dr Arreguin y dos o tres mas que fueron los que estuvieron arengando a la gente, adem\u00e1s de la gente que estuvo ah\u00ed de balde. Unos mangas de busca que se arrimaron al caso para ver si se pod\u00edan hacer famosos y la vieron de afuera&#8221;.<\/p>\n<p class=\"ds-markdown-paragraph\">Finalmente, Osuna vincul\u00f3 directamente al gobernador Leandro Zdero con la causa: &#8220;Para que el gobernador se tome el trabajo de hablar de all\u00e1 de Espa\u00f1a, ahora vino a hacer el discurso de apertura de la legislatura y otra vez la causa de Cecilia, parece que no tiene ning\u00fan camino de gobierno y sigue con lo mismo. Cambiar un poco el discurso y hacer algo, porque la verdad que hasta ahora no hizo ni mierda y sigue dando vueltas con lo mismo&#8221;. Y advirti\u00f3: &#8220;Cuando nosotros tengamos novedades del caso de la manipulaci\u00f3n de la mano negra, ah\u00ed se van a acordar de lo que yo dec\u00eda. Porque la verdad que es una verg\u00fcenza que manden a morir a la c\u00e1rcel a una persona que todo el mundo sabe que no ten\u00eda nada que ver en la causa&#8221;.<\/p>\n","protected":false},"excerpt":{"rendered":"<p>El abogado Ricardo Osuna, defensor de uno de los imputados en la causa por el femicidio de Cecilia Strzyzowski y tambi\u00e9n parte en la investigaci\u00f3n por narcopolic\u00edas, se refiri\u00f3 al estado de ambas causas y apunt\u00f3 contra el gobernador Leandro Zdero, a quien acus\u00f3 de utilizar el caso con fines pol\u00edticos. En di\u00e1logo con el &hellip;<\/p>\n","protected":false},"author":9,"featured_media":116929,"comment_status":"open","ping_status":"open","sticky":false,"template":"","format":"standard","meta":{"content-type":"","_monsterinsights_skip_tracking":false,"_monsterinsights_sitenote_active":false,"_monsterinsights_sitenote_note":"","_monsterinsights_sitenote_category":0,"_jetpack_memberships_contains_paid_content":false,"footnotes":"","jetpack_publicize_message":"","jetpack_publicize_feature_enabled":true,"jetpack_social_post_already_shared":true,"jetpack_social_options":{"image_generator_settings":{"template":"highway","default_image_id":0,"font":"","enabled":false},"version":2}},"categories":[153],"tags":[],"class_list":["post-117488","post","type-post","status-publish","format-standard","has-post-thumbnail","hentry","category-politica"],"yoast_head":"<!-- This site is optimized with the Yoast SEO plugin v27.4 - https:\/\/yoast.com\/product\/yoast-seo-wordpress\/ -->\n<title>&quot;Zdero no tiene ning\u00fan camino de gobierno&quot; | Al Dia Chaco<\/title>\n<meta name=\"robots\" content=\"index, follow, max-snippet:-1, max-image-preview:large, max-video-preview:-1\" \/>\n<link rel=\"canonical\" href=\"https:\/\/aldiachaco.com.ar\/index.php\/2026\/03\/05\/zdero-no-tiene-ningun-camino-de-gobierno\/\" \/>\n<meta property=\"og:locale\" content=\"es_ES\" \/>\n<meta property=\"og:type\" content=\"article\" \/>\n<meta property=\"og:title\" content=\"&quot;Zdero no tiene ning\u00fan camino de gobierno&quot; | Al Dia Chaco\" \/>\n<meta property=\"og:description\" content=\"El abogado Ricardo Osuna, defensor de uno de los imputados en la causa por el femicidio de Cecilia Strzyzowski y tambi\u00e9n parte en la investigaci\u00f3n por narcopolic\u00edas, se refiri\u00f3 al estado de ambas causas y apunt\u00f3 contra el gobernador Leandro Zdero, a quien acus\u00f3 de utilizar el caso con fines pol\u00edticos. En di\u00e1logo con el &hellip;\" \/>\n<meta property=\"og:url\" content=\"https:\/\/aldiachaco.com.ar\/index.php\/2026\/03\/05\/zdero-no-tiene-ningun-camino-de-gobierno\/\" \/>\n<meta property=\"og:site_name\" content=\"Al Dia Chaco\" \/>\n<meta property=\"article:published_time\" content=\"2026-03-05T10:59:08+00:00\" \/>\n<meta property=\"og:image\" content=\"https:\/\/aldiachaco.com.ar\/wp-content\/uploads\/2026\/02\/1202osuna.webp\" \/>\n\t<meta property=\"og:image:width\" content=\"602\" \/>\n\t<meta property=\"og:image:height\" content=\"445\" \/>\n\t<meta property=\"og:image:type\" content=\"image\/webp\" \/>\n<meta name=\"author\" content=\"RedaccionRM\" \/>\n<meta name=\"twitter:card\" content=\"summary_large_image\" \/>\n<meta name=\"twitter:label1\" content=\"Escrito por\" \/>\n\t<meta name=\"twitter:data1\" content=\"RedaccionRM\" \/>\n\t<meta name=\"twitter:label2\" content=\"Tiempo de lectura\" \/>\n\t<meta name=\"twitter:data2\" content=\"4 minutos\" \/>\n<script type=\"application\/ld+json\" class=\"yoast-schema-graph\">{\"@context\":\"https:\\\/\\\/schema.org\",\"@graph\":[{\"@type\":\"Article\",\"@id\":\"https:\\\/\\\/aldiachaco.com.ar\\\/index.php\\\/2026\\\/03\\\/05\\\/zdero-no-tiene-ningun-camino-de-gobierno\\\/#article\",\"isPartOf\":{\"@id\":\"https:\\\/\\\/aldiachaco.com.ar\\\/index.php\\\/2026\\\/03\\\/05\\\/zdero-no-tiene-ningun-camino-de-gobierno\\\/\"},\"author\":{\"name\":\"RedaccionRM\",\"@id\":\"https:\\\/\\\/aldiachaco.com.ar\\\/#\\\/schema\\\/person\\\/b24e975af8022082f5889a7a7299e962\"},\"headline\":\"&#8220;Zdero no tiene ning\u00fan camino de gobierno&#8221;\",\"datePublished\":\"2026-03-05T10:59:08+00:00\",\"mainEntityOfPage\":{\"@id\":\"https:\\\/\\\/aldiachaco.com.ar\\\/index.php\\\/2026\\\/03\\\/05\\\/zdero-no-tiene-ningun-camino-de-gobierno\\\/\"},\"wordCount\":703,\"commentCount\":0,\"publisher\":{\"@id\":\"https:\\\/\\\/aldiachaco.com.ar\\\/#organization\"},\"image\":{\"@id\":\"https:\\\/\\\/aldiachaco.com.ar\\\/index.php\\\/2026\\\/03\\\/05\\\/zdero-no-tiene-ningun-camino-de-gobierno\\\/#primaryimage\"},\"thumbnailUrl\":\"https:\\\/\\\/aldiachaco.com.ar\\\/wp-content\\\/uploads\\\/2026\\\/02\\\/1202osuna.webp\",\"articleSection\":[\"Pol\u00edtica\"],\"inLanguage\":\"es-AR\",\"potentialAction\":[{\"@type\":\"CommentAction\",\"name\":\"Comment\",\"target\":[\"https:\\\/\\\/aldiachaco.com.ar\\\/index.php\\\/2026\\\/03\\\/05\\\/zdero-no-tiene-ningun-camino-de-gobierno\\\/#respond\"]}]},{\"@type\":\"WebPage\",\"@id\":\"https:\\\/\\\/aldiachaco.com.ar\\\/index.php\\\/2026\\\/03\\\/05\\\/zdero-no-tiene-ningun-camino-de-gobierno\\\/\",\"url\":\"https:\\\/\\\/aldiachaco.com.ar\\\/index.php\\\/2026\\\/03\\\/05\\\/zdero-no-tiene-ningun-camino-de-gobierno\\\/\",\"name\":\"\\\"Zdero no tiene ning\u00fan camino de gobierno\\\" | Al Dia Chaco\",\"isPartOf\":{\"@id\":\"https:\\\/\\\/aldiachaco.com.ar\\\/#website\"},\"primaryImageOfPage\":{\"@id\":\"https:\\\/\\\/aldiachaco.com.ar\\\/index.php\\\/2026\\\/03\\\/05\\\/zdero-no-tiene-ningun-camino-de-gobierno\\\/#primaryimage\"},\"image\":{\"@id\":\"https:\\\/\\\/aldiachaco.com.ar\\\/index.php\\\/2026\\\/03\\\/05\\\/zdero-no-tiene-ningun-camino-de-gobierno\\\/#primaryimage\"},\"thumbnailUrl\":\"https:\\\/\\\/aldiachaco.com.ar\\\/wp-content\\\/uploads\\\/2026\\\/02\\\/1202osuna.webp\",\"datePublished\":\"2026-03-05T10:59:08+00:00\",\"breadcrumb\":{\"@id\":\"https:\\\/\\\/aldiachaco.com.ar\\\/index.php\\\/2026\\\/03\\\/05\\\/zdero-no-tiene-ningun-camino-de-gobierno\\\/#breadcrumb\"},\"inLanguage\":\"es-AR\",\"potentialAction\":[{\"@type\":\"ReadAction\",\"target\":[\"https:\\\/\\\/aldiachaco.com.ar\\\/index.php\\\/2026\\\/03\\\/05\\\/zdero-no-tiene-ningun-camino-de-gobierno\\\/\"]}]},{\"@type\":\"ImageObject\",\"inLanguage\":\"es-AR\",\"@id\":\"https:\\\/\\\/aldiachaco.com.ar\\\/index.php\\\/2026\\\/03\\\/05\\\/zdero-no-tiene-ningun-camino-de-gobierno\\\/#primaryimage\",\"url\":\"https:\\\/\\\/aldiachaco.com.ar\\\/wp-content\\\/uploads\\\/2026\\\/02\\\/1202osuna.webp\",\"contentUrl\":\"https:\\\/\\\/aldiachaco.com.ar\\\/wp-content\\\/uploads\\\/2026\\\/02\\\/1202osuna.webp\",\"width\":602,\"height\":445},{\"@type\":\"BreadcrumbList\",\"@id\":\"https:\\\/\\\/aldiachaco.com.ar\\\/index.php\\\/2026\\\/03\\\/05\\\/zdero-no-tiene-ningun-camino-de-gobierno\\\/#breadcrumb\",\"itemListElement\":[{\"@type\":\"ListItem\",\"position\":1,\"name\":\"Home\",\"item\":\"https:\\\/\\\/aldiachaco.com.ar\\\/\"},{\"@type\":\"ListItem\",\"position\":2,\"name\":\"&#8220;Zdero no tiene ning\u00fan camino de gobierno&#8221;\"}]},{\"@type\":\"WebSite\",\"@id\":\"https:\\\/\\\/aldiachaco.com.ar\\\/#website\",\"url\":\"https:\\\/\\\/aldiachaco.com.ar\\\/\",\"name\":\"Al Dia Chaco\",\"description\":\"Noticias del Chaco y el mundo\",\"publisher\":{\"@id\":\"https:\\\/\\\/aldiachaco.com.ar\\\/#organization\"},\"alternateName\":\"Al D\u00eda Chaco\",\"potentialAction\":[{\"@type\":\"SearchAction\",\"target\":{\"@type\":\"EntryPoint\",\"urlTemplate\":\"https:\\\/\\\/aldiachaco.com.ar\\\/?s={search_term_string}\"},\"query-input\":{\"@type\":\"PropertyValueSpecification\",\"valueRequired\":true,\"valueName\":\"search_term_string\"}}],\"inLanguage\":\"es-AR\"},{\"@type\":\"Organization\",\"@id\":\"https:\\\/\\\/aldiachaco.com.ar\\\/#organization\",\"name\":\"Al Dia Chaco\",\"url\":\"https:\\\/\\\/aldiachaco.com.ar\\\/\",\"logo\":{\"@type\":\"ImageObject\",\"inLanguage\":\"es-AR\",\"@id\":\"https:\\\/\\\/aldiachaco.com.ar\\\/#\\\/schema\\\/logo\\\/image\\\/\",\"url\":\"https:\\\/\\\/aldiachaco.com.ar\\\/wp-content\\\/uploads\\\/2017\\\/11\\\/AL-DIA-CHACO-L@2x.png\",\"contentUrl\":\"https:\\\/\\\/aldiachaco.com.ar\\\/wp-content\\\/uploads\\\/2017\\\/11\\\/AL-DIA-CHACO-L@2x.png\",\"width\":232,\"height\":60,\"caption\":\"Al Dia Chaco\"},\"image\":{\"@id\":\"https:\\\/\\\/aldiachaco.com.ar\\\/#\\\/schema\\\/logo\\\/image\\\/\"}},{\"@type\":\"Person\",\"@id\":\"https:\\\/\\\/aldiachaco.com.ar\\\/#\\\/schema\\\/person\\\/b24e975af8022082f5889a7a7299e962\",\"name\":\"RedaccionRM\",\"image\":{\"@type\":\"ImageObject\",\"inLanguage\":\"es-AR\",\"@id\":\"https:\\\/\\\/aldiachaco.com.ar\\\/wp-content\\\/litespeed\\\/avatar\\\/a30118fcb7a6295303f1c91164c6aba1.jpg?ver=1777339088\",\"url\":\"https:\\\/\\\/aldiachaco.com.ar\\\/wp-content\\\/litespeed\\\/avatar\\\/a30118fcb7a6295303f1c91164c6aba1.jpg?ver=1777339088\",\"contentUrl\":\"https:\\\/\\\/aldiachaco.com.ar\\\/wp-content\\\/litespeed\\\/avatar\\\/a30118fcb7a6295303f1c91164c6aba1.jpg?ver=1777339088\",\"caption\":\"RedaccionRM\"},\"url\":\"https:\\\/\\\/aldiachaco.com.ar\\\/index.php\\\/author\\\/redaccionrm\\\/\"}]}<\/script>\n<!-- \/ Yoast SEO plugin. -->","yoast_head_json":{"title":"\"Zdero no tiene ning\u00fan camino de gobierno\" | Al Dia Chaco","robots":{"index":"index","follow":"follow","max-snippet":"max-snippet:-1","max-image-preview":"max-image-preview:large","max-video-preview":"max-video-preview:-1"},"canonical":"https:\/\/aldiachaco.com.ar\/index.php\/2026\/03\/05\/zdero-no-tiene-ningun-camino-de-gobierno\/","og_locale":"es_ES","og_type":"article","og_title":"\"Zdero no tiene ning\u00fan camino de gobierno\" | Al Dia Chaco","og_description":"El abogado Ricardo Osuna, defensor de uno de los imputados en la causa por el femicidio de Cecilia Strzyzowski y tambi\u00e9n parte en la investigaci\u00f3n por narcopolic\u00edas, se refiri\u00f3 al estado de ambas causas y apunt\u00f3 contra el gobernador Leandro Zdero, a quien acus\u00f3 de utilizar el caso con fines pol\u00edticos. En di\u00e1logo con el &hellip;","og_url":"https:\/\/aldiachaco.com.ar\/index.php\/2026\/03\/05\/zdero-no-tiene-ningun-camino-de-gobierno\/","og_site_name":"Al Dia Chaco","article_published_time":"2026-03-05T10:59:08+00:00","og_image":[{"width":602,"height":445,"url":"https:\/\/aldiachaco.com.ar\/wp-content\/uploads\/2026\/02\/1202osuna.webp","type":"image\/webp"}],"author":"RedaccionRM","twitter_card":"summary_large_image","twitter_misc":{"Escrito por":"RedaccionRM","Tiempo de lectura":"4 minutos"},"schema":{"@context":"https:\/\/schema.org","@graph":[{"@type":"Article","@id":"https:\/\/aldiachaco.com.ar\/index.php\/2026\/03\/05\/zdero-no-tiene-ningun-camino-de-gobierno\/#article","isPartOf":{"@id":"https:\/\/aldiachaco.com.ar\/index.php\/2026\/03\/05\/zdero-no-tiene-ningun-camino-de-gobierno\/"},"author":{"name":"RedaccionRM","@id":"https:\/\/aldiachaco.com.ar\/#\/schema\/person\/b24e975af8022082f5889a7a7299e962"},"headline":"&#8220;Zdero no tiene ning\u00fan camino de gobierno&#8221;","datePublished":"2026-03-05T10:59:08+00:00","mainEntityOfPage":{"@id":"https:\/\/aldiachaco.com.ar\/index.php\/2026\/03\/05\/zdero-no-tiene-ningun-camino-de-gobierno\/"},"wordCount":703,"commentCount":0,"publisher":{"@id":"https:\/\/aldiachaco.com.ar\/#organization"},"image":{"@id":"https:\/\/aldiachaco.com.ar\/index.php\/2026\/03\/05\/zdero-no-tiene-ningun-camino-de-gobierno\/#primaryimage"},"thumbnailUrl":"https:\/\/aldiachaco.com.ar\/wp-content\/uploads\/2026\/02\/1202osuna.webp","articleSection":["Pol\u00edtica"],"inLanguage":"es-AR","potentialAction":[{"@type":"CommentAction","name":"Comment","target":["https:\/\/aldiachaco.com.ar\/index.php\/2026\/03\/05\/zdero-no-tiene-ningun-camino-de-gobierno\/#respond"]}]},{"@type":"WebPage","@id":"https:\/\/aldiachaco.com.ar\/index.php\/2026\/03\/05\/zdero-no-tiene-ningun-camino-de-gobierno\/","url":"https:\/\/aldiachaco.com.ar\/index.php\/2026\/03\/05\/zdero-no-tiene-ningun-camino-de-gobierno\/","name":"\"Zdero no tiene ning\u00fan camino de gobierno\" | Al Dia Chaco","isPartOf":{"@id":"https:\/\/aldiachaco.com.ar\/#website"},"primaryImageOfPage":{"@id":"https:\/\/aldiachaco.com.ar\/index.php\/2026\/03\/05\/zdero-no-tiene-ningun-camino-de-gobierno\/#primaryimage"},"image":{"@id":"https:\/\/aldiachaco.com.ar\/index.php\/2026\/03\/05\/zdero-no-tiene-ningun-camino-de-gobierno\/#primaryimage"},"thumbnailUrl":"https:\/\/aldiachaco.com.ar\/wp-content\/uploads\/2026\/02\/1202osuna.webp","datePublished":"2026-03-05T10:59:08+00:00","breadcrumb":{"@id":"https:\/\/aldiachaco.com.ar\/index.php\/2026\/03\/05\/zdero-no-tiene-ningun-camino-de-gobierno\/#breadcrumb"},"inLanguage":"es-AR","potentialAction":[{"@type":"ReadAction","target":["https:\/\/aldiachaco.com.ar\/index.php\/2026\/03\/05\/zdero-no-tiene-ningun-camino-de-gobierno\/"]}]},{"@type":"ImageObject","inLanguage":"es-AR","@id":"https:\/\/aldiachaco.com.ar\/index.php\/2026\/03\/05\/zdero-no-tiene-ningun-camino-de-gobierno\/#primaryimage","url":"https:\/\/aldiachaco.com.ar\/wp-content\/uploads\/2026\/02\/1202osuna.webp","contentUrl":"https:\/\/aldiachaco.com.ar\/wp-content\/uploads\/2026\/02\/1202osuna.webp","width":602,"height":445},{"@type":"BreadcrumbList","@id":"https:\/\/aldiachaco.com.ar\/index.php\/2026\/03\/05\/zdero-no-tiene-ningun-camino-de-gobierno\/#breadcrumb","itemListElement":[{"@type":"ListItem","position":1,"name":"Home","item":"https:\/\/aldiachaco.com.ar\/"},{"@type":"ListItem","position":2,"name":"&#8220;Zdero no tiene ning\u00fan camino de gobierno&#8221;"}]},{"@type":"WebSite","@id":"https:\/\/aldiachaco.com.ar\/#website","url":"https:\/\/aldiachaco.com.ar\/","name":"Al Dia Chaco","description":"Noticias del Chaco y el mundo","publisher":{"@id":"https:\/\/aldiachaco.com.ar\/#organization"},"alternateName":"Al D\u00eda Chaco","potentialAction":[{"@type":"SearchAction","target":{"@type":"EntryPoint","urlTemplate":"https:\/\/aldiachaco.com.ar\/?s={search_term_string}"},"query-input":{"@type":"PropertyValueSpecification","valueRequired":true,"valueName":"search_term_string"}}],"inLanguage":"es-AR"},{"@type":"Organization","@id":"https:\/\/aldiachaco.com.ar\/#organization","name":"Al Dia Chaco","url":"https:\/\/aldiachaco.com.ar\/","logo":{"@type":"ImageObject","inLanguage":"es-AR","@id":"https:\/\/aldiachaco.com.ar\/#\/schema\/logo\/image\/","url":"https:\/\/aldiachaco.com.ar\/wp-content\/uploads\/2017\/11\/AL-DIA-CHACO-L@2x.png","contentUrl":"https:\/\/aldiachaco.com.ar\/wp-content\/uploads\/2017\/11\/AL-DIA-CHACO-L@2x.png","width":232,"height":60,"caption":"Al Dia Chaco"},"image":{"@id":"https:\/\/aldiachaco.com.ar\/#\/schema\/logo\/image\/"}},{"@type":"Person","@id":"https:\/\/aldiachaco.com.ar\/#\/schema\/person\/b24e975af8022082f5889a7a7299e962","name":"RedaccionRM","image":{"@type":"ImageObject","inLanguage":"es-AR","@id":"https:\/\/aldiachaco.com.ar\/wp-content\/litespeed\/avatar\/a30118fcb7a6295303f1c91164c6aba1.jpg?ver=1777339088","url":"https:\/\/aldiachaco.com.ar\/wp-content\/litespeed\/avatar\/a30118fcb7a6295303f1c91164c6aba1.jpg?ver=1777339088","contentUrl":"https:\/\/aldiachaco.com.ar\/wp-content\/litespeed\/avatar\/a30118fcb7a6295303f1c91164c6aba1.jpg?ver=1777339088","caption":"RedaccionRM"},"url":"https:\/\/aldiachaco.com.ar\/index.php\/author\/redaccionrm\/"}]}},"jetpack_publicize_connections":[],"jetpack_featured_media_url":"https:\/\/aldiachaco.com.ar\/wp-content\/uploads\/2026\/02\/1202osuna.webp","jetpack_sharing_enabled":true,"amp_enabled":true,"_links":{"self":[{"href":"https:\/\/aldiachaco.com.ar\/index.php\/wp-json\/wp\/v2\/posts\/117488","targetHints":{"allow":["GET"]}}],"collection":[{"href":"https:\/\/aldiachaco.com.ar\/index.php\/wp-json\/wp\/v2\/posts"}],"about":[{"href":"https:\/\/aldiachaco.com.ar\/index.php\/wp-json\/wp\/v2\/types\/post"}],"author":[{"embeddable":true,"href":"https:\/\/aldiachaco.com.ar\/index.php\/wp-json\/wp\/v2\/users\/9"}],"replies":[{"embeddable":true,"href":"https:\/\/aldiachaco.com.ar\/index.php\/wp-json\/wp\/v2\/comments?post=117488"}],"version-history":[{"count":1,"href":"https:\/\/aldiachaco.com.ar\/index.php\/wp-json\/wp\/v2\/posts\/117488\/revisions"}],"predecessor-version":[{"id":117489,"href":"https:\/\/aldiachaco.com.ar\/index.php\/wp-json\/wp\/v2\/posts\/117488\/revisions\/117489"}],"wp:featuredmedia":[{"embeddable":true,"href":"https:\/\/aldiachaco.com.ar\/index.php\/wp-json\/wp\/v2\/media\/116929"}],"wp:attachment":[{"href":"https:\/\/aldiachaco.com.ar\/index.php\/wp-json\/wp\/v2\/media?parent=117488"}],"wp:term":[{"taxonomy":"category","embeddable":true,"href":"https:\/\/aldiachaco.com.ar\/index.php\/wp-json\/wp\/v2\/categories?post=117488"},{"taxonomy":"post_tag","embeddable":true,"href":"https:\/\/aldiachaco.com.ar\/index.php\/wp-json\/wp\/v2\/tags?post=117488"}],"curies":[{"name":"wp","href":"https:\/\/api.w.org\/{rel}","templated":true}]}}