{"id":117473,"date":"2026-03-04T10:18:54","date_gmt":"2026-03-04T13:18:54","guid":{"rendered":"https:\/\/aldiachaco.com.ar\/?p=117473"},"modified":"2026-03-04T10:18:54","modified_gmt":"2026-03-04T13:18:54","slug":"coudet-llego-a-la-argentina","status":"publish","type":"post","link":"https:\/\/aldiachaco.com.ar\/index.php\/2026\/03\/04\/coudet-llego-a-la-argentina\/","title":{"rendered":"Coudet lleg\u00f3 a la Argentina"},"content":{"rendered":"<p class=\"ds-markdown-paragraph\">Eduardo &#8220;Chacho&#8221; Coudet ya est\u00e1 en el pa\u00eds. El flamante entrenador de River Plate aterriz\u00f3 en la madrugada de este mi\u00e9rcoles en el vuelo procedente de Madrid, y se prepara para una jornada clave en N\u00fa\u00f1ez: ser\u00e1 presentado oficialmente al mediod\u00eda y por la tarde dirigir\u00e1 su primera pr\u00e1ctica al frente del plantel profesional.<\/p>\n<p class=\"ds-markdown-paragraph\">&#8220;Fue un viaje largo, contento con lo que se est\u00e1 dando y bueno, para agradecerle al estar y nos vemos en un ratito. Tengo que pasar por casa y voy para el Monumental&#8221;, fueron las primeras palabras del t\u00e9cnico al pisar Ezeiza, donde fue recibido por periodistas y algunos hinchas. Consultados sobre si esperaba el llamado de River, el Chacho fue sincero: &#8220;Sinceramente, tiempo atr\u00e1s no, pero se dio todo muy r\u00e1pido. Estoy contento y agradecido con River y con toda la gente&#8221;.<\/p>\n<p class=\"ds-markdown-paragraph\">Pasadas las 9 de la ma\u00f1ana, Coudet se trasladar\u00e1 al estadio Monumental para reunirse con el presidente Jorge Brito y el m\u00e1nager, Stefano Di Carlo. All\u00ed firmar\u00e1 su contrato que lo vincular\u00e1 al club hasta diciembre de 2027. Posteriormente, a las 11.45, brindar\u00e1 su primera conferencia de prensa en el Sal\u00f3n Auditorio del estadio, donde se espera que exponga sus primeras impresiones sobre el desaf\u00edo de dirigir al Millonario.<\/p>\n<p class=\"ds-markdown-paragraph\">Luego del almuerzo, la agenda continuar\u00e1 en el predio de Ezeiza. A las 17.00, Coudet se pondr\u00e1 al frente de su primer entrenamiento como t\u00e9cnico de River. Antes del inicio de la pr\u00e1ctica, mantendr\u00e1 una charla de presentaci\u00f3n con los futboleros para delinear los primeros conceptos de su ciclo.<\/p>\n<p class=\"ds-markdown-paragraph\">El nuevo cuerpo t\u00e9cnico tendr\u00e1 una semana completa de trabajo gracias al paro dispuesto por AFA, que suspendi\u00f3 la fecha 9 del Torneo Apertura entre el jueves 5 y el domingo 8 de marzo. Esa jornada se reprogram\u00f3 para la primera semana de mayo, lo que le otorga al Chacho tiempo para familiarizarse con el plantel de cara a su debut oficial.<\/p>\n<p class=\"ds-markdown-paragraph\">El estreno de Coudet al frente de River ser\u00e1 el jueves 12 de marzo a las 21.30, cuando el equipo visite a Hurac\u00e1n en el Estadio Tom\u00e1s Adolfo Duc\u00f3 por la d\u00e9cima fecha del Torneo Apertura.<\/p>\n<div style=\"width: 202px;\" class=\"wp-video\"><video class=\"wp-video-shortcode\" id=\"video-117473-1\" width=\"202\" height=\"360\" preload=\"metadata\" controls=\"controls\"><source type=\"video\/mp4\" src=\"https:\/\/aldiachaco.com.ar\/wp-content\/uploads\/2026\/03\/Eduardo-Coudet-llego-a-la-Argentina-y-hoy-sera-presentado-como-n.mp4?_=1\" \/><a href=\"https:\/\/aldiachaco.com.ar\/wp-content\/uploads\/2026\/03\/Eduardo-Coudet-llego-a-la-Argentina-y-hoy-sera-presentado-como-n.mp4\">https:\/\/aldiachaco.com.ar\/wp-content\/uploads\/2026\/03\/Eduardo-Coudet-llego-a-la-Argentina-y-hoy-sera-presentado-como-n.mp4<\/a><\/video><\/div>\n","protected":false},"excerpt":{"rendered":"<p>Eduardo &#8220;Chacho&#8221; Coudet ya est\u00e1 en el pa\u00eds. El flamante entrenador de River Plate aterriz\u00f3 en la madrugada de este mi\u00e9rcoles en el vuelo procedente de Madrid, y se prepara para una jornada clave en N\u00fa\u00f1ez: ser\u00e1 presentado oficialmente al mediod\u00eda y por la tarde dirigir\u00e1 su primera pr\u00e1ctica al frente del plantel profesional. &#8220;Fue &hellip;<\/p>\n","protected":false},"author":9,"featured_media":117474,"comment_status":"open","ping_status":"open","sticky":false,"template":"","format":"standard","meta":{"content-type":"","_monsterinsights_skip_tracking":false,"_monsterinsights_sitenote_active":false,"_monsterinsights_sitenote_note":"","_monsterinsights_sitenote_category":0,"_jetpack_memberships_contains_paid_content":false,"footnotes":"","jetpack_publicize_message":"","jetpack_publicize_feature_enabled":true,"jetpack_social_post_already_shared":true,"jetpack_social_options":{"image_generator_settings":{"template":"highway","default_image_id":0,"font":"","enabled":false},"version":2}},"categories":[72],"tags":[],"class_list":["post-117473","post","type-post","status-publish","format-standard","has-post-thumbnail","hentry","category-deportes"],"yoast_head":"<!-- This site is optimized with the Yoast SEO plugin v27.4 - https:\/\/yoast.com\/product\/yoast-seo-wordpress\/ -->\n<title>Coudet lleg\u00f3 a la Argentina | Al Dia Chaco<\/title>\n<meta name=\"robots\" content=\"index, follow, max-snippet:-1, max-image-preview:large, max-video-preview:-1\" \/>\n<link rel=\"canonical\" href=\"https:\/\/aldiachaco.com.ar\/index.php\/2026\/03\/04\/coudet-llego-a-la-argentina\/\" \/>\n<meta property=\"og:locale\" content=\"es_ES\" \/>\n<meta property=\"og:type\" content=\"article\" \/>\n<meta property=\"og:title\" content=\"Coudet lleg\u00f3 a la Argentina | Al Dia Chaco\" \/>\n<meta property=\"og:description\" content=\"Eduardo &#8220;Chacho&#8221; Coudet ya est\u00e1 en el pa\u00eds. El flamante entrenador de River Plate aterriz\u00f3 en la madrugada de este mi\u00e9rcoles en el vuelo procedente de Madrid, y se prepara para una jornada clave en N\u00fa\u00f1ez: ser\u00e1 presentado oficialmente al mediod\u00eda y por la tarde dirigir\u00e1 su primera pr\u00e1ctica al frente del plantel profesional. &#8220;Fue &hellip;\" \/>\n<meta property=\"og:url\" content=\"https:\/\/aldiachaco.com.ar\/index.php\/2026\/03\/04\/coudet-llego-a-la-argentina\/\" \/>\n<meta property=\"og:site_name\" content=\"Al Dia Chaco\" \/>\n<meta property=\"article:published_time\" content=\"2026-03-04T13:18:54+00:00\" \/>\n<meta property=\"og:image\" content=\"https:\/\/aldiachaco.com.ar\/wp-content\/uploads\/2026\/03\/0403coudet.png\" \/>\n\t<meta property=\"og:image:width\" content=\"1073\" \/>\n\t<meta property=\"og:image:height\" content=\"603\" \/>\n\t<meta property=\"og:image:type\" content=\"image\/png\" \/>\n<meta name=\"author\" content=\"RedaccionRM\" \/>\n<meta name=\"twitter:card\" content=\"summary_large_image\" \/>\n<meta name=\"twitter:label1\" content=\"Escrito por\" \/>\n\t<meta name=\"twitter:data1\" content=\"RedaccionRM\" \/>\n\t<meta name=\"twitter:label2\" content=\"Tiempo de lectura\" \/>\n\t<meta name=\"twitter:data2\" content=\"2 minutos\" \/>\n<script type=\"application\/ld+json\" class=\"yoast-schema-graph\">{\"@context\":\"https:\\\/\\\/schema.org\",\"@graph\":[{\"@type\":\"Article\",\"@id\":\"https:\\\/\\\/aldiachaco.com.ar\\\/index.php\\\/2026\\\/03\\\/04\\\/coudet-llego-a-la-argentina\\\/#article\",\"isPartOf\":{\"@id\":\"https:\\\/\\\/aldiachaco.com.ar\\\/index.php\\\/2026\\\/03\\\/04\\\/coudet-llego-a-la-argentina\\\/\"},\"author\":{\"name\":\"RedaccionRM\",\"@id\":\"https:\\\/\\\/aldiachaco.com.ar\\\/#\\\/schema\\\/person\\\/b24e975af8022082f5889a7a7299e962\"},\"headline\":\"Coudet lleg\u00f3 a la Argentina\",\"datePublished\":\"2026-03-04T13:18:54+00:00\",\"mainEntityOfPage\":{\"@id\":\"https:\\\/\\\/aldiachaco.com.ar\\\/index.php\\\/2026\\\/03\\\/04\\\/coudet-llego-a-la-argentina\\\/\"},\"wordCount\":381,\"commentCount\":0,\"publisher\":{\"@id\":\"https:\\\/\\\/aldiachaco.com.ar\\\/#organization\"},\"image\":{\"@id\":\"https:\\\/\\\/aldiachaco.com.ar\\\/index.php\\\/2026\\\/03\\\/04\\\/coudet-llego-a-la-argentina\\\/#primaryimage\"},\"thumbnailUrl\":\"https:\\\/\\\/aldiachaco.com.ar\\\/wp-content\\\/uploads\\\/2026\\\/03\\\/0403coudet.png\",\"articleSection\":[\"Deportes\"],\"inLanguage\":\"es-AR\",\"potentialAction\":[{\"@type\":\"CommentAction\",\"name\":\"Comment\",\"target\":[\"https:\\\/\\\/aldiachaco.com.ar\\\/index.php\\\/2026\\\/03\\\/04\\\/coudet-llego-a-la-argentina\\\/#respond\"]}]},{\"@type\":\"WebPage\",\"@id\":\"https:\\\/\\\/aldiachaco.com.ar\\\/index.php\\\/2026\\\/03\\\/04\\\/coudet-llego-a-la-argentina\\\/\",\"url\":\"https:\\\/\\\/aldiachaco.com.ar\\\/index.php\\\/2026\\\/03\\\/04\\\/coudet-llego-a-la-argentina\\\/\",\"name\":\"Coudet lleg\u00f3 a la Argentina | Al Dia Chaco\",\"isPartOf\":{\"@id\":\"https:\\\/\\\/aldiachaco.com.ar\\\/#website\"},\"primaryImageOfPage\":{\"@id\":\"https:\\\/\\\/aldiachaco.com.ar\\\/index.php\\\/2026\\\/03\\\/04\\\/coudet-llego-a-la-argentina\\\/#primaryimage\"},\"image\":{\"@id\":\"https:\\\/\\\/aldiachaco.com.ar\\\/index.php\\\/2026\\\/03\\\/04\\\/coudet-llego-a-la-argentina\\\/#primaryimage\"},\"thumbnailUrl\":\"https:\\\/\\\/aldiachaco.com.ar\\\/wp-content\\\/uploads\\\/2026\\\/03\\\/0403coudet.png\",\"datePublished\":\"2026-03-04T13:18:54+00:00\",\"breadcrumb\":{\"@id\":\"https:\\\/\\\/aldiachaco.com.ar\\\/index.php\\\/2026\\\/03\\\/04\\\/coudet-llego-a-la-argentina\\\/#breadcrumb\"},\"inLanguage\":\"es-AR\",\"potentialAction\":[{\"@type\":\"ReadAction\",\"target\":[\"https:\\\/\\\/aldiachaco.com.ar\\\/index.php\\\/2026\\\/03\\\/04\\\/coudet-llego-a-la-argentina\\\/\"]}]},{\"@type\":\"ImageObject\",\"inLanguage\":\"es-AR\",\"@id\":\"https:\\\/\\\/aldiachaco.com.ar\\\/index.php\\\/2026\\\/03\\\/04\\\/coudet-llego-a-la-argentina\\\/#primaryimage\",\"url\":\"https:\\\/\\\/aldiachaco.com.ar\\\/wp-content\\\/uploads\\\/2026\\\/03\\\/0403coudet.png\",\"contentUrl\":\"https:\\\/\\\/aldiachaco.com.ar\\\/wp-content\\\/uploads\\\/2026\\\/03\\\/0403coudet.png\",\"width\":1073,\"height\":603},{\"@type\":\"BreadcrumbList\",\"@id\":\"https:\\\/\\\/aldiachaco.com.ar\\\/index.php\\\/2026\\\/03\\\/04\\\/coudet-llego-a-la-argentina\\\/#breadcrumb\",\"itemListElement\":[{\"@type\":\"ListItem\",\"position\":1,\"name\":\"Home\",\"item\":\"https:\\\/\\\/aldiachaco.com.ar\\\/\"},{\"@type\":\"ListItem\",\"position\":2,\"name\":\"Coudet lleg\u00f3 a la Argentina\"}]},{\"@type\":\"WebSite\",\"@id\":\"https:\\\/\\\/aldiachaco.com.ar\\\/#website\",\"url\":\"https:\\\/\\\/aldiachaco.com.ar\\\/\",\"name\":\"Al Dia Chaco\",\"description\":\"Noticias del Chaco y el mundo\",\"publisher\":{\"@id\":\"https:\\\/\\\/aldiachaco.com.ar\\\/#organization\"},\"alternateName\":\"Al D\u00eda Chaco\",\"potentialAction\":[{\"@type\":\"SearchAction\",\"target\":{\"@type\":\"EntryPoint\",\"urlTemplate\":\"https:\\\/\\\/aldiachaco.com.ar\\\/?s={search_term_string}\"},\"query-input\":{\"@type\":\"PropertyValueSpecification\",\"valueRequired\":true,\"valueName\":\"search_term_string\"}}],\"inLanguage\":\"es-AR\"},{\"@type\":\"Organization\",\"@id\":\"https:\\\/\\\/aldiachaco.com.ar\\\/#organization\",\"name\":\"Al Dia Chaco\",\"url\":\"https:\\\/\\\/aldiachaco.com.ar\\\/\",\"logo\":{\"@type\":\"ImageObject\",\"inLanguage\":\"es-AR\",\"@id\":\"https:\\\/\\\/aldiachaco.com.ar\\\/#\\\/schema\\\/logo\\\/image\\\/\",\"url\":\"https:\\\/\\\/aldiachaco.com.ar\\\/wp-content\\\/uploads\\\/2017\\\/11\\\/AL-DIA-CHACO-L@2x.png\",\"contentUrl\":\"https:\\\/\\\/aldiachaco.com.ar\\\/wp-content\\\/uploads\\\/2017\\\/11\\\/AL-DIA-CHACO-L@2x.png\",\"width\":232,\"height\":60,\"caption\":\"Al Dia Chaco\"},\"image\":{\"@id\":\"https:\\\/\\\/aldiachaco.com.ar\\\/#\\\/schema\\\/logo\\\/image\\\/\"}},{\"@type\":\"Person\",\"@id\":\"https:\\\/\\\/aldiachaco.com.ar\\\/#\\\/schema\\\/person\\\/b24e975af8022082f5889a7a7299e962\",\"name\":\"RedaccionRM\",\"image\":{\"@type\":\"ImageObject\",\"inLanguage\":\"es-AR\",\"@id\":\"https:\\\/\\\/aldiachaco.com.ar\\\/wp-content\\\/litespeed\\\/avatar\\\/a30118fcb7a6295303f1c91164c6aba1.jpg?ver=1777339088\",\"url\":\"https:\\\/\\\/aldiachaco.com.ar\\\/wp-content\\\/litespeed\\\/avatar\\\/a30118fcb7a6295303f1c91164c6aba1.jpg?ver=1777339088\",\"contentUrl\":\"https:\\\/\\\/aldiachaco.com.ar\\\/wp-content\\\/litespeed\\\/avatar\\\/a30118fcb7a6295303f1c91164c6aba1.jpg?ver=1777339088\",\"caption\":\"RedaccionRM\"},\"url\":\"https:\\\/\\\/aldiachaco.com.ar\\\/index.php\\\/author\\\/redaccionrm\\\/\"}]}<\/script>\n<!-- \/ Yoast SEO plugin. -->","yoast_head_json":{"title":"Coudet lleg\u00f3 a la Argentina | Al Dia Chaco","robots":{"index":"index","follow":"follow","max-snippet":"max-snippet:-1","max-image-preview":"max-image-preview:large","max-video-preview":"max-video-preview:-1"},"canonical":"https:\/\/aldiachaco.com.ar\/index.php\/2026\/03\/04\/coudet-llego-a-la-argentina\/","og_locale":"es_ES","og_type":"article","og_title":"Coudet lleg\u00f3 a la Argentina | Al Dia Chaco","og_description":"Eduardo &#8220;Chacho&#8221; Coudet ya est\u00e1 en el pa\u00eds. El flamante entrenador de River Plate aterriz\u00f3 en la madrugada de este mi\u00e9rcoles en el vuelo procedente de Madrid, y se prepara para una jornada clave en N\u00fa\u00f1ez: ser\u00e1 presentado oficialmente al mediod\u00eda y por la tarde dirigir\u00e1 su primera pr\u00e1ctica al frente del plantel profesional. &#8220;Fue &hellip;","og_url":"https:\/\/aldiachaco.com.ar\/index.php\/2026\/03\/04\/coudet-llego-a-la-argentina\/","og_site_name":"Al Dia Chaco","article_published_time":"2026-03-04T13:18:54+00:00","og_image":[{"width":1073,"height":603,"url":"https:\/\/aldiachaco.com.ar\/wp-content\/uploads\/2026\/03\/0403coudet.png","type":"image\/png"}],"author":"RedaccionRM","twitter_card":"summary_large_image","twitter_misc":{"Escrito por":"RedaccionRM","Tiempo de lectura":"2 minutos"},"schema":{"@context":"https:\/\/schema.org","@graph":[{"@type":"Article","@id":"https:\/\/aldiachaco.com.ar\/index.php\/2026\/03\/04\/coudet-llego-a-la-argentina\/#article","isPartOf":{"@id":"https:\/\/aldiachaco.com.ar\/index.php\/2026\/03\/04\/coudet-llego-a-la-argentina\/"},"author":{"name":"RedaccionRM","@id":"https:\/\/aldiachaco.com.ar\/#\/schema\/person\/b24e975af8022082f5889a7a7299e962"},"headline":"Coudet lleg\u00f3 a la Argentina","datePublished":"2026-03-04T13:18:54+00:00","mainEntityOfPage":{"@id":"https:\/\/aldiachaco.com.ar\/index.php\/2026\/03\/04\/coudet-llego-a-la-argentina\/"},"wordCount":381,"commentCount":0,"publisher":{"@id":"https:\/\/aldiachaco.com.ar\/#organization"},"image":{"@id":"https:\/\/aldiachaco.com.ar\/index.php\/2026\/03\/04\/coudet-llego-a-la-argentina\/#primaryimage"},"thumbnailUrl":"https:\/\/aldiachaco.com.ar\/wp-content\/uploads\/2026\/03\/0403coudet.png","articleSection":["Deportes"],"inLanguage":"es-AR","potentialAction":[{"@type":"CommentAction","name":"Comment","target":["https:\/\/aldiachaco.com.ar\/index.php\/2026\/03\/04\/coudet-llego-a-la-argentina\/#respond"]}]},{"@type":"WebPage","@id":"https:\/\/aldiachaco.com.ar\/index.php\/2026\/03\/04\/coudet-llego-a-la-argentina\/","url":"https:\/\/aldiachaco.com.ar\/index.php\/2026\/03\/04\/coudet-llego-a-la-argentina\/","name":"Coudet lleg\u00f3 a la Argentina | Al Dia Chaco","isPartOf":{"@id":"https:\/\/aldiachaco.com.ar\/#website"},"primaryImageOfPage":{"@id":"https:\/\/aldiachaco.com.ar\/index.php\/2026\/03\/04\/coudet-llego-a-la-argentina\/#primaryimage"},"image":{"@id":"https:\/\/aldiachaco.com.ar\/index.php\/2026\/03\/04\/coudet-llego-a-la-argentina\/#primaryimage"},"thumbnailUrl":"https:\/\/aldiachaco.com.ar\/wp-content\/uploads\/2026\/03\/0403coudet.png","datePublished":"2026-03-04T13:18:54+00:00","breadcrumb":{"@id":"https:\/\/aldiachaco.com.ar\/index.php\/2026\/03\/04\/coudet-llego-a-la-argentina\/#breadcrumb"},"inLanguage":"es-AR","potentialAction":[{"@type":"ReadAction","target":["https:\/\/aldiachaco.com.ar\/index.php\/2026\/03\/04\/coudet-llego-a-la-argentina\/"]}]},{"@type":"ImageObject","inLanguage":"es-AR","@id":"https:\/\/aldiachaco.com.ar\/index.php\/2026\/03\/04\/coudet-llego-a-la-argentina\/#primaryimage","url":"https:\/\/aldiachaco.com.ar\/wp-content\/uploads\/2026\/03\/0403coudet.png","contentUrl":"https:\/\/aldiachaco.com.ar\/wp-content\/uploads\/2026\/03\/0403coudet.png","width":1073,"height":603},{"@type":"BreadcrumbList","@id":"https:\/\/aldiachaco.com.ar\/index.php\/2026\/03\/04\/coudet-llego-a-la-argentina\/#breadcrumb","itemListElement":[{"@type":"ListItem","position":1,"name":"Home","item":"https:\/\/aldiachaco.com.ar\/"},{"@type":"ListItem","position":2,"name":"Coudet lleg\u00f3 a la Argentina"}]},{"@type":"WebSite","@id":"https:\/\/aldiachaco.com.ar\/#website","url":"https:\/\/aldiachaco.com.ar\/","name":"Al Dia Chaco","description":"Noticias del Chaco y el mundo","publisher":{"@id":"https:\/\/aldiachaco.com.ar\/#organization"},"alternateName":"Al D\u00eda Chaco","potentialAction":[{"@type":"SearchAction","target":{"@type":"EntryPoint","urlTemplate":"https:\/\/aldiachaco.com.ar\/?s={search_term_string}"},"query-input":{"@type":"PropertyValueSpecification","valueRequired":true,"valueName":"search_term_string"}}],"inLanguage":"es-AR"},{"@type":"Organization","@id":"https:\/\/aldiachaco.com.ar\/#organization","name":"Al Dia Chaco","url":"https:\/\/aldiachaco.com.ar\/","logo":{"@type":"ImageObject","inLanguage":"es-AR","@id":"https:\/\/aldiachaco.com.ar\/#\/schema\/logo\/image\/","url":"https:\/\/aldiachaco.com.ar\/wp-content\/uploads\/2017\/11\/AL-DIA-CHACO-L@2x.png","contentUrl":"https:\/\/aldiachaco.com.ar\/wp-content\/uploads\/2017\/11\/AL-DIA-CHACO-L@2x.png","width":232,"height":60,"caption":"Al Dia Chaco"},"image":{"@id":"https:\/\/aldiachaco.com.ar\/#\/schema\/logo\/image\/"}},{"@type":"Person","@id":"https:\/\/aldiachaco.com.ar\/#\/schema\/person\/b24e975af8022082f5889a7a7299e962","name":"RedaccionRM","image":{"@type":"ImageObject","inLanguage":"es-AR","@id":"https:\/\/aldiachaco.com.ar\/wp-content\/litespeed\/avatar\/a30118fcb7a6295303f1c91164c6aba1.jpg?ver=1777339088","url":"https:\/\/aldiachaco.com.ar\/wp-content\/litespeed\/avatar\/a30118fcb7a6295303f1c91164c6aba1.jpg?ver=1777339088","contentUrl":"https:\/\/aldiachaco.com.ar\/wp-content\/litespeed\/avatar\/a30118fcb7a6295303f1c91164c6aba1.jpg?ver=1777339088","caption":"RedaccionRM"},"url":"https:\/\/aldiachaco.com.ar\/index.php\/author\/redaccionrm\/"}]}},"jetpack_publicize_connections":[],"jetpack_featured_media_url":"https:\/\/aldiachaco.com.ar\/wp-content\/uploads\/2026\/03\/0403coudet.png","jetpack_sharing_enabled":true,"amp_enabled":true,"_links":{"self":[{"href":"https:\/\/aldiachaco.com.ar\/index.php\/wp-json\/wp\/v2\/posts\/117473","targetHints":{"allow":["GET"]}}],"collection":[{"href":"https:\/\/aldiachaco.com.ar\/index.php\/wp-json\/wp\/v2\/posts"}],"about":[{"href":"https:\/\/aldiachaco.com.ar\/index.php\/wp-json\/wp\/v2\/types\/post"}],"author":[{"embeddable":true,"href":"https:\/\/aldiachaco.com.ar\/index.php\/wp-json\/wp\/v2\/users\/9"}],"replies":[{"embeddable":true,"href":"https:\/\/aldiachaco.com.ar\/index.php\/wp-json\/wp\/v2\/comments?post=117473"}],"version-history":[{"count":1,"href":"https:\/\/aldiachaco.com.ar\/index.php\/wp-json\/wp\/v2\/posts\/117473\/revisions"}],"predecessor-version":[{"id":117476,"href":"https:\/\/aldiachaco.com.ar\/index.php\/wp-json\/wp\/v2\/posts\/117473\/revisions\/117476"}],"wp:featuredmedia":[{"embeddable":true,"href":"https:\/\/aldiachaco.com.ar\/index.php\/wp-json\/wp\/v2\/media\/117474"}],"wp:attachment":[{"href":"https:\/\/aldiachaco.com.ar\/index.php\/wp-json\/wp\/v2\/media?parent=117473"}],"wp:term":[{"taxonomy":"category","embeddable":true,"href":"https:\/\/aldiachaco.com.ar\/index.php\/wp-json\/wp\/v2\/categories?post=117473"},{"taxonomy":"post_tag","embeddable":true,"href":"https:\/\/aldiachaco.com.ar\/index.php\/wp-json\/wp\/v2\/tags?post=117473"}],"curies":[{"name":"wp","href":"https:\/\/api.w.org\/{rel}","templated":true}]}}