{"id":117427,"date":"2026-03-02T19:59:46","date_gmt":"2026-03-02T22:59:46","guid":{"rendered":"https:\/\/aldiachaco.com.ar\/?p=117427"},"modified":"2026-03-02T19:59:46","modified_gmt":"2026-03-02T22:59:46","slug":"kicillof-abrio-las-sesiones-ordinarias-en-la-legislatura-bonaerense-con-un-fuerte-discurso-contra-el-gobierno-de-milei","status":"publish","type":"post","link":"https:\/\/aldiachaco.com.ar\/index.php\/2026\/03\/02\/kicillof-abrio-las-sesiones-ordinarias-en-la-legislatura-bonaerense-con-un-fuerte-discurso-contra-el-gobierno-de-milei\/","title":{"rendered":"Kicillof abri\u00f3 las sesiones ordinarias en la Legislatura bonaerense con un fuerte discurso contra el gobierno de Milei"},"content":{"rendered":"<p class=\"ds-markdown-paragraph\">El gobernador de la provincia de Buenos Aires, Axel Kicillof, inaugur\u00f3 este lunes el 154\u00b0 per\u00edodo de Sesiones Ordinarias de la Legislatura Bonaerense en la ciudad de La Plata, en un escenario pol\u00edtico marcado por las tensiones internas con el kirchnerismo duro y La C\u00e1mpora, pero con un discurso que apunt\u00f3 directamente contra la gesti\u00f3n nacional de Javier Milei.<\/p>\n<p class=\"ds-markdown-paragraph\"><strong>&#8220;Hoy no vivimos en dictadura, pero somos testigos del ascenso de las extremas derechas&#8221;<\/strong><\/p>\n<p class=\"ds-markdown-paragraph\">Kicillof comenz\u00f3 su alocuci\u00f3n recordando el golpe de Estado de 1976, al que defini\u00f3 como &#8220;no solamente una tragedia represiva, sino tambi\u00e9n un proyecto econ\u00f3mico&#8221; que busc\u00f3 &#8220;disciplinar a la sociedad, desarmar las capacidades productivas e industriales y desatar la especulaci\u00f3n financiera&#8221;.<\/p>\n<p class=\"ds-markdown-paragraph\">Al mirar el presente, se\u00f1al\u00f3 que aunque no se vive en dictadura, se observa &#8220;el ascenso de las extremas derechas que en muchos pa\u00edses est\u00e1n atacando la convivencia democr\u00e1tica, y la idea misma de comunidad&#8221;. Y apunt\u00f3 directamente: &#8220;Nuestro pa\u00eds se convirti\u00f3 en un laboratorio de una derecha extrema que llega al poder y gobierna exaltando el odio, consagrando al insulto y a la humillaci\u00f3n como m\u00e9todo pol\u00edtico&#8221;.<\/p>\n<p class=\"ds-markdown-paragraph\"><strong>El diagn\u00f3stico econ\u00f3mico<\/strong><\/p>\n<p class=\"ds-markdown-paragraph\">El gobernador describi\u00f3 una sociedad &#8220;fracturada progresivamente entre una minor\u00eda repleta de privilegios y mayor\u00edas repletas de privaciones&#8221;. Seg\u00fan detall\u00f3, &#8220;las ventas en minoristas y en supermercados est\u00e1n 10 puntos por debajo, mientras que en mayoristas cayeron un 20%&#8221;. El consumo de &#8220;leche, carne vacuna, frutas y verduras y hasta yerba mate&#8221; marc\u00f3 m\u00ednimos hist\u00f3ricos.<\/p>\n<p class=\"ds-markdown-paragraph\">Detall\u00f3 que &#8220;casi todos los sectores productivos se desplomaron: la industria cay\u00f3 un 10%, la construcci\u00f3n un 26% y el comercio un 6%&#8221;. En la \u00faltima temporada, un mill\u00f3n menos de turistas viajaron a destinos de la provincia y el consumo descendi\u00f3 un 35%.<\/p>\n<p class=\"ds-markdown-paragraph\">&#8220;El panorama es alarmante: se est\u00e1n destruyendo empresas en todas las ramas, en todas las provincias y de todos los tama\u00f1os. Desde que asumi\u00f3 Milei, cerraron cerca de 30 empresas por d\u00eda&#8221;, afirm\u00f3.<\/p>\n<p class=\"ds-markdown-paragraph\"><strong>Cr\u00edticas a la gesti\u00f3n nacional<\/strong><\/p>\n<p class=\"ds-markdown-paragraph\">Kicillof cuestion\u00f3 el relato oficial sobre la libertad de mercado: &#8220;La mano invisible del mercado no existe, es un verso&#8221;, asegur\u00f3, y sostuvo que el Gobierno nacional &#8220;fija y controla estrictamente&#8221; los precios.<\/p>\n<p class=\"ds-markdown-paragraph\">Se refiri\u00f3 al reciente traslado del sable corvo de San Mart\u00edn y lo vincul\u00f3 con la idea de soberan\u00eda: &#8220;Soberan\u00eda no es levantar un s\u00edmbolo para TikTok, sino defender la industria nacional, defender nuestros recursos y cuidar el trabajo argentino. Soberan\u00eda significa no arrodillarse frente a intereses extranjeros&#8221;.<\/p>\n<p class=\"ds-markdown-paragraph\">Con la llegada del actual Gobierno nacional, explic\u00f3, se abri\u00f3 una segunda etapa en la que la Provincia debi\u00f3 &#8220;convertirse en escudo y red, para proteger a nuestro pueblo frente a un Estado nacional desertor y a un modelo econ\u00f3mico desastroso&#8221;.<\/p>\n<p class=\"ds-markdown-paragraph\"><strong>Anuncios en seguridad, educaci\u00f3n y obras<\/strong><\/p>\n<p class=\"ds-markdown-paragraph\">El gobernador solicit\u00f3 a la Legislatura la aprobaci\u00f3n de una nueva ley para el personal policial y la modificaci\u00f3n integral de la Ley de Seguridad P\u00fablica. Tambi\u00e9n destac\u00f3 la puesta en marcha del plan Escuelas a la Obra, con m\u00e1s de 8.500 reparaciones realizadas y la inauguraci\u00f3n de 296 nuevos edificios escolares.<\/p>\n<p class=\"ds-markdown-paragraph\">Anunci\u00f3 obras en Bah\u00eda Blanca y asegur\u00f3 que &#8220;todos los municipios importan&#8221;, con el objetivo de garantizar igualdad de oportunidades para evitar que pueblos, ciudades o regiones expulsen habitantes por falta de infraestructura o empleo.<\/p>\n<p class=\"ds-markdown-paragraph\"><strong>Cierre con mensaje opositor<\/strong><\/p>\n<p class=\"ds-markdown-paragraph\">&#8220;Ninguna provincia se salva si el pa\u00eds se hunde&#8221;, dijo y agreg\u00f3: &#8220;Es necesario cambiar el sistema nacional&#8221;. Adem\u00e1s, acus\u00f3 al Ejecutivo nacional de moverse en la &#8220;extorsi\u00f3n&#8221;.<\/p>\n<p class=\"ds-markdown-paragraph\">&#8220;Cu\u00e1ntos menos argumentos, m\u00e1s insultos&#8221;, dijo en relaci\u00f3n a las palabras de Javier Milei en el Congreso. &#8220;Hay otro camino&#8221;, enfatiz\u00f3 sobre la gesti\u00f3n del Gobierno nacional.<\/p>\n","protected":false},"excerpt":{"rendered":"<p>El gobernador de la provincia de Buenos Aires, Axel Kicillof, inaugur\u00f3 este lunes el 154\u00b0 per\u00edodo de Sesiones Ordinarias de la Legislatura Bonaerense en la ciudad de La Plata, en un escenario pol\u00edtico marcado por las tensiones internas con el kirchnerismo duro y La C\u00e1mpora, pero con un discurso que apunt\u00f3 directamente contra la gesti\u00f3n &hellip;<\/p>\n","protected":false},"author":9,"featured_media":117428,"comment_status":"open","ping_status":"open","sticky":false,"template":"","format":"standard","meta":{"content-type":"","_monsterinsights_skip_tracking":false,"_monsterinsights_sitenote_active":false,"_monsterinsights_sitenote_note":"","_monsterinsights_sitenote_category":0,"_jetpack_memberships_contains_paid_content":false,"footnotes":"","jetpack_publicize_message":"","jetpack_publicize_feature_enabled":true,"jetpack_social_post_already_shared":true,"jetpack_social_options":{"image_generator_settings":{"template":"highway","default_image_id":0,"font":"","enabled":false},"version":2}},"categories":[153],"tags":[],"class_list":["post-117427","post","type-post","status-publish","format-standard","has-post-thumbnail","hentry","category-politica"],"yoast_head":"<!-- This site is optimized with the Yoast SEO plugin v27.4 - https:\/\/yoast.com\/product\/yoast-seo-wordpress\/ -->\n<title>Kicillof abri\u00f3 las sesiones ordinarias en la Legislatura bonaerense con un fuerte discurso contra el gobierno de Milei | Al Dia Chaco<\/title>\n<meta name=\"robots\" content=\"index, follow, max-snippet:-1, max-image-preview:large, max-video-preview:-1\" \/>\n<link rel=\"canonical\" href=\"https:\/\/aldiachaco.com.ar\/index.php\/2026\/03\/02\/kicillof-abrio-las-sesiones-ordinarias-en-la-legislatura-bonaerense-con-un-fuerte-discurso-contra-el-gobierno-de-milei\/\" \/>\n<meta property=\"og:locale\" content=\"es_ES\" \/>\n<meta property=\"og:type\" content=\"article\" \/>\n<meta property=\"og:title\" content=\"Kicillof abri\u00f3 las sesiones ordinarias en la Legislatura bonaerense con un fuerte discurso contra el gobierno de Milei | Al Dia Chaco\" \/>\n<meta property=\"og:description\" content=\"El gobernador de la provincia de Buenos Aires, Axel Kicillof, inaugur\u00f3 este lunes el 154\u00b0 per\u00edodo de Sesiones Ordinarias de la Legislatura Bonaerense en la ciudad de La Plata, en un escenario pol\u00edtico marcado por las tensiones internas con el kirchnerismo duro y La C\u00e1mpora, pero con un discurso que apunt\u00f3 directamente contra la gesti\u00f3n &hellip;\" \/>\n<meta property=\"og:url\" content=\"https:\/\/aldiachaco.com.ar\/index.php\/2026\/03\/02\/kicillof-abrio-las-sesiones-ordinarias-en-la-legislatura-bonaerense-con-un-fuerte-discurso-contra-el-gobierno-de-milei\/\" \/>\n<meta property=\"og:site_name\" content=\"Al Dia Chaco\" \/>\n<meta property=\"article:published_time\" content=\"2026-03-02T22:59:46+00:00\" \/>\n<meta property=\"og:image\" content=\"https:\/\/aldiachaco.com.ar\/wp-content\/uploads\/2026\/03\/0203kicilof.webp\" \/>\n\t<meta property=\"og:image:width\" content=\"1140\" \/>\n\t<meta property=\"og:image:height\" content=\"759\" \/>\n\t<meta property=\"og:image:type\" content=\"image\/webp\" \/>\n<meta name=\"author\" content=\"RedaccionRM\" \/>\n<meta name=\"twitter:card\" content=\"summary_large_image\" \/>\n<meta name=\"twitter:label1\" content=\"Escrito por\" \/>\n\t<meta name=\"twitter:data1\" content=\"RedaccionRM\" \/>\n\t<meta name=\"twitter:label2\" content=\"Tiempo de lectura\" \/>\n\t<meta name=\"twitter:data2\" content=\"3 minutos\" \/>\n<script type=\"application\/ld+json\" class=\"yoast-schema-graph\">{\"@context\":\"https:\\\/\\\/schema.org\",\"@graph\":[{\"@type\":\"Article\",\"@id\":\"https:\\\/\\\/aldiachaco.com.ar\\\/index.php\\\/2026\\\/03\\\/02\\\/kicillof-abrio-las-sesiones-ordinarias-en-la-legislatura-bonaerense-con-un-fuerte-discurso-contra-el-gobierno-de-milei\\\/#article\",\"isPartOf\":{\"@id\":\"https:\\\/\\\/aldiachaco.com.ar\\\/index.php\\\/2026\\\/03\\\/02\\\/kicillof-abrio-las-sesiones-ordinarias-en-la-legislatura-bonaerense-con-un-fuerte-discurso-contra-el-gobierno-de-milei\\\/\"},\"author\":{\"name\":\"RedaccionRM\",\"@id\":\"https:\\\/\\\/aldiachaco.com.ar\\\/#\\\/schema\\\/person\\\/b24e975af8022082f5889a7a7299e962\"},\"headline\":\"Kicillof abri\u00f3 las sesiones ordinarias en la Legislatura bonaerense con un fuerte discurso contra el gobierno de Milei\",\"datePublished\":\"2026-03-02T22:59:46+00:00\",\"mainEntityOfPage\":{\"@id\":\"https:\\\/\\\/aldiachaco.com.ar\\\/index.php\\\/2026\\\/03\\\/02\\\/kicillof-abrio-las-sesiones-ordinarias-en-la-legislatura-bonaerense-con-un-fuerte-discurso-contra-el-gobierno-de-milei\\\/\"},\"wordCount\":656,\"commentCount\":0,\"publisher\":{\"@id\":\"https:\\\/\\\/aldiachaco.com.ar\\\/#organization\"},\"image\":{\"@id\":\"https:\\\/\\\/aldiachaco.com.ar\\\/index.php\\\/2026\\\/03\\\/02\\\/kicillof-abrio-las-sesiones-ordinarias-en-la-legislatura-bonaerense-con-un-fuerte-discurso-contra-el-gobierno-de-milei\\\/#primaryimage\"},\"thumbnailUrl\":\"https:\\\/\\\/aldiachaco.com.ar\\\/wp-content\\\/uploads\\\/2026\\\/03\\\/0203kicilof.webp\",\"articleSection\":[\"Pol\u00edtica\"],\"inLanguage\":\"es-AR\",\"potentialAction\":[{\"@type\":\"CommentAction\",\"name\":\"Comment\",\"target\":[\"https:\\\/\\\/aldiachaco.com.ar\\\/index.php\\\/2026\\\/03\\\/02\\\/kicillof-abrio-las-sesiones-ordinarias-en-la-legislatura-bonaerense-con-un-fuerte-discurso-contra-el-gobierno-de-milei\\\/#respond\"]}]},{\"@type\":\"WebPage\",\"@id\":\"https:\\\/\\\/aldiachaco.com.ar\\\/index.php\\\/2026\\\/03\\\/02\\\/kicillof-abrio-las-sesiones-ordinarias-en-la-legislatura-bonaerense-con-un-fuerte-discurso-contra-el-gobierno-de-milei\\\/\",\"url\":\"https:\\\/\\\/aldiachaco.com.ar\\\/index.php\\\/2026\\\/03\\\/02\\\/kicillof-abrio-las-sesiones-ordinarias-en-la-legislatura-bonaerense-con-un-fuerte-discurso-contra-el-gobierno-de-milei\\\/\",\"name\":\"Kicillof abri\u00f3 las sesiones ordinarias en la Legislatura bonaerense con un fuerte discurso contra el gobierno de Milei | Al Dia Chaco\",\"isPartOf\":{\"@id\":\"https:\\\/\\\/aldiachaco.com.ar\\\/#website\"},\"primaryImageOfPage\":{\"@id\":\"https:\\\/\\\/aldiachaco.com.ar\\\/index.php\\\/2026\\\/03\\\/02\\\/kicillof-abrio-las-sesiones-ordinarias-en-la-legislatura-bonaerense-con-un-fuerte-discurso-contra-el-gobierno-de-milei\\\/#primaryimage\"},\"image\":{\"@id\":\"https:\\\/\\\/aldiachaco.com.ar\\\/index.php\\\/2026\\\/03\\\/02\\\/kicillof-abrio-las-sesiones-ordinarias-en-la-legislatura-bonaerense-con-un-fuerte-discurso-contra-el-gobierno-de-milei\\\/#primaryimage\"},\"thumbnailUrl\":\"https:\\\/\\\/aldiachaco.com.ar\\\/wp-content\\\/uploads\\\/2026\\\/03\\\/0203kicilof.webp\",\"datePublished\":\"2026-03-02T22:59:46+00:00\",\"breadcrumb\":{\"@id\":\"https:\\\/\\\/aldiachaco.com.ar\\\/index.php\\\/2026\\\/03\\\/02\\\/kicillof-abrio-las-sesiones-ordinarias-en-la-legislatura-bonaerense-con-un-fuerte-discurso-contra-el-gobierno-de-milei\\\/#breadcrumb\"},\"inLanguage\":\"es-AR\",\"potentialAction\":[{\"@type\":\"ReadAction\",\"target\":[\"https:\\\/\\\/aldiachaco.com.ar\\\/index.php\\\/2026\\\/03\\\/02\\\/kicillof-abrio-las-sesiones-ordinarias-en-la-legislatura-bonaerense-con-un-fuerte-discurso-contra-el-gobierno-de-milei\\\/\"]}]},{\"@type\":\"ImageObject\",\"inLanguage\":\"es-AR\",\"@id\":\"https:\\\/\\\/aldiachaco.com.ar\\\/index.php\\\/2026\\\/03\\\/02\\\/kicillof-abrio-las-sesiones-ordinarias-en-la-legislatura-bonaerense-con-un-fuerte-discurso-contra-el-gobierno-de-milei\\\/#primaryimage\",\"url\":\"https:\\\/\\\/aldiachaco.com.ar\\\/wp-content\\\/uploads\\\/2026\\\/03\\\/0203kicilof.webp\",\"contentUrl\":\"https:\\\/\\\/aldiachaco.com.ar\\\/wp-content\\\/uploads\\\/2026\\\/03\\\/0203kicilof.webp\",\"width\":1140,\"height\":759},{\"@type\":\"BreadcrumbList\",\"@id\":\"https:\\\/\\\/aldiachaco.com.ar\\\/index.php\\\/2026\\\/03\\\/02\\\/kicillof-abrio-las-sesiones-ordinarias-en-la-legislatura-bonaerense-con-un-fuerte-discurso-contra-el-gobierno-de-milei\\\/#breadcrumb\",\"itemListElement\":[{\"@type\":\"ListItem\",\"position\":1,\"name\":\"Home\",\"item\":\"https:\\\/\\\/aldiachaco.com.ar\\\/\"},{\"@type\":\"ListItem\",\"position\":2,\"name\":\"Kicillof abri\u00f3 las sesiones ordinarias en la Legislatura bonaerense con un fuerte discurso contra el gobierno de Milei\"}]},{\"@type\":\"WebSite\",\"@id\":\"https:\\\/\\\/aldiachaco.com.ar\\\/#website\",\"url\":\"https:\\\/\\\/aldiachaco.com.ar\\\/\",\"name\":\"Al Dia Chaco\",\"description\":\"Noticias del Chaco y el mundo\",\"publisher\":{\"@id\":\"https:\\\/\\\/aldiachaco.com.ar\\\/#organization\"},\"alternateName\":\"Al D\u00eda Chaco\",\"potentialAction\":[{\"@type\":\"SearchAction\",\"target\":{\"@type\":\"EntryPoint\",\"urlTemplate\":\"https:\\\/\\\/aldiachaco.com.ar\\\/?s={search_term_string}\"},\"query-input\":{\"@type\":\"PropertyValueSpecification\",\"valueRequired\":true,\"valueName\":\"search_term_string\"}}],\"inLanguage\":\"es-AR\"},{\"@type\":\"Organization\",\"@id\":\"https:\\\/\\\/aldiachaco.com.ar\\\/#organization\",\"name\":\"Al Dia Chaco\",\"url\":\"https:\\\/\\\/aldiachaco.com.ar\\\/\",\"logo\":{\"@type\":\"ImageObject\",\"inLanguage\":\"es-AR\",\"@id\":\"https:\\\/\\\/aldiachaco.com.ar\\\/#\\\/schema\\\/logo\\\/image\\\/\",\"url\":\"https:\\\/\\\/aldiachaco.com.ar\\\/wp-content\\\/uploads\\\/2017\\\/11\\\/AL-DIA-CHACO-L@2x.png\",\"contentUrl\":\"https:\\\/\\\/aldiachaco.com.ar\\\/wp-content\\\/uploads\\\/2017\\\/11\\\/AL-DIA-CHACO-L@2x.png\",\"width\":232,\"height\":60,\"caption\":\"Al Dia Chaco\"},\"image\":{\"@id\":\"https:\\\/\\\/aldiachaco.com.ar\\\/#\\\/schema\\\/logo\\\/image\\\/\"}},{\"@type\":\"Person\",\"@id\":\"https:\\\/\\\/aldiachaco.com.ar\\\/#\\\/schema\\\/person\\\/b24e975af8022082f5889a7a7299e962\",\"name\":\"RedaccionRM\",\"image\":{\"@type\":\"ImageObject\",\"inLanguage\":\"es-AR\",\"@id\":\"https:\\\/\\\/aldiachaco.com.ar\\\/wp-content\\\/litespeed\\\/avatar\\\/a30118fcb7a6295303f1c91164c6aba1.jpg?ver=1777339088\",\"url\":\"https:\\\/\\\/aldiachaco.com.ar\\\/wp-content\\\/litespeed\\\/avatar\\\/a30118fcb7a6295303f1c91164c6aba1.jpg?ver=1777339088\",\"contentUrl\":\"https:\\\/\\\/aldiachaco.com.ar\\\/wp-content\\\/litespeed\\\/avatar\\\/a30118fcb7a6295303f1c91164c6aba1.jpg?ver=1777339088\",\"caption\":\"RedaccionRM\"},\"url\":\"https:\\\/\\\/aldiachaco.com.ar\\\/index.php\\\/author\\\/redaccionrm\\\/\"}]}<\/script>\n<!-- \/ Yoast SEO plugin. -->","yoast_head_json":{"title":"Kicillof abri\u00f3 las sesiones ordinarias en la Legislatura bonaerense con un fuerte discurso contra el gobierno de Milei | Al Dia Chaco","robots":{"index":"index","follow":"follow","max-snippet":"max-snippet:-1","max-image-preview":"max-image-preview:large","max-video-preview":"max-video-preview:-1"},"canonical":"https:\/\/aldiachaco.com.ar\/index.php\/2026\/03\/02\/kicillof-abrio-las-sesiones-ordinarias-en-la-legislatura-bonaerense-con-un-fuerte-discurso-contra-el-gobierno-de-milei\/","og_locale":"es_ES","og_type":"article","og_title":"Kicillof abri\u00f3 las sesiones ordinarias en la Legislatura bonaerense con un fuerte discurso contra el gobierno de Milei | Al Dia Chaco","og_description":"El gobernador de la provincia de Buenos Aires, Axel Kicillof, inaugur\u00f3 este lunes el 154\u00b0 per\u00edodo de Sesiones Ordinarias de la Legislatura Bonaerense en la ciudad de La Plata, en un escenario pol\u00edtico marcado por las tensiones internas con el kirchnerismo duro y La C\u00e1mpora, pero con un discurso que apunt\u00f3 directamente contra la gesti\u00f3n &hellip;","og_url":"https:\/\/aldiachaco.com.ar\/index.php\/2026\/03\/02\/kicillof-abrio-las-sesiones-ordinarias-en-la-legislatura-bonaerense-con-un-fuerte-discurso-contra-el-gobierno-de-milei\/","og_site_name":"Al Dia Chaco","article_published_time":"2026-03-02T22:59:46+00:00","og_image":[{"width":1140,"height":759,"url":"https:\/\/aldiachaco.com.ar\/wp-content\/uploads\/2026\/03\/0203kicilof.webp","type":"image\/webp"}],"author":"RedaccionRM","twitter_card":"summary_large_image","twitter_misc":{"Escrito por":"RedaccionRM","Tiempo de lectura":"3 minutos"},"schema":{"@context":"https:\/\/schema.org","@graph":[{"@type":"Article","@id":"https:\/\/aldiachaco.com.ar\/index.php\/2026\/03\/02\/kicillof-abrio-las-sesiones-ordinarias-en-la-legislatura-bonaerense-con-un-fuerte-discurso-contra-el-gobierno-de-milei\/#article","isPartOf":{"@id":"https:\/\/aldiachaco.com.ar\/index.php\/2026\/03\/02\/kicillof-abrio-las-sesiones-ordinarias-en-la-legislatura-bonaerense-con-un-fuerte-discurso-contra-el-gobierno-de-milei\/"},"author":{"name":"RedaccionRM","@id":"https:\/\/aldiachaco.com.ar\/#\/schema\/person\/b24e975af8022082f5889a7a7299e962"},"headline":"Kicillof abri\u00f3 las sesiones ordinarias en la Legislatura bonaerense con un fuerte discurso contra el gobierno de Milei","datePublished":"2026-03-02T22:59:46+00:00","mainEntityOfPage":{"@id":"https:\/\/aldiachaco.com.ar\/index.php\/2026\/03\/02\/kicillof-abrio-las-sesiones-ordinarias-en-la-legislatura-bonaerense-con-un-fuerte-discurso-contra-el-gobierno-de-milei\/"},"wordCount":656,"commentCount":0,"publisher":{"@id":"https:\/\/aldiachaco.com.ar\/#organization"},"image":{"@id":"https:\/\/aldiachaco.com.ar\/index.php\/2026\/03\/02\/kicillof-abrio-las-sesiones-ordinarias-en-la-legislatura-bonaerense-con-un-fuerte-discurso-contra-el-gobierno-de-milei\/#primaryimage"},"thumbnailUrl":"https:\/\/aldiachaco.com.ar\/wp-content\/uploads\/2026\/03\/0203kicilof.webp","articleSection":["Pol\u00edtica"],"inLanguage":"es-AR","potentialAction":[{"@type":"CommentAction","name":"Comment","target":["https:\/\/aldiachaco.com.ar\/index.php\/2026\/03\/02\/kicillof-abrio-las-sesiones-ordinarias-en-la-legislatura-bonaerense-con-un-fuerte-discurso-contra-el-gobierno-de-milei\/#respond"]}]},{"@type":"WebPage","@id":"https:\/\/aldiachaco.com.ar\/index.php\/2026\/03\/02\/kicillof-abrio-las-sesiones-ordinarias-en-la-legislatura-bonaerense-con-un-fuerte-discurso-contra-el-gobierno-de-milei\/","url":"https:\/\/aldiachaco.com.ar\/index.php\/2026\/03\/02\/kicillof-abrio-las-sesiones-ordinarias-en-la-legislatura-bonaerense-con-un-fuerte-discurso-contra-el-gobierno-de-milei\/","name":"Kicillof abri\u00f3 las sesiones ordinarias en la Legislatura bonaerense con un fuerte discurso contra el gobierno de Milei | Al Dia Chaco","isPartOf":{"@id":"https:\/\/aldiachaco.com.ar\/#website"},"primaryImageOfPage":{"@id":"https:\/\/aldiachaco.com.ar\/index.php\/2026\/03\/02\/kicillof-abrio-las-sesiones-ordinarias-en-la-legislatura-bonaerense-con-un-fuerte-discurso-contra-el-gobierno-de-milei\/#primaryimage"},"image":{"@id":"https:\/\/aldiachaco.com.ar\/index.php\/2026\/03\/02\/kicillof-abrio-las-sesiones-ordinarias-en-la-legislatura-bonaerense-con-un-fuerte-discurso-contra-el-gobierno-de-milei\/#primaryimage"},"thumbnailUrl":"https:\/\/aldiachaco.com.ar\/wp-content\/uploads\/2026\/03\/0203kicilof.webp","datePublished":"2026-03-02T22:59:46+00:00","breadcrumb":{"@id":"https:\/\/aldiachaco.com.ar\/index.php\/2026\/03\/02\/kicillof-abrio-las-sesiones-ordinarias-en-la-legislatura-bonaerense-con-un-fuerte-discurso-contra-el-gobierno-de-milei\/#breadcrumb"},"inLanguage":"es-AR","potentialAction":[{"@type":"ReadAction","target":["https:\/\/aldiachaco.com.ar\/index.php\/2026\/03\/02\/kicillof-abrio-las-sesiones-ordinarias-en-la-legislatura-bonaerense-con-un-fuerte-discurso-contra-el-gobierno-de-milei\/"]}]},{"@type":"ImageObject","inLanguage":"es-AR","@id":"https:\/\/aldiachaco.com.ar\/index.php\/2026\/03\/02\/kicillof-abrio-las-sesiones-ordinarias-en-la-legislatura-bonaerense-con-un-fuerte-discurso-contra-el-gobierno-de-milei\/#primaryimage","url":"https:\/\/aldiachaco.com.ar\/wp-content\/uploads\/2026\/03\/0203kicilof.webp","contentUrl":"https:\/\/aldiachaco.com.ar\/wp-content\/uploads\/2026\/03\/0203kicilof.webp","width":1140,"height":759},{"@type":"BreadcrumbList","@id":"https:\/\/aldiachaco.com.ar\/index.php\/2026\/03\/02\/kicillof-abrio-las-sesiones-ordinarias-en-la-legislatura-bonaerense-con-un-fuerte-discurso-contra-el-gobierno-de-milei\/#breadcrumb","itemListElement":[{"@type":"ListItem","position":1,"name":"Home","item":"https:\/\/aldiachaco.com.ar\/"},{"@type":"ListItem","position":2,"name":"Kicillof abri\u00f3 las sesiones ordinarias en la Legislatura bonaerense con un fuerte discurso contra el gobierno de Milei"}]},{"@type":"WebSite","@id":"https:\/\/aldiachaco.com.ar\/#website","url":"https:\/\/aldiachaco.com.ar\/","name":"Al Dia Chaco","description":"Noticias del Chaco y el mundo","publisher":{"@id":"https:\/\/aldiachaco.com.ar\/#organization"},"alternateName":"Al D\u00eda Chaco","potentialAction":[{"@type":"SearchAction","target":{"@type":"EntryPoint","urlTemplate":"https:\/\/aldiachaco.com.ar\/?s={search_term_string}"},"query-input":{"@type":"PropertyValueSpecification","valueRequired":true,"valueName":"search_term_string"}}],"inLanguage":"es-AR"},{"@type":"Organization","@id":"https:\/\/aldiachaco.com.ar\/#organization","name":"Al Dia Chaco","url":"https:\/\/aldiachaco.com.ar\/","logo":{"@type":"ImageObject","inLanguage":"es-AR","@id":"https:\/\/aldiachaco.com.ar\/#\/schema\/logo\/image\/","url":"https:\/\/aldiachaco.com.ar\/wp-content\/uploads\/2017\/11\/AL-DIA-CHACO-L@2x.png","contentUrl":"https:\/\/aldiachaco.com.ar\/wp-content\/uploads\/2017\/11\/AL-DIA-CHACO-L@2x.png","width":232,"height":60,"caption":"Al Dia Chaco"},"image":{"@id":"https:\/\/aldiachaco.com.ar\/#\/schema\/logo\/image\/"}},{"@type":"Person","@id":"https:\/\/aldiachaco.com.ar\/#\/schema\/person\/b24e975af8022082f5889a7a7299e962","name":"RedaccionRM","image":{"@type":"ImageObject","inLanguage":"es-AR","@id":"https:\/\/aldiachaco.com.ar\/wp-content\/litespeed\/avatar\/a30118fcb7a6295303f1c91164c6aba1.jpg?ver=1777339088","url":"https:\/\/aldiachaco.com.ar\/wp-content\/litespeed\/avatar\/a30118fcb7a6295303f1c91164c6aba1.jpg?ver=1777339088","contentUrl":"https:\/\/aldiachaco.com.ar\/wp-content\/litespeed\/avatar\/a30118fcb7a6295303f1c91164c6aba1.jpg?ver=1777339088","caption":"RedaccionRM"},"url":"https:\/\/aldiachaco.com.ar\/index.php\/author\/redaccionrm\/"}]}},"jetpack_publicize_connections":[],"jetpack_featured_media_url":"https:\/\/aldiachaco.com.ar\/wp-content\/uploads\/2026\/03\/0203kicilof.webp","jetpack_sharing_enabled":true,"amp_enabled":true,"_links":{"self":[{"href":"https:\/\/aldiachaco.com.ar\/index.php\/wp-json\/wp\/v2\/posts\/117427","targetHints":{"allow":["GET"]}}],"collection":[{"href":"https:\/\/aldiachaco.com.ar\/index.php\/wp-json\/wp\/v2\/posts"}],"about":[{"href":"https:\/\/aldiachaco.com.ar\/index.php\/wp-json\/wp\/v2\/types\/post"}],"author":[{"embeddable":true,"href":"https:\/\/aldiachaco.com.ar\/index.php\/wp-json\/wp\/v2\/users\/9"}],"replies":[{"embeddable":true,"href":"https:\/\/aldiachaco.com.ar\/index.php\/wp-json\/wp\/v2\/comments?post=117427"}],"version-history":[{"count":1,"href":"https:\/\/aldiachaco.com.ar\/index.php\/wp-json\/wp\/v2\/posts\/117427\/revisions"}],"predecessor-version":[{"id":117429,"href":"https:\/\/aldiachaco.com.ar\/index.php\/wp-json\/wp\/v2\/posts\/117427\/revisions\/117429"}],"wp:featuredmedia":[{"embeddable":true,"href":"https:\/\/aldiachaco.com.ar\/index.php\/wp-json\/wp\/v2\/media\/117428"}],"wp:attachment":[{"href":"https:\/\/aldiachaco.com.ar\/index.php\/wp-json\/wp\/v2\/media?parent=117427"}],"wp:term":[{"taxonomy":"category","embeddable":true,"href":"https:\/\/aldiachaco.com.ar\/index.php\/wp-json\/wp\/v2\/categories?post=117427"},{"taxonomy":"post_tag","embeddable":true,"href":"https:\/\/aldiachaco.com.ar\/index.php\/wp-json\/wp\/v2\/tags?post=117427"}],"curies":[{"name":"wp","href":"https:\/\/api.w.org\/{rel}","templated":true}]}}