{"id":117418,"date":"2026-03-02T16:38:53","date_gmt":"2026-03-02T19:38:53","guid":{"rendered":"https:\/\/aldiachaco.com.ar\/?p=117418"},"modified":"2026-03-02T16:38:53","modified_gmt":"2026-03-02T19:38:53","slug":"el-negocio-familiar-de-juliana-awada-fabricas-marcas-de-ropa-y-una-facturacion-millonaria","status":"publish","type":"post","link":"https:\/\/aldiachaco.com.ar\/index.php\/2026\/03\/02\/el-negocio-familiar-de-juliana-awada-fabricas-marcas-de-ropa-y-una-facturacion-millonaria\/","title":{"rendered":"El negocio familiar de Juliana Awada: f\u00e1bricas, marcas de ropa y una facturaci\u00f3n millonaria"},"content":{"rendered":"<p>Detr\u00e1s del perfil bajo y la imagen sofisticada de Juliana Awada hay un engranaje empresarial de gran escala. Su apellido est\u00e1 directamente vinculado al Grupo Altatex, uno de los jugadores m\u00e1s fuertes de la industria textil argentina, una estructura que combina dise\u00f1o, producci\u00f3n y distribuci\u00f3n y que, seg\u00fan estimaciones, mueve m\u00e1s de 100 millones de d\u00f3lares al a\u00f1o.<\/p>\n<p>&nbsp;<\/p>\n<p>El holding textil<\/p>\n<p>&nbsp;<\/p>\n<p>Dentro de Altatex conviven marcas con identidades bien definidas: Cheeky es un cl\u00e1sico de la ropa infantil, Como Quieres apunta a un p\u00fablico adolescente con impronta urbana, y Awada funciona como la l\u00ednea m\u00e1s sofisticada, alineada con el estilo personal de Juliana. Esta diversificaci\u00f3n fue clave para ampliar el alcance del grupo y sostener su crecimiento.<\/p>\n<p>&nbsp;<\/p>\n<p>El holding fue fundado por su padre, Abraham Awada, y sus hermanos \u2014entre ellos Daniel\u2014 tuvieron roles centrales en la estructura, consolidando un esquema de padre e hijos que luego se profesionaliz\u00f3 sin perder su ADN familiar.<\/p>\n<p>&nbsp;<\/p>\n<p>Expansi\u00f3n y modernizaci\u00f3n<\/p>\n<p>&nbsp;<\/p>\n<p>En 2023, el grupo inaugur\u00f3 una planta modelo en Tigre, con una inversi\u00f3n de 10 millones de d\u00f3lares. El complejo de 20.000 metros cuadrados incorpor\u00f3 tecnolog\u00eda de \u00faltima generaci\u00f3n para hacer m\u00e1s eficientes los procesos y aumentar la producci\u00f3n. La nueva planta permite distribuir m\u00e1s de 10 millones de prendas por a\u00f1o.<\/p>\n<p>&nbsp;<\/p>\n<p>El grupo emplea a m\u00e1s de 1.100 personas de manera directa y trabaja con m\u00e1s de 70 talleres asociados. El 70% de la producci\u00f3n se realiza en Argentina y el 30% restante se importa.<\/p>\n<p>&nbsp;<\/p>\n<p>Presencia en el retail<\/p>\n<p>&nbsp;<\/p>\n<p>M\u00e1s all\u00e1 de la estructura industrial, el grupo desarroll\u00f3 una fuerte presencia en el comercio minorista, con locales propios y una red de distribuci\u00f3n que se extiende por todo el pa\u00eds. Cheeky, por ejemplo, cuenta con decenas de puntos de venta y es una de las marcas infantiles m\u00e1s instaladas del mercado argentino. El canal online tambi\u00e9n gan\u00f3 peso en la estrategia comercial de los \u00faltimos a\u00f1os.<\/p>\n<p><img loading=\"lazy\" decoding=\"async\" class=\"alignnone size-medium wp-image-117419\" src=\"https:\/\/aldiachaco.com.ar\/wp-content\/uploads\/2026\/03\/juliana-awada-2195027-300x169.jpg\" alt=\"\" width=\"300\" height=\"169\" srcset=\"https:\/\/aldiachaco.com.ar\/wp-content\/uploads\/2026\/03\/juliana-awada-2195027-300x169.jpg 300w, https:\/\/aldiachaco.com.ar\/wp-content\/uploads\/2026\/03\/juliana-awada-2195027-768x432.jpg 768w, https:\/\/aldiachaco.com.ar\/wp-content\/uploads\/2026\/03\/juliana-awada-2195027-390x220.jpg 390w, https:\/\/aldiachaco.com.ar\/wp-content\/uploads\/2026\/03\/juliana-awada-2195027-780x439.jpg 780w, https:\/\/aldiachaco.com.ar\/wp-content\/uploads\/2026\/03\/juliana-awada-2195027-600x337.jpg 600w, https:\/\/aldiachaco.com.ar\/wp-content\/uploads\/2026\/03\/juliana-awada-2195027.jpg 900w\" sizes=\"auto, (max-width: 300px) 100vw, 300px\" \/> <img loading=\"lazy\" decoding=\"async\" class=\"alignnone size-medium wp-image-117420\" src=\"https:\/\/aldiachaco.com.ar\/wp-content\/uploads\/2026\/03\/planta-de-awada-en-tigre-2195030-300x169.jpg\" alt=\"\" width=\"300\" height=\"169\" srcset=\"https:\/\/aldiachaco.com.ar\/wp-content\/uploads\/2026\/03\/planta-de-awada-en-tigre-2195030-300x169.jpg 300w, https:\/\/aldiachaco.com.ar\/wp-content\/uploads\/2026\/03\/planta-de-awada-en-tigre-2195030-768x432.jpg 768w, https:\/\/aldiachaco.com.ar\/wp-content\/uploads\/2026\/03\/planta-de-awada-en-tigre-2195030-390x220.jpg 390w, https:\/\/aldiachaco.com.ar\/wp-content\/uploads\/2026\/03\/planta-de-awada-en-tigre-2195030-780x439.jpg 780w, https:\/\/aldiachaco.com.ar\/wp-content\/uploads\/2026\/03\/planta-de-awada-en-tigre-2195030-600x337.jpg 600w, https:\/\/aldiachaco.com.ar\/wp-content\/uploads\/2026\/03\/planta-de-awada-en-tigre-2195030.jpg 900w\" sizes=\"auto, (max-width: 300px) 100vw, 300px\" \/><\/p>\n<p>&nbsp;<\/p>\n","protected":false},"excerpt":{"rendered":"<p>Detr\u00e1s del perfil bajo y la imagen sofisticada de Juliana Awada hay un engranaje empresarial de gran escala. Su apellido est\u00e1 directamente vinculado al Grupo Altatex, uno de los jugadores m\u00e1s fuertes de la industria textil argentina, una estructura que combina dise\u00f1o, producci\u00f3n y distribuci\u00f3n y que, seg\u00fan estimaciones, mueve m\u00e1s de 100 millones de &hellip;<\/p>\n","protected":false},"author":9,"featured_media":117421,"comment_status":"open","ping_status":"open","sticky":false,"template":"","format":"standard","meta":{"content-type":"","_monsterinsights_skip_tracking":false,"_monsterinsights_sitenote_active":false,"_monsterinsights_sitenote_note":"","_monsterinsights_sitenote_category":0,"_jetpack_memberships_contains_paid_content":false,"footnotes":"","jetpack_publicize_message":"","jetpack_publicize_feature_enabled":true,"jetpack_social_post_already_shared":true,"jetpack_social_options":{"image_generator_settings":{"template":"highway","default_image_id":0,"font":"","enabled":false},"version":2}},"categories":[159],"tags":[],"class_list":["post-117418","post","type-post","status-publish","format-standard","has-post-thumbnail","hentry","category-espectaculos"],"yoast_head":"<!-- This site is optimized with the Yoast SEO plugin v27.4 - https:\/\/yoast.com\/product\/yoast-seo-wordpress\/ -->\n<title>El negocio familiar de Juliana Awada: f\u00e1bricas, marcas de ropa y una facturaci\u00f3n millonaria | Al Dia Chaco<\/title>\n<meta name=\"robots\" content=\"index, follow, max-snippet:-1, max-image-preview:large, max-video-preview:-1\" \/>\n<link rel=\"canonical\" href=\"https:\/\/aldiachaco.com.ar\/index.php\/2026\/03\/02\/el-negocio-familiar-de-juliana-awada-fabricas-marcas-de-ropa-y-una-facturacion-millonaria\/\" \/>\n<meta property=\"og:locale\" content=\"es_ES\" \/>\n<meta property=\"og:type\" content=\"article\" \/>\n<meta property=\"og:title\" content=\"El negocio familiar de Juliana Awada: f\u00e1bricas, marcas de ropa y una facturaci\u00f3n millonaria | Al Dia Chaco\" \/>\n<meta property=\"og:description\" content=\"Detr\u00e1s del perfil bajo y la imagen sofisticada de Juliana Awada hay un engranaje empresarial de gran escala. Su apellido est\u00e1 directamente vinculado al Grupo Altatex, uno de los jugadores m\u00e1s fuertes de la industria textil argentina, una estructura que combina dise\u00f1o, producci\u00f3n y distribuci\u00f3n y que, seg\u00fan estimaciones, mueve m\u00e1s de 100 millones de &hellip;\" \/>\n<meta property=\"og:url\" content=\"https:\/\/aldiachaco.com.ar\/index.php\/2026\/03\/02\/el-negocio-familiar-de-juliana-awada-fabricas-marcas-de-ropa-y-una-facturacion-millonaria\/\" \/>\n<meta property=\"og:site_name\" content=\"Al Dia Chaco\" \/>\n<meta property=\"article:published_time\" content=\"2026-03-02T19:38:53+00:00\" \/>\n<meta property=\"og:image\" content=\"https:\/\/aldiachaco.com.ar\/wp-content\/uploads\/2026\/03\/Screenshot_20260302_163501_Instagram.jpg\" \/>\n\t<meta property=\"og:image:width\" content=\"898\" \/>\n\t<meta property=\"og:image:height\" content=\"1368\" \/>\n\t<meta property=\"og:image:type\" content=\"image\/jpeg\" \/>\n<meta name=\"author\" content=\"RedaccionRM\" \/>\n<meta name=\"twitter:card\" content=\"summary_large_image\" \/>\n<meta name=\"twitter:label1\" content=\"Escrito por\" \/>\n\t<meta name=\"twitter:data1\" content=\"RedaccionRM\" \/>\n\t<meta name=\"twitter:label2\" content=\"Tiempo de lectura\" \/>\n\t<meta name=\"twitter:data2\" content=\"3 minutos\" \/>\n<script type=\"application\/ld+json\" class=\"yoast-schema-graph\">{\"@context\":\"https:\\\/\\\/schema.org\",\"@graph\":[{\"@type\":\"Article\",\"@id\":\"https:\\\/\\\/aldiachaco.com.ar\\\/index.php\\\/2026\\\/03\\\/02\\\/el-negocio-familiar-de-juliana-awada-fabricas-marcas-de-ropa-y-una-facturacion-millonaria\\\/#article\",\"isPartOf\":{\"@id\":\"https:\\\/\\\/aldiachaco.com.ar\\\/index.php\\\/2026\\\/03\\\/02\\\/el-negocio-familiar-de-juliana-awada-fabricas-marcas-de-ropa-y-una-facturacion-millonaria\\\/\"},\"author\":{\"name\":\"RedaccionRM\",\"@id\":\"https:\\\/\\\/aldiachaco.com.ar\\\/#\\\/schema\\\/person\\\/b24e975af8022082f5889a7a7299e962\"},\"headline\":\"El negocio familiar de Juliana Awada: f\u00e1bricas, marcas de ropa y una facturaci\u00f3n millonaria\",\"datePublished\":\"2026-03-02T19:38:53+00:00\",\"mainEntityOfPage\":{\"@id\":\"https:\\\/\\\/aldiachaco.com.ar\\\/index.php\\\/2026\\\/03\\\/02\\\/el-negocio-familiar-de-juliana-awada-fabricas-marcas-de-ropa-y-una-facturacion-millonaria\\\/\"},\"wordCount\":363,\"commentCount\":0,\"publisher\":{\"@id\":\"https:\\\/\\\/aldiachaco.com.ar\\\/#organization\"},\"image\":{\"@id\":\"https:\\\/\\\/aldiachaco.com.ar\\\/index.php\\\/2026\\\/03\\\/02\\\/el-negocio-familiar-de-juliana-awada-fabricas-marcas-de-ropa-y-una-facturacion-millonaria\\\/#primaryimage\"},\"thumbnailUrl\":\"https:\\\/\\\/aldiachaco.com.ar\\\/wp-content\\\/uploads\\\/2026\\\/03\\\/Screenshot_20260302_163501_Instagram.jpg\",\"articleSection\":[\"Espect\u00e1culos\"],\"inLanguage\":\"es-AR\",\"potentialAction\":[{\"@type\":\"CommentAction\",\"name\":\"Comment\",\"target\":[\"https:\\\/\\\/aldiachaco.com.ar\\\/index.php\\\/2026\\\/03\\\/02\\\/el-negocio-familiar-de-juliana-awada-fabricas-marcas-de-ropa-y-una-facturacion-millonaria\\\/#respond\"]}]},{\"@type\":\"WebPage\",\"@id\":\"https:\\\/\\\/aldiachaco.com.ar\\\/index.php\\\/2026\\\/03\\\/02\\\/el-negocio-familiar-de-juliana-awada-fabricas-marcas-de-ropa-y-una-facturacion-millonaria\\\/\",\"url\":\"https:\\\/\\\/aldiachaco.com.ar\\\/index.php\\\/2026\\\/03\\\/02\\\/el-negocio-familiar-de-juliana-awada-fabricas-marcas-de-ropa-y-una-facturacion-millonaria\\\/\",\"name\":\"El negocio familiar de Juliana Awada: f\u00e1bricas, marcas de ropa y una facturaci\u00f3n millonaria | Al Dia Chaco\",\"isPartOf\":{\"@id\":\"https:\\\/\\\/aldiachaco.com.ar\\\/#website\"},\"primaryImageOfPage\":{\"@id\":\"https:\\\/\\\/aldiachaco.com.ar\\\/index.php\\\/2026\\\/03\\\/02\\\/el-negocio-familiar-de-juliana-awada-fabricas-marcas-de-ropa-y-una-facturacion-millonaria\\\/#primaryimage\"},\"image\":{\"@id\":\"https:\\\/\\\/aldiachaco.com.ar\\\/index.php\\\/2026\\\/03\\\/02\\\/el-negocio-familiar-de-juliana-awada-fabricas-marcas-de-ropa-y-una-facturacion-millonaria\\\/#primaryimage\"},\"thumbnailUrl\":\"https:\\\/\\\/aldiachaco.com.ar\\\/wp-content\\\/uploads\\\/2026\\\/03\\\/Screenshot_20260302_163501_Instagram.jpg\",\"datePublished\":\"2026-03-02T19:38:53+00:00\",\"breadcrumb\":{\"@id\":\"https:\\\/\\\/aldiachaco.com.ar\\\/index.php\\\/2026\\\/03\\\/02\\\/el-negocio-familiar-de-juliana-awada-fabricas-marcas-de-ropa-y-una-facturacion-millonaria\\\/#breadcrumb\"},\"inLanguage\":\"es-AR\",\"potentialAction\":[{\"@type\":\"ReadAction\",\"target\":[\"https:\\\/\\\/aldiachaco.com.ar\\\/index.php\\\/2026\\\/03\\\/02\\\/el-negocio-familiar-de-juliana-awada-fabricas-marcas-de-ropa-y-una-facturacion-millonaria\\\/\"]}]},{\"@type\":\"ImageObject\",\"inLanguage\":\"es-AR\",\"@id\":\"https:\\\/\\\/aldiachaco.com.ar\\\/index.php\\\/2026\\\/03\\\/02\\\/el-negocio-familiar-de-juliana-awada-fabricas-marcas-de-ropa-y-una-facturacion-millonaria\\\/#primaryimage\",\"url\":\"https:\\\/\\\/aldiachaco.com.ar\\\/wp-content\\\/uploads\\\/2026\\\/03\\\/Screenshot_20260302_163501_Instagram.jpg\",\"contentUrl\":\"https:\\\/\\\/aldiachaco.com.ar\\\/wp-content\\\/uploads\\\/2026\\\/03\\\/Screenshot_20260302_163501_Instagram.jpg\",\"width\":898,\"height\":1368},{\"@type\":\"BreadcrumbList\",\"@id\":\"https:\\\/\\\/aldiachaco.com.ar\\\/index.php\\\/2026\\\/03\\\/02\\\/el-negocio-familiar-de-juliana-awada-fabricas-marcas-de-ropa-y-una-facturacion-millonaria\\\/#breadcrumb\",\"itemListElement\":[{\"@type\":\"ListItem\",\"position\":1,\"name\":\"Home\",\"item\":\"https:\\\/\\\/aldiachaco.com.ar\\\/\"},{\"@type\":\"ListItem\",\"position\":2,\"name\":\"El negocio familiar de Juliana Awada: f\u00e1bricas, marcas de ropa y una facturaci\u00f3n millonaria\"}]},{\"@type\":\"WebSite\",\"@id\":\"https:\\\/\\\/aldiachaco.com.ar\\\/#website\",\"url\":\"https:\\\/\\\/aldiachaco.com.ar\\\/\",\"name\":\"Al Dia Chaco\",\"description\":\"Noticias del Chaco y el mundo\",\"publisher\":{\"@id\":\"https:\\\/\\\/aldiachaco.com.ar\\\/#organization\"},\"alternateName\":\"Al D\u00eda Chaco\",\"potentialAction\":[{\"@type\":\"SearchAction\",\"target\":{\"@type\":\"EntryPoint\",\"urlTemplate\":\"https:\\\/\\\/aldiachaco.com.ar\\\/?s={search_term_string}\"},\"query-input\":{\"@type\":\"PropertyValueSpecification\",\"valueRequired\":true,\"valueName\":\"search_term_string\"}}],\"inLanguage\":\"es-AR\"},{\"@type\":\"Organization\",\"@id\":\"https:\\\/\\\/aldiachaco.com.ar\\\/#organization\",\"name\":\"Al Dia Chaco\",\"url\":\"https:\\\/\\\/aldiachaco.com.ar\\\/\",\"logo\":{\"@type\":\"ImageObject\",\"inLanguage\":\"es-AR\",\"@id\":\"https:\\\/\\\/aldiachaco.com.ar\\\/#\\\/schema\\\/logo\\\/image\\\/\",\"url\":\"https:\\\/\\\/aldiachaco.com.ar\\\/wp-content\\\/uploads\\\/2017\\\/11\\\/AL-DIA-CHACO-L@2x.png\",\"contentUrl\":\"https:\\\/\\\/aldiachaco.com.ar\\\/wp-content\\\/uploads\\\/2017\\\/11\\\/AL-DIA-CHACO-L@2x.png\",\"width\":232,\"height\":60,\"caption\":\"Al Dia Chaco\"},\"image\":{\"@id\":\"https:\\\/\\\/aldiachaco.com.ar\\\/#\\\/schema\\\/logo\\\/image\\\/\"}},{\"@type\":\"Person\",\"@id\":\"https:\\\/\\\/aldiachaco.com.ar\\\/#\\\/schema\\\/person\\\/b24e975af8022082f5889a7a7299e962\",\"name\":\"RedaccionRM\",\"image\":{\"@type\":\"ImageObject\",\"inLanguage\":\"es-AR\",\"@id\":\"https:\\\/\\\/aldiachaco.com.ar\\\/wp-content\\\/litespeed\\\/avatar\\\/a30118fcb7a6295303f1c91164c6aba1.jpg?ver=1777339088\",\"url\":\"https:\\\/\\\/aldiachaco.com.ar\\\/wp-content\\\/litespeed\\\/avatar\\\/a30118fcb7a6295303f1c91164c6aba1.jpg?ver=1777339088\",\"contentUrl\":\"https:\\\/\\\/aldiachaco.com.ar\\\/wp-content\\\/litespeed\\\/avatar\\\/a30118fcb7a6295303f1c91164c6aba1.jpg?ver=1777339088\",\"caption\":\"RedaccionRM\"},\"url\":\"https:\\\/\\\/aldiachaco.com.ar\\\/index.php\\\/author\\\/redaccionrm\\\/\"}]}<\/script>\n<!-- \/ Yoast SEO plugin. -->","yoast_head_json":{"title":"El negocio familiar de Juliana Awada: f\u00e1bricas, marcas de ropa y una facturaci\u00f3n millonaria | Al Dia Chaco","robots":{"index":"index","follow":"follow","max-snippet":"max-snippet:-1","max-image-preview":"max-image-preview:large","max-video-preview":"max-video-preview:-1"},"canonical":"https:\/\/aldiachaco.com.ar\/index.php\/2026\/03\/02\/el-negocio-familiar-de-juliana-awada-fabricas-marcas-de-ropa-y-una-facturacion-millonaria\/","og_locale":"es_ES","og_type":"article","og_title":"El negocio familiar de Juliana Awada: f\u00e1bricas, marcas de ropa y una facturaci\u00f3n millonaria | Al Dia Chaco","og_description":"Detr\u00e1s del perfil bajo y la imagen sofisticada de Juliana Awada hay un engranaje empresarial de gran escala. Su apellido est\u00e1 directamente vinculado al Grupo Altatex, uno de los jugadores m\u00e1s fuertes de la industria textil argentina, una estructura que combina dise\u00f1o, producci\u00f3n y distribuci\u00f3n y que, seg\u00fan estimaciones, mueve m\u00e1s de 100 millones de &hellip;","og_url":"https:\/\/aldiachaco.com.ar\/index.php\/2026\/03\/02\/el-negocio-familiar-de-juliana-awada-fabricas-marcas-de-ropa-y-una-facturacion-millonaria\/","og_site_name":"Al Dia Chaco","article_published_time":"2026-03-02T19:38:53+00:00","og_image":[{"width":898,"height":1368,"url":"https:\/\/aldiachaco.com.ar\/wp-content\/uploads\/2026\/03\/Screenshot_20260302_163501_Instagram.jpg","type":"image\/jpeg"}],"author":"RedaccionRM","twitter_card":"summary_large_image","twitter_misc":{"Escrito por":"RedaccionRM","Tiempo de lectura":"3 minutos"},"schema":{"@context":"https:\/\/schema.org","@graph":[{"@type":"Article","@id":"https:\/\/aldiachaco.com.ar\/index.php\/2026\/03\/02\/el-negocio-familiar-de-juliana-awada-fabricas-marcas-de-ropa-y-una-facturacion-millonaria\/#article","isPartOf":{"@id":"https:\/\/aldiachaco.com.ar\/index.php\/2026\/03\/02\/el-negocio-familiar-de-juliana-awada-fabricas-marcas-de-ropa-y-una-facturacion-millonaria\/"},"author":{"name":"RedaccionRM","@id":"https:\/\/aldiachaco.com.ar\/#\/schema\/person\/b24e975af8022082f5889a7a7299e962"},"headline":"El negocio familiar de Juliana Awada: f\u00e1bricas, marcas de ropa y una facturaci\u00f3n millonaria","datePublished":"2026-03-02T19:38:53+00:00","mainEntityOfPage":{"@id":"https:\/\/aldiachaco.com.ar\/index.php\/2026\/03\/02\/el-negocio-familiar-de-juliana-awada-fabricas-marcas-de-ropa-y-una-facturacion-millonaria\/"},"wordCount":363,"commentCount":0,"publisher":{"@id":"https:\/\/aldiachaco.com.ar\/#organization"},"image":{"@id":"https:\/\/aldiachaco.com.ar\/index.php\/2026\/03\/02\/el-negocio-familiar-de-juliana-awada-fabricas-marcas-de-ropa-y-una-facturacion-millonaria\/#primaryimage"},"thumbnailUrl":"https:\/\/aldiachaco.com.ar\/wp-content\/uploads\/2026\/03\/Screenshot_20260302_163501_Instagram.jpg","articleSection":["Espect\u00e1culos"],"inLanguage":"es-AR","potentialAction":[{"@type":"CommentAction","name":"Comment","target":["https:\/\/aldiachaco.com.ar\/index.php\/2026\/03\/02\/el-negocio-familiar-de-juliana-awada-fabricas-marcas-de-ropa-y-una-facturacion-millonaria\/#respond"]}]},{"@type":"WebPage","@id":"https:\/\/aldiachaco.com.ar\/index.php\/2026\/03\/02\/el-negocio-familiar-de-juliana-awada-fabricas-marcas-de-ropa-y-una-facturacion-millonaria\/","url":"https:\/\/aldiachaco.com.ar\/index.php\/2026\/03\/02\/el-negocio-familiar-de-juliana-awada-fabricas-marcas-de-ropa-y-una-facturacion-millonaria\/","name":"El negocio familiar de Juliana Awada: f\u00e1bricas, marcas de ropa y una facturaci\u00f3n millonaria | Al Dia Chaco","isPartOf":{"@id":"https:\/\/aldiachaco.com.ar\/#website"},"primaryImageOfPage":{"@id":"https:\/\/aldiachaco.com.ar\/index.php\/2026\/03\/02\/el-negocio-familiar-de-juliana-awada-fabricas-marcas-de-ropa-y-una-facturacion-millonaria\/#primaryimage"},"image":{"@id":"https:\/\/aldiachaco.com.ar\/index.php\/2026\/03\/02\/el-negocio-familiar-de-juliana-awada-fabricas-marcas-de-ropa-y-una-facturacion-millonaria\/#primaryimage"},"thumbnailUrl":"https:\/\/aldiachaco.com.ar\/wp-content\/uploads\/2026\/03\/Screenshot_20260302_163501_Instagram.jpg","datePublished":"2026-03-02T19:38:53+00:00","breadcrumb":{"@id":"https:\/\/aldiachaco.com.ar\/index.php\/2026\/03\/02\/el-negocio-familiar-de-juliana-awada-fabricas-marcas-de-ropa-y-una-facturacion-millonaria\/#breadcrumb"},"inLanguage":"es-AR","potentialAction":[{"@type":"ReadAction","target":["https:\/\/aldiachaco.com.ar\/index.php\/2026\/03\/02\/el-negocio-familiar-de-juliana-awada-fabricas-marcas-de-ropa-y-una-facturacion-millonaria\/"]}]},{"@type":"ImageObject","inLanguage":"es-AR","@id":"https:\/\/aldiachaco.com.ar\/index.php\/2026\/03\/02\/el-negocio-familiar-de-juliana-awada-fabricas-marcas-de-ropa-y-una-facturacion-millonaria\/#primaryimage","url":"https:\/\/aldiachaco.com.ar\/wp-content\/uploads\/2026\/03\/Screenshot_20260302_163501_Instagram.jpg","contentUrl":"https:\/\/aldiachaco.com.ar\/wp-content\/uploads\/2026\/03\/Screenshot_20260302_163501_Instagram.jpg","width":898,"height":1368},{"@type":"BreadcrumbList","@id":"https:\/\/aldiachaco.com.ar\/index.php\/2026\/03\/02\/el-negocio-familiar-de-juliana-awada-fabricas-marcas-de-ropa-y-una-facturacion-millonaria\/#breadcrumb","itemListElement":[{"@type":"ListItem","position":1,"name":"Home","item":"https:\/\/aldiachaco.com.ar\/"},{"@type":"ListItem","position":2,"name":"El negocio familiar de Juliana Awada: f\u00e1bricas, marcas de ropa y una facturaci\u00f3n millonaria"}]},{"@type":"WebSite","@id":"https:\/\/aldiachaco.com.ar\/#website","url":"https:\/\/aldiachaco.com.ar\/","name":"Al Dia Chaco","description":"Noticias del Chaco y el mundo","publisher":{"@id":"https:\/\/aldiachaco.com.ar\/#organization"},"alternateName":"Al D\u00eda Chaco","potentialAction":[{"@type":"SearchAction","target":{"@type":"EntryPoint","urlTemplate":"https:\/\/aldiachaco.com.ar\/?s={search_term_string}"},"query-input":{"@type":"PropertyValueSpecification","valueRequired":true,"valueName":"search_term_string"}}],"inLanguage":"es-AR"},{"@type":"Organization","@id":"https:\/\/aldiachaco.com.ar\/#organization","name":"Al Dia Chaco","url":"https:\/\/aldiachaco.com.ar\/","logo":{"@type":"ImageObject","inLanguage":"es-AR","@id":"https:\/\/aldiachaco.com.ar\/#\/schema\/logo\/image\/","url":"https:\/\/aldiachaco.com.ar\/wp-content\/uploads\/2017\/11\/AL-DIA-CHACO-L@2x.png","contentUrl":"https:\/\/aldiachaco.com.ar\/wp-content\/uploads\/2017\/11\/AL-DIA-CHACO-L@2x.png","width":232,"height":60,"caption":"Al Dia Chaco"},"image":{"@id":"https:\/\/aldiachaco.com.ar\/#\/schema\/logo\/image\/"}},{"@type":"Person","@id":"https:\/\/aldiachaco.com.ar\/#\/schema\/person\/b24e975af8022082f5889a7a7299e962","name":"RedaccionRM","image":{"@type":"ImageObject","inLanguage":"es-AR","@id":"https:\/\/aldiachaco.com.ar\/wp-content\/litespeed\/avatar\/a30118fcb7a6295303f1c91164c6aba1.jpg?ver=1777339088","url":"https:\/\/aldiachaco.com.ar\/wp-content\/litespeed\/avatar\/a30118fcb7a6295303f1c91164c6aba1.jpg?ver=1777339088","contentUrl":"https:\/\/aldiachaco.com.ar\/wp-content\/litespeed\/avatar\/a30118fcb7a6295303f1c91164c6aba1.jpg?ver=1777339088","caption":"RedaccionRM"},"url":"https:\/\/aldiachaco.com.ar\/index.php\/author\/redaccionrm\/"}]}},"jetpack_publicize_connections":[],"jetpack_featured_media_url":"https:\/\/aldiachaco.com.ar\/wp-content\/uploads\/2026\/03\/Screenshot_20260302_163501_Instagram.jpg","jetpack_sharing_enabled":true,"amp_enabled":true,"_links":{"self":[{"href":"https:\/\/aldiachaco.com.ar\/index.php\/wp-json\/wp\/v2\/posts\/117418","targetHints":{"allow":["GET"]}}],"collection":[{"href":"https:\/\/aldiachaco.com.ar\/index.php\/wp-json\/wp\/v2\/posts"}],"about":[{"href":"https:\/\/aldiachaco.com.ar\/index.php\/wp-json\/wp\/v2\/types\/post"}],"author":[{"embeddable":true,"href":"https:\/\/aldiachaco.com.ar\/index.php\/wp-json\/wp\/v2\/users\/9"}],"replies":[{"embeddable":true,"href":"https:\/\/aldiachaco.com.ar\/index.php\/wp-json\/wp\/v2\/comments?post=117418"}],"version-history":[{"count":1,"href":"https:\/\/aldiachaco.com.ar\/index.php\/wp-json\/wp\/v2\/posts\/117418\/revisions"}],"predecessor-version":[{"id":117422,"href":"https:\/\/aldiachaco.com.ar\/index.php\/wp-json\/wp\/v2\/posts\/117418\/revisions\/117422"}],"wp:featuredmedia":[{"embeddable":true,"href":"https:\/\/aldiachaco.com.ar\/index.php\/wp-json\/wp\/v2\/media\/117421"}],"wp:attachment":[{"href":"https:\/\/aldiachaco.com.ar\/index.php\/wp-json\/wp\/v2\/media?parent=117418"}],"wp:term":[{"taxonomy":"category","embeddable":true,"href":"https:\/\/aldiachaco.com.ar\/index.php\/wp-json\/wp\/v2\/categories?post=117418"},{"taxonomy":"post_tag","embeddable":true,"href":"https:\/\/aldiachaco.com.ar\/index.php\/wp-json\/wp\/v2\/tags?post=117418"}],"curies":[{"name":"wp","href":"https:\/\/api.w.org\/{rel}","templated":true}]}}