{"id":117411,"date":"2026-03-02T15:56:52","date_gmt":"2026-03-02T18:56:52","guid":{"rendered":"https:\/\/aldiachaco.com.ar\/?p=117411"},"modified":"2026-03-02T15:56:52","modified_gmt":"2026-03-02T18:56:52","slug":"nacio-la-primera-hija-de-oriana-sabatini-y-paulo-dybala","status":"publish","type":"post","link":"https:\/\/aldiachaco.com.ar\/index.php\/2026\/03\/02\/nacio-la-primera-hija-de-oriana-sabatini-y-paulo-dybala\/","title":{"rendered":"\u00a1Naci\u00f3 la primera hija de Oriana Sabatini y Paulo Dybala!"},"content":{"rendered":"<p>En la madrugada de este lunes 2 de marzo, Oriana Sabatini y Paulo Dybala se convirtieron en padres por primera vez. La noticia del nacimiento fue confirmada por el portal italiano Corriere dello Sport y r\u00e1pidamente se replic\u00f3 en medios de todo el mundo.<\/p>\n<p>Detalles del nacimiento<\/p>\n<p>La beba naci\u00f3 en el Hospital Gemelli de Roma, pes\u00f3 3 kilos y, seg\u00fan trascendi\u00f3, llevar\u00eda el nombre de Gia. El parto se adelant\u00f3 unos d\u00edas respecto a la fecha prevista (11 de marzo) y se desarroll\u00f3 de manera natural, tal como era el deseo de la cantante y modelo.<\/p>\n<p>Oriana hab\u00eda manifestado en varias entrevistas su anhelo de tener un parto natural y de contar con la presencia de Paulo durante el proceso, adem\u00e1s de una partera argentina. &#8220;La ni\u00f1a nacer\u00e1 en Italia. Ante todo porque quiero un parto natural, si es posible, y luego porque quiero que el padre est\u00e9 aqu\u00ed&#8221;, hab\u00eda explicado semanas atr\u00e1s.<\/p>\n<p>El apoyo familiar<\/p>\n<p>Catherine Fulop y Ova Sabatini, los padres de Oriana, viajaron a Italia en los \u00faltimos d\u00edas para acompa\u00f1ar a su hija en este momento tan especial. La actriz venezolana hab\u00eda mostrado en redes sociales su emoci\u00f3n por la llegada de su primera nieta.<\/p>\n<p>Un momento muy especial para Dybala<\/p>\n<p>Para el futbolista argentino, el nacimiento de su hija lleg\u00f3 apenas horas despu\u00e9s de disputar el cl\u00e1sico entre Roma y Juventus, un partido de especial relevancia en su carrera. La llegada de Gia marca un antes y un despu\u00e9s en la vida personal y profesional de &#8220;la Joya&#8221;, quien desde hac\u00eda tiempo manifestaba su deseo de formar una familia junto a Oriana.<\/p>\n<p>El camino hasta aqu\u00ed<\/p>\n<p>La pareja anunci\u00f3 el embarazo en septiembre de 2025 con un original posteo inspirado en la serie animada Danny Phantom, el mismo dibujo que a\u00f1os atr\u00e1s usaron para confirmar su relaci\u00f3n. La imagen mostraba a sus versiones animadas frente a una cuna, con Oriana apoyando sus manos sobre el vientre.<\/p>\n<p>Oriana y Paulo se casaron en julio de 2024 en Argentina, en una ceremonia \u00edntima rodeados de familiares y amigos. Desde entonces, consolidaron su vida en Italia, donde Dybala juega en la Roma.<\/p>\n<p><img loading=\"lazy\" decoding=\"async\" class=\"alignnone size-medium wp-image-117412\" src=\"https:\/\/aldiachaco.com.ar\/wp-content\/uploads\/2026\/03\/BXZE2ABXZBB7JKC3SGIGVVGVCQ-300x179.jpg\" alt=\"\" width=\"300\" height=\"179\" srcset=\"https:\/\/aldiachaco.com.ar\/wp-content\/uploads\/2026\/03\/BXZE2ABXZBB7JKC3SGIGVVGVCQ-300x179.jpg 300w, https:\/\/aldiachaco.com.ar\/wp-content\/uploads\/2026\/03\/BXZE2ABXZBB7JKC3SGIGVVGVCQ-768x458.jpg 768w, https:\/\/aldiachaco.com.ar\/wp-content\/uploads\/2026\/03\/BXZE2ABXZBB7JKC3SGIGVVGVCQ-780x465.jpg 780w, https:\/\/aldiachaco.com.ar\/wp-content\/uploads\/2026\/03\/BXZE2ABXZBB7JKC3SGIGVVGVCQ-600x357.jpg 600w, https:\/\/aldiachaco.com.ar\/wp-content\/uploads\/2026\/03\/BXZE2ABXZBB7JKC3SGIGVVGVCQ.jpg 992w\" sizes=\"auto, (max-width: 300px) 100vw, 300px\" \/><\/p>\n","protected":false},"excerpt":{"rendered":"<p>En la madrugada de este lunes 2 de marzo, Oriana Sabatini y Paulo Dybala se convirtieron en padres por primera vez. La noticia del nacimiento fue confirmada por el portal italiano Corriere dello Sport y r\u00e1pidamente se replic\u00f3 en medios de todo el mundo. Detalles del nacimiento La beba naci\u00f3 en el Hospital Gemelli de &hellip;<\/p>\n","protected":false},"author":9,"featured_media":117413,"comment_status":"open","ping_status":"open","sticky":false,"template":"","format":"standard","meta":{"content-type":"","_monsterinsights_skip_tracking":false,"_monsterinsights_sitenote_active":false,"_monsterinsights_sitenote_note":"","_monsterinsights_sitenote_category":0,"_jetpack_memberships_contains_paid_content":false,"footnotes":"","jetpack_publicize_message":"","jetpack_publicize_feature_enabled":true,"jetpack_social_post_already_shared":true,"jetpack_social_options":{"image_generator_settings":{"template":"highway","default_image_id":0,"font":"","enabled":false},"version":2}},"categories":[159],"tags":[],"class_list":["post-117411","post","type-post","status-publish","format-standard","has-post-thumbnail","hentry","category-espectaculos"],"yoast_head":"<!-- This site is optimized with the Yoast SEO plugin v27.4 - https:\/\/yoast.com\/product\/yoast-seo-wordpress\/ -->\n<title>\u00a1Naci\u00f3 la primera hija de Oriana Sabatini y Paulo Dybala! | Al Dia Chaco<\/title>\n<meta name=\"robots\" content=\"index, follow, max-snippet:-1, max-image-preview:large, max-video-preview:-1\" \/>\n<link rel=\"canonical\" href=\"https:\/\/aldiachaco.com.ar\/index.php\/2026\/03\/02\/nacio-la-primera-hija-de-oriana-sabatini-y-paulo-dybala\/\" \/>\n<meta property=\"og:locale\" content=\"es_ES\" \/>\n<meta property=\"og:type\" content=\"article\" \/>\n<meta property=\"og:title\" content=\"\u00a1Naci\u00f3 la primera hija de Oriana Sabatini y Paulo Dybala! | Al Dia Chaco\" \/>\n<meta property=\"og:description\" content=\"En la madrugada de este lunes 2 de marzo, Oriana Sabatini y Paulo Dybala se convirtieron en padres por primera vez. La noticia del nacimiento fue confirmada por el portal italiano Corriere dello Sport y r\u00e1pidamente se replic\u00f3 en medios de todo el mundo. Detalles del nacimiento La beba naci\u00f3 en el Hospital Gemelli de &hellip;\" \/>\n<meta property=\"og:url\" content=\"https:\/\/aldiachaco.com.ar\/index.php\/2026\/03\/02\/nacio-la-primera-hija-de-oriana-sabatini-y-paulo-dybala\/\" \/>\n<meta property=\"og:site_name\" content=\"Al Dia Chaco\" \/>\n<meta property=\"article:published_time\" content=\"2026-03-02T18:56:52+00:00\" \/>\n<meta property=\"og:image\" content=\"https:\/\/aldiachaco.com.ar\/wp-content\/uploads\/2026\/03\/IMG_20260302_155402_777.jpg\" \/>\n\t<meta property=\"og:image:width\" content=\"1080\" \/>\n\t<meta property=\"og:image:height\" content=\"1721\" \/>\n\t<meta property=\"og:image:type\" content=\"image\/jpeg\" \/>\n<meta name=\"author\" content=\"RedaccionRM\" \/>\n<meta name=\"twitter:card\" content=\"summary_large_image\" \/>\n<meta name=\"twitter:label1\" content=\"Escrito por\" \/>\n\t<meta name=\"twitter:data1\" content=\"RedaccionRM\" \/>\n\t<meta name=\"twitter:label2\" content=\"Tiempo de lectura\" \/>\n\t<meta name=\"twitter:data2\" content=\"3 minutos\" \/>\n<script type=\"application\/ld+json\" class=\"yoast-schema-graph\">{\"@context\":\"https:\\\/\\\/schema.org\",\"@graph\":[{\"@type\":\"Article\",\"@id\":\"https:\\\/\\\/aldiachaco.com.ar\\\/index.php\\\/2026\\\/03\\\/02\\\/nacio-la-primera-hija-de-oriana-sabatini-y-paulo-dybala\\\/#article\",\"isPartOf\":{\"@id\":\"https:\\\/\\\/aldiachaco.com.ar\\\/index.php\\\/2026\\\/03\\\/02\\\/nacio-la-primera-hija-de-oriana-sabatini-y-paulo-dybala\\\/\"},\"author\":{\"name\":\"RedaccionRM\",\"@id\":\"https:\\\/\\\/aldiachaco.com.ar\\\/#\\\/schema\\\/person\\\/b24e975af8022082f5889a7a7299e962\"},\"headline\":\"\u00a1Naci\u00f3 la primera hija de Oriana Sabatini y Paulo Dybala!\",\"datePublished\":\"2026-03-02T18:56:52+00:00\",\"mainEntityOfPage\":{\"@id\":\"https:\\\/\\\/aldiachaco.com.ar\\\/index.php\\\/2026\\\/03\\\/02\\\/nacio-la-primera-hija-de-oriana-sabatini-y-paulo-dybala\\\/\"},\"wordCount\":380,\"commentCount\":0,\"publisher\":{\"@id\":\"https:\\\/\\\/aldiachaco.com.ar\\\/#organization\"},\"image\":{\"@id\":\"https:\\\/\\\/aldiachaco.com.ar\\\/index.php\\\/2026\\\/03\\\/02\\\/nacio-la-primera-hija-de-oriana-sabatini-y-paulo-dybala\\\/#primaryimage\"},\"thumbnailUrl\":\"https:\\\/\\\/aldiachaco.com.ar\\\/wp-content\\\/uploads\\\/2026\\\/03\\\/IMG_20260302_155402_777.jpg\",\"articleSection\":[\"Espect\u00e1culos\"],\"inLanguage\":\"es-AR\",\"potentialAction\":[{\"@type\":\"CommentAction\",\"name\":\"Comment\",\"target\":[\"https:\\\/\\\/aldiachaco.com.ar\\\/index.php\\\/2026\\\/03\\\/02\\\/nacio-la-primera-hija-de-oriana-sabatini-y-paulo-dybala\\\/#respond\"]}]},{\"@type\":\"WebPage\",\"@id\":\"https:\\\/\\\/aldiachaco.com.ar\\\/index.php\\\/2026\\\/03\\\/02\\\/nacio-la-primera-hija-de-oriana-sabatini-y-paulo-dybala\\\/\",\"url\":\"https:\\\/\\\/aldiachaco.com.ar\\\/index.php\\\/2026\\\/03\\\/02\\\/nacio-la-primera-hija-de-oriana-sabatini-y-paulo-dybala\\\/\",\"name\":\"\u00a1Naci\u00f3 la primera hija de Oriana Sabatini y Paulo Dybala! | Al Dia Chaco\",\"isPartOf\":{\"@id\":\"https:\\\/\\\/aldiachaco.com.ar\\\/#website\"},\"primaryImageOfPage\":{\"@id\":\"https:\\\/\\\/aldiachaco.com.ar\\\/index.php\\\/2026\\\/03\\\/02\\\/nacio-la-primera-hija-de-oriana-sabatini-y-paulo-dybala\\\/#primaryimage\"},\"image\":{\"@id\":\"https:\\\/\\\/aldiachaco.com.ar\\\/index.php\\\/2026\\\/03\\\/02\\\/nacio-la-primera-hija-de-oriana-sabatini-y-paulo-dybala\\\/#primaryimage\"},\"thumbnailUrl\":\"https:\\\/\\\/aldiachaco.com.ar\\\/wp-content\\\/uploads\\\/2026\\\/03\\\/IMG_20260302_155402_777.jpg\",\"datePublished\":\"2026-03-02T18:56:52+00:00\",\"breadcrumb\":{\"@id\":\"https:\\\/\\\/aldiachaco.com.ar\\\/index.php\\\/2026\\\/03\\\/02\\\/nacio-la-primera-hija-de-oriana-sabatini-y-paulo-dybala\\\/#breadcrumb\"},\"inLanguage\":\"es-AR\",\"potentialAction\":[{\"@type\":\"ReadAction\",\"target\":[\"https:\\\/\\\/aldiachaco.com.ar\\\/index.php\\\/2026\\\/03\\\/02\\\/nacio-la-primera-hija-de-oriana-sabatini-y-paulo-dybala\\\/\"]}]},{\"@type\":\"ImageObject\",\"inLanguage\":\"es-AR\",\"@id\":\"https:\\\/\\\/aldiachaco.com.ar\\\/index.php\\\/2026\\\/03\\\/02\\\/nacio-la-primera-hija-de-oriana-sabatini-y-paulo-dybala\\\/#primaryimage\",\"url\":\"https:\\\/\\\/aldiachaco.com.ar\\\/wp-content\\\/uploads\\\/2026\\\/03\\\/IMG_20260302_155402_777.jpg\",\"contentUrl\":\"https:\\\/\\\/aldiachaco.com.ar\\\/wp-content\\\/uploads\\\/2026\\\/03\\\/IMG_20260302_155402_777.jpg\",\"width\":1080,\"height\":1721},{\"@type\":\"BreadcrumbList\",\"@id\":\"https:\\\/\\\/aldiachaco.com.ar\\\/index.php\\\/2026\\\/03\\\/02\\\/nacio-la-primera-hija-de-oriana-sabatini-y-paulo-dybala\\\/#breadcrumb\",\"itemListElement\":[{\"@type\":\"ListItem\",\"position\":1,\"name\":\"Home\",\"item\":\"https:\\\/\\\/aldiachaco.com.ar\\\/\"},{\"@type\":\"ListItem\",\"position\":2,\"name\":\"\u00a1Naci\u00f3 la primera hija de Oriana Sabatini y Paulo Dybala!\"}]},{\"@type\":\"WebSite\",\"@id\":\"https:\\\/\\\/aldiachaco.com.ar\\\/#website\",\"url\":\"https:\\\/\\\/aldiachaco.com.ar\\\/\",\"name\":\"Al Dia Chaco\",\"description\":\"Noticias del Chaco y el mundo\",\"publisher\":{\"@id\":\"https:\\\/\\\/aldiachaco.com.ar\\\/#organization\"},\"alternateName\":\"Al D\u00eda Chaco\",\"potentialAction\":[{\"@type\":\"SearchAction\",\"target\":{\"@type\":\"EntryPoint\",\"urlTemplate\":\"https:\\\/\\\/aldiachaco.com.ar\\\/?s={search_term_string}\"},\"query-input\":{\"@type\":\"PropertyValueSpecification\",\"valueRequired\":true,\"valueName\":\"search_term_string\"}}],\"inLanguage\":\"es-AR\"},{\"@type\":\"Organization\",\"@id\":\"https:\\\/\\\/aldiachaco.com.ar\\\/#organization\",\"name\":\"Al Dia Chaco\",\"url\":\"https:\\\/\\\/aldiachaco.com.ar\\\/\",\"logo\":{\"@type\":\"ImageObject\",\"inLanguage\":\"es-AR\",\"@id\":\"https:\\\/\\\/aldiachaco.com.ar\\\/#\\\/schema\\\/logo\\\/image\\\/\",\"url\":\"https:\\\/\\\/aldiachaco.com.ar\\\/wp-content\\\/uploads\\\/2017\\\/11\\\/AL-DIA-CHACO-L@2x.png\",\"contentUrl\":\"https:\\\/\\\/aldiachaco.com.ar\\\/wp-content\\\/uploads\\\/2017\\\/11\\\/AL-DIA-CHACO-L@2x.png\",\"width\":232,\"height\":60,\"caption\":\"Al Dia Chaco\"},\"image\":{\"@id\":\"https:\\\/\\\/aldiachaco.com.ar\\\/#\\\/schema\\\/logo\\\/image\\\/\"}},{\"@type\":\"Person\",\"@id\":\"https:\\\/\\\/aldiachaco.com.ar\\\/#\\\/schema\\\/person\\\/b24e975af8022082f5889a7a7299e962\",\"name\":\"RedaccionRM\",\"image\":{\"@type\":\"ImageObject\",\"inLanguage\":\"es-AR\",\"@id\":\"https:\\\/\\\/aldiachaco.com.ar\\\/wp-content\\\/litespeed\\\/avatar\\\/a30118fcb7a6295303f1c91164c6aba1.jpg?ver=1777339088\",\"url\":\"https:\\\/\\\/aldiachaco.com.ar\\\/wp-content\\\/litespeed\\\/avatar\\\/a30118fcb7a6295303f1c91164c6aba1.jpg?ver=1777339088\",\"contentUrl\":\"https:\\\/\\\/aldiachaco.com.ar\\\/wp-content\\\/litespeed\\\/avatar\\\/a30118fcb7a6295303f1c91164c6aba1.jpg?ver=1777339088\",\"caption\":\"RedaccionRM\"},\"url\":\"https:\\\/\\\/aldiachaco.com.ar\\\/index.php\\\/author\\\/redaccionrm\\\/\"}]}<\/script>\n<!-- \/ Yoast SEO plugin. -->","yoast_head_json":{"title":"\u00a1Naci\u00f3 la primera hija de Oriana Sabatini y Paulo Dybala! | Al Dia Chaco","robots":{"index":"index","follow":"follow","max-snippet":"max-snippet:-1","max-image-preview":"max-image-preview:large","max-video-preview":"max-video-preview:-1"},"canonical":"https:\/\/aldiachaco.com.ar\/index.php\/2026\/03\/02\/nacio-la-primera-hija-de-oriana-sabatini-y-paulo-dybala\/","og_locale":"es_ES","og_type":"article","og_title":"\u00a1Naci\u00f3 la primera hija de Oriana Sabatini y Paulo Dybala! | Al Dia Chaco","og_description":"En la madrugada de este lunes 2 de marzo, Oriana Sabatini y Paulo Dybala se convirtieron en padres por primera vez. La noticia del nacimiento fue confirmada por el portal italiano Corriere dello Sport y r\u00e1pidamente se replic\u00f3 en medios de todo el mundo. Detalles del nacimiento La beba naci\u00f3 en el Hospital Gemelli de &hellip;","og_url":"https:\/\/aldiachaco.com.ar\/index.php\/2026\/03\/02\/nacio-la-primera-hija-de-oriana-sabatini-y-paulo-dybala\/","og_site_name":"Al Dia Chaco","article_published_time":"2026-03-02T18:56:52+00:00","og_image":[{"width":1080,"height":1721,"url":"https:\/\/aldiachaco.com.ar\/wp-content\/uploads\/2026\/03\/IMG_20260302_155402_777.jpg","type":"image\/jpeg"}],"author":"RedaccionRM","twitter_card":"summary_large_image","twitter_misc":{"Escrito por":"RedaccionRM","Tiempo de lectura":"3 minutos"},"schema":{"@context":"https:\/\/schema.org","@graph":[{"@type":"Article","@id":"https:\/\/aldiachaco.com.ar\/index.php\/2026\/03\/02\/nacio-la-primera-hija-de-oriana-sabatini-y-paulo-dybala\/#article","isPartOf":{"@id":"https:\/\/aldiachaco.com.ar\/index.php\/2026\/03\/02\/nacio-la-primera-hija-de-oriana-sabatini-y-paulo-dybala\/"},"author":{"name":"RedaccionRM","@id":"https:\/\/aldiachaco.com.ar\/#\/schema\/person\/b24e975af8022082f5889a7a7299e962"},"headline":"\u00a1Naci\u00f3 la primera hija de Oriana Sabatini y Paulo Dybala!","datePublished":"2026-03-02T18:56:52+00:00","mainEntityOfPage":{"@id":"https:\/\/aldiachaco.com.ar\/index.php\/2026\/03\/02\/nacio-la-primera-hija-de-oriana-sabatini-y-paulo-dybala\/"},"wordCount":380,"commentCount":0,"publisher":{"@id":"https:\/\/aldiachaco.com.ar\/#organization"},"image":{"@id":"https:\/\/aldiachaco.com.ar\/index.php\/2026\/03\/02\/nacio-la-primera-hija-de-oriana-sabatini-y-paulo-dybala\/#primaryimage"},"thumbnailUrl":"https:\/\/aldiachaco.com.ar\/wp-content\/uploads\/2026\/03\/IMG_20260302_155402_777.jpg","articleSection":["Espect\u00e1culos"],"inLanguage":"es-AR","potentialAction":[{"@type":"CommentAction","name":"Comment","target":["https:\/\/aldiachaco.com.ar\/index.php\/2026\/03\/02\/nacio-la-primera-hija-de-oriana-sabatini-y-paulo-dybala\/#respond"]}]},{"@type":"WebPage","@id":"https:\/\/aldiachaco.com.ar\/index.php\/2026\/03\/02\/nacio-la-primera-hija-de-oriana-sabatini-y-paulo-dybala\/","url":"https:\/\/aldiachaco.com.ar\/index.php\/2026\/03\/02\/nacio-la-primera-hija-de-oriana-sabatini-y-paulo-dybala\/","name":"\u00a1Naci\u00f3 la primera hija de Oriana Sabatini y Paulo Dybala! | Al Dia Chaco","isPartOf":{"@id":"https:\/\/aldiachaco.com.ar\/#website"},"primaryImageOfPage":{"@id":"https:\/\/aldiachaco.com.ar\/index.php\/2026\/03\/02\/nacio-la-primera-hija-de-oriana-sabatini-y-paulo-dybala\/#primaryimage"},"image":{"@id":"https:\/\/aldiachaco.com.ar\/index.php\/2026\/03\/02\/nacio-la-primera-hija-de-oriana-sabatini-y-paulo-dybala\/#primaryimage"},"thumbnailUrl":"https:\/\/aldiachaco.com.ar\/wp-content\/uploads\/2026\/03\/IMG_20260302_155402_777.jpg","datePublished":"2026-03-02T18:56:52+00:00","breadcrumb":{"@id":"https:\/\/aldiachaco.com.ar\/index.php\/2026\/03\/02\/nacio-la-primera-hija-de-oriana-sabatini-y-paulo-dybala\/#breadcrumb"},"inLanguage":"es-AR","potentialAction":[{"@type":"ReadAction","target":["https:\/\/aldiachaco.com.ar\/index.php\/2026\/03\/02\/nacio-la-primera-hija-de-oriana-sabatini-y-paulo-dybala\/"]}]},{"@type":"ImageObject","inLanguage":"es-AR","@id":"https:\/\/aldiachaco.com.ar\/index.php\/2026\/03\/02\/nacio-la-primera-hija-de-oriana-sabatini-y-paulo-dybala\/#primaryimage","url":"https:\/\/aldiachaco.com.ar\/wp-content\/uploads\/2026\/03\/IMG_20260302_155402_777.jpg","contentUrl":"https:\/\/aldiachaco.com.ar\/wp-content\/uploads\/2026\/03\/IMG_20260302_155402_777.jpg","width":1080,"height":1721},{"@type":"BreadcrumbList","@id":"https:\/\/aldiachaco.com.ar\/index.php\/2026\/03\/02\/nacio-la-primera-hija-de-oriana-sabatini-y-paulo-dybala\/#breadcrumb","itemListElement":[{"@type":"ListItem","position":1,"name":"Home","item":"https:\/\/aldiachaco.com.ar\/"},{"@type":"ListItem","position":2,"name":"\u00a1Naci\u00f3 la primera hija de Oriana Sabatini y Paulo Dybala!"}]},{"@type":"WebSite","@id":"https:\/\/aldiachaco.com.ar\/#website","url":"https:\/\/aldiachaco.com.ar\/","name":"Al Dia Chaco","description":"Noticias del Chaco y el mundo","publisher":{"@id":"https:\/\/aldiachaco.com.ar\/#organization"},"alternateName":"Al D\u00eda Chaco","potentialAction":[{"@type":"SearchAction","target":{"@type":"EntryPoint","urlTemplate":"https:\/\/aldiachaco.com.ar\/?s={search_term_string}"},"query-input":{"@type":"PropertyValueSpecification","valueRequired":true,"valueName":"search_term_string"}}],"inLanguage":"es-AR"},{"@type":"Organization","@id":"https:\/\/aldiachaco.com.ar\/#organization","name":"Al Dia Chaco","url":"https:\/\/aldiachaco.com.ar\/","logo":{"@type":"ImageObject","inLanguage":"es-AR","@id":"https:\/\/aldiachaco.com.ar\/#\/schema\/logo\/image\/","url":"https:\/\/aldiachaco.com.ar\/wp-content\/uploads\/2017\/11\/AL-DIA-CHACO-L@2x.png","contentUrl":"https:\/\/aldiachaco.com.ar\/wp-content\/uploads\/2017\/11\/AL-DIA-CHACO-L@2x.png","width":232,"height":60,"caption":"Al Dia Chaco"},"image":{"@id":"https:\/\/aldiachaco.com.ar\/#\/schema\/logo\/image\/"}},{"@type":"Person","@id":"https:\/\/aldiachaco.com.ar\/#\/schema\/person\/b24e975af8022082f5889a7a7299e962","name":"RedaccionRM","image":{"@type":"ImageObject","inLanguage":"es-AR","@id":"https:\/\/aldiachaco.com.ar\/wp-content\/litespeed\/avatar\/a30118fcb7a6295303f1c91164c6aba1.jpg?ver=1777339088","url":"https:\/\/aldiachaco.com.ar\/wp-content\/litespeed\/avatar\/a30118fcb7a6295303f1c91164c6aba1.jpg?ver=1777339088","contentUrl":"https:\/\/aldiachaco.com.ar\/wp-content\/litespeed\/avatar\/a30118fcb7a6295303f1c91164c6aba1.jpg?ver=1777339088","caption":"RedaccionRM"},"url":"https:\/\/aldiachaco.com.ar\/index.php\/author\/redaccionrm\/"}]}},"jetpack_publicize_connections":[],"jetpack_featured_media_url":"https:\/\/aldiachaco.com.ar\/wp-content\/uploads\/2026\/03\/IMG_20260302_155402_777.jpg","jetpack_sharing_enabled":true,"amp_enabled":true,"_links":{"self":[{"href":"https:\/\/aldiachaco.com.ar\/index.php\/wp-json\/wp\/v2\/posts\/117411","targetHints":{"allow":["GET"]}}],"collection":[{"href":"https:\/\/aldiachaco.com.ar\/index.php\/wp-json\/wp\/v2\/posts"}],"about":[{"href":"https:\/\/aldiachaco.com.ar\/index.php\/wp-json\/wp\/v2\/types\/post"}],"author":[{"embeddable":true,"href":"https:\/\/aldiachaco.com.ar\/index.php\/wp-json\/wp\/v2\/users\/9"}],"replies":[{"embeddable":true,"href":"https:\/\/aldiachaco.com.ar\/index.php\/wp-json\/wp\/v2\/comments?post=117411"}],"version-history":[{"count":1,"href":"https:\/\/aldiachaco.com.ar\/index.php\/wp-json\/wp\/v2\/posts\/117411\/revisions"}],"predecessor-version":[{"id":117414,"href":"https:\/\/aldiachaco.com.ar\/index.php\/wp-json\/wp\/v2\/posts\/117411\/revisions\/117414"}],"wp:featuredmedia":[{"embeddable":true,"href":"https:\/\/aldiachaco.com.ar\/index.php\/wp-json\/wp\/v2\/media\/117413"}],"wp:attachment":[{"href":"https:\/\/aldiachaco.com.ar\/index.php\/wp-json\/wp\/v2\/media?parent=117411"}],"wp:term":[{"taxonomy":"category","embeddable":true,"href":"https:\/\/aldiachaco.com.ar\/index.php\/wp-json\/wp\/v2\/categories?post=117411"},{"taxonomy":"post_tag","embeddable":true,"href":"https:\/\/aldiachaco.com.ar\/index.php\/wp-json\/wp\/v2\/tags?post=117411"}],"curies":[{"name":"wp","href":"https:\/\/api.w.org\/{rel}","templated":true}]}}