{"id":117393,"date":"2026-03-02T09:15:10","date_gmt":"2026-03-02T12:15:10","guid":{"rendered":"https:\/\/aldiachaco.com.ar\/?p=117393"},"modified":"2026-03-02T09:15:10","modified_gmt":"2026-03-02T12:15:10","slug":"nahuel-gallo-regreso-a-la-argentina-tras-448-dias-como-rehen-del-regimen-de-nicolas-maduro","status":"publish","type":"post","link":"https:\/\/aldiachaco.com.ar\/index.php\/2026\/03\/02\/nahuel-gallo-regreso-a-la-argentina-tras-448-dias-como-rehen-del-regimen-de-nicolas-maduro\/","title":{"rendered":"Nahuel Gallo regres\u00f3 a la Argentina tras 448 d\u00edas como reh\u00e9n del r\u00e9gimen de Nicol\u00e1s Maduro"},"content":{"rendered":"<p class=\"ds-markdown-paragraph\">En un emotivo y esperado momento, el gendarme argentino Nahuel Gallo aterriz\u00f3 esta madrugada en el Aeropuerto Internacional de Ezeiza, poniendo fin a 448 d\u00edas de cautiverio como reh\u00e9n del r\u00e9gimen de Nicol\u00e1s Maduro en Venezuela. El avi\u00f3n toc\u00f3 suelo argentino pasadas las 4:30, y Gallo fue recibido con un pasillo de honor y la banda de m\u00fasica de Gendarmer\u00eda Nacional.<\/p>\n<p class=\"ds-markdown-paragraph\"><strong>El reencuentro m\u00e1s esperado<\/strong><\/p>\n<p class=\"ds-markdown-paragraph\">Al pie de la aeronave lo esperaban su esposa, Mar\u00eda Alexandra G\u00f3mez; su hijo V\u00edctor, de tres a\u00f1os, a quien pudo abrazar tras casi 450 d\u00edas sin verlo; y su madre, Griselda Heredia. Las im\u00e1genes del reencuentro mostraron al gendarme fundido en un abrazo con su peque\u00f1o, en un momento de profunda emoci\u00f3n.<\/p>\n<div style=\"width: 480px;\" class=\"wp-video\"><video class=\"wp-video-shortcode\" id=\"video-117393-1\" width=\"480\" height=\"852\" preload=\"metadata\" controls=\"controls\"><source type=\"video\/mp4\" src=\"https:\/\/aldiachaco.com.ar\/wp-content\/uploads\/2026\/03\/WhatsApp-Video-2026-03-02-at-08.18.42.mp4?_=1\" \/><a href=\"https:\/\/aldiachaco.com.ar\/wp-content\/uploads\/2026\/03\/WhatsApp-Video-2026-03-02-at-08.18.42.mp4\">https:\/\/aldiachaco.com.ar\/wp-content\/uploads\/2026\/03\/WhatsApp-Video-2026-03-02-at-08.18.42.mp4<\/a><\/video><\/div>\n<p class=\"ds-markdown-paragraph\">Tambi\u00e9n estuvieron presentes la senadora Patricia Bullrich, el canciller Pablo Quirno, la ministra de Seguridad Alejandra Monteoliva y el gobernador de Catamarca, Ra\u00fal Jalil, quien viaj\u00f3 especialmente a Buenos Aires junto a la madre de Gallo. &#8220;Lo recibimos como se merec\u00eda&#8221;, expres\u00f3 Bullrich en un breve contacto con la prensa.<\/p>\n<p class=\"ds-markdown-paragraph\"><strong>El camino hacia la liberaci\u00f3n<\/strong><\/p>\n<p class=\"ds-markdown-paragraph\">El primer indicio de que Gallo ser\u00eda liberado ocurri\u00f3 d\u00edas atr\u00e1s, cuando logr\u00f3 comunicarse telef\u00f3nicamente con su pareja en medio de una entrevista radial. Esa llamada, la primera tras 445 d\u00edas de incomunicaci\u00f3n, confirm\u00f3 que estaba vivo y que se encontraba en el centro de detenci\u00f3n El Rodeo 1.<\/p>\n<p class=\"ds-markdown-paragraph\">Para que esa comunicaci\u00f3n ocurriera, los extranjeros detenidos en ese centro iniciaron una huelga de hambre exigiendo que se les aplicara la ley de amnist\u00eda que el r\u00e9gimen hab\u00eda aprobado para presos pol\u00edticos. Tras varios d\u00edas sin comer, el r\u00e9gimen cedi\u00f3 y permiti\u00f3 la comunicaci\u00f3n, un gesto que luego deriv\u00f3 en su liberaci\u00f3n.<\/p>\n<p class=\"ds-markdown-paragraph\"><strong>Una pesadilla de 448 d\u00edas<\/strong><\/p>\n<p class=\"ds-markdown-paragraph\">Gallo fue detenido el 8 de diciembre de 2024 cuando ingres\u00f3 a Venezuela desde Colombia por el Puente Internacional Francisco de Paula Santander, con destino a T\u00e1chira para visitar a su pareja y a su hijo. El r\u00e9gimen de Maduro lo acus\u00f3 sin pruebas de espionaje, lo incomunicaron, aislaron y mantuvieron detenido sin proceso formal ni asistencia consular.<\/p>\n<p class=\"ds-markdown-paragraph\">Durante todo ese tiempo, el gobierno argentino exigi\u00f3 su liberaci\u00f3n en reiteradas oportunidades ante la OEA, la ONU y la Corte Penal Internacional. La familia supo de su estado gracias a testimonios de sobrevivientes, que describieron las torturas y el r\u00e9gimen de aislamiento al que era sometido.<\/p>\n<p class=\"ds-markdown-paragraph\">La esperanza comenz\u00f3 a crecer el 3 de enero, cuando tropas de Estados Unidos capturaron a Nicol\u00e1s Maduro, y en el marco de la transici\u00f3n a cargo de Delcy Rodr\u00edguez, comenzaron a liberarse presos pol\u00edticos. Finalmente, Gallo recuper\u00f3 su libertad y pudo regresar a su patria.<\/p>\n<p><img loading=\"lazy\" decoding=\"async\" class=\"alignnone size-medium wp-image-117395\" src=\"https:\/\/aldiachaco.com.ar\/wp-content\/uploads\/2026\/03\/0203gallo-300x200.jpg\" alt=\"\" width=\"300\" height=\"200\" srcset=\"https:\/\/aldiachaco.com.ar\/wp-content\/uploads\/2026\/03\/0203gallo-300x200.jpg 300w, https:\/\/aldiachaco.com.ar\/wp-content\/uploads\/2026\/03\/0203gallo-1024x681.jpg 1024w, https:\/\/aldiachaco.com.ar\/wp-content\/uploads\/2026\/03\/0203gallo-768x511.jpg 768w, https:\/\/aldiachaco.com.ar\/wp-content\/uploads\/2026\/03\/0203gallo-706x470.jpg 706w, https:\/\/aldiachaco.com.ar\/wp-content\/uploads\/2026\/03\/0203gallo-600x399.jpg 600w, https:\/\/aldiachaco.com.ar\/wp-content\/uploads\/2026\/03\/0203gallo.jpg 1458w\" sizes=\"auto, (max-width: 300px) 100vw, 300px\" \/><\/p>\n","protected":false},"excerpt":{"rendered":"<p>En un emotivo y esperado momento, el gendarme argentino Nahuel Gallo aterriz\u00f3 esta madrugada en el Aeropuerto Internacional de Ezeiza, poniendo fin a 448 d\u00edas de cautiverio como reh\u00e9n del r\u00e9gimen de Nicol\u00e1s Maduro en Venezuela. El avi\u00f3n toc\u00f3 suelo argentino pasadas las 4:30, y Gallo fue recibido con un pasillo de honor y la &hellip;<\/p>\n","protected":false},"author":9,"featured_media":117396,"comment_status":"open","ping_status":"open","sticky":false,"template":"","format":"standard","meta":{"content-type":"","_monsterinsights_skip_tracking":false,"_monsterinsights_sitenote_active":false,"_monsterinsights_sitenote_note":"","_monsterinsights_sitenote_category":0,"_jetpack_memberships_contains_paid_content":false,"footnotes":"","jetpack_publicize_message":"","jetpack_publicize_feature_enabled":true,"jetpack_social_post_already_shared":true,"jetpack_social_options":{"image_generator_settings":{"template":"highway","default_image_id":0,"font":"","enabled":false},"version":2}},"categories":[94],"tags":[],"class_list":["post-117393","post","type-post","status-publish","format-standard","has-post-thumbnail","hentry","category-nacionales"],"yoast_head":"<!-- This site is optimized with the Yoast SEO plugin v27.4 - https:\/\/yoast.com\/product\/yoast-seo-wordpress\/ -->\n<title>Nahuel Gallo regres\u00f3 a la Argentina tras 448 d\u00edas como reh\u00e9n del r\u00e9gimen de Nicol\u00e1s Maduro | Al Dia Chaco<\/title>\n<meta name=\"robots\" content=\"index, follow, max-snippet:-1, max-image-preview:large, max-video-preview:-1\" \/>\n<link rel=\"canonical\" href=\"https:\/\/aldiachaco.com.ar\/index.php\/2026\/03\/02\/nahuel-gallo-regreso-a-la-argentina-tras-448-dias-como-rehen-del-regimen-de-nicolas-maduro\/\" \/>\n<meta property=\"og:locale\" content=\"es_ES\" \/>\n<meta property=\"og:type\" content=\"article\" \/>\n<meta property=\"og:title\" content=\"Nahuel Gallo regres\u00f3 a la Argentina tras 448 d\u00edas como reh\u00e9n del r\u00e9gimen de Nicol\u00e1s Maduro | Al Dia Chaco\" \/>\n<meta property=\"og:description\" content=\"En un emotivo y esperado momento, el gendarme argentino Nahuel Gallo aterriz\u00f3 esta madrugada en el Aeropuerto Internacional de Ezeiza, poniendo fin a 448 d\u00edas de cautiverio como reh\u00e9n del r\u00e9gimen de Nicol\u00e1s Maduro en Venezuela. El avi\u00f3n toc\u00f3 suelo argentino pasadas las 4:30, y Gallo fue recibido con un pasillo de honor y la &hellip;\" \/>\n<meta property=\"og:url\" content=\"https:\/\/aldiachaco.com.ar\/index.php\/2026\/03\/02\/nahuel-gallo-regreso-a-la-argentina-tras-448-dias-como-rehen-del-regimen-de-nicolas-maduro\/\" \/>\n<meta property=\"og:site_name\" content=\"Al Dia Chaco\" \/>\n<meta property=\"article:published_time\" content=\"2026-03-02T12:15:10+00:00\" \/>\n<meta property=\"og:image\" content=\"https:\/\/aldiachaco.com.ar\/wp-content\/uploads\/2026\/03\/0203nahuel.jpg\" \/>\n\t<meta property=\"og:image:width\" content=\"1456\" \/>\n\t<meta property=\"og:image:height\" content=\"967\" \/>\n\t<meta property=\"og:image:type\" content=\"image\/jpeg\" \/>\n<meta name=\"author\" content=\"RedaccionRM\" \/>\n<meta name=\"twitter:card\" content=\"summary_large_image\" \/>\n<meta name=\"twitter:label1\" content=\"Escrito por\" \/>\n\t<meta name=\"twitter:data1\" content=\"RedaccionRM\" \/>\n\t<meta name=\"twitter:label2\" content=\"Tiempo de lectura\" \/>\n\t<meta name=\"twitter:data2\" content=\"3 minutos\" \/>\n<script type=\"application\/ld+json\" class=\"yoast-schema-graph\">{\"@context\":\"https:\\\/\\\/schema.org\",\"@graph\":[{\"@type\":\"Article\",\"@id\":\"https:\\\/\\\/aldiachaco.com.ar\\\/index.php\\\/2026\\\/03\\\/02\\\/nahuel-gallo-regreso-a-la-argentina-tras-448-dias-como-rehen-del-regimen-de-nicolas-maduro\\\/#article\",\"isPartOf\":{\"@id\":\"https:\\\/\\\/aldiachaco.com.ar\\\/index.php\\\/2026\\\/03\\\/02\\\/nahuel-gallo-regreso-a-la-argentina-tras-448-dias-como-rehen-del-regimen-de-nicolas-maduro\\\/\"},\"author\":{\"name\":\"RedaccionRM\",\"@id\":\"https:\\\/\\\/aldiachaco.com.ar\\\/#\\\/schema\\\/person\\\/b24e975af8022082f5889a7a7299e962\"},\"headline\":\"Nahuel Gallo regres\u00f3 a la Argentina tras 448 d\u00edas como reh\u00e9n del r\u00e9gimen de Nicol\u00e1s Maduro\",\"datePublished\":\"2026-03-02T12:15:10+00:00\",\"mainEntityOfPage\":{\"@id\":\"https:\\\/\\\/aldiachaco.com.ar\\\/index.php\\\/2026\\\/03\\\/02\\\/nahuel-gallo-regreso-a-la-argentina-tras-448-dias-como-rehen-del-regimen-de-nicolas-maduro\\\/\"},\"wordCount\":502,\"commentCount\":0,\"publisher\":{\"@id\":\"https:\\\/\\\/aldiachaco.com.ar\\\/#organization\"},\"image\":{\"@id\":\"https:\\\/\\\/aldiachaco.com.ar\\\/index.php\\\/2026\\\/03\\\/02\\\/nahuel-gallo-regreso-a-la-argentina-tras-448-dias-como-rehen-del-regimen-de-nicolas-maduro\\\/#primaryimage\"},\"thumbnailUrl\":\"https:\\\/\\\/aldiachaco.com.ar\\\/wp-content\\\/uploads\\\/2026\\\/03\\\/0203nahuel.jpg\",\"articleSection\":[\"Nacionales\"],\"inLanguage\":\"es-AR\",\"potentialAction\":[{\"@type\":\"CommentAction\",\"name\":\"Comment\",\"target\":[\"https:\\\/\\\/aldiachaco.com.ar\\\/index.php\\\/2026\\\/03\\\/02\\\/nahuel-gallo-regreso-a-la-argentina-tras-448-dias-como-rehen-del-regimen-de-nicolas-maduro\\\/#respond\"]}]},{\"@type\":\"WebPage\",\"@id\":\"https:\\\/\\\/aldiachaco.com.ar\\\/index.php\\\/2026\\\/03\\\/02\\\/nahuel-gallo-regreso-a-la-argentina-tras-448-dias-como-rehen-del-regimen-de-nicolas-maduro\\\/\",\"url\":\"https:\\\/\\\/aldiachaco.com.ar\\\/index.php\\\/2026\\\/03\\\/02\\\/nahuel-gallo-regreso-a-la-argentina-tras-448-dias-como-rehen-del-regimen-de-nicolas-maduro\\\/\",\"name\":\"Nahuel Gallo regres\u00f3 a la Argentina tras 448 d\u00edas como reh\u00e9n del r\u00e9gimen de Nicol\u00e1s Maduro | Al Dia Chaco\",\"isPartOf\":{\"@id\":\"https:\\\/\\\/aldiachaco.com.ar\\\/#website\"},\"primaryImageOfPage\":{\"@id\":\"https:\\\/\\\/aldiachaco.com.ar\\\/index.php\\\/2026\\\/03\\\/02\\\/nahuel-gallo-regreso-a-la-argentina-tras-448-dias-como-rehen-del-regimen-de-nicolas-maduro\\\/#primaryimage\"},\"image\":{\"@id\":\"https:\\\/\\\/aldiachaco.com.ar\\\/index.php\\\/2026\\\/03\\\/02\\\/nahuel-gallo-regreso-a-la-argentina-tras-448-dias-como-rehen-del-regimen-de-nicolas-maduro\\\/#primaryimage\"},\"thumbnailUrl\":\"https:\\\/\\\/aldiachaco.com.ar\\\/wp-content\\\/uploads\\\/2026\\\/03\\\/0203nahuel.jpg\",\"datePublished\":\"2026-03-02T12:15:10+00:00\",\"breadcrumb\":{\"@id\":\"https:\\\/\\\/aldiachaco.com.ar\\\/index.php\\\/2026\\\/03\\\/02\\\/nahuel-gallo-regreso-a-la-argentina-tras-448-dias-como-rehen-del-regimen-de-nicolas-maduro\\\/#breadcrumb\"},\"inLanguage\":\"es-AR\",\"potentialAction\":[{\"@type\":\"ReadAction\",\"target\":[\"https:\\\/\\\/aldiachaco.com.ar\\\/index.php\\\/2026\\\/03\\\/02\\\/nahuel-gallo-regreso-a-la-argentina-tras-448-dias-como-rehen-del-regimen-de-nicolas-maduro\\\/\"]}]},{\"@type\":\"ImageObject\",\"inLanguage\":\"es-AR\",\"@id\":\"https:\\\/\\\/aldiachaco.com.ar\\\/index.php\\\/2026\\\/03\\\/02\\\/nahuel-gallo-regreso-a-la-argentina-tras-448-dias-como-rehen-del-regimen-de-nicolas-maduro\\\/#primaryimage\",\"url\":\"https:\\\/\\\/aldiachaco.com.ar\\\/wp-content\\\/uploads\\\/2026\\\/03\\\/0203nahuel.jpg\",\"contentUrl\":\"https:\\\/\\\/aldiachaco.com.ar\\\/wp-content\\\/uploads\\\/2026\\\/03\\\/0203nahuel.jpg\",\"width\":1456,\"height\":967},{\"@type\":\"BreadcrumbList\",\"@id\":\"https:\\\/\\\/aldiachaco.com.ar\\\/index.php\\\/2026\\\/03\\\/02\\\/nahuel-gallo-regreso-a-la-argentina-tras-448-dias-como-rehen-del-regimen-de-nicolas-maduro\\\/#breadcrumb\",\"itemListElement\":[{\"@type\":\"ListItem\",\"position\":1,\"name\":\"Home\",\"item\":\"https:\\\/\\\/aldiachaco.com.ar\\\/\"},{\"@type\":\"ListItem\",\"position\":2,\"name\":\"Nahuel Gallo regres\u00f3 a la Argentina tras 448 d\u00edas como reh\u00e9n del r\u00e9gimen de Nicol\u00e1s Maduro\"}]},{\"@type\":\"WebSite\",\"@id\":\"https:\\\/\\\/aldiachaco.com.ar\\\/#website\",\"url\":\"https:\\\/\\\/aldiachaco.com.ar\\\/\",\"name\":\"Al Dia Chaco\",\"description\":\"Noticias del Chaco y el mundo\",\"publisher\":{\"@id\":\"https:\\\/\\\/aldiachaco.com.ar\\\/#organization\"},\"alternateName\":\"Al D\u00eda Chaco\",\"potentialAction\":[{\"@type\":\"SearchAction\",\"target\":{\"@type\":\"EntryPoint\",\"urlTemplate\":\"https:\\\/\\\/aldiachaco.com.ar\\\/?s={search_term_string}\"},\"query-input\":{\"@type\":\"PropertyValueSpecification\",\"valueRequired\":true,\"valueName\":\"search_term_string\"}}],\"inLanguage\":\"es-AR\"},{\"@type\":\"Organization\",\"@id\":\"https:\\\/\\\/aldiachaco.com.ar\\\/#organization\",\"name\":\"Al Dia Chaco\",\"url\":\"https:\\\/\\\/aldiachaco.com.ar\\\/\",\"logo\":{\"@type\":\"ImageObject\",\"inLanguage\":\"es-AR\",\"@id\":\"https:\\\/\\\/aldiachaco.com.ar\\\/#\\\/schema\\\/logo\\\/image\\\/\",\"url\":\"https:\\\/\\\/aldiachaco.com.ar\\\/wp-content\\\/uploads\\\/2017\\\/11\\\/AL-DIA-CHACO-L@2x.png\",\"contentUrl\":\"https:\\\/\\\/aldiachaco.com.ar\\\/wp-content\\\/uploads\\\/2017\\\/11\\\/AL-DIA-CHACO-L@2x.png\",\"width\":232,\"height\":60,\"caption\":\"Al Dia Chaco\"},\"image\":{\"@id\":\"https:\\\/\\\/aldiachaco.com.ar\\\/#\\\/schema\\\/logo\\\/image\\\/\"}},{\"@type\":\"Person\",\"@id\":\"https:\\\/\\\/aldiachaco.com.ar\\\/#\\\/schema\\\/person\\\/b24e975af8022082f5889a7a7299e962\",\"name\":\"RedaccionRM\",\"image\":{\"@type\":\"ImageObject\",\"inLanguage\":\"es-AR\",\"@id\":\"https:\\\/\\\/aldiachaco.com.ar\\\/wp-content\\\/litespeed\\\/avatar\\\/a30118fcb7a6295303f1c91164c6aba1.jpg?ver=1777339088\",\"url\":\"https:\\\/\\\/aldiachaco.com.ar\\\/wp-content\\\/litespeed\\\/avatar\\\/a30118fcb7a6295303f1c91164c6aba1.jpg?ver=1777339088\",\"contentUrl\":\"https:\\\/\\\/aldiachaco.com.ar\\\/wp-content\\\/litespeed\\\/avatar\\\/a30118fcb7a6295303f1c91164c6aba1.jpg?ver=1777339088\",\"caption\":\"RedaccionRM\"},\"url\":\"https:\\\/\\\/aldiachaco.com.ar\\\/index.php\\\/author\\\/redaccionrm\\\/\"}]}<\/script>\n<!-- \/ Yoast SEO plugin. -->","yoast_head_json":{"title":"Nahuel Gallo regres\u00f3 a la Argentina tras 448 d\u00edas como reh\u00e9n del r\u00e9gimen de Nicol\u00e1s Maduro | Al Dia Chaco","robots":{"index":"index","follow":"follow","max-snippet":"max-snippet:-1","max-image-preview":"max-image-preview:large","max-video-preview":"max-video-preview:-1"},"canonical":"https:\/\/aldiachaco.com.ar\/index.php\/2026\/03\/02\/nahuel-gallo-regreso-a-la-argentina-tras-448-dias-como-rehen-del-regimen-de-nicolas-maduro\/","og_locale":"es_ES","og_type":"article","og_title":"Nahuel Gallo regres\u00f3 a la Argentina tras 448 d\u00edas como reh\u00e9n del r\u00e9gimen de Nicol\u00e1s Maduro | Al Dia Chaco","og_description":"En un emotivo y esperado momento, el gendarme argentino Nahuel Gallo aterriz\u00f3 esta madrugada en el Aeropuerto Internacional de Ezeiza, poniendo fin a 448 d\u00edas de cautiverio como reh\u00e9n del r\u00e9gimen de Nicol\u00e1s Maduro en Venezuela. El avi\u00f3n toc\u00f3 suelo argentino pasadas las 4:30, y Gallo fue recibido con un pasillo de honor y la &hellip;","og_url":"https:\/\/aldiachaco.com.ar\/index.php\/2026\/03\/02\/nahuel-gallo-regreso-a-la-argentina-tras-448-dias-como-rehen-del-regimen-de-nicolas-maduro\/","og_site_name":"Al Dia Chaco","article_published_time":"2026-03-02T12:15:10+00:00","og_image":[{"width":1456,"height":967,"url":"https:\/\/aldiachaco.com.ar\/wp-content\/uploads\/2026\/03\/0203nahuel.jpg","type":"image\/jpeg"}],"author":"RedaccionRM","twitter_card":"summary_large_image","twitter_misc":{"Escrito por":"RedaccionRM","Tiempo de lectura":"3 minutos"},"schema":{"@context":"https:\/\/schema.org","@graph":[{"@type":"Article","@id":"https:\/\/aldiachaco.com.ar\/index.php\/2026\/03\/02\/nahuel-gallo-regreso-a-la-argentina-tras-448-dias-como-rehen-del-regimen-de-nicolas-maduro\/#article","isPartOf":{"@id":"https:\/\/aldiachaco.com.ar\/index.php\/2026\/03\/02\/nahuel-gallo-regreso-a-la-argentina-tras-448-dias-como-rehen-del-regimen-de-nicolas-maduro\/"},"author":{"name":"RedaccionRM","@id":"https:\/\/aldiachaco.com.ar\/#\/schema\/person\/b24e975af8022082f5889a7a7299e962"},"headline":"Nahuel Gallo regres\u00f3 a la Argentina tras 448 d\u00edas como reh\u00e9n del r\u00e9gimen de Nicol\u00e1s Maduro","datePublished":"2026-03-02T12:15:10+00:00","mainEntityOfPage":{"@id":"https:\/\/aldiachaco.com.ar\/index.php\/2026\/03\/02\/nahuel-gallo-regreso-a-la-argentina-tras-448-dias-como-rehen-del-regimen-de-nicolas-maduro\/"},"wordCount":502,"commentCount":0,"publisher":{"@id":"https:\/\/aldiachaco.com.ar\/#organization"},"image":{"@id":"https:\/\/aldiachaco.com.ar\/index.php\/2026\/03\/02\/nahuel-gallo-regreso-a-la-argentina-tras-448-dias-como-rehen-del-regimen-de-nicolas-maduro\/#primaryimage"},"thumbnailUrl":"https:\/\/aldiachaco.com.ar\/wp-content\/uploads\/2026\/03\/0203nahuel.jpg","articleSection":["Nacionales"],"inLanguage":"es-AR","potentialAction":[{"@type":"CommentAction","name":"Comment","target":["https:\/\/aldiachaco.com.ar\/index.php\/2026\/03\/02\/nahuel-gallo-regreso-a-la-argentina-tras-448-dias-como-rehen-del-regimen-de-nicolas-maduro\/#respond"]}]},{"@type":"WebPage","@id":"https:\/\/aldiachaco.com.ar\/index.php\/2026\/03\/02\/nahuel-gallo-regreso-a-la-argentina-tras-448-dias-como-rehen-del-regimen-de-nicolas-maduro\/","url":"https:\/\/aldiachaco.com.ar\/index.php\/2026\/03\/02\/nahuel-gallo-regreso-a-la-argentina-tras-448-dias-como-rehen-del-regimen-de-nicolas-maduro\/","name":"Nahuel Gallo regres\u00f3 a la Argentina tras 448 d\u00edas como reh\u00e9n del r\u00e9gimen de Nicol\u00e1s Maduro | Al Dia Chaco","isPartOf":{"@id":"https:\/\/aldiachaco.com.ar\/#website"},"primaryImageOfPage":{"@id":"https:\/\/aldiachaco.com.ar\/index.php\/2026\/03\/02\/nahuel-gallo-regreso-a-la-argentina-tras-448-dias-como-rehen-del-regimen-de-nicolas-maduro\/#primaryimage"},"image":{"@id":"https:\/\/aldiachaco.com.ar\/index.php\/2026\/03\/02\/nahuel-gallo-regreso-a-la-argentina-tras-448-dias-como-rehen-del-regimen-de-nicolas-maduro\/#primaryimage"},"thumbnailUrl":"https:\/\/aldiachaco.com.ar\/wp-content\/uploads\/2026\/03\/0203nahuel.jpg","datePublished":"2026-03-02T12:15:10+00:00","breadcrumb":{"@id":"https:\/\/aldiachaco.com.ar\/index.php\/2026\/03\/02\/nahuel-gallo-regreso-a-la-argentina-tras-448-dias-como-rehen-del-regimen-de-nicolas-maduro\/#breadcrumb"},"inLanguage":"es-AR","potentialAction":[{"@type":"ReadAction","target":["https:\/\/aldiachaco.com.ar\/index.php\/2026\/03\/02\/nahuel-gallo-regreso-a-la-argentina-tras-448-dias-como-rehen-del-regimen-de-nicolas-maduro\/"]}]},{"@type":"ImageObject","inLanguage":"es-AR","@id":"https:\/\/aldiachaco.com.ar\/index.php\/2026\/03\/02\/nahuel-gallo-regreso-a-la-argentina-tras-448-dias-como-rehen-del-regimen-de-nicolas-maduro\/#primaryimage","url":"https:\/\/aldiachaco.com.ar\/wp-content\/uploads\/2026\/03\/0203nahuel.jpg","contentUrl":"https:\/\/aldiachaco.com.ar\/wp-content\/uploads\/2026\/03\/0203nahuel.jpg","width":1456,"height":967},{"@type":"BreadcrumbList","@id":"https:\/\/aldiachaco.com.ar\/index.php\/2026\/03\/02\/nahuel-gallo-regreso-a-la-argentina-tras-448-dias-como-rehen-del-regimen-de-nicolas-maduro\/#breadcrumb","itemListElement":[{"@type":"ListItem","position":1,"name":"Home","item":"https:\/\/aldiachaco.com.ar\/"},{"@type":"ListItem","position":2,"name":"Nahuel Gallo regres\u00f3 a la Argentina tras 448 d\u00edas como reh\u00e9n del r\u00e9gimen de Nicol\u00e1s Maduro"}]},{"@type":"WebSite","@id":"https:\/\/aldiachaco.com.ar\/#website","url":"https:\/\/aldiachaco.com.ar\/","name":"Al Dia Chaco","description":"Noticias del Chaco y el mundo","publisher":{"@id":"https:\/\/aldiachaco.com.ar\/#organization"},"alternateName":"Al D\u00eda Chaco","potentialAction":[{"@type":"SearchAction","target":{"@type":"EntryPoint","urlTemplate":"https:\/\/aldiachaco.com.ar\/?s={search_term_string}"},"query-input":{"@type":"PropertyValueSpecification","valueRequired":true,"valueName":"search_term_string"}}],"inLanguage":"es-AR"},{"@type":"Organization","@id":"https:\/\/aldiachaco.com.ar\/#organization","name":"Al Dia Chaco","url":"https:\/\/aldiachaco.com.ar\/","logo":{"@type":"ImageObject","inLanguage":"es-AR","@id":"https:\/\/aldiachaco.com.ar\/#\/schema\/logo\/image\/","url":"https:\/\/aldiachaco.com.ar\/wp-content\/uploads\/2017\/11\/AL-DIA-CHACO-L@2x.png","contentUrl":"https:\/\/aldiachaco.com.ar\/wp-content\/uploads\/2017\/11\/AL-DIA-CHACO-L@2x.png","width":232,"height":60,"caption":"Al Dia Chaco"},"image":{"@id":"https:\/\/aldiachaco.com.ar\/#\/schema\/logo\/image\/"}},{"@type":"Person","@id":"https:\/\/aldiachaco.com.ar\/#\/schema\/person\/b24e975af8022082f5889a7a7299e962","name":"RedaccionRM","image":{"@type":"ImageObject","inLanguage":"es-AR","@id":"https:\/\/aldiachaco.com.ar\/wp-content\/litespeed\/avatar\/a30118fcb7a6295303f1c91164c6aba1.jpg?ver=1777339088","url":"https:\/\/aldiachaco.com.ar\/wp-content\/litespeed\/avatar\/a30118fcb7a6295303f1c91164c6aba1.jpg?ver=1777339088","contentUrl":"https:\/\/aldiachaco.com.ar\/wp-content\/litespeed\/avatar\/a30118fcb7a6295303f1c91164c6aba1.jpg?ver=1777339088","caption":"RedaccionRM"},"url":"https:\/\/aldiachaco.com.ar\/index.php\/author\/redaccionrm\/"}]}},"jetpack_publicize_connections":[],"jetpack_featured_media_url":"https:\/\/aldiachaco.com.ar\/wp-content\/uploads\/2026\/03\/0203nahuel.jpg","jetpack_sharing_enabled":true,"amp_enabled":true,"_links":{"self":[{"href":"https:\/\/aldiachaco.com.ar\/index.php\/wp-json\/wp\/v2\/posts\/117393","targetHints":{"allow":["GET"]}}],"collection":[{"href":"https:\/\/aldiachaco.com.ar\/index.php\/wp-json\/wp\/v2\/posts"}],"about":[{"href":"https:\/\/aldiachaco.com.ar\/index.php\/wp-json\/wp\/v2\/types\/post"}],"author":[{"embeddable":true,"href":"https:\/\/aldiachaco.com.ar\/index.php\/wp-json\/wp\/v2\/users\/9"}],"replies":[{"embeddable":true,"href":"https:\/\/aldiachaco.com.ar\/index.php\/wp-json\/wp\/v2\/comments?post=117393"}],"version-history":[{"count":1,"href":"https:\/\/aldiachaco.com.ar\/index.php\/wp-json\/wp\/v2\/posts\/117393\/revisions"}],"predecessor-version":[{"id":117397,"href":"https:\/\/aldiachaco.com.ar\/index.php\/wp-json\/wp\/v2\/posts\/117393\/revisions\/117397"}],"wp:featuredmedia":[{"embeddable":true,"href":"https:\/\/aldiachaco.com.ar\/index.php\/wp-json\/wp\/v2\/media\/117396"}],"wp:attachment":[{"href":"https:\/\/aldiachaco.com.ar\/index.php\/wp-json\/wp\/v2\/media?parent=117393"}],"wp:term":[{"taxonomy":"category","embeddable":true,"href":"https:\/\/aldiachaco.com.ar\/index.php\/wp-json\/wp\/v2\/categories?post=117393"},{"taxonomy":"post_tag","embeddable":true,"href":"https:\/\/aldiachaco.com.ar\/index.php\/wp-json\/wp\/v2\/tags?post=117393"}],"curies":[{"name":"wp","href":"https:\/\/api.w.org\/{rel}","templated":true}]}}