{"id":117369,"date":"2026-02-28T17:42:41","date_gmt":"2026-02-28T20:42:41","guid":{"rendered":"https:\/\/aldiachaco.com.ar\/?p=117369"},"modified":"2026-02-28T17:42:41","modified_gmt":"2026-02-28T20:42:41","slug":"julio-garcia-abogado-de-la-municipalidad-de-saenz-pena-hablo-sobre-el-escandalo-de-la-bolsa","status":"publish","type":"post","link":"https:\/\/aldiachaco.com.ar\/index.php\/2026\/02\/28\/julio-garcia-abogado-de-la-municipalidad-de-saenz-pena-hablo-sobre-el-escandalo-de-la-bolsa\/","title":{"rendered":"Julio Garc\u00eda, abogado de la Municipalidad de S\u00e1enz Pe\u00f1a, habl\u00f3 sobre el esc\u00e1ndalo de la Bolsa"},"content":{"rendered":"<p class=\"ds-markdown-paragraph\">El secretario Jur\u00eddico y T\u00e9cnico de la Municipalidad de Presidencia Roque S\u00e1enz Pe\u00f1a, Julio Garc\u00eda, dialog\u00f3 en Sin Vueltas sobre la pol\u00e9mica por la inversi\u00f3n de fondos municipales en la Bolsa de Comercio del Chaco, que deriv\u00f3 en una causa judicial y un embargo preventivo de $1.890 millones contra la entidad.<\/p>\n<p class=\"ds-markdown-paragraph\"><strong>&#8220;La denuncia penal no tiene pruebas&#8221;<\/strong><\/p>\n<p class=\"ds-markdown-paragraph\">Garc\u00eda se refiri\u00f3 a la acci\u00f3n penal iniciada por el diputado Santiago P\u00e9rez Pons y otros concejales: &#8220;Esa denuncia en realidad no tiene ninguna prueba, consistir\u00eda m\u00e1s en un pedido de informe que una denuncia penal. Son cuestiones comprensibles de la oposici\u00f3n, un rito pol\u00edtico&#8221;. Y agreg\u00f3: &#8220;La realidad es una sola, la verdad es una sola&#8221;.<\/p>\n<p class=\"ds-markdown-paragraph\"><strong>El embargo y la postura del municipio<\/strong><\/p>\n<p class=\"ds-markdown-paragraph\">El funcionario explic\u00f3 que el municipio procedi\u00f3 a realizar su propia denuncia penal &#8220;por lo que entendi\u00f3 una posible comisi\u00f3n de un delito por parte de la Bolsa de Comercio&#8221;. Detall\u00f3 que primero intimaron a la entidad y, ante el silencio, avanzaron con la denuncia y un amparo que fue aceptado favorablemente por la Justicia, junto con una medida cautelar.<\/p>\n<p class=\"ds-markdown-paragraph\">Sobre los montos, aclar\u00f3: &#8220;Nosotros solicitamos el embargo por 1.350 millones de pesos, que es el capital afectado. Los 1.890 millones que fij\u00f3 el juez incluyen costas, intereses y otros conceptos&#8221;.<\/p>\n<p class=\"ds-markdown-paragraph\"><strong>Confianza en la Justicia y en la Bolsa<\/strong><\/p>\n<p class=\"ds-markdown-paragraph\">Garc\u00eda se mostr\u00f3 confiado en una pronta resoluci\u00f3n: &#8220;Estoy convencido de que la Bolsa de Comercio del Chaco va a actuar en consecuencia de su prestigio. Probablemente la semana que viene tengamos novedades importantes&#8221;. Y adelant\u00f3: &#8220;Entre hoy y la semana que viene va a haber novedades muy importantes&#8221;.<\/p>\n<p class=\"ds-markdown-paragraph\"><strong>El orgullo de S\u00e1enz Pe\u00f1a y el Chaco<\/strong><\/p>\n<p class=\"ds-markdown-paragraph\">Consultado sobre qu\u00e9 destacar\u00eda de S\u00e1enz Pe\u00f1a, Garc\u00eda hizo una pausa para reflexionar y solt\u00f3 una definici\u00f3n que conmovi\u00f3: &#8220;S\u00e1enz Pe\u00f1a es una ciudad muy potente, tiene much\u00edsima fuerza. Somos \u00fanicos en el Chaco y tenemos una fuerza terrible&#8221;. Y agreg\u00f3: &#8220;Los cambios en los \u00faltimos 25 a\u00f1os han sido fenomenales en infraestructura y desarrollo&#8221;.<\/p>\n<p class=\"ds-markdown-paragraph\">Record\u00f3 sus or\u00edgenes en Tres Isletas y su llegada a S\u00e1enz Pe\u00f1a hace 40 a\u00f1os para estudiar Ingenier\u00eda Agroindustrial en la UNNE. &#8220;Estoy muy contento de vivir y disfrutar esta parte del Chaco&#8221;, cerr\u00f3.<\/p>\n","protected":false},"excerpt":{"rendered":"<p>El secretario Jur\u00eddico y T\u00e9cnico de la Municipalidad de Presidencia Roque S\u00e1enz Pe\u00f1a, Julio Garc\u00eda, dialog\u00f3 en Sin Vueltas sobre la pol\u00e9mica por la inversi\u00f3n de fondos municipales en la Bolsa de Comercio del Chaco, que deriv\u00f3 en una causa judicial y un embargo preventivo de $1.890 millones contra la entidad. &#8220;La denuncia penal no &hellip;<\/p>\n","protected":false},"author":9,"featured_media":117323,"comment_status":"open","ping_status":"open","sticky":false,"template":"","format":"standard","meta":{"content-type":"","_monsterinsights_skip_tracking":false,"_monsterinsights_sitenote_active":false,"_monsterinsights_sitenote_note":"","_monsterinsights_sitenote_category":0,"_jetpack_memberships_contains_paid_content":false,"footnotes":"","jetpack_publicize_message":"","jetpack_publicize_feature_enabled":true,"jetpack_social_post_already_shared":true,"jetpack_social_options":{"image_generator_settings":{"template":"highway","default_image_id":0,"font":"","enabled":false},"version":2}},"categories":[65],"tags":[],"class_list":["post-117369","post","type-post","status-publish","format-standard","has-post-thumbnail","hentry","category-economia"],"yoast_head":"<!-- This site is optimized with the Yoast SEO plugin v27.4 - https:\/\/yoast.com\/product\/yoast-seo-wordpress\/ -->\n<title>Julio Garc\u00eda, abogado de la Municipalidad de S\u00e1enz Pe\u00f1a, habl\u00f3 sobre el esc\u00e1ndalo de la Bolsa | Al Dia Chaco<\/title>\n<meta name=\"robots\" content=\"index, follow, max-snippet:-1, max-image-preview:large, max-video-preview:-1\" \/>\n<link rel=\"canonical\" href=\"https:\/\/aldiachaco.com.ar\/index.php\/2026\/02\/28\/julio-garcia-abogado-de-la-municipalidad-de-saenz-pena-hablo-sobre-el-escandalo-de-la-bolsa\/\" \/>\n<meta property=\"og:locale\" content=\"es_ES\" \/>\n<meta property=\"og:type\" content=\"article\" \/>\n<meta property=\"og:title\" content=\"Julio Garc\u00eda, abogado de la Municipalidad de S\u00e1enz Pe\u00f1a, habl\u00f3 sobre el esc\u00e1ndalo de la Bolsa | Al Dia Chaco\" \/>\n<meta property=\"og:description\" content=\"El secretario Jur\u00eddico y T\u00e9cnico de la Municipalidad de Presidencia Roque S\u00e1enz Pe\u00f1a, Julio Garc\u00eda, dialog\u00f3 en Sin Vueltas sobre la pol\u00e9mica por la inversi\u00f3n de fondos municipales en la Bolsa de Comercio del Chaco, que deriv\u00f3 en una causa judicial y un embargo preventivo de $1.890 millones contra la entidad. &#8220;La denuncia penal no &hellip;\" \/>\n<meta property=\"og:url\" content=\"https:\/\/aldiachaco.com.ar\/index.php\/2026\/02\/28\/julio-garcia-abogado-de-la-municipalidad-de-saenz-pena-hablo-sobre-el-escandalo-de-la-bolsa\/\" \/>\n<meta property=\"og:site_name\" content=\"Al Dia Chaco\" \/>\n<meta property=\"article:published_time\" content=\"2026-02-28T20:42:41+00:00\" \/>\n<meta property=\"og:image\" content=\"https:\/\/aldiachaco.com.ar\/wp-content\/uploads\/2026\/02\/2602bolsa.jpg\" \/>\n\t<meta property=\"og:image:width\" content=\"800\" \/>\n\t<meta property=\"og:image:height\" content=\"600\" \/>\n\t<meta property=\"og:image:type\" content=\"image\/jpeg\" \/>\n<meta name=\"author\" content=\"RedaccionRM\" \/>\n<meta name=\"twitter:card\" content=\"summary_large_image\" \/>\n<meta name=\"twitter:label1\" content=\"Escrito por\" \/>\n\t<meta name=\"twitter:data1\" content=\"RedaccionRM\" \/>\n\t<meta name=\"twitter:label2\" content=\"Tiempo de lectura\" \/>\n\t<meta name=\"twitter:data2\" content=\"2 minutos\" \/>\n<script type=\"application\/ld+json\" class=\"yoast-schema-graph\">{\"@context\":\"https:\\\/\\\/schema.org\",\"@graph\":[{\"@type\":\"Article\",\"@id\":\"https:\\\/\\\/aldiachaco.com.ar\\\/index.php\\\/2026\\\/02\\\/28\\\/julio-garcia-abogado-de-la-municipalidad-de-saenz-pena-hablo-sobre-el-escandalo-de-la-bolsa\\\/#article\",\"isPartOf\":{\"@id\":\"https:\\\/\\\/aldiachaco.com.ar\\\/index.php\\\/2026\\\/02\\\/28\\\/julio-garcia-abogado-de-la-municipalidad-de-saenz-pena-hablo-sobre-el-escandalo-de-la-bolsa\\\/\"},\"author\":{\"name\":\"RedaccionRM\",\"@id\":\"https:\\\/\\\/aldiachaco.com.ar\\\/#\\\/schema\\\/person\\\/b24e975af8022082f5889a7a7299e962\"},\"headline\":\"Julio Garc\u00eda, abogado de la Municipalidad de S\u00e1enz Pe\u00f1a, habl\u00f3 sobre el esc\u00e1ndalo de la Bolsa\",\"datePublished\":\"2026-02-28T20:42:41+00:00\",\"mainEntityOfPage\":{\"@id\":\"https:\\\/\\\/aldiachaco.com.ar\\\/index.php\\\/2026\\\/02\\\/28\\\/julio-garcia-abogado-de-la-municipalidad-de-saenz-pena-hablo-sobre-el-escandalo-de-la-bolsa\\\/\"},\"wordCount\":414,\"commentCount\":0,\"publisher\":{\"@id\":\"https:\\\/\\\/aldiachaco.com.ar\\\/#organization\"},\"image\":{\"@id\":\"https:\\\/\\\/aldiachaco.com.ar\\\/index.php\\\/2026\\\/02\\\/28\\\/julio-garcia-abogado-de-la-municipalidad-de-saenz-pena-hablo-sobre-el-escandalo-de-la-bolsa\\\/#primaryimage\"},\"thumbnailUrl\":\"https:\\\/\\\/aldiachaco.com.ar\\\/wp-content\\\/uploads\\\/2026\\\/02\\\/2602bolsa.jpg\",\"articleSection\":[\"Econom\u00eda\"],\"inLanguage\":\"es-AR\",\"potentialAction\":[{\"@type\":\"CommentAction\",\"name\":\"Comment\",\"target\":[\"https:\\\/\\\/aldiachaco.com.ar\\\/index.php\\\/2026\\\/02\\\/28\\\/julio-garcia-abogado-de-la-municipalidad-de-saenz-pena-hablo-sobre-el-escandalo-de-la-bolsa\\\/#respond\"]}]},{\"@type\":\"WebPage\",\"@id\":\"https:\\\/\\\/aldiachaco.com.ar\\\/index.php\\\/2026\\\/02\\\/28\\\/julio-garcia-abogado-de-la-municipalidad-de-saenz-pena-hablo-sobre-el-escandalo-de-la-bolsa\\\/\",\"url\":\"https:\\\/\\\/aldiachaco.com.ar\\\/index.php\\\/2026\\\/02\\\/28\\\/julio-garcia-abogado-de-la-municipalidad-de-saenz-pena-hablo-sobre-el-escandalo-de-la-bolsa\\\/\",\"name\":\"Julio Garc\u00eda, abogado de la Municipalidad de S\u00e1enz Pe\u00f1a, habl\u00f3 sobre el esc\u00e1ndalo de la Bolsa | Al Dia Chaco\",\"isPartOf\":{\"@id\":\"https:\\\/\\\/aldiachaco.com.ar\\\/#website\"},\"primaryImageOfPage\":{\"@id\":\"https:\\\/\\\/aldiachaco.com.ar\\\/index.php\\\/2026\\\/02\\\/28\\\/julio-garcia-abogado-de-la-municipalidad-de-saenz-pena-hablo-sobre-el-escandalo-de-la-bolsa\\\/#primaryimage\"},\"image\":{\"@id\":\"https:\\\/\\\/aldiachaco.com.ar\\\/index.php\\\/2026\\\/02\\\/28\\\/julio-garcia-abogado-de-la-municipalidad-de-saenz-pena-hablo-sobre-el-escandalo-de-la-bolsa\\\/#primaryimage\"},\"thumbnailUrl\":\"https:\\\/\\\/aldiachaco.com.ar\\\/wp-content\\\/uploads\\\/2026\\\/02\\\/2602bolsa.jpg\",\"datePublished\":\"2026-02-28T20:42:41+00:00\",\"breadcrumb\":{\"@id\":\"https:\\\/\\\/aldiachaco.com.ar\\\/index.php\\\/2026\\\/02\\\/28\\\/julio-garcia-abogado-de-la-municipalidad-de-saenz-pena-hablo-sobre-el-escandalo-de-la-bolsa\\\/#breadcrumb\"},\"inLanguage\":\"es-AR\",\"potentialAction\":[{\"@type\":\"ReadAction\",\"target\":[\"https:\\\/\\\/aldiachaco.com.ar\\\/index.php\\\/2026\\\/02\\\/28\\\/julio-garcia-abogado-de-la-municipalidad-de-saenz-pena-hablo-sobre-el-escandalo-de-la-bolsa\\\/\"]}]},{\"@type\":\"ImageObject\",\"inLanguage\":\"es-AR\",\"@id\":\"https:\\\/\\\/aldiachaco.com.ar\\\/index.php\\\/2026\\\/02\\\/28\\\/julio-garcia-abogado-de-la-municipalidad-de-saenz-pena-hablo-sobre-el-escandalo-de-la-bolsa\\\/#primaryimage\",\"url\":\"https:\\\/\\\/aldiachaco.com.ar\\\/wp-content\\\/uploads\\\/2026\\\/02\\\/2602bolsa.jpg\",\"contentUrl\":\"https:\\\/\\\/aldiachaco.com.ar\\\/wp-content\\\/uploads\\\/2026\\\/02\\\/2602bolsa.jpg\",\"width\":800,\"height\":600},{\"@type\":\"BreadcrumbList\",\"@id\":\"https:\\\/\\\/aldiachaco.com.ar\\\/index.php\\\/2026\\\/02\\\/28\\\/julio-garcia-abogado-de-la-municipalidad-de-saenz-pena-hablo-sobre-el-escandalo-de-la-bolsa\\\/#breadcrumb\",\"itemListElement\":[{\"@type\":\"ListItem\",\"position\":1,\"name\":\"Home\",\"item\":\"https:\\\/\\\/aldiachaco.com.ar\\\/\"},{\"@type\":\"ListItem\",\"position\":2,\"name\":\"Julio Garc\u00eda, abogado de la Municipalidad de S\u00e1enz Pe\u00f1a, habl\u00f3 sobre el esc\u00e1ndalo de la Bolsa\"}]},{\"@type\":\"WebSite\",\"@id\":\"https:\\\/\\\/aldiachaco.com.ar\\\/#website\",\"url\":\"https:\\\/\\\/aldiachaco.com.ar\\\/\",\"name\":\"Al Dia Chaco\",\"description\":\"Noticias del Chaco y el mundo\",\"publisher\":{\"@id\":\"https:\\\/\\\/aldiachaco.com.ar\\\/#organization\"},\"alternateName\":\"Al D\u00eda Chaco\",\"potentialAction\":[{\"@type\":\"SearchAction\",\"target\":{\"@type\":\"EntryPoint\",\"urlTemplate\":\"https:\\\/\\\/aldiachaco.com.ar\\\/?s={search_term_string}\"},\"query-input\":{\"@type\":\"PropertyValueSpecification\",\"valueRequired\":true,\"valueName\":\"search_term_string\"}}],\"inLanguage\":\"es-AR\"},{\"@type\":\"Organization\",\"@id\":\"https:\\\/\\\/aldiachaco.com.ar\\\/#organization\",\"name\":\"Al Dia Chaco\",\"url\":\"https:\\\/\\\/aldiachaco.com.ar\\\/\",\"logo\":{\"@type\":\"ImageObject\",\"inLanguage\":\"es-AR\",\"@id\":\"https:\\\/\\\/aldiachaco.com.ar\\\/#\\\/schema\\\/logo\\\/image\\\/\",\"url\":\"https:\\\/\\\/aldiachaco.com.ar\\\/wp-content\\\/uploads\\\/2017\\\/11\\\/AL-DIA-CHACO-L@2x.png\",\"contentUrl\":\"https:\\\/\\\/aldiachaco.com.ar\\\/wp-content\\\/uploads\\\/2017\\\/11\\\/AL-DIA-CHACO-L@2x.png\",\"width\":232,\"height\":60,\"caption\":\"Al Dia Chaco\"},\"image\":{\"@id\":\"https:\\\/\\\/aldiachaco.com.ar\\\/#\\\/schema\\\/logo\\\/image\\\/\"}},{\"@type\":\"Person\",\"@id\":\"https:\\\/\\\/aldiachaco.com.ar\\\/#\\\/schema\\\/person\\\/b24e975af8022082f5889a7a7299e962\",\"name\":\"RedaccionRM\",\"image\":{\"@type\":\"ImageObject\",\"inLanguage\":\"es-AR\",\"@id\":\"https:\\\/\\\/aldiachaco.com.ar\\\/wp-content\\\/litespeed\\\/avatar\\\/a30118fcb7a6295303f1c91164c6aba1.jpg?ver=1777339088\",\"url\":\"https:\\\/\\\/aldiachaco.com.ar\\\/wp-content\\\/litespeed\\\/avatar\\\/a30118fcb7a6295303f1c91164c6aba1.jpg?ver=1777339088\",\"contentUrl\":\"https:\\\/\\\/aldiachaco.com.ar\\\/wp-content\\\/litespeed\\\/avatar\\\/a30118fcb7a6295303f1c91164c6aba1.jpg?ver=1777339088\",\"caption\":\"RedaccionRM\"},\"url\":\"https:\\\/\\\/aldiachaco.com.ar\\\/index.php\\\/author\\\/redaccionrm\\\/\"}]}<\/script>\n<!-- \/ Yoast SEO plugin. -->","yoast_head_json":{"title":"Julio Garc\u00eda, abogado de la Municipalidad de S\u00e1enz Pe\u00f1a, habl\u00f3 sobre el esc\u00e1ndalo de la Bolsa | Al Dia Chaco","robots":{"index":"index","follow":"follow","max-snippet":"max-snippet:-1","max-image-preview":"max-image-preview:large","max-video-preview":"max-video-preview:-1"},"canonical":"https:\/\/aldiachaco.com.ar\/index.php\/2026\/02\/28\/julio-garcia-abogado-de-la-municipalidad-de-saenz-pena-hablo-sobre-el-escandalo-de-la-bolsa\/","og_locale":"es_ES","og_type":"article","og_title":"Julio Garc\u00eda, abogado de la Municipalidad de S\u00e1enz Pe\u00f1a, habl\u00f3 sobre el esc\u00e1ndalo de la Bolsa | Al Dia Chaco","og_description":"El secretario Jur\u00eddico y T\u00e9cnico de la Municipalidad de Presidencia Roque S\u00e1enz Pe\u00f1a, Julio Garc\u00eda, dialog\u00f3 en Sin Vueltas sobre la pol\u00e9mica por la inversi\u00f3n de fondos municipales en la Bolsa de Comercio del Chaco, que deriv\u00f3 en una causa judicial y un embargo preventivo de $1.890 millones contra la entidad. &#8220;La denuncia penal no &hellip;","og_url":"https:\/\/aldiachaco.com.ar\/index.php\/2026\/02\/28\/julio-garcia-abogado-de-la-municipalidad-de-saenz-pena-hablo-sobre-el-escandalo-de-la-bolsa\/","og_site_name":"Al Dia Chaco","article_published_time":"2026-02-28T20:42:41+00:00","og_image":[{"width":800,"height":600,"url":"https:\/\/aldiachaco.com.ar\/wp-content\/uploads\/2026\/02\/2602bolsa.jpg","type":"image\/jpeg"}],"author":"RedaccionRM","twitter_card":"summary_large_image","twitter_misc":{"Escrito por":"RedaccionRM","Tiempo de lectura":"2 minutos"},"schema":{"@context":"https:\/\/schema.org","@graph":[{"@type":"Article","@id":"https:\/\/aldiachaco.com.ar\/index.php\/2026\/02\/28\/julio-garcia-abogado-de-la-municipalidad-de-saenz-pena-hablo-sobre-el-escandalo-de-la-bolsa\/#article","isPartOf":{"@id":"https:\/\/aldiachaco.com.ar\/index.php\/2026\/02\/28\/julio-garcia-abogado-de-la-municipalidad-de-saenz-pena-hablo-sobre-el-escandalo-de-la-bolsa\/"},"author":{"name":"RedaccionRM","@id":"https:\/\/aldiachaco.com.ar\/#\/schema\/person\/b24e975af8022082f5889a7a7299e962"},"headline":"Julio Garc\u00eda, abogado de la Municipalidad de S\u00e1enz Pe\u00f1a, habl\u00f3 sobre el esc\u00e1ndalo de la Bolsa","datePublished":"2026-02-28T20:42:41+00:00","mainEntityOfPage":{"@id":"https:\/\/aldiachaco.com.ar\/index.php\/2026\/02\/28\/julio-garcia-abogado-de-la-municipalidad-de-saenz-pena-hablo-sobre-el-escandalo-de-la-bolsa\/"},"wordCount":414,"commentCount":0,"publisher":{"@id":"https:\/\/aldiachaco.com.ar\/#organization"},"image":{"@id":"https:\/\/aldiachaco.com.ar\/index.php\/2026\/02\/28\/julio-garcia-abogado-de-la-municipalidad-de-saenz-pena-hablo-sobre-el-escandalo-de-la-bolsa\/#primaryimage"},"thumbnailUrl":"https:\/\/aldiachaco.com.ar\/wp-content\/uploads\/2026\/02\/2602bolsa.jpg","articleSection":["Econom\u00eda"],"inLanguage":"es-AR","potentialAction":[{"@type":"CommentAction","name":"Comment","target":["https:\/\/aldiachaco.com.ar\/index.php\/2026\/02\/28\/julio-garcia-abogado-de-la-municipalidad-de-saenz-pena-hablo-sobre-el-escandalo-de-la-bolsa\/#respond"]}]},{"@type":"WebPage","@id":"https:\/\/aldiachaco.com.ar\/index.php\/2026\/02\/28\/julio-garcia-abogado-de-la-municipalidad-de-saenz-pena-hablo-sobre-el-escandalo-de-la-bolsa\/","url":"https:\/\/aldiachaco.com.ar\/index.php\/2026\/02\/28\/julio-garcia-abogado-de-la-municipalidad-de-saenz-pena-hablo-sobre-el-escandalo-de-la-bolsa\/","name":"Julio Garc\u00eda, abogado de la Municipalidad de S\u00e1enz Pe\u00f1a, habl\u00f3 sobre el esc\u00e1ndalo de la Bolsa | Al Dia Chaco","isPartOf":{"@id":"https:\/\/aldiachaco.com.ar\/#website"},"primaryImageOfPage":{"@id":"https:\/\/aldiachaco.com.ar\/index.php\/2026\/02\/28\/julio-garcia-abogado-de-la-municipalidad-de-saenz-pena-hablo-sobre-el-escandalo-de-la-bolsa\/#primaryimage"},"image":{"@id":"https:\/\/aldiachaco.com.ar\/index.php\/2026\/02\/28\/julio-garcia-abogado-de-la-municipalidad-de-saenz-pena-hablo-sobre-el-escandalo-de-la-bolsa\/#primaryimage"},"thumbnailUrl":"https:\/\/aldiachaco.com.ar\/wp-content\/uploads\/2026\/02\/2602bolsa.jpg","datePublished":"2026-02-28T20:42:41+00:00","breadcrumb":{"@id":"https:\/\/aldiachaco.com.ar\/index.php\/2026\/02\/28\/julio-garcia-abogado-de-la-municipalidad-de-saenz-pena-hablo-sobre-el-escandalo-de-la-bolsa\/#breadcrumb"},"inLanguage":"es-AR","potentialAction":[{"@type":"ReadAction","target":["https:\/\/aldiachaco.com.ar\/index.php\/2026\/02\/28\/julio-garcia-abogado-de-la-municipalidad-de-saenz-pena-hablo-sobre-el-escandalo-de-la-bolsa\/"]}]},{"@type":"ImageObject","inLanguage":"es-AR","@id":"https:\/\/aldiachaco.com.ar\/index.php\/2026\/02\/28\/julio-garcia-abogado-de-la-municipalidad-de-saenz-pena-hablo-sobre-el-escandalo-de-la-bolsa\/#primaryimage","url":"https:\/\/aldiachaco.com.ar\/wp-content\/uploads\/2026\/02\/2602bolsa.jpg","contentUrl":"https:\/\/aldiachaco.com.ar\/wp-content\/uploads\/2026\/02\/2602bolsa.jpg","width":800,"height":600},{"@type":"BreadcrumbList","@id":"https:\/\/aldiachaco.com.ar\/index.php\/2026\/02\/28\/julio-garcia-abogado-de-la-municipalidad-de-saenz-pena-hablo-sobre-el-escandalo-de-la-bolsa\/#breadcrumb","itemListElement":[{"@type":"ListItem","position":1,"name":"Home","item":"https:\/\/aldiachaco.com.ar\/"},{"@type":"ListItem","position":2,"name":"Julio Garc\u00eda, abogado de la Municipalidad de S\u00e1enz Pe\u00f1a, habl\u00f3 sobre el esc\u00e1ndalo de la Bolsa"}]},{"@type":"WebSite","@id":"https:\/\/aldiachaco.com.ar\/#website","url":"https:\/\/aldiachaco.com.ar\/","name":"Al Dia Chaco","description":"Noticias del Chaco y el mundo","publisher":{"@id":"https:\/\/aldiachaco.com.ar\/#organization"},"alternateName":"Al D\u00eda Chaco","potentialAction":[{"@type":"SearchAction","target":{"@type":"EntryPoint","urlTemplate":"https:\/\/aldiachaco.com.ar\/?s={search_term_string}"},"query-input":{"@type":"PropertyValueSpecification","valueRequired":true,"valueName":"search_term_string"}}],"inLanguage":"es-AR"},{"@type":"Organization","@id":"https:\/\/aldiachaco.com.ar\/#organization","name":"Al Dia Chaco","url":"https:\/\/aldiachaco.com.ar\/","logo":{"@type":"ImageObject","inLanguage":"es-AR","@id":"https:\/\/aldiachaco.com.ar\/#\/schema\/logo\/image\/","url":"https:\/\/aldiachaco.com.ar\/wp-content\/uploads\/2017\/11\/AL-DIA-CHACO-L@2x.png","contentUrl":"https:\/\/aldiachaco.com.ar\/wp-content\/uploads\/2017\/11\/AL-DIA-CHACO-L@2x.png","width":232,"height":60,"caption":"Al Dia Chaco"},"image":{"@id":"https:\/\/aldiachaco.com.ar\/#\/schema\/logo\/image\/"}},{"@type":"Person","@id":"https:\/\/aldiachaco.com.ar\/#\/schema\/person\/b24e975af8022082f5889a7a7299e962","name":"RedaccionRM","image":{"@type":"ImageObject","inLanguage":"es-AR","@id":"https:\/\/aldiachaco.com.ar\/wp-content\/litespeed\/avatar\/a30118fcb7a6295303f1c91164c6aba1.jpg?ver=1777339088","url":"https:\/\/aldiachaco.com.ar\/wp-content\/litespeed\/avatar\/a30118fcb7a6295303f1c91164c6aba1.jpg?ver=1777339088","contentUrl":"https:\/\/aldiachaco.com.ar\/wp-content\/litespeed\/avatar\/a30118fcb7a6295303f1c91164c6aba1.jpg?ver=1777339088","caption":"RedaccionRM"},"url":"https:\/\/aldiachaco.com.ar\/index.php\/author\/redaccionrm\/"}]}},"jetpack_publicize_connections":[],"jetpack_featured_media_url":"https:\/\/aldiachaco.com.ar\/wp-content\/uploads\/2026\/02\/2602bolsa.jpg","jetpack_sharing_enabled":true,"amp_enabled":true,"_links":{"self":[{"href":"https:\/\/aldiachaco.com.ar\/index.php\/wp-json\/wp\/v2\/posts\/117369","targetHints":{"allow":["GET"]}}],"collection":[{"href":"https:\/\/aldiachaco.com.ar\/index.php\/wp-json\/wp\/v2\/posts"}],"about":[{"href":"https:\/\/aldiachaco.com.ar\/index.php\/wp-json\/wp\/v2\/types\/post"}],"author":[{"embeddable":true,"href":"https:\/\/aldiachaco.com.ar\/index.php\/wp-json\/wp\/v2\/users\/9"}],"replies":[{"embeddable":true,"href":"https:\/\/aldiachaco.com.ar\/index.php\/wp-json\/wp\/v2\/comments?post=117369"}],"version-history":[{"count":1,"href":"https:\/\/aldiachaco.com.ar\/index.php\/wp-json\/wp\/v2\/posts\/117369\/revisions"}],"predecessor-version":[{"id":117370,"href":"https:\/\/aldiachaco.com.ar\/index.php\/wp-json\/wp\/v2\/posts\/117369\/revisions\/117370"}],"wp:featuredmedia":[{"embeddable":true,"href":"https:\/\/aldiachaco.com.ar\/index.php\/wp-json\/wp\/v2\/media\/117323"}],"wp:attachment":[{"href":"https:\/\/aldiachaco.com.ar\/index.php\/wp-json\/wp\/v2\/media?parent=117369"}],"wp:term":[{"taxonomy":"category","embeddable":true,"href":"https:\/\/aldiachaco.com.ar\/index.php\/wp-json\/wp\/v2\/categories?post=117369"},{"taxonomy":"post_tag","embeddable":true,"href":"https:\/\/aldiachaco.com.ar\/index.php\/wp-json\/wp\/v2\/tags?post=117369"}],"curies":[{"name":"wp","href":"https:\/\/api.w.org\/{rel}","templated":true}]}}