{"id":117337,"date":"2026-02-26T17:11:45","date_gmt":"2026-02-26T20:11:45","guid":{"rendered":"https:\/\/aldiachaco.com.ar\/?p=117337"},"modified":"2026-02-26T17:11:45","modified_gmt":"2026-02-26T20:11:45","slug":"juana-repetto-revelo-que-hizo-con-la-placenta-tras-el-nacimiento-de-su-tercer-hijo-tiene-mi-olor","status":"publish","type":"post","link":"https:\/\/aldiachaco.com.ar\/index.php\/2026\/02\/26\/juana-repetto-revelo-que-hizo-con-la-placenta-tras-el-nacimiento-de-su-tercer-hijo-tiene-mi-olor\/","title":{"rendered":"Juana Repetto revel\u00f3 qu\u00e9 hizo con la placenta tras el nacimiento de su tercer hijo: &#8220;Tiene mi olor&#8221;"},"content":{"rendered":"<p class=\"ds-markdown-paragraph\">A dos semanas de haberse convertido en madre por tercera vez, Juana Repetto comparti\u00f3 en sus redes sociales el destino que le dio a su placenta, generando gran inter\u00e9s entre sus seguidores. En plena etapa de posparto, la influencer se apoy\u00f3 en la medicina alternativa para explicar los beneficios de convertirla en c\u00e1psulas y tintura madre debido a la cantidad de nutrientes, hormonas y enzimas que contiene.<\/p>\n<p class=\"ds-markdown-paragraph\"><strong>Un ritual que ya es tradici\u00f3n<\/strong><\/p>\n<p class=\"ds-markdown-paragraph\">La actriz mostr\u00f3 primero la impresi\u00f3n que hizo sobre una hoja de papel A4 con este \u00f3rgano temporal que cubre al beb\u00e9 en la etapa de gestaci\u00f3n. &#8220;Esta es la impresi\u00f3n con la placenta. Es la placenta que nos un\u00eda a m\u00ed y a Timoteo y la apoyan con las sangres desde este dibujito. Tengo de los tres, las tengo que mandar a enmarcar. Esto es para poner en mi oficina&#8221;, se\u00f1al\u00f3 orgullosa.<\/p>\n<p class=\"ds-markdown-paragraph\">Luego, mostr\u00f3 un recipiente cil\u00edndrico donde guarda las pastillas elaboradas por las especialistas en lactancia que la acompa\u00f1an. &#8220;Esto es la placenta. Son las famosas c\u00e1psulas de placenta. \u00bfVes? Esto te lo re tom\u00e1s. Tiene mi olor&#8221;, cont\u00f3.<\/p>\n<p class=\"ds-markdown-paragraph\"><strong>Beneficios de las c\u00e1psulas de placenta<\/strong><\/p>\n<p class=\"ds-markdown-paragraph\">Para despejar dudas, Repetto ley\u00f3 el prospecto del frasco: &#8220;Ayudan a restaurar las energ\u00edas tras el esfuerzo del parto, a balancear los niveles hormonales, a reducir los loquios o sangrados postparto, al \u00fatero a contraerse a su tama\u00f1o original, aumentan la cantidad de leche, mejoran la calidad de la misma y aportan hierro, vitaminas y minerales&#8221;.<\/p>\n<p class=\"ds-markdown-paragraph\">Tambi\u00e9n explic\u00f3 que las especialistas trabajan con medicina placentaria utilizando todo el \u00f3rgano y hasta realizan preparados homeop\u00e1ticos: &#8220;Tambi\u00e9n preparan lo que se llama &#8216;tintura madre&#8217;, que es un preparado listo para usar, con 30% de nitr\u00f3geno, en peque\u00f1as bolsitas&#8221;.<\/p>\n<p class=\"ds-markdown-paragraph\"><strong>El cord\u00f3n umbilical como recuerdo eterno<\/strong><\/p>\n<p class=\"ds-markdown-paragraph\">Finalmente, la influencer mostr\u00f3 un detalle cargado de simbolismo: un dije con forma de infinito hecho con el cord\u00f3n umbilical disecado de Timoteo. &#8220;Y ac\u00e1 tengo algo m\u00e1s: un dije con forma de infinito hecho con el cord\u00f3n umbilical. Este es el cord\u00f3n&#8221;, expres\u00f3 emocionada.<\/p>\n<p class=\"ds-markdown-paragraph\"><strong>Antecedentes<\/strong><\/p>\n<p class=\"ds-markdown-paragraph\">Juana Repetto ya hab\u00eda realizado rituales con las placentas de sus hijos anteriores, Toribio y Belisario. La de su primer hijo la enterr\u00f3 junto a una planta como ofrenda a la Pachamama, mientras que para el segundo opt\u00f3 por crear c\u00e1psulas. Con Timoteo, combin\u00f3 ambas tradiciones: la impresi\u00f3n art\u00edstica, las c\u00e1psulas y el dije con el cord\u00f3n.<\/p>\n<p><img loading=\"lazy\" decoding=\"async\" class=\"alignnone size-medium wp-image-117339\" src=\"https:\/\/aldiachaco.com.ar\/wp-content\/uploads\/2026\/02\/2602juanarepeto-300x169.webp\" alt=\"\" width=\"300\" height=\"169\" srcset=\"https:\/\/aldiachaco.com.ar\/wp-content\/uploads\/2026\/02\/2602juanarepeto-300x169.webp 300w, https:\/\/aldiachaco.com.ar\/wp-content\/uploads\/2026\/02\/2602juanarepeto-1024x576.webp 1024w, https:\/\/aldiachaco.com.ar\/wp-content\/uploads\/2026\/02\/2602juanarepeto-768x432.webp 768w, https:\/\/aldiachaco.com.ar\/wp-content\/uploads\/2026\/02\/2602juanarepeto-390x220.webp 390w, https:\/\/aldiachaco.com.ar\/wp-content\/uploads\/2026\/02\/2602juanarepeto-780x439.webp 780w, https:\/\/aldiachaco.com.ar\/wp-content\/uploads\/2026\/02\/2602juanarepeto-600x338.webp 600w, https:\/\/aldiachaco.com.ar\/wp-content\/uploads\/2026\/02\/2602juanarepeto.webp 1280w\" sizes=\"auto, (max-width: 300px) 100vw, 300px\" \/><\/p>\n","protected":false},"excerpt":{"rendered":"<p>A dos semanas de haberse convertido en madre por tercera vez, Juana Repetto comparti\u00f3 en sus redes sociales el destino que le dio a su placenta, generando gran inter\u00e9s entre sus seguidores. En plena etapa de posparto, la influencer se apoy\u00f3 en la medicina alternativa para explicar los beneficios de convertirla en c\u00e1psulas y tintura &hellip;<\/p>\n","protected":false},"author":9,"featured_media":117338,"comment_status":"open","ping_status":"open","sticky":false,"template":"","format":"standard","meta":{"content-type":"","_monsterinsights_skip_tracking":false,"_monsterinsights_sitenote_active":false,"_monsterinsights_sitenote_note":"","_monsterinsights_sitenote_category":0,"_jetpack_memberships_contains_paid_content":false,"footnotes":"","jetpack_publicize_message":"","jetpack_publicize_feature_enabled":true,"jetpack_social_post_already_shared":true,"jetpack_social_options":{"image_generator_settings":{"template":"highway","default_image_id":0,"font":"","enabled":false},"version":2}},"categories":[159],"tags":[],"class_list":["post-117337","post","type-post","status-publish","format-standard","has-post-thumbnail","hentry","category-espectaculos"],"yoast_head":"<!-- This site is optimized with the Yoast SEO plugin v27.4 - https:\/\/yoast.com\/product\/yoast-seo-wordpress\/ -->\n<title>Juana Repetto revel\u00f3 qu\u00e9 hizo con la placenta tras el nacimiento de su tercer hijo: &quot;Tiene mi olor&quot; | Al Dia Chaco<\/title>\n<meta name=\"robots\" content=\"index, follow, max-snippet:-1, max-image-preview:large, max-video-preview:-1\" \/>\n<link rel=\"canonical\" href=\"https:\/\/aldiachaco.com.ar\/index.php\/2026\/02\/26\/juana-repetto-revelo-que-hizo-con-la-placenta-tras-el-nacimiento-de-su-tercer-hijo-tiene-mi-olor\/\" \/>\n<meta property=\"og:locale\" content=\"es_ES\" \/>\n<meta property=\"og:type\" content=\"article\" \/>\n<meta property=\"og:title\" content=\"Juana Repetto revel\u00f3 qu\u00e9 hizo con la placenta tras el nacimiento de su tercer hijo: &quot;Tiene mi olor&quot; | Al Dia Chaco\" \/>\n<meta property=\"og:description\" content=\"A dos semanas de haberse convertido en madre por tercera vez, Juana Repetto comparti\u00f3 en sus redes sociales el destino que le dio a su placenta, generando gran inter\u00e9s entre sus seguidores. En plena etapa de posparto, la influencer se apoy\u00f3 en la medicina alternativa para explicar los beneficios de convertirla en c\u00e1psulas y tintura &hellip;\" \/>\n<meta property=\"og:url\" content=\"https:\/\/aldiachaco.com.ar\/index.php\/2026\/02\/26\/juana-repetto-revelo-que-hizo-con-la-placenta-tras-el-nacimiento-de-su-tercer-hijo-tiene-mi-olor\/\" \/>\n<meta property=\"og:site_name\" content=\"Al Dia Chaco\" \/>\n<meta property=\"article:published_time\" content=\"2026-02-26T20:11:45+00:00\" \/>\n<meta property=\"og:image\" content=\"https:\/\/aldiachaco.com.ar\/wp-content\/uploads\/2026\/02\/2602juanarepetos.jpg\" \/>\n\t<meta property=\"og:image:width\" content=\"1280\" \/>\n\t<meta property=\"og:image:height\" content=\"720\" \/>\n\t<meta property=\"og:image:type\" content=\"image\/jpeg\" \/>\n<meta name=\"author\" content=\"RedaccionRM\" \/>\n<meta name=\"twitter:card\" content=\"summary_large_image\" \/>\n<meta name=\"twitter:label1\" content=\"Escrito por\" \/>\n\t<meta name=\"twitter:data1\" content=\"RedaccionRM\" \/>\n\t<meta name=\"twitter:label2\" content=\"Tiempo de lectura\" \/>\n\t<meta name=\"twitter:data2\" content=\"3 minutos\" \/>\n<script type=\"application\/ld+json\" class=\"yoast-schema-graph\">{\"@context\":\"https:\\\/\\\/schema.org\",\"@graph\":[{\"@type\":\"Article\",\"@id\":\"https:\\\/\\\/aldiachaco.com.ar\\\/index.php\\\/2026\\\/02\\\/26\\\/juana-repetto-revelo-que-hizo-con-la-placenta-tras-el-nacimiento-de-su-tercer-hijo-tiene-mi-olor\\\/#article\",\"isPartOf\":{\"@id\":\"https:\\\/\\\/aldiachaco.com.ar\\\/index.php\\\/2026\\\/02\\\/26\\\/juana-repetto-revelo-que-hizo-con-la-placenta-tras-el-nacimiento-de-su-tercer-hijo-tiene-mi-olor\\\/\"},\"author\":{\"name\":\"RedaccionRM\",\"@id\":\"https:\\\/\\\/aldiachaco.com.ar\\\/#\\\/schema\\\/person\\\/b24e975af8022082f5889a7a7299e962\"},\"headline\":\"Juana Repetto revel\u00f3 qu\u00e9 hizo con la placenta tras el nacimiento de su tercer hijo: &#8220;Tiene mi olor&#8221;\",\"datePublished\":\"2026-02-26T20:11:45+00:00\",\"mainEntityOfPage\":{\"@id\":\"https:\\\/\\\/aldiachaco.com.ar\\\/index.php\\\/2026\\\/02\\\/26\\\/juana-repetto-revelo-que-hizo-con-la-placenta-tras-el-nacimiento-de-su-tercer-hijo-tiene-mi-olor\\\/\"},\"wordCount\":443,\"commentCount\":0,\"publisher\":{\"@id\":\"https:\\\/\\\/aldiachaco.com.ar\\\/#organization\"},\"image\":{\"@id\":\"https:\\\/\\\/aldiachaco.com.ar\\\/index.php\\\/2026\\\/02\\\/26\\\/juana-repetto-revelo-que-hizo-con-la-placenta-tras-el-nacimiento-de-su-tercer-hijo-tiene-mi-olor\\\/#primaryimage\"},\"thumbnailUrl\":\"https:\\\/\\\/aldiachaco.com.ar\\\/wp-content\\\/uploads\\\/2026\\\/02\\\/2602juanarepetos.jpg\",\"articleSection\":[\"Espect\u00e1culos\"],\"inLanguage\":\"es-AR\",\"potentialAction\":[{\"@type\":\"CommentAction\",\"name\":\"Comment\",\"target\":[\"https:\\\/\\\/aldiachaco.com.ar\\\/index.php\\\/2026\\\/02\\\/26\\\/juana-repetto-revelo-que-hizo-con-la-placenta-tras-el-nacimiento-de-su-tercer-hijo-tiene-mi-olor\\\/#respond\"]}]},{\"@type\":\"WebPage\",\"@id\":\"https:\\\/\\\/aldiachaco.com.ar\\\/index.php\\\/2026\\\/02\\\/26\\\/juana-repetto-revelo-que-hizo-con-la-placenta-tras-el-nacimiento-de-su-tercer-hijo-tiene-mi-olor\\\/\",\"url\":\"https:\\\/\\\/aldiachaco.com.ar\\\/index.php\\\/2026\\\/02\\\/26\\\/juana-repetto-revelo-que-hizo-con-la-placenta-tras-el-nacimiento-de-su-tercer-hijo-tiene-mi-olor\\\/\",\"name\":\"Juana Repetto revel\u00f3 qu\u00e9 hizo con la placenta tras el nacimiento de su tercer hijo: \\\"Tiene mi olor\\\" | Al Dia Chaco\",\"isPartOf\":{\"@id\":\"https:\\\/\\\/aldiachaco.com.ar\\\/#website\"},\"primaryImageOfPage\":{\"@id\":\"https:\\\/\\\/aldiachaco.com.ar\\\/index.php\\\/2026\\\/02\\\/26\\\/juana-repetto-revelo-que-hizo-con-la-placenta-tras-el-nacimiento-de-su-tercer-hijo-tiene-mi-olor\\\/#primaryimage\"},\"image\":{\"@id\":\"https:\\\/\\\/aldiachaco.com.ar\\\/index.php\\\/2026\\\/02\\\/26\\\/juana-repetto-revelo-que-hizo-con-la-placenta-tras-el-nacimiento-de-su-tercer-hijo-tiene-mi-olor\\\/#primaryimage\"},\"thumbnailUrl\":\"https:\\\/\\\/aldiachaco.com.ar\\\/wp-content\\\/uploads\\\/2026\\\/02\\\/2602juanarepetos.jpg\",\"datePublished\":\"2026-02-26T20:11:45+00:00\",\"breadcrumb\":{\"@id\":\"https:\\\/\\\/aldiachaco.com.ar\\\/index.php\\\/2026\\\/02\\\/26\\\/juana-repetto-revelo-que-hizo-con-la-placenta-tras-el-nacimiento-de-su-tercer-hijo-tiene-mi-olor\\\/#breadcrumb\"},\"inLanguage\":\"es-AR\",\"potentialAction\":[{\"@type\":\"ReadAction\",\"target\":[\"https:\\\/\\\/aldiachaco.com.ar\\\/index.php\\\/2026\\\/02\\\/26\\\/juana-repetto-revelo-que-hizo-con-la-placenta-tras-el-nacimiento-de-su-tercer-hijo-tiene-mi-olor\\\/\"]}]},{\"@type\":\"ImageObject\",\"inLanguage\":\"es-AR\",\"@id\":\"https:\\\/\\\/aldiachaco.com.ar\\\/index.php\\\/2026\\\/02\\\/26\\\/juana-repetto-revelo-que-hizo-con-la-placenta-tras-el-nacimiento-de-su-tercer-hijo-tiene-mi-olor\\\/#primaryimage\",\"url\":\"https:\\\/\\\/aldiachaco.com.ar\\\/wp-content\\\/uploads\\\/2026\\\/02\\\/2602juanarepetos.jpg\",\"contentUrl\":\"https:\\\/\\\/aldiachaco.com.ar\\\/wp-content\\\/uploads\\\/2026\\\/02\\\/2602juanarepetos.jpg\",\"width\":1280,\"height\":720},{\"@type\":\"BreadcrumbList\",\"@id\":\"https:\\\/\\\/aldiachaco.com.ar\\\/index.php\\\/2026\\\/02\\\/26\\\/juana-repetto-revelo-que-hizo-con-la-placenta-tras-el-nacimiento-de-su-tercer-hijo-tiene-mi-olor\\\/#breadcrumb\",\"itemListElement\":[{\"@type\":\"ListItem\",\"position\":1,\"name\":\"Home\",\"item\":\"https:\\\/\\\/aldiachaco.com.ar\\\/\"},{\"@type\":\"ListItem\",\"position\":2,\"name\":\"Juana Repetto revel\u00f3 qu\u00e9 hizo con la placenta tras el nacimiento de su tercer hijo: &#8220;Tiene mi olor&#8221;\"}]},{\"@type\":\"WebSite\",\"@id\":\"https:\\\/\\\/aldiachaco.com.ar\\\/#website\",\"url\":\"https:\\\/\\\/aldiachaco.com.ar\\\/\",\"name\":\"Al Dia Chaco\",\"description\":\"Noticias del Chaco y el mundo\",\"publisher\":{\"@id\":\"https:\\\/\\\/aldiachaco.com.ar\\\/#organization\"},\"alternateName\":\"Al D\u00eda Chaco\",\"potentialAction\":[{\"@type\":\"SearchAction\",\"target\":{\"@type\":\"EntryPoint\",\"urlTemplate\":\"https:\\\/\\\/aldiachaco.com.ar\\\/?s={search_term_string}\"},\"query-input\":{\"@type\":\"PropertyValueSpecification\",\"valueRequired\":true,\"valueName\":\"search_term_string\"}}],\"inLanguage\":\"es-AR\"},{\"@type\":\"Organization\",\"@id\":\"https:\\\/\\\/aldiachaco.com.ar\\\/#organization\",\"name\":\"Al Dia Chaco\",\"url\":\"https:\\\/\\\/aldiachaco.com.ar\\\/\",\"logo\":{\"@type\":\"ImageObject\",\"inLanguage\":\"es-AR\",\"@id\":\"https:\\\/\\\/aldiachaco.com.ar\\\/#\\\/schema\\\/logo\\\/image\\\/\",\"url\":\"https:\\\/\\\/aldiachaco.com.ar\\\/wp-content\\\/uploads\\\/2017\\\/11\\\/AL-DIA-CHACO-L@2x.png\",\"contentUrl\":\"https:\\\/\\\/aldiachaco.com.ar\\\/wp-content\\\/uploads\\\/2017\\\/11\\\/AL-DIA-CHACO-L@2x.png\",\"width\":232,\"height\":60,\"caption\":\"Al Dia Chaco\"},\"image\":{\"@id\":\"https:\\\/\\\/aldiachaco.com.ar\\\/#\\\/schema\\\/logo\\\/image\\\/\"}},{\"@type\":\"Person\",\"@id\":\"https:\\\/\\\/aldiachaco.com.ar\\\/#\\\/schema\\\/person\\\/b24e975af8022082f5889a7a7299e962\",\"name\":\"RedaccionRM\",\"image\":{\"@type\":\"ImageObject\",\"inLanguage\":\"es-AR\",\"@id\":\"https:\\\/\\\/aldiachaco.com.ar\\\/wp-content\\\/litespeed\\\/avatar\\\/a30118fcb7a6295303f1c91164c6aba1.jpg?ver=1777339088\",\"url\":\"https:\\\/\\\/aldiachaco.com.ar\\\/wp-content\\\/litespeed\\\/avatar\\\/a30118fcb7a6295303f1c91164c6aba1.jpg?ver=1777339088\",\"contentUrl\":\"https:\\\/\\\/aldiachaco.com.ar\\\/wp-content\\\/litespeed\\\/avatar\\\/a30118fcb7a6295303f1c91164c6aba1.jpg?ver=1777339088\",\"caption\":\"RedaccionRM\"},\"url\":\"https:\\\/\\\/aldiachaco.com.ar\\\/index.php\\\/author\\\/redaccionrm\\\/\"}]}<\/script>\n<!-- \/ Yoast SEO plugin. -->","yoast_head_json":{"title":"Juana Repetto revel\u00f3 qu\u00e9 hizo con la placenta tras el nacimiento de su tercer hijo: \"Tiene mi olor\" | Al Dia Chaco","robots":{"index":"index","follow":"follow","max-snippet":"max-snippet:-1","max-image-preview":"max-image-preview:large","max-video-preview":"max-video-preview:-1"},"canonical":"https:\/\/aldiachaco.com.ar\/index.php\/2026\/02\/26\/juana-repetto-revelo-que-hizo-con-la-placenta-tras-el-nacimiento-de-su-tercer-hijo-tiene-mi-olor\/","og_locale":"es_ES","og_type":"article","og_title":"Juana Repetto revel\u00f3 qu\u00e9 hizo con la placenta tras el nacimiento de su tercer hijo: \"Tiene mi olor\" | Al Dia Chaco","og_description":"A dos semanas de haberse convertido en madre por tercera vez, Juana Repetto comparti\u00f3 en sus redes sociales el destino que le dio a su placenta, generando gran inter\u00e9s entre sus seguidores. En plena etapa de posparto, la influencer se apoy\u00f3 en la medicina alternativa para explicar los beneficios de convertirla en c\u00e1psulas y tintura &hellip;","og_url":"https:\/\/aldiachaco.com.ar\/index.php\/2026\/02\/26\/juana-repetto-revelo-que-hizo-con-la-placenta-tras-el-nacimiento-de-su-tercer-hijo-tiene-mi-olor\/","og_site_name":"Al Dia Chaco","article_published_time":"2026-02-26T20:11:45+00:00","og_image":[{"width":1280,"height":720,"url":"https:\/\/aldiachaco.com.ar\/wp-content\/uploads\/2026\/02\/2602juanarepetos.jpg","type":"image\/jpeg"}],"author":"RedaccionRM","twitter_card":"summary_large_image","twitter_misc":{"Escrito por":"RedaccionRM","Tiempo de lectura":"3 minutos"},"schema":{"@context":"https:\/\/schema.org","@graph":[{"@type":"Article","@id":"https:\/\/aldiachaco.com.ar\/index.php\/2026\/02\/26\/juana-repetto-revelo-que-hizo-con-la-placenta-tras-el-nacimiento-de-su-tercer-hijo-tiene-mi-olor\/#article","isPartOf":{"@id":"https:\/\/aldiachaco.com.ar\/index.php\/2026\/02\/26\/juana-repetto-revelo-que-hizo-con-la-placenta-tras-el-nacimiento-de-su-tercer-hijo-tiene-mi-olor\/"},"author":{"name":"RedaccionRM","@id":"https:\/\/aldiachaco.com.ar\/#\/schema\/person\/b24e975af8022082f5889a7a7299e962"},"headline":"Juana Repetto revel\u00f3 qu\u00e9 hizo con la placenta tras el nacimiento de su tercer hijo: &#8220;Tiene mi olor&#8221;","datePublished":"2026-02-26T20:11:45+00:00","mainEntityOfPage":{"@id":"https:\/\/aldiachaco.com.ar\/index.php\/2026\/02\/26\/juana-repetto-revelo-que-hizo-con-la-placenta-tras-el-nacimiento-de-su-tercer-hijo-tiene-mi-olor\/"},"wordCount":443,"commentCount":0,"publisher":{"@id":"https:\/\/aldiachaco.com.ar\/#organization"},"image":{"@id":"https:\/\/aldiachaco.com.ar\/index.php\/2026\/02\/26\/juana-repetto-revelo-que-hizo-con-la-placenta-tras-el-nacimiento-de-su-tercer-hijo-tiene-mi-olor\/#primaryimage"},"thumbnailUrl":"https:\/\/aldiachaco.com.ar\/wp-content\/uploads\/2026\/02\/2602juanarepetos.jpg","articleSection":["Espect\u00e1culos"],"inLanguage":"es-AR","potentialAction":[{"@type":"CommentAction","name":"Comment","target":["https:\/\/aldiachaco.com.ar\/index.php\/2026\/02\/26\/juana-repetto-revelo-que-hizo-con-la-placenta-tras-el-nacimiento-de-su-tercer-hijo-tiene-mi-olor\/#respond"]}]},{"@type":"WebPage","@id":"https:\/\/aldiachaco.com.ar\/index.php\/2026\/02\/26\/juana-repetto-revelo-que-hizo-con-la-placenta-tras-el-nacimiento-de-su-tercer-hijo-tiene-mi-olor\/","url":"https:\/\/aldiachaco.com.ar\/index.php\/2026\/02\/26\/juana-repetto-revelo-que-hizo-con-la-placenta-tras-el-nacimiento-de-su-tercer-hijo-tiene-mi-olor\/","name":"Juana Repetto revel\u00f3 qu\u00e9 hizo con la placenta tras el nacimiento de su tercer hijo: \"Tiene mi olor\" | Al Dia Chaco","isPartOf":{"@id":"https:\/\/aldiachaco.com.ar\/#website"},"primaryImageOfPage":{"@id":"https:\/\/aldiachaco.com.ar\/index.php\/2026\/02\/26\/juana-repetto-revelo-que-hizo-con-la-placenta-tras-el-nacimiento-de-su-tercer-hijo-tiene-mi-olor\/#primaryimage"},"image":{"@id":"https:\/\/aldiachaco.com.ar\/index.php\/2026\/02\/26\/juana-repetto-revelo-que-hizo-con-la-placenta-tras-el-nacimiento-de-su-tercer-hijo-tiene-mi-olor\/#primaryimage"},"thumbnailUrl":"https:\/\/aldiachaco.com.ar\/wp-content\/uploads\/2026\/02\/2602juanarepetos.jpg","datePublished":"2026-02-26T20:11:45+00:00","breadcrumb":{"@id":"https:\/\/aldiachaco.com.ar\/index.php\/2026\/02\/26\/juana-repetto-revelo-que-hizo-con-la-placenta-tras-el-nacimiento-de-su-tercer-hijo-tiene-mi-olor\/#breadcrumb"},"inLanguage":"es-AR","potentialAction":[{"@type":"ReadAction","target":["https:\/\/aldiachaco.com.ar\/index.php\/2026\/02\/26\/juana-repetto-revelo-que-hizo-con-la-placenta-tras-el-nacimiento-de-su-tercer-hijo-tiene-mi-olor\/"]}]},{"@type":"ImageObject","inLanguage":"es-AR","@id":"https:\/\/aldiachaco.com.ar\/index.php\/2026\/02\/26\/juana-repetto-revelo-que-hizo-con-la-placenta-tras-el-nacimiento-de-su-tercer-hijo-tiene-mi-olor\/#primaryimage","url":"https:\/\/aldiachaco.com.ar\/wp-content\/uploads\/2026\/02\/2602juanarepetos.jpg","contentUrl":"https:\/\/aldiachaco.com.ar\/wp-content\/uploads\/2026\/02\/2602juanarepetos.jpg","width":1280,"height":720},{"@type":"BreadcrumbList","@id":"https:\/\/aldiachaco.com.ar\/index.php\/2026\/02\/26\/juana-repetto-revelo-que-hizo-con-la-placenta-tras-el-nacimiento-de-su-tercer-hijo-tiene-mi-olor\/#breadcrumb","itemListElement":[{"@type":"ListItem","position":1,"name":"Home","item":"https:\/\/aldiachaco.com.ar\/"},{"@type":"ListItem","position":2,"name":"Juana Repetto revel\u00f3 qu\u00e9 hizo con la placenta tras el nacimiento de su tercer hijo: &#8220;Tiene mi olor&#8221;"}]},{"@type":"WebSite","@id":"https:\/\/aldiachaco.com.ar\/#website","url":"https:\/\/aldiachaco.com.ar\/","name":"Al Dia Chaco","description":"Noticias del Chaco y el mundo","publisher":{"@id":"https:\/\/aldiachaco.com.ar\/#organization"},"alternateName":"Al D\u00eda Chaco","potentialAction":[{"@type":"SearchAction","target":{"@type":"EntryPoint","urlTemplate":"https:\/\/aldiachaco.com.ar\/?s={search_term_string}"},"query-input":{"@type":"PropertyValueSpecification","valueRequired":true,"valueName":"search_term_string"}}],"inLanguage":"es-AR"},{"@type":"Organization","@id":"https:\/\/aldiachaco.com.ar\/#organization","name":"Al Dia Chaco","url":"https:\/\/aldiachaco.com.ar\/","logo":{"@type":"ImageObject","inLanguage":"es-AR","@id":"https:\/\/aldiachaco.com.ar\/#\/schema\/logo\/image\/","url":"https:\/\/aldiachaco.com.ar\/wp-content\/uploads\/2017\/11\/AL-DIA-CHACO-L@2x.png","contentUrl":"https:\/\/aldiachaco.com.ar\/wp-content\/uploads\/2017\/11\/AL-DIA-CHACO-L@2x.png","width":232,"height":60,"caption":"Al Dia Chaco"},"image":{"@id":"https:\/\/aldiachaco.com.ar\/#\/schema\/logo\/image\/"}},{"@type":"Person","@id":"https:\/\/aldiachaco.com.ar\/#\/schema\/person\/b24e975af8022082f5889a7a7299e962","name":"RedaccionRM","image":{"@type":"ImageObject","inLanguage":"es-AR","@id":"https:\/\/aldiachaco.com.ar\/wp-content\/litespeed\/avatar\/a30118fcb7a6295303f1c91164c6aba1.jpg?ver=1777339088","url":"https:\/\/aldiachaco.com.ar\/wp-content\/litespeed\/avatar\/a30118fcb7a6295303f1c91164c6aba1.jpg?ver=1777339088","contentUrl":"https:\/\/aldiachaco.com.ar\/wp-content\/litespeed\/avatar\/a30118fcb7a6295303f1c91164c6aba1.jpg?ver=1777339088","caption":"RedaccionRM"},"url":"https:\/\/aldiachaco.com.ar\/index.php\/author\/redaccionrm\/"}]}},"jetpack_publicize_connections":[],"jetpack_featured_media_url":"https:\/\/aldiachaco.com.ar\/wp-content\/uploads\/2026\/02\/2602juanarepetos.jpg","jetpack_sharing_enabled":true,"amp_enabled":true,"_links":{"self":[{"href":"https:\/\/aldiachaco.com.ar\/index.php\/wp-json\/wp\/v2\/posts\/117337","targetHints":{"allow":["GET"]}}],"collection":[{"href":"https:\/\/aldiachaco.com.ar\/index.php\/wp-json\/wp\/v2\/posts"}],"about":[{"href":"https:\/\/aldiachaco.com.ar\/index.php\/wp-json\/wp\/v2\/types\/post"}],"author":[{"embeddable":true,"href":"https:\/\/aldiachaco.com.ar\/index.php\/wp-json\/wp\/v2\/users\/9"}],"replies":[{"embeddable":true,"href":"https:\/\/aldiachaco.com.ar\/index.php\/wp-json\/wp\/v2\/comments?post=117337"}],"version-history":[{"count":1,"href":"https:\/\/aldiachaco.com.ar\/index.php\/wp-json\/wp\/v2\/posts\/117337\/revisions"}],"predecessor-version":[{"id":117340,"href":"https:\/\/aldiachaco.com.ar\/index.php\/wp-json\/wp\/v2\/posts\/117337\/revisions\/117340"}],"wp:featuredmedia":[{"embeddable":true,"href":"https:\/\/aldiachaco.com.ar\/index.php\/wp-json\/wp\/v2\/media\/117338"}],"wp:attachment":[{"href":"https:\/\/aldiachaco.com.ar\/index.php\/wp-json\/wp\/v2\/media?parent=117337"}],"wp:term":[{"taxonomy":"category","embeddable":true,"href":"https:\/\/aldiachaco.com.ar\/index.php\/wp-json\/wp\/v2\/categories?post=117337"},{"taxonomy":"post_tag","embeddable":true,"href":"https:\/\/aldiachaco.com.ar\/index.php\/wp-json\/wp\/v2\/tags?post=117337"}],"curies":[{"name":"wp","href":"https:\/\/api.w.org\/{rel}","templated":true}]}}