{"id":117334,"date":"2026-02-26T16:51:26","date_gmt":"2026-02-26T19:51:26","guid":{"rendered":"https:\/\/aldiachaco.com.ar\/?p=117334"},"modified":"2026-02-26T16:51:26","modified_gmt":"2026-02-26T19:51:26","slug":"bombazo-se-filtraron-las-clausulas-secretas-del-contrato-de-andrea-del-boca-en-gran-hermano","status":"publish","type":"post","link":"https:\/\/aldiachaco.com.ar\/index.php\/2026\/02\/26\/bombazo-se-filtraron-las-clausulas-secretas-del-contrato-de-andrea-del-boca-en-gran-hermano\/","title":{"rendered":"\u00a1Bombazo! Se filtraron las cl\u00e1usulas secretas del contrato de Andrea del Boca en Gran Hermano"},"content":{"rendered":"<p class=\"ds-markdown-paragraph\">\u00c1ngel de Brito revel\u00f3 detalles explosivos sobre el acuerdo que la actriz firm\u00f3 antes de ingresar a la casa m\u00e1s famosa del pa\u00eds.<\/p>\n<p class=\"ds-markdown-paragraph\">El ingreso de Andrea del Boca a Gran Hermano Generaci\u00f3n Dorada (Telefe) fue, sin dudas, uno de los momentos m\u00e1s impactantes de la temporada. Nadie imaginaba que una de las figuras m\u00e1s emblem\u00e1ticas de la ficci\u00f3n argentina aceptar\u00eda el desaf\u00edo de convivir encerrada y bajo la lupa permanente de las c\u00e1maras.<\/p>\n<p class=\"ds-markdown-paragraph\">Fue \u00c1ngel de Brito quien, a trav\u00e9s de sus redes sociales, lanz\u00f3 la bomba: &#8220;Lo que nadie cont\u00f3 de Andrea y su contrato&#8221;. A partir de ah\u00ed comenzaron a circular detalles del acuerdo que la actriz habr\u00eda firmado el viernes 20 de febrero, horas antes de cruzar la famosa puerta.<\/p>\n<p class=\"ds-markdown-paragraph\"><strong>Un cachet de primera figura<\/strong><\/p>\n<p class=\"ds-markdown-paragraph\">Seg\u00fan trascendi\u00f3, Andrea habr\u00eda cerrado un cachet alto, en la misma l\u00ednea que las principales figuras convocadas para esta edici\u00f3n especial. Un n\u00famero acorde a su trayectoria y peso medi\u00e1tico, pero que no dej\u00f3 de generar comentarios en redes sociales.<\/p>\n<p class=\"ds-markdown-paragraph\"><strong>Antecedentes y controversias<\/strong><\/p>\n<p class=\"ds-markdown-paragraph\">Sin embargo, el costado econ\u00f3mico no fue lo \u00fanico que llam\u00f3 la atenci\u00f3n. De Brito record\u00f3 un antecedente que volvi\u00f3 a instalar el debate. Durante su participaci\u00f3n en el ciclo Mam\u00e1 Coraz\u00f3n, la actriz no habr\u00eda podido cobrar en Argentina debido a que estaba siendo investigada por la Justicia federal por presunta defraudaci\u00f3n de fondos p\u00fablicos. En aquel entonces, seg\u00fan se cont\u00f3, el pago se habr\u00eda realizado en una cuenta en Estados Unidos.<\/p>\n<p class=\"ds-markdown-paragraph\">Ese dato reaviv\u00f3 viejas controversias y puso nuevamente bajo la lupa los contratos televisivos de la actriz.<\/p>\n<p class=\"ds-markdown-paragraph\"><strong>El trasfondo personal<\/strong><\/p>\n<p class=\"ds-markdown-paragraph\">M\u00e1s all\u00e1 de las cl\u00e1usulas y cifras, hay un aspecto mucho m\u00e1s sensible que atraviesa su participaci\u00f3n. Andrea estar\u00eda viviendo este desaf\u00edo profesional en medio de una profunda preocupaci\u00f3n por la salud de su madre, Ana, de 95 a\u00f1os, quien en los \u00faltimos meses habr\u00eda enfrentado distintos problemas m\u00e9dicos.<\/p>\n<p class=\"ds-markdown-paragraph\">Ese contexto personal le agrega una capa de tensi\u00f3n emocional a su estad\u00eda en la casa, donde el aislamiento potencia cada sentimiento.<\/p>\n<p class=\"ds-markdown-paragraph\"><strong>As\u00ed es Andrea dentro de la casa<\/strong><\/p>\n<p class=\"ds-markdown-paragraph\">Como si fuera poco, puertas adentro ya comenzaron a notarse algunos rasgos que podr\u00edan marcar su convivencia. Seg\u00fan se revel\u00f3, Andrea ser\u00eda muy estricta con el orden y la limpieza. &#8220;\u00a1Qu\u00e9 rico huele! \u00bfD\u00f3nde estar\u00e1n los productos de limpieza?&#8221;, habr\u00eda sido una de sus primeras frases al ingresar. Un detalle que, en el universo Gran Hermano, puede convertirse f\u00e1cilmente en foco de conflictos.<\/p>\n<p class=\"ds-markdown-paragraph\">Entre un contrato jugoso, antecedentes pol\u00e9micos y una sensibilidad a flor de piel, Andrea del Boca ya se posiciona como una de las grandes protagonistas de la edici\u00f3n. Su presencia no pasa desapercibida y cada movimiento genera debate.<\/p>\n<p class=\"ds-markdown-paragraph\">La pregunta ahora es inevitable: \u00bfsu figura potenciar\u00e1 el juego o las tensiones externas terminar\u00e1n impactando en su desempe\u00f1o dentro de la casa? En Gran Hermano, todo puede pasar\u2026 y reci\u00e9n empieza.<\/p>\n","protected":false},"excerpt":{"rendered":"<p>\u00c1ngel de Brito revel\u00f3 detalles explosivos sobre el acuerdo que la actriz firm\u00f3 antes de ingresar a la casa m\u00e1s famosa del pa\u00eds. El ingreso de Andrea del Boca a Gran Hermano Generaci\u00f3n Dorada (Telefe) fue, sin dudas, uno de los momentos m\u00e1s impactantes de la temporada. Nadie imaginaba que una de las figuras m\u00e1s &hellip;<\/p>\n","protected":false},"author":9,"featured_media":117335,"comment_status":"open","ping_status":"open","sticky":false,"template":"","format":"standard","meta":{"content-type":"","_monsterinsights_skip_tracking":false,"_monsterinsights_sitenote_active":false,"_monsterinsights_sitenote_note":"","_monsterinsights_sitenote_category":0,"_jetpack_memberships_contains_paid_content":false,"footnotes":"","jetpack_publicize_message":"","jetpack_publicize_feature_enabled":true,"jetpack_social_post_already_shared":true,"jetpack_social_options":{"image_generator_settings":{"template":"highway","default_image_id":0,"font":"","enabled":false},"version":2}},"categories":[159],"tags":[],"class_list":["post-117334","post","type-post","status-publish","format-standard","has-post-thumbnail","hentry","category-espectaculos"],"yoast_head":"<!-- This site is optimized with the Yoast SEO plugin v27.4 - https:\/\/yoast.com\/product\/yoast-seo-wordpress\/ -->\n<title>\u00a1Bombazo! Se filtraron las cl\u00e1usulas secretas del contrato de Andrea del Boca en Gran Hermano | Al Dia Chaco<\/title>\n<meta name=\"robots\" content=\"index, follow, max-snippet:-1, max-image-preview:large, max-video-preview:-1\" \/>\n<link rel=\"canonical\" href=\"https:\/\/aldiachaco.com.ar\/index.php\/2026\/02\/26\/bombazo-se-filtraron-las-clausulas-secretas-del-contrato-de-andrea-del-boca-en-gran-hermano\/\" \/>\n<meta property=\"og:locale\" content=\"es_ES\" \/>\n<meta property=\"og:type\" content=\"article\" \/>\n<meta property=\"og:title\" content=\"\u00a1Bombazo! Se filtraron las cl\u00e1usulas secretas del contrato de Andrea del Boca en Gran Hermano | Al Dia Chaco\" \/>\n<meta property=\"og:description\" content=\"\u00c1ngel de Brito revel\u00f3 detalles explosivos sobre el acuerdo que la actriz firm\u00f3 antes de ingresar a la casa m\u00e1s famosa del pa\u00eds. El ingreso de Andrea del Boca a Gran Hermano Generaci\u00f3n Dorada (Telefe) fue, sin dudas, uno de los momentos m\u00e1s impactantes de la temporada. Nadie imaginaba que una de las figuras m\u00e1s &hellip;\" \/>\n<meta property=\"og:url\" content=\"https:\/\/aldiachaco.com.ar\/index.php\/2026\/02\/26\/bombazo-se-filtraron-las-clausulas-secretas-del-contrato-de-andrea-del-boca-en-gran-hermano\/\" \/>\n<meta property=\"og:site_name\" content=\"Al Dia Chaco\" \/>\n<meta property=\"article:published_time\" content=\"2026-02-26T19:51:26+00:00\" \/>\n<meta property=\"og:image\" content=\"https:\/\/aldiachaco.com.ar\/wp-content\/uploads\/2026\/02\/2602andrea.webp\" \/>\n\t<meta property=\"og:image:width\" content=\"830\" \/>\n\t<meta property=\"og:image:height\" content=\"524\" \/>\n\t<meta property=\"og:image:type\" content=\"image\/webp\" \/>\n<meta name=\"author\" content=\"RedaccionRM\" \/>\n<meta name=\"twitter:card\" content=\"summary_large_image\" \/>\n<meta name=\"twitter:label1\" content=\"Escrito por\" \/>\n\t<meta name=\"twitter:data1\" content=\"RedaccionRM\" \/>\n\t<meta name=\"twitter:label2\" content=\"Tiempo de lectura\" \/>\n\t<meta name=\"twitter:data2\" content=\"3 minutos\" \/>\n<script type=\"application\/ld+json\" class=\"yoast-schema-graph\">{\"@context\":\"https:\\\/\\\/schema.org\",\"@graph\":[{\"@type\":\"Article\",\"@id\":\"https:\\\/\\\/aldiachaco.com.ar\\\/index.php\\\/2026\\\/02\\\/26\\\/bombazo-se-filtraron-las-clausulas-secretas-del-contrato-de-andrea-del-boca-en-gran-hermano\\\/#article\",\"isPartOf\":{\"@id\":\"https:\\\/\\\/aldiachaco.com.ar\\\/index.php\\\/2026\\\/02\\\/26\\\/bombazo-se-filtraron-las-clausulas-secretas-del-contrato-de-andrea-del-boca-en-gran-hermano\\\/\"},\"author\":{\"name\":\"RedaccionRM\",\"@id\":\"https:\\\/\\\/aldiachaco.com.ar\\\/#\\\/schema\\\/person\\\/b24e975af8022082f5889a7a7299e962\"},\"headline\":\"\u00a1Bombazo! Se filtraron las cl\u00e1usulas secretas del contrato de Andrea del Boca en Gran Hermano\",\"datePublished\":\"2026-02-26T19:51:26+00:00\",\"mainEntityOfPage\":{\"@id\":\"https:\\\/\\\/aldiachaco.com.ar\\\/index.php\\\/2026\\\/02\\\/26\\\/bombazo-se-filtraron-las-clausulas-secretas-del-contrato-de-andrea-del-boca-en-gran-hermano\\\/\"},\"wordCount\":541,\"commentCount\":0,\"publisher\":{\"@id\":\"https:\\\/\\\/aldiachaco.com.ar\\\/#organization\"},\"image\":{\"@id\":\"https:\\\/\\\/aldiachaco.com.ar\\\/index.php\\\/2026\\\/02\\\/26\\\/bombazo-se-filtraron-las-clausulas-secretas-del-contrato-de-andrea-del-boca-en-gran-hermano\\\/#primaryimage\"},\"thumbnailUrl\":\"https:\\\/\\\/aldiachaco.com.ar\\\/wp-content\\\/uploads\\\/2026\\\/02\\\/2602andrea.webp\",\"articleSection\":[\"Espect\u00e1culos\"],\"inLanguage\":\"es-AR\",\"potentialAction\":[{\"@type\":\"CommentAction\",\"name\":\"Comment\",\"target\":[\"https:\\\/\\\/aldiachaco.com.ar\\\/index.php\\\/2026\\\/02\\\/26\\\/bombazo-se-filtraron-las-clausulas-secretas-del-contrato-de-andrea-del-boca-en-gran-hermano\\\/#respond\"]}]},{\"@type\":\"WebPage\",\"@id\":\"https:\\\/\\\/aldiachaco.com.ar\\\/index.php\\\/2026\\\/02\\\/26\\\/bombazo-se-filtraron-las-clausulas-secretas-del-contrato-de-andrea-del-boca-en-gran-hermano\\\/\",\"url\":\"https:\\\/\\\/aldiachaco.com.ar\\\/index.php\\\/2026\\\/02\\\/26\\\/bombazo-se-filtraron-las-clausulas-secretas-del-contrato-de-andrea-del-boca-en-gran-hermano\\\/\",\"name\":\"\u00a1Bombazo! Se filtraron las cl\u00e1usulas secretas del contrato de Andrea del Boca en Gran Hermano | Al Dia Chaco\",\"isPartOf\":{\"@id\":\"https:\\\/\\\/aldiachaco.com.ar\\\/#website\"},\"primaryImageOfPage\":{\"@id\":\"https:\\\/\\\/aldiachaco.com.ar\\\/index.php\\\/2026\\\/02\\\/26\\\/bombazo-se-filtraron-las-clausulas-secretas-del-contrato-de-andrea-del-boca-en-gran-hermano\\\/#primaryimage\"},\"image\":{\"@id\":\"https:\\\/\\\/aldiachaco.com.ar\\\/index.php\\\/2026\\\/02\\\/26\\\/bombazo-se-filtraron-las-clausulas-secretas-del-contrato-de-andrea-del-boca-en-gran-hermano\\\/#primaryimage\"},\"thumbnailUrl\":\"https:\\\/\\\/aldiachaco.com.ar\\\/wp-content\\\/uploads\\\/2026\\\/02\\\/2602andrea.webp\",\"datePublished\":\"2026-02-26T19:51:26+00:00\",\"breadcrumb\":{\"@id\":\"https:\\\/\\\/aldiachaco.com.ar\\\/index.php\\\/2026\\\/02\\\/26\\\/bombazo-se-filtraron-las-clausulas-secretas-del-contrato-de-andrea-del-boca-en-gran-hermano\\\/#breadcrumb\"},\"inLanguage\":\"es-AR\",\"potentialAction\":[{\"@type\":\"ReadAction\",\"target\":[\"https:\\\/\\\/aldiachaco.com.ar\\\/index.php\\\/2026\\\/02\\\/26\\\/bombazo-se-filtraron-las-clausulas-secretas-del-contrato-de-andrea-del-boca-en-gran-hermano\\\/\"]}]},{\"@type\":\"ImageObject\",\"inLanguage\":\"es-AR\",\"@id\":\"https:\\\/\\\/aldiachaco.com.ar\\\/index.php\\\/2026\\\/02\\\/26\\\/bombazo-se-filtraron-las-clausulas-secretas-del-contrato-de-andrea-del-boca-en-gran-hermano\\\/#primaryimage\",\"url\":\"https:\\\/\\\/aldiachaco.com.ar\\\/wp-content\\\/uploads\\\/2026\\\/02\\\/2602andrea.webp\",\"contentUrl\":\"https:\\\/\\\/aldiachaco.com.ar\\\/wp-content\\\/uploads\\\/2026\\\/02\\\/2602andrea.webp\",\"width\":830,\"height\":524},{\"@type\":\"BreadcrumbList\",\"@id\":\"https:\\\/\\\/aldiachaco.com.ar\\\/index.php\\\/2026\\\/02\\\/26\\\/bombazo-se-filtraron-las-clausulas-secretas-del-contrato-de-andrea-del-boca-en-gran-hermano\\\/#breadcrumb\",\"itemListElement\":[{\"@type\":\"ListItem\",\"position\":1,\"name\":\"Home\",\"item\":\"https:\\\/\\\/aldiachaco.com.ar\\\/\"},{\"@type\":\"ListItem\",\"position\":2,\"name\":\"\u00a1Bombazo! Se filtraron las cl\u00e1usulas secretas del contrato de Andrea del Boca en Gran Hermano\"}]},{\"@type\":\"WebSite\",\"@id\":\"https:\\\/\\\/aldiachaco.com.ar\\\/#website\",\"url\":\"https:\\\/\\\/aldiachaco.com.ar\\\/\",\"name\":\"Al Dia Chaco\",\"description\":\"Noticias del Chaco y el mundo\",\"publisher\":{\"@id\":\"https:\\\/\\\/aldiachaco.com.ar\\\/#organization\"},\"alternateName\":\"Al D\u00eda Chaco\",\"potentialAction\":[{\"@type\":\"SearchAction\",\"target\":{\"@type\":\"EntryPoint\",\"urlTemplate\":\"https:\\\/\\\/aldiachaco.com.ar\\\/?s={search_term_string}\"},\"query-input\":{\"@type\":\"PropertyValueSpecification\",\"valueRequired\":true,\"valueName\":\"search_term_string\"}}],\"inLanguage\":\"es-AR\"},{\"@type\":\"Organization\",\"@id\":\"https:\\\/\\\/aldiachaco.com.ar\\\/#organization\",\"name\":\"Al Dia Chaco\",\"url\":\"https:\\\/\\\/aldiachaco.com.ar\\\/\",\"logo\":{\"@type\":\"ImageObject\",\"inLanguage\":\"es-AR\",\"@id\":\"https:\\\/\\\/aldiachaco.com.ar\\\/#\\\/schema\\\/logo\\\/image\\\/\",\"url\":\"https:\\\/\\\/aldiachaco.com.ar\\\/wp-content\\\/uploads\\\/2017\\\/11\\\/AL-DIA-CHACO-L@2x.png\",\"contentUrl\":\"https:\\\/\\\/aldiachaco.com.ar\\\/wp-content\\\/uploads\\\/2017\\\/11\\\/AL-DIA-CHACO-L@2x.png\",\"width\":232,\"height\":60,\"caption\":\"Al Dia Chaco\"},\"image\":{\"@id\":\"https:\\\/\\\/aldiachaco.com.ar\\\/#\\\/schema\\\/logo\\\/image\\\/\"}},{\"@type\":\"Person\",\"@id\":\"https:\\\/\\\/aldiachaco.com.ar\\\/#\\\/schema\\\/person\\\/b24e975af8022082f5889a7a7299e962\",\"name\":\"RedaccionRM\",\"image\":{\"@type\":\"ImageObject\",\"inLanguage\":\"es-AR\",\"@id\":\"https:\\\/\\\/aldiachaco.com.ar\\\/wp-content\\\/litespeed\\\/avatar\\\/a30118fcb7a6295303f1c91164c6aba1.jpg?ver=1777339088\",\"url\":\"https:\\\/\\\/aldiachaco.com.ar\\\/wp-content\\\/litespeed\\\/avatar\\\/a30118fcb7a6295303f1c91164c6aba1.jpg?ver=1777339088\",\"contentUrl\":\"https:\\\/\\\/aldiachaco.com.ar\\\/wp-content\\\/litespeed\\\/avatar\\\/a30118fcb7a6295303f1c91164c6aba1.jpg?ver=1777339088\",\"caption\":\"RedaccionRM\"},\"url\":\"https:\\\/\\\/aldiachaco.com.ar\\\/index.php\\\/author\\\/redaccionrm\\\/\"}]}<\/script>\n<!-- \/ Yoast SEO plugin. -->","yoast_head_json":{"title":"\u00a1Bombazo! Se filtraron las cl\u00e1usulas secretas del contrato de Andrea del Boca en Gran Hermano | Al Dia Chaco","robots":{"index":"index","follow":"follow","max-snippet":"max-snippet:-1","max-image-preview":"max-image-preview:large","max-video-preview":"max-video-preview:-1"},"canonical":"https:\/\/aldiachaco.com.ar\/index.php\/2026\/02\/26\/bombazo-se-filtraron-las-clausulas-secretas-del-contrato-de-andrea-del-boca-en-gran-hermano\/","og_locale":"es_ES","og_type":"article","og_title":"\u00a1Bombazo! Se filtraron las cl\u00e1usulas secretas del contrato de Andrea del Boca en Gran Hermano | Al Dia Chaco","og_description":"\u00c1ngel de Brito revel\u00f3 detalles explosivos sobre el acuerdo que la actriz firm\u00f3 antes de ingresar a la casa m\u00e1s famosa del pa\u00eds. El ingreso de Andrea del Boca a Gran Hermano Generaci\u00f3n Dorada (Telefe) fue, sin dudas, uno de los momentos m\u00e1s impactantes de la temporada. Nadie imaginaba que una de las figuras m\u00e1s &hellip;","og_url":"https:\/\/aldiachaco.com.ar\/index.php\/2026\/02\/26\/bombazo-se-filtraron-las-clausulas-secretas-del-contrato-de-andrea-del-boca-en-gran-hermano\/","og_site_name":"Al Dia Chaco","article_published_time":"2026-02-26T19:51:26+00:00","og_image":[{"width":830,"height":524,"url":"https:\/\/aldiachaco.com.ar\/wp-content\/uploads\/2026\/02\/2602andrea.webp","type":"image\/webp"}],"author":"RedaccionRM","twitter_card":"summary_large_image","twitter_misc":{"Escrito por":"RedaccionRM","Tiempo de lectura":"3 minutos"},"schema":{"@context":"https:\/\/schema.org","@graph":[{"@type":"Article","@id":"https:\/\/aldiachaco.com.ar\/index.php\/2026\/02\/26\/bombazo-se-filtraron-las-clausulas-secretas-del-contrato-de-andrea-del-boca-en-gran-hermano\/#article","isPartOf":{"@id":"https:\/\/aldiachaco.com.ar\/index.php\/2026\/02\/26\/bombazo-se-filtraron-las-clausulas-secretas-del-contrato-de-andrea-del-boca-en-gran-hermano\/"},"author":{"name":"RedaccionRM","@id":"https:\/\/aldiachaco.com.ar\/#\/schema\/person\/b24e975af8022082f5889a7a7299e962"},"headline":"\u00a1Bombazo! Se filtraron las cl\u00e1usulas secretas del contrato de Andrea del Boca en Gran Hermano","datePublished":"2026-02-26T19:51:26+00:00","mainEntityOfPage":{"@id":"https:\/\/aldiachaco.com.ar\/index.php\/2026\/02\/26\/bombazo-se-filtraron-las-clausulas-secretas-del-contrato-de-andrea-del-boca-en-gran-hermano\/"},"wordCount":541,"commentCount":0,"publisher":{"@id":"https:\/\/aldiachaco.com.ar\/#organization"},"image":{"@id":"https:\/\/aldiachaco.com.ar\/index.php\/2026\/02\/26\/bombazo-se-filtraron-las-clausulas-secretas-del-contrato-de-andrea-del-boca-en-gran-hermano\/#primaryimage"},"thumbnailUrl":"https:\/\/aldiachaco.com.ar\/wp-content\/uploads\/2026\/02\/2602andrea.webp","articleSection":["Espect\u00e1culos"],"inLanguage":"es-AR","potentialAction":[{"@type":"CommentAction","name":"Comment","target":["https:\/\/aldiachaco.com.ar\/index.php\/2026\/02\/26\/bombazo-se-filtraron-las-clausulas-secretas-del-contrato-de-andrea-del-boca-en-gran-hermano\/#respond"]}]},{"@type":"WebPage","@id":"https:\/\/aldiachaco.com.ar\/index.php\/2026\/02\/26\/bombazo-se-filtraron-las-clausulas-secretas-del-contrato-de-andrea-del-boca-en-gran-hermano\/","url":"https:\/\/aldiachaco.com.ar\/index.php\/2026\/02\/26\/bombazo-se-filtraron-las-clausulas-secretas-del-contrato-de-andrea-del-boca-en-gran-hermano\/","name":"\u00a1Bombazo! Se filtraron las cl\u00e1usulas secretas del contrato de Andrea del Boca en Gran Hermano | Al Dia Chaco","isPartOf":{"@id":"https:\/\/aldiachaco.com.ar\/#website"},"primaryImageOfPage":{"@id":"https:\/\/aldiachaco.com.ar\/index.php\/2026\/02\/26\/bombazo-se-filtraron-las-clausulas-secretas-del-contrato-de-andrea-del-boca-en-gran-hermano\/#primaryimage"},"image":{"@id":"https:\/\/aldiachaco.com.ar\/index.php\/2026\/02\/26\/bombazo-se-filtraron-las-clausulas-secretas-del-contrato-de-andrea-del-boca-en-gran-hermano\/#primaryimage"},"thumbnailUrl":"https:\/\/aldiachaco.com.ar\/wp-content\/uploads\/2026\/02\/2602andrea.webp","datePublished":"2026-02-26T19:51:26+00:00","breadcrumb":{"@id":"https:\/\/aldiachaco.com.ar\/index.php\/2026\/02\/26\/bombazo-se-filtraron-las-clausulas-secretas-del-contrato-de-andrea-del-boca-en-gran-hermano\/#breadcrumb"},"inLanguage":"es-AR","potentialAction":[{"@type":"ReadAction","target":["https:\/\/aldiachaco.com.ar\/index.php\/2026\/02\/26\/bombazo-se-filtraron-las-clausulas-secretas-del-contrato-de-andrea-del-boca-en-gran-hermano\/"]}]},{"@type":"ImageObject","inLanguage":"es-AR","@id":"https:\/\/aldiachaco.com.ar\/index.php\/2026\/02\/26\/bombazo-se-filtraron-las-clausulas-secretas-del-contrato-de-andrea-del-boca-en-gran-hermano\/#primaryimage","url":"https:\/\/aldiachaco.com.ar\/wp-content\/uploads\/2026\/02\/2602andrea.webp","contentUrl":"https:\/\/aldiachaco.com.ar\/wp-content\/uploads\/2026\/02\/2602andrea.webp","width":830,"height":524},{"@type":"BreadcrumbList","@id":"https:\/\/aldiachaco.com.ar\/index.php\/2026\/02\/26\/bombazo-se-filtraron-las-clausulas-secretas-del-contrato-de-andrea-del-boca-en-gran-hermano\/#breadcrumb","itemListElement":[{"@type":"ListItem","position":1,"name":"Home","item":"https:\/\/aldiachaco.com.ar\/"},{"@type":"ListItem","position":2,"name":"\u00a1Bombazo! Se filtraron las cl\u00e1usulas secretas del contrato de Andrea del Boca en Gran Hermano"}]},{"@type":"WebSite","@id":"https:\/\/aldiachaco.com.ar\/#website","url":"https:\/\/aldiachaco.com.ar\/","name":"Al Dia Chaco","description":"Noticias del Chaco y el mundo","publisher":{"@id":"https:\/\/aldiachaco.com.ar\/#organization"},"alternateName":"Al D\u00eda Chaco","potentialAction":[{"@type":"SearchAction","target":{"@type":"EntryPoint","urlTemplate":"https:\/\/aldiachaco.com.ar\/?s={search_term_string}"},"query-input":{"@type":"PropertyValueSpecification","valueRequired":true,"valueName":"search_term_string"}}],"inLanguage":"es-AR"},{"@type":"Organization","@id":"https:\/\/aldiachaco.com.ar\/#organization","name":"Al Dia Chaco","url":"https:\/\/aldiachaco.com.ar\/","logo":{"@type":"ImageObject","inLanguage":"es-AR","@id":"https:\/\/aldiachaco.com.ar\/#\/schema\/logo\/image\/","url":"https:\/\/aldiachaco.com.ar\/wp-content\/uploads\/2017\/11\/AL-DIA-CHACO-L@2x.png","contentUrl":"https:\/\/aldiachaco.com.ar\/wp-content\/uploads\/2017\/11\/AL-DIA-CHACO-L@2x.png","width":232,"height":60,"caption":"Al Dia Chaco"},"image":{"@id":"https:\/\/aldiachaco.com.ar\/#\/schema\/logo\/image\/"}},{"@type":"Person","@id":"https:\/\/aldiachaco.com.ar\/#\/schema\/person\/b24e975af8022082f5889a7a7299e962","name":"RedaccionRM","image":{"@type":"ImageObject","inLanguage":"es-AR","@id":"https:\/\/aldiachaco.com.ar\/wp-content\/litespeed\/avatar\/a30118fcb7a6295303f1c91164c6aba1.jpg?ver=1777339088","url":"https:\/\/aldiachaco.com.ar\/wp-content\/litespeed\/avatar\/a30118fcb7a6295303f1c91164c6aba1.jpg?ver=1777339088","contentUrl":"https:\/\/aldiachaco.com.ar\/wp-content\/litespeed\/avatar\/a30118fcb7a6295303f1c91164c6aba1.jpg?ver=1777339088","caption":"RedaccionRM"},"url":"https:\/\/aldiachaco.com.ar\/index.php\/author\/redaccionrm\/"}]}},"jetpack_publicize_connections":[],"jetpack_featured_media_url":"https:\/\/aldiachaco.com.ar\/wp-content\/uploads\/2026\/02\/2602andrea.webp","jetpack_sharing_enabled":true,"amp_enabled":true,"_links":{"self":[{"href":"https:\/\/aldiachaco.com.ar\/index.php\/wp-json\/wp\/v2\/posts\/117334","targetHints":{"allow":["GET"]}}],"collection":[{"href":"https:\/\/aldiachaco.com.ar\/index.php\/wp-json\/wp\/v2\/posts"}],"about":[{"href":"https:\/\/aldiachaco.com.ar\/index.php\/wp-json\/wp\/v2\/types\/post"}],"author":[{"embeddable":true,"href":"https:\/\/aldiachaco.com.ar\/index.php\/wp-json\/wp\/v2\/users\/9"}],"replies":[{"embeddable":true,"href":"https:\/\/aldiachaco.com.ar\/index.php\/wp-json\/wp\/v2\/comments?post=117334"}],"version-history":[{"count":1,"href":"https:\/\/aldiachaco.com.ar\/index.php\/wp-json\/wp\/v2\/posts\/117334\/revisions"}],"predecessor-version":[{"id":117336,"href":"https:\/\/aldiachaco.com.ar\/index.php\/wp-json\/wp\/v2\/posts\/117334\/revisions\/117336"}],"wp:featuredmedia":[{"embeddable":true,"href":"https:\/\/aldiachaco.com.ar\/index.php\/wp-json\/wp\/v2\/media\/117335"}],"wp:attachment":[{"href":"https:\/\/aldiachaco.com.ar\/index.php\/wp-json\/wp\/v2\/media?parent=117334"}],"wp:term":[{"taxonomy":"category","embeddable":true,"href":"https:\/\/aldiachaco.com.ar\/index.php\/wp-json\/wp\/v2\/categories?post=117334"},{"taxonomy":"post_tag","embeddable":true,"href":"https:\/\/aldiachaco.com.ar\/index.php\/wp-json\/wp\/v2\/tags?post=117334"}],"curies":[{"name":"wp","href":"https:\/\/api.w.org\/{rel}","templated":true}]}}