{"id":117328,"date":"2026-02-26T11:29:29","date_gmt":"2026-02-26T14:29:29","guid":{"rendered":"https:\/\/aldiachaco.com.ar\/?p=117328"},"modified":"2026-02-26T11:29:29","modified_gmt":"2026-02-26T14:29:29","slug":"escandalo-mundial-renuncio-borge-brende-el-jefe-del-foro-de-davos-por-sus-vinculos-con-jeffrey-epstein","status":"publish","type":"post","link":"https:\/\/aldiachaco.com.ar\/index.php\/2026\/02\/26\/escandalo-mundial-renuncio-borge-brende-el-jefe-del-foro-de-davos-por-sus-vinculos-con-jeffrey-epstein\/","title":{"rendered":"Esc\u00e1ndalo mundial: renunci\u00f3 Borge Brende, el jefe del Foro de Davos, por sus v\u00ednculos con Jeffrey Epstein"},"content":{"rendered":"<p class=\"ds-markdown-paragraph\">El presidente y director ejecutivo del Foro Econ\u00f3mico Mundial (Foro de Davos), Borge Brende, anunci\u00f3 este jueves su renuncia tras revelarse documentos que demostraron sus v\u00ednculos profesionales con el fallecido financiero y delincuente sexual Jeffrey Epstein. La salida se produce en medio de una profunda controversia y una investigaci\u00f3n independiente sobre esos contactos.<\/p>\n<p class=\"ds-markdown-paragraph\"><strong>Los v\u00ednculos con Epstein<\/strong><\/p>\n<p class=\"ds-markdown-paragraph\">Seg\u00fan archivos publicados recientemente por el Departamento de Justicia de Estados Unidos, Brende mantuvo al menos tres cenas de negocios con Epstein entre 2018 y 2019, adem\u00e1s de intercambiar correos electr\u00f3nicos y mensajes de texto con \u00e9l\u00a0. En los documentos consta que el noruego discuti\u00f3 con Epstein la posibilidad de que el Foro Econ\u00f3mico Mundial se convirtiera en &#8220;una alternativa a la ONU&#8221;\u00a0.<\/p>\n<p class=\"ds-markdown-paragraph\">Brende, que asumi\u00f3 la presidencia del Foro en 2017, declar\u00f3 tras conocerse los hechos que desconoc\u00eda &#8220;por completo el pasado y las actividades delictivas de Epstein&#8221; y ofreci\u00f3 disculpas p\u00fablicas por su vinculaci\u00f3n\u00a0. Sin embargo, la magnitud del esc\u00e1ndalo llev\u00f3 a la junta directiva a encargar una investigaci\u00f3n independiente\u00a0.<\/p>\n<p class=\"ds-markdown-paragraph\"><strong>La investigaci\u00f3n y la renuncia<\/strong><\/p>\n<p class=\"ds-markdown-paragraph\">La pesquisa, realizada por asesores externos, concluy\u00f3 que no hab\u00eda &#8220;preocupaciones adicionales m\u00e1s all\u00e1 de lo que ya se hab\u00eda divulgado previamente&#8221;\u00a0. No obstante, la presi\u00f3n medi\u00e1tica y la necesidad de preservar la reputaci\u00f3n institucional precipitaron la dimisi\u00f3n del presidente.<\/p>\n<p class=\"ds-markdown-paragraph\">En su comunicado de despedida, Brende se\u00f1al\u00f3: &#8220;Tras una cuidadosa reflexi\u00f3n, he decidido dimitir como presidente y director ejecutivo del Foro Econ\u00f3mico Mundial. Mi etapa aqu\u00ed, de 8 a\u00f1os y medio, ha sido profundamente gratificante. Creo que ahora es el momento adecuado para que el Foro contin\u00fae su importante labor sin distracciones&#8221;\u00a0. En su declaraci\u00f3n no mencion\u00f3 expl\u00edcitamente a Epstein\u00a0.<\/p>\n<p class=\"ds-markdown-paragraph\"><strong>Transici\u00f3n en la c\u00fapula de Davos<\/strong><\/p>\n<p class=\"ds-markdown-paragraph\">Los copresidentes del Foro, Andr\u00e9 Hoffmann y Larry Fink (presidente de BlackRock), informaron que el miembro de la junta directiva Alois Zwinggi fue designado como presidente y CEO interino\u00a0. El Consejo de Administraci\u00f3n supervisar\u00e1 la transici\u00f3n del liderazgo y coordinar\u00e1 el proceso para identificar un sucesor permanente\u00a0.<\/p>\n<p class=\"ds-markdown-paragraph\"><strong>Un esc\u00e1ndalo que no perdona<\/strong><\/p>\n<p class=\"ds-markdown-paragraph\">La dimisi\u00f3n de Brende se suma a la lista de figuras internacionales vinculadas a Epstein tras la liberaci\u00f3n de nuevos archivos por parte del Departamento de Justicia estadounidense\u00a0. Entre ellos, el pr\u00edncipe brit\u00e1nico Andr\u00e9s, hermano del rey Carlos III; el exembajador brit\u00e1nico en Estados Unidos Peter Mandelson; o el cofundador de Microsoft, Bill Gates, quien recientemente pidi\u00f3 disculpas tras difundirse im\u00e1genes de reuniones con Epstein\u00a0.<\/p>\n<p class=\"ds-markdown-paragraph\">En Noruega, las revelaciones han causado conmoci\u00f3n p\u00fablica, afectando tambi\u00e9n al exprimer ministro Thorbj\u00f8rn Jagland, al diplom\u00e1tico Terje R\u00f8d-Larsen y a la princesa heredera Mette-Marit\u00a0. El exministro de Asuntos Exteriores noruego deja el cargo en medio de una renovada atenci\u00f3n p\u00fablica sobre las redes de contactos que mantuvo Epstein con dirigentes pol\u00edticos y empresariales de distintos pa\u00edses\u00a0.<\/p>\n","protected":false},"excerpt":{"rendered":"<p>El presidente y director ejecutivo del Foro Econ\u00f3mico Mundial (Foro de Davos), Borge Brende, anunci\u00f3 este jueves su renuncia tras revelarse documentos que demostraron sus v\u00ednculos profesionales con el fallecido financiero y delincuente sexual Jeffrey Epstein. La salida se produce en medio de una profunda controversia y una investigaci\u00f3n independiente sobre esos contactos. Los v\u00ednculos &hellip;<\/p>\n","protected":false},"author":9,"featured_media":117329,"comment_status":"open","ping_status":"open","sticky":false,"template":"","format":"standard","meta":{"content-type":"","_monsterinsights_skip_tracking":false,"_monsterinsights_sitenote_active":false,"_monsterinsights_sitenote_note":"","_monsterinsights_sitenote_category":0,"_jetpack_memberships_contains_paid_content":false,"footnotes":"","jetpack_publicize_message":"","jetpack_publicize_feature_enabled":true,"jetpack_social_post_already_shared":true,"jetpack_social_options":{"image_generator_settings":{"template":"highway","default_image_id":0,"font":"","enabled":false},"version":2}},"categories":[271],"tags":[],"class_list":["post-117328","post","type-post","status-publish","format-standard","has-post-thumbnail","hentry","category-mundo"],"yoast_head":"<!-- This site is optimized with the Yoast SEO plugin v27.4 - https:\/\/yoast.com\/product\/yoast-seo-wordpress\/ -->\n<title>Esc\u00e1ndalo mundial: renunci\u00f3 Borge Brende, el jefe del Foro de Davos, por sus v\u00ednculos con Jeffrey Epstein | Al Dia Chaco<\/title>\n<meta name=\"robots\" content=\"index, follow, max-snippet:-1, max-image-preview:large, max-video-preview:-1\" \/>\n<link rel=\"canonical\" href=\"https:\/\/aldiachaco.com.ar\/index.php\/2026\/02\/26\/escandalo-mundial-renuncio-borge-brende-el-jefe-del-foro-de-davos-por-sus-vinculos-con-jeffrey-epstein\/\" \/>\n<meta property=\"og:locale\" content=\"es_ES\" \/>\n<meta property=\"og:type\" content=\"article\" \/>\n<meta property=\"og:title\" content=\"Esc\u00e1ndalo mundial: renunci\u00f3 Borge Brende, el jefe del Foro de Davos, por sus v\u00ednculos con Jeffrey Epstein | Al Dia Chaco\" \/>\n<meta property=\"og:description\" content=\"El presidente y director ejecutivo del Foro Econ\u00f3mico Mundial (Foro de Davos), Borge Brende, anunci\u00f3 este jueves su renuncia tras revelarse documentos que demostraron sus v\u00ednculos profesionales con el fallecido financiero y delincuente sexual Jeffrey Epstein. La salida se produce en medio de una profunda controversia y una investigaci\u00f3n independiente sobre esos contactos. Los v\u00ednculos &hellip;\" \/>\n<meta property=\"og:url\" content=\"https:\/\/aldiachaco.com.ar\/index.php\/2026\/02\/26\/escandalo-mundial-renuncio-borge-brende-el-jefe-del-foro-de-davos-por-sus-vinculos-con-jeffrey-epstein\/\" \/>\n<meta property=\"og:site_name\" content=\"Al Dia Chaco\" \/>\n<meta property=\"article:published_time\" content=\"2026-02-26T14:29:29+00:00\" \/>\n<meta property=\"og:image\" content=\"https:\/\/aldiachaco.com.ar\/wp-content\/uploads\/2026\/02\/2602mundia.webp\" \/>\n\t<meta property=\"og:image:width\" content=\"655\" \/>\n\t<meta property=\"og:image:height\" content=\"368\" \/>\n\t<meta property=\"og:image:type\" content=\"image\/webp\" \/>\n<meta name=\"author\" content=\"RedaccionRM\" \/>\n<meta name=\"twitter:card\" content=\"summary_large_image\" \/>\n<meta name=\"twitter:label1\" content=\"Escrito por\" \/>\n\t<meta name=\"twitter:data1\" content=\"RedaccionRM\" \/>\n\t<meta name=\"twitter:label2\" content=\"Tiempo de lectura\" \/>\n\t<meta name=\"twitter:data2\" content=\"3 minutos\" \/>\n<script type=\"application\/ld+json\" class=\"yoast-schema-graph\">{\"@context\":\"https:\\\/\\\/schema.org\",\"@graph\":[{\"@type\":\"Article\",\"@id\":\"https:\\\/\\\/aldiachaco.com.ar\\\/index.php\\\/2026\\\/02\\\/26\\\/escandalo-mundial-renuncio-borge-brende-el-jefe-del-foro-de-davos-por-sus-vinculos-con-jeffrey-epstein\\\/#article\",\"isPartOf\":{\"@id\":\"https:\\\/\\\/aldiachaco.com.ar\\\/index.php\\\/2026\\\/02\\\/26\\\/escandalo-mundial-renuncio-borge-brende-el-jefe-del-foro-de-davos-por-sus-vinculos-con-jeffrey-epstein\\\/\"},\"author\":{\"name\":\"RedaccionRM\",\"@id\":\"https:\\\/\\\/aldiachaco.com.ar\\\/#\\\/schema\\\/person\\\/b24e975af8022082f5889a7a7299e962\"},\"headline\":\"Esc\u00e1ndalo mundial: renunci\u00f3 Borge Brende, el jefe del Foro de Davos, por sus v\u00ednculos con Jeffrey Epstein\",\"datePublished\":\"2026-02-26T14:29:29+00:00\",\"mainEntityOfPage\":{\"@id\":\"https:\\\/\\\/aldiachaco.com.ar\\\/index.php\\\/2026\\\/02\\\/26\\\/escandalo-mundial-renuncio-borge-brende-el-jefe-del-foro-de-davos-por-sus-vinculos-con-jeffrey-epstein\\\/\"},\"wordCount\":519,\"commentCount\":0,\"publisher\":{\"@id\":\"https:\\\/\\\/aldiachaco.com.ar\\\/#organization\"},\"image\":{\"@id\":\"https:\\\/\\\/aldiachaco.com.ar\\\/index.php\\\/2026\\\/02\\\/26\\\/escandalo-mundial-renuncio-borge-brende-el-jefe-del-foro-de-davos-por-sus-vinculos-con-jeffrey-epstein\\\/#primaryimage\"},\"thumbnailUrl\":\"https:\\\/\\\/aldiachaco.com.ar\\\/wp-content\\\/uploads\\\/2026\\\/02\\\/2602mundia.webp\",\"articleSection\":[\"Mundo\"],\"inLanguage\":\"es-AR\",\"potentialAction\":[{\"@type\":\"CommentAction\",\"name\":\"Comment\",\"target\":[\"https:\\\/\\\/aldiachaco.com.ar\\\/index.php\\\/2026\\\/02\\\/26\\\/escandalo-mundial-renuncio-borge-brende-el-jefe-del-foro-de-davos-por-sus-vinculos-con-jeffrey-epstein\\\/#respond\"]}]},{\"@type\":\"WebPage\",\"@id\":\"https:\\\/\\\/aldiachaco.com.ar\\\/index.php\\\/2026\\\/02\\\/26\\\/escandalo-mundial-renuncio-borge-brende-el-jefe-del-foro-de-davos-por-sus-vinculos-con-jeffrey-epstein\\\/\",\"url\":\"https:\\\/\\\/aldiachaco.com.ar\\\/index.php\\\/2026\\\/02\\\/26\\\/escandalo-mundial-renuncio-borge-brende-el-jefe-del-foro-de-davos-por-sus-vinculos-con-jeffrey-epstein\\\/\",\"name\":\"Esc\u00e1ndalo mundial: renunci\u00f3 Borge Brende, el jefe del Foro de Davos, por sus v\u00ednculos con Jeffrey Epstein | Al Dia Chaco\",\"isPartOf\":{\"@id\":\"https:\\\/\\\/aldiachaco.com.ar\\\/#website\"},\"primaryImageOfPage\":{\"@id\":\"https:\\\/\\\/aldiachaco.com.ar\\\/index.php\\\/2026\\\/02\\\/26\\\/escandalo-mundial-renuncio-borge-brende-el-jefe-del-foro-de-davos-por-sus-vinculos-con-jeffrey-epstein\\\/#primaryimage\"},\"image\":{\"@id\":\"https:\\\/\\\/aldiachaco.com.ar\\\/index.php\\\/2026\\\/02\\\/26\\\/escandalo-mundial-renuncio-borge-brende-el-jefe-del-foro-de-davos-por-sus-vinculos-con-jeffrey-epstein\\\/#primaryimage\"},\"thumbnailUrl\":\"https:\\\/\\\/aldiachaco.com.ar\\\/wp-content\\\/uploads\\\/2026\\\/02\\\/2602mundia.webp\",\"datePublished\":\"2026-02-26T14:29:29+00:00\",\"breadcrumb\":{\"@id\":\"https:\\\/\\\/aldiachaco.com.ar\\\/index.php\\\/2026\\\/02\\\/26\\\/escandalo-mundial-renuncio-borge-brende-el-jefe-del-foro-de-davos-por-sus-vinculos-con-jeffrey-epstein\\\/#breadcrumb\"},\"inLanguage\":\"es-AR\",\"potentialAction\":[{\"@type\":\"ReadAction\",\"target\":[\"https:\\\/\\\/aldiachaco.com.ar\\\/index.php\\\/2026\\\/02\\\/26\\\/escandalo-mundial-renuncio-borge-brende-el-jefe-del-foro-de-davos-por-sus-vinculos-con-jeffrey-epstein\\\/\"]}]},{\"@type\":\"ImageObject\",\"inLanguage\":\"es-AR\",\"@id\":\"https:\\\/\\\/aldiachaco.com.ar\\\/index.php\\\/2026\\\/02\\\/26\\\/escandalo-mundial-renuncio-borge-brende-el-jefe-del-foro-de-davos-por-sus-vinculos-con-jeffrey-epstein\\\/#primaryimage\",\"url\":\"https:\\\/\\\/aldiachaco.com.ar\\\/wp-content\\\/uploads\\\/2026\\\/02\\\/2602mundia.webp\",\"contentUrl\":\"https:\\\/\\\/aldiachaco.com.ar\\\/wp-content\\\/uploads\\\/2026\\\/02\\\/2602mundia.webp\",\"width\":655,\"height\":368},{\"@type\":\"BreadcrumbList\",\"@id\":\"https:\\\/\\\/aldiachaco.com.ar\\\/index.php\\\/2026\\\/02\\\/26\\\/escandalo-mundial-renuncio-borge-brende-el-jefe-del-foro-de-davos-por-sus-vinculos-con-jeffrey-epstein\\\/#breadcrumb\",\"itemListElement\":[{\"@type\":\"ListItem\",\"position\":1,\"name\":\"Home\",\"item\":\"https:\\\/\\\/aldiachaco.com.ar\\\/\"},{\"@type\":\"ListItem\",\"position\":2,\"name\":\"Esc\u00e1ndalo mundial: renunci\u00f3 Borge Brende, el jefe del Foro de Davos, por sus v\u00ednculos con Jeffrey Epstein\"}]},{\"@type\":\"WebSite\",\"@id\":\"https:\\\/\\\/aldiachaco.com.ar\\\/#website\",\"url\":\"https:\\\/\\\/aldiachaco.com.ar\\\/\",\"name\":\"Al Dia Chaco\",\"description\":\"Noticias del Chaco y el mundo\",\"publisher\":{\"@id\":\"https:\\\/\\\/aldiachaco.com.ar\\\/#organization\"},\"alternateName\":\"Al D\u00eda Chaco\",\"potentialAction\":[{\"@type\":\"SearchAction\",\"target\":{\"@type\":\"EntryPoint\",\"urlTemplate\":\"https:\\\/\\\/aldiachaco.com.ar\\\/?s={search_term_string}\"},\"query-input\":{\"@type\":\"PropertyValueSpecification\",\"valueRequired\":true,\"valueName\":\"search_term_string\"}}],\"inLanguage\":\"es-AR\"},{\"@type\":\"Organization\",\"@id\":\"https:\\\/\\\/aldiachaco.com.ar\\\/#organization\",\"name\":\"Al Dia Chaco\",\"url\":\"https:\\\/\\\/aldiachaco.com.ar\\\/\",\"logo\":{\"@type\":\"ImageObject\",\"inLanguage\":\"es-AR\",\"@id\":\"https:\\\/\\\/aldiachaco.com.ar\\\/#\\\/schema\\\/logo\\\/image\\\/\",\"url\":\"https:\\\/\\\/aldiachaco.com.ar\\\/wp-content\\\/uploads\\\/2017\\\/11\\\/AL-DIA-CHACO-L@2x.png\",\"contentUrl\":\"https:\\\/\\\/aldiachaco.com.ar\\\/wp-content\\\/uploads\\\/2017\\\/11\\\/AL-DIA-CHACO-L@2x.png\",\"width\":232,\"height\":60,\"caption\":\"Al Dia Chaco\"},\"image\":{\"@id\":\"https:\\\/\\\/aldiachaco.com.ar\\\/#\\\/schema\\\/logo\\\/image\\\/\"}},{\"@type\":\"Person\",\"@id\":\"https:\\\/\\\/aldiachaco.com.ar\\\/#\\\/schema\\\/person\\\/b24e975af8022082f5889a7a7299e962\",\"name\":\"RedaccionRM\",\"image\":{\"@type\":\"ImageObject\",\"inLanguage\":\"es-AR\",\"@id\":\"https:\\\/\\\/aldiachaco.com.ar\\\/wp-content\\\/litespeed\\\/avatar\\\/a30118fcb7a6295303f1c91164c6aba1.jpg?ver=1777339088\",\"url\":\"https:\\\/\\\/aldiachaco.com.ar\\\/wp-content\\\/litespeed\\\/avatar\\\/a30118fcb7a6295303f1c91164c6aba1.jpg?ver=1777339088\",\"contentUrl\":\"https:\\\/\\\/aldiachaco.com.ar\\\/wp-content\\\/litespeed\\\/avatar\\\/a30118fcb7a6295303f1c91164c6aba1.jpg?ver=1777339088\",\"caption\":\"RedaccionRM\"},\"url\":\"https:\\\/\\\/aldiachaco.com.ar\\\/index.php\\\/author\\\/redaccionrm\\\/\"}]}<\/script>\n<!-- \/ Yoast SEO plugin. -->","yoast_head_json":{"title":"Esc\u00e1ndalo mundial: renunci\u00f3 Borge Brende, el jefe del Foro de Davos, por sus v\u00ednculos con Jeffrey Epstein | Al Dia Chaco","robots":{"index":"index","follow":"follow","max-snippet":"max-snippet:-1","max-image-preview":"max-image-preview:large","max-video-preview":"max-video-preview:-1"},"canonical":"https:\/\/aldiachaco.com.ar\/index.php\/2026\/02\/26\/escandalo-mundial-renuncio-borge-brende-el-jefe-del-foro-de-davos-por-sus-vinculos-con-jeffrey-epstein\/","og_locale":"es_ES","og_type":"article","og_title":"Esc\u00e1ndalo mundial: renunci\u00f3 Borge Brende, el jefe del Foro de Davos, por sus v\u00ednculos con Jeffrey Epstein | Al Dia Chaco","og_description":"El presidente y director ejecutivo del Foro Econ\u00f3mico Mundial (Foro de Davos), Borge Brende, anunci\u00f3 este jueves su renuncia tras revelarse documentos que demostraron sus v\u00ednculos profesionales con el fallecido financiero y delincuente sexual Jeffrey Epstein. La salida se produce en medio de una profunda controversia y una investigaci\u00f3n independiente sobre esos contactos. Los v\u00ednculos &hellip;","og_url":"https:\/\/aldiachaco.com.ar\/index.php\/2026\/02\/26\/escandalo-mundial-renuncio-borge-brende-el-jefe-del-foro-de-davos-por-sus-vinculos-con-jeffrey-epstein\/","og_site_name":"Al Dia Chaco","article_published_time":"2026-02-26T14:29:29+00:00","og_image":[{"width":655,"height":368,"url":"https:\/\/aldiachaco.com.ar\/wp-content\/uploads\/2026\/02\/2602mundia.webp","type":"image\/webp"}],"author":"RedaccionRM","twitter_card":"summary_large_image","twitter_misc":{"Escrito por":"RedaccionRM","Tiempo de lectura":"3 minutos"},"schema":{"@context":"https:\/\/schema.org","@graph":[{"@type":"Article","@id":"https:\/\/aldiachaco.com.ar\/index.php\/2026\/02\/26\/escandalo-mundial-renuncio-borge-brende-el-jefe-del-foro-de-davos-por-sus-vinculos-con-jeffrey-epstein\/#article","isPartOf":{"@id":"https:\/\/aldiachaco.com.ar\/index.php\/2026\/02\/26\/escandalo-mundial-renuncio-borge-brende-el-jefe-del-foro-de-davos-por-sus-vinculos-con-jeffrey-epstein\/"},"author":{"name":"RedaccionRM","@id":"https:\/\/aldiachaco.com.ar\/#\/schema\/person\/b24e975af8022082f5889a7a7299e962"},"headline":"Esc\u00e1ndalo mundial: renunci\u00f3 Borge Brende, el jefe del Foro de Davos, por sus v\u00ednculos con Jeffrey Epstein","datePublished":"2026-02-26T14:29:29+00:00","mainEntityOfPage":{"@id":"https:\/\/aldiachaco.com.ar\/index.php\/2026\/02\/26\/escandalo-mundial-renuncio-borge-brende-el-jefe-del-foro-de-davos-por-sus-vinculos-con-jeffrey-epstein\/"},"wordCount":519,"commentCount":0,"publisher":{"@id":"https:\/\/aldiachaco.com.ar\/#organization"},"image":{"@id":"https:\/\/aldiachaco.com.ar\/index.php\/2026\/02\/26\/escandalo-mundial-renuncio-borge-brende-el-jefe-del-foro-de-davos-por-sus-vinculos-con-jeffrey-epstein\/#primaryimage"},"thumbnailUrl":"https:\/\/aldiachaco.com.ar\/wp-content\/uploads\/2026\/02\/2602mundia.webp","articleSection":["Mundo"],"inLanguage":"es-AR","potentialAction":[{"@type":"CommentAction","name":"Comment","target":["https:\/\/aldiachaco.com.ar\/index.php\/2026\/02\/26\/escandalo-mundial-renuncio-borge-brende-el-jefe-del-foro-de-davos-por-sus-vinculos-con-jeffrey-epstein\/#respond"]}]},{"@type":"WebPage","@id":"https:\/\/aldiachaco.com.ar\/index.php\/2026\/02\/26\/escandalo-mundial-renuncio-borge-brende-el-jefe-del-foro-de-davos-por-sus-vinculos-con-jeffrey-epstein\/","url":"https:\/\/aldiachaco.com.ar\/index.php\/2026\/02\/26\/escandalo-mundial-renuncio-borge-brende-el-jefe-del-foro-de-davos-por-sus-vinculos-con-jeffrey-epstein\/","name":"Esc\u00e1ndalo mundial: renunci\u00f3 Borge Brende, el jefe del Foro de Davos, por sus v\u00ednculos con Jeffrey Epstein | Al Dia Chaco","isPartOf":{"@id":"https:\/\/aldiachaco.com.ar\/#website"},"primaryImageOfPage":{"@id":"https:\/\/aldiachaco.com.ar\/index.php\/2026\/02\/26\/escandalo-mundial-renuncio-borge-brende-el-jefe-del-foro-de-davos-por-sus-vinculos-con-jeffrey-epstein\/#primaryimage"},"image":{"@id":"https:\/\/aldiachaco.com.ar\/index.php\/2026\/02\/26\/escandalo-mundial-renuncio-borge-brende-el-jefe-del-foro-de-davos-por-sus-vinculos-con-jeffrey-epstein\/#primaryimage"},"thumbnailUrl":"https:\/\/aldiachaco.com.ar\/wp-content\/uploads\/2026\/02\/2602mundia.webp","datePublished":"2026-02-26T14:29:29+00:00","breadcrumb":{"@id":"https:\/\/aldiachaco.com.ar\/index.php\/2026\/02\/26\/escandalo-mundial-renuncio-borge-brende-el-jefe-del-foro-de-davos-por-sus-vinculos-con-jeffrey-epstein\/#breadcrumb"},"inLanguage":"es-AR","potentialAction":[{"@type":"ReadAction","target":["https:\/\/aldiachaco.com.ar\/index.php\/2026\/02\/26\/escandalo-mundial-renuncio-borge-brende-el-jefe-del-foro-de-davos-por-sus-vinculos-con-jeffrey-epstein\/"]}]},{"@type":"ImageObject","inLanguage":"es-AR","@id":"https:\/\/aldiachaco.com.ar\/index.php\/2026\/02\/26\/escandalo-mundial-renuncio-borge-brende-el-jefe-del-foro-de-davos-por-sus-vinculos-con-jeffrey-epstein\/#primaryimage","url":"https:\/\/aldiachaco.com.ar\/wp-content\/uploads\/2026\/02\/2602mundia.webp","contentUrl":"https:\/\/aldiachaco.com.ar\/wp-content\/uploads\/2026\/02\/2602mundia.webp","width":655,"height":368},{"@type":"BreadcrumbList","@id":"https:\/\/aldiachaco.com.ar\/index.php\/2026\/02\/26\/escandalo-mundial-renuncio-borge-brende-el-jefe-del-foro-de-davos-por-sus-vinculos-con-jeffrey-epstein\/#breadcrumb","itemListElement":[{"@type":"ListItem","position":1,"name":"Home","item":"https:\/\/aldiachaco.com.ar\/"},{"@type":"ListItem","position":2,"name":"Esc\u00e1ndalo mundial: renunci\u00f3 Borge Brende, el jefe del Foro de Davos, por sus v\u00ednculos con Jeffrey Epstein"}]},{"@type":"WebSite","@id":"https:\/\/aldiachaco.com.ar\/#website","url":"https:\/\/aldiachaco.com.ar\/","name":"Al Dia Chaco","description":"Noticias del Chaco y el mundo","publisher":{"@id":"https:\/\/aldiachaco.com.ar\/#organization"},"alternateName":"Al D\u00eda Chaco","potentialAction":[{"@type":"SearchAction","target":{"@type":"EntryPoint","urlTemplate":"https:\/\/aldiachaco.com.ar\/?s={search_term_string}"},"query-input":{"@type":"PropertyValueSpecification","valueRequired":true,"valueName":"search_term_string"}}],"inLanguage":"es-AR"},{"@type":"Organization","@id":"https:\/\/aldiachaco.com.ar\/#organization","name":"Al Dia Chaco","url":"https:\/\/aldiachaco.com.ar\/","logo":{"@type":"ImageObject","inLanguage":"es-AR","@id":"https:\/\/aldiachaco.com.ar\/#\/schema\/logo\/image\/","url":"https:\/\/aldiachaco.com.ar\/wp-content\/uploads\/2017\/11\/AL-DIA-CHACO-L@2x.png","contentUrl":"https:\/\/aldiachaco.com.ar\/wp-content\/uploads\/2017\/11\/AL-DIA-CHACO-L@2x.png","width":232,"height":60,"caption":"Al Dia Chaco"},"image":{"@id":"https:\/\/aldiachaco.com.ar\/#\/schema\/logo\/image\/"}},{"@type":"Person","@id":"https:\/\/aldiachaco.com.ar\/#\/schema\/person\/b24e975af8022082f5889a7a7299e962","name":"RedaccionRM","image":{"@type":"ImageObject","inLanguage":"es-AR","@id":"https:\/\/aldiachaco.com.ar\/wp-content\/litespeed\/avatar\/a30118fcb7a6295303f1c91164c6aba1.jpg?ver=1777339088","url":"https:\/\/aldiachaco.com.ar\/wp-content\/litespeed\/avatar\/a30118fcb7a6295303f1c91164c6aba1.jpg?ver=1777339088","contentUrl":"https:\/\/aldiachaco.com.ar\/wp-content\/litespeed\/avatar\/a30118fcb7a6295303f1c91164c6aba1.jpg?ver=1777339088","caption":"RedaccionRM"},"url":"https:\/\/aldiachaco.com.ar\/index.php\/author\/redaccionrm\/"}]}},"jetpack_publicize_connections":[],"jetpack_featured_media_url":"https:\/\/aldiachaco.com.ar\/wp-content\/uploads\/2026\/02\/2602mundia.webp","jetpack_sharing_enabled":true,"amp_enabled":true,"_links":{"self":[{"href":"https:\/\/aldiachaco.com.ar\/index.php\/wp-json\/wp\/v2\/posts\/117328","targetHints":{"allow":["GET"]}}],"collection":[{"href":"https:\/\/aldiachaco.com.ar\/index.php\/wp-json\/wp\/v2\/posts"}],"about":[{"href":"https:\/\/aldiachaco.com.ar\/index.php\/wp-json\/wp\/v2\/types\/post"}],"author":[{"embeddable":true,"href":"https:\/\/aldiachaco.com.ar\/index.php\/wp-json\/wp\/v2\/users\/9"}],"replies":[{"embeddable":true,"href":"https:\/\/aldiachaco.com.ar\/index.php\/wp-json\/wp\/v2\/comments?post=117328"}],"version-history":[{"count":1,"href":"https:\/\/aldiachaco.com.ar\/index.php\/wp-json\/wp\/v2\/posts\/117328\/revisions"}],"predecessor-version":[{"id":117330,"href":"https:\/\/aldiachaco.com.ar\/index.php\/wp-json\/wp\/v2\/posts\/117328\/revisions\/117330"}],"wp:featuredmedia":[{"embeddable":true,"href":"https:\/\/aldiachaco.com.ar\/index.php\/wp-json\/wp\/v2\/media\/117329"}],"wp:attachment":[{"href":"https:\/\/aldiachaco.com.ar\/index.php\/wp-json\/wp\/v2\/media?parent=117328"}],"wp:term":[{"taxonomy":"category","embeddable":true,"href":"https:\/\/aldiachaco.com.ar\/index.php\/wp-json\/wp\/v2\/categories?post=117328"},{"taxonomy":"post_tag","embeddable":true,"href":"https:\/\/aldiachaco.com.ar\/index.php\/wp-json\/wp\/v2\/tags?post=117328"}],"curies":[{"name":"wp","href":"https:\/\/api.w.org\/{rel}","templated":true}]}}