{"id":117325,"date":"2026-02-26T10:20:19","date_gmt":"2026-02-26T13:20:19","guid":{"rendered":"https:\/\/aldiachaco.com.ar\/?p=117325"},"modified":"2026-02-26T10:20:19","modified_gmt":"2026-02-26T13:20:19","slug":"el-chacho-coudet-rompio-el-silencio-sobre-el-interes-de-river-y-desmintio-el-contacto-oficial","status":"publish","type":"post","link":"https:\/\/aldiachaco.com.ar\/index.php\/2026\/02\/26\/el-chacho-coudet-rompio-el-silencio-sobre-el-interes-de-river-y-desmintio-el-contacto-oficial\/","title":{"rendered":"&#8220;El Chacho&#8221; Coudet rompi\u00f3 el silencio sobre el inter\u00e9s de River y desminti\u00f3 el contacto oficial"},"content":{"rendered":"<p class=\"ds-markdown-paragraph\">Eduardo &#8220;Chacho&#8221; Coudet, entrenador del Deportivo Alav\u00e9s de Espa\u00f1a y principal candidato para suceder a Marcelo Gallardo en River Plate, habl\u00f3 por primera vez sobre el inter\u00e9s del club de N\u00fa\u00f1ez en la previa del partido de ma\u00f1ana ante Levante por LaLiga. Con contundencia, desminti\u00f3 que haya existido contacto directo con la dirigencia millonaria.<\/p>\n<p class=\"ds-markdown-paragraph\">&#8220;Tengo 4 hijos y puedo jurar por ellos que nadie de River Plate se puso en contacto conmigo. El hubiera o hubiese no existe en el f\u00fatbol. Para m\u00ed ha sido una semana normal&#8221;, declar\u00f3 en conferencia de prensa, despejando las versiones que daban por cerrada su llegada al conjunto argentino.<\/p>\n<p class=\"ds-markdown-paragraph\"><strong>La novela del sucesor de Gallardo<\/strong><\/p>\n<p class=\"ds-markdown-paragraph\">La renuncia de Marcelo Gallardo, anunciada el lunes tras la derrota ante Banfield y con el equipo en la d\u00e9cima posici\u00f3n del Grupo B, desat\u00f3 una b\u00fasqueda fren\u00e9tica de reemplazante. En las \u00faltimas horas, el entorno del &#8220;Chacho&#8221; hab\u00eda dado se\u00f1ales de que el t\u00e9cnico estaba dispuesto a cumplir su sue\u00f1o de dirigir al Millonario, y se hablaba de un acuerdo de palabra a trav\u00e9s de su representante, Christian Bragarnik .<\/p>\n<p class=\"ds-markdown-paragraph\">Sin embargo, las declaraciones de Coudet siembran dudas sobre el estado real de las negociaciones. Resta saber si se trat\u00f3 de un malentendido o si el Alav\u00e9s logr\u00f3 retenerlo en su lucha por la permanencia en LaLiga (est\u00e1 tres puntos por encima del descenso) .<\/p>\n<p class=\"ds-markdown-paragraph\">Por ahora, el &#8220;Chacho&#8221; sigue enfocado en su equipo, y River deber\u00e1 definir si contin\u00faa con las gestiones o si busca otras alternativas para el banco de suplentes.<\/p>\n","protected":false},"excerpt":{"rendered":"<p>Eduardo &#8220;Chacho&#8221; Coudet, entrenador del Deportivo Alav\u00e9s de Espa\u00f1a y principal candidato para suceder a Marcelo Gallardo en River Plate, habl\u00f3 por primera vez sobre el inter\u00e9s del club de N\u00fa\u00f1ez en la previa del partido de ma\u00f1ana ante Levante por LaLiga. Con contundencia, desminti\u00f3 que haya existido contacto directo con la dirigencia millonaria. &#8220;Tengo &hellip;<\/p>\n","protected":false},"author":9,"featured_media":117326,"comment_status":"open","ping_status":"open","sticky":false,"template":"","format":"standard","meta":{"content-type":"","_monsterinsights_skip_tracking":false,"_monsterinsights_sitenote_active":false,"_monsterinsights_sitenote_note":"","_monsterinsights_sitenote_category":0,"_jetpack_memberships_contains_paid_content":false,"footnotes":"","jetpack_publicize_message":"","jetpack_publicize_feature_enabled":true,"jetpack_social_post_already_shared":true,"jetpack_social_options":{"image_generator_settings":{"template":"highway","default_image_id":0,"font":"","enabled":false},"version":2}},"categories":[72],"tags":[],"class_list":["post-117325","post","type-post","status-publish","format-standard","has-post-thumbnail","hentry","category-deportes"],"yoast_head":"<!-- This site is optimized with the Yoast SEO plugin v27.4 - https:\/\/yoast.com\/product\/yoast-seo-wordpress\/ -->\n<title>&quot;El Chacho&quot; Coudet rompi\u00f3 el silencio sobre el inter\u00e9s de River y desminti\u00f3 el contacto oficial | Al Dia Chaco<\/title>\n<meta name=\"robots\" content=\"index, follow, max-snippet:-1, max-image-preview:large, max-video-preview:-1\" \/>\n<link rel=\"canonical\" href=\"https:\/\/aldiachaco.com.ar\/index.php\/2026\/02\/26\/el-chacho-coudet-rompio-el-silencio-sobre-el-interes-de-river-y-desmintio-el-contacto-oficial\/\" \/>\n<meta property=\"og:locale\" content=\"es_ES\" \/>\n<meta property=\"og:type\" content=\"article\" \/>\n<meta property=\"og:title\" content=\"&quot;El Chacho&quot; Coudet rompi\u00f3 el silencio sobre el inter\u00e9s de River y desminti\u00f3 el contacto oficial | Al Dia Chaco\" \/>\n<meta property=\"og:description\" content=\"Eduardo &#8220;Chacho&#8221; Coudet, entrenador del Deportivo Alav\u00e9s de Espa\u00f1a y principal candidato para suceder a Marcelo Gallardo en River Plate, habl\u00f3 por primera vez sobre el inter\u00e9s del club de N\u00fa\u00f1ez en la previa del partido de ma\u00f1ana ante Levante por LaLiga. Con contundencia, desminti\u00f3 que haya existido contacto directo con la dirigencia millonaria. &#8220;Tengo &hellip;\" \/>\n<meta property=\"og:url\" content=\"https:\/\/aldiachaco.com.ar\/index.php\/2026\/02\/26\/el-chacho-coudet-rompio-el-silencio-sobre-el-interes-de-river-y-desmintio-el-contacto-oficial\/\" \/>\n<meta property=\"og:site_name\" content=\"Al Dia Chaco\" \/>\n<meta property=\"article:published_time\" content=\"2026-02-26T13:20:19+00:00\" \/>\n<meta property=\"og:image\" content=\"https:\/\/aldiachaco.com.ar\/wp-content\/uploads\/2026\/02\/2602coudet.webp\" \/>\n\t<meta property=\"og:image:width\" content=\"1440\" \/>\n\t<meta property=\"og:image:height\" content=\"810\" \/>\n\t<meta property=\"og:image:type\" content=\"image\/webp\" \/>\n<meta name=\"author\" content=\"RedaccionRM\" \/>\n<meta name=\"twitter:card\" content=\"summary_large_image\" \/>\n<meta name=\"twitter:label1\" content=\"Escrito por\" \/>\n\t<meta name=\"twitter:data1\" content=\"RedaccionRM\" \/>\n\t<meta name=\"twitter:label2\" content=\"Tiempo de lectura\" \/>\n\t<meta name=\"twitter:data2\" content=\"2 minutos\" \/>\n<script type=\"application\/ld+json\" class=\"yoast-schema-graph\">{\"@context\":\"https:\\\/\\\/schema.org\",\"@graph\":[{\"@type\":\"Article\",\"@id\":\"https:\\\/\\\/aldiachaco.com.ar\\\/index.php\\\/2026\\\/02\\\/26\\\/el-chacho-coudet-rompio-el-silencio-sobre-el-interes-de-river-y-desmintio-el-contacto-oficial\\\/#article\",\"isPartOf\":{\"@id\":\"https:\\\/\\\/aldiachaco.com.ar\\\/index.php\\\/2026\\\/02\\\/26\\\/el-chacho-coudet-rompio-el-silencio-sobre-el-interes-de-river-y-desmintio-el-contacto-oficial\\\/\"},\"author\":{\"name\":\"RedaccionRM\",\"@id\":\"https:\\\/\\\/aldiachaco.com.ar\\\/#\\\/schema\\\/person\\\/b24e975af8022082f5889a7a7299e962\"},\"headline\":\"&#8220;El Chacho&#8221; Coudet rompi\u00f3 el silencio sobre el inter\u00e9s de River y desminti\u00f3 el contacto oficial\",\"datePublished\":\"2026-02-26T13:20:19+00:00\",\"mainEntityOfPage\":{\"@id\":\"https:\\\/\\\/aldiachaco.com.ar\\\/index.php\\\/2026\\\/02\\\/26\\\/el-chacho-coudet-rompio-el-silencio-sobre-el-interes-de-river-y-desmintio-el-contacto-oficial\\\/\"},\"wordCount\":286,\"commentCount\":0,\"publisher\":{\"@id\":\"https:\\\/\\\/aldiachaco.com.ar\\\/#organization\"},\"image\":{\"@id\":\"https:\\\/\\\/aldiachaco.com.ar\\\/index.php\\\/2026\\\/02\\\/26\\\/el-chacho-coudet-rompio-el-silencio-sobre-el-interes-de-river-y-desmintio-el-contacto-oficial\\\/#primaryimage\"},\"thumbnailUrl\":\"https:\\\/\\\/aldiachaco.com.ar\\\/wp-content\\\/uploads\\\/2026\\\/02\\\/2602coudet.webp\",\"articleSection\":[\"Deportes\"],\"inLanguage\":\"es-AR\",\"potentialAction\":[{\"@type\":\"CommentAction\",\"name\":\"Comment\",\"target\":[\"https:\\\/\\\/aldiachaco.com.ar\\\/index.php\\\/2026\\\/02\\\/26\\\/el-chacho-coudet-rompio-el-silencio-sobre-el-interes-de-river-y-desmintio-el-contacto-oficial\\\/#respond\"]}]},{\"@type\":\"WebPage\",\"@id\":\"https:\\\/\\\/aldiachaco.com.ar\\\/index.php\\\/2026\\\/02\\\/26\\\/el-chacho-coudet-rompio-el-silencio-sobre-el-interes-de-river-y-desmintio-el-contacto-oficial\\\/\",\"url\":\"https:\\\/\\\/aldiachaco.com.ar\\\/index.php\\\/2026\\\/02\\\/26\\\/el-chacho-coudet-rompio-el-silencio-sobre-el-interes-de-river-y-desmintio-el-contacto-oficial\\\/\",\"name\":\"\\\"El Chacho\\\" Coudet rompi\u00f3 el silencio sobre el inter\u00e9s de River y desminti\u00f3 el contacto oficial | Al Dia Chaco\",\"isPartOf\":{\"@id\":\"https:\\\/\\\/aldiachaco.com.ar\\\/#website\"},\"primaryImageOfPage\":{\"@id\":\"https:\\\/\\\/aldiachaco.com.ar\\\/index.php\\\/2026\\\/02\\\/26\\\/el-chacho-coudet-rompio-el-silencio-sobre-el-interes-de-river-y-desmintio-el-contacto-oficial\\\/#primaryimage\"},\"image\":{\"@id\":\"https:\\\/\\\/aldiachaco.com.ar\\\/index.php\\\/2026\\\/02\\\/26\\\/el-chacho-coudet-rompio-el-silencio-sobre-el-interes-de-river-y-desmintio-el-contacto-oficial\\\/#primaryimage\"},\"thumbnailUrl\":\"https:\\\/\\\/aldiachaco.com.ar\\\/wp-content\\\/uploads\\\/2026\\\/02\\\/2602coudet.webp\",\"datePublished\":\"2026-02-26T13:20:19+00:00\",\"breadcrumb\":{\"@id\":\"https:\\\/\\\/aldiachaco.com.ar\\\/index.php\\\/2026\\\/02\\\/26\\\/el-chacho-coudet-rompio-el-silencio-sobre-el-interes-de-river-y-desmintio-el-contacto-oficial\\\/#breadcrumb\"},\"inLanguage\":\"es-AR\",\"potentialAction\":[{\"@type\":\"ReadAction\",\"target\":[\"https:\\\/\\\/aldiachaco.com.ar\\\/index.php\\\/2026\\\/02\\\/26\\\/el-chacho-coudet-rompio-el-silencio-sobre-el-interes-de-river-y-desmintio-el-contacto-oficial\\\/\"]}]},{\"@type\":\"ImageObject\",\"inLanguage\":\"es-AR\",\"@id\":\"https:\\\/\\\/aldiachaco.com.ar\\\/index.php\\\/2026\\\/02\\\/26\\\/el-chacho-coudet-rompio-el-silencio-sobre-el-interes-de-river-y-desmintio-el-contacto-oficial\\\/#primaryimage\",\"url\":\"https:\\\/\\\/aldiachaco.com.ar\\\/wp-content\\\/uploads\\\/2026\\\/02\\\/2602coudet.webp\",\"contentUrl\":\"https:\\\/\\\/aldiachaco.com.ar\\\/wp-content\\\/uploads\\\/2026\\\/02\\\/2602coudet.webp\",\"width\":1440,\"height\":810},{\"@type\":\"BreadcrumbList\",\"@id\":\"https:\\\/\\\/aldiachaco.com.ar\\\/index.php\\\/2026\\\/02\\\/26\\\/el-chacho-coudet-rompio-el-silencio-sobre-el-interes-de-river-y-desmintio-el-contacto-oficial\\\/#breadcrumb\",\"itemListElement\":[{\"@type\":\"ListItem\",\"position\":1,\"name\":\"Home\",\"item\":\"https:\\\/\\\/aldiachaco.com.ar\\\/\"},{\"@type\":\"ListItem\",\"position\":2,\"name\":\"&#8220;El Chacho&#8221; Coudet rompi\u00f3 el silencio sobre el inter\u00e9s de River y desminti\u00f3 el contacto oficial\"}]},{\"@type\":\"WebSite\",\"@id\":\"https:\\\/\\\/aldiachaco.com.ar\\\/#website\",\"url\":\"https:\\\/\\\/aldiachaco.com.ar\\\/\",\"name\":\"Al Dia Chaco\",\"description\":\"Noticias del Chaco y el mundo\",\"publisher\":{\"@id\":\"https:\\\/\\\/aldiachaco.com.ar\\\/#organization\"},\"alternateName\":\"Al D\u00eda Chaco\",\"potentialAction\":[{\"@type\":\"SearchAction\",\"target\":{\"@type\":\"EntryPoint\",\"urlTemplate\":\"https:\\\/\\\/aldiachaco.com.ar\\\/?s={search_term_string}\"},\"query-input\":{\"@type\":\"PropertyValueSpecification\",\"valueRequired\":true,\"valueName\":\"search_term_string\"}}],\"inLanguage\":\"es-AR\"},{\"@type\":\"Organization\",\"@id\":\"https:\\\/\\\/aldiachaco.com.ar\\\/#organization\",\"name\":\"Al Dia Chaco\",\"url\":\"https:\\\/\\\/aldiachaco.com.ar\\\/\",\"logo\":{\"@type\":\"ImageObject\",\"inLanguage\":\"es-AR\",\"@id\":\"https:\\\/\\\/aldiachaco.com.ar\\\/#\\\/schema\\\/logo\\\/image\\\/\",\"url\":\"https:\\\/\\\/aldiachaco.com.ar\\\/wp-content\\\/uploads\\\/2017\\\/11\\\/AL-DIA-CHACO-L@2x.png\",\"contentUrl\":\"https:\\\/\\\/aldiachaco.com.ar\\\/wp-content\\\/uploads\\\/2017\\\/11\\\/AL-DIA-CHACO-L@2x.png\",\"width\":232,\"height\":60,\"caption\":\"Al Dia Chaco\"},\"image\":{\"@id\":\"https:\\\/\\\/aldiachaco.com.ar\\\/#\\\/schema\\\/logo\\\/image\\\/\"}},{\"@type\":\"Person\",\"@id\":\"https:\\\/\\\/aldiachaco.com.ar\\\/#\\\/schema\\\/person\\\/b24e975af8022082f5889a7a7299e962\",\"name\":\"RedaccionRM\",\"image\":{\"@type\":\"ImageObject\",\"inLanguage\":\"es-AR\",\"@id\":\"https:\\\/\\\/aldiachaco.com.ar\\\/wp-content\\\/litespeed\\\/avatar\\\/a30118fcb7a6295303f1c91164c6aba1.jpg?ver=1777339088\",\"url\":\"https:\\\/\\\/aldiachaco.com.ar\\\/wp-content\\\/litespeed\\\/avatar\\\/a30118fcb7a6295303f1c91164c6aba1.jpg?ver=1777339088\",\"contentUrl\":\"https:\\\/\\\/aldiachaco.com.ar\\\/wp-content\\\/litespeed\\\/avatar\\\/a30118fcb7a6295303f1c91164c6aba1.jpg?ver=1777339088\",\"caption\":\"RedaccionRM\"},\"url\":\"https:\\\/\\\/aldiachaco.com.ar\\\/index.php\\\/author\\\/redaccionrm\\\/\"}]}<\/script>\n<!-- \/ Yoast SEO plugin. -->","yoast_head_json":{"title":"\"El Chacho\" Coudet rompi\u00f3 el silencio sobre el inter\u00e9s de River y desminti\u00f3 el contacto oficial | Al Dia Chaco","robots":{"index":"index","follow":"follow","max-snippet":"max-snippet:-1","max-image-preview":"max-image-preview:large","max-video-preview":"max-video-preview:-1"},"canonical":"https:\/\/aldiachaco.com.ar\/index.php\/2026\/02\/26\/el-chacho-coudet-rompio-el-silencio-sobre-el-interes-de-river-y-desmintio-el-contacto-oficial\/","og_locale":"es_ES","og_type":"article","og_title":"\"El Chacho\" Coudet rompi\u00f3 el silencio sobre el inter\u00e9s de River y desminti\u00f3 el contacto oficial | Al Dia Chaco","og_description":"Eduardo &#8220;Chacho&#8221; Coudet, entrenador del Deportivo Alav\u00e9s de Espa\u00f1a y principal candidato para suceder a Marcelo Gallardo en River Plate, habl\u00f3 por primera vez sobre el inter\u00e9s del club de N\u00fa\u00f1ez en la previa del partido de ma\u00f1ana ante Levante por LaLiga. Con contundencia, desminti\u00f3 que haya existido contacto directo con la dirigencia millonaria. &#8220;Tengo &hellip;","og_url":"https:\/\/aldiachaco.com.ar\/index.php\/2026\/02\/26\/el-chacho-coudet-rompio-el-silencio-sobre-el-interes-de-river-y-desmintio-el-contacto-oficial\/","og_site_name":"Al Dia Chaco","article_published_time":"2026-02-26T13:20:19+00:00","og_image":[{"width":1440,"height":810,"url":"https:\/\/aldiachaco.com.ar\/wp-content\/uploads\/2026\/02\/2602coudet.webp","type":"image\/webp"}],"author":"RedaccionRM","twitter_card":"summary_large_image","twitter_misc":{"Escrito por":"RedaccionRM","Tiempo de lectura":"2 minutos"},"schema":{"@context":"https:\/\/schema.org","@graph":[{"@type":"Article","@id":"https:\/\/aldiachaco.com.ar\/index.php\/2026\/02\/26\/el-chacho-coudet-rompio-el-silencio-sobre-el-interes-de-river-y-desmintio-el-contacto-oficial\/#article","isPartOf":{"@id":"https:\/\/aldiachaco.com.ar\/index.php\/2026\/02\/26\/el-chacho-coudet-rompio-el-silencio-sobre-el-interes-de-river-y-desmintio-el-contacto-oficial\/"},"author":{"name":"RedaccionRM","@id":"https:\/\/aldiachaco.com.ar\/#\/schema\/person\/b24e975af8022082f5889a7a7299e962"},"headline":"&#8220;El Chacho&#8221; Coudet rompi\u00f3 el silencio sobre el inter\u00e9s de River y desminti\u00f3 el contacto oficial","datePublished":"2026-02-26T13:20:19+00:00","mainEntityOfPage":{"@id":"https:\/\/aldiachaco.com.ar\/index.php\/2026\/02\/26\/el-chacho-coudet-rompio-el-silencio-sobre-el-interes-de-river-y-desmintio-el-contacto-oficial\/"},"wordCount":286,"commentCount":0,"publisher":{"@id":"https:\/\/aldiachaco.com.ar\/#organization"},"image":{"@id":"https:\/\/aldiachaco.com.ar\/index.php\/2026\/02\/26\/el-chacho-coudet-rompio-el-silencio-sobre-el-interes-de-river-y-desmintio-el-contacto-oficial\/#primaryimage"},"thumbnailUrl":"https:\/\/aldiachaco.com.ar\/wp-content\/uploads\/2026\/02\/2602coudet.webp","articleSection":["Deportes"],"inLanguage":"es-AR","potentialAction":[{"@type":"CommentAction","name":"Comment","target":["https:\/\/aldiachaco.com.ar\/index.php\/2026\/02\/26\/el-chacho-coudet-rompio-el-silencio-sobre-el-interes-de-river-y-desmintio-el-contacto-oficial\/#respond"]}]},{"@type":"WebPage","@id":"https:\/\/aldiachaco.com.ar\/index.php\/2026\/02\/26\/el-chacho-coudet-rompio-el-silencio-sobre-el-interes-de-river-y-desmintio-el-contacto-oficial\/","url":"https:\/\/aldiachaco.com.ar\/index.php\/2026\/02\/26\/el-chacho-coudet-rompio-el-silencio-sobre-el-interes-de-river-y-desmintio-el-contacto-oficial\/","name":"\"El Chacho\" Coudet rompi\u00f3 el silencio sobre el inter\u00e9s de River y desminti\u00f3 el contacto oficial | Al Dia Chaco","isPartOf":{"@id":"https:\/\/aldiachaco.com.ar\/#website"},"primaryImageOfPage":{"@id":"https:\/\/aldiachaco.com.ar\/index.php\/2026\/02\/26\/el-chacho-coudet-rompio-el-silencio-sobre-el-interes-de-river-y-desmintio-el-contacto-oficial\/#primaryimage"},"image":{"@id":"https:\/\/aldiachaco.com.ar\/index.php\/2026\/02\/26\/el-chacho-coudet-rompio-el-silencio-sobre-el-interes-de-river-y-desmintio-el-contacto-oficial\/#primaryimage"},"thumbnailUrl":"https:\/\/aldiachaco.com.ar\/wp-content\/uploads\/2026\/02\/2602coudet.webp","datePublished":"2026-02-26T13:20:19+00:00","breadcrumb":{"@id":"https:\/\/aldiachaco.com.ar\/index.php\/2026\/02\/26\/el-chacho-coudet-rompio-el-silencio-sobre-el-interes-de-river-y-desmintio-el-contacto-oficial\/#breadcrumb"},"inLanguage":"es-AR","potentialAction":[{"@type":"ReadAction","target":["https:\/\/aldiachaco.com.ar\/index.php\/2026\/02\/26\/el-chacho-coudet-rompio-el-silencio-sobre-el-interes-de-river-y-desmintio-el-contacto-oficial\/"]}]},{"@type":"ImageObject","inLanguage":"es-AR","@id":"https:\/\/aldiachaco.com.ar\/index.php\/2026\/02\/26\/el-chacho-coudet-rompio-el-silencio-sobre-el-interes-de-river-y-desmintio-el-contacto-oficial\/#primaryimage","url":"https:\/\/aldiachaco.com.ar\/wp-content\/uploads\/2026\/02\/2602coudet.webp","contentUrl":"https:\/\/aldiachaco.com.ar\/wp-content\/uploads\/2026\/02\/2602coudet.webp","width":1440,"height":810},{"@type":"BreadcrumbList","@id":"https:\/\/aldiachaco.com.ar\/index.php\/2026\/02\/26\/el-chacho-coudet-rompio-el-silencio-sobre-el-interes-de-river-y-desmintio-el-contacto-oficial\/#breadcrumb","itemListElement":[{"@type":"ListItem","position":1,"name":"Home","item":"https:\/\/aldiachaco.com.ar\/"},{"@type":"ListItem","position":2,"name":"&#8220;El Chacho&#8221; Coudet rompi\u00f3 el silencio sobre el inter\u00e9s de River y desminti\u00f3 el contacto oficial"}]},{"@type":"WebSite","@id":"https:\/\/aldiachaco.com.ar\/#website","url":"https:\/\/aldiachaco.com.ar\/","name":"Al Dia Chaco","description":"Noticias del Chaco y el mundo","publisher":{"@id":"https:\/\/aldiachaco.com.ar\/#organization"},"alternateName":"Al D\u00eda Chaco","potentialAction":[{"@type":"SearchAction","target":{"@type":"EntryPoint","urlTemplate":"https:\/\/aldiachaco.com.ar\/?s={search_term_string}"},"query-input":{"@type":"PropertyValueSpecification","valueRequired":true,"valueName":"search_term_string"}}],"inLanguage":"es-AR"},{"@type":"Organization","@id":"https:\/\/aldiachaco.com.ar\/#organization","name":"Al Dia Chaco","url":"https:\/\/aldiachaco.com.ar\/","logo":{"@type":"ImageObject","inLanguage":"es-AR","@id":"https:\/\/aldiachaco.com.ar\/#\/schema\/logo\/image\/","url":"https:\/\/aldiachaco.com.ar\/wp-content\/uploads\/2017\/11\/AL-DIA-CHACO-L@2x.png","contentUrl":"https:\/\/aldiachaco.com.ar\/wp-content\/uploads\/2017\/11\/AL-DIA-CHACO-L@2x.png","width":232,"height":60,"caption":"Al Dia Chaco"},"image":{"@id":"https:\/\/aldiachaco.com.ar\/#\/schema\/logo\/image\/"}},{"@type":"Person","@id":"https:\/\/aldiachaco.com.ar\/#\/schema\/person\/b24e975af8022082f5889a7a7299e962","name":"RedaccionRM","image":{"@type":"ImageObject","inLanguage":"es-AR","@id":"https:\/\/aldiachaco.com.ar\/wp-content\/litespeed\/avatar\/a30118fcb7a6295303f1c91164c6aba1.jpg?ver=1777339088","url":"https:\/\/aldiachaco.com.ar\/wp-content\/litespeed\/avatar\/a30118fcb7a6295303f1c91164c6aba1.jpg?ver=1777339088","contentUrl":"https:\/\/aldiachaco.com.ar\/wp-content\/litespeed\/avatar\/a30118fcb7a6295303f1c91164c6aba1.jpg?ver=1777339088","caption":"RedaccionRM"},"url":"https:\/\/aldiachaco.com.ar\/index.php\/author\/redaccionrm\/"}]}},"jetpack_publicize_connections":[],"jetpack_featured_media_url":"https:\/\/aldiachaco.com.ar\/wp-content\/uploads\/2026\/02\/2602coudet.webp","jetpack_sharing_enabled":true,"amp_enabled":true,"_links":{"self":[{"href":"https:\/\/aldiachaco.com.ar\/index.php\/wp-json\/wp\/v2\/posts\/117325","targetHints":{"allow":["GET"]}}],"collection":[{"href":"https:\/\/aldiachaco.com.ar\/index.php\/wp-json\/wp\/v2\/posts"}],"about":[{"href":"https:\/\/aldiachaco.com.ar\/index.php\/wp-json\/wp\/v2\/types\/post"}],"author":[{"embeddable":true,"href":"https:\/\/aldiachaco.com.ar\/index.php\/wp-json\/wp\/v2\/users\/9"}],"replies":[{"embeddable":true,"href":"https:\/\/aldiachaco.com.ar\/index.php\/wp-json\/wp\/v2\/comments?post=117325"}],"version-history":[{"count":1,"href":"https:\/\/aldiachaco.com.ar\/index.php\/wp-json\/wp\/v2\/posts\/117325\/revisions"}],"predecessor-version":[{"id":117327,"href":"https:\/\/aldiachaco.com.ar\/index.php\/wp-json\/wp\/v2\/posts\/117325\/revisions\/117327"}],"wp:featuredmedia":[{"embeddable":true,"href":"https:\/\/aldiachaco.com.ar\/index.php\/wp-json\/wp\/v2\/media\/117326"}],"wp:attachment":[{"href":"https:\/\/aldiachaco.com.ar\/index.php\/wp-json\/wp\/v2\/media?parent=117325"}],"wp:term":[{"taxonomy":"category","embeddable":true,"href":"https:\/\/aldiachaco.com.ar\/index.php\/wp-json\/wp\/v2\/categories?post=117325"},{"taxonomy":"post_tag","embeddable":true,"href":"https:\/\/aldiachaco.com.ar\/index.php\/wp-json\/wp\/v2\/tags?post=117325"}],"curies":[{"name":"wp","href":"https:\/\/api.w.org\/{rel}","templated":true}]}}